{"id":130484,"date":"2023-03-09T12:14:47","date_gmt":"2023-03-09T12:14:47","guid":{"rendered":"https:\/\/raed.academy\/?p=130484"},"modified":"2023-03-10T11:18:40","modified_gmt":"2023-03-10T11:18:40","slug":"lordre-de-malta-a-barcelona","status":"publish","type":"post","link":"https:\/\/raed.academy\/ca\/lordre-de-malta-a-barcelona\/","title":{"rendered":"L&#8217;Ordre de Malta a Barcelona"},"content":{"rendered":"<p><img loading=\"lazy\" decoding=\"async\" class=\"aligncenter size-full wp-image-130431\" src=\"https:\/\/raed.academy\/wp-content\/uploads\/2023\/03\/Orden-de-Malta.webp\" alt=\"\" width=\"600\" height=\"360\" srcset=\"https:\/\/raed.academy\/wp-content\/uploads\/2023\/03\/Orden-de-Malta.webp 600w, https:\/\/raed.academy\/wp-content\/uploads\/2023\/03\/Orden-de-Malta-440x264.webp 440w\" sizes=\"(max-width: 600px) 100vw, 600px\" \/><\/p>\n<p><a href=\"https:\/\/raed.academy\/ca\/academics\/dr-carlos-cortina-riu\/\" target=\"_blank\" rel=\"noopener\"><em><strong>Carlos Cortina<\/strong><\/em><\/a>, reconegut expert en protocol i cultura popular, delegat per a Espanya de les <strong>Ordres Din\u00e0stiques de la Casa Reial de Savoia<\/strong> i acad\u00e8mic corresponent de la <strong>Reial Acad\u00e8mia Europea de Doctors-Barcelona 1914<\/strong> (RAED), comparteix amb la comunitat acad\u00e8mica l&#8217;article<strong> &#8220;La Investidura de la Orden de Malta en Barcelona&#8221;<\/strong>, on narra la reuni\u00f3 a Cap\u00edtol de l&#8217;<strong>Ordre de Malta<\/strong> a Barcelona, la investidura de nous cavallers i dames en una solemne cerim\u00f2nia celebrada a la catedral i la inauguraci\u00f3 d&#8217;una nova seu de l&#8217;ordre a la ciutat.<\/p>\n<p>&#8220;El dissabte dia 4 de febrer de l&#8217;Any de Gr\u00e0cia de Nostre Senyor Jesucrist del 2023, la <strong>Santa Esgl\u00e9sia Catedral Bas\u00edlica Metropolitana de la Santa Creu i de Santa Eul\u00e0lia<\/strong> de Barcelona es va convertir en el temple de la llum, durant la commemoraci\u00f3 de la festivitat lit\u00fargica de la Presentaci\u00f3 del Senyor al temple de Jerusalem i la celebraci\u00f3 de la Candelaria, en el marc excepcional per al <strong>Cap\u00edtol de la Sobirana i Militar Ordre de Malta<\/strong>. Una efem\u00e8ride al calendari per explicitar la necessitat que t\u00e9 l&#8217;\u00e9sser hum\u00e0 en general, i el cristi\u00e0 en particular, de rebre, acollir i compartir la Llum de D\u00e9u que \u00e9s Crist; i la flama de l&#8217;Esperit Sant que atorga la fortalesa per espantar les ombres i insuflar el discerniment a la ra\u00f3&#8221;, inicia l&#8217;acad\u00e8mic el seu relat.<\/p>\n<p><strong>Cortina<\/strong> explica, pas a pas, la cerim\u00f2nia de la catedral des de l&#8217;ingr\u00e9s dels membres de l&#8217;ordre fins a la solemne i emotiva recepci\u00f3 dels nous membres de m\u00e0 dels padrins i padrines, de la qual va ser testimoni d&#8217;excepci\u00f3 al costat dels membres dels ordes del <strong>Sant Sepulcre<\/strong> i de <strong>Sant Jordi<\/strong> que tamb\u00e9 van participar a la cerim\u00f2nia. El temple catal\u00e0 ja forma part de la quasi mil\u00b7len\u00e0ria hist\u00f2ria de l&#8217;ordre en acollir aquest cap\u00edtol, com al lluny\u00e0 segle XVI va acollir l&#8217;<strong>Ordre del Tois\u00f3 d&#8217;Or<\/strong>, assenyala l&#8217;acad\u00e8mic. Cortina, aix\u00ed mateix, destaca l&#8217;enorme semblan\u00e7a, no casual, entre la Creu de Malta i el senyal her\u00e0ldic de la Catedral de Barcelona.<\/p>\n<div id=\"attachment_108145\" style=\"width: 334px\" class=\"wp-caption alignright\"><img loading=\"lazy\" decoding=\"async\" aria-describedby=\"caption-attachment-108145\" class=\"wp-image-108145\" src=\"https:\/\/raed.academy\/wp-content\/uploads\/2021\/11\/Carlos-Cortina-Riu-dst.webp\" sizes=\"(max-width: 369px) 100vw, 369px\" srcset=\"https:\/\/raed.academy\/wp-content\/uploads\/2021\/11\/Carlos-Cortina-Riu-dst.webp 500w, https:\/\/raed.academy\/wp-content\/uploads\/2021\/11\/Carlos-Cortina-Riu-dst-440x264.webp 440w\" alt=\"Dr. Carlos Cortina Riu\" width=\"324\" height=\"194\" aria-describedby=\"caption-attachment-108145\" \/><p id=\"caption-attachment-108145\" class=\"wp-caption-text\">Dr. Carlos Cortina<\/p><\/div>\n<p>&#8220;Posteriorment, i ja a la nova seu de la <strong>Delegaci\u00f3 de Catalunya de l&#8217;Ordre de Malta<\/strong>, situada al n\u00famero 18 del carrer de Montcada, els hospitalaris van rebre i van presentar als convidats, en una casa palau, renaixentista m\u00e9s que g\u00f2tica, que s&#8217;al\u00e7a en aquesta via urbana barcelonina, oberta al segle XII, per la fam\u00edlia hom\u00f2nima que va permetre la connexi\u00f3 entre els barris de la B\u00f2ria i de la Ribera. Un espai urb\u00e0 que es va convertir a la zona residencial per excel\u00b7l\u00e8ncia del senyoriu a l&#8217;Edat Mitjana, com ho testifiquen els nombrosos palaus constru\u00efts entre els segles XIV i XV, com per exemple, el de <strong>Berenguer d&#8217;Aguilar<\/strong>, de <strong>Cervell\u00f3-Giudice<\/strong>, de <strong>Dalmases<\/strong>, dels marquesos de <strong>Lli\u00f3<\/strong>, que actualment acullen les seus del <strong>Museu Picasso<\/strong>, de la <strong>Galeria Maeght<\/strong> i del <strong>Museu Etnol\u00f2gic i de Cultures del M\u00f3n<\/strong>, respectivament&#8221;, conclou Cortina el relat de la magna cerim\u00f2nia.<\/p>\n<p>Soci fundador de l&#8217;<strong>Associaci\u00f3 Catalana de Protocol i Relacions Institucionals<\/strong>, ha estat distingit amb la <strong>Medalla de Plata<\/strong> i la <strong>Medalla de la Const\u00e0ncia de la Creu Roja<\/strong> (1991 i 1992), la <strong>Creu Oficial de l&#8217;Ordre del M\u00e8rit Civil<\/strong> (2000), el <strong>Premi Nacional de Cerimonial i Protocol Marqu\u00e8s de Mond\u00e9jar<\/strong> (2001), el <strong>Premi Nacional de Protocol i Relacions Institucionals<\/strong> (2017), la <strong>Medalla d&#8217;Or del Papa Lle\u00f3 XIII per a la Cust\u00f2dia de Terra Santa<\/strong> (2019) i la <strong>Medalla Benemer\u00e8ncia d&#8217;Or de l&#8217;Ordre Constantiniana<\/strong> (2021).<\/p>\n","protected":false},"excerpt":{"rendered":"<p>Carlos Cortina narra la reuni\u00f3 a Cap\u00edtol de l&#8217;Ordre de Malta a Barcelona, la investidura de nous cavallers i dames en una cerim\u00f2nia celebrada a la catedral i la inauguraci\u00f3 d&#8217;una nova seu de l&#8217;ordre a la ciutat<\/p>\n","protected":false},"author":12,"featured_media":130432,"comment_status":"closed","ping_status":"closed","sticky":false,"template":"","format":"standard","meta":{"_et_pb_use_builder":"","_et_pb_old_content":"","_et_gb_content_width":"","footnotes":""},"categories":[176],"tags":[],"class_list":["post-130484","post","type-post","status-publish","format-standard","has-post-thumbnail","hentry","category-academics-a-la-societat","et-has-post-format-content","et_post_format-et-post-format-standard"],"yoast_head":"<!-- This site is optimized with the Yoast SEO plugin v27.4 - https:\/\/yoast.com\/product\/yoast-seo-wordpress\/ -->\n<title>L&#039;Ordre de Malta a Barcelona - Reial Acad\u00e8mia Europea de Doctors<\/title>\n<meta name=\"description\" content=\"Carlos Cortina narra diferents episodis de l&#039;Ordre de Malta, al seu article &quot;La Investidura de la Orden de Malta en Barcelona&quot;\" \/>\n<meta name=\"robots\" content=\"index, follow, max-snippet:-1, max-image-preview:large, max-video-preview:-1\" \/>\n<link rel=\"canonical\" href=\"https:\/\/raed.academy\/ca\/lordre-de-malta-a-barcelona\/\" \/>\n<meta property=\"og:locale\" content=\"ca_ES\" \/>\n<meta property=\"og:type\" content=\"article\" \/>\n<meta property=\"og:title\" content=\"L&#039;Ordre de Malta a Barcelona - Reial Acad\u00e8mia Europea de Doctors\" \/>\n<meta property=\"og:description\" content=\"Carlos Cortina narra diferents episodis de l&#039;Ordre de Malta, al seu article &quot;La Investidura de la Orden de Malta en Barcelona&quot;\" \/>\n<meta property=\"og:url\" content=\"https:\/\/raed.academy\/ca\/lordre-de-malta-a-barcelona\/\" \/>\n<meta property=\"og:site_name\" content=\"Reial Acad\u00e8mia Europea de Doctors\" \/>\n<meta property=\"article:publisher\" content=\"http:\/\/fb.me\/raed.academy\" \/>\n<meta property=\"article:published_time\" content=\"2023-03-09T12:14:47+00:00\" \/>\n<meta property=\"article:modified_time\" content=\"2023-03-10T11:18:40+00:00\" \/>\n<meta property=\"og:image\" content=\"https:\/\/raed.academy\/wp-content\/uploads\/2023\/03\/Orden-de-Malta.webp\" \/>\n\t<meta property=\"og:image:width\" content=\"600\" \/>\n\t<meta property=\"og:image:height\" content=\"360\" \/>\n\t<meta property=\"og:image:type\" content=\"image\/webp\" \/>\n<meta name=\"author\" content=\"RAED\" \/>\n<meta name=\"twitter:card\" content=\"summary_large_image\" \/>\n<meta name=\"twitter:creator\" content=\"@raedacademy\" \/>\n<meta name=\"twitter:site\" content=\"@raedacademy\" \/>\n<meta name=\"twitter:label1\" content=\"Written by\" \/>\n\t<meta name=\"twitter:data1\" content=\"RAED\" \/>\n\t<meta name=\"twitter:label2\" content=\"Est. reading time\" \/>\n\t<meta name=\"twitter:data2\" content=\"4 minutes\" \/>\n<script type=\"application\/ld+json\" class=\"yoast-schema-graph\">{\"@context\":\"https:\\\/\\\/schema.org\",\"@graph\":[{\"@type\":\"Article\",\"@id\":\"https:\\\/\\\/raed.academy\\\/ca\\\/lordre-de-malta-a-barcelona\\\/#article\",\"isPartOf\":{\"@id\":\"https:\\\/\\\/raed.academy\\\/ca\\\/lordre-de-malta-a-barcelona\\\/\"},\"author\":{\"name\":\"RAED\",\"@id\":\"https:\\\/\\\/raed.academy\\\/ca\\\/#\\\/schema\\\/person\\\/5a755da80d1d979fd66ba745c8702927\"},\"headline\":\"L&#8217;Ordre de Malta a Barcelona\",\"datePublished\":\"2023-03-09T12:14:47+00:00\",\"dateModified\":\"2023-03-10T11:18:40+00:00\",\"mainEntityOfPage\":{\"@id\":\"https:\\\/\\\/raed.academy\\\/ca\\\/lordre-de-malta-a-barcelona\\\/\"},\"wordCount\":641,\"publisher\":{\"@id\":\"https:\\\/\\\/raed.academy\\\/ca\\\/#organization\"},\"image\":{\"@id\":\"https:\\\/\\\/raed.academy\\\/ca\\\/lordre-de-malta-a-barcelona\\\/#primaryimage\"},\"thumbnailUrl\":\"https:\\\/\\\/raed.academy\\\/wp-content\\\/uploads\\\/2023\\\/03\\\/Orden-de-Malta.webp\",\"articleSection\":[\"Acad\u00e8mics a la societat\"],\"inLanguage\":\"ca-ES\"},{\"@type\":\"WebPage\",\"@id\":\"https:\\\/\\\/raed.academy\\\/ca\\\/lordre-de-malta-a-barcelona\\\/\",\"url\":\"https:\\\/\\\/raed.academy\\\/ca\\\/lordre-de-malta-a-barcelona\\\/\",\"name\":\"L'Ordre de Malta a Barcelona - Reial Acad\u00e8mia Europea de Doctors\",\"isPartOf\":{\"@id\":\"https:\\\/\\\/raed.academy\\\/ca\\\/#website\"},\"primaryImageOfPage\":{\"@id\":\"https:\\\/\\\/raed.academy\\\/ca\\\/lordre-de-malta-a-barcelona\\\/#primaryimage\"},\"image\":{\"@id\":\"https:\\\/\\\/raed.academy\\\/ca\\\/lordre-de-malta-a-barcelona\\\/#primaryimage\"},\"thumbnailUrl\":\"https:\\\/\\\/raed.academy\\\/wp-content\\\/uploads\\\/2023\\\/03\\\/Orden-de-Malta.webp\",\"datePublished\":\"2023-03-09T12:14:47+00:00\",\"dateModified\":\"2023-03-10T11:18:40+00:00\",\"description\":\"Carlos Cortina narra diferents episodis de l'Ordre de Malta, al seu article \\\"La Investidura de la Orden de Malta en Barcelona\\\"\",\"breadcrumb\":{\"@id\":\"https:\\\/\\\/raed.academy\\\/ca\\\/lordre-de-malta-a-barcelona\\\/#breadcrumb\"},\"inLanguage\":\"ca-ES\",\"potentialAction\":[{\"@type\":\"ReadAction\",\"target\":[\"https:\\\/\\\/raed.academy\\\/ca\\\/lordre-de-malta-a-barcelona\\\/\"]}]},{\"@type\":\"ImageObject\",\"inLanguage\":\"ca-ES\",\"@id\":\"https:\\\/\\\/raed.academy\\\/ca\\\/lordre-de-malta-a-barcelona\\\/#primaryimage\",\"url\":\"https:\\\/\\\/raed.academy\\\/wp-content\\\/uploads\\\/2023\\\/03\\\/Orden-de-Malta.webp\",\"contentUrl\":\"https:\\\/\\\/raed.academy\\\/wp-content\\\/uploads\\\/2023\\\/03\\\/Orden-de-Malta.webp\",\"width\":600,\"height\":360},{\"@type\":\"BreadcrumbList\",\"@id\":\"https:\\\/\\\/raed.academy\\\/ca\\\/lordre-de-malta-a-barcelona\\\/#breadcrumb\",\"itemListElement\":[{\"@type\":\"ListItem\",\"position\":1,\"name\":\"Inicio\",\"item\":\"https:\\\/\\\/raed.academy\\\/ca\\\/\"},{\"@type\":\"ListItem\",\"position\":2,\"name\":\"L&#8217;Ordre de Malta a Barcelona\"}]},{\"@type\":\"WebSite\",\"@id\":\"https:\\\/\\\/raed.academy\\\/ca\\\/#website\",\"url\":\"https:\\\/\\\/raed.academy\\\/ca\\\/\",\"name\":\"Reial Acad\u00e8mia Europea de Doctors\",\"description\":\"Corporaci\u00f3n de derecho p\u00fablico de car\u00e1cter cient\u00edfico, t\u00e9cnico y art\u00edstico, que tiene por objeto la investigaci\u00f3n, el estudio, el fomento y la extensi\u00f3n del conocimiento en su sentido m\u00e1s amplio\",\"publisher\":{\"@id\":\"https:\\\/\\\/raed.academy\\\/ca\\\/#organization\"},\"potentialAction\":[{\"@type\":\"SearchAction\",\"target\":{\"@type\":\"EntryPoint\",\"urlTemplate\":\"https:\\\/\\\/raed.academy\\\/ca\\\/?s={search_term_string}\"},\"query-input\":{\"@type\":\"PropertyValueSpecification\",\"valueRequired\":true,\"valueName\":\"search_term_string\"}}],\"inLanguage\":\"ca-ES\"},{\"@type\":\"Organization\",\"@id\":\"https:\\\/\\\/raed.academy\\\/ca\\\/#organization\",\"name\":\"Real Academia Europea de Doctores\",\"url\":\"https:\\\/\\\/raed.academy\\\/ca\\\/\",\"logo\":{\"@type\":\"ImageObject\",\"inLanguage\":\"ca-ES\",\"@id\":\"https:\\\/\\\/raed.academy\\\/ca\\\/#\\\/schema\\\/logo\\\/image\\\/\",\"url\":\"https:\\\/\\\/raed.academy\\\/wp-content\\\/uploads\\\/2017\\\/01\\\/cropped-logo_raed.png\",\"contentUrl\":\"https:\\\/\\\/raed.academy\\\/wp-content\\\/uploads\\\/2017\\\/01\\\/cropped-logo_raed.png\",\"width\":512,\"height\":512,\"caption\":\"Real Academia Europea de Doctores\"},\"image\":{\"@id\":\"https:\\\/\\\/raed.academy\\\/ca\\\/#\\\/schema\\\/logo\\\/image\\\/\"},\"sameAs\":[\"http:\\\/\\\/fb.me\\\/raed.academy\",\"https:\\\/\\\/x.com\\\/raedacademy\",\"https:\\\/\\\/www.instagram.com\\\/raed.academy\\\/\",\"https:\\\/\\\/www.youtube.com\\\/channel\\\/UCUYQwW2KrdirNWihxMDObwg\"]},{\"@type\":\"Person\",\"@id\":\"https:\\\/\\\/raed.academy\\\/ca\\\/#\\\/schema\\\/person\\\/5a755da80d1d979fd66ba745c8702927\",\"name\":\"RAED\",\"image\":{\"@type\":\"ImageObject\",\"inLanguage\":\"ca-ES\",\"@id\":\"https:\\\/\\\/secure.gravatar.com\\\/avatar\\\/19fdfdc0d67fb9c45714b703a2ac82251c4fcea3637f002ac3c9b74c0183583c?s=96&d=mm&r=g\",\"url\":\"https:\\\/\\\/secure.gravatar.com\\\/avatar\\\/19fdfdc0d67fb9c45714b703a2ac82251c4fcea3637f002ac3c9b74c0183583c?s=96&d=mm&r=g\",\"contentUrl\":\"https:\\\/\\\/secure.gravatar.com\\\/avatar\\\/19fdfdc0d67fb9c45714b703a2ac82251c4fcea3637f002ac3c9b74c0183583c?s=96&d=mm&r=g\",\"caption\":\"RAED\"}}]}<\/script>\n<!-- \/ Yoast SEO plugin. -->","yoast_head_json":{"title":"L'Ordre de Malta a Barcelona - Reial Acad\u00e8mia Europea de Doctors","description":"Carlos Cortina narra diferents episodis de l'Ordre de Malta, al seu article \"La Investidura de la Orden de Malta en Barcelona\"","robots":{"index":"index","follow":"follow","max-snippet":"max-snippet:-1","max-image-preview":"max-image-preview:large","max-video-preview":"max-video-preview:-1"},"canonical":"https:\/\/raed.academy\/ca\/lordre-de-malta-a-barcelona\/","og_locale":"ca_ES","og_type":"article","og_title":"L'Ordre de Malta a Barcelona - Reial Acad\u00e8mia Europea de Doctors","og_description":"Carlos Cortina narra diferents episodis de l'Ordre de Malta, al seu article \"La Investidura de la Orden de Malta en Barcelona\"","og_url":"https:\/\/raed.academy\/ca\/lordre-de-malta-a-barcelona\/","og_site_name":"Reial Acad\u00e8mia Europea de Doctors","article_publisher":"http:\/\/fb.me\/raed.academy","article_published_time":"2023-03-09T12:14:47+00:00","article_modified_time":"2023-03-10T11:18:40+00:00","og_image":[{"width":600,"height":360,"url":"https:\/\/raed.academy\/wp-content\/uploads\/2023\/03\/Orden-de-Malta.webp","type":"image\/webp"}],"author":"RAED","twitter_card":"summary_large_image","twitter_creator":"@raedacademy","twitter_site":"@raedacademy","twitter_misc":{"Written by":"RAED","Est. reading time":"4 minutes"},"schema":{"@context":"https:\/\/schema.org","@graph":[{"@type":"Article","@id":"https:\/\/raed.academy\/ca\/lordre-de-malta-a-barcelona\/#article","isPartOf":{"@id":"https:\/\/raed.academy\/ca\/lordre-de-malta-a-barcelona\/"},"author":{"name":"RAED","@id":"https:\/\/raed.academy\/ca\/#\/schema\/person\/5a755da80d1d979fd66ba745c8702927"},"headline":"L&#8217;Ordre de Malta a Barcelona","datePublished":"2023-03-09T12:14:47+00:00","dateModified":"2023-03-10T11:18:40+00:00","mainEntityOfPage":{"@id":"https:\/\/raed.academy\/ca\/lordre-de-malta-a-barcelona\/"},"wordCount":641,"publisher":{"@id":"https:\/\/raed.academy\/ca\/#organization"},"image":{"@id":"https:\/\/raed.academy\/ca\/lordre-de-malta-a-barcelona\/#primaryimage"},"thumbnailUrl":"https:\/\/raed.academy\/wp-content\/uploads\/2023\/03\/Orden-de-Malta.webp","articleSection":["Acad\u00e8mics a la societat"],"inLanguage":"ca-ES"},{"@type":"WebPage","@id":"https:\/\/raed.academy\/ca\/lordre-de-malta-a-barcelona\/","url":"https:\/\/raed.academy\/ca\/lordre-de-malta-a-barcelona\/","name":"L'Ordre de Malta a Barcelona - Reial Acad\u00e8mia Europea de Doctors","isPartOf":{"@id":"https:\/\/raed.academy\/ca\/#website"},"primaryImageOfPage":{"@id":"https:\/\/raed.academy\/ca\/lordre-de-malta-a-barcelona\/#primaryimage"},"image":{"@id":"https:\/\/raed.academy\/ca\/lordre-de-malta-a-barcelona\/#primaryimage"},"thumbnailUrl":"https:\/\/raed.academy\/wp-content\/uploads\/2023\/03\/Orden-de-Malta.webp","datePublished":"2023-03-09T12:14:47+00:00","dateModified":"2023-03-10T11:18:40+00:00","description":"Carlos Cortina narra diferents episodis de l'Ordre de Malta, al seu article \"La Investidura de la Orden de Malta en Barcelona\"","breadcrumb":{"@id":"https:\/\/raed.academy\/ca\/lordre-de-malta-a-barcelona\/#breadcrumb"},"inLanguage":"ca-ES","potentialAction":[{"@type":"ReadAction","target":["https:\/\/raed.academy\/ca\/lordre-de-malta-a-barcelona\/"]}]},{"@type":"ImageObject","inLanguage":"ca-ES","@id":"https:\/\/raed.academy\/ca\/lordre-de-malta-a-barcelona\/#primaryimage","url":"https:\/\/raed.academy\/wp-content\/uploads\/2023\/03\/Orden-de-Malta.webp","contentUrl":"https:\/\/raed.academy\/wp-content\/uploads\/2023\/03\/Orden-de-Malta.webp","width":600,"height":360},{"@type":"BreadcrumbList","@id":"https:\/\/raed.academy\/ca\/lordre-de-malta-a-barcelona\/#breadcrumb","itemListElement":[{"@type":"ListItem","position":1,"name":"Inicio","item":"https:\/\/raed.academy\/ca\/"},{"@type":"ListItem","position":2,"name":"L&#8217;Ordre de Malta a Barcelona"}]},{"@type":"WebSite","@id":"https:\/\/raed.academy\/ca\/#website","url":"https:\/\/raed.academy\/ca\/","name":"Reial Acad\u00e8mia Europea de Doctors","description":"Corporaci\u00f3n de derecho p\u00fablico de car\u00e1cter cient\u00edfico, t\u00e9cnico y art\u00edstico, que tiene por objeto la investigaci\u00f3n, el estudio, el fomento y la extensi\u00f3n del conocimiento en su sentido m\u00e1s amplio","publisher":{"@id":"https:\/\/raed.academy\/ca\/#organization"},"potentialAction":[{"@type":"SearchAction","target":{"@type":"EntryPoint","urlTemplate":"https:\/\/raed.academy\/ca\/?s={search_term_string}"},"query-input":{"@type":"PropertyValueSpecification","valueRequired":true,"valueName":"search_term_string"}}],"inLanguage":"ca-ES"},{"@type":"Organization","@id":"https:\/\/raed.academy\/ca\/#organization","name":"Real Academia Europea de Doctores","url":"https:\/\/raed.academy\/ca\/","logo":{"@type":"ImageObject","inLanguage":"ca-ES","@id":"https:\/\/raed.academy\/ca\/#\/schema\/logo\/image\/","url":"https:\/\/raed.academy\/wp-content\/uploads\/2017\/01\/cropped-logo_raed.png","contentUrl":"https:\/\/raed.academy\/wp-content\/uploads\/2017\/01\/cropped-logo_raed.png","width":512,"height":512,"caption":"Real Academia Europea de Doctores"},"image":{"@id":"https:\/\/raed.academy\/ca\/#\/schema\/logo\/image\/"},"sameAs":["http:\/\/fb.me\/raed.academy","https:\/\/x.com\/raedacademy","https:\/\/www.instagram.com\/raed.academy\/","https:\/\/www.youtube.com\/channel\/UCUYQwW2KrdirNWihxMDObwg"]},{"@type":"Person","@id":"https:\/\/raed.academy\/ca\/#\/schema\/person\/5a755da80d1d979fd66ba745c8702927","name":"RAED","image":{"@type":"ImageObject","inLanguage":"ca-ES","@id":"https:\/\/secure.gravatar.com\/avatar\/19fdfdc0d67fb9c45714b703a2ac82251c4fcea3637f002ac3c9b74c0183583c?s=96&d=mm&r=g","url":"https:\/\/secure.gravatar.com\/avatar\/19fdfdc0d67fb9c45714b703a2ac82251c4fcea3637f002ac3c9b74c0183583c?s=96&d=mm&r=g","contentUrl":"https:\/\/secure.gravatar.com\/avatar\/19fdfdc0d67fb9c45714b703a2ac82251c4fcea3637f002ac3c9b74c0183583c?s=96&d=mm&r=g","caption":"RAED"}}]}},"_links":{"self":[{"href":"https:\/\/raed.academy\/ca\/wp-json\/wp\/v2\/posts\/130484","targetHints":{"allow":["GET"]}}],"collection":[{"href":"https:\/\/raed.academy\/ca\/wp-json\/wp\/v2\/posts"}],"about":[{"href":"https:\/\/raed.academy\/ca\/wp-json\/wp\/v2\/types\/post"}],"author":[{"embeddable":true,"href":"https:\/\/raed.academy\/ca\/wp-json\/wp\/v2\/users\/12"}],"replies":[{"embeddable":true,"href":"https:\/\/raed.academy\/ca\/wp-json\/wp\/v2\/comments?post=130484"}],"version-history":[{"count":0,"href":"https:\/\/raed.academy\/ca\/wp-json\/wp\/v2\/posts\/130484\/revisions"}],"wp:featuredmedia":[{"embeddable":true,"href":"https:\/\/raed.academy\/ca\/wp-json\/wp\/v2\/media\/130432"}],"wp:attachment":[{"href":"https:\/\/raed.academy\/ca\/wp-json\/wp\/v2\/media?parent=130484"}],"wp:term":[{"taxonomy":"category","embeddable":true,"href":"https:\/\/raed.academy\/ca\/wp-json\/wp\/v2\/categories?post=130484"},{"taxonomy":"post_tag","embeddable":true,"href":"https:\/\/raed.academy\/ca\/wp-json\/wp\/v2\/tags?post=130484"}],"curies":[{"name":"wp","href":"https:\/\/api.w.org\/{rel}","templated":true}]}}