{"id":129670,"date":"2023-02-23T12:11:22","date_gmt":"2023-02-23T12:11:22","guid":{"rendered":"https:\/\/raed.academy\/?p=129670"},"modified":"2023-02-27T12:04:06","modified_gmt":"2023-02-27T12:04:06","slug":"el-sepeli-de-benet-xvi","status":"publish","type":"post","link":"https:\/\/raed.academy\/ca\/el-sepeli-de-benet-xvi\/","title":{"rendered":"El sepeli de Benet XVI"},"content":{"rendered":"<div id=\"attachment_108265\" style=\"width: 210px\" class=\"wp-caption alignright\"><img loading=\"lazy\" decoding=\"async\" aria-describedby=\"caption-attachment-108265\" class=\"wp-image-108265\" src=\"https:\/\/raed.academy\/wp-content\/uploads\/2021\/11\/Carlos-Cortina-Riu-230px.jpg\" alt=\"Dr. Carlos Cortina Riu\" width=\"200\" height=\"276\" aria-describedby=\"caption-attachment-108265\" \/><p id=\"caption-attachment-108265\" class=\"wp-caption-text\">Dr. Carlos Cortina<\/p><\/div>\n<p><a href=\"https:\/\/raed.academy\/ca\/academics\/dr-carlos-cortina-riu\/\" target=\"_blank\" rel=\"noopener\"><em><strong>Carlos Cortina<\/strong><\/em><\/a>, reconegut expert en protocol i cultura popular, delegat per a Espanya de les <strong>Ordres Din\u00e0stiques de la Casa Reial de Savoia<\/strong> i acad\u00e8mic corresponent de la <strong>Reial Acad\u00e8mia Europea de Doctors-Barcelona 1914<\/strong> (RAED), comparteix amb la comunitat acad\u00e8mica l&#8217;article <strong>&#8220;El sepelio de Benedicto XVI&#8221;<\/strong>, on tra\u00e7a la vida i el magisteri del cardenal <strong>Joseph Ratzinger<\/strong> abans i despr\u00e9s de la seva elecci\u00f3 com a Sant Pare, el 2005, incidint en la seva ren\u00fancia, que es va produir el 2013 i sobre la qual encara n&#8217;hi ha molts interrogants.<\/p>\n<p>&#8220;<strong>Benet XVI<\/strong> va regnar del dimarts 19 d&#8217;abril del 2005 al dijous 28 de febrer del 2013, un total de 2.872 dies; \u00e9s a dir, un pontificat de 7 anys, 10 mesos i 9 dies, durant el qual va publicar tres enc\u00edcliques: <strong>&#8216;Deus caritas est&#8217;<\/strong> (D\u00e9u \u00e9s amor), el 2006; <strong>&#8216;Spe salvi&#8217;<\/strong> (Salvador en l&#8217;esperan\u00e7a), el 2007 i<strong> &#8216;Caritas in Veritate&#8217;<\/strong> (Caritat en la veritat), el 2009. S\u00ednode de bisbes: <strong>&#8216;Sacramentum caritatis&#8217;<\/strong>, del 2007, sobre les reflexions del s\u00ednode de bisbes del 2005; <strong>&#8216;Verbum Domini&#8217;<\/strong>, del 2010, reflexions del s\u00ednode de bisbes del 2009, i<strong> &#8216;Ecclesia in Orient Mitj\u00e0&#8217;<\/strong>, del 2012, tamb\u00e9 sobre les reflexions del s\u00ednode de bisbes del 2009. Tamb\u00e9 va publicar tres llibres inspirats en la vida de <strong>Jes\u00fas<\/strong>, segons els textos dels <strong>Evangelis<\/strong> i el <strong>Nou Testament<\/strong>:<strong> &#8216;Jes\u00fas de Natzaret&#8217;<\/strong>, del 2007;<strong> &#8216;Jes\u00fas de Natzaret: des de l&#8217;entrada a Jerusalem fins a la Resurrecci\u00f3&#8217;<\/strong>, del 2011, i <strong>&#8216;La infantesa de Jes\u00fas&#8217;<\/strong>, del 2012&#8243;, resumeix <strong>Cortina<\/strong>.<\/p>\n<p>L&#8217;acad\u00e8mic s&#8217;atura en el moment de la ren\u00fancia del pont\u00edfex, que va coincidir amb la festivitat de la <strong>Mare de D\u00e9u de Lourdes<\/strong>, l&#8217;11 de febrer de 2013. \u201cDe manera inesperada, el Papa m\u00e9s brillant, espiritual i ortodox i, al mateix temps, el m\u00e9s incompr\u00e8s, injuriat i tra\u00eft de l&#8217;\u00e8poca moderna, va anunciar en llat\u00ed la seva ren\u00fancia al c\u00e0rrec, durant el consistori de canonitzaci\u00f3 dels m\u00e0rtirs d&#8217;Otranto amb les paraules: &#8216;He arribat a la certesa que les meves forces, a causa de la meva edat avan\u00e7ada, no s&#8217;adeq\u00fcen per m\u00e9s temps a l&#8217;exercici del ministeri petri. Amb total llibertat declaro que renuncio al ministeri de bisbe de Roma i successor de Pere'&#8221;, va citar sense especular sobre les causes de la ren\u00fancia m\u00e9s enll\u00e0 de les mateixes declaracions de <strong>Benet XVI<\/strong>.<\/p>\n<p><img loading=\"lazy\" decoding=\"async\" class=\"size-full wp-image-129760 alignleft\" src=\"https:\/\/raed.academy\/wp-content\/uploads\/2023\/02\/El-sepelio-de-Benedicto-XVI-Carlos-Cortina.webp\" sizes=\"(max-width: 600px) 100vw, 600px\" srcset=\"https:\/\/raed.academy\/wp-content\/uploads\/2023\/02\/El-sepelio-de-Benedicto-XVI-Carlos-Cortina.webp 600w, https:\/\/raed.academy\/wp-content\/uploads\/2023\/02\/El-sepelio-de-Benedicto-XVI-Carlos-Cortina-440x264.webp 440w\" alt=\"\" width=\"600\" height=\"360\" \/>L&#8217;article conclou amb les \u00faltimes paraules del papa abans de morir i la cerim\u00f2nia que va culminar en el seu enterrament. &#8220;El seu tr\u00e0nsit al mes enll\u00e0 va ser sigil\u00b7l\u00f3s, discret, gaireb\u00e9 inadvertit, sense voler interrompre les darreres llampades de Nadal, i -en tancar els ulls mortals- va poder trobar-se davant el Suprem Faedor. Probablement, h\u00e0gim assistit al pontificat d&#8217;un futur doctor de l&#8217;Esgl\u00e9sia, tan bon punt sigui canonitzat. Un Summe Pont\u00edfex que va establir ponts amb altres confessions cristianes per a un coneixement rec\u00edproc i un acostament en la fe a Crist&#8221;, assenyala l&#8217;acad\u00e8mic.<\/p>\n<p><strong>Cortina<\/strong> ha desenvolupat la seva activitat professional i investigadora en les disciplines de cerimonial, protocol i relacions p\u00fabliques, exercint el c\u00e0rrec de cap de Relacions Institucionals i de Protocol a diverses empreses i institucions p\u00fabliques. \u00c9s autor d&#8217;obres de refer\u00e8ncia en l&#8217;\u00e0mbit del protocol com el <strong>&#8220;Reglament de Protocol, Cerimonial, Honors i Distincions per als Ajuntaments&#8221;<\/strong> (2010).<\/p>\n<p>Soci fundador de l&#8217;<strong>Associaci\u00f3 Catalana de Protocol i Relacions Institucionals<\/strong>, ha estat distingit amb la <strong>Medalla de Plata<\/strong> i la <strong>Medalla de la Const\u00e0ncia de la Creu Roja<\/strong> (1991 i 1992), la <strong>Creu Oficial de l&#8217;Ordre del M\u00e8rit Civil<\/strong> (2000), el <strong>Premi Nacional de Cerimonial i Protocol Marqu\u00e8s de Mond\u00e9jar<\/strong> (2001), el <strong>Premi Nacional de Protocol i Relacions Institucionals<\/strong> (2017), la <strong>Medalla d&#8217;Or del Papa Lle\u00f3 XIII per a la Cust\u00f2dia de Terra Santa<\/strong> (2019) i la <strong>Medalla Benemer\u00e8ncia d&#8217;Or de l&#8217;Ordre Constantiniana<\/strong> (2021).<\/p>\n","protected":false},"excerpt":{"rendered":"<p>Carlos Cortina, a l&#8217;article &#8220;El sepeli de Benet XVI&#8221;, tra\u00e7a la vida i el magisteri del cardenal Joseph Ratzinger abans i despr\u00e9s de la seva elecci\u00f3 com a Sant Pare, el 2005, incidint en la seva ren\u00fancia, que es va produir el 2013 i sobre la que encara hi ha molts interrogants<\/p>\n","protected":false},"author":12,"featured_media":129761,"comment_status":"closed","ping_status":"closed","sticky":false,"template":"","format":"standard","meta":{"_et_pb_use_builder":"","_et_pb_old_content":"","_et_gb_content_width":"","footnotes":""},"categories":[242,252],"tags":[],"class_list":["post-129670","post","type-post","status-publish","format-standard","has-post-thumbnail","hentry","category-categ-historia","category-teologia-ca","et-has-post-format-content","et_post_format-et-post-format-standard"],"yoast_head":"<!-- This site is optimized with the Yoast SEO plugin v27.4 - https:\/\/yoast.com\/product\/yoast-seo-wordpress\/ -->\n<title>El sepeli de Benet XVI - Reial Acad\u00e8mia Europea de Doctors<\/title>\n<meta name=\"description\" content=\"Carlos Cortina tra\u00e7a al seu article la vida i el magisteri del cardenal Joseph Ratzinger, abans i despr\u00e9s de la seva elecci\u00f3 com a Sant Pare\" \/>\n<meta name=\"robots\" content=\"index, follow, max-snippet:-1, max-image-preview:large, max-video-preview:-1\" \/>\n<link rel=\"canonical\" href=\"https:\/\/raed.academy\/ca\/el-sepeli-de-benet-xvi\/\" \/>\n<meta property=\"og:locale\" content=\"ca_ES\" \/>\n<meta property=\"og:type\" content=\"article\" \/>\n<meta property=\"og:title\" content=\"El sepeli de Benet XVI - Reial Acad\u00e8mia Europea de Doctors\" \/>\n<meta property=\"og:description\" content=\"Carlos Cortina tra\u00e7a al seu article la vida i el magisteri del cardenal Joseph Ratzinger, abans i despr\u00e9s de la seva elecci\u00f3 com a Sant Pare\" \/>\n<meta property=\"og:url\" content=\"https:\/\/raed.academy\/ca\/el-sepeli-de-benet-xvi\/\" \/>\n<meta property=\"og:site_name\" content=\"Reial Acad\u00e8mia Europea de Doctors\" \/>\n<meta property=\"article:publisher\" content=\"http:\/\/fb.me\/raed.academy\" \/>\n<meta property=\"article:published_time\" content=\"2023-02-23T12:11:22+00:00\" \/>\n<meta property=\"article:modified_time\" content=\"2023-02-27T12:04:06+00:00\" \/>\n<meta property=\"og:image\" content=\"https:\/\/raed.academy\/wp-content\/uploads\/2023\/02\/El-sepelio-de-Benedicto-XVI-Carlos-Cortina.webp\" \/>\n\t<meta property=\"og:image:width\" content=\"600\" \/>\n\t<meta property=\"og:image:height\" content=\"360\" \/>\n\t<meta property=\"og:image:type\" content=\"image\/webp\" \/>\n<meta name=\"author\" content=\"RAED\" \/>\n<meta name=\"twitter:card\" content=\"summary_large_image\" \/>\n<meta name=\"twitter:creator\" content=\"@raedacademy\" \/>\n<meta name=\"twitter:site\" content=\"@raedacademy\" \/>\n<meta name=\"twitter:label1\" content=\"Written by\" \/>\n\t<meta name=\"twitter:data1\" content=\"RAED\" \/>\n\t<meta name=\"twitter:label2\" content=\"Est. reading time\" \/>\n\t<meta name=\"twitter:data2\" content=\"4 minutes\" \/>\n<script type=\"application\/ld+json\" class=\"yoast-schema-graph\">{\"@context\":\"https:\\\/\\\/schema.org\",\"@graph\":[{\"@type\":\"Article\",\"@id\":\"https:\\\/\\\/raed.academy\\\/ca\\\/el-sepeli-de-benet-xvi\\\/#article\",\"isPartOf\":{\"@id\":\"https:\\\/\\\/raed.academy\\\/ca\\\/el-sepeli-de-benet-xvi\\\/\"},\"author\":{\"name\":\"RAED\",\"@id\":\"https:\\\/\\\/raed.academy\\\/ca\\\/#\\\/schema\\\/person\\\/5a755da80d1d979fd66ba745c8702927\"},\"headline\":\"El sepeli de Benet XVI\",\"datePublished\":\"2023-02-23T12:11:22+00:00\",\"dateModified\":\"2023-02-27T12:04:06+00:00\",\"mainEntityOfPage\":{\"@id\":\"https:\\\/\\\/raed.academy\\\/ca\\\/el-sepeli-de-benet-xvi\\\/\"},\"wordCount\":675,\"publisher\":{\"@id\":\"https:\\\/\\\/raed.academy\\\/ca\\\/#organization\"},\"image\":{\"@id\":\"https:\\\/\\\/raed.academy\\\/ca\\\/el-sepeli-de-benet-xvi\\\/#primaryimage\"},\"thumbnailUrl\":\"https:\\\/\\\/raed.academy\\\/wp-content\\\/uploads\\\/2023\\\/02\\\/El-sepelio-de-Benedicto-XVI-Carlos-Cortina.webp\",\"articleSection\":[\"Hist\u00f2ria\",\"Teologia\"],\"inLanguage\":\"ca-ES\"},{\"@type\":\"WebPage\",\"@id\":\"https:\\\/\\\/raed.academy\\\/ca\\\/el-sepeli-de-benet-xvi\\\/\",\"url\":\"https:\\\/\\\/raed.academy\\\/ca\\\/el-sepeli-de-benet-xvi\\\/\",\"name\":\"El sepeli de Benet XVI - Reial Acad\u00e8mia Europea de Doctors\",\"isPartOf\":{\"@id\":\"https:\\\/\\\/raed.academy\\\/ca\\\/#website\"},\"primaryImageOfPage\":{\"@id\":\"https:\\\/\\\/raed.academy\\\/ca\\\/el-sepeli-de-benet-xvi\\\/#primaryimage\"},\"image\":{\"@id\":\"https:\\\/\\\/raed.academy\\\/ca\\\/el-sepeli-de-benet-xvi\\\/#primaryimage\"},\"thumbnailUrl\":\"https:\\\/\\\/raed.academy\\\/wp-content\\\/uploads\\\/2023\\\/02\\\/El-sepelio-de-Benedicto-XVI-Carlos-Cortina.webp\",\"datePublished\":\"2023-02-23T12:11:22+00:00\",\"dateModified\":\"2023-02-27T12:04:06+00:00\",\"description\":\"Carlos Cortina tra\u00e7a al seu article la vida i el magisteri del cardenal Joseph Ratzinger, abans i despr\u00e9s de la seva elecci\u00f3 com a Sant Pare\",\"breadcrumb\":{\"@id\":\"https:\\\/\\\/raed.academy\\\/ca\\\/el-sepeli-de-benet-xvi\\\/#breadcrumb\"},\"inLanguage\":\"ca-ES\",\"potentialAction\":[{\"@type\":\"ReadAction\",\"target\":[\"https:\\\/\\\/raed.academy\\\/ca\\\/el-sepeli-de-benet-xvi\\\/\"]}]},{\"@type\":\"ImageObject\",\"inLanguage\":\"ca-ES\",\"@id\":\"https:\\\/\\\/raed.academy\\\/ca\\\/el-sepeli-de-benet-xvi\\\/#primaryimage\",\"url\":\"https:\\\/\\\/raed.academy\\\/wp-content\\\/uploads\\\/2023\\\/02\\\/El-sepelio-de-Benedicto-XVI-Carlos-Cortina.webp\",\"contentUrl\":\"https:\\\/\\\/raed.academy\\\/wp-content\\\/uploads\\\/2023\\\/02\\\/El-sepelio-de-Benedicto-XVI-Carlos-Cortina.webp\",\"width\":600,\"height\":360},{\"@type\":\"BreadcrumbList\",\"@id\":\"https:\\\/\\\/raed.academy\\\/ca\\\/el-sepeli-de-benet-xvi\\\/#breadcrumb\",\"itemListElement\":[{\"@type\":\"ListItem\",\"position\":1,\"name\":\"Inicio\",\"item\":\"https:\\\/\\\/raed.academy\\\/ca\\\/\"},{\"@type\":\"ListItem\",\"position\":2,\"name\":\"El sepeli de Benet XVI\"}]},{\"@type\":\"WebSite\",\"@id\":\"https:\\\/\\\/raed.academy\\\/ca\\\/#website\",\"url\":\"https:\\\/\\\/raed.academy\\\/ca\\\/\",\"name\":\"Reial Acad\u00e8mia Europea de Doctors\",\"description\":\"Corporaci\u00f3n de derecho p\u00fablico de car\u00e1cter cient\u00edfico, t\u00e9cnico y art\u00edstico, que tiene por objeto la investigaci\u00f3n, el estudio, el fomento y la extensi\u00f3n del conocimiento en su sentido m\u00e1s amplio\",\"publisher\":{\"@id\":\"https:\\\/\\\/raed.academy\\\/ca\\\/#organization\"},\"potentialAction\":[{\"@type\":\"SearchAction\",\"target\":{\"@type\":\"EntryPoint\",\"urlTemplate\":\"https:\\\/\\\/raed.academy\\\/ca\\\/?s={search_term_string}\"},\"query-input\":{\"@type\":\"PropertyValueSpecification\",\"valueRequired\":true,\"valueName\":\"search_term_string\"}}],\"inLanguage\":\"ca-ES\"},{\"@type\":\"Organization\",\"@id\":\"https:\\\/\\\/raed.academy\\\/ca\\\/#organization\",\"name\":\"Real Academia Europea de Doctores\",\"url\":\"https:\\\/\\\/raed.academy\\\/ca\\\/\",\"logo\":{\"@type\":\"ImageObject\",\"inLanguage\":\"ca-ES\",\"@id\":\"https:\\\/\\\/raed.academy\\\/ca\\\/#\\\/schema\\\/logo\\\/image\\\/\",\"url\":\"https:\\\/\\\/raed.academy\\\/wp-content\\\/uploads\\\/2017\\\/01\\\/cropped-logo_raed.png\",\"contentUrl\":\"https:\\\/\\\/raed.academy\\\/wp-content\\\/uploads\\\/2017\\\/01\\\/cropped-logo_raed.png\",\"width\":512,\"height\":512,\"caption\":\"Real Academia Europea de Doctores\"},\"image\":{\"@id\":\"https:\\\/\\\/raed.academy\\\/ca\\\/#\\\/schema\\\/logo\\\/image\\\/\"},\"sameAs\":[\"http:\\\/\\\/fb.me\\\/raed.academy\",\"https:\\\/\\\/x.com\\\/raedacademy\",\"https:\\\/\\\/www.instagram.com\\\/raed.academy\\\/\",\"https:\\\/\\\/www.youtube.com\\\/channel\\\/UCUYQwW2KrdirNWihxMDObwg\"]},{\"@type\":\"Person\",\"@id\":\"https:\\\/\\\/raed.academy\\\/ca\\\/#\\\/schema\\\/person\\\/5a755da80d1d979fd66ba745c8702927\",\"name\":\"RAED\",\"image\":{\"@type\":\"ImageObject\",\"inLanguage\":\"ca-ES\",\"@id\":\"https:\\\/\\\/secure.gravatar.com\\\/avatar\\\/19fdfdc0d67fb9c45714b703a2ac82251c4fcea3637f002ac3c9b74c0183583c?s=96&d=mm&r=g\",\"url\":\"https:\\\/\\\/secure.gravatar.com\\\/avatar\\\/19fdfdc0d67fb9c45714b703a2ac82251c4fcea3637f002ac3c9b74c0183583c?s=96&d=mm&r=g\",\"contentUrl\":\"https:\\\/\\\/secure.gravatar.com\\\/avatar\\\/19fdfdc0d67fb9c45714b703a2ac82251c4fcea3637f002ac3c9b74c0183583c?s=96&d=mm&r=g\",\"caption\":\"RAED\"}}]}<\/script>\n<!-- \/ Yoast SEO plugin. -->","yoast_head_json":{"title":"El sepeli de Benet XVI - Reial Acad\u00e8mia Europea de Doctors","description":"Carlos Cortina tra\u00e7a al seu article la vida i el magisteri del cardenal Joseph Ratzinger, abans i despr\u00e9s de la seva elecci\u00f3 com a Sant Pare","robots":{"index":"index","follow":"follow","max-snippet":"max-snippet:-1","max-image-preview":"max-image-preview:large","max-video-preview":"max-video-preview:-1"},"canonical":"https:\/\/raed.academy\/ca\/el-sepeli-de-benet-xvi\/","og_locale":"ca_ES","og_type":"article","og_title":"El sepeli de Benet XVI - Reial Acad\u00e8mia Europea de Doctors","og_description":"Carlos Cortina tra\u00e7a al seu article la vida i el magisteri del cardenal Joseph Ratzinger, abans i despr\u00e9s de la seva elecci\u00f3 com a Sant Pare","og_url":"https:\/\/raed.academy\/ca\/el-sepeli-de-benet-xvi\/","og_site_name":"Reial Acad\u00e8mia Europea de Doctors","article_publisher":"http:\/\/fb.me\/raed.academy","article_published_time":"2023-02-23T12:11:22+00:00","article_modified_time":"2023-02-27T12:04:06+00:00","og_image":[{"width":600,"height":360,"url":"https:\/\/raed.academy\/wp-content\/uploads\/2023\/02\/El-sepelio-de-Benedicto-XVI-Carlos-Cortina.webp","type":"image\/webp"}],"author":"RAED","twitter_card":"summary_large_image","twitter_creator":"@raedacademy","twitter_site":"@raedacademy","twitter_misc":{"Written by":"RAED","Est. reading time":"4 minutes"},"schema":{"@context":"https:\/\/schema.org","@graph":[{"@type":"Article","@id":"https:\/\/raed.academy\/ca\/el-sepeli-de-benet-xvi\/#article","isPartOf":{"@id":"https:\/\/raed.academy\/ca\/el-sepeli-de-benet-xvi\/"},"author":{"name":"RAED","@id":"https:\/\/raed.academy\/ca\/#\/schema\/person\/5a755da80d1d979fd66ba745c8702927"},"headline":"El sepeli de Benet XVI","datePublished":"2023-02-23T12:11:22+00:00","dateModified":"2023-02-27T12:04:06+00:00","mainEntityOfPage":{"@id":"https:\/\/raed.academy\/ca\/el-sepeli-de-benet-xvi\/"},"wordCount":675,"publisher":{"@id":"https:\/\/raed.academy\/ca\/#organization"},"image":{"@id":"https:\/\/raed.academy\/ca\/el-sepeli-de-benet-xvi\/#primaryimage"},"thumbnailUrl":"https:\/\/raed.academy\/wp-content\/uploads\/2023\/02\/El-sepelio-de-Benedicto-XVI-Carlos-Cortina.webp","articleSection":["Hist\u00f2ria","Teologia"],"inLanguage":"ca-ES"},{"@type":"WebPage","@id":"https:\/\/raed.academy\/ca\/el-sepeli-de-benet-xvi\/","url":"https:\/\/raed.academy\/ca\/el-sepeli-de-benet-xvi\/","name":"El sepeli de Benet XVI - Reial Acad\u00e8mia Europea de Doctors","isPartOf":{"@id":"https:\/\/raed.academy\/ca\/#website"},"primaryImageOfPage":{"@id":"https:\/\/raed.academy\/ca\/el-sepeli-de-benet-xvi\/#primaryimage"},"image":{"@id":"https:\/\/raed.academy\/ca\/el-sepeli-de-benet-xvi\/#primaryimage"},"thumbnailUrl":"https:\/\/raed.academy\/wp-content\/uploads\/2023\/02\/El-sepelio-de-Benedicto-XVI-Carlos-Cortina.webp","datePublished":"2023-02-23T12:11:22+00:00","dateModified":"2023-02-27T12:04:06+00:00","description":"Carlos Cortina tra\u00e7a al seu article la vida i el magisteri del cardenal Joseph Ratzinger, abans i despr\u00e9s de la seva elecci\u00f3 com a Sant Pare","breadcrumb":{"@id":"https:\/\/raed.academy\/ca\/el-sepeli-de-benet-xvi\/#breadcrumb"},"inLanguage":"ca-ES","potentialAction":[{"@type":"ReadAction","target":["https:\/\/raed.academy\/ca\/el-sepeli-de-benet-xvi\/"]}]},{"@type":"ImageObject","inLanguage":"ca-ES","@id":"https:\/\/raed.academy\/ca\/el-sepeli-de-benet-xvi\/#primaryimage","url":"https:\/\/raed.academy\/wp-content\/uploads\/2023\/02\/El-sepelio-de-Benedicto-XVI-Carlos-Cortina.webp","contentUrl":"https:\/\/raed.academy\/wp-content\/uploads\/2023\/02\/El-sepelio-de-Benedicto-XVI-Carlos-Cortina.webp","width":600,"height":360},{"@type":"BreadcrumbList","@id":"https:\/\/raed.academy\/ca\/el-sepeli-de-benet-xvi\/#breadcrumb","itemListElement":[{"@type":"ListItem","position":1,"name":"Inicio","item":"https:\/\/raed.academy\/ca\/"},{"@type":"ListItem","position":2,"name":"El sepeli de Benet XVI"}]},{"@type":"WebSite","@id":"https:\/\/raed.academy\/ca\/#website","url":"https:\/\/raed.academy\/ca\/","name":"Reial Acad\u00e8mia Europea de Doctors","description":"Corporaci\u00f3n de derecho p\u00fablico de car\u00e1cter cient\u00edfico, t\u00e9cnico y art\u00edstico, que tiene por objeto la investigaci\u00f3n, el estudio, el fomento y la extensi\u00f3n del conocimiento en su sentido m\u00e1s amplio","publisher":{"@id":"https:\/\/raed.academy\/ca\/#organization"},"potentialAction":[{"@type":"SearchAction","target":{"@type":"EntryPoint","urlTemplate":"https:\/\/raed.academy\/ca\/?s={search_term_string}"},"query-input":{"@type":"PropertyValueSpecification","valueRequired":true,"valueName":"search_term_string"}}],"inLanguage":"ca-ES"},{"@type":"Organization","@id":"https:\/\/raed.academy\/ca\/#organization","name":"Real Academia Europea de Doctores","url":"https:\/\/raed.academy\/ca\/","logo":{"@type":"ImageObject","inLanguage":"ca-ES","@id":"https:\/\/raed.academy\/ca\/#\/schema\/logo\/image\/","url":"https:\/\/raed.academy\/wp-content\/uploads\/2017\/01\/cropped-logo_raed.png","contentUrl":"https:\/\/raed.academy\/wp-content\/uploads\/2017\/01\/cropped-logo_raed.png","width":512,"height":512,"caption":"Real Academia Europea de Doctores"},"image":{"@id":"https:\/\/raed.academy\/ca\/#\/schema\/logo\/image\/"},"sameAs":["http:\/\/fb.me\/raed.academy","https:\/\/x.com\/raedacademy","https:\/\/www.instagram.com\/raed.academy\/","https:\/\/www.youtube.com\/channel\/UCUYQwW2KrdirNWihxMDObwg"]},{"@type":"Person","@id":"https:\/\/raed.academy\/ca\/#\/schema\/person\/5a755da80d1d979fd66ba745c8702927","name":"RAED","image":{"@type":"ImageObject","inLanguage":"ca-ES","@id":"https:\/\/secure.gravatar.com\/avatar\/19fdfdc0d67fb9c45714b703a2ac82251c4fcea3637f002ac3c9b74c0183583c?s=96&d=mm&r=g","url":"https:\/\/secure.gravatar.com\/avatar\/19fdfdc0d67fb9c45714b703a2ac82251c4fcea3637f002ac3c9b74c0183583c?s=96&d=mm&r=g","contentUrl":"https:\/\/secure.gravatar.com\/avatar\/19fdfdc0d67fb9c45714b703a2ac82251c4fcea3637f002ac3c9b74c0183583c?s=96&d=mm&r=g","caption":"RAED"}}]}},"_links":{"self":[{"href":"https:\/\/raed.academy\/ca\/wp-json\/wp\/v2\/posts\/129670","targetHints":{"allow":["GET"]}}],"collection":[{"href":"https:\/\/raed.academy\/ca\/wp-json\/wp\/v2\/posts"}],"about":[{"href":"https:\/\/raed.academy\/ca\/wp-json\/wp\/v2\/types\/post"}],"author":[{"embeddable":true,"href":"https:\/\/raed.academy\/ca\/wp-json\/wp\/v2\/users\/12"}],"replies":[{"embeddable":true,"href":"https:\/\/raed.academy\/ca\/wp-json\/wp\/v2\/comments?post=129670"}],"version-history":[{"count":0,"href":"https:\/\/raed.academy\/ca\/wp-json\/wp\/v2\/posts\/129670\/revisions"}],"wp:featuredmedia":[{"embeddable":true,"href":"https:\/\/raed.academy\/ca\/wp-json\/wp\/v2\/media\/129761"}],"wp:attachment":[{"href":"https:\/\/raed.academy\/ca\/wp-json\/wp\/v2\/media?parent=129670"}],"wp:term":[{"taxonomy":"category","embeddable":true,"href":"https:\/\/raed.academy\/ca\/wp-json\/wp\/v2\/categories?post=129670"},{"taxonomy":"post_tag","embeddable":true,"href":"https:\/\/raed.academy\/ca\/wp-json\/wp\/v2\/tags?post=129670"}],"curies":[{"name":"wp","href":"https:\/\/api.w.org\/{rel}","templated":true}]}}