{"id":128943,"date":"2023-02-10T06:59:51","date_gmt":"2023-02-10T06:59:51","guid":{"rendered":"https:\/\/raed.academy\/?p=128943"},"modified":"2023-02-14T09:36:45","modified_gmt":"2023-02-14T09:36:45","slug":"un-nou-model-de-gestio-per-a-una-nova-era","status":"publish","type":"post","link":"https:\/\/raed.academy\/ca\/un-nou-model-de-gestio-per-a-una-nova-era\/","title":{"rendered":"Un nou model de gesti\u00f3 per a una nova era"},"content":{"rendered":"<p>[et_pb_section fb_built=&#8221;1&#8243; admin_label=&#8221;section&#8221; _builder_version=&#8221;4.16&#8243; global_colors_info=&#8221;{}&#8221;][et_pb_row admin_label=&#8221;row&#8221; _builder_version=&#8221;4.19.5&#8243; background_size=&#8221;initial&#8221; background_position=&#8221;top_left&#8221; background_repeat=&#8221;repeat&#8221; hover_enabled=&#8221;0&#8243; global_colors_info=&#8221;{}&#8221; use_custom_gutter=&#8221;on&#8221; gutter_width=&#8221;1&#8243; sticky_enabled=&#8221;0&#8243;][et_pb_column type=&#8221;4_4&#8243; _builder_version=&#8221;4.16&#8243; custom_padding=&#8221;|||&#8221; global_colors_info=&#8221;{}&#8221; custom_padding__hover=&#8221;|||&#8221;][et_pb_text admin_label=&#8221;Text&#8221; _builder_version=&#8221;4.19.5&#8243; background_size=&#8221;initial&#8221; background_position=&#8221;top_left&#8221; background_repeat=&#8221;repeat&#8221; global_colors_info=&#8221;{}&#8221;]<div id=\"attachment_129068\" style=\"width: 610px\" class=\"wp-caption aligncenter\"><img loading=\"lazy\" decoding=\"async\" aria-describedby=\"caption-attachment-129068\" class=\"wp-image-129068\" src=\"https:\/\/raed.academy\/wp-content\/uploads\/2023\/02\/09-02-2023.Ingreso-RAED-Jaume-Llopis-Casellas-47.webp\" sizes=\"(max-width: 600px) 100vw, 600px\" srcset=\"https:\/\/raed.academy\/wp-content\/uploads\/2023\/02\/09-02-2023.Ingreso-RAED-Jaume-Llopis-Casellas-47.webp 970w, https:\/\/raed.academy\/wp-content\/uploads\/2023\/02\/09-02-2023.Ingreso-RAED-Jaume-Llopis-Casellas-47-768x512.webp 768w\" alt=\"Jaume Llopis i Casellas\" width=\"600\" height=\"400\" aria-describedby=\"caption-attachment-129068\" \/><p id=\"caption-attachment-129068\" class=\"wp-caption-text\">Dr. Jaume Llopis<\/p><\/div><\/p>\n<p><a href=\"https:\/\/raed.academy\/ca\/academics\/academics-dr-jaume-llopis-i-casellas\/\" target=\"_blank\" rel=\"noopener\"><em><strong>Jaume Llopis<\/strong><\/em><\/a>, doctor en Economia i Direcci\u00f3 d&#8217;Empreses, professor em\u00e8rit de <strong>IESE-Universitat de Navarra<\/strong> i membre del <strong>Senat<\/strong> de la <strong>Reial Acad\u00e8mia Europea de Doctors-Barcelona 1914<\/strong> (RAED), va ingressar com a acad\u00e8mic de n\u00famero de la Reial Corporaci\u00f3 durant una solemne cerim\u00f2nia que es va celebrar a la sala d&#8217;actes de <strong>Foment del Treball<\/strong>, seu acad\u00e8mica, el 9 de febrer passat. El recipiendari va llegir el discurs d&#8217;ingr\u00e9s <strong>&#8220;Las nuevas coordenadas de la direcci\u00f3n general. La realidad competitiva actual impone nuevas pr\u00e1cticas, nuevos estilos de liderazgo y nuevos enfoques de direcci\u00f3n en las organizaciones&#8221;<\/strong>. Li va respondre en nom de la Reial Acad\u00e8mia l&#8217;acad\u00e8mic de n\u00famero i president de la Secci\u00f3 de Ci\u00e8ncies Socials <a href=\"https:\/\/raed.academy\/academicos\/dr-pedro-nueno-iniesta\/\" target=\"_blank\" rel=\"noopener\"><em><strong>Pedro Nueno<\/strong><\/em><\/a>. La sessi\u00f3 es va poder seguir en streaming a trav\u00e9s del canal de <strong>YouTube<\/strong> de la RAED, on es pot visualitzar.<\/p>\n<p>El nou acad\u00e8mic va defensar un nou concepte de gesti\u00f3 empresarial marcat per les profundes transformacions que ha accelerat i en bona part comportat la pand\u00e8mia per obrir un nou entorn competitiu: la globalitzaci\u00f3, la digitalitzaci\u00f3, les innovacions disruptives, els canvis en els h\u00e0bits i prefer\u00e8ncies dels consumidors, les noves demandes dels treballadors i la transformaci\u00f3 del rol de l&#8217;empresa a la societat, entre d&#8217;altres. &#8220;Gaireb\u00e9 tots aquests fen\u00f2mens i el seu impacte a les organitzacions han estat \u00e0mpliament investigats i documentats. Tot i aix\u00f2, l&#8217;efecte de totes aquestes transformacions de gran import\u00e0ncia en el dia a dia del director general \u00e9s un camp relativament poc explorat&#8221;, va iniciar Llopis la seva intervenci\u00f3.<\/p>\n<p>El seu estudi, emp\u00edric, parteix de treball de camp amb un grup representatiu de 300 alts directius per constatar que els canvis esdevinguts o consolidats en la darrera d\u00e8cada estan redefinint les funcions i els atributs que caracteritzen la figura del director general. A tots ells se&#8217;ls van formular preguntes del tipus: com ha canviat la funci\u00f3 del director general?, qu\u00e8 caracteritza els l\u00edders empresarials del segle XXI?, han d&#8217;assumir noves funcions?, com \u00e9s el seu estil de direcci\u00f3? quin tipus de pr\u00e0ctiques adopten o promouen a les seves organitzacions?, hi ha uns trets comuns entre ells?, com organitzen la seva agenda?, qu\u00e8 prioritzen?, entre d&#8217;altres. Per a partir d&#8217;aqu\u00ed, elaborar una guia d&#8217;actuaci\u00f3 articulada en set idees clau: \u00e8mfasi en prop\u00f2sit, visi\u00f3, missi\u00f3 i valors; creaci\u00f3 i desenvolupament d&#8217;una identitat corporativa potent i atractiva; nous estils de lideratge; direcci\u00f3 m\u00e9s orientada a l&#8217;exterior i m\u00e9s atenci\u00f3 a les relacions amb els diferents &#8216;stakeholders&#8217;; focus en les persones i en el desenvolupament; import\u00e0ncia de la capacitaci\u00f3 i de l&#8217;aprenentatge organitzatiu, i decisions m\u00e9s r\u00e0pides i freq\u00fcents.<\/p>\n<p>&#8220;La realitat competitiva del segle XXI imposa noves pr\u00e0ctiques, estils i enfocaments de direcci\u00f3. Amb aquestes noves coordenades el que pretenem, en \u00faltima inst\u00e0ncia, \u00e9s oferir una guia pr\u00e0ctica que pugui servir com a punt de refer\u00e8ncia per als m\u00e0xims responsables de la gesti\u00f3 de les organitzacions. Per descomptat, molts CEO ja han pres bona nota dels canvis i han adaptat els seus estils de direcci\u00f3 a les noves circumst\u00e0ncies, per\u00f2 encara hi ha molts alts directius que segueixen liderant les seves organitzacions amb pr\u00e0ctiques i estils caducs. No veuen m\u00e9s enll\u00e0 dels resultats immediats, pensen que l&#8217;estrat\u00e8gia corporativa no \u00e9s important, tracten els seus empleats com un recurs m\u00e9s, es limiten a posar en marxa reestructuracions en temps dif\u00edcils i encara creuen que el pressupost \u00e9s el principal mesurador de la marxa de l&#8217;empresa. No entenen el nou m\u00f3n i la nova societat en qu\u00e8 vivim, en qu\u00e8 el prop\u00f2sit de l&#8217;organitzaci\u00f3 \u00e9s m\u00e9s important que el benefici a curt termini, en qu\u00e8 cal buscar l&#8217;equilibri per satisfer tots els &#8216;stakeholders&#8217;, en qu\u00e8 l&#8217;ordre i el comandament i les estructures jer\u00e0rquiques s\u00f3n reempla\u00e7ades per estils de direcci\u00f3 molt m\u00e9s col\u00b7laboratius i per organitzacions m\u00e9s planes, democr\u00e0tiques i flexibles&#8221;, va concloure.<\/p>\n<p><strong>Llopis<\/strong> va iniciar la seva llarga i reeixida traject\u00f2ria al m\u00f3n de la gesti\u00f3 empresarial a la d\u00e8cada dels anys 60 del segle passat a l&#8217;empresa de productes carnis <strong>Purlom<\/strong>, en aquells moments en mans de la fam\u00edlia <strong>Carulla<\/strong> (<strong>Gallina Blanca<\/strong>). Va comen\u00e7ar de cap de vendes i al cap de cinc anys ja n&#8217;era director general. Aleshores un &#8216;head hunter&#8217; el va portar a la multinacional <strong>Moulinex<\/strong>, que tenia previst crear la filial espanyola. Despr\u00e9s d&#8217;un per\u00edode a M\u00e8xic i Vene\u00e7uela, Llopis es va guanyar l&#8217;apel\u00b7latiu de <strong>Maradona<\/strong> el 1982 arran del seu fitxatge milionari per <strong>Cecsa<\/strong>, obra de <strong>Pere Duran Farell<\/strong>, un per\u00edode a qu\u00e8 van seguir les seves etapes al capdavant d&#8217;empreses i marques ic\u00f2niques com <strong>Sol\u00eds<\/strong>, <strong>Nestl\u00e9<\/strong> o <strong>Borges<\/strong>, al sector de l&#8217;alimentaci\u00f3, o la paperera <strong>Sarri\u00f3<\/strong>.<\/p>\n<p>De la seva vasta traject\u00f2ria acad\u00e8mica, al seu magisteri a IESE se sumen els seus cursos com a professor convidat a les escoles de negocis <strong>IPADE<\/strong> (M\u00e8xic), <strong>AESE<\/strong> (Portugal), <strong>IDE<\/strong> (Equador), <strong>INCAE<\/strong> (Nicaragua), <strong>IEEM<\/strong> (Uruguai), <strong>MDE<\/strong> ( Costa d&#8217;Ivori), l&#8217;<strong>Institut San Telmo<\/strong> de Sevilla, i <strong>EADA<\/strong>, a Barcelona. Des del 1992 ha organitzat les <strong>Trobades d&#8217;Empresaris d&#8217;Alimentaci\u00f3 i Begudes<\/strong> de IESE Business School a Espanya i, des del 2015, a M\u00e8xic. El seu curs <strong>&#8220;Qu\u00e9 hacen los Buenos Directivos. Prioridades de la Alta Direcci\u00f3n&#8221;<\/strong> compta amb m\u00e9s de 34.000 alumnes inscrits a la plataforma online <strong>Coursera<\/strong>. Conferenciant habitual i autor de llibres de refer\u00e8ncia en l&#8217;\u00e0mbit de la gesti\u00f3 empresarial, va ser elegit com a Millor Director de M\u00e0rqueting d&#8217;Espanya el 1975 per la revista <strong>&#8220;Marketing Actualidad&#8221;<\/strong> i Millor Directiu de l&#8217;Any el 1982 per l&#8217;<strong>Associaci\u00f3 Espanyola de Directius<\/strong>.<\/p>\n<p>[\/et_pb_text][et_pb_divider show_divider=&#8221;off&#8221; _builder_version=&#8221;4.19.5&#8243; _module_preset=&#8221;default&#8221; custom_padding=&#8221;||40px||false|false&#8221; locked=&#8221;off&#8221; global_colors_info=&#8221;{}&#8221;][\/et_pb_divider][et_pb_gallery gallery_ids=&#8221;129083,129080,129077,129074,129071,129068,129065,129062,129059,129056,129053,129050&#8243; posts_number=&#8221;12&#8243; show_title_and_caption=&#8221;off&#8221; show_pagination=&#8221;off&#8221; module_class=&#8221;galeria-pad-1&#8243; _builder_version=&#8221;4.19.5&#8243; _module_preset=&#8221;default&#8221; locked=&#8221;off&#8221; global_colors_info=&#8221;{}&#8221;][\/et_pb_gallery][et_pb_divider show_divider=&#8221;off&#8221; _builder_version=&#8221;4.19.5&#8243; _module_preset=&#8221;default&#8221; custom_padding=&#8221;||40px||false|false&#8221; locked=&#8221;off&#8221; global_colors_info=&#8221;{}&#8221;][\/et_pb_divider][et_pb_video src=&#8221;https:\/\/youtu.be\/pb8fndftup0&#8243; _builder_version=&#8221;4.19.5&#8243; _module_preset=&#8221;default&#8221; animation_style=&#8221;flip&#8221; locked=&#8221;off&#8221; global_colors_info=&#8221;{}&#8221;][\/et_pb_video][\/et_pb_column][\/et_pb_row][\/et_pb_section]<\/p>\n","protected":false},"excerpt":{"rendered":"<p>Jaume Llopis, doctor en Economia i Direcci\u00f3 d&#8217;Empreses, ingressa com a acad\u00e8mic de n\u00famero de la RAED, amb el discurs &#8220;Las nuevas coordenadas de la direcci\u00f3n general. La realidad competitiva actual impone nuevas pr\u00e1cticas, nuevos estilos de liderazgo y nuevos enfoques de direcci\u00f3n en las organizaciones&#8221;<\/p>\n","protected":false},"author":12,"featured_media":129066,"comment_status":"closed","ping_status":"closed","sticky":false,"template":"","format":"standard","meta":{"_et_pb_use_builder":"on","_et_pb_old_content":"<a href=\"https:\/\/raed.academy\/ca\/academics\/academics-dr-jaume-llopis-i-casellas\/\" target=\"_blank\" rel=\"noopener\"><em><strong>Jaume Llopis<\/strong><\/em><\/a>, doctor en Economia i Direcci\u00f3 d'Empreses, professor em\u00e8rit de <strong>IESE-Universitat de Navarra<\/strong> i membre del <strong>Senat<\/strong> de la <strong>Reial Acad\u00e8mia Europea de Doctors-Barcelona 1914<\/strong> (RAED), va ingressar com a acad\u00e8mic de n\u00famero de la Reial Corporaci\u00f3 durant una solemne cerim\u00f2nia que es va celebrar a la sala d'actes de <strong>Foment del Treball<\/strong>, seu acad\u00e8mica, el 9 de febrer passat. El recipiendari va llegir el discurs d'ingr\u00e9s <strong>\"Las nuevas coordenadas de la direcci\u00f3n general. La realidad competitiva actual impone nuevas pr\u00e1cticas, nuevos estilos de liderazgo y nuevos enfoques de direcci\u00f3n en las organizaciones\"<\/strong>. Li va respondre en nom de la Reial Acad\u00e8mia l'acad\u00e8mic de n\u00famero i president de la Secci\u00f3 de Ci\u00e8ncies Socials <a href=\"https:\/\/raed.academy\/academicos\/dr-pedro-nueno-iniesta\/\" target=\"_blank\" rel=\"noopener\"><em><strong>Pedro Nueno<\/strong><\/em><\/a>. La sessi\u00f3 es va poder seguir en streaming a trav\u00e9s del canal de <strong>YouTube<\/strong> de la RAED, on es pot visualitzar.\r\n\r\nEl nou acad\u00e8mic va defensar un nou concepte de gesti\u00f3 empresarial marcat per les profundes transformacions que ha accelerat i en bona part comportat la pand\u00e8mia per obrir un nou entorn competitiu: la globalitzaci\u00f3, la digitalitzaci\u00f3, les innovacions disruptives, els canvis en els h\u00e0bits i prefer\u00e8ncies dels consumidors, les noves demandes dels treballadors i la transformaci\u00f3 del rol de l'empresa a la societat, entre d'altres. \"Gaireb\u00e9 tots aquests fen\u00f2mens i el seu impacte a les organitzacions han estat \u00e0mpliament investigats i documentats. Tot i aix\u00f2, l'efecte de totes aquestes transformacions de gran import\u00e0ncia en el dia a dia del director general \u00e9s un camp relativament poc explorat\", va iniciar Llopis la seva intervenci\u00f3.\r\n\r\nEl seu estudi, emp\u00edric, parteix de treball de camp amb un grup representatiu de 300 alts directius per constatar que els canvis esdevinguts o consolidats en la darrera d\u00e8cada estan redefinint les funcions i els atributs que caracteritzen la figura del director general. A tots ells se'ls van formular preguntes del tipus: com ha canviat la funci\u00f3 del director general?, qu\u00e8 caracteritza els l\u00edders empresarials del segle XXI?, han d'assumir noves funcions?, com \u00e9s el seu estil de direcci\u00f3? quin tipus de pr\u00e0ctiques adopten o promouen a les seves organitzacions?, hi ha uns trets comuns entre ells?, com organitzen la seva agenda?, qu\u00e8 prioritzen?, entre d'altres. Per a partir d'aqu\u00ed, elaborar una guia d'actuaci\u00f3 articulada en set idees clau: \u00e8mfasi en prop\u00f2sit, visi\u00f3, missi\u00f3 i valors; creaci\u00f3 i desenvolupament d'una identitat corporativa potent i atractiva; nous estils de lideratge; direcci\u00f3 m\u00e9s orientada a l'exterior i m\u00e9s atenci\u00f3 a les relacions amb els diferents 'stakeholders'; focus en les persones i en el desenvolupament; import\u00e0ncia de la capacitaci\u00f3 i de l'aprenentatge organitzatiu, i decisions m\u00e9s r\u00e0pides i freq\u00fcents.\r\n\r\n\"La realitat competitiva del segle XXI imposa noves pr\u00e0ctiques, estils i enfocaments de direcci\u00f3. Amb aquestes noves coordenades el que pretenem, en \u00faltima inst\u00e0ncia, \u00e9s oferir una guia pr\u00e0ctica que pugui servir com a punt de refer\u00e8ncia per als m\u00e0xims responsables de la gesti\u00f3 de les organitzacions. Per descomptat, molts CEO ja han pres bona nota dels canvis i han adaptat els seus estils de direcci\u00f3 a les noves circumst\u00e0ncies, per\u00f2 encara hi ha molts alts directius que segueixen liderant les seves organitzacions amb pr\u00e0ctiques i estils caducs. No veuen m\u00e9s enll\u00e0 dels resultats immediats, pensen que l'estrat\u00e8gia corporativa no \u00e9s important, tracten els seus empleats com un recurs m\u00e9s, es limiten a posar en marxa reestructuracions en temps dif\u00edcils i encara creuen que el pressupost \u00e9s el principal mesurador de la marxa de l'empresa. No entenen el nou m\u00f3n i la nova societat en qu\u00e8 vivim, en qu\u00e8 el prop\u00f2sit de l'organitzaci\u00f3 \u00e9s m\u00e9s important que el benefici a curt termini, en qu\u00e8 cal buscar l'equilibri per satisfer tots els 'stakeholders', en qu\u00e8 l'ordre i el comandament i les estructures jer\u00e0rquiques s\u00f3n reempla\u00e7ades per estils de direcci\u00f3 molt m\u00e9s col\u00b7laboratius i per organitzacions m\u00e9s planes, democr\u00e0tiques i flexibles\", va concloure.\r\n\r\nLlopis va iniciar la seva llarga i reeixida traject\u00f2ria al m\u00f3n de la gesti\u00f3 empresarial a la d\u00e8cada dels anys 60 del segle passat a l'empresa de productes carnis <strong>Purlom<\/strong>, en aquells moments en mans de la fam\u00edlia <strong>Carulla<\/strong> (<strong>Gallina Blanca<\/strong>). Va comen\u00e7ar de cap de vendes i al cap de cinc anys ja n'era director general. Aleshores un 'head hunter' el va portar a la multinacional <strong>Moulinex<\/strong>, que tenia previst crear la filial espanyola. Despr\u00e9s d'un per\u00edode a M\u00e8xic i Vene\u00e7uela, Llopis es va guanyar l'apel\u00b7latiu de <strong>Maradona<\/strong> el 1982 arran del seu fitxatge milionari per <strong>Cecsa<\/strong>, obra de <strong>Pere Duran Farell<\/strong>, un per\u00edode a qu\u00e8 van seguir les seves etapes al capdavant d'empreses i marques ic\u00f2niques com <strong>Sol\u00eds<\/strong>, <strong>Nestl\u00e9<\/strong> o <strong>Borges<\/strong>, al sector de l'alimentaci\u00f3, o la paperera <strong>Sarri\u00f3<\/strong>.\r\n\r\nDe la seva vasta traject\u00f2ria acad\u00e8mica, al seu magisteri a IESE se sumen els seus cursos com a professor convidat a les escoles de negocis <strong>IPADE<\/strong> (M\u00e8xic), <strong>AESE<\/strong> (Portugal), <strong>IDE<\/strong> (Equador), <strong>INCAE<\/strong> (Nicaragua), <strong>IEEM<\/strong> (Uruguai), <strong>MDE<\/strong> ( Costa d'Ivori), l'<strong>Institut San Telmo<\/strong> de Sevilla, i <strong>EADA<\/strong>, a Barcelona. Des del 1992 ha organitzat les <strong>Trobades d'Empresaris d'Alimentaci\u00f3 i Begudes<\/strong> de IESE Business School a Espanya i, des del 2015, a M\u00e8xic. El seu curs <strong>\"Qu\u00e9 hacen los Buenos Directivos. Prioridades de la Alta Direcci\u00f3n\"<\/strong> compta amb m\u00e9s de 34.000 alumnes inscrits a la plataforma online <strong>Coursera<\/strong>. Conferenciant habitual i autor de llibres de refer\u00e8ncia en l'\u00e0mbit de la gesti\u00f3 empresarial, va ser elegit com a Millor Director de M\u00e0rqueting d'Espanya el 1975 per la revista <strong>\"Marketing Actualidad\"<\/strong> i Millor Directiu de l'Any el 1982 per l'<strong>Associaci\u00f3 Espanyola de Directius<\/strong>.","_et_gb_content_width":"","footnotes":""},"categories":[268,274,233],"tags":[],"class_list":["post-128943","post","type-post","status-publish","format-standard","has-post-thumbnail","hentry","category-coronavirus-des-del-coneixement","category-economia-i-politica","category-economiques-i-empresarials","et-has-post-format-content","et_post_format-et-post-format-standard"],"yoast_head":"<!-- This site is optimized with the Yoast SEO plugin v27.5 - https:\/\/yoast.com\/product\/yoast-seo-wordpress\/ -->\n<title>Un nou model de gesti\u00f3 per a una nova era - Reial Acad\u00e8mia Europea de Doctors<\/title>\n<meta name=\"description\" content=\"Jaume Llopis ingressa com a acad\u00e8mic de n\u00famero de la RAED, amb un discurs sobre les noves pr\u00e0ctiques imposades per la realitat competitiva actual\" \/>\n<meta name=\"robots\" content=\"index, follow, max-snippet:-1, max-image-preview:large, max-video-preview:-1\" \/>\n<link rel=\"canonical\" href=\"https:\/\/raed.academy\/ca\/un-nou-model-de-gestio-per-a-una-nova-era\/\" \/>\n<meta property=\"og:locale\" content=\"ca_ES\" \/>\n<meta property=\"og:type\" content=\"article\" \/>\n<meta property=\"og:title\" content=\"Un nou model de gesti\u00f3 per a una nova era - Reial Acad\u00e8mia Europea de Doctors\" \/>\n<meta property=\"og:description\" content=\"Jaume Llopis ingressa com a acad\u00e8mic de n\u00famero de la RAED, amb un discurs sobre les noves pr\u00e0ctiques imposades per la realitat competitiva actual\" \/>\n<meta property=\"og:url\" content=\"https:\/\/raed.academy\/ca\/un-nou-model-de-gestio-per-a-una-nova-era\/\" \/>\n<meta property=\"og:site_name\" content=\"Reial Acad\u00e8mia Europea de Doctors\" \/>\n<meta property=\"article:publisher\" content=\"http:\/\/fb.me\/raed.academy\" \/>\n<meta property=\"article:published_time\" content=\"2023-02-10T06:59:51+00:00\" \/>\n<meta property=\"article:modified_time\" content=\"2023-02-14T09:36:45+00:00\" \/>\n<meta property=\"og:image\" content=\"https:\/\/raed.academy\/wp-content\/uploads\/2023\/02\/09-02-2023.Ingreso-RAED-Jaume-Llopis-Casellas-47.webp\" \/>\n\t<meta property=\"og:image:width\" content=\"970\" \/>\n\t<meta property=\"og:image:height\" content=\"647\" \/>\n\t<meta property=\"og:image:type\" content=\"image\/webp\" \/>\n<meta name=\"author\" content=\"RAED\" \/>\n<meta name=\"twitter:card\" content=\"summary_large_image\" \/>\n<meta name=\"twitter:creator\" content=\"@raedacademy\" \/>\n<meta name=\"twitter:site\" content=\"@raedacademy\" \/>\n<meta name=\"twitter:label1\" content=\"Written by\" \/>\n\t<meta name=\"twitter:data1\" content=\"RAED\" \/>\n\t<meta name=\"twitter:label2\" content=\"Est. reading time\" \/>\n\t<meta name=\"twitter:data2\" content=\"5 minutes\" \/>\n<script type=\"application\/ld+json\" class=\"yoast-schema-graph\">{\"@context\":\"https:\\\/\\\/schema.org\",\"@graph\":[{\"@type\":\"Article\",\"@id\":\"https:\\\/\\\/raed.academy\\\/ca\\\/un-nou-model-de-gestio-per-a-una-nova-era\\\/#article\",\"isPartOf\":{\"@id\":\"https:\\\/\\\/raed.academy\\\/ca\\\/un-nou-model-de-gestio-per-a-una-nova-era\\\/\"},\"author\":{\"name\":\"RAED\",\"@id\":\"https:\\\/\\\/raed.academy\\\/ca\\\/#\\\/schema\\\/person\\\/5a755da80d1d979fd66ba745c8702927\"},\"headline\":\"Un nou model de gesti\u00f3 per a una nova era\",\"datePublished\":\"2023-02-10T06:59:51+00:00\",\"dateModified\":\"2023-02-14T09:36:45+00:00\",\"mainEntityOfPage\":{\"@id\":\"https:\\\/\\\/raed.academy\\\/ca\\\/un-nou-model-de-gestio-per-a-una-nova-era\\\/\"},\"wordCount\":1209,\"publisher\":{\"@id\":\"https:\\\/\\\/raed.academy\\\/ca\\\/#organization\"},\"image\":{\"@id\":\"https:\\\/\\\/raed.academy\\\/ca\\\/un-nou-model-de-gestio-per-a-una-nova-era\\\/#primaryimage\"},\"thumbnailUrl\":\"https:\\\/\\\/raed.academy\\\/wp-content\\\/uploads\\\/2023\\\/02\\\/09-02-2023.Ingreso-RAED-Jaume-Llopis-Casellas-47.webp\",\"articleSection\":[\"Coronavirus des del coneixement\",\"Economia i pol\u00edtica\",\"Econ\u00f2miques i Empresarials\"],\"inLanguage\":\"ca-ES\"},{\"@type\":\"WebPage\",\"@id\":\"https:\\\/\\\/raed.academy\\\/ca\\\/un-nou-model-de-gestio-per-a-una-nova-era\\\/\",\"url\":\"https:\\\/\\\/raed.academy\\\/ca\\\/un-nou-model-de-gestio-per-a-una-nova-era\\\/\",\"name\":\"Un nou model de gesti\u00f3 per a una nova era - Reial Acad\u00e8mia Europea de Doctors\",\"isPartOf\":{\"@id\":\"https:\\\/\\\/raed.academy\\\/ca\\\/#website\"},\"primaryImageOfPage\":{\"@id\":\"https:\\\/\\\/raed.academy\\\/ca\\\/un-nou-model-de-gestio-per-a-una-nova-era\\\/#primaryimage\"},\"image\":{\"@id\":\"https:\\\/\\\/raed.academy\\\/ca\\\/un-nou-model-de-gestio-per-a-una-nova-era\\\/#primaryimage\"},\"thumbnailUrl\":\"https:\\\/\\\/raed.academy\\\/wp-content\\\/uploads\\\/2023\\\/02\\\/09-02-2023.Ingreso-RAED-Jaume-Llopis-Casellas-47.webp\",\"datePublished\":\"2023-02-10T06:59:51+00:00\",\"dateModified\":\"2023-02-14T09:36:45+00:00\",\"description\":\"Jaume Llopis ingressa com a acad\u00e8mic de n\u00famero de la RAED, amb un discurs sobre les noves pr\u00e0ctiques imposades per la realitat competitiva actual\",\"breadcrumb\":{\"@id\":\"https:\\\/\\\/raed.academy\\\/ca\\\/un-nou-model-de-gestio-per-a-una-nova-era\\\/#breadcrumb\"},\"inLanguage\":\"ca-ES\",\"potentialAction\":[{\"@type\":\"ReadAction\",\"target\":[\"https:\\\/\\\/raed.academy\\\/ca\\\/un-nou-model-de-gestio-per-a-una-nova-era\\\/\"]}]},{\"@type\":\"ImageObject\",\"inLanguage\":\"ca-ES\",\"@id\":\"https:\\\/\\\/raed.academy\\\/ca\\\/un-nou-model-de-gestio-per-a-una-nova-era\\\/#primaryimage\",\"url\":\"https:\\\/\\\/raed.academy\\\/wp-content\\\/uploads\\\/2023\\\/02\\\/09-02-2023.Ingreso-RAED-Jaume-Llopis-Casellas-47.webp\",\"contentUrl\":\"https:\\\/\\\/raed.academy\\\/wp-content\\\/uploads\\\/2023\\\/02\\\/09-02-2023.Ingreso-RAED-Jaume-Llopis-Casellas-47.webp\",\"width\":970,\"height\":647},{\"@type\":\"BreadcrumbList\",\"@id\":\"https:\\\/\\\/raed.academy\\\/ca\\\/un-nou-model-de-gestio-per-a-una-nova-era\\\/#breadcrumb\",\"itemListElement\":[{\"@type\":\"ListItem\",\"position\":1,\"name\":\"Inicio\",\"item\":\"https:\\\/\\\/raed.academy\\\/ca\\\/\"},{\"@type\":\"ListItem\",\"position\":2,\"name\":\"Un nou model de gesti\u00f3 per a una nova era\"}]},{\"@type\":\"WebSite\",\"@id\":\"https:\\\/\\\/raed.academy\\\/ca\\\/#website\",\"url\":\"https:\\\/\\\/raed.academy\\\/ca\\\/\",\"name\":\"Reial Acad\u00e8mia Europea de Doctors\",\"description\":\"Corporaci\u00f3n de derecho p\u00fablico de car\u00e1cter cient\u00edfico, t\u00e9cnico y art\u00edstico, que tiene por objeto la investigaci\u00f3n, el estudio, el fomento y la extensi\u00f3n del conocimiento en su sentido m\u00e1s amplio\",\"publisher\":{\"@id\":\"https:\\\/\\\/raed.academy\\\/ca\\\/#organization\"},\"potentialAction\":[{\"@type\":\"SearchAction\",\"target\":{\"@type\":\"EntryPoint\",\"urlTemplate\":\"https:\\\/\\\/raed.academy\\\/ca\\\/?s={search_term_string}\"},\"query-input\":{\"@type\":\"PropertyValueSpecification\",\"valueRequired\":true,\"valueName\":\"search_term_string\"}}],\"inLanguage\":\"ca-ES\"},{\"@type\":\"Organization\",\"@id\":\"https:\\\/\\\/raed.academy\\\/ca\\\/#organization\",\"name\":\"Real Academia Europea de Doctores\",\"url\":\"https:\\\/\\\/raed.academy\\\/ca\\\/\",\"logo\":{\"@type\":\"ImageObject\",\"inLanguage\":\"ca-ES\",\"@id\":\"https:\\\/\\\/raed.academy\\\/ca\\\/#\\\/schema\\\/logo\\\/image\\\/\",\"url\":\"https:\\\/\\\/raed.academy\\\/wp-content\\\/uploads\\\/2017\\\/01\\\/cropped-logo_raed.png\",\"contentUrl\":\"https:\\\/\\\/raed.academy\\\/wp-content\\\/uploads\\\/2017\\\/01\\\/cropped-logo_raed.png\",\"width\":512,\"height\":512,\"caption\":\"Real Academia Europea de Doctores\"},\"image\":{\"@id\":\"https:\\\/\\\/raed.academy\\\/ca\\\/#\\\/schema\\\/logo\\\/image\\\/\"},\"sameAs\":[\"http:\\\/\\\/fb.me\\\/raed.academy\",\"https:\\\/\\\/x.com\\\/raedacademy\",\"https:\\\/\\\/www.instagram.com\\\/raed.academy\\\/\",\"https:\\\/\\\/www.youtube.com\\\/channel\\\/UCUYQwW2KrdirNWihxMDObwg\"]},{\"@type\":\"Person\",\"@id\":\"https:\\\/\\\/raed.academy\\\/ca\\\/#\\\/schema\\\/person\\\/5a755da80d1d979fd66ba745c8702927\",\"name\":\"RAED\",\"image\":{\"@type\":\"ImageObject\",\"inLanguage\":\"ca-ES\",\"@id\":\"https:\\\/\\\/secure.gravatar.com\\\/avatar\\\/19fdfdc0d67fb9c45714b703a2ac82251c4fcea3637f002ac3c9b74c0183583c?s=96&d=mm&r=g\",\"url\":\"https:\\\/\\\/secure.gravatar.com\\\/avatar\\\/19fdfdc0d67fb9c45714b703a2ac82251c4fcea3637f002ac3c9b74c0183583c?s=96&d=mm&r=g\",\"contentUrl\":\"https:\\\/\\\/secure.gravatar.com\\\/avatar\\\/19fdfdc0d67fb9c45714b703a2ac82251c4fcea3637f002ac3c9b74c0183583c?s=96&d=mm&r=g\",\"caption\":\"RAED\"}}]}<\/script>\n<!-- \/ Yoast SEO plugin. -->","yoast_head_json":{"title":"Un nou model de gesti\u00f3 per a una nova era - Reial Acad\u00e8mia Europea de Doctors","description":"Jaume Llopis ingressa com a acad\u00e8mic de n\u00famero de la RAED, amb un discurs sobre les noves pr\u00e0ctiques imposades per la realitat competitiva actual","robots":{"index":"index","follow":"follow","max-snippet":"max-snippet:-1","max-image-preview":"max-image-preview:large","max-video-preview":"max-video-preview:-1"},"canonical":"https:\/\/raed.academy\/ca\/un-nou-model-de-gestio-per-a-una-nova-era\/","og_locale":"ca_ES","og_type":"article","og_title":"Un nou model de gesti\u00f3 per a una nova era - Reial Acad\u00e8mia Europea de Doctors","og_description":"Jaume Llopis ingressa com a acad\u00e8mic de n\u00famero de la RAED, amb un discurs sobre les noves pr\u00e0ctiques imposades per la realitat competitiva actual","og_url":"https:\/\/raed.academy\/ca\/un-nou-model-de-gestio-per-a-una-nova-era\/","og_site_name":"Reial Acad\u00e8mia Europea de Doctors","article_publisher":"http:\/\/fb.me\/raed.academy","article_published_time":"2023-02-10T06:59:51+00:00","article_modified_time":"2023-02-14T09:36:45+00:00","og_image":[{"width":970,"height":647,"url":"https:\/\/raed.academy\/wp-content\/uploads\/2023\/02\/09-02-2023.Ingreso-RAED-Jaume-Llopis-Casellas-47.webp","type":"image\/webp"}],"author":"RAED","twitter_card":"summary_large_image","twitter_creator":"@raedacademy","twitter_site":"@raedacademy","twitter_misc":{"Written by":"RAED","Est. reading time":"5 minutes"},"schema":{"@context":"https:\/\/schema.org","@graph":[{"@type":"Article","@id":"https:\/\/raed.academy\/ca\/un-nou-model-de-gestio-per-a-una-nova-era\/#article","isPartOf":{"@id":"https:\/\/raed.academy\/ca\/un-nou-model-de-gestio-per-a-una-nova-era\/"},"author":{"name":"RAED","@id":"https:\/\/raed.academy\/ca\/#\/schema\/person\/5a755da80d1d979fd66ba745c8702927"},"headline":"Un nou model de gesti\u00f3 per a una nova era","datePublished":"2023-02-10T06:59:51+00:00","dateModified":"2023-02-14T09:36:45+00:00","mainEntityOfPage":{"@id":"https:\/\/raed.academy\/ca\/un-nou-model-de-gestio-per-a-una-nova-era\/"},"wordCount":1209,"publisher":{"@id":"https:\/\/raed.academy\/ca\/#organization"},"image":{"@id":"https:\/\/raed.academy\/ca\/un-nou-model-de-gestio-per-a-una-nova-era\/#primaryimage"},"thumbnailUrl":"https:\/\/raed.academy\/wp-content\/uploads\/2023\/02\/09-02-2023.Ingreso-RAED-Jaume-Llopis-Casellas-47.webp","articleSection":["Coronavirus des del coneixement","Economia i pol\u00edtica","Econ\u00f2miques i Empresarials"],"inLanguage":"ca-ES"},{"@type":"WebPage","@id":"https:\/\/raed.academy\/ca\/un-nou-model-de-gestio-per-a-una-nova-era\/","url":"https:\/\/raed.academy\/ca\/un-nou-model-de-gestio-per-a-una-nova-era\/","name":"Un nou model de gesti\u00f3 per a una nova era - Reial Acad\u00e8mia Europea de Doctors","isPartOf":{"@id":"https:\/\/raed.academy\/ca\/#website"},"primaryImageOfPage":{"@id":"https:\/\/raed.academy\/ca\/un-nou-model-de-gestio-per-a-una-nova-era\/#primaryimage"},"image":{"@id":"https:\/\/raed.academy\/ca\/un-nou-model-de-gestio-per-a-una-nova-era\/#primaryimage"},"thumbnailUrl":"https:\/\/raed.academy\/wp-content\/uploads\/2023\/02\/09-02-2023.Ingreso-RAED-Jaume-Llopis-Casellas-47.webp","datePublished":"2023-02-10T06:59:51+00:00","dateModified":"2023-02-14T09:36:45+00:00","description":"Jaume Llopis ingressa com a acad\u00e8mic de n\u00famero de la RAED, amb un discurs sobre les noves pr\u00e0ctiques imposades per la realitat competitiva actual","breadcrumb":{"@id":"https:\/\/raed.academy\/ca\/un-nou-model-de-gestio-per-a-una-nova-era\/#breadcrumb"},"inLanguage":"ca-ES","potentialAction":[{"@type":"ReadAction","target":["https:\/\/raed.academy\/ca\/un-nou-model-de-gestio-per-a-una-nova-era\/"]}]},{"@type":"ImageObject","inLanguage":"ca-ES","@id":"https:\/\/raed.academy\/ca\/un-nou-model-de-gestio-per-a-una-nova-era\/#primaryimage","url":"https:\/\/raed.academy\/wp-content\/uploads\/2023\/02\/09-02-2023.Ingreso-RAED-Jaume-Llopis-Casellas-47.webp","contentUrl":"https:\/\/raed.academy\/wp-content\/uploads\/2023\/02\/09-02-2023.Ingreso-RAED-Jaume-Llopis-Casellas-47.webp","width":970,"height":647},{"@type":"BreadcrumbList","@id":"https:\/\/raed.academy\/ca\/un-nou-model-de-gestio-per-a-una-nova-era\/#breadcrumb","itemListElement":[{"@type":"ListItem","position":1,"name":"Inicio","item":"https:\/\/raed.academy\/ca\/"},{"@type":"ListItem","position":2,"name":"Un nou model de gesti\u00f3 per a una nova era"}]},{"@type":"WebSite","@id":"https:\/\/raed.academy\/ca\/#website","url":"https:\/\/raed.academy\/ca\/","name":"Reial Acad\u00e8mia Europea de Doctors","description":"Corporaci\u00f3n de derecho p\u00fablico de car\u00e1cter cient\u00edfico, t\u00e9cnico y art\u00edstico, que tiene por objeto la investigaci\u00f3n, el estudio, el fomento y la extensi\u00f3n del conocimiento en su sentido m\u00e1s amplio","publisher":{"@id":"https:\/\/raed.academy\/ca\/#organization"},"potentialAction":[{"@type":"SearchAction","target":{"@type":"EntryPoint","urlTemplate":"https:\/\/raed.academy\/ca\/?s={search_term_string}"},"query-input":{"@type":"PropertyValueSpecification","valueRequired":true,"valueName":"search_term_string"}}],"inLanguage":"ca-ES"},{"@type":"Organization","@id":"https:\/\/raed.academy\/ca\/#organization","name":"Real Academia Europea de Doctores","url":"https:\/\/raed.academy\/ca\/","logo":{"@type":"ImageObject","inLanguage":"ca-ES","@id":"https:\/\/raed.academy\/ca\/#\/schema\/logo\/image\/","url":"https:\/\/raed.academy\/wp-content\/uploads\/2017\/01\/cropped-logo_raed.png","contentUrl":"https:\/\/raed.academy\/wp-content\/uploads\/2017\/01\/cropped-logo_raed.png","width":512,"height":512,"caption":"Real Academia Europea de Doctores"},"image":{"@id":"https:\/\/raed.academy\/ca\/#\/schema\/logo\/image\/"},"sameAs":["http:\/\/fb.me\/raed.academy","https:\/\/x.com\/raedacademy","https:\/\/www.instagram.com\/raed.academy\/","https:\/\/www.youtube.com\/channel\/UCUYQwW2KrdirNWihxMDObwg"]},{"@type":"Person","@id":"https:\/\/raed.academy\/ca\/#\/schema\/person\/5a755da80d1d979fd66ba745c8702927","name":"RAED","image":{"@type":"ImageObject","inLanguage":"ca-ES","@id":"https:\/\/secure.gravatar.com\/avatar\/19fdfdc0d67fb9c45714b703a2ac82251c4fcea3637f002ac3c9b74c0183583c?s=96&d=mm&r=g","url":"https:\/\/secure.gravatar.com\/avatar\/19fdfdc0d67fb9c45714b703a2ac82251c4fcea3637f002ac3c9b74c0183583c?s=96&d=mm&r=g","contentUrl":"https:\/\/secure.gravatar.com\/avatar\/19fdfdc0d67fb9c45714b703a2ac82251c4fcea3637f002ac3c9b74c0183583c?s=96&d=mm&r=g","caption":"RAED"}}]}},"_links":{"self":[{"href":"https:\/\/raed.academy\/ca\/wp-json\/wp\/v2\/posts\/128943","targetHints":{"allow":["GET"]}}],"collection":[{"href":"https:\/\/raed.academy\/ca\/wp-json\/wp\/v2\/posts"}],"about":[{"href":"https:\/\/raed.academy\/ca\/wp-json\/wp\/v2\/types\/post"}],"author":[{"embeddable":true,"href":"https:\/\/raed.academy\/ca\/wp-json\/wp\/v2\/users\/12"}],"replies":[{"embeddable":true,"href":"https:\/\/raed.academy\/ca\/wp-json\/wp\/v2\/comments?post=128943"}],"version-history":[{"count":0,"href":"https:\/\/raed.academy\/ca\/wp-json\/wp\/v2\/posts\/128943\/revisions"}],"wp:featuredmedia":[{"embeddable":true,"href":"https:\/\/raed.academy\/ca\/wp-json\/wp\/v2\/media\/129066"}],"wp:attachment":[{"href":"https:\/\/raed.academy\/ca\/wp-json\/wp\/v2\/media?parent=128943"}],"wp:term":[{"taxonomy":"category","embeddable":true,"href":"https:\/\/raed.academy\/ca\/wp-json\/wp\/v2\/categories?post=128943"},{"taxonomy":"post_tag","embeddable":true,"href":"https:\/\/raed.academy\/ca\/wp-json\/wp\/v2\/tags?post=128943"}],"curies":[{"name":"wp","href":"https:\/\/api.w.org\/{rel}","templated":true}]}}