{"id":126988,"date":"2023-01-05T07:16:22","date_gmt":"2023-01-05T07:16:22","guid":{"rendered":"https:\/\/raed.academy\/?p=126988"},"modified":"2023-01-10T09:44:12","modified_gmt":"2023-01-10T09:44:12","slug":"nou-magisteris-per-a-un-segle-convuls","status":"publish","type":"post","link":"https:\/\/raed.academy\/ca\/nou-magisteris-per-a-un-segle-convuls\/","title":{"rendered":"Nou magisteris per a un segle convuls"},"content":{"rendered":"<div id=\"attachment_101903\" style=\"width: 360px\" class=\"wp-caption alignright\"><img loading=\"lazy\" decoding=\"async\" aria-describedby=\"caption-attachment-101903\" class=\"wp-image-101903 size-full\" src=\"https:\/\/raed.academy\/wp-content\/uploads\/2021\/04\/Juan-Pablo-II-dst.jpeg\" alt=\"\" width=\"350\" height=\"210\" aria-describedby=\"caption-attachment-101903\" \/><p id=\"caption-attachment-101903\" class=\"wp-caption-text\">Juan Pablo II<\/p><\/div>\n<p><a href=\"https:\/\/raed.academy\/ca\/academics\/dr-josep-ignasi-saranyana-closa\/\" target=\"_blank\" rel=\"noopener\"><em><strong>Josep Ignasi Saranyana<\/strong><\/em><\/a>, professor em\u00e8rit de la <strong>Universitat de Navarra<\/strong>, membre &#8220;in carica&#8221; del <strong>Pontifici Comit\u00e8 de Ci\u00e8ncies Hist\u00f2riques<\/strong> i acad\u00e8mic em\u00e8rit de la <strong>Reial Acad\u00e8mia Europea de Doctors-Barcelona 1914<\/strong> (RAED), comparteix amb la comunitat acad\u00e8mica l&#8217;article <strong>&#8220;Balance de los pontificados del siglo XX&#8221;<\/strong>, on repassa de forma succinta els pontificats de <strong>Lle\u00f3 XIII<\/strong> (1878-1903), <strong>Pius X<\/strong> (1903-1914), <strong>Benet XV<\/strong> (1914-1922), <strong>Pius XI<\/strong> (1922-1939), <strong>Pius XII<\/strong> (1939-1958), <strong>Joan XXIII<\/strong> (1958-1963), <strong>Pau VI<\/strong> (1963-1978), <strong>Joan Pau I<\/strong> (1978) i <strong>Joan Pau II<\/strong> (1978-2005), el papa que ocupava la c\u00e0tedra de sant <strong>Pere<\/strong> quan va escriure l&#8217;article, que es va publicar a l&#8217;<strong>Anuario de Historia de la Iglesia<\/strong>, n\u00famero 6, corresponent a l&#8217;any 1997.<\/p>\n<p>&#8220;Els grans temes que han preocupat la humanitat al segle XX han estat presents als magisteris dels pont\u00edfexs d&#8217;aquest segle. Als seus missatges trobem constants refer\u00e8ncies a la pau i a la guerra, a la democr\u00e0cia i a la tirania, a les llibertats individuals, els drets humans i la qualitat de vida, la projecci\u00f3 de l&#8217;Evangeli a l&#8217;activitat p\u00fablica, la renovaci\u00f3 de l&#8217;experi\u00e8ncia cristiana individual, l&#8217;evangelitzaci\u00f3 dels nous estats descolonitzats i la revitalitzaci\u00f3 de la pr\u00e0ctica espiritual als pa\u00efsos d&#8217;antiga tradici\u00f3 cristiana, a les vocacions sacerdotals i a l&#8217;estat religi\u00f3s, al di\u00e0leg de la fe amb la cultura, a l&#8217;estabilitat i la identitat de la fam\u00edlia, als nous enfocaments educatius, a les transformacions del m\u00f3n econ\u00f2mic i laboral&#8230; intervencions papals que no han estat nom\u00e9s te\u00f2riques, \u00e9s a dir, purament doctrinals, sin\u00f3 d&#8217;acci\u00f3&#8221;, inicia <strong>Saranyana<\/strong> la seva reflexi\u00f3.<\/p>\n<p>Per a l&#8217;acad\u00e8mic, aquests nou pont\u00edfexs van viure, van patir i van dedicar la seva tasca pastoral a afrontar els problemes i preocupacions que els va tocar viure, en comuni\u00f3 amb tota la comunitat cristiana com pocs papes ho havien estat amb anterioritat. En aquest sentit, destaca la preocupaci\u00f3 social de\u00a0<strong>Lle\u00f3 XIII<\/strong> i sant <strong>Pius X<\/strong> i la seva incid\u00e8ncia en la doctrina social de l&#8217;Esgl\u00e9sia en un context teol\u00f2gic. Sobre Benet XV assenyala que va treballar intensament per pal\u00b7liar els efectes de la Gran Guerra amb una destacada tasca humanit\u00e0ria despr\u00e9s de veure com fracassaven els seus intents per aturar el conflicte.<\/p>\n<p>Pel que fa al magisteri de Pius XI, <strong>Saranyana<\/strong> destaca que va ser d&#8217;una intensitat poques vegades igualada. &#8220;La seva resist\u00e8ncia i condemna posterior del feixisme, nazisme i comunisme; la seva intervenci\u00f3, de vegades malinterpretada, a la Guerra Cristera i a la Guerra Civil Espanyola, van ser decisions molt complexes i puriformes, que han donat peu a pronunciaments poc ponderats per part d&#8217;alguns historiadors&#8221;, afirma. Del pontificat de Pius XII, per part seva, assenyala que va ser el del papa acollidor de les v\u00edctimes d&#8217;una altra guerra en qu\u00e8 tamb\u00e9 va tractar en va d&#8217;inferir.<\/p>\n<div id=\"attachment_102137\" style=\"width: 380px\" class=\"wp-caption alignleft\"><img loading=\"lazy\" decoding=\"async\" aria-describedby=\"caption-attachment-102137\" class=\"wp-image-102137\" src=\"https:\/\/raed.academy\/wp-content\/uploads\/2021\/04\/Josep-Ignasi-Saranyana-dst.jpg\" sizes=\"(max-width: 370px) 100vw, 370px\" srcset=\"https:\/\/raed.academy\/wp-content\/uploads\/2021\/04\/Josep-Ignasi-Saranyana-dst.jpg 500w, https:\/\/raed.academy\/wp-content\/uploads\/2021\/04\/Josep-Ignasi-Saranyana-dst-440x264.jpg 440w\" alt=\"Josep Ignasi Saranyana\" width=\"370\" height=\"222\" aria-describedby=\"caption-attachment-102137\" \/><p id=\"caption-attachment-102137\" class=\"wp-caption-text\">Dr. Josep Ignasi Saranyana<\/p><\/div>\n<p><strong>Joan XXIII<\/strong> el recorda inevitablement com el papa que va convocar el <strong>Concili Vatic\u00e0 II<\/strong> i el seu curt pontificat va suposar una notable renovaci\u00f3 de l&#8217;Esgl\u00e9sia en molts aspectes. Una tasca en qu\u00e8 el va acompanyar el seu successor, Pau VI, una figura particularment estimada en la hist\u00f2ria recent de l\u2019Esgl\u00e9sia. &#8220;Ell va aconseguir reencaminar el concili, que es trobava en un imp\u00e0s dif\u00edcil, prenent decididament les seves regnes; ell va haver de c\u00f3rrer amb la responsabilitat d&#8217;aplicar les disposicions conciliars, especialment en lit\u00fargia (tant de la Missa com dels sagraments); ell, tamb\u00e9, va haver de suportar els brots m\u00e9s dram\u00e0tics de la crisi postconciliar, entre elles la dolorosa escissi\u00f3 de l&#8217;arquebisbe <strong>Marcel Lefevbre<\/strong>&#8220;, considera.<\/p>\n<p>Finalment, <strong>Saranyana<\/strong> defineix la figura de <strong>Joan Pau I<\/strong>, el papa a qui se&#8217;l recordar\u00e0 pel seu somriure i el seu breu pontificat, com &#8220;una brisa fresca en una tarda de xafogor&#8221;. I sobre Joan Pau II considera que va ser estat el papa defensor dels m\u00e9s febles, protector de la vida i de les llibertats fonamentals, a m\u00e9s de destacar la seva tasca evangelitzadora gr\u00e0cies als nombrosos viatges i la valentia per tancar velles ferides de l&#8217;Esgl\u00e9sia, recordant el judici a <strong>Galileu Galilei<\/strong>. Un papa, assegura, que va posar l&#8217;Esgl\u00e9sia en el cam\u00ed del tercer mil\u00b7lenni, abans que li succe\u00eds l&#8217;ara malaguanyat <strong>Benet XVI<\/strong> ja al segle XXI.<\/p>\n<h2><a href=\"https:\/\/dialnet.unirioja.es\/servlet\/articulo?codigo=1203858\" target=\"_blank\" rel=\"noopener\">Llegiu l\u2019article<\/a><\/h2>\n","protected":false},"excerpt":{"rendered":"<p>Josep Ignasi Saranyana repassa al seu article els pontificats del segle XX, els nou pont\u00edfex dels quals van viure, van patir i van dedicar la seva tasca pastoral a afrontar els problemes i preocupacions que els va tocar viure<\/p>\n","protected":false},"author":12,"featured_media":101904,"comment_status":"closed","ping_status":"closed","sticky":false,"template":"","format":"standard","meta":{"_et_pb_use_builder":"","_et_pb_old_content":"","_et_gb_content_width":"","footnotes":""},"categories":[242,252],"tags":[],"class_list":["post-126988","post","type-post","status-publish","format-standard","has-post-thumbnail","hentry","category-categ-historia","category-teologia-ca","et-has-post-format-content","et_post_format-et-post-format-standard"],"yoast_head":"<!-- This site is optimized with the Yoast SEO plugin v27.4 - https:\/\/yoast.com\/product\/yoast-seo-wordpress\/ -->\n<title>Nou magisteris per a un segle convuls - Reial Acad\u00e8mia Europea de Doctors<\/title>\n<meta name=\"description\" content=\"Josep Ignasi Saranyana repassa els pontificats del segle XX, els nou pont\u00edfexs dels quals van dedicar la seva tasca a afrontar els problemes que els va tocar viure\" \/>\n<meta name=\"robots\" content=\"index, follow, max-snippet:-1, max-image-preview:large, max-video-preview:-1\" \/>\n<link rel=\"canonical\" href=\"https:\/\/raed.academy\/ca\/nou-magisteris-per-a-un-segle-convuls\/\" \/>\n<meta property=\"og:locale\" content=\"ca_ES\" \/>\n<meta property=\"og:type\" content=\"article\" \/>\n<meta property=\"og:title\" content=\"Nou magisteris per a un segle convuls - Reial Acad\u00e8mia Europea de Doctors\" \/>\n<meta property=\"og:description\" content=\"Josep Ignasi Saranyana repassa els pontificats del segle XX, els nou pont\u00edfexs dels quals van dedicar la seva tasca a afrontar els problemes que els va tocar viure\" \/>\n<meta property=\"og:url\" content=\"https:\/\/raed.academy\/ca\/nou-magisteris-per-a-un-segle-convuls\/\" \/>\n<meta property=\"og:site_name\" content=\"Reial Acad\u00e8mia Europea de Doctors\" \/>\n<meta property=\"article:publisher\" content=\"http:\/\/fb.me\/raed.academy\" \/>\n<meta property=\"article:published_time\" content=\"2023-01-05T07:16:22+00:00\" \/>\n<meta property=\"article:modified_time\" content=\"2023-01-10T09:44:12+00:00\" \/>\n<meta property=\"og:image\" content=\"https:\/\/raed.academy\/wp-content\/uploads\/2021\/04\/Juan-Pablo-II-dst.jpeg\" \/>\n\t<meta property=\"og:image:width\" content=\"350\" \/>\n\t<meta property=\"og:image:height\" content=\"210\" \/>\n\t<meta property=\"og:image:type\" content=\"image\/jpeg\" \/>\n<meta name=\"author\" content=\"RAED\" \/>\n<meta name=\"twitter:card\" content=\"summary_large_image\" \/>\n<meta name=\"twitter:creator\" content=\"@raedacademy\" \/>\n<meta name=\"twitter:site\" content=\"@raedacademy\" \/>\n<meta name=\"twitter:label1\" content=\"Written by\" \/>\n\t<meta name=\"twitter:data1\" content=\"RAED\" \/>\n\t<meta name=\"twitter:label2\" content=\"Est. reading time\" \/>\n\t<meta name=\"twitter:data2\" content=\"4 minutes\" \/>\n<script type=\"application\/ld+json\" class=\"yoast-schema-graph\">{\"@context\":\"https:\\\/\\\/schema.org\",\"@graph\":[{\"@type\":\"Article\",\"@id\":\"https:\\\/\\\/raed.academy\\\/ca\\\/nou-magisteris-per-a-un-segle-convuls\\\/#article\",\"isPartOf\":{\"@id\":\"https:\\\/\\\/raed.academy\\\/ca\\\/nou-magisteris-per-a-un-segle-convuls\\\/\"},\"author\":{\"name\":\"RAED\",\"@id\":\"https:\\\/\\\/raed.academy\\\/ca\\\/#\\\/schema\\\/person\\\/5a755da80d1d979fd66ba745c8702927\"},\"headline\":\"Nou magisteris per a un segle convuls\",\"datePublished\":\"2023-01-05T07:16:22+00:00\",\"dateModified\":\"2023-01-10T09:44:12+00:00\",\"mainEntityOfPage\":{\"@id\":\"https:\\\/\\\/raed.academy\\\/ca\\\/nou-magisteris-per-a-un-segle-convuls\\\/\"},\"wordCount\":777,\"publisher\":{\"@id\":\"https:\\\/\\\/raed.academy\\\/ca\\\/#organization\"},\"image\":{\"@id\":\"https:\\\/\\\/raed.academy\\\/ca\\\/nou-magisteris-per-a-un-segle-convuls\\\/#primaryimage\"},\"thumbnailUrl\":\"https:\\\/\\\/raed.academy\\\/wp-content\\\/uploads\\\/2021\\\/04\\\/Juan-Pablo-II-dst.jpeg\",\"articleSection\":[\"Hist\u00f2ria\",\"Teologia\"],\"inLanguage\":\"ca-ES\"},{\"@type\":\"WebPage\",\"@id\":\"https:\\\/\\\/raed.academy\\\/ca\\\/nou-magisteris-per-a-un-segle-convuls\\\/\",\"url\":\"https:\\\/\\\/raed.academy\\\/ca\\\/nou-magisteris-per-a-un-segle-convuls\\\/\",\"name\":\"Nou magisteris per a un segle convuls - Reial Acad\u00e8mia Europea de Doctors\",\"isPartOf\":{\"@id\":\"https:\\\/\\\/raed.academy\\\/ca\\\/#website\"},\"primaryImageOfPage\":{\"@id\":\"https:\\\/\\\/raed.academy\\\/ca\\\/nou-magisteris-per-a-un-segle-convuls\\\/#primaryimage\"},\"image\":{\"@id\":\"https:\\\/\\\/raed.academy\\\/ca\\\/nou-magisteris-per-a-un-segle-convuls\\\/#primaryimage\"},\"thumbnailUrl\":\"https:\\\/\\\/raed.academy\\\/wp-content\\\/uploads\\\/2021\\\/04\\\/Juan-Pablo-II-dst.jpeg\",\"datePublished\":\"2023-01-05T07:16:22+00:00\",\"dateModified\":\"2023-01-10T09:44:12+00:00\",\"description\":\"Josep Ignasi Saranyana repassa els pontificats del segle XX, els nou pont\u00edfexs dels quals van dedicar la seva tasca a afrontar els problemes que els va tocar viure\",\"breadcrumb\":{\"@id\":\"https:\\\/\\\/raed.academy\\\/ca\\\/nou-magisteris-per-a-un-segle-convuls\\\/#breadcrumb\"},\"inLanguage\":\"ca-ES\",\"potentialAction\":[{\"@type\":\"ReadAction\",\"target\":[\"https:\\\/\\\/raed.academy\\\/ca\\\/nou-magisteris-per-a-un-segle-convuls\\\/\"]}]},{\"@type\":\"ImageObject\",\"inLanguage\":\"ca-ES\",\"@id\":\"https:\\\/\\\/raed.academy\\\/ca\\\/nou-magisteris-per-a-un-segle-convuls\\\/#primaryimage\",\"url\":\"https:\\\/\\\/raed.academy\\\/wp-content\\\/uploads\\\/2021\\\/04\\\/Juan-Pablo-II-dst.jpeg\",\"contentUrl\":\"https:\\\/\\\/raed.academy\\\/wp-content\\\/uploads\\\/2021\\\/04\\\/Juan-Pablo-II-dst.jpeg\",\"width\":350,\"height\":210},{\"@type\":\"BreadcrumbList\",\"@id\":\"https:\\\/\\\/raed.academy\\\/ca\\\/nou-magisteris-per-a-un-segle-convuls\\\/#breadcrumb\",\"itemListElement\":[{\"@type\":\"ListItem\",\"position\":1,\"name\":\"Inicio\",\"item\":\"https:\\\/\\\/raed.academy\\\/ca\\\/\"},{\"@type\":\"ListItem\",\"position\":2,\"name\":\"Nou magisteris per a un segle convuls\"}]},{\"@type\":\"WebSite\",\"@id\":\"https:\\\/\\\/raed.academy\\\/ca\\\/#website\",\"url\":\"https:\\\/\\\/raed.academy\\\/ca\\\/\",\"name\":\"Reial Acad\u00e8mia Europea de Doctors\",\"description\":\"Corporaci\u00f3n de derecho p\u00fablico de car\u00e1cter cient\u00edfico, t\u00e9cnico y art\u00edstico, que tiene por objeto la investigaci\u00f3n, el estudio, el fomento y la extensi\u00f3n del conocimiento en su sentido m\u00e1s amplio\",\"publisher\":{\"@id\":\"https:\\\/\\\/raed.academy\\\/ca\\\/#organization\"},\"potentialAction\":[{\"@type\":\"SearchAction\",\"target\":{\"@type\":\"EntryPoint\",\"urlTemplate\":\"https:\\\/\\\/raed.academy\\\/ca\\\/?s={search_term_string}\"},\"query-input\":{\"@type\":\"PropertyValueSpecification\",\"valueRequired\":true,\"valueName\":\"search_term_string\"}}],\"inLanguage\":\"ca-ES\"},{\"@type\":\"Organization\",\"@id\":\"https:\\\/\\\/raed.academy\\\/ca\\\/#organization\",\"name\":\"Real Academia Europea de Doctores\",\"url\":\"https:\\\/\\\/raed.academy\\\/ca\\\/\",\"logo\":{\"@type\":\"ImageObject\",\"inLanguage\":\"ca-ES\",\"@id\":\"https:\\\/\\\/raed.academy\\\/ca\\\/#\\\/schema\\\/logo\\\/image\\\/\",\"url\":\"https:\\\/\\\/raed.academy\\\/wp-content\\\/uploads\\\/2017\\\/01\\\/cropped-logo_raed.png\",\"contentUrl\":\"https:\\\/\\\/raed.academy\\\/wp-content\\\/uploads\\\/2017\\\/01\\\/cropped-logo_raed.png\",\"width\":512,\"height\":512,\"caption\":\"Real Academia Europea de Doctores\"},\"image\":{\"@id\":\"https:\\\/\\\/raed.academy\\\/ca\\\/#\\\/schema\\\/logo\\\/image\\\/\"},\"sameAs\":[\"http:\\\/\\\/fb.me\\\/raed.academy\",\"https:\\\/\\\/x.com\\\/raedacademy\",\"https:\\\/\\\/www.instagram.com\\\/raed.academy\\\/\",\"https:\\\/\\\/www.youtube.com\\\/channel\\\/UCUYQwW2KrdirNWihxMDObwg\"]},{\"@type\":\"Person\",\"@id\":\"https:\\\/\\\/raed.academy\\\/ca\\\/#\\\/schema\\\/person\\\/5a755da80d1d979fd66ba745c8702927\",\"name\":\"RAED\",\"image\":{\"@type\":\"ImageObject\",\"inLanguage\":\"ca-ES\",\"@id\":\"https:\\\/\\\/secure.gravatar.com\\\/avatar\\\/19fdfdc0d67fb9c45714b703a2ac82251c4fcea3637f002ac3c9b74c0183583c?s=96&d=mm&r=g\",\"url\":\"https:\\\/\\\/secure.gravatar.com\\\/avatar\\\/19fdfdc0d67fb9c45714b703a2ac82251c4fcea3637f002ac3c9b74c0183583c?s=96&d=mm&r=g\",\"contentUrl\":\"https:\\\/\\\/secure.gravatar.com\\\/avatar\\\/19fdfdc0d67fb9c45714b703a2ac82251c4fcea3637f002ac3c9b74c0183583c?s=96&d=mm&r=g\",\"caption\":\"RAED\"}}]}<\/script>\n<!-- \/ Yoast SEO plugin. -->","yoast_head_json":{"title":"Nou magisteris per a un segle convuls - Reial Acad\u00e8mia Europea de Doctors","description":"Josep Ignasi Saranyana repassa els pontificats del segle XX, els nou pont\u00edfexs dels quals van dedicar la seva tasca a afrontar els problemes que els va tocar viure","robots":{"index":"index","follow":"follow","max-snippet":"max-snippet:-1","max-image-preview":"max-image-preview:large","max-video-preview":"max-video-preview:-1"},"canonical":"https:\/\/raed.academy\/ca\/nou-magisteris-per-a-un-segle-convuls\/","og_locale":"ca_ES","og_type":"article","og_title":"Nou magisteris per a un segle convuls - Reial Acad\u00e8mia Europea de Doctors","og_description":"Josep Ignasi Saranyana repassa els pontificats del segle XX, els nou pont\u00edfexs dels quals van dedicar la seva tasca a afrontar els problemes que els va tocar viure","og_url":"https:\/\/raed.academy\/ca\/nou-magisteris-per-a-un-segle-convuls\/","og_site_name":"Reial Acad\u00e8mia Europea de Doctors","article_publisher":"http:\/\/fb.me\/raed.academy","article_published_time":"2023-01-05T07:16:22+00:00","article_modified_time":"2023-01-10T09:44:12+00:00","og_image":[{"width":350,"height":210,"url":"https:\/\/raed.academy\/wp-content\/uploads\/2021\/04\/Juan-Pablo-II-dst.jpeg","type":"image\/jpeg"}],"author":"RAED","twitter_card":"summary_large_image","twitter_creator":"@raedacademy","twitter_site":"@raedacademy","twitter_misc":{"Written by":"RAED","Est. reading time":"4 minutes"},"schema":{"@context":"https:\/\/schema.org","@graph":[{"@type":"Article","@id":"https:\/\/raed.academy\/ca\/nou-magisteris-per-a-un-segle-convuls\/#article","isPartOf":{"@id":"https:\/\/raed.academy\/ca\/nou-magisteris-per-a-un-segle-convuls\/"},"author":{"name":"RAED","@id":"https:\/\/raed.academy\/ca\/#\/schema\/person\/5a755da80d1d979fd66ba745c8702927"},"headline":"Nou magisteris per a un segle convuls","datePublished":"2023-01-05T07:16:22+00:00","dateModified":"2023-01-10T09:44:12+00:00","mainEntityOfPage":{"@id":"https:\/\/raed.academy\/ca\/nou-magisteris-per-a-un-segle-convuls\/"},"wordCount":777,"publisher":{"@id":"https:\/\/raed.academy\/ca\/#organization"},"image":{"@id":"https:\/\/raed.academy\/ca\/nou-magisteris-per-a-un-segle-convuls\/#primaryimage"},"thumbnailUrl":"https:\/\/raed.academy\/wp-content\/uploads\/2021\/04\/Juan-Pablo-II-dst.jpeg","articleSection":["Hist\u00f2ria","Teologia"],"inLanguage":"ca-ES"},{"@type":"WebPage","@id":"https:\/\/raed.academy\/ca\/nou-magisteris-per-a-un-segle-convuls\/","url":"https:\/\/raed.academy\/ca\/nou-magisteris-per-a-un-segle-convuls\/","name":"Nou magisteris per a un segle convuls - Reial Acad\u00e8mia Europea de Doctors","isPartOf":{"@id":"https:\/\/raed.academy\/ca\/#website"},"primaryImageOfPage":{"@id":"https:\/\/raed.academy\/ca\/nou-magisteris-per-a-un-segle-convuls\/#primaryimage"},"image":{"@id":"https:\/\/raed.academy\/ca\/nou-magisteris-per-a-un-segle-convuls\/#primaryimage"},"thumbnailUrl":"https:\/\/raed.academy\/wp-content\/uploads\/2021\/04\/Juan-Pablo-II-dst.jpeg","datePublished":"2023-01-05T07:16:22+00:00","dateModified":"2023-01-10T09:44:12+00:00","description":"Josep Ignasi Saranyana repassa els pontificats del segle XX, els nou pont\u00edfexs dels quals van dedicar la seva tasca a afrontar els problemes que els va tocar viure","breadcrumb":{"@id":"https:\/\/raed.academy\/ca\/nou-magisteris-per-a-un-segle-convuls\/#breadcrumb"},"inLanguage":"ca-ES","potentialAction":[{"@type":"ReadAction","target":["https:\/\/raed.academy\/ca\/nou-magisteris-per-a-un-segle-convuls\/"]}]},{"@type":"ImageObject","inLanguage":"ca-ES","@id":"https:\/\/raed.academy\/ca\/nou-magisteris-per-a-un-segle-convuls\/#primaryimage","url":"https:\/\/raed.academy\/wp-content\/uploads\/2021\/04\/Juan-Pablo-II-dst.jpeg","contentUrl":"https:\/\/raed.academy\/wp-content\/uploads\/2021\/04\/Juan-Pablo-II-dst.jpeg","width":350,"height":210},{"@type":"BreadcrumbList","@id":"https:\/\/raed.academy\/ca\/nou-magisteris-per-a-un-segle-convuls\/#breadcrumb","itemListElement":[{"@type":"ListItem","position":1,"name":"Inicio","item":"https:\/\/raed.academy\/ca\/"},{"@type":"ListItem","position":2,"name":"Nou magisteris per a un segle convuls"}]},{"@type":"WebSite","@id":"https:\/\/raed.academy\/ca\/#website","url":"https:\/\/raed.academy\/ca\/","name":"Reial Acad\u00e8mia Europea de Doctors","description":"Corporaci\u00f3n de derecho p\u00fablico de car\u00e1cter cient\u00edfico, t\u00e9cnico y art\u00edstico, que tiene por objeto la investigaci\u00f3n, el estudio, el fomento y la extensi\u00f3n del conocimiento en su sentido m\u00e1s amplio","publisher":{"@id":"https:\/\/raed.academy\/ca\/#organization"},"potentialAction":[{"@type":"SearchAction","target":{"@type":"EntryPoint","urlTemplate":"https:\/\/raed.academy\/ca\/?s={search_term_string}"},"query-input":{"@type":"PropertyValueSpecification","valueRequired":true,"valueName":"search_term_string"}}],"inLanguage":"ca-ES"},{"@type":"Organization","@id":"https:\/\/raed.academy\/ca\/#organization","name":"Real Academia Europea de Doctores","url":"https:\/\/raed.academy\/ca\/","logo":{"@type":"ImageObject","inLanguage":"ca-ES","@id":"https:\/\/raed.academy\/ca\/#\/schema\/logo\/image\/","url":"https:\/\/raed.academy\/wp-content\/uploads\/2017\/01\/cropped-logo_raed.png","contentUrl":"https:\/\/raed.academy\/wp-content\/uploads\/2017\/01\/cropped-logo_raed.png","width":512,"height":512,"caption":"Real Academia Europea de Doctores"},"image":{"@id":"https:\/\/raed.academy\/ca\/#\/schema\/logo\/image\/"},"sameAs":["http:\/\/fb.me\/raed.academy","https:\/\/x.com\/raedacademy","https:\/\/www.instagram.com\/raed.academy\/","https:\/\/www.youtube.com\/channel\/UCUYQwW2KrdirNWihxMDObwg"]},{"@type":"Person","@id":"https:\/\/raed.academy\/ca\/#\/schema\/person\/5a755da80d1d979fd66ba745c8702927","name":"RAED","image":{"@type":"ImageObject","inLanguage":"ca-ES","@id":"https:\/\/secure.gravatar.com\/avatar\/19fdfdc0d67fb9c45714b703a2ac82251c4fcea3637f002ac3c9b74c0183583c?s=96&d=mm&r=g","url":"https:\/\/secure.gravatar.com\/avatar\/19fdfdc0d67fb9c45714b703a2ac82251c4fcea3637f002ac3c9b74c0183583c?s=96&d=mm&r=g","contentUrl":"https:\/\/secure.gravatar.com\/avatar\/19fdfdc0d67fb9c45714b703a2ac82251c4fcea3637f002ac3c9b74c0183583c?s=96&d=mm&r=g","caption":"RAED"}}]}},"_links":{"self":[{"href":"https:\/\/raed.academy\/ca\/wp-json\/wp\/v2\/posts\/126988","targetHints":{"allow":["GET"]}}],"collection":[{"href":"https:\/\/raed.academy\/ca\/wp-json\/wp\/v2\/posts"}],"about":[{"href":"https:\/\/raed.academy\/ca\/wp-json\/wp\/v2\/types\/post"}],"author":[{"embeddable":true,"href":"https:\/\/raed.academy\/ca\/wp-json\/wp\/v2\/users\/12"}],"replies":[{"embeddable":true,"href":"https:\/\/raed.academy\/ca\/wp-json\/wp\/v2\/comments?post=126988"}],"version-history":[{"count":0,"href":"https:\/\/raed.academy\/ca\/wp-json\/wp\/v2\/posts\/126988\/revisions"}],"wp:featuredmedia":[{"embeddable":true,"href":"https:\/\/raed.academy\/ca\/wp-json\/wp\/v2\/media\/101904"}],"wp:attachment":[{"href":"https:\/\/raed.academy\/ca\/wp-json\/wp\/v2\/media?parent=126988"}],"wp:term":[{"taxonomy":"category","embeddable":true,"href":"https:\/\/raed.academy\/ca\/wp-json\/wp\/v2\/categories?post=126988"},{"taxonomy":"post_tag","embeddable":true,"href":"https:\/\/raed.academy\/ca\/wp-json\/wp\/v2\/tags?post=126988"}],"curies":[{"name":"wp","href":"https:\/\/api.w.org\/{rel}","templated":true}]}}