{"id":126511,"date":"2022-12-23T11:44:26","date_gmt":"2022-12-23T11:44:26","guid":{"rendered":"https:\/\/raed.academy\/?p=126511"},"modified":"2022-12-28T15:25:47","modified_gmt":"2022-12-28T15:25:47","slug":"les-noves-escultures-de-la-sagrada-familia","status":"publish","type":"post","link":"https:\/\/raed.academy\/ca\/les-noves-escultures-de-la-sagrada-familia\/","title":{"rendered":"Les noves escultures de la Sagrada Fam\u00edlia"},"content":{"rendered":"<p><img loading=\"lazy\" decoding=\"async\" class=\"size-full wp-image-126630 aligncenter\" src=\"https:\/\/raed.academy\/wp-content\/uploads\/2022\/12\/torres-de-Lucas-y-Marcos-Sagrada-Familia-dst.webp\" sizes=\"(max-width: 800px) 100vw, 800px\" srcset=\"https:\/\/raed.academy\/wp-content\/uploads\/2022\/12\/torres-de-Lucas-y-Marcos-Sagrada-Familia-dst.webp 800w, https:\/\/raed.academy\/wp-content\/uploads\/2022\/12\/torres-de-Lucas-y-Marcos-Sagrada-Familia-dst-768x461.webp 768w, https:\/\/raed.academy\/wp-content\/uploads\/2022\/12\/torres-de-Lucas-y-Marcos-Sagrada-Familia-dst-627x376.webp 627w, https:\/\/raed.academy\/wp-content\/uploads\/2022\/12\/torres-de-Lucas-y-Marcos-Sagrada-Familia-dst-440x264.webp 440w\" alt=\"\" width=\"800\" height=\"480\" \/><\/p>\n<p><a href=\"https:\/\/raed.academy\/ca\/academics\/dr-juan-trias-de-bes\/\" target=\"_blank\" rel=\"noopener\"><em><strong>Juan Trias de Bes<\/strong><\/em><\/a>, director de la <strong>C\u00e0tedra hARQware Platform<\/strong> de l&#8217;<strong>Escola d&#8217;Arquitectura<\/strong> de la <strong>Universitat Internacional de Cataluny<\/strong>a, membre del <strong>Patronat<\/strong> de la <strong>Fundaci\u00f3 de la Junta Constructora de la Sagrada Fam\u00edlia de Barcelona<\/strong> i acad\u00e8mic de n\u00famero de la <strong>Reial Acad\u00e8mia Europea de Doctors -Barcelona 1914<\/strong> (RAED), convida la comunitat acad\u00e8mica a completar la recent visita organitzada per la mateixa Acad\u00e8mia i la <strong>Junta Constructora<\/strong> del temple amb l&#8217;observaci\u00f3 de les escultures il\u00b7luminades dels evangelistes <strong>Lluc<\/strong> i <strong>Marc<\/strong> que coronen les seves respectives torres des d&#8217;aquest mateix mes de desembre i a les quals es va fer refer\u00e8ncia en aquell recorregut encap\u00e7alat per<strong> Jordi Faul\u00ed<\/strong>, director de les obres de construcci\u00f3. Obra de l&#8217;escultor <strong>Xavier Medina Campeny<\/strong>, estan constru\u00efdes en marbre de Tasos, un marbre blanc utilitzat des de l&#8217;antiguitat en escultures gregues i romanes, i il\u00b7luminades des del 16 de desembre passat.<\/p>\n<p>La conclusi\u00f3 d&#8217;aquestes dues torres fa que les obres entrin a la fase final despr\u00e9s de m\u00e9s d&#8217;un segle de treballs. El temple fixa els seus esfor\u00e7os en la finalitzaci\u00f3 del nucli de les torres centrals i es calcula que a finals de l&#8217;any 2023 es culminin les torres de <strong>Mateu<\/strong> i <strong>Joan<\/strong>, cosa que ens permetria inaugurar tot el conjunt dels Evangelistes. Com a part del conjunt de torres centrals, les quatre torres dels Evangelistes envolten la torre de <strong>Jesucrist<\/strong> i arriben als 135 metres d&#8217;al\u00e7ada. Per identificar quin evangelista representa cada torre, tal com va projectar <strong>Antoni Gaud\u00ed<\/strong>, es rematen amb la figura corresponent del tetramorf, amb el llibre i les ales, figures que la iconografia cristiana, l&#8217;art i l&#8217;arquitectura han utilitzat des de fa segles per representar als evangelistes.<\/p>\n<div id=\"attachment_112231\" style=\"width: 410px\" class=\"wp-caption alignleft\"><img loading=\"lazy\" decoding=\"async\" aria-describedby=\"caption-attachment-112231\" class=\"wp-image-112231 size-full\" src=\"https:\/\/raed.academy\/wp-content\/uploads\/2022\/02\/21-01-2022.Juan-Trias-de-Bes.webp\" alt=\"Juan Trias de Bes\" width=\"400\" height=\"267\" aria-describedby=\"caption-attachment-112231\" \/><p id=\"caption-attachment-112231\" class=\"wp-caption-text\">Dr. Juan Trias de Bes<\/p><\/div>\n<p>Fins a la conclusi\u00f3 de les tres torres restants, entre les quals destacar\u00e0 la principal, de Jesucrist, les torres de Lluc i Marc s&#8217;il\u00b7luminaran cada tarda del 17 de desembre al 8 de gener, de 18 a 22 hores. Durant aquestes dates nadalenques tamb\u00e9 s&#8217;il\u00b7luminaran els grups escult\u00f2rics del Naixement, l&#8217;Adoraci\u00f3 dels pastors i l&#8217;Adoraci\u00f3 dels Reis d&#8217;Orient de la fa\u00e7ana del Naixement. La torre de Lluc \u00e9s culminada amb l&#8217;escultura del bou. Segons la tradici\u00f3, Lluc era metge i va ser convertit al cristianisme per sant <strong>Pau<\/strong>. Es va posar al seu servei i el va seguir a tot arreu. Pel seu car\u00e0cter servicial i bondad\u00f3s, se li va adjudicar el s\u00edmbol del bou, que \u00e9s un animal humil, mans i treballador. D&#8217;altra banda, la torre de Marc est\u00e0 culminada amb la figura del lle\u00f3. En el seu Evangeli, Marc presenta <strong>Jes\u00fas<\/strong> adult en el moment solemne del baptisme i vivint despr\u00e9s al desert, entre els animals salvatges. Per aix\u00f2 se li assigna el s\u00edmbol del lle\u00f3. La tradici\u00f3 sempre ha considerat aquest animal com una representaci\u00f3 de for\u00e7a, coratge i reialesa.<\/p>\n<p>Seguint les indicacions de Gaud\u00ed, les torres dels evangelistes estan formades per vuit cares en forma de paraboloide fins a la base del terminal. Els terminals d&#8217;aquestes torres estan formats pel fust, l&#8217;icos\u00e0edre, el llibre, les ales i la figura del tetramorf. El fust cont\u00e9 les lloances &#8220;Am\u00e9n&#8221; i &#8220;Al\u00b7leluia&#8221; inscrites en escuts de pedra hexagonals. Just per sobre hi ha l&#8217;icos\u00e0edre, poliedre que cont\u00e9 els focus que il\u00b7luminaran la creu de Jesucrist des de la torre de cada evangelista. Aquest element cont\u00e9 una esfera i est\u00e0 ornamentat amb trencad\u00eds de colors daurats d&#8217;or Orsoni per als casquets esf\u00e8rics i de color ocre, groc i salm\u00f3 en tonalitats c\u00e0lides per a les cares de la pe\u00e7a. D&#8217;aquest element sorgeix la figura del tetramorf a la c\u00faspide de cada torre dels evangelistes.<\/p>\n","protected":false},"excerpt":{"rendered":"<p>Juan Trias de Bes convida la comunitat a completar la visita a la Sagrada Fam\u00edlia, amb l&#8217;observaci\u00f3 de les escultures il\u00b7luminades dels evangelistes Lucas i Marcos, que coronen les seves respectives torres des d&#8217;aquest mateix mes de desembre<\/p>\n","protected":false},"author":12,"featured_media":126631,"comment_status":"closed","ping_status":"closed","sticky":false,"template":"","format":"standard","meta":{"_et_pb_use_builder":"","_et_pb_old_content":"","_et_gb_content_width":"","footnotes":""},"categories":[229,242,404],"tags":[],"class_list":["post-126511","post","type-post","status-publish","format-standard","has-post-thumbnail","hentry","category-art","category-categ-historia","category-historia-nacional-ca","et-has-post-format-content","et_post_format-et-post-format-standard"],"yoast_head":"<!-- This site is optimized with the Yoast SEO plugin v27.4 - https:\/\/yoast.com\/product\/yoast-seo-wordpress\/ -->\n<title>Les noves escultures de la Sagrada Fam\u00edlia - Reial Acad\u00e8mia Europea de Doctors<\/title>\n<meta name=\"description\" content=\"Juan Trias de Bes convida a completar la visita a la Sagrada Fam\u00edlia, amb l&#039;observaci\u00f3 de les escultures il\u00b7luminades dels evangelistes Lucas i Marcos\" \/>\n<meta name=\"robots\" content=\"index, follow, max-snippet:-1, max-image-preview:large, max-video-preview:-1\" \/>\n<link rel=\"canonical\" href=\"https:\/\/raed.academy\/ca\/les-noves-escultures-de-la-sagrada-familia\/\" \/>\n<meta property=\"og:locale\" content=\"ca_ES\" \/>\n<meta property=\"og:type\" content=\"article\" \/>\n<meta property=\"og:title\" content=\"Les noves escultures de la Sagrada Fam\u00edlia - Reial Acad\u00e8mia Europea de Doctors\" \/>\n<meta property=\"og:description\" content=\"Juan Trias de Bes convida a completar la visita a la Sagrada Fam\u00edlia, amb l&#039;observaci\u00f3 de les escultures il\u00b7luminades dels evangelistes Lucas i Marcos\" \/>\n<meta property=\"og:url\" content=\"https:\/\/raed.academy\/ca\/les-noves-escultures-de-la-sagrada-familia\/\" \/>\n<meta property=\"og:site_name\" content=\"Reial Acad\u00e8mia Europea de Doctors\" \/>\n<meta property=\"article:publisher\" content=\"http:\/\/fb.me\/raed.academy\" \/>\n<meta property=\"article:published_time\" content=\"2022-12-23T11:44:26+00:00\" \/>\n<meta property=\"article:modified_time\" content=\"2022-12-28T15:25:47+00:00\" \/>\n<meta property=\"og:image\" content=\"https:\/\/raed.academy\/wp-content\/uploads\/2022\/12\/torres-de-Lucas-y-Marcos-Sagrada-Familia-dst.webp\" \/>\n\t<meta property=\"og:image:width\" content=\"800\" \/>\n\t<meta property=\"og:image:height\" content=\"480\" \/>\n\t<meta property=\"og:image:type\" content=\"image\/webp\" \/>\n<meta name=\"author\" content=\"RAED\" \/>\n<meta name=\"twitter:card\" content=\"summary_large_image\" \/>\n<meta name=\"twitter:creator\" content=\"@raedacademy\" \/>\n<meta name=\"twitter:site\" content=\"@raedacademy\" \/>\n<meta name=\"twitter:label1\" content=\"Written by\" \/>\n\t<meta name=\"twitter:data1\" content=\"RAED\" \/>\n\t<meta name=\"twitter:label2\" content=\"Est. reading time\" \/>\n\t<meta name=\"twitter:data2\" content=\"4 minutes\" \/>\n<script type=\"application\/ld+json\" class=\"yoast-schema-graph\">{\"@context\":\"https:\\\/\\\/schema.org\",\"@graph\":[{\"@type\":\"Article\",\"@id\":\"https:\\\/\\\/raed.academy\\\/ca\\\/les-noves-escultures-de-la-sagrada-familia\\\/#article\",\"isPartOf\":{\"@id\":\"https:\\\/\\\/raed.academy\\\/ca\\\/les-noves-escultures-de-la-sagrada-familia\\\/\"},\"author\":{\"name\":\"RAED\",\"@id\":\"https:\\\/\\\/raed.academy\\\/ca\\\/#\\\/schema\\\/person\\\/5a755da80d1d979fd66ba745c8702927\"},\"headline\":\"Les noves escultures de la Sagrada Fam\u00edlia\",\"datePublished\":\"2022-12-23T11:44:26+00:00\",\"dateModified\":\"2022-12-28T15:25:47+00:00\",\"mainEntityOfPage\":{\"@id\":\"https:\\\/\\\/raed.academy\\\/ca\\\/les-noves-escultures-de-la-sagrada-familia\\\/\"},\"wordCount\":664,\"publisher\":{\"@id\":\"https:\\\/\\\/raed.academy\\\/ca\\\/#organization\"},\"image\":{\"@id\":\"https:\\\/\\\/raed.academy\\\/ca\\\/les-noves-escultures-de-la-sagrada-familia\\\/#primaryimage\"},\"thumbnailUrl\":\"https:\\\/\\\/raed.academy\\\/wp-content\\\/uploads\\\/2022\\\/12\\\/torres-de-Lucas-y-Marcos-Sagrada-Familia-dst.webp\",\"articleSection\":[\"Art\",\"Hist\u00f2ria\",\"Hist\u00f2ria nacional\"],\"inLanguage\":\"ca-ES\"},{\"@type\":\"WebPage\",\"@id\":\"https:\\\/\\\/raed.academy\\\/ca\\\/les-noves-escultures-de-la-sagrada-familia\\\/\",\"url\":\"https:\\\/\\\/raed.academy\\\/ca\\\/les-noves-escultures-de-la-sagrada-familia\\\/\",\"name\":\"Les noves escultures de la Sagrada Fam\u00edlia - Reial Acad\u00e8mia Europea de Doctors\",\"isPartOf\":{\"@id\":\"https:\\\/\\\/raed.academy\\\/ca\\\/#website\"},\"primaryImageOfPage\":{\"@id\":\"https:\\\/\\\/raed.academy\\\/ca\\\/les-noves-escultures-de-la-sagrada-familia\\\/#primaryimage\"},\"image\":{\"@id\":\"https:\\\/\\\/raed.academy\\\/ca\\\/les-noves-escultures-de-la-sagrada-familia\\\/#primaryimage\"},\"thumbnailUrl\":\"https:\\\/\\\/raed.academy\\\/wp-content\\\/uploads\\\/2022\\\/12\\\/torres-de-Lucas-y-Marcos-Sagrada-Familia-dst.webp\",\"datePublished\":\"2022-12-23T11:44:26+00:00\",\"dateModified\":\"2022-12-28T15:25:47+00:00\",\"description\":\"Juan Trias de Bes convida a completar la visita a la Sagrada Fam\u00edlia, amb l'observaci\u00f3 de les escultures il\u00b7luminades dels evangelistes Lucas i Marcos\",\"breadcrumb\":{\"@id\":\"https:\\\/\\\/raed.academy\\\/ca\\\/les-noves-escultures-de-la-sagrada-familia\\\/#breadcrumb\"},\"inLanguage\":\"ca-ES\",\"potentialAction\":[{\"@type\":\"ReadAction\",\"target\":[\"https:\\\/\\\/raed.academy\\\/ca\\\/les-noves-escultures-de-la-sagrada-familia\\\/\"]}]},{\"@type\":\"ImageObject\",\"inLanguage\":\"ca-ES\",\"@id\":\"https:\\\/\\\/raed.academy\\\/ca\\\/les-noves-escultures-de-la-sagrada-familia\\\/#primaryimage\",\"url\":\"https:\\\/\\\/raed.academy\\\/wp-content\\\/uploads\\\/2022\\\/12\\\/torres-de-Lucas-y-Marcos-Sagrada-Familia-dst.webp\",\"contentUrl\":\"https:\\\/\\\/raed.academy\\\/wp-content\\\/uploads\\\/2022\\\/12\\\/torres-de-Lucas-y-Marcos-Sagrada-Familia-dst.webp\",\"width\":800,\"height\":480},{\"@type\":\"BreadcrumbList\",\"@id\":\"https:\\\/\\\/raed.academy\\\/ca\\\/les-noves-escultures-de-la-sagrada-familia\\\/#breadcrumb\",\"itemListElement\":[{\"@type\":\"ListItem\",\"position\":1,\"name\":\"Inicio\",\"item\":\"https:\\\/\\\/raed.academy\\\/ca\\\/\"},{\"@type\":\"ListItem\",\"position\":2,\"name\":\"Les noves escultures de la Sagrada Fam\u00edlia\"}]},{\"@type\":\"WebSite\",\"@id\":\"https:\\\/\\\/raed.academy\\\/ca\\\/#website\",\"url\":\"https:\\\/\\\/raed.academy\\\/ca\\\/\",\"name\":\"Reial Acad\u00e8mia Europea de Doctors\",\"description\":\"Corporaci\u00f3n de derecho p\u00fablico de car\u00e1cter cient\u00edfico, t\u00e9cnico y art\u00edstico, que tiene por objeto la investigaci\u00f3n, el estudio, el fomento y la extensi\u00f3n del conocimiento en su sentido m\u00e1s amplio\",\"publisher\":{\"@id\":\"https:\\\/\\\/raed.academy\\\/ca\\\/#organization\"},\"potentialAction\":[{\"@type\":\"SearchAction\",\"target\":{\"@type\":\"EntryPoint\",\"urlTemplate\":\"https:\\\/\\\/raed.academy\\\/ca\\\/?s={search_term_string}\"},\"query-input\":{\"@type\":\"PropertyValueSpecification\",\"valueRequired\":true,\"valueName\":\"search_term_string\"}}],\"inLanguage\":\"ca-ES\"},{\"@type\":\"Organization\",\"@id\":\"https:\\\/\\\/raed.academy\\\/ca\\\/#organization\",\"name\":\"Real Academia Europea de Doctores\",\"url\":\"https:\\\/\\\/raed.academy\\\/ca\\\/\",\"logo\":{\"@type\":\"ImageObject\",\"inLanguage\":\"ca-ES\",\"@id\":\"https:\\\/\\\/raed.academy\\\/ca\\\/#\\\/schema\\\/logo\\\/image\\\/\",\"url\":\"https:\\\/\\\/raed.academy\\\/wp-content\\\/uploads\\\/2017\\\/01\\\/cropped-logo_raed.png\",\"contentUrl\":\"https:\\\/\\\/raed.academy\\\/wp-content\\\/uploads\\\/2017\\\/01\\\/cropped-logo_raed.png\",\"width\":512,\"height\":512,\"caption\":\"Real Academia Europea de Doctores\"},\"image\":{\"@id\":\"https:\\\/\\\/raed.academy\\\/ca\\\/#\\\/schema\\\/logo\\\/image\\\/\"},\"sameAs\":[\"http:\\\/\\\/fb.me\\\/raed.academy\",\"https:\\\/\\\/x.com\\\/raedacademy\",\"https:\\\/\\\/www.instagram.com\\\/raed.academy\\\/\",\"https:\\\/\\\/www.youtube.com\\\/channel\\\/UCUYQwW2KrdirNWihxMDObwg\"]},{\"@type\":\"Person\",\"@id\":\"https:\\\/\\\/raed.academy\\\/ca\\\/#\\\/schema\\\/person\\\/5a755da80d1d979fd66ba745c8702927\",\"name\":\"RAED\",\"image\":{\"@type\":\"ImageObject\",\"inLanguage\":\"ca-ES\",\"@id\":\"https:\\\/\\\/secure.gravatar.com\\\/avatar\\\/19fdfdc0d67fb9c45714b703a2ac82251c4fcea3637f002ac3c9b74c0183583c?s=96&d=mm&r=g\",\"url\":\"https:\\\/\\\/secure.gravatar.com\\\/avatar\\\/19fdfdc0d67fb9c45714b703a2ac82251c4fcea3637f002ac3c9b74c0183583c?s=96&d=mm&r=g\",\"contentUrl\":\"https:\\\/\\\/secure.gravatar.com\\\/avatar\\\/19fdfdc0d67fb9c45714b703a2ac82251c4fcea3637f002ac3c9b74c0183583c?s=96&d=mm&r=g\",\"caption\":\"RAED\"}}]}<\/script>\n<!-- \/ Yoast SEO plugin. -->","yoast_head_json":{"title":"Les noves escultures de la Sagrada Fam\u00edlia - Reial Acad\u00e8mia Europea de Doctors","description":"Juan Trias de Bes convida a completar la visita a la Sagrada Fam\u00edlia, amb l'observaci\u00f3 de les escultures il\u00b7luminades dels evangelistes Lucas i Marcos","robots":{"index":"index","follow":"follow","max-snippet":"max-snippet:-1","max-image-preview":"max-image-preview:large","max-video-preview":"max-video-preview:-1"},"canonical":"https:\/\/raed.academy\/ca\/les-noves-escultures-de-la-sagrada-familia\/","og_locale":"ca_ES","og_type":"article","og_title":"Les noves escultures de la Sagrada Fam\u00edlia - Reial Acad\u00e8mia Europea de Doctors","og_description":"Juan Trias de Bes convida a completar la visita a la Sagrada Fam\u00edlia, amb l'observaci\u00f3 de les escultures il\u00b7luminades dels evangelistes Lucas i Marcos","og_url":"https:\/\/raed.academy\/ca\/les-noves-escultures-de-la-sagrada-familia\/","og_site_name":"Reial Acad\u00e8mia Europea de Doctors","article_publisher":"http:\/\/fb.me\/raed.academy","article_published_time":"2022-12-23T11:44:26+00:00","article_modified_time":"2022-12-28T15:25:47+00:00","og_image":[{"width":800,"height":480,"url":"https:\/\/raed.academy\/wp-content\/uploads\/2022\/12\/torres-de-Lucas-y-Marcos-Sagrada-Familia-dst.webp","type":"image\/webp"}],"author":"RAED","twitter_card":"summary_large_image","twitter_creator":"@raedacademy","twitter_site":"@raedacademy","twitter_misc":{"Written by":"RAED","Est. reading time":"4 minutes"},"schema":{"@context":"https:\/\/schema.org","@graph":[{"@type":"Article","@id":"https:\/\/raed.academy\/ca\/les-noves-escultures-de-la-sagrada-familia\/#article","isPartOf":{"@id":"https:\/\/raed.academy\/ca\/les-noves-escultures-de-la-sagrada-familia\/"},"author":{"name":"RAED","@id":"https:\/\/raed.academy\/ca\/#\/schema\/person\/5a755da80d1d979fd66ba745c8702927"},"headline":"Les noves escultures de la Sagrada Fam\u00edlia","datePublished":"2022-12-23T11:44:26+00:00","dateModified":"2022-12-28T15:25:47+00:00","mainEntityOfPage":{"@id":"https:\/\/raed.academy\/ca\/les-noves-escultures-de-la-sagrada-familia\/"},"wordCount":664,"publisher":{"@id":"https:\/\/raed.academy\/ca\/#organization"},"image":{"@id":"https:\/\/raed.academy\/ca\/les-noves-escultures-de-la-sagrada-familia\/#primaryimage"},"thumbnailUrl":"https:\/\/raed.academy\/wp-content\/uploads\/2022\/12\/torres-de-Lucas-y-Marcos-Sagrada-Familia-dst.webp","articleSection":["Art","Hist\u00f2ria","Hist\u00f2ria nacional"],"inLanguage":"ca-ES"},{"@type":"WebPage","@id":"https:\/\/raed.academy\/ca\/les-noves-escultures-de-la-sagrada-familia\/","url":"https:\/\/raed.academy\/ca\/les-noves-escultures-de-la-sagrada-familia\/","name":"Les noves escultures de la Sagrada Fam\u00edlia - Reial Acad\u00e8mia Europea de Doctors","isPartOf":{"@id":"https:\/\/raed.academy\/ca\/#website"},"primaryImageOfPage":{"@id":"https:\/\/raed.academy\/ca\/les-noves-escultures-de-la-sagrada-familia\/#primaryimage"},"image":{"@id":"https:\/\/raed.academy\/ca\/les-noves-escultures-de-la-sagrada-familia\/#primaryimage"},"thumbnailUrl":"https:\/\/raed.academy\/wp-content\/uploads\/2022\/12\/torres-de-Lucas-y-Marcos-Sagrada-Familia-dst.webp","datePublished":"2022-12-23T11:44:26+00:00","dateModified":"2022-12-28T15:25:47+00:00","description":"Juan Trias de Bes convida a completar la visita a la Sagrada Fam\u00edlia, amb l'observaci\u00f3 de les escultures il\u00b7luminades dels evangelistes Lucas i Marcos","breadcrumb":{"@id":"https:\/\/raed.academy\/ca\/les-noves-escultures-de-la-sagrada-familia\/#breadcrumb"},"inLanguage":"ca-ES","potentialAction":[{"@type":"ReadAction","target":["https:\/\/raed.academy\/ca\/les-noves-escultures-de-la-sagrada-familia\/"]}]},{"@type":"ImageObject","inLanguage":"ca-ES","@id":"https:\/\/raed.academy\/ca\/les-noves-escultures-de-la-sagrada-familia\/#primaryimage","url":"https:\/\/raed.academy\/wp-content\/uploads\/2022\/12\/torres-de-Lucas-y-Marcos-Sagrada-Familia-dst.webp","contentUrl":"https:\/\/raed.academy\/wp-content\/uploads\/2022\/12\/torres-de-Lucas-y-Marcos-Sagrada-Familia-dst.webp","width":800,"height":480},{"@type":"BreadcrumbList","@id":"https:\/\/raed.academy\/ca\/les-noves-escultures-de-la-sagrada-familia\/#breadcrumb","itemListElement":[{"@type":"ListItem","position":1,"name":"Inicio","item":"https:\/\/raed.academy\/ca\/"},{"@type":"ListItem","position":2,"name":"Les noves escultures de la Sagrada Fam\u00edlia"}]},{"@type":"WebSite","@id":"https:\/\/raed.academy\/ca\/#website","url":"https:\/\/raed.academy\/ca\/","name":"Reial Acad\u00e8mia Europea de Doctors","description":"Corporaci\u00f3n de derecho p\u00fablico de car\u00e1cter cient\u00edfico, t\u00e9cnico y art\u00edstico, que tiene por objeto la investigaci\u00f3n, el estudio, el fomento y la extensi\u00f3n del conocimiento en su sentido m\u00e1s amplio","publisher":{"@id":"https:\/\/raed.academy\/ca\/#organization"},"potentialAction":[{"@type":"SearchAction","target":{"@type":"EntryPoint","urlTemplate":"https:\/\/raed.academy\/ca\/?s={search_term_string}"},"query-input":{"@type":"PropertyValueSpecification","valueRequired":true,"valueName":"search_term_string"}}],"inLanguage":"ca-ES"},{"@type":"Organization","@id":"https:\/\/raed.academy\/ca\/#organization","name":"Real Academia Europea de Doctores","url":"https:\/\/raed.academy\/ca\/","logo":{"@type":"ImageObject","inLanguage":"ca-ES","@id":"https:\/\/raed.academy\/ca\/#\/schema\/logo\/image\/","url":"https:\/\/raed.academy\/wp-content\/uploads\/2017\/01\/cropped-logo_raed.png","contentUrl":"https:\/\/raed.academy\/wp-content\/uploads\/2017\/01\/cropped-logo_raed.png","width":512,"height":512,"caption":"Real Academia Europea de Doctores"},"image":{"@id":"https:\/\/raed.academy\/ca\/#\/schema\/logo\/image\/"},"sameAs":["http:\/\/fb.me\/raed.academy","https:\/\/x.com\/raedacademy","https:\/\/www.instagram.com\/raed.academy\/","https:\/\/www.youtube.com\/channel\/UCUYQwW2KrdirNWihxMDObwg"]},{"@type":"Person","@id":"https:\/\/raed.academy\/ca\/#\/schema\/person\/5a755da80d1d979fd66ba745c8702927","name":"RAED","image":{"@type":"ImageObject","inLanguage":"ca-ES","@id":"https:\/\/secure.gravatar.com\/avatar\/19fdfdc0d67fb9c45714b703a2ac82251c4fcea3637f002ac3c9b74c0183583c?s=96&d=mm&r=g","url":"https:\/\/secure.gravatar.com\/avatar\/19fdfdc0d67fb9c45714b703a2ac82251c4fcea3637f002ac3c9b74c0183583c?s=96&d=mm&r=g","contentUrl":"https:\/\/secure.gravatar.com\/avatar\/19fdfdc0d67fb9c45714b703a2ac82251c4fcea3637f002ac3c9b74c0183583c?s=96&d=mm&r=g","caption":"RAED"}}]}},"_links":{"self":[{"href":"https:\/\/raed.academy\/ca\/wp-json\/wp\/v2\/posts\/126511","targetHints":{"allow":["GET"]}}],"collection":[{"href":"https:\/\/raed.academy\/ca\/wp-json\/wp\/v2\/posts"}],"about":[{"href":"https:\/\/raed.academy\/ca\/wp-json\/wp\/v2\/types\/post"}],"author":[{"embeddable":true,"href":"https:\/\/raed.academy\/ca\/wp-json\/wp\/v2\/users\/12"}],"replies":[{"embeddable":true,"href":"https:\/\/raed.academy\/ca\/wp-json\/wp\/v2\/comments?post=126511"}],"version-history":[{"count":0,"href":"https:\/\/raed.academy\/ca\/wp-json\/wp\/v2\/posts\/126511\/revisions"}],"wp:featuredmedia":[{"embeddable":true,"href":"https:\/\/raed.academy\/ca\/wp-json\/wp\/v2\/media\/126631"}],"wp:attachment":[{"href":"https:\/\/raed.academy\/ca\/wp-json\/wp\/v2\/media?parent=126511"}],"wp:term":[{"taxonomy":"category","embeddable":true,"href":"https:\/\/raed.academy\/ca\/wp-json\/wp\/v2\/categories?post=126511"},{"taxonomy":"post_tag","embeddable":true,"href":"https:\/\/raed.academy\/ca\/wp-json\/wp\/v2\/tags?post=126511"}],"curies":[{"name":"wp","href":"https:\/\/api.w.org\/{rel}","templated":true}]}}