{"id":126152,"date":"2022-12-16T06:08:34","date_gmt":"2022-12-16T06:08:34","guid":{"rendered":"https:\/\/raed.academy\/?p=126152"},"modified":"2022-12-18T12:56:44","modified_gmt":"2022-12-18T12:56:44","slug":"estat-criptomonedes-i-futur","status":"publish","type":"post","link":"https:\/\/raed.academy\/ca\/estat-criptomonedes-i-futur\/","title":{"rendered":"Estat, criptomonedes i futur"},"content":{"rendered":"<div id=\"attachment_123540\" style=\"width: 280px\" class=\"wp-caption alignright\"><img loading=\"lazy\" decoding=\"async\" aria-describedby=\"caption-attachment-123540\" class=\"wp-image-123540\" src=\"https:\/\/raed.academy\/wp-content\/uploads\/2022\/10\/Bernardo-Rabassa.webp\" alt=\"Bernardo Rabassa\" width=\"270\" height=\"338\" aria-describedby=\"caption-attachment-123540\" \/><p id=\"caption-attachment-123540\" class=\"wp-caption-text\">Bernardo Rabassa<\/p><\/div>\n<p><strong>Bernardo Rabassa<\/strong>, president d&#8217;honor i de Relacions Exteriors del<strong> Club Liberal Espanyol<\/strong>, president de la <strong>Fundaci\u00f3 Institut Europeu per a la Comunicaci\u00f3 Social<\/strong> i col\u00b7laborador de la <strong>Reial Acad\u00e8mia Europea de Doctors-Barcelona 1914<\/strong> (RAED), analitza el futur de l&#8217;economia a la llum de l&#8217;actual crisi, dels models reguladors i de la constant recerca de la just\u00edcia redistributiva al llarg de les \u00faltimes d\u00e8cades a l&#8217;article <strong>&#8220;El Estado, las criptomonedas y las leyes en la sociedad&#8221;<\/strong>, que va publicar el 5 de desembre passat al diari digital <strong>Diariocr\u00edtico<\/strong>. Reconegut soci\u00f2leg i psic\u00f2leg social, escriptor i comentarista, <strong>Rabassa<\/strong> va ser fundador del <strong>Partit Liberal<\/strong> i de la <strong>Uni\u00f3 de Centre Democr\u00e0tic<\/strong> (UCD), membre d&#8217;<strong>Alian\u00e7a Liberal Europea<\/strong> i entre els reconeixements que ha rebut al llarg de la seva traject\u00f2ria professional i personal destaquen el <strong>Premi 1812<\/strong>, el <strong>Premi Ciutad\u00e0 Europeu<\/strong> i la <strong>Medalla al M\u00e8rit Cultural<\/strong> de la <strong>Reial Lliga Naval Espanyola<\/strong>.<\/p>\n<p>&#8220;La pregunta sobre com es construeix una societat justa ha trobat una varietat de respostes. En conseq\u00fc\u00e8ncia, s&#8217;han elaborat un conjunt de teories que intenten explicar com els criteris sostinguts pels uns i els altres prenen forma en l&#8217;exercici i el comportament de l&#8217;estructura b\u00e0sica de la societat. Per\u00f2, qu\u00e8 \u00e9s exactament el que les teories de la just\u00edcia regulen? Aquest \u00e9s un q\u00fcestionament que val la pena abordar abans d&#8217;iniciar amb la descripci\u00f3 de qualsevol d&#8217;elles. Segons <strong>Jon Elster<\/strong>, una primera resposta aproximada \u00e9s el sistema de llibertats i obligacions i la distribuci\u00f3 dels ingressos. Amb diversos enfocaments, la majoria de les teories coincideix amb aquest plantejament, cal aclarir que en parlar de la distribuci\u00f3 dels ingressos ens referim tant a la distribuci\u00f3 directa dels impostos, transfer\u00e8ncies i subsidis, com en la distribuci\u00f3 dels ingressos que es generen pels recursos productius o els que es generen pel consum d&#8217;articles o b\u00e9 personals&#8221;, reflexiona l&#8217;expert.<\/p>\n<p><img loading=\"lazy\" decoding=\"async\" class=\"alignleft wp-image-113249\" src=\"https:\/\/raed.academy\/wp-content\/uploads\/2022\/02\/shutt-Blockchain-criptomonedas-dst.webp\" sizes=\"(max-width: 500px) 100vw, 500px\" srcset=\"https:\/\/raed.academy\/wp-content\/uploads\/2022\/02\/shutt-Blockchain-criptomonedas-dst.webp 600w, https:\/\/raed.academy\/wp-content\/uploads\/2022\/02\/shutt-Blockchain-criptomonedas-dst-440x264.webp 440w\" alt=\"criptomonedas\" width=\"500\" height=\"300\" \/>Per a <strong>Rabassa<\/strong>, les teories de la just\u00edcia que s&#8217;han elaborat al llarg del segle XX difereixen en la import\u00e0ncia que donen a aquesta mena de b\u00e9ns, i si per al corrent utilitarista el benestar \u00e9s fonamental, per a altres pensadors els b\u00e9ns moralment rellevants s\u00f3n les aptituds b\u00e0siques. Un debat que en un moment en qu\u00e8 la poblaci\u00f3 mundial ha superat els 8.000 milions de persones i en plena crisi clim\u00e0tica s&#8217;ha reactivat. &#8220;La not\u00edcia ha tornat a agitar els observadors que ven el creixement de la poblaci\u00f3 com una amena\u00e7a per al desenvolupament i el medi ambient. La realitat \u00e9s molt m\u00e9s tranquil\u00b7litzadora perqu\u00e8 hem for\u00e7at les limitacions de l&#8217;escassetat, escriu <strong>Alberto Mingardi<\/strong> a la seva an\u00e0lisi per a\u00a0 <strong>&#8216;L&#8217;Economia&#8217;<\/strong> de <strong>&#8216;Corriere della Sera&#8217;<\/strong>, inventant solucions que ens permeten produir m\u00e9s aliments i crear m\u00e9s riquesa. \u00d2bviament, succeeix que hi ha individus o fam\u00edlies a qui alguna vegada els va anar millor que ara, per\u00f2 en general el past\u00eds ha crescut, no hem de lluitar per obtenir-ne un tall&#8221;, afegeix.<\/p>\n<p>El col\u00b7laborador de la RAED aborda tamb\u00e9 l&#8217;enfonsament dels criptoactius arran de la desfeta de la gestora nord-americana <strong>FTX<\/strong>, posant en q\u00fcesti\u00f3 el model d&#8217;una nova economia descentralitzada i sense control de cap regulador i, aix\u00ed mateix, el cost que actualment suposen per a les empreses les regulacions. &#8220;Quants recursos humans han de dedicar les empreses nord-americanes per garantir el compliment normatiu? -es q\u00fcestiona Rabassa-. De mitjana, aquestes funcions representen l&#8217;1,34% de la despesa de personal, per\u00f2 amb una tend\u00e8ncia en forma d&#8217;U invertida: les empreses mitjanes, com al voltant de 500 empleats, s\u00f3n les m\u00e9s afectades per les c\u00e0rregues fiscals estatals. Em temo que a Espanya aix\u00f2 ser\u00e0 molt m\u00e9s, atesa la voracitat fiscal del <strong>Govern<\/strong>&#8220;.<\/p>\n<h2><a href=\"https:\/\/www.diariocritico.com\/opinion\/bernardo-rabassa\/el-estado-las-criptomonedas-y-las-leyes-en-la-sociedad\" target=\"_blank\" rel=\"noopener\">Llegiu l&#8217;article<\/a><\/h2>\n","protected":false},"excerpt":{"rendered":"<p>Bernardo Rabassa analitza el futur de l&#8217;economia a la llum de l&#8217;actual crisi, dels models regulatoris i de la recerca constant de la just\u00edcia redistributiva al llarg de les \u00faltimes d\u00e8cades a l&#8217;article &#8220;L&#8217;Estat, les criptomonedes i les lleis a la societat&#8221;<\/p>\n","protected":false},"author":12,"featured_media":113250,"comment_status":"closed","ping_status":"closed","sticky":false,"template":"","format":"standard","meta":{"_et_pb_use_builder":"","_et_pb_old_content":"","_et_gb_content_width":"","footnotes":""},"categories":[350,304],"tags":[],"class_list":["post-126152","post","type-post","status-publish","format-standard","has-post-thumbnail","hentry","category-ciencies-politiques","category-economia-i-politica-ca","et-has-post-format-content","et_post_format-et-post-format-standard"],"yoast_head":"<!-- This site is optimized with the Yoast SEO plugin v27.4 - https:\/\/yoast.com\/product\/yoast-seo-wordpress\/ -->\n<title>Estat, criptomonedes i futur - Reial Acad\u00e8mia Europea de Doctors<\/title>\n<meta name=\"description\" content=\"Bernardo Rabassa analitza el futur de l&#039;economia a la llum de l&#039;actual crisi, a l&#039;article &quot;L&#039;Estat, les criptomonedes i les lleis a la societat&quot;\" \/>\n<meta name=\"robots\" content=\"index, follow, max-snippet:-1, max-image-preview:large, max-video-preview:-1\" \/>\n<link rel=\"canonical\" href=\"https:\/\/raed.academy\/ca\/estat-criptomonedes-i-futur\/\" \/>\n<meta property=\"og:locale\" content=\"ca_ES\" \/>\n<meta property=\"og:type\" content=\"article\" \/>\n<meta property=\"og:title\" content=\"Estat, criptomonedes i futur - Reial Acad\u00e8mia Europea de Doctors\" \/>\n<meta property=\"og:description\" content=\"Bernardo Rabassa analitza el futur de l&#039;economia a la llum de l&#039;actual crisi, a l&#039;article &quot;L&#039;Estat, les criptomonedes i les lleis a la societat&quot;\" \/>\n<meta property=\"og:url\" content=\"https:\/\/raed.academy\/ca\/estat-criptomonedes-i-futur\/\" \/>\n<meta property=\"og:site_name\" content=\"Reial Acad\u00e8mia Europea de Doctors\" \/>\n<meta property=\"article:publisher\" content=\"http:\/\/fb.me\/raed.academy\" \/>\n<meta property=\"article:published_time\" content=\"2022-12-16T06:08:34+00:00\" \/>\n<meta property=\"article:modified_time\" content=\"2022-12-18T12:56:44+00:00\" \/>\n<meta property=\"og:image\" content=\"https:\/\/raed.academy\/wp-content\/uploads\/2022\/02\/shutt-Blockchain-criptomonedas-dst.webp\" \/>\n\t<meta property=\"og:image:width\" content=\"600\" \/>\n\t<meta property=\"og:image:height\" content=\"360\" \/>\n\t<meta property=\"og:image:type\" content=\"image\/webp\" \/>\n<meta name=\"author\" content=\"RAED\" \/>\n<meta name=\"twitter:card\" content=\"summary_large_image\" \/>\n<meta name=\"twitter:creator\" content=\"@raedacademy\" \/>\n<meta name=\"twitter:site\" content=\"@raedacademy\" \/>\n<meta name=\"twitter:label1\" content=\"Written by\" \/>\n\t<meta name=\"twitter:data1\" content=\"RAED\" \/>\n\t<meta name=\"twitter:label2\" content=\"Est. reading time\" \/>\n\t<meta name=\"twitter:data2\" content=\"4 minutes\" \/>\n<script type=\"application\/ld+json\" class=\"yoast-schema-graph\">{\"@context\":\"https:\\\/\\\/schema.org\",\"@graph\":[{\"@type\":\"Article\",\"@id\":\"https:\\\/\\\/raed.academy\\\/ca\\\/estat-criptomonedes-i-futur\\\/#article\",\"isPartOf\":{\"@id\":\"https:\\\/\\\/raed.academy\\\/ca\\\/estat-criptomonedes-i-futur\\\/\"},\"author\":{\"name\":\"RAED\",\"@id\":\"https:\\\/\\\/raed.academy\\\/ca\\\/#\\\/schema\\\/person\\\/5a755da80d1d979fd66ba745c8702927\"},\"headline\":\"Estat, criptomonedes i futur\",\"datePublished\":\"2022-12-16T06:08:34+00:00\",\"dateModified\":\"2022-12-18T12:56:44+00:00\",\"mainEntityOfPage\":{\"@id\":\"https:\\\/\\\/raed.academy\\\/ca\\\/estat-criptomonedes-i-futur\\\/\"},\"wordCount\":665,\"publisher\":{\"@id\":\"https:\\\/\\\/raed.academy\\\/ca\\\/#organization\"},\"image\":{\"@id\":\"https:\\\/\\\/raed.academy\\\/ca\\\/estat-criptomonedes-i-futur\\\/#primaryimage\"},\"thumbnailUrl\":\"https:\\\/\\\/raed.academy\\\/wp-content\\\/uploads\\\/2022\\\/02\\\/shutt-Blockchain-criptomonedas-dst.webp\",\"articleSection\":[\"Ci\u00e8ncies pol\u00edtiques\",\"Economia i pol\u00edtica\"],\"inLanguage\":\"ca-ES\"},{\"@type\":\"WebPage\",\"@id\":\"https:\\\/\\\/raed.academy\\\/ca\\\/estat-criptomonedes-i-futur\\\/\",\"url\":\"https:\\\/\\\/raed.academy\\\/ca\\\/estat-criptomonedes-i-futur\\\/\",\"name\":\"Estat, criptomonedes i futur - Reial Acad\u00e8mia Europea de Doctors\",\"isPartOf\":{\"@id\":\"https:\\\/\\\/raed.academy\\\/ca\\\/#website\"},\"primaryImageOfPage\":{\"@id\":\"https:\\\/\\\/raed.academy\\\/ca\\\/estat-criptomonedes-i-futur\\\/#primaryimage\"},\"image\":{\"@id\":\"https:\\\/\\\/raed.academy\\\/ca\\\/estat-criptomonedes-i-futur\\\/#primaryimage\"},\"thumbnailUrl\":\"https:\\\/\\\/raed.academy\\\/wp-content\\\/uploads\\\/2022\\\/02\\\/shutt-Blockchain-criptomonedas-dst.webp\",\"datePublished\":\"2022-12-16T06:08:34+00:00\",\"dateModified\":\"2022-12-18T12:56:44+00:00\",\"description\":\"Bernardo Rabassa analitza el futur de l'economia a la llum de l'actual crisi, a l'article \\\"L'Estat, les criptomonedes i les lleis a la societat\\\"\",\"breadcrumb\":{\"@id\":\"https:\\\/\\\/raed.academy\\\/ca\\\/estat-criptomonedes-i-futur\\\/#breadcrumb\"},\"inLanguage\":\"ca-ES\",\"potentialAction\":[{\"@type\":\"ReadAction\",\"target\":[\"https:\\\/\\\/raed.academy\\\/ca\\\/estat-criptomonedes-i-futur\\\/\"]}]},{\"@type\":\"ImageObject\",\"inLanguage\":\"ca-ES\",\"@id\":\"https:\\\/\\\/raed.academy\\\/ca\\\/estat-criptomonedes-i-futur\\\/#primaryimage\",\"url\":\"https:\\\/\\\/raed.academy\\\/wp-content\\\/uploads\\\/2022\\\/02\\\/shutt-Blockchain-criptomonedas-dst.webp\",\"contentUrl\":\"https:\\\/\\\/raed.academy\\\/wp-content\\\/uploads\\\/2022\\\/02\\\/shutt-Blockchain-criptomonedas-dst.webp\",\"width\":600,\"height\":360,\"caption\":\"c\"},{\"@type\":\"BreadcrumbList\",\"@id\":\"https:\\\/\\\/raed.academy\\\/ca\\\/estat-criptomonedes-i-futur\\\/#breadcrumb\",\"itemListElement\":[{\"@type\":\"ListItem\",\"position\":1,\"name\":\"Inicio\",\"item\":\"https:\\\/\\\/raed.academy\\\/ca\\\/\"},{\"@type\":\"ListItem\",\"position\":2,\"name\":\"Estat, criptomonedes i futur\"}]},{\"@type\":\"WebSite\",\"@id\":\"https:\\\/\\\/raed.academy\\\/ca\\\/#website\",\"url\":\"https:\\\/\\\/raed.academy\\\/ca\\\/\",\"name\":\"Reial Acad\u00e8mia Europea de Doctors\",\"description\":\"Corporaci\u00f3n de derecho p\u00fablico de car\u00e1cter cient\u00edfico, t\u00e9cnico y art\u00edstico, que tiene por objeto la investigaci\u00f3n, el estudio, el fomento y la extensi\u00f3n del conocimiento en su sentido m\u00e1s amplio\",\"publisher\":{\"@id\":\"https:\\\/\\\/raed.academy\\\/ca\\\/#organization\"},\"potentialAction\":[{\"@type\":\"SearchAction\",\"target\":{\"@type\":\"EntryPoint\",\"urlTemplate\":\"https:\\\/\\\/raed.academy\\\/ca\\\/?s={search_term_string}\"},\"query-input\":{\"@type\":\"PropertyValueSpecification\",\"valueRequired\":true,\"valueName\":\"search_term_string\"}}],\"inLanguage\":\"ca-ES\"},{\"@type\":\"Organization\",\"@id\":\"https:\\\/\\\/raed.academy\\\/ca\\\/#organization\",\"name\":\"Real Academia Europea de Doctores\",\"url\":\"https:\\\/\\\/raed.academy\\\/ca\\\/\",\"logo\":{\"@type\":\"ImageObject\",\"inLanguage\":\"ca-ES\",\"@id\":\"https:\\\/\\\/raed.academy\\\/ca\\\/#\\\/schema\\\/logo\\\/image\\\/\",\"url\":\"https:\\\/\\\/raed.academy\\\/wp-content\\\/uploads\\\/2017\\\/01\\\/cropped-logo_raed.png\",\"contentUrl\":\"https:\\\/\\\/raed.academy\\\/wp-content\\\/uploads\\\/2017\\\/01\\\/cropped-logo_raed.png\",\"width\":512,\"height\":512,\"caption\":\"Real Academia Europea de Doctores\"},\"image\":{\"@id\":\"https:\\\/\\\/raed.academy\\\/ca\\\/#\\\/schema\\\/logo\\\/image\\\/\"},\"sameAs\":[\"http:\\\/\\\/fb.me\\\/raed.academy\",\"https:\\\/\\\/x.com\\\/raedacademy\",\"https:\\\/\\\/www.instagram.com\\\/raed.academy\\\/\",\"https:\\\/\\\/www.youtube.com\\\/channel\\\/UCUYQwW2KrdirNWihxMDObwg\"]},{\"@type\":\"Person\",\"@id\":\"https:\\\/\\\/raed.academy\\\/ca\\\/#\\\/schema\\\/person\\\/5a755da80d1d979fd66ba745c8702927\",\"name\":\"RAED\",\"image\":{\"@type\":\"ImageObject\",\"inLanguage\":\"ca-ES\",\"@id\":\"https:\\\/\\\/secure.gravatar.com\\\/avatar\\\/19fdfdc0d67fb9c45714b703a2ac82251c4fcea3637f002ac3c9b74c0183583c?s=96&d=mm&r=g\",\"url\":\"https:\\\/\\\/secure.gravatar.com\\\/avatar\\\/19fdfdc0d67fb9c45714b703a2ac82251c4fcea3637f002ac3c9b74c0183583c?s=96&d=mm&r=g\",\"contentUrl\":\"https:\\\/\\\/secure.gravatar.com\\\/avatar\\\/19fdfdc0d67fb9c45714b703a2ac82251c4fcea3637f002ac3c9b74c0183583c?s=96&d=mm&r=g\",\"caption\":\"RAED\"}}]}<\/script>\n<!-- \/ Yoast SEO plugin. -->","yoast_head_json":{"title":"Estat, criptomonedes i futur - Reial Acad\u00e8mia Europea de Doctors","description":"Bernardo Rabassa analitza el futur de l'economia a la llum de l'actual crisi, a l'article \"L'Estat, les criptomonedes i les lleis a la societat\"","robots":{"index":"index","follow":"follow","max-snippet":"max-snippet:-1","max-image-preview":"max-image-preview:large","max-video-preview":"max-video-preview:-1"},"canonical":"https:\/\/raed.academy\/ca\/estat-criptomonedes-i-futur\/","og_locale":"ca_ES","og_type":"article","og_title":"Estat, criptomonedes i futur - Reial Acad\u00e8mia Europea de Doctors","og_description":"Bernardo Rabassa analitza el futur de l'economia a la llum de l'actual crisi, a l'article \"L'Estat, les criptomonedes i les lleis a la societat\"","og_url":"https:\/\/raed.academy\/ca\/estat-criptomonedes-i-futur\/","og_site_name":"Reial Acad\u00e8mia Europea de Doctors","article_publisher":"http:\/\/fb.me\/raed.academy","article_published_time":"2022-12-16T06:08:34+00:00","article_modified_time":"2022-12-18T12:56:44+00:00","og_image":[{"width":600,"height":360,"url":"https:\/\/raed.academy\/wp-content\/uploads\/2022\/02\/shutt-Blockchain-criptomonedas-dst.webp","type":"image\/webp"}],"author":"RAED","twitter_card":"summary_large_image","twitter_creator":"@raedacademy","twitter_site":"@raedacademy","twitter_misc":{"Written by":"RAED","Est. reading time":"4 minutes"},"schema":{"@context":"https:\/\/schema.org","@graph":[{"@type":"Article","@id":"https:\/\/raed.academy\/ca\/estat-criptomonedes-i-futur\/#article","isPartOf":{"@id":"https:\/\/raed.academy\/ca\/estat-criptomonedes-i-futur\/"},"author":{"name":"RAED","@id":"https:\/\/raed.academy\/ca\/#\/schema\/person\/5a755da80d1d979fd66ba745c8702927"},"headline":"Estat, criptomonedes i futur","datePublished":"2022-12-16T06:08:34+00:00","dateModified":"2022-12-18T12:56:44+00:00","mainEntityOfPage":{"@id":"https:\/\/raed.academy\/ca\/estat-criptomonedes-i-futur\/"},"wordCount":665,"publisher":{"@id":"https:\/\/raed.academy\/ca\/#organization"},"image":{"@id":"https:\/\/raed.academy\/ca\/estat-criptomonedes-i-futur\/#primaryimage"},"thumbnailUrl":"https:\/\/raed.academy\/wp-content\/uploads\/2022\/02\/shutt-Blockchain-criptomonedas-dst.webp","articleSection":["Ci\u00e8ncies pol\u00edtiques","Economia i pol\u00edtica"],"inLanguage":"ca-ES"},{"@type":"WebPage","@id":"https:\/\/raed.academy\/ca\/estat-criptomonedes-i-futur\/","url":"https:\/\/raed.academy\/ca\/estat-criptomonedes-i-futur\/","name":"Estat, criptomonedes i futur - Reial Acad\u00e8mia Europea de Doctors","isPartOf":{"@id":"https:\/\/raed.academy\/ca\/#website"},"primaryImageOfPage":{"@id":"https:\/\/raed.academy\/ca\/estat-criptomonedes-i-futur\/#primaryimage"},"image":{"@id":"https:\/\/raed.academy\/ca\/estat-criptomonedes-i-futur\/#primaryimage"},"thumbnailUrl":"https:\/\/raed.academy\/wp-content\/uploads\/2022\/02\/shutt-Blockchain-criptomonedas-dst.webp","datePublished":"2022-12-16T06:08:34+00:00","dateModified":"2022-12-18T12:56:44+00:00","description":"Bernardo Rabassa analitza el futur de l'economia a la llum de l'actual crisi, a l'article \"L'Estat, les criptomonedes i les lleis a la societat\"","breadcrumb":{"@id":"https:\/\/raed.academy\/ca\/estat-criptomonedes-i-futur\/#breadcrumb"},"inLanguage":"ca-ES","potentialAction":[{"@type":"ReadAction","target":["https:\/\/raed.academy\/ca\/estat-criptomonedes-i-futur\/"]}]},{"@type":"ImageObject","inLanguage":"ca-ES","@id":"https:\/\/raed.academy\/ca\/estat-criptomonedes-i-futur\/#primaryimage","url":"https:\/\/raed.academy\/wp-content\/uploads\/2022\/02\/shutt-Blockchain-criptomonedas-dst.webp","contentUrl":"https:\/\/raed.academy\/wp-content\/uploads\/2022\/02\/shutt-Blockchain-criptomonedas-dst.webp","width":600,"height":360,"caption":"c"},{"@type":"BreadcrumbList","@id":"https:\/\/raed.academy\/ca\/estat-criptomonedes-i-futur\/#breadcrumb","itemListElement":[{"@type":"ListItem","position":1,"name":"Inicio","item":"https:\/\/raed.academy\/ca\/"},{"@type":"ListItem","position":2,"name":"Estat, criptomonedes i futur"}]},{"@type":"WebSite","@id":"https:\/\/raed.academy\/ca\/#website","url":"https:\/\/raed.academy\/ca\/","name":"Reial Acad\u00e8mia Europea de Doctors","description":"Corporaci\u00f3n de derecho p\u00fablico de car\u00e1cter cient\u00edfico, t\u00e9cnico y art\u00edstico, que tiene por objeto la investigaci\u00f3n, el estudio, el fomento y la extensi\u00f3n del conocimiento en su sentido m\u00e1s amplio","publisher":{"@id":"https:\/\/raed.academy\/ca\/#organization"},"potentialAction":[{"@type":"SearchAction","target":{"@type":"EntryPoint","urlTemplate":"https:\/\/raed.academy\/ca\/?s={search_term_string}"},"query-input":{"@type":"PropertyValueSpecification","valueRequired":true,"valueName":"search_term_string"}}],"inLanguage":"ca-ES"},{"@type":"Organization","@id":"https:\/\/raed.academy\/ca\/#organization","name":"Real Academia Europea de Doctores","url":"https:\/\/raed.academy\/ca\/","logo":{"@type":"ImageObject","inLanguage":"ca-ES","@id":"https:\/\/raed.academy\/ca\/#\/schema\/logo\/image\/","url":"https:\/\/raed.academy\/wp-content\/uploads\/2017\/01\/cropped-logo_raed.png","contentUrl":"https:\/\/raed.academy\/wp-content\/uploads\/2017\/01\/cropped-logo_raed.png","width":512,"height":512,"caption":"Real Academia Europea de Doctores"},"image":{"@id":"https:\/\/raed.academy\/ca\/#\/schema\/logo\/image\/"},"sameAs":["http:\/\/fb.me\/raed.academy","https:\/\/x.com\/raedacademy","https:\/\/www.instagram.com\/raed.academy\/","https:\/\/www.youtube.com\/channel\/UCUYQwW2KrdirNWihxMDObwg"]},{"@type":"Person","@id":"https:\/\/raed.academy\/ca\/#\/schema\/person\/5a755da80d1d979fd66ba745c8702927","name":"RAED","image":{"@type":"ImageObject","inLanguage":"ca-ES","@id":"https:\/\/secure.gravatar.com\/avatar\/19fdfdc0d67fb9c45714b703a2ac82251c4fcea3637f002ac3c9b74c0183583c?s=96&d=mm&r=g","url":"https:\/\/secure.gravatar.com\/avatar\/19fdfdc0d67fb9c45714b703a2ac82251c4fcea3637f002ac3c9b74c0183583c?s=96&d=mm&r=g","contentUrl":"https:\/\/secure.gravatar.com\/avatar\/19fdfdc0d67fb9c45714b703a2ac82251c4fcea3637f002ac3c9b74c0183583c?s=96&d=mm&r=g","caption":"RAED"}}]}},"_links":{"self":[{"href":"https:\/\/raed.academy\/ca\/wp-json\/wp\/v2\/posts\/126152","targetHints":{"allow":["GET"]}}],"collection":[{"href":"https:\/\/raed.academy\/ca\/wp-json\/wp\/v2\/posts"}],"about":[{"href":"https:\/\/raed.academy\/ca\/wp-json\/wp\/v2\/types\/post"}],"author":[{"embeddable":true,"href":"https:\/\/raed.academy\/ca\/wp-json\/wp\/v2\/users\/12"}],"replies":[{"embeddable":true,"href":"https:\/\/raed.academy\/ca\/wp-json\/wp\/v2\/comments?post=126152"}],"version-history":[{"count":0,"href":"https:\/\/raed.academy\/ca\/wp-json\/wp\/v2\/posts\/126152\/revisions"}],"wp:featuredmedia":[{"embeddable":true,"href":"https:\/\/raed.academy\/ca\/wp-json\/wp\/v2\/media\/113250"}],"wp:attachment":[{"href":"https:\/\/raed.academy\/ca\/wp-json\/wp\/v2\/media?parent=126152"}],"wp:term":[{"taxonomy":"category","embeddable":true,"href":"https:\/\/raed.academy\/ca\/wp-json\/wp\/v2\/categories?post=126152"},{"taxonomy":"post_tag","embeddable":true,"href":"https:\/\/raed.academy\/ca\/wp-json\/wp\/v2\/tags?post=126152"}],"curies":[{"name":"wp","href":"https:\/\/api.w.org\/{rel}","templated":true}]}}