{"id":124758,"date":"2022-11-16T15:43:30","date_gmt":"2022-11-16T15:43:30","guid":{"rendered":"https:\/\/raed.academy\/?p=124758"},"modified":"2022-11-23T10:29:52","modified_gmt":"2022-11-23T10:29:52","slug":"el-proper-21-de-novembre-sobrira-la-campanya-per-a-la-signatura-del-manifest-de-les-galapagos-cap-a-lhomo-galapaguensis","status":"publish","type":"post","link":"https:\/\/raed.academy\/ca\/el-proper-21-de-novembre-sobrira-la-campanya-per-a-la-signatura-del-manifest-de-les-galapagos-cap-a-lhomo-galapaguensis\/","title":{"rendered":"El proper 21 de novembre s&#8217;obrir\u00e0 la campanya per a la signatura del Manifest de les Gal\u00e1pagos, cap a l&#8217;Homo Galapaguensis"},"content":{"rendered":"<div class=\"hashtag\" style=\"font-size: 25px; position: relative; top: -100px;\">#ManifestGalapagos<\/div>\n<p><strong>Els Premis Nobel Erwin Neher (Medicina, 1991), Aaron Ciechanover (Qu\u00edmica, 2004), Richard Roberts (Medicina, 1993) i Richard Schrock (Qu\u00edmica, 2005) ja han subscrit el <a href=\"https:\/\/raed.academy\/ca\/manifest-de-la-reial-academia-europea-de-doctors-per-a-la-defensa-dels-oceans\/\" target=\"_blank\" rel=\"noopener\">&#8220;Manifest&#8221;<\/a>.<\/strong><\/p>\n<p><strong>La campanya, iniciativa de la Reial Acad\u00e8mia Europea de Doctors (RAED), compta amb la col\u00b7laboraci\u00f3 de la Fundaci\u00f3 Fidal, la Universitat de San Francisco de Quito (USFQ).<\/strong><\/p>\n<p><strong><a href=\"https:\/\/www.huawei.com\/es\/\" target=\"_blank\" rel=\"noopener\">Huawei<\/a>, empresa patrocinadora d&#8217;\u00abExpedici\u00f3 Cient\u00edfica Gal\u00e1pagos i Quito 2022\u00bb, juntament amb <a href=\"https:\/\/www.tomamosimpulso.com\/\" target=\"_blank\" rel=\"noopener\">Agrupaci\u00f3<\/a>, col\u00b7laborar\u00e0 en la campanya amb la difusi\u00f3 del manifest entre m\u00e9s de 100.000 estudiants de tot el m\u00f3n.<\/strong><\/p>\n<p><strong>L&#8217;expresidenta de l&#8217;Equador, Rosal\u00eda Arteaga, i la vicepresidenta de <a href=\"https:\/\/www.huawei.com\/es\/\" target=\"_blank\" rel=\"noopener\">Huawei Espanya<\/a>, Therese Jamaa, participaran en l&#8217;acte de presentaci\u00f3 al Teatro Real de Madrid.<\/strong><\/p>\n<p>El pr\u00f2xim <strong>21 de novembre la Reial Acad\u00e8mia Europea de Doctors (RAED)<\/strong> i la companyia\u00a0<strong><a href=\"https:\/\/www.huawei.com\/es\/\" target=\"_blank\" rel=\"noopener\">Huawei<\/a><\/strong> presentaran l&#8217;acte d&#8217;<strong>inici de la signatura del <a href=\"https:\/\/raed.academy\/ca\/manifest-de-la-reial-academia-europea-de-doctors-per-a-la-defensa-dels-oceans\/\">&#8220;Manifest de les Gal\u00e1pagos&#8221;<\/a><\/strong>, redactat durant &#8220;l\u2019<strong>Expedici\u00f3 Cient\u00edfica Gal\u00e1pagos i Quito<\/strong> <strong>2022&#8243;<\/strong> i fet p\u00fablic el passat mes d&#8217;agost a la <strong>Universitat de San Francisco de Quito (USFQ)<\/strong>. El <strong>Manifest<\/strong> ha estat presentat a institucions i entitats, tant acad\u00e8miques com econ\u00f2miques, socials i culturals; que han mostrat el seu suport a aquesta iniciativa que consta de vuit punts: gesti\u00f3 integral de l&#8217;aigua, educaci\u00f3, implicaci\u00f3 del m\u00f3n intel\u00b7lectual, capital natural, el paper de les organitzacions filantr\u00f2piques, l&#8217;acci\u00f3 local immediata, comprom\u00eds internacional i compliment de les lleis i implicaci\u00f3 de les institucions internacionals; propostes concretes per superar la situaci\u00f3 actual de destrucci\u00f3 del medi ambient i, en especial, dels mars per la contaminaci\u00f3 de pl\u00e0stics i micropl\u00e0stics.<\/p>\n<div style=\"width: 381px\" class=\"wp-caption alignleft\"><img loading=\"lazy\" decoding=\"async\" src=\"https:\/\/raed.academy\/wp-content\/uploads\/2022\/11\/Therese-Jamaa-Huawei.webp\" alt=\"Therese Jamaa, vicepresidenta de Huawei\" width=\"371\" height=\"247\" \/><p class=\"wp-caption-text\">Sra. Therese Jamaa, vicepresidenta de Huawei<\/p><\/div>\n<p>Els Premis Nobel i Acad\u00e8mics d&#8217;Honor de la RAED, <strong>Erwin Neher<\/strong> (Medicina, 1991), <strong>Aaron Ciechanover<\/strong> (Qu\u00edmica, 2004), <strong>Richards Roberts<\/strong> (Medicina, 1993) i <strong>Richard Shrock<\/strong> (Qu\u00edmica, 2005) ja han subscrit el <a href=\"https:\/\/raed.academy\/ca\/manifest-de-la-reial-academia-europea-de-doctors-per-a-la-defensa-dels-oceans\/\"><strong>Manifest<\/strong><\/a>. La <strong>RAED<\/strong> \u00e9s una corporaci\u00f3 de dret p\u00fablic de car\u00e0cter cient\u00edfic, t\u00e8cnic i art\u00edstic, que t\u00e9 per objecte la investigaci\u00f3, l&#8217;estudi, el foment i l&#8217;extensi\u00f3 del coneixement en el sentit m\u00e9s ampli. Va ser constitu\u00efda el 1914 i el seu objectiu \u00e9s generar saber i posar-ho a disposici\u00f3 de la societat per oferir respostes als desafiaments globals, transferir coneixement d&#8217;avui a les generacions futures i generar debat i di\u00e0leg a les diferents branques de la Ci\u00e8ncia (Ci\u00e8ncies Socials, Ci\u00e8ncies de la Salut, Ci\u00e8ncies Humanes, Ci\u00e8ncies Experimentals i Ci\u00e8ncies Tecnol\u00f2giques).<\/p>\n<p><strong>Alfredo Rocafort,<\/strong> president de la <strong>RAED<\/strong>, afirma que \u201cles Gal\u00e1pagos, les Illes Encantades, va ser el lloc on Darwin es va inspirar. Amb aquesta iniciativa demanem al m\u00f3n que sigui capa\u00e7 de fer de manera figurada un salt evolutiu i passar de l&#8217;Homo sapiens -que atesos els problemes que provoquem al planeta, cada vegada ho som menys- a convertir-nos en \u00ab<strong>Homo Galapaguensis<\/strong>\u00bb, terme que representaria una conviv\u00e8ncia respectuosa i harm\u00f2nica entre l&#8217;\u00e9sser hum\u00e0 i el medi natural. Necessitem que aquest sigui un nou proc\u00e9s de la nostra evoluci\u00f3 com a esp\u00e8cie per recuperar una societat m\u00e9s sostenible, m\u00e9s respectuosa amb el medi ambient, m\u00e9s conscient dels riscos que correm davant de l&#8217;escalfament global i la conseg\u00fcent crisi clim\u00e0tica, davant la sobreexplotaci\u00f3 dels mars, la pesca il\u00b7legal o la superpoblaci\u00f3. \u00c9s fonamental passar de l&#8217;antropocentrisme al biocentrisme per actuar des del respecte a la resta d&#8217;esp\u00e8cies. Els ho devem al planeta 1 a les generacions futures\u201d.<\/p>\n<p>Les persones podran signar el <a href=\"https:\/\/raed.academy\/ca\/manifest-de-la-reial-academia-europea-de-doctors-per-a-la-defensa-dels-oceans\/\">\u00ab<strong>Manifest de les Gal\u00e1pagos<\/strong>\u00bb<\/a> a trav\u00e9s de la plataforma Change.org. Per la seva banda, la companyia <strong><a href=\"https:\/\/www.huawei.com\/es\/\" target=\"_blank\" rel=\"noopener\">Huawei<\/a>,<\/strong> companyia patrocinadora de &#8220;l&#8217;<strong>Expedici\u00f3 Cient\u00edfica Gal\u00e1pagos i Quito 2022&#8243;<\/strong>, juntament amb <a href=\"https:\/\/www.tomamosimpulso.com\/\" target=\"_blank\" rel=\"noopener\"><strong>Agrupaci\u00f3<\/strong><\/a>, realitzaran una campanya per a la signatura d&#8217;aquest important document per part de 100.000 estudiants de tot el m\u00f3n.<\/p>\n<h2><strong>ACTE AL TEATRE REIAL<\/strong><\/h2>\n<p>El pr\u00f2xim <strong>21 de novembre, a les 10:30 h,<\/strong> es dur\u00e0 a terme l&#8217;acte de presentaci\u00f3 de l&#8217;inici de la campanya de recollida de signatures del <a href=\"https:\/\/raed.academy\/ca\/manifest-de-la-reial-academia-europea-de-doctors-per-a-la-defensa-dels-oceans\/\"><strong>\u00abManifest de les Gal\u00e1pagos<\/strong>\u00bb<\/a> al Teatro Real de Madrid. La vicepresidenta de <strong><a href=\"https:\/\/www.huawei.com\/es\/\" target=\"_blank\" rel=\"noopener\">Huawei Espanya<\/a>, Therese Jamaa,<\/strong> donar\u00e0 la benvinguda als assistents i l&#8217;expresidenta de l&#8217;Equador, <strong>Rosal\u00eda Arteaga<\/strong>, far\u00e0 el discurs d&#8217;obertura. <strong>Cecilia Kindel\u00e1n<\/strong>, professora d&#8217;ESIC Business and Marketing School, moderar\u00e0 el Debat sobre la import\u00e0ncia de la implicaci\u00f3 del <a href=\"https:\/\/raed.academy\/ca\/manifest-de-la-reial-academia-europea-de-doctors-per-a-la-defensa-dels-oceans\/\">&#8220;<strong>Manifest de les Gal\u00e1pagos&#8221;<\/strong><\/a> i les conclusions en qu\u00e8 participaran: <strong>Teresa Cerver\u00f3<\/strong>, Leading Research Engineer del Barcelona Supercomputing Center; <strong>Arantxa Mart\u00ednez<\/strong>, pintora; i <strong>Jos\u00e9 Ram\u00f3n Calvo<\/strong>, president de l&#8217;Institut de Cooperaci\u00f3 Internacional de la RAED.<\/p>\n<p><button style=\"display: block; margin: 50px auto 0; font-weight: bold; padding: 20px; font-size: 18px;\" spellcheck=\"false\" data-lt-tmp-id=\"lt-972663\" data-gramm=\"false\"><a href=\"https:\/\/chng.it\/9WGKJxgN\" target=\"_blank;\" rel=\"noopener\">Signar el Manifest<\/a><\/button><\/p>\n<p><button style=\"display: block; margin: 50px auto 0; font-weight: bold; padding: 20px; font-size: 18px;\" spellcheck=\"false\" data-lt-tmp-id=\"lt-972663\" data-gramm=\"false\"><a href=\"https:\/\/galapagosexpeditionevent.com\/\" target=\"_blank;\" rel=\"noopener\">Inscripci\u00f3 a l&#8217;esdeveniment<\/a><\/button><\/p>\n","protected":false},"excerpt":{"rendered":"<p>Acte d&#8217;inici de la signatura del Manifest de les Gal\u00e1pagos, iniciativa de la RAED i la seva Fundaci\u00f3, redactat durant l&#8217;Expedici\u00f3 Cient\u00edfica Gal\u00e1pagos 2022, i presentat a institucions i entitats. Ajuda&#8217;ns signant el Manifest<\/p>\n","protected":false},"author":16,"featured_media":122389,"comment_status":"closed","ping_status":"closed","sticky":false,"template":"","format":"standard","meta":{"_et_pb_use_builder":"","_et_pb_old_content":"","_et_gb_content_width":"","footnotes":""},"categories":[416,310],"tags":[],"class_list":["post-124758","post","type-post","status-publish","format-standard","has-post-thumbnail","hentry","category-canvi-climatic","category-medi-ambient","et-has-post-format-content","et_post_format-et-post-format-standard"],"yoast_head":"<!-- This site is optimized with the Yoast SEO plugin v27.4 - https:\/\/yoast.com\/product\/yoast-seo-wordpress\/ -->\n<title>El proper 21 de novembre s&#039;obrir\u00e0 la campanya per a la signatura del Manifest de les Gal\u00e1pagos, cap a l&#039;Homo Galapaguensis - Reial Acad\u00e8mia Europea de Doctors<\/title>\n<meta name=\"description\" content=\"Acte d&#039;inici de la signatura del Manifest de les Gal\u00e1pagos, redactat durant l&#039;Expedici\u00f3 Cient\u00edfica Gal\u00e1pagos 2022. Ajuda&#039;ns signant el Manifest\" \/>\n<meta name=\"robots\" content=\"index, follow, max-snippet:-1, max-image-preview:large, max-video-preview:-1\" \/>\n<link rel=\"canonical\" href=\"https:\/\/raed.academy\/ca\/el-proper-21-de-novembre-sobrira-la-campanya-per-a-la-signatura-del-manifest-de-les-galapagos-cap-a-lhomo-galapaguensis\/\" \/>\n<meta property=\"og:locale\" content=\"ca_ES\" \/>\n<meta property=\"og:type\" content=\"article\" \/>\n<meta property=\"og:title\" content=\"El proper 21 de novembre s&#039;obrir\u00e0 la campanya per a la signatura del Manifest de les Gal\u00e1pagos, cap a l&#039;Homo Galapaguensis - Reial Acad\u00e8mia Europea de Doctors\" \/>\n<meta property=\"og:description\" content=\"Acte d&#039;inici de la signatura del Manifest de les Gal\u00e1pagos, redactat durant l&#039;Expedici\u00f3 Cient\u00edfica Gal\u00e1pagos 2022. Ajuda&#039;ns signant el Manifest\" \/>\n<meta property=\"og:url\" content=\"https:\/\/raed.academy\/ca\/el-proper-21-de-novembre-sobrira-la-campanya-per-a-la-signatura-del-manifest-de-les-galapagos-cap-a-lhomo-galapaguensis\/\" \/>\n<meta property=\"og:site_name\" content=\"Reial Acad\u00e8mia Europea de Doctors\" \/>\n<meta property=\"article:publisher\" content=\"http:\/\/fb.me\/raed.academy\" \/>\n<meta property=\"article:published_time\" content=\"2022-11-16T15:43:30+00:00\" \/>\n<meta property=\"article:modified_time\" content=\"2022-11-23T10:29:52+00:00\" \/>\n<meta property=\"og:image\" content=\"https:\/\/raed.academy\/wp-content\/uploads\/2022\/09\/tortuga-marina-de-islas-Galapagos-por-Miquel-Ventura-dst.webp\" \/>\n\t<meta property=\"og:image:width\" content=\"1024\" \/>\n\t<meta property=\"og:image:height\" content=\"614\" \/>\n\t<meta property=\"og:image:type\" content=\"image\/webp\" \/>\n<meta name=\"author\" content=\"Javier Rodr\u00edguez Sicilia\" \/>\n<meta name=\"twitter:card\" content=\"summary_large_image\" \/>\n<meta name=\"twitter:creator\" content=\"@raedacademy\" \/>\n<meta name=\"twitter:site\" content=\"@raedacademy\" \/>\n<meta name=\"twitter:label1\" content=\"Written by\" \/>\n\t<meta name=\"twitter:data1\" content=\"Javier Rodr\u00edguez Sicilia\" \/>\n\t<meta name=\"twitter:label2\" content=\"Est. reading time\" \/>\n\t<meta name=\"twitter:data2\" content=\"4 minutes\" \/>\n<script type=\"application\/ld+json\" class=\"yoast-schema-graph\">{\"@context\":\"https:\\\/\\\/schema.org\",\"@graph\":[{\"@type\":\"Article\",\"@id\":\"https:\\\/\\\/raed.academy\\\/ca\\\/el-proper-21-de-novembre-sobrira-la-campanya-per-a-la-signatura-del-manifest-de-les-galapagos-cap-a-lhomo-galapaguensis\\\/#article\",\"isPartOf\":{\"@id\":\"https:\\\/\\\/raed.academy\\\/ca\\\/el-proper-21-de-novembre-sobrira-la-campanya-per-a-la-signatura-del-manifest-de-les-galapagos-cap-a-lhomo-galapaguensis\\\/\"},\"author\":{\"name\":\"Javier Rodr\u00edguez Sicilia\",\"@id\":\"https:\\\/\\\/raed.academy\\\/ca\\\/#\\\/schema\\\/person\\\/31af80688d8a2644644f48b63aa77ee1\"},\"headline\":\"El proper 21 de novembre s&#8217;obrir\u00e0 la campanya per a la signatura del Manifest de les Gal\u00e1pagos, cap a l&#8217;Homo Galapaguensis\",\"datePublished\":\"2022-11-16T15:43:30+00:00\",\"dateModified\":\"2022-11-23T10:29:52+00:00\",\"mainEntityOfPage\":{\"@id\":\"https:\\\/\\\/raed.academy\\\/ca\\\/el-proper-21-de-novembre-sobrira-la-campanya-per-a-la-signatura-del-manifest-de-les-galapagos-cap-a-lhomo-galapaguensis\\\/\"},\"wordCount\":807,\"publisher\":{\"@id\":\"https:\\\/\\\/raed.academy\\\/ca\\\/#organization\"},\"image\":{\"@id\":\"https:\\\/\\\/raed.academy\\\/ca\\\/el-proper-21-de-novembre-sobrira-la-campanya-per-a-la-signatura-del-manifest-de-les-galapagos-cap-a-lhomo-galapaguensis\\\/#primaryimage\"},\"thumbnailUrl\":\"https:\\\/\\\/raed.academy\\\/wp-content\\\/uploads\\\/2022\\\/09\\\/tortuga-marina-de-islas-Galapagos-por-Miquel-Ventura-dst.webp\",\"articleSection\":[\"Canvi clim\u00e0tic\",\"Medi ambient\"],\"inLanguage\":\"ca-ES\"},{\"@type\":\"WebPage\",\"@id\":\"https:\\\/\\\/raed.academy\\\/ca\\\/el-proper-21-de-novembre-sobrira-la-campanya-per-a-la-signatura-del-manifest-de-les-galapagos-cap-a-lhomo-galapaguensis\\\/\",\"url\":\"https:\\\/\\\/raed.academy\\\/ca\\\/el-proper-21-de-novembre-sobrira-la-campanya-per-a-la-signatura-del-manifest-de-les-galapagos-cap-a-lhomo-galapaguensis\\\/\",\"name\":\"El proper 21 de novembre s'obrir\u00e0 la campanya per a la signatura del Manifest de les Gal\u00e1pagos, cap a l'Homo Galapaguensis - Reial Acad\u00e8mia Europea de Doctors\",\"isPartOf\":{\"@id\":\"https:\\\/\\\/raed.academy\\\/ca\\\/#website\"},\"primaryImageOfPage\":{\"@id\":\"https:\\\/\\\/raed.academy\\\/ca\\\/el-proper-21-de-novembre-sobrira-la-campanya-per-a-la-signatura-del-manifest-de-les-galapagos-cap-a-lhomo-galapaguensis\\\/#primaryimage\"},\"image\":{\"@id\":\"https:\\\/\\\/raed.academy\\\/ca\\\/el-proper-21-de-novembre-sobrira-la-campanya-per-a-la-signatura-del-manifest-de-les-galapagos-cap-a-lhomo-galapaguensis\\\/#primaryimage\"},\"thumbnailUrl\":\"https:\\\/\\\/raed.academy\\\/wp-content\\\/uploads\\\/2022\\\/09\\\/tortuga-marina-de-islas-Galapagos-por-Miquel-Ventura-dst.webp\",\"datePublished\":\"2022-11-16T15:43:30+00:00\",\"dateModified\":\"2022-11-23T10:29:52+00:00\",\"description\":\"Acte d'inici de la signatura del Manifest de les Gal\u00e1pagos, redactat durant l'Expedici\u00f3 Cient\u00edfica Gal\u00e1pagos 2022. Ajuda'ns signant el Manifest\",\"breadcrumb\":{\"@id\":\"https:\\\/\\\/raed.academy\\\/ca\\\/el-proper-21-de-novembre-sobrira-la-campanya-per-a-la-signatura-del-manifest-de-les-galapagos-cap-a-lhomo-galapaguensis\\\/#breadcrumb\"},\"inLanguage\":\"ca-ES\",\"potentialAction\":[{\"@type\":\"ReadAction\",\"target\":[\"https:\\\/\\\/raed.academy\\\/ca\\\/el-proper-21-de-novembre-sobrira-la-campanya-per-a-la-signatura-del-manifest-de-les-galapagos-cap-a-lhomo-galapaguensis\\\/\"]}]},{\"@type\":\"ImageObject\",\"inLanguage\":\"ca-ES\",\"@id\":\"https:\\\/\\\/raed.academy\\\/ca\\\/el-proper-21-de-novembre-sobrira-la-campanya-per-a-la-signatura-del-manifest-de-les-galapagos-cap-a-lhomo-galapaguensis\\\/#primaryimage\",\"url\":\"https:\\\/\\\/raed.academy\\\/wp-content\\\/uploads\\\/2022\\\/09\\\/tortuga-marina-de-islas-Galapagos-por-Miquel-Ventura-dst.webp\",\"contentUrl\":\"https:\\\/\\\/raed.academy\\\/wp-content\\\/uploads\\\/2022\\\/09\\\/tortuga-marina-de-islas-Galapagos-por-Miquel-Ventura-dst.webp\",\"width\":1024,\"height\":614,\"caption\":\"tortuga marina de las islas Gal\u00e1pagos\"},{\"@type\":\"BreadcrumbList\",\"@id\":\"https:\\\/\\\/raed.academy\\\/ca\\\/el-proper-21-de-novembre-sobrira-la-campanya-per-a-la-signatura-del-manifest-de-les-galapagos-cap-a-lhomo-galapaguensis\\\/#breadcrumb\",\"itemListElement\":[{\"@type\":\"ListItem\",\"position\":1,\"name\":\"Inicio\",\"item\":\"https:\\\/\\\/raed.academy\\\/ca\\\/\"},{\"@type\":\"ListItem\",\"position\":2,\"name\":\"El proper 21 de novembre s&#8217;obrir\u00e0 la campanya per a la signatura del Manifest de les Gal\u00e1pagos, cap a l&#8217;Homo Galapaguensis\"}]},{\"@type\":\"WebSite\",\"@id\":\"https:\\\/\\\/raed.academy\\\/ca\\\/#website\",\"url\":\"https:\\\/\\\/raed.academy\\\/ca\\\/\",\"name\":\"Reial Acad\u00e8mia Europea de Doctors\",\"description\":\"Corporaci\u00f3n de derecho p\u00fablico de car\u00e1cter cient\u00edfico, t\u00e9cnico y art\u00edstico, que tiene por objeto la investigaci\u00f3n, el estudio, el fomento y la extensi\u00f3n del conocimiento en su sentido m\u00e1s amplio\",\"publisher\":{\"@id\":\"https:\\\/\\\/raed.academy\\\/ca\\\/#organization\"},\"potentialAction\":[{\"@type\":\"SearchAction\",\"target\":{\"@type\":\"EntryPoint\",\"urlTemplate\":\"https:\\\/\\\/raed.academy\\\/ca\\\/?s={search_term_string}\"},\"query-input\":{\"@type\":\"PropertyValueSpecification\",\"valueRequired\":true,\"valueName\":\"search_term_string\"}}],\"inLanguage\":\"ca-ES\"},{\"@type\":\"Organization\",\"@id\":\"https:\\\/\\\/raed.academy\\\/ca\\\/#organization\",\"name\":\"Real Academia Europea de Doctores\",\"url\":\"https:\\\/\\\/raed.academy\\\/ca\\\/\",\"logo\":{\"@type\":\"ImageObject\",\"inLanguage\":\"ca-ES\",\"@id\":\"https:\\\/\\\/raed.academy\\\/ca\\\/#\\\/schema\\\/logo\\\/image\\\/\",\"url\":\"https:\\\/\\\/raed.academy\\\/wp-content\\\/uploads\\\/2017\\\/01\\\/cropped-logo_raed.png\",\"contentUrl\":\"https:\\\/\\\/raed.academy\\\/wp-content\\\/uploads\\\/2017\\\/01\\\/cropped-logo_raed.png\",\"width\":512,\"height\":512,\"caption\":\"Real Academia Europea de Doctores\"},\"image\":{\"@id\":\"https:\\\/\\\/raed.academy\\\/ca\\\/#\\\/schema\\\/logo\\\/image\\\/\"},\"sameAs\":[\"http:\\\/\\\/fb.me\\\/raed.academy\",\"https:\\\/\\\/x.com\\\/raedacademy\",\"https:\\\/\\\/www.instagram.com\\\/raed.academy\\\/\",\"https:\\\/\\\/www.youtube.com\\\/channel\\\/UCUYQwW2KrdirNWihxMDObwg\"]},{\"@type\":\"Person\",\"@id\":\"https:\\\/\\\/raed.academy\\\/ca\\\/#\\\/schema\\\/person\\\/31af80688d8a2644644f48b63aa77ee1\",\"name\":\"Javier Rodr\u00edguez Sicilia\",\"image\":{\"@type\":\"ImageObject\",\"inLanguage\":\"ca-ES\",\"@id\":\"https:\\\/\\\/secure.gravatar.com\\\/avatar\\\/702200af99a88a3d626bc9ca2ee9361fa6e582e4455b1e641d8576c963ca66d5?s=96&d=mm&r=g\",\"url\":\"https:\\\/\\\/secure.gravatar.com\\\/avatar\\\/702200af99a88a3d626bc9ca2ee9361fa6e582e4455b1e641d8576c963ca66d5?s=96&d=mm&r=g\",\"contentUrl\":\"https:\\\/\\\/secure.gravatar.com\\\/avatar\\\/702200af99a88a3d626bc9ca2ee9361fa6e582e4455b1e641d8576c963ca66d5?s=96&d=mm&r=g\",\"caption\":\"Javier Rodr\u00edguez Sicilia\"}}]}<\/script>\n<!-- \/ Yoast SEO plugin. -->","yoast_head_json":{"title":"El proper 21 de novembre s'obrir\u00e0 la campanya per a la signatura del Manifest de les Gal\u00e1pagos, cap a l'Homo Galapaguensis - Reial Acad\u00e8mia Europea de Doctors","description":"Acte d'inici de la signatura del Manifest de les Gal\u00e1pagos, redactat durant l'Expedici\u00f3 Cient\u00edfica Gal\u00e1pagos 2022. Ajuda'ns signant el Manifest","robots":{"index":"index","follow":"follow","max-snippet":"max-snippet:-1","max-image-preview":"max-image-preview:large","max-video-preview":"max-video-preview:-1"},"canonical":"https:\/\/raed.academy\/ca\/el-proper-21-de-novembre-sobrira-la-campanya-per-a-la-signatura-del-manifest-de-les-galapagos-cap-a-lhomo-galapaguensis\/","og_locale":"ca_ES","og_type":"article","og_title":"El proper 21 de novembre s'obrir\u00e0 la campanya per a la signatura del Manifest de les Gal\u00e1pagos, cap a l'Homo Galapaguensis - Reial Acad\u00e8mia Europea de Doctors","og_description":"Acte d'inici de la signatura del Manifest de les Gal\u00e1pagos, redactat durant l'Expedici\u00f3 Cient\u00edfica Gal\u00e1pagos 2022. Ajuda'ns signant el Manifest","og_url":"https:\/\/raed.academy\/ca\/el-proper-21-de-novembre-sobrira-la-campanya-per-a-la-signatura-del-manifest-de-les-galapagos-cap-a-lhomo-galapaguensis\/","og_site_name":"Reial Acad\u00e8mia Europea de Doctors","article_publisher":"http:\/\/fb.me\/raed.academy","article_published_time":"2022-11-16T15:43:30+00:00","article_modified_time":"2022-11-23T10:29:52+00:00","og_image":[{"width":1024,"height":614,"url":"https:\/\/raed.academy\/wp-content\/uploads\/2022\/09\/tortuga-marina-de-islas-Galapagos-por-Miquel-Ventura-dst.webp","type":"image\/webp"}],"author":"Javier Rodr\u00edguez Sicilia","twitter_card":"summary_large_image","twitter_creator":"@raedacademy","twitter_site":"@raedacademy","twitter_misc":{"Written by":"Javier Rodr\u00edguez Sicilia","Est. reading time":"4 minutes"},"schema":{"@context":"https:\/\/schema.org","@graph":[{"@type":"Article","@id":"https:\/\/raed.academy\/ca\/el-proper-21-de-novembre-sobrira-la-campanya-per-a-la-signatura-del-manifest-de-les-galapagos-cap-a-lhomo-galapaguensis\/#article","isPartOf":{"@id":"https:\/\/raed.academy\/ca\/el-proper-21-de-novembre-sobrira-la-campanya-per-a-la-signatura-del-manifest-de-les-galapagos-cap-a-lhomo-galapaguensis\/"},"author":{"name":"Javier Rodr\u00edguez Sicilia","@id":"https:\/\/raed.academy\/ca\/#\/schema\/person\/31af80688d8a2644644f48b63aa77ee1"},"headline":"El proper 21 de novembre s&#8217;obrir\u00e0 la campanya per a la signatura del Manifest de les Gal\u00e1pagos, cap a l&#8217;Homo Galapaguensis","datePublished":"2022-11-16T15:43:30+00:00","dateModified":"2022-11-23T10:29:52+00:00","mainEntityOfPage":{"@id":"https:\/\/raed.academy\/ca\/el-proper-21-de-novembre-sobrira-la-campanya-per-a-la-signatura-del-manifest-de-les-galapagos-cap-a-lhomo-galapaguensis\/"},"wordCount":807,"publisher":{"@id":"https:\/\/raed.academy\/ca\/#organization"},"image":{"@id":"https:\/\/raed.academy\/ca\/el-proper-21-de-novembre-sobrira-la-campanya-per-a-la-signatura-del-manifest-de-les-galapagos-cap-a-lhomo-galapaguensis\/#primaryimage"},"thumbnailUrl":"https:\/\/raed.academy\/wp-content\/uploads\/2022\/09\/tortuga-marina-de-islas-Galapagos-por-Miquel-Ventura-dst.webp","articleSection":["Canvi clim\u00e0tic","Medi ambient"],"inLanguage":"ca-ES"},{"@type":"WebPage","@id":"https:\/\/raed.academy\/ca\/el-proper-21-de-novembre-sobrira-la-campanya-per-a-la-signatura-del-manifest-de-les-galapagos-cap-a-lhomo-galapaguensis\/","url":"https:\/\/raed.academy\/ca\/el-proper-21-de-novembre-sobrira-la-campanya-per-a-la-signatura-del-manifest-de-les-galapagos-cap-a-lhomo-galapaguensis\/","name":"El proper 21 de novembre s'obrir\u00e0 la campanya per a la signatura del Manifest de les Gal\u00e1pagos, cap a l'Homo Galapaguensis - Reial Acad\u00e8mia Europea de Doctors","isPartOf":{"@id":"https:\/\/raed.academy\/ca\/#website"},"primaryImageOfPage":{"@id":"https:\/\/raed.academy\/ca\/el-proper-21-de-novembre-sobrira-la-campanya-per-a-la-signatura-del-manifest-de-les-galapagos-cap-a-lhomo-galapaguensis\/#primaryimage"},"image":{"@id":"https:\/\/raed.academy\/ca\/el-proper-21-de-novembre-sobrira-la-campanya-per-a-la-signatura-del-manifest-de-les-galapagos-cap-a-lhomo-galapaguensis\/#primaryimage"},"thumbnailUrl":"https:\/\/raed.academy\/wp-content\/uploads\/2022\/09\/tortuga-marina-de-islas-Galapagos-por-Miquel-Ventura-dst.webp","datePublished":"2022-11-16T15:43:30+00:00","dateModified":"2022-11-23T10:29:52+00:00","description":"Acte d'inici de la signatura del Manifest de les Gal\u00e1pagos, redactat durant l'Expedici\u00f3 Cient\u00edfica Gal\u00e1pagos 2022. Ajuda'ns signant el Manifest","breadcrumb":{"@id":"https:\/\/raed.academy\/ca\/el-proper-21-de-novembre-sobrira-la-campanya-per-a-la-signatura-del-manifest-de-les-galapagos-cap-a-lhomo-galapaguensis\/#breadcrumb"},"inLanguage":"ca-ES","potentialAction":[{"@type":"ReadAction","target":["https:\/\/raed.academy\/ca\/el-proper-21-de-novembre-sobrira-la-campanya-per-a-la-signatura-del-manifest-de-les-galapagos-cap-a-lhomo-galapaguensis\/"]}]},{"@type":"ImageObject","inLanguage":"ca-ES","@id":"https:\/\/raed.academy\/ca\/el-proper-21-de-novembre-sobrira-la-campanya-per-a-la-signatura-del-manifest-de-les-galapagos-cap-a-lhomo-galapaguensis\/#primaryimage","url":"https:\/\/raed.academy\/wp-content\/uploads\/2022\/09\/tortuga-marina-de-islas-Galapagos-por-Miquel-Ventura-dst.webp","contentUrl":"https:\/\/raed.academy\/wp-content\/uploads\/2022\/09\/tortuga-marina-de-islas-Galapagos-por-Miquel-Ventura-dst.webp","width":1024,"height":614,"caption":"tortuga marina de las islas Gal\u00e1pagos"},{"@type":"BreadcrumbList","@id":"https:\/\/raed.academy\/ca\/el-proper-21-de-novembre-sobrira-la-campanya-per-a-la-signatura-del-manifest-de-les-galapagos-cap-a-lhomo-galapaguensis\/#breadcrumb","itemListElement":[{"@type":"ListItem","position":1,"name":"Inicio","item":"https:\/\/raed.academy\/ca\/"},{"@type":"ListItem","position":2,"name":"El proper 21 de novembre s&#8217;obrir\u00e0 la campanya per a la signatura del Manifest de les Gal\u00e1pagos, cap a l&#8217;Homo Galapaguensis"}]},{"@type":"WebSite","@id":"https:\/\/raed.academy\/ca\/#website","url":"https:\/\/raed.academy\/ca\/","name":"Reial Acad\u00e8mia Europea de Doctors","description":"Corporaci\u00f3n de derecho p\u00fablico de car\u00e1cter cient\u00edfico, t\u00e9cnico y art\u00edstico, que tiene por objeto la investigaci\u00f3n, el estudio, el fomento y la extensi\u00f3n del conocimiento en su sentido m\u00e1s amplio","publisher":{"@id":"https:\/\/raed.academy\/ca\/#organization"},"potentialAction":[{"@type":"SearchAction","target":{"@type":"EntryPoint","urlTemplate":"https:\/\/raed.academy\/ca\/?s={search_term_string}"},"query-input":{"@type":"PropertyValueSpecification","valueRequired":true,"valueName":"search_term_string"}}],"inLanguage":"ca-ES"},{"@type":"Organization","@id":"https:\/\/raed.academy\/ca\/#organization","name":"Real Academia Europea de Doctores","url":"https:\/\/raed.academy\/ca\/","logo":{"@type":"ImageObject","inLanguage":"ca-ES","@id":"https:\/\/raed.academy\/ca\/#\/schema\/logo\/image\/","url":"https:\/\/raed.academy\/wp-content\/uploads\/2017\/01\/cropped-logo_raed.png","contentUrl":"https:\/\/raed.academy\/wp-content\/uploads\/2017\/01\/cropped-logo_raed.png","width":512,"height":512,"caption":"Real Academia Europea de Doctores"},"image":{"@id":"https:\/\/raed.academy\/ca\/#\/schema\/logo\/image\/"},"sameAs":["http:\/\/fb.me\/raed.academy","https:\/\/x.com\/raedacademy","https:\/\/www.instagram.com\/raed.academy\/","https:\/\/www.youtube.com\/channel\/UCUYQwW2KrdirNWihxMDObwg"]},{"@type":"Person","@id":"https:\/\/raed.academy\/ca\/#\/schema\/person\/31af80688d8a2644644f48b63aa77ee1","name":"Javier Rodr\u00edguez Sicilia","image":{"@type":"ImageObject","inLanguage":"ca-ES","@id":"https:\/\/secure.gravatar.com\/avatar\/702200af99a88a3d626bc9ca2ee9361fa6e582e4455b1e641d8576c963ca66d5?s=96&d=mm&r=g","url":"https:\/\/secure.gravatar.com\/avatar\/702200af99a88a3d626bc9ca2ee9361fa6e582e4455b1e641d8576c963ca66d5?s=96&d=mm&r=g","contentUrl":"https:\/\/secure.gravatar.com\/avatar\/702200af99a88a3d626bc9ca2ee9361fa6e582e4455b1e641d8576c963ca66d5?s=96&d=mm&r=g","caption":"Javier Rodr\u00edguez Sicilia"}}]}},"_links":{"self":[{"href":"https:\/\/raed.academy\/ca\/wp-json\/wp\/v2\/posts\/124758","targetHints":{"allow":["GET"]}}],"collection":[{"href":"https:\/\/raed.academy\/ca\/wp-json\/wp\/v2\/posts"}],"about":[{"href":"https:\/\/raed.academy\/ca\/wp-json\/wp\/v2\/types\/post"}],"author":[{"embeddable":true,"href":"https:\/\/raed.academy\/ca\/wp-json\/wp\/v2\/users\/16"}],"replies":[{"embeddable":true,"href":"https:\/\/raed.academy\/ca\/wp-json\/wp\/v2\/comments?post=124758"}],"version-history":[{"count":0,"href":"https:\/\/raed.academy\/ca\/wp-json\/wp\/v2\/posts\/124758\/revisions"}],"wp:featuredmedia":[{"embeddable":true,"href":"https:\/\/raed.academy\/ca\/wp-json\/wp\/v2\/media\/122389"}],"wp:attachment":[{"href":"https:\/\/raed.academy\/ca\/wp-json\/wp\/v2\/media?parent=124758"}],"wp:term":[{"taxonomy":"category","embeddable":true,"href":"https:\/\/raed.academy\/ca\/wp-json\/wp\/v2\/categories?post=124758"},{"taxonomy":"post_tag","embeddable":true,"href":"https:\/\/raed.academy\/ca\/wp-json\/wp\/v2\/tags?post=124758"}],"curies":[{"name":"wp","href":"https:\/\/api.w.org\/{rel}","templated":true}]}}