{"id":124187,"date":"2022-11-04T05:57:52","date_gmt":"2022-11-04T05:57:52","guid":{"rendered":"https:\/\/raed.academy\/?p=124187"},"modified":"2022-11-07T12:29:20","modified_gmt":"2022-11-07T12:29:20","slug":"aportant-llum-i-posant-al-dia-la-professio-medica","status":"publish","type":"post","link":"https:\/\/raed.academy\/ca\/aportant-llum-i-posant-al-dia-la-professio-medica\/","title":{"rendered":"Aportant llum i posant al dia la professi\u00f3 m\u00e8dica"},"content":{"rendered":"<p><img loading=\"lazy\" decoding=\"async\" class=\"wp-image-124168 alignright\" src=\"https:\/\/raed.academy\/wp-content\/uploads\/2022\/11\/logotipo-RAMPV-dst.webp\" sizes=\"(max-width: 400px) 100vw, 400px\" srcset=\"https:\/\/raed.academy\/wp-content\/uploads\/2022\/11\/logotipo-RAMPV-dst.webp 600w, https:\/\/raed.academy\/wp-content\/uploads\/2022\/11\/logotipo-RAMPV-dst-440x264.webp 440w\" alt=\"\" width=\"400\" height=\"240\" \/><a href=\"https:\/\/raed.academy\/ca\/academics\/dr-javier-aranceta-bartrina\/\" target=\"_blank\" rel=\"noopener\"><em><strong>Javier Aranceta<\/strong><\/em><\/a>, president del <strong>Comit\u00e8 Cient\u00edfic<\/strong> de la <strong>Societat Espanyola de Nutrici\u00f3 Comunit\u00e0ria<\/strong> i de la <strong>Reial Acad\u00e8mia de Medicina del Pa\u00eds Basc<\/strong> i acad\u00e8mic de n\u00famero de la <strong>Reial Acad\u00e8mia Europea de Doctors-Barcelona 1914<\/strong> (RAED), ha presentat la segona edici\u00f3 del llibre <strong>&#8220;Cincuenta a\u00f1os de la Real Academia de Medicina del Pa\u00eds Vasco&#8221;<\/strong>, que va veure la llum el juliol passat. Aquesta reedici\u00f3 amplia continguts amb, entre altres aspectes, la incorporaci\u00f3 de nous acad\u00e8mics, com ara<strong> Carmen P\u00e9rez Rodrigo<\/strong>, professora de la Universitat del Pa\u00eds Basc i acad\u00e8mica electa de la RAED. Escrita per <strong>Juan Gondra Rezol<\/strong>, l&#8217;obra \u00e9s un sentit homenatge a tots els impulsors d&#8217;aquesta instituci\u00f3 nascuda el 1971, aix\u00ed com a tots els acad\u00e8mics que aquests darrers 50 anys han contribu\u00eft a les activitats i a l&#8217;esplendor d&#8217;aquesta Reial Corporaci\u00f3. <strong>Aranceta<\/strong> ha participat activament en el projecte com a editor.<\/p>\n<p>&#8220;En aquesta ocasi\u00f3 la posada al dia s&#8217;ha pogut fer gr\u00e0cies a l&#8217;esfor\u00e7 del doctor <strong>Luis Casis<\/strong>, secretari general de la Reial Acad\u00e8mia, que amb la meticulositat que el caracteritza ha completat curr\u00edculums, dates i succe\u00efts de molts apartats. En tot cas, espero que abans del 2030 ens puguem plantejar una tercera edici\u00f3, en aquestes darreres setmanes hem tingut ocasi\u00f3 de presenciar la incorporaci\u00f3 a aquesta Reial Corporaci\u00f3 de les primeres acad\u00e8miques de n\u00famero, com ho s\u00f3n <strong>Carmen P\u00e9rez Rodrigo<\/strong>, metgessa especialista en Medicina Preventiva i Salut P\u00fablica vinculada a l&#8217;\u00c0rea de Salut de l&#8217;<strong>Ajuntament de Bilbao<\/strong> i al Departament de Fisiologia de la Facultat de Medicina de la Universitat del Pa\u00eds Basc, i <strong>Natalia Ojeda del Pozo<\/strong>, catedr\u00e0tica de Neuropsicologia i experta en psicologia cl\u00ednica&#8221;, assenyala el mateix <strong>Aranceta<\/strong> al pr\u00f2leg a aquesta segona edici\u00f3.<\/p>\n<div id=\"attachment_40830\" style=\"width: 379px\" class=\"wp-caption alignleft\"><img loading=\"lazy\" decoding=\"async\" aria-describedby=\"caption-attachment-40830\" class=\"wp-image-40830\" src=\"https:\/\/raed.academy\/wp-content\/uploads\/2018\/02\/5-Javier-Aranceta-debate-alimentos-probioticos-prebioticos.jpg\" alt=\"Dr. Javier Aranceta - Debate alimentos probi\u00f3ticos y prebi\u00f3ticos\" width=\"369\" height=\"246\" aria-describedby=\"caption-attachment-40830\" \/><p id=\"caption-attachment-40830\" class=\"wp-caption-text\">Dr. Javier Aranceta<\/p><\/div>\n<p>Despr\u00e9s de repassar detalladament la hist\u00f2ria i els avatars de l&#8217;Acad\u00e8mia, nascuda a l&#8217;albur de l&#8217;inter\u00e8s per la medicina i la salut al llarg dels segles XIX i XX, de l&#8217;atomitzaci\u00f3 d&#8217;institucions de car\u00e0cter m\u00e9s gen\u00e8ric per abastar millor cada realitat territorial i de fer un ampli rep\u00e0s dels seus protagonistes i figures clau en aquest reeixit recorregut, l&#8217;obra tamb\u00e9 apunta cap al futur i s&#8217;atura en projectes com el que des de fa dos anys comparteix amb la Reial Acad\u00e8mia Europea de Doctors: <strong>Reptes Vitals per a una Nova Era<\/strong>. El llibre culmina amb un ampli annex que recull tots els discursos d&#8217;obertura del Curs Acad\u00e8mic pronunciats al llarg d&#8217;aquest fruct\u00edfer mig segle d&#8217;activitat, les ressenyes biogr\u00e0fiques de tots els acad\u00e8mics numeraris i corresponents -les dels acad\u00e8mics d&#8217;honor figuren, pel seu part, a la web de la instituci\u00f3-, entre els quals hi ha el tamb\u00e9 acad\u00e8mic numerari de la RAED <a href=\"https:\/\/raed.academy\/ca\/academics\/dr-lluis-serra-majem\/\" target=\"_blank\" rel=\"noopener\"><em><strong>Llu\u00eds Serra Majem<\/strong><\/em><\/a>.<\/p>\n<p>&#8220;Vivim un moment complicat encara marcat pels \u00faltims cops de cua de la pand\u00e8mia de la Covid-19 i la crisi global originada per la guerra d&#8217;Ucra\u00efna, encara en actiu i amb escassos aspectes de soluci\u00f3 a curt termini. Aquesta circumst\u00e0ncia dificulta l&#8217;apartat de finan\u00e7ament d&#8217;activitats i tamb\u00e9 la possibilitat d&#8217;avan\u00e7ar en publicacions pr\u00f2pies o col\u00b7laboratives. Recentment, hem compartit una publicaci\u00f3 molt interessant sobre &#8216;Reptes vitals&#8217; amb la Reial Acad\u00e8mia Europea de Doctors, publicaci\u00f3 finan\u00e7ada una vegada m\u00e9s gr\u00e0cies a la generositat de la Societat Espanyola de Nutrici\u00f3 Comunit\u00e0ria&#8221;, assenyala <strong>Aranceta<\/strong> al cap\u00edtol que porta per t\u00edtol <strong>&#8220;Passat, present i futur. Relleu generacional&#8221;<\/strong>.<\/p>\n","protected":false},"excerpt":{"rendered":"<p>Javier Aranceta presenta la segona edici\u00f3 del llibre &#8220;Cincuenta a\u00f1os de la Real Academia de Medicina del Pa\u00eds Vasco&#8221;, un sentit homenatge a tots els impulsors d&#8217;aquesta instituci\u00f3 nascuda el 1971<\/p>\n","protected":false},"author":12,"featured_media":124169,"comment_status":"closed","ping_status":"closed","sticky":false,"template":"","format":"standard","meta":{"_et_pb_use_builder":"","_et_pb_old_content":"","_et_gb_content_width":"","footnotes":""},"categories":[455,242,404,213],"tags":[],"class_list":["post-124187","post","type-post","status-publish","format-standard","has-post-thumbnail","hentry","category-ciencies-de-la-salut","category-categ-historia","category-historia-nacional-ca","category-medicina-i-cirurgia","et-has-post-format-content","et_post_format-et-post-format-standard"],"yoast_head":"<!-- This site is optimized with the Yoast SEO plugin v27.4 - https:\/\/yoast.com\/product\/yoast-seo-wordpress\/ -->\n<title>Aportant llum i posant al dia la professi\u00f3 m\u00e8dica - Reial Acad\u00e8mia Europea de Doctors<\/title>\n<meta name=\"description\" content=\"Javier Aranceta presenta la segona edici\u00f3 del llibre &quot;Cincuenta a\u00f1os de la Real Academia de Medicina del Pa\u00eds Vasco&quot;\" \/>\n<meta name=\"robots\" content=\"index, follow, max-snippet:-1, max-image-preview:large, max-video-preview:-1\" \/>\n<link rel=\"canonical\" href=\"https:\/\/raed.academy\/ca\/aportant-llum-i-posant-al-dia-la-professio-medica\/\" \/>\n<meta property=\"og:locale\" content=\"ca_ES\" \/>\n<meta property=\"og:type\" content=\"article\" \/>\n<meta property=\"og:title\" content=\"Aportant llum i posant al dia la professi\u00f3 m\u00e8dica - Reial Acad\u00e8mia Europea de Doctors\" \/>\n<meta property=\"og:description\" content=\"Javier Aranceta presenta la segona edici\u00f3 del llibre &quot;Cincuenta a\u00f1os de la Real Academia de Medicina del Pa\u00eds Vasco&quot;\" \/>\n<meta property=\"og:url\" content=\"https:\/\/raed.academy\/ca\/aportant-llum-i-posant-al-dia-la-professio-medica\/\" \/>\n<meta property=\"og:site_name\" content=\"Reial Acad\u00e8mia Europea de Doctors\" \/>\n<meta property=\"article:publisher\" content=\"http:\/\/fb.me\/raed.academy\" \/>\n<meta property=\"article:published_time\" content=\"2022-11-04T05:57:52+00:00\" \/>\n<meta property=\"article:modified_time\" content=\"2022-11-07T12:29:20+00:00\" \/>\n<meta property=\"og:image\" content=\"https:\/\/raed.academy\/wp-content\/uploads\/2022\/11\/logotipo-RAMPV-dst.webp\" \/>\n\t<meta property=\"og:image:width\" content=\"600\" \/>\n\t<meta property=\"og:image:height\" content=\"360\" \/>\n\t<meta property=\"og:image:type\" content=\"image\/webp\" \/>\n<meta name=\"author\" content=\"RAED\" \/>\n<meta name=\"twitter:card\" content=\"summary_large_image\" \/>\n<meta name=\"twitter:creator\" content=\"@raedacademy\" \/>\n<meta name=\"twitter:site\" content=\"@raedacademy\" \/>\n<meta name=\"twitter:label1\" content=\"Written by\" \/>\n\t<meta name=\"twitter:data1\" content=\"RAED\" \/>\n\t<meta name=\"twitter:label2\" content=\"Est. reading time\" \/>\n\t<meta name=\"twitter:data2\" content=\"3 minutes\" \/>\n<script type=\"application\/ld+json\" class=\"yoast-schema-graph\">{\"@context\":\"https:\\\/\\\/schema.org\",\"@graph\":[{\"@type\":\"Article\",\"@id\":\"https:\\\/\\\/raed.academy\\\/ca\\\/aportant-llum-i-posant-al-dia-la-professio-medica\\\/#article\",\"isPartOf\":{\"@id\":\"https:\\\/\\\/raed.academy\\\/ca\\\/aportant-llum-i-posant-al-dia-la-professio-medica\\\/\"},\"author\":{\"name\":\"RAED\",\"@id\":\"https:\\\/\\\/raed.academy\\\/ca\\\/#\\\/schema\\\/person\\\/5a755da80d1d979fd66ba745c8702927\"},\"headline\":\"Aportant llum i posant al dia la professi\u00f3 m\u00e8dica\",\"datePublished\":\"2022-11-04T05:57:52+00:00\",\"dateModified\":\"2022-11-07T12:29:20+00:00\",\"mainEntityOfPage\":{\"@id\":\"https:\\\/\\\/raed.academy\\\/ca\\\/aportant-llum-i-posant-al-dia-la-professio-medica\\\/\"},\"wordCount\":634,\"publisher\":{\"@id\":\"https:\\\/\\\/raed.academy\\\/ca\\\/#organization\"},\"image\":{\"@id\":\"https:\\\/\\\/raed.academy\\\/ca\\\/aportant-llum-i-posant-al-dia-la-professio-medica\\\/#primaryimage\"},\"thumbnailUrl\":\"https:\\\/\\\/raed.academy\\\/wp-content\\\/uploads\\\/2022\\\/11\\\/logotipo-RAMPV-dst.webp\",\"articleSection\":[\"Ci\u00e8ncies de la salut\",\"Hist\u00f2ria\",\"Hist\u00f2ria nacional\",\"Medicina i cirurgia\"],\"inLanguage\":\"ca-ES\"},{\"@type\":\"WebPage\",\"@id\":\"https:\\\/\\\/raed.academy\\\/ca\\\/aportant-llum-i-posant-al-dia-la-professio-medica\\\/\",\"url\":\"https:\\\/\\\/raed.academy\\\/ca\\\/aportant-llum-i-posant-al-dia-la-professio-medica\\\/\",\"name\":\"Aportant llum i posant al dia la professi\u00f3 m\u00e8dica - Reial Acad\u00e8mia Europea de Doctors\",\"isPartOf\":{\"@id\":\"https:\\\/\\\/raed.academy\\\/ca\\\/#website\"},\"primaryImageOfPage\":{\"@id\":\"https:\\\/\\\/raed.academy\\\/ca\\\/aportant-llum-i-posant-al-dia-la-professio-medica\\\/#primaryimage\"},\"image\":{\"@id\":\"https:\\\/\\\/raed.academy\\\/ca\\\/aportant-llum-i-posant-al-dia-la-professio-medica\\\/#primaryimage\"},\"thumbnailUrl\":\"https:\\\/\\\/raed.academy\\\/wp-content\\\/uploads\\\/2022\\\/11\\\/logotipo-RAMPV-dst.webp\",\"datePublished\":\"2022-11-04T05:57:52+00:00\",\"dateModified\":\"2022-11-07T12:29:20+00:00\",\"description\":\"Javier Aranceta presenta la segona edici\u00f3 del llibre \\\"Cincuenta a\u00f1os de la Real Academia de Medicina del Pa\u00eds Vasco\\\"\",\"breadcrumb\":{\"@id\":\"https:\\\/\\\/raed.academy\\\/ca\\\/aportant-llum-i-posant-al-dia-la-professio-medica\\\/#breadcrumb\"},\"inLanguage\":\"ca-ES\",\"potentialAction\":[{\"@type\":\"ReadAction\",\"target\":[\"https:\\\/\\\/raed.academy\\\/ca\\\/aportant-llum-i-posant-al-dia-la-professio-medica\\\/\"]}]},{\"@type\":\"ImageObject\",\"inLanguage\":\"ca-ES\",\"@id\":\"https:\\\/\\\/raed.academy\\\/ca\\\/aportant-llum-i-posant-al-dia-la-professio-medica\\\/#primaryimage\",\"url\":\"https:\\\/\\\/raed.academy\\\/wp-content\\\/uploads\\\/2022\\\/11\\\/logotipo-RAMPV-dst.webp\",\"contentUrl\":\"https:\\\/\\\/raed.academy\\\/wp-content\\\/uploads\\\/2022\\\/11\\\/logotipo-RAMPV-dst.webp\",\"width\":600,\"height\":360},{\"@type\":\"BreadcrumbList\",\"@id\":\"https:\\\/\\\/raed.academy\\\/ca\\\/aportant-llum-i-posant-al-dia-la-professio-medica\\\/#breadcrumb\",\"itemListElement\":[{\"@type\":\"ListItem\",\"position\":1,\"name\":\"Inicio\",\"item\":\"https:\\\/\\\/raed.academy\\\/ca\\\/\"},{\"@type\":\"ListItem\",\"position\":2,\"name\":\"Aportant llum i posant al dia la professi\u00f3 m\u00e8dica\"}]},{\"@type\":\"WebSite\",\"@id\":\"https:\\\/\\\/raed.academy\\\/ca\\\/#website\",\"url\":\"https:\\\/\\\/raed.academy\\\/ca\\\/\",\"name\":\"Reial Acad\u00e8mia Europea de Doctors\",\"description\":\"Corporaci\u00f3n de derecho p\u00fablico de car\u00e1cter cient\u00edfico, t\u00e9cnico y art\u00edstico, que tiene por objeto la investigaci\u00f3n, el estudio, el fomento y la extensi\u00f3n del conocimiento en su sentido m\u00e1s amplio\",\"publisher\":{\"@id\":\"https:\\\/\\\/raed.academy\\\/ca\\\/#organization\"},\"potentialAction\":[{\"@type\":\"SearchAction\",\"target\":{\"@type\":\"EntryPoint\",\"urlTemplate\":\"https:\\\/\\\/raed.academy\\\/ca\\\/?s={search_term_string}\"},\"query-input\":{\"@type\":\"PropertyValueSpecification\",\"valueRequired\":true,\"valueName\":\"search_term_string\"}}],\"inLanguage\":\"ca-ES\"},{\"@type\":\"Organization\",\"@id\":\"https:\\\/\\\/raed.academy\\\/ca\\\/#organization\",\"name\":\"Real Academia Europea de Doctores\",\"url\":\"https:\\\/\\\/raed.academy\\\/ca\\\/\",\"logo\":{\"@type\":\"ImageObject\",\"inLanguage\":\"ca-ES\",\"@id\":\"https:\\\/\\\/raed.academy\\\/ca\\\/#\\\/schema\\\/logo\\\/image\\\/\",\"url\":\"https:\\\/\\\/raed.academy\\\/wp-content\\\/uploads\\\/2017\\\/01\\\/cropped-logo_raed.png\",\"contentUrl\":\"https:\\\/\\\/raed.academy\\\/wp-content\\\/uploads\\\/2017\\\/01\\\/cropped-logo_raed.png\",\"width\":512,\"height\":512,\"caption\":\"Real Academia Europea de Doctores\"},\"image\":{\"@id\":\"https:\\\/\\\/raed.academy\\\/ca\\\/#\\\/schema\\\/logo\\\/image\\\/\"},\"sameAs\":[\"http:\\\/\\\/fb.me\\\/raed.academy\",\"https:\\\/\\\/x.com\\\/raedacademy\",\"https:\\\/\\\/www.instagram.com\\\/raed.academy\\\/\",\"https:\\\/\\\/www.youtube.com\\\/channel\\\/UCUYQwW2KrdirNWihxMDObwg\"]},{\"@type\":\"Person\",\"@id\":\"https:\\\/\\\/raed.academy\\\/ca\\\/#\\\/schema\\\/person\\\/5a755da80d1d979fd66ba745c8702927\",\"name\":\"RAED\",\"image\":{\"@type\":\"ImageObject\",\"inLanguage\":\"ca-ES\",\"@id\":\"https:\\\/\\\/secure.gravatar.com\\\/avatar\\\/19fdfdc0d67fb9c45714b703a2ac82251c4fcea3637f002ac3c9b74c0183583c?s=96&d=mm&r=g\",\"url\":\"https:\\\/\\\/secure.gravatar.com\\\/avatar\\\/19fdfdc0d67fb9c45714b703a2ac82251c4fcea3637f002ac3c9b74c0183583c?s=96&d=mm&r=g\",\"contentUrl\":\"https:\\\/\\\/secure.gravatar.com\\\/avatar\\\/19fdfdc0d67fb9c45714b703a2ac82251c4fcea3637f002ac3c9b74c0183583c?s=96&d=mm&r=g\",\"caption\":\"RAED\"}}]}<\/script>\n<!-- \/ Yoast SEO plugin. -->","yoast_head_json":{"title":"Aportant llum i posant al dia la professi\u00f3 m\u00e8dica - Reial Acad\u00e8mia Europea de Doctors","description":"Javier Aranceta presenta la segona edici\u00f3 del llibre \"Cincuenta a\u00f1os de la Real Academia de Medicina del Pa\u00eds Vasco\"","robots":{"index":"index","follow":"follow","max-snippet":"max-snippet:-1","max-image-preview":"max-image-preview:large","max-video-preview":"max-video-preview:-1"},"canonical":"https:\/\/raed.academy\/ca\/aportant-llum-i-posant-al-dia-la-professio-medica\/","og_locale":"ca_ES","og_type":"article","og_title":"Aportant llum i posant al dia la professi\u00f3 m\u00e8dica - Reial Acad\u00e8mia Europea de Doctors","og_description":"Javier Aranceta presenta la segona edici\u00f3 del llibre \"Cincuenta a\u00f1os de la Real Academia de Medicina del Pa\u00eds Vasco\"","og_url":"https:\/\/raed.academy\/ca\/aportant-llum-i-posant-al-dia-la-professio-medica\/","og_site_name":"Reial Acad\u00e8mia Europea de Doctors","article_publisher":"http:\/\/fb.me\/raed.academy","article_published_time":"2022-11-04T05:57:52+00:00","article_modified_time":"2022-11-07T12:29:20+00:00","og_image":[{"width":600,"height":360,"url":"https:\/\/raed.academy\/wp-content\/uploads\/2022\/11\/logotipo-RAMPV-dst.webp","type":"image\/webp"}],"author":"RAED","twitter_card":"summary_large_image","twitter_creator":"@raedacademy","twitter_site":"@raedacademy","twitter_misc":{"Written by":"RAED","Est. reading time":"3 minutes"},"schema":{"@context":"https:\/\/schema.org","@graph":[{"@type":"Article","@id":"https:\/\/raed.academy\/ca\/aportant-llum-i-posant-al-dia-la-professio-medica\/#article","isPartOf":{"@id":"https:\/\/raed.academy\/ca\/aportant-llum-i-posant-al-dia-la-professio-medica\/"},"author":{"name":"RAED","@id":"https:\/\/raed.academy\/ca\/#\/schema\/person\/5a755da80d1d979fd66ba745c8702927"},"headline":"Aportant llum i posant al dia la professi\u00f3 m\u00e8dica","datePublished":"2022-11-04T05:57:52+00:00","dateModified":"2022-11-07T12:29:20+00:00","mainEntityOfPage":{"@id":"https:\/\/raed.academy\/ca\/aportant-llum-i-posant-al-dia-la-professio-medica\/"},"wordCount":634,"publisher":{"@id":"https:\/\/raed.academy\/ca\/#organization"},"image":{"@id":"https:\/\/raed.academy\/ca\/aportant-llum-i-posant-al-dia-la-professio-medica\/#primaryimage"},"thumbnailUrl":"https:\/\/raed.academy\/wp-content\/uploads\/2022\/11\/logotipo-RAMPV-dst.webp","articleSection":["Ci\u00e8ncies de la salut","Hist\u00f2ria","Hist\u00f2ria nacional","Medicina i cirurgia"],"inLanguage":"ca-ES"},{"@type":"WebPage","@id":"https:\/\/raed.academy\/ca\/aportant-llum-i-posant-al-dia-la-professio-medica\/","url":"https:\/\/raed.academy\/ca\/aportant-llum-i-posant-al-dia-la-professio-medica\/","name":"Aportant llum i posant al dia la professi\u00f3 m\u00e8dica - Reial Acad\u00e8mia Europea de Doctors","isPartOf":{"@id":"https:\/\/raed.academy\/ca\/#website"},"primaryImageOfPage":{"@id":"https:\/\/raed.academy\/ca\/aportant-llum-i-posant-al-dia-la-professio-medica\/#primaryimage"},"image":{"@id":"https:\/\/raed.academy\/ca\/aportant-llum-i-posant-al-dia-la-professio-medica\/#primaryimage"},"thumbnailUrl":"https:\/\/raed.academy\/wp-content\/uploads\/2022\/11\/logotipo-RAMPV-dst.webp","datePublished":"2022-11-04T05:57:52+00:00","dateModified":"2022-11-07T12:29:20+00:00","description":"Javier Aranceta presenta la segona edici\u00f3 del llibre \"Cincuenta a\u00f1os de la Real Academia de Medicina del Pa\u00eds Vasco\"","breadcrumb":{"@id":"https:\/\/raed.academy\/ca\/aportant-llum-i-posant-al-dia-la-professio-medica\/#breadcrumb"},"inLanguage":"ca-ES","potentialAction":[{"@type":"ReadAction","target":["https:\/\/raed.academy\/ca\/aportant-llum-i-posant-al-dia-la-professio-medica\/"]}]},{"@type":"ImageObject","inLanguage":"ca-ES","@id":"https:\/\/raed.academy\/ca\/aportant-llum-i-posant-al-dia-la-professio-medica\/#primaryimage","url":"https:\/\/raed.academy\/wp-content\/uploads\/2022\/11\/logotipo-RAMPV-dst.webp","contentUrl":"https:\/\/raed.academy\/wp-content\/uploads\/2022\/11\/logotipo-RAMPV-dst.webp","width":600,"height":360},{"@type":"BreadcrumbList","@id":"https:\/\/raed.academy\/ca\/aportant-llum-i-posant-al-dia-la-professio-medica\/#breadcrumb","itemListElement":[{"@type":"ListItem","position":1,"name":"Inicio","item":"https:\/\/raed.academy\/ca\/"},{"@type":"ListItem","position":2,"name":"Aportant llum i posant al dia la professi\u00f3 m\u00e8dica"}]},{"@type":"WebSite","@id":"https:\/\/raed.academy\/ca\/#website","url":"https:\/\/raed.academy\/ca\/","name":"Reial Acad\u00e8mia Europea de Doctors","description":"Corporaci\u00f3n de derecho p\u00fablico de car\u00e1cter cient\u00edfico, t\u00e9cnico y art\u00edstico, que tiene por objeto la investigaci\u00f3n, el estudio, el fomento y la extensi\u00f3n del conocimiento en su sentido m\u00e1s amplio","publisher":{"@id":"https:\/\/raed.academy\/ca\/#organization"},"potentialAction":[{"@type":"SearchAction","target":{"@type":"EntryPoint","urlTemplate":"https:\/\/raed.academy\/ca\/?s={search_term_string}"},"query-input":{"@type":"PropertyValueSpecification","valueRequired":true,"valueName":"search_term_string"}}],"inLanguage":"ca-ES"},{"@type":"Organization","@id":"https:\/\/raed.academy\/ca\/#organization","name":"Real Academia Europea de Doctores","url":"https:\/\/raed.academy\/ca\/","logo":{"@type":"ImageObject","inLanguage":"ca-ES","@id":"https:\/\/raed.academy\/ca\/#\/schema\/logo\/image\/","url":"https:\/\/raed.academy\/wp-content\/uploads\/2017\/01\/cropped-logo_raed.png","contentUrl":"https:\/\/raed.academy\/wp-content\/uploads\/2017\/01\/cropped-logo_raed.png","width":512,"height":512,"caption":"Real Academia Europea de Doctores"},"image":{"@id":"https:\/\/raed.academy\/ca\/#\/schema\/logo\/image\/"},"sameAs":["http:\/\/fb.me\/raed.academy","https:\/\/x.com\/raedacademy","https:\/\/www.instagram.com\/raed.academy\/","https:\/\/www.youtube.com\/channel\/UCUYQwW2KrdirNWihxMDObwg"]},{"@type":"Person","@id":"https:\/\/raed.academy\/ca\/#\/schema\/person\/5a755da80d1d979fd66ba745c8702927","name":"RAED","image":{"@type":"ImageObject","inLanguage":"ca-ES","@id":"https:\/\/secure.gravatar.com\/avatar\/19fdfdc0d67fb9c45714b703a2ac82251c4fcea3637f002ac3c9b74c0183583c?s=96&d=mm&r=g","url":"https:\/\/secure.gravatar.com\/avatar\/19fdfdc0d67fb9c45714b703a2ac82251c4fcea3637f002ac3c9b74c0183583c?s=96&d=mm&r=g","contentUrl":"https:\/\/secure.gravatar.com\/avatar\/19fdfdc0d67fb9c45714b703a2ac82251c4fcea3637f002ac3c9b74c0183583c?s=96&d=mm&r=g","caption":"RAED"}}]}},"_links":{"self":[{"href":"https:\/\/raed.academy\/ca\/wp-json\/wp\/v2\/posts\/124187","targetHints":{"allow":["GET"]}}],"collection":[{"href":"https:\/\/raed.academy\/ca\/wp-json\/wp\/v2\/posts"}],"about":[{"href":"https:\/\/raed.academy\/ca\/wp-json\/wp\/v2\/types\/post"}],"author":[{"embeddable":true,"href":"https:\/\/raed.academy\/ca\/wp-json\/wp\/v2\/users\/12"}],"replies":[{"embeddable":true,"href":"https:\/\/raed.academy\/ca\/wp-json\/wp\/v2\/comments?post=124187"}],"version-history":[{"count":0,"href":"https:\/\/raed.academy\/ca\/wp-json\/wp\/v2\/posts\/124187\/revisions"}],"wp:featuredmedia":[{"embeddable":true,"href":"https:\/\/raed.academy\/ca\/wp-json\/wp\/v2\/media\/124169"}],"wp:attachment":[{"href":"https:\/\/raed.academy\/ca\/wp-json\/wp\/v2\/media?parent=124187"}],"wp:term":[{"taxonomy":"category","embeddable":true,"href":"https:\/\/raed.academy\/ca\/wp-json\/wp\/v2\/categories?post=124187"},{"taxonomy":"post_tag","embeddable":true,"href":"https:\/\/raed.academy\/ca\/wp-json\/wp\/v2\/tags?post=124187"}],"curies":[{"name":"wp","href":"https:\/\/api.w.org\/{rel}","templated":true}]}}