{"id":124184,"date":"2022-11-03T22:38:51","date_gmt":"2022-11-03T22:38:51","guid":{"rendered":"https:\/\/raed.academy\/?p=124184"},"modified":"2022-11-07T12:32:03","modified_gmt":"2022-11-07T12:32:03","slug":"afrontar-la-geopolitica-per-aturar-la-crisi","status":"publish","type":"post","link":"https:\/\/raed.academy\/ca\/afrontar-la-geopolitica-per-aturar-la-crisi\/","title":{"rendered":"Afrontar la geopol\u00edtica per aturar la crisi"},"content":{"rendered":"<div id=\"attachment_123528\" style=\"width: 410px\" class=\"wp-caption alignleft\"><img loading=\"lazy\" decoding=\"async\" aria-describedby=\"caption-attachment-123528\" class=\"wp-image-123528\" src=\"https:\/\/raed.academy\/wp-content\/uploads\/2022\/10\/Pedro-Nueno-Iniesta.webp\" sizes=\"(max-width: 400px) 100vw, 400px\" srcset=\"https:\/\/raed.academy\/wp-content\/uploads\/2022\/10\/Pedro-Nueno-Iniesta.webp 500w, https:\/\/raed.academy\/wp-content\/uploads\/2022\/10\/Pedro-Nueno-Iniesta-440x264.webp 440w\" alt=\"Dr. Pedro Nueno\" width=\"400\" height=\"240\" aria-describedby=\"caption-attachment-123528\" \/><p id=\"caption-attachment-123528\" class=\"wp-caption-text\">Dr. Pedro Nueno<\/p><\/div>\n<p data-wp-editing=\"1\"><a href=\"https:\/\/raed.academy\/ca\/academics\/dr-pedro-nueno-iniesta\/\" target=\"_blank\" rel=\"noopener\"><em><strong>Pedro Nueno<\/strong><\/em><\/a>, professor de l&#8217;escola de negocis <strong>IESE-Universitat de Navarra<\/strong>, president de l&#8217;<strong>Escola de Negocis Internacional Xina-Europa<\/strong> (Ceibs) i acad\u00e8mic de n\u00famero i president de la Secci\u00f3 de Ci\u00e8ncies Socials de la <strong>Reial Acad\u00e8mia Europea de Doctors-Barcelona 1914<\/strong> (RAED), reflexiona sobre la situaci\u00f3 geopol\u00edtica, la necessitat de posar fi de forma negociada a la guerra d&#8217;Ucra\u00efna i del paper de la Xina al panorama internacional despr\u00e9s del recent congr\u00e9s del <strong>Partit Comunista<\/strong> als articles <strong>&#8220;Passant&#8221;<\/strong>, <strong>&#8220;Preocupant-nos&#8221;<\/strong> i <strong>&#8220;Complint&#8221;<\/strong>, que ha anat publicant al diari <strong>&#8220;La Vanguardia&#8221;<\/strong> entre els 10 i 23 d&#8217;octubre passats.<\/p>\n<p>A &#8220;Passant&#8221;, l&#8217;acad\u00e8mic aborda el tema de l&#8217;empresa familiar i el seu paper decisiu, no nom\u00e9s per a les economies occidentals, sin\u00f3 tamb\u00e9 per a la nova economia xinesa, que es troba amb les primeres generacions que hereten un negoci familiar. &#8220;Les empreses familiars s\u00f3n una part molt rellevant de l&#8217;economia a Europa i als Estats Units. En els darrers 25 anys s&#8217;ha treballat molt per destacar els avantatges de la propietat familiar i els problemes per resoldre. Les escoles de direcci\u00f3 d&#8217;empreses han donat import\u00e0ncia al tema, facilitant que els professors investiguessin sobre aix\u00f2 i dissenyant programes espec\u00edfics en aquest camp, fins i tot a la meva escola de la Xina es va llan\u00e7ar el concepte d&#8217;empresa familiar que per a molts empresaris era desconegut i fins i tot molts que havien creat la seva empresa i tenien fills ben preparats no entenien la idea de &#8216;passar-los&#8217; l&#8217;empresa. La seva idea era vendre-la i &#8216;passar-los&#8217; com a her\u00e8ncia els diners obtinguts de la venda&#8221;, assenyala.<\/p>\n<p><img loading=\"lazy\" decoding=\"async\" class=\"alignright wp-image-124208\" src=\"https:\/\/raed.academy\/wp-content\/uploads\/2022\/11\/geopolitica-dst.webp\" sizes=\"(max-width: 400px) 100vw, 400px\" srcset=\"https:\/\/raed.academy\/wp-content\/uploads\/2022\/11\/geopolitica-dst.webp 500w, https:\/\/raed.academy\/wp-content\/uploads\/2022\/11\/geopolitica-dst-440x264.webp 440w\" alt=\"\" width=\"400\" height=\"240\" \/>Per la seva banda, a &#8220;Preocupant-nos&#8221;, <strong>Nueno<\/strong> reflexiona sobre la necessitat d&#8217;una negociaci\u00f3 global per acabar amb la guerra d&#8217;Ucra\u00efna basada en el respecte per la integritat de cada pa\u00eds i els equilibris geopol\u00edtics. &#8220;Tenim un enorme i car\u00edssim govern de la Uni\u00f3 Europea i organitzacions militars car\u00edssimes com l&#8217;<strong>OTAN<\/strong> que no han aconseguit res. Als nostres temps l&#8217;\u00fanica manera d&#8217;avan\u00e7ar \u00e9s negociant. I la Uni\u00f3 Europea hauria d&#8217;haver intervingut molt m\u00e9s negociant amb R\u00fassia i Ucra\u00efna, buscant coses que puguin ser positives per a les dues parts i dedicant molt de temps i molts recursos a negociar, divulgar, assolir que tots els russos entenguin i aprovin el proc\u00e9s que vol fer Ucra\u00efna i persuadir Ucra\u00efna d&#8217;aconseguir un alt nivell d&#8217;autonomia, per\u00f2 seguir ben relacionada amb R\u00fassia&#8221;, considera.<\/p>\n<p>Finalment, a &#8220;Complint&#8221;, analitza la nova era que s&#8217;obre a la Xina despr\u00e9s de la reelecci\u00f3 de <strong>Xi Jinping<\/strong> com a president. &#8220;He tingut ocasi\u00f3 de reunir-me dues vegades (sols) amb Xi Jinping. Em va sorprendre com tenia de clara la seva estrat\u00e8gia de govern. Volia reduir la pobresa sobretot a les zones menys desenvolupades de la Xina, millorar la sanitat i l&#8217;educaci\u00f3, estimular el desenvolupament tecnol\u00f2gic i obrir m\u00e9s el pa\u00eds, facilitant la sortida d&#8217;empreses xineses i l&#8217;entrada d&#8217;empreses internacionals, volia bones relacions exteriors, principalment amb els Estats Units, la Uni\u00f3 Europea, R\u00fassia, el Jap\u00f3 i tot el sud i est de la Xina. Mai no em va parlar de Hong Kong ni de Taiwan&#8221;, explica.<\/p>\n<h2><a href=\"https:\/\/www.lavanguardia.com\/autores\/pedro-nueno.html\" target=\"_blank\" rel=\"noopener\">Tots els articles de Pedro Nueno a &#8220;La Vanguardia&#8221;<\/a><\/h2>\n","protected":false},"excerpt":{"rendered":"<p>Pedro Nueno reflexiona sobre la situaci\u00f3 geopol\u00edtica, la necessitat de posar fi de manera negociada a la guerra d&#8217;Ucra\u00efna i del paper de la Xina al panorama internacional despr\u00e9s del recent congr\u00e9s del Partit Comunista<\/p>\n","protected":false},"author":12,"featured_media":124209,"comment_status":"closed","ping_status":"closed","sticky":false,"template":"","format":"standard","meta":{"_et_pb_use_builder":"","_et_pb_old_content":"","_et_gb_content_width":"","footnotes":""},"categories":[350,380,304],"tags":[],"class_list":["post-124184","post","type-post","status-publish","format-standard","has-post-thumbnail","hentry","category-ciencies-politiques","category-conflictes-bellics","category-economia-i-politica-ca","et-has-post-format-content","et_post_format-et-post-format-standard"],"yoast_head":"<!-- This site is optimized with the Yoast SEO plugin v27.4 - https:\/\/yoast.com\/product\/yoast-seo-wordpress\/ -->\n<title>Afrontar la geopol\u00edtica per aturar la crisi - Reial Acad\u00e8mia Europea de Doctors<\/title>\n<meta name=\"description\" content=\"Pedro Nueno sobre la situaci\u00f3 geopol\u00edtica, el necessari fi negociat de la guerra d&#039;Ucra\u00efna i el paper de la Xina al panorama internacional\" \/>\n<meta name=\"robots\" content=\"index, follow, max-snippet:-1, max-image-preview:large, max-video-preview:-1\" \/>\n<link rel=\"canonical\" href=\"https:\/\/raed.academy\/ca\/afrontar-la-geopolitica-per-aturar-la-crisi\/\" \/>\n<meta property=\"og:locale\" content=\"ca_ES\" \/>\n<meta property=\"og:type\" content=\"article\" \/>\n<meta property=\"og:title\" content=\"Afrontar la geopol\u00edtica per aturar la crisi - Reial Acad\u00e8mia Europea de Doctors\" \/>\n<meta property=\"og:description\" content=\"Pedro Nueno sobre la situaci\u00f3 geopol\u00edtica, el necessari fi negociat de la guerra d&#039;Ucra\u00efna i el paper de la Xina al panorama internacional\" \/>\n<meta property=\"og:url\" content=\"https:\/\/raed.academy\/ca\/afrontar-la-geopolitica-per-aturar-la-crisi\/\" \/>\n<meta property=\"og:site_name\" content=\"Reial Acad\u00e8mia Europea de Doctors\" \/>\n<meta property=\"article:publisher\" content=\"http:\/\/fb.me\/raed.academy\" \/>\n<meta property=\"article:published_time\" content=\"2022-11-03T22:38:51+00:00\" \/>\n<meta property=\"article:modified_time\" content=\"2022-11-07T12:32:03+00:00\" \/>\n<meta property=\"og:image\" content=\"https:\/\/raed.academy\/wp-content\/uploads\/2022\/11\/geopolitica-dst.webp\" \/>\n\t<meta property=\"og:image:width\" content=\"500\" \/>\n\t<meta property=\"og:image:height\" content=\"300\" \/>\n\t<meta property=\"og:image:type\" content=\"image\/webp\" \/>\n<meta name=\"author\" content=\"RAED\" \/>\n<meta name=\"twitter:card\" content=\"summary_large_image\" \/>\n<meta name=\"twitter:creator\" content=\"@raedacademy\" \/>\n<meta name=\"twitter:site\" content=\"@raedacademy\" \/>\n<meta name=\"twitter:label1\" content=\"Written by\" \/>\n\t<meta name=\"twitter:data1\" content=\"RAED\" \/>\n\t<meta name=\"twitter:label2\" content=\"Est. reading time\" \/>\n\t<meta name=\"twitter:data2\" content=\"3 minutes\" \/>\n<script type=\"application\/ld+json\" class=\"yoast-schema-graph\">{\"@context\":\"https:\\\/\\\/schema.org\",\"@graph\":[{\"@type\":\"Article\",\"@id\":\"https:\\\/\\\/raed.academy\\\/ca\\\/afrontar-la-geopolitica-per-aturar-la-crisi\\\/#article\",\"isPartOf\":{\"@id\":\"https:\\\/\\\/raed.academy\\\/ca\\\/afrontar-la-geopolitica-per-aturar-la-crisi\\\/\"},\"author\":{\"name\":\"RAED\",\"@id\":\"https:\\\/\\\/raed.academy\\\/ca\\\/#\\\/schema\\\/person\\\/5a755da80d1d979fd66ba745c8702927\"},\"headline\":\"Afrontar la geopol\u00edtica per aturar la crisi\",\"datePublished\":\"2022-11-03T22:38:51+00:00\",\"dateModified\":\"2022-11-07T12:32:03+00:00\",\"mainEntityOfPage\":{\"@id\":\"https:\\\/\\\/raed.academy\\\/ca\\\/afrontar-la-geopolitica-per-aturar-la-crisi\\\/\"},\"wordCount\":585,\"publisher\":{\"@id\":\"https:\\\/\\\/raed.academy\\\/ca\\\/#organization\"},\"image\":{\"@id\":\"https:\\\/\\\/raed.academy\\\/ca\\\/afrontar-la-geopolitica-per-aturar-la-crisi\\\/#primaryimage\"},\"thumbnailUrl\":\"https:\\\/\\\/raed.academy\\\/wp-content\\\/uploads\\\/2022\\\/11\\\/geopolitica-dst.webp\",\"articleSection\":[\"Ci\u00e8ncies pol\u00edtiques\",\"Conflictes b\u00e8l\u00b7lics\",\"Economia i pol\u00edtica\"],\"inLanguage\":\"ca-ES\"},{\"@type\":\"WebPage\",\"@id\":\"https:\\\/\\\/raed.academy\\\/ca\\\/afrontar-la-geopolitica-per-aturar-la-crisi\\\/\",\"url\":\"https:\\\/\\\/raed.academy\\\/ca\\\/afrontar-la-geopolitica-per-aturar-la-crisi\\\/\",\"name\":\"Afrontar la geopol\u00edtica per aturar la crisi - Reial Acad\u00e8mia Europea de Doctors\",\"isPartOf\":{\"@id\":\"https:\\\/\\\/raed.academy\\\/ca\\\/#website\"},\"primaryImageOfPage\":{\"@id\":\"https:\\\/\\\/raed.academy\\\/ca\\\/afrontar-la-geopolitica-per-aturar-la-crisi\\\/#primaryimage\"},\"image\":{\"@id\":\"https:\\\/\\\/raed.academy\\\/ca\\\/afrontar-la-geopolitica-per-aturar-la-crisi\\\/#primaryimage\"},\"thumbnailUrl\":\"https:\\\/\\\/raed.academy\\\/wp-content\\\/uploads\\\/2022\\\/11\\\/geopolitica-dst.webp\",\"datePublished\":\"2022-11-03T22:38:51+00:00\",\"dateModified\":\"2022-11-07T12:32:03+00:00\",\"description\":\"Pedro Nueno sobre la situaci\u00f3 geopol\u00edtica, el necessari fi negociat de la guerra d'Ucra\u00efna i el paper de la Xina al panorama internacional\",\"breadcrumb\":{\"@id\":\"https:\\\/\\\/raed.academy\\\/ca\\\/afrontar-la-geopolitica-per-aturar-la-crisi\\\/#breadcrumb\"},\"inLanguage\":\"ca-ES\",\"potentialAction\":[{\"@type\":\"ReadAction\",\"target\":[\"https:\\\/\\\/raed.academy\\\/ca\\\/afrontar-la-geopolitica-per-aturar-la-crisi\\\/\"]}]},{\"@type\":\"ImageObject\",\"inLanguage\":\"ca-ES\",\"@id\":\"https:\\\/\\\/raed.academy\\\/ca\\\/afrontar-la-geopolitica-per-aturar-la-crisi\\\/#primaryimage\",\"url\":\"https:\\\/\\\/raed.academy\\\/wp-content\\\/uploads\\\/2022\\\/11\\\/geopolitica-dst.webp\",\"contentUrl\":\"https:\\\/\\\/raed.academy\\\/wp-content\\\/uploads\\\/2022\\\/11\\\/geopolitica-dst.webp\",\"width\":500,\"height\":300},{\"@type\":\"BreadcrumbList\",\"@id\":\"https:\\\/\\\/raed.academy\\\/ca\\\/afrontar-la-geopolitica-per-aturar-la-crisi\\\/#breadcrumb\",\"itemListElement\":[{\"@type\":\"ListItem\",\"position\":1,\"name\":\"Inicio\",\"item\":\"https:\\\/\\\/raed.academy\\\/ca\\\/\"},{\"@type\":\"ListItem\",\"position\":2,\"name\":\"Afrontar la geopol\u00edtica per aturar la crisi\"}]},{\"@type\":\"WebSite\",\"@id\":\"https:\\\/\\\/raed.academy\\\/ca\\\/#website\",\"url\":\"https:\\\/\\\/raed.academy\\\/ca\\\/\",\"name\":\"Reial Acad\u00e8mia Europea de Doctors\",\"description\":\"Corporaci\u00f3n de derecho p\u00fablico de car\u00e1cter cient\u00edfico, t\u00e9cnico y art\u00edstico, que tiene por objeto la investigaci\u00f3n, el estudio, el fomento y la extensi\u00f3n del conocimiento en su sentido m\u00e1s amplio\",\"publisher\":{\"@id\":\"https:\\\/\\\/raed.academy\\\/ca\\\/#organization\"},\"potentialAction\":[{\"@type\":\"SearchAction\",\"target\":{\"@type\":\"EntryPoint\",\"urlTemplate\":\"https:\\\/\\\/raed.academy\\\/ca\\\/?s={search_term_string}\"},\"query-input\":{\"@type\":\"PropertyValueSpecification\",\"valueRequired\":true,\"valueName\":\"search_term_string\"}}],\"inLanguage\":\"ca-ES\"},{\"@type\":\"Organization\",\"@id\":\"https:\\\/\\\/raed.academy\\\/ca\\\/#organization\",\"name\":\"Real Academia Europea de Doctores\",\"url\":\"https:\\\/\\\/raed.academy\\\/ca\\\/\",\"logo\":{\"@type\":\"ImageObject\",\"inLanguage\":\"ca-ES\",\"@id\":\"https:\\\/\\\/raed.academy\\\/ca\\\/#\\\/schema\\\/logo\\\/image\\\/\",\"url\":\"https:\\\/\\\/raed.academy\\\/wp-content\\\/uploads\\\/2017\\\/01\\\/cropped-logo_raed.png\",\"contentUrl\":\"https:\\\/\\\/raed.academy\\\/wp-content\\\/uploads\\\/2017\\\/01\\\/cropped-logo_raed.png\",\"width\":512,\"height\":512,\"caption\":\"Real Academia Europea de Doctores\"},\"image\":{\"@id\":\"https:\\\/\\\/raed.academy\\\/ca\\\/#\\\/schema\\\/logo\\\/image\\\/\"},\"sameAs\":[\"http:\\\/\\\/fb.me\\\/raed.academy\",\"https:\\\/\\\/x.com\\\/raedacademy\",\"https:\\\/\\\/www.instagram.com\\\/raed.academy\\\/\",\"https:\\\/\\\/www.youtube.com\\\/channel\\\/UCUYQwW2KrdirNWihxMDObwg\"]},{\"@type\":\"Person\",\"@id\":\"https:\\\/\\\/raed.academy\\\/ca\\\/#\\\/schema\\\/person\\\/5a755da80d1d979fd66ba745c8702927\",\"name\":\"RAED\",\"image\":{\"@type\":\"ImageObject\",\"inLanguage\":\"ca-ES\",\"@id\":\"https:\\\/\\\/secure.gravatar.com\\\/avatar\\\/19fdfdc0d67fb9c45714b703a2ac82251c4fcea3637f002ac3c9b74c0183583c?s=96&d=mm&r=g\",\"url\":\"https:\\\/\\\/secure.gravatar.com\\\/avatar\\\/19fdfdc0d67fb9c45714b703a2ac82251c4fcea3637f002ac3c9b74c0183583c?s=96&d=mm&r=g\",\"contentUrl\":\"https:\\\/\\\/secure.gravatar.com\\\/avatar\\\/19fdfdc0d67fb9c45714b703a2ac82251c4fcea3637f002ac3c9b74c0183583c?s=96&d=mm&r=g\",\"caption\":\"RAED\"}}]}<\/script>\n<!-- \/ Yoast SEO plugin. -->","yoast_head_json":{"title":"Afrontar la geopol\u00edtica per aturar la crisi - Reial Acad\u00e8mia Europea de Doctors","description":"Pedro Nueno sobre la situaci\u00f3 geopol\u00edtica, el necessari fi negociat de la guerra d'Ucra\u00efna i el paper de la Xina al panorama internacional","robots":{"index":"index","follow":"follow","max-snippet":"max-snippet:-1","max-image-preview":"max-image-preview:large","max-video-preview":"max-video-preview:-1"},"canonical":"https:\/\/raed.academy\/ca\/afrontar-la-geopolitica-per-aturar-la-crisi\/","og_locale":"ca_ES","og_type":"article","og_title":"Afrontar la geopol\u00edtica per aturar la crisi - Reial Acad\u00e8mia Europea de Doctors","og_description":"Pedro Nueno sobre la situaci\u00f3 geopol\u00edtica, el necessari fi negociat de la guerra d'Ucra\u00efna i el paper de la Xina al panorama internacional","og_url":"https:\/\/raed.academy\/ca\/afrontar-la-geopolitica-per-aturar-la-crisi\/","og_site_name":"Reial Acad\u00e8mia Europea de Doctors","article_publisher":"http:\/\/fb.me\/raed.academy","article_published_time":"2022-11-03T22:38:51+00:00","article_modified_time":"2022-11-07T12:32:03+00:00","og_image":[{"width":500,"height":300,"url":"https:\/\/raed.academy\/wp-content\/uploads\/2022\/11\/geopolitica-dst.webp","type":"image\/webp"}],"author":"RAED","twitter_card":"summary_large_image","twitter_creator":"@raedacademy","twitter_site":"@raedacademy","twitter_misc":{"Written by":"RAED","Est. reading time":"3 minutes"},"schema":{"@context":"https:\/\/schema.org","@graph":[{"@type":"Article","@id":"https:\/\/raed.academy\/ca\/afrontar-la-geopolitica-per-aturar-la-crisi\/#article","isPartOf":{"@id":"https:\/\/raed.academy\/ca\/afrontar-la-geopolitica-per-aturar-la-crisi\/"},"author":{"name":"RAED","@id":"https:\/\/raed.academy\/ca\/#\/schema\/person\/5a755da80d1d979fd66ba745c8702927"},"headline":"Afrontar la geopol\u00edtica per aturar la crisi","datePublished":"2022-11-03T22:38:51+00:00","dateModified":"2022-11-07T12:32:03+00:00","mainEntityOfPage":{"@id":"https:\/\/raed.academy\/ca\/afrontar-la-geopolitica-per-aturar-la-crisi\/"},"wordCount":585,"publisher":{"@id":"https:\/\/raed.academy\/ca\/#organization"},"image":{"@id":"https:\/\/raed.academy\/ca\/afrontar-la-geopolitica-per-aturar-la-crisi\/#primaryimage"},"thumbnailUrl":"https:\/\/raed.academy\/wp-content\/uploads\/2022\/11\/geopolitica-dst.webp","articleSection":["Ci\u00e8ncies pol\u00edtiques","Conflictes b\u00e8l\u00b7lics","Economia i pol\u00edtica"],"inLanguage":"ca-ES"},{"@type":"WebPage","@id":"https:\/\/raed.academy\/ca\/afrontar-la-geopolitica-per-aturar-la-crisi\/","url":"https:\/\/raed.academy\/ca\/afrontar-la-geopolitica-per-aturar-la-crisi\/","name":"Afrontar la geopol\u00edtica per aturar la crisi - Reial Acad\u00e8mia Europea de Doctors","isPartOf":{"@id":"https:\/\/raed.academy\/ca\/#website"},"primaryImageOfPage":{"@id":"https:\/\/raed.academy\/ca\/afrontar-la-geopolitica-per-aturar-la-crisi\/#primaryimage"},"image":{"@id":"https:\/\/raed.academy\/ca\/afrontar-la-geopolitica-per-aturar-la-crisi\/#primaryimage"},"thumbnailUrl":"https:\/\/raed.academy\/wp-content\/uploads\/2022\/11\/geopolitica-dst.webp","datePublished":"2022-11-03T22:38:51+00:00","dateModified":"2022-11-07T12:32:03+00:00","description":"Pedro Nueno sobre la situaci\u00f3 geopol\u00edtica, el necessari fi negociat de la guerra d'Ucra\u00efna i el paper de la Xina al panorama internacional","breadcrumb":{"@id":"https:\/\/raed.academy\/ca\/afrontar-la-geopolitica-per-aturar-la-crisi\/#breadcrumb"},"inLanguage":"ca-ES","potentialAction":[{"@type":"ReadAction","target":["https:\/\/raed.academy\/ca\/afrontar-la-geopolitica-per-aturar-la-crisi\/"]}]},{"@type":"ImageObject","inLanguage":"ca-ES","@id":"https:\/\/raed.academy\/ca\/afrontar-la-geopolitica-per-aturar-la-crisi\/#primaryimage","url":"https:\/\/raed.academy\/wp-content\/uploads\/2022\/11\/geopolitica-dst.webp","contentUrl":"https:\/\/raed.academy\/wp-content\/uploads\/2022\/11\/geopolitica-dst.webp","width":500,"height":300},{"@type":"BreadcrumbList","@id":"https:\/\/raed.academy\/ca\/afrontar-la-geopolitica-per-aturar-la-crisi\/#breadcrumb","itemListElement":[{"@type":"ListItem","position":1,"name":"Inicio","item":"https:\/\/raed.academy\/ca\/"},{"@type":"ListItem","position":2,"name":"Afrontar la geopol\u00edtica per aturar la crisi"}]},{"@type":"WebSite","@id":"https:\/\/raed.academy\/ca\/#website","url":"https:\/\/raed.academy\/ca\/","name":"Reial Acad\u00e8mia Europea de Doctors","description":"Corporaci\u00f3n de derecho p\u00fablico de car\u00e1cter cient\u00edfico, t\u00e9cnico y art\u00edstico, que tiene por objeto la investigaci\u00f3n, el estudio, el fomento y la extensi\u00f3n del conocimiento en su sentido m\u00e1s amplio","publisher":{"@id":"https:\/\/raed.academy\/ca\/#organization"},"potentialAction":[{"@type":"SearchAction","target":{"@type":"EntryPoint","urlTemplate":"https:\/\/raed.academy\/ca\/?s={search_term_string}"},"query-input":{"@type":"PropertyValueSpecification","valueRequired":true,"valueName":"search_term_string"}}],"inLanguage":"ca-ES"},{"@type":"Organization","@id":"https:\/\/raed.academy\/ca\/#organization","name":"Real Academia Europea de Doctores","url":"https:\/\/raed.academy\/ca\/","logo":{"@type":"ImageObject","inLanguage":"ca-ES","@id":"https:\/\/raed.academy\/ca\/#\/schema\/logo\/image\/","url":"https:\/\/raed.academy\/wp-content\/uploads\/2017\/01\/cropped-logo_raed.png","contentUrl":"https:\/\/raed.academy\/wp-content\/uploads\/2017\/01\/cropped-logo_raed.png","width":512,"height":512,"caption":"Real Academia Europea de Doctores"},"image":{"@id":"https:\/\/raed.academy\/ca\/#\/schema\/logo\/image\/"},"sameAs":["http:\/\/fb.me\/raed.academy","https:\/\/x.com\/raedacademy","https:\/\/www.instagram.com\/raed.academy\/","https:\/\/www.youtube.com\/channel\/UCUYQwW2KrdirNWihxMDObwg"]},{"@type":"Person","@id":"https:\/\/raed.academy\/ca\/#\/schema\/person\/5a755da80d1d979fd66ba745c8702927","name":"RAED","image":{"@type":"ImageObject","inLanguage":"ca-ES","@id":"https:\/\/secure.gravatar.com\/avatar\/19fdfdc0d67fb9c45714b703a2ac82251c4fcea3637f002ac3c9b74c0183583c?s=96&d=mm&r=g","url":"https:\/\/secure.gravatar.com\/avatar\/19fdfdc0d67fb9c45714b703a2ac82251c4fcea3637f002ac3c9b74c0183583c?s=96&d=mm&r=g","contentUrl":"https:\/\/secure.gravatar.com\/avatar\/19fdfdc0d67fb9c45714b703a2ac82251c4fcea3637f002ac3c9b74c0183583c?s=96&d=mm&r=g","caption":"RAED"}}]}},"_links":{"self":[{"href":"https:\/\/raed.academy\/ca\/wp-json\/wp\/v2\/posts\/124184","targetHints":{"allow":["GET"]}}],"collection":[{"href":"https:\/\/raed.academy\/ca\/wp-json\/wp\/v2\/posts"}],"about":[{"href":"https:\/\/raed.academy\/ca\/wp-json\/wp\/v2\/types\/post"}],"author":[{"embeddable":true,"href":"https:\/\/raed.academy\/ca\/wp-json\/wp\/v2\/users\/12"}],"replies":[{"embeddable":true,"href":"https:\/\/raed.academy\/ca\/wp-json\/wp\/v2\/comments?post=124184"}],"version-history":[{"count":0,"href":"https:\/\/raed.academy\/ca\/wp-json\/wp\/v2\/posts\/124184\/revisions"}],"wp:featuredmedia":[{"embeddable":true,"href":"https:\/\/raed.academy\/ca\/wp-json\/wp\/v2\/media\/124209"}],"wp:attachment":[{"href":"https:\/\/raed.academy\/ca\/wp-json\/wp\/v2\/media?parent=124184"}],"wp:term":[{"taxonomy":"category","embeddable":true,"href":"https:\/\/raed.academy\/ca\/wp-json\/wp\/v2\/categories?post=124184"},{"taxonomy":"post_tag","embeddable":true,"href":"https:\/\/raed.academy\/ca\/wp-json\/wp\/v2\/tags?post=124184"}],"curies":[{"name":"wp","href":"https:\/\/api.w.org\/{rel}","templated":true}]}}