{"id":124022,"date":"2022-10-27T21:51:41","date_gmt":"2022-10-27T21:51:41","guid":{"rendered":"https:\/\/raed.academy\/?p=124022"},"modified":"2022-10-28T10:42:11","modified_gmt":"2022-10-28T10:42:11","slug":"leducacio-i-la-informacio-alimentaria-4-0","status":"publish","type":"post","link":"https:\/\/raed.academy\/ca\/leducacio-i-la-informacio-alimentaria-4-0\/","title":{"rendered":"L&#8217;educaci\u00f3 i la informaci\u00f3 aliment\u00e0ria 4.0"},"content":{"rendered":"<p><img loading=\"lazy\" decoding=\"async\" class=\"alignright wp-image-122449\" src=\"https:\/\/raed.academy\/wp-content\/uploads\/2022\/09\/componentes-bioactivos.webp\" sizes=\"(max-width: 500px) 100vw, 500px\" srcset=\"https:\/\/raed.academy\/wp-content\/uploads\/2022\/09\/componentes-bioactivos.webp 600w, https:\/\/raed.academy\/wp-content\/uploads\/2022\/09\/componentes-bioactivos-440x264.webp 440w\" alt=\"\" width=\"500\" height=\"300\" \/><a href=\"https:\/\/raed.academy\/ca\/academics\/dr-rafael-urrialde-de-andres\/\" target=\"_blank\" rel=\"noopener\"><em><strong>Rafael Urrialde<\/strong><\/em><\/a>, professor del Departament de Gen\u00e8tica, Fisiologia i Microbiologia de la <strong>Universitat Complutense de Madrid<\/strong> i del Departament de Ci\u00e8ncies Farmac\u00e8utiques i de la Salut de la <strong>Universitat CEU-San Pablo<\/strong>, president de la <strong>Comissi\u00f3 Cient\u00edfica<\/strong> de la <strong>Societat Espanyola de Medicina de l&#8217;Esport<\/strong>, secretari de la <strong>Fundaci\u00f3 Espanyola de Nutrici\u00f3<\/strong> i acad\u00e8mic corresponent de la <strong>Reial Acad\u00e8mia Europea de Doctors-Barcelona 1914<\/strong> (RAED), va liderar entre el 20 i 22 d&#8217;octubre passat el <strong>IV Congr\u00e9s de la Societat Espanyola de Nutrici\u00f3 Comunit\u00e0ria<\/strong>, que es va celebrar a Seg\u00f2via. La cita va acollir el <strong>V Congr\u00e9s Iberoameric\u00e0 de Nutrici\u00f3 i Salut P\u00fablica-Grup Llatinoameric\u00e0 de Nutrici\u00f3 Comunit\u00e0ria<\/strong> i la <strong>Reuni\u00f3 Anual de l&#8217;Acad\u00e8mia Espanyola de Nutrici\u00f3 i Ci\u00e8ncies de l&#8217;Alimentaci\u00f3<\/strong>, que va lliurar els <strong>Premis AEN 2022<\/strong>.<\/p>\n<p>Al <strong>Comit\u00e8 Organitzador<\/strong> de l&#8217;esdeveniment va participar <a href=\"https:\/\/raed.academy\/ca\/academics\/dr-javier-aranceta-bartrina\/\" target=\"_blank\" rel=\"noopener\"><em><strong>Javier Aranceta<\/strong><\/em><\/a>, president de la <strong>Reial Acad\u00e8mia de Medicina del Pa\u00eds Basc<\/strong> i acad\u00e8mic de n\u00famero de la RAED, que va presidir el <strong>Comit\u00e8 Cient\u00edfic<\/strong>. D&#8217;aquest comit\u00e8 tamb\u00e9 en van formar part els acad\u00e8mics numeraris de la Reial Acad\u00e8mia Europea de Doctors <a href=\"https:\/\/raed.academy\/ca\/academics\/dr-lluis-serra-majem\/\" target=\"_blank\" rel=\"noopener\"><em><strong>Llu\u00eds Serra Majem<\/strong><\/em><\/a>, rector i catedr\u00e0tic de Medicina Preventiva i Salut P\u00fablica a la <strong>Universitat de Las Palmas de Gran Can\u00e0ria<\/strong>, i <a href=\"https:\/\/raed.academy\/ca\/academics\/dr-gregorio-varela-moreiras\/\" target=\"_blank\" rel=\"noopener\"><em><strong>Gregorio Varela<\/strong><\/em><\/a>, catedr\u00e0tic de Nutrici\u00f3 i Bromatologia de la Universitat CEU-San Pablo, president de la\u00a0Fundaci\u00f3 Espanyola de la Nutrici\u00f3 i de la <strong>Federaci\u00f3 Espanyola de Societats de Nutrici\u00f3, Alimentaci\u00f3 i Diet\u00e8tica<\/strong>.<\/p>\n<p>Les sessions es van celebrar al campus de Mar\u00eda Zambrano de la <strong>Universitat de Valladolid<\/strong> a Seg\u00f2via sota el lema <strong>&#8220;La educaci\u00f3n y la informaci\u00f3n alimentaria 4.0 en el \u00e1mbito de la nutrici\u00f3n comunitaria&#8221;<\/strong>. Els ponents van abordar un tema d&#8217;actualitat com la sostenibilitat vinculada a l&#8217;alimentaci\u00f3, la gastronomia i fins i tot la salut ambiental. En aquest sentit, es van tractar aspectes com el mesurament de la petjada ecol\u00f2gica per establir nous ajustaments als patrons alimentaris, la gastronomia circular o les receptes sense malbaratament, entre d&#8217;altres. A m\u00e9s, durant la trobada es va tractar la informaci\u00f3 aliment\u00e0ria vinculada al consumidor, la nutrici\u00f3 cl\u00ednica i la seva sinergia amb la nutrici\u00f3 comunit\u00e0ria, o la comunicaci\u00f3 com a eina a l&#8217;educaci\u00f3 aliment\u00e0ria i nutricional, entre altres temes que van despertar un enriquidor debat.<\/p>\n<div id=\"attachment_118420\" style=\"width: 280px\" class=\"wp-caption alignleft\"><img loading=\"lazy\" decoding=\"async\" aria-describedby=\"caption-attachment-118420\" class=\"wp-image-118420\" src=\"https:\/\/raed.academy\/wp-content\/uploads\/2022\/05\/Rafael-Urrialde-de-Andres.webp\" alt=\"Dr. Rafael Urrialde\" width=\"270\" height=\"387\" aria-describedby=\"caption-attachment-118420\" \/><p id=\"caption-attachment-118420\" class=\"wp-caption-text\">Dr. Rafael Urrialde<\/p><\/div>\n<p>&#8220;Els objectius d&#8217;aquest congr\u00e9s han estat aplegar, en un mateix esdeveniment cient\u00edfic, els nous aspectes relacionats amb l&#8217;alimentaci\u00f3, la seguretat aliment\u00e0ria, la nutrici\u00f3, la sostenibilitat, la gastronomia i la salut. A m\u00e9s, tot aix\u00f2, amb un component basat en els eixos necessaris per implantar i dur a terme l&#8217;educaci\u00f3 i la informaci\u00f3 aliment\u00e0ria 4.0 en l&#8217;\u00e0mbit de la nutrici\u00f3 comunit\u00e0ria. Aquest \u00e9s un element b\u00e0sic dins de la promoci\u00f3 de la salut i la gesti\u00f3 de la prevenci\u00f3 de determinats aspectes, tant relacionats amb els problemes de d\u00e8ficits i mancances nutricionals com de sobreingesta de nutrients, la qual cosa podria influir en l&#8217;aparici\u00f3 i la prevenci\u00f3 de determinades malalties no transmissibles. Els dos aspectes m\u00e9s cridaners podr\u00edem dir que han estat, per una banda, el car\u00e0cter multidisciplinari tant de ponents com de congressistes i, de l&#8217;altra, la digitalitzaci\u00f3 de tots els apartats i components que integren un congr\u00e9s cient\u00edfic i amb la m\u00e0xima transpar\u00e8ncia i visibilitat, aix\u00ed com per exemple, els p\u00f2sters, aix\u00ed com el suplement de la <strong>&#8216;Revista de Nutrici\u00f3n Comunitaria&#8217;<\/strong>&#8220;, va explicar <strong>Urrialde<\/strong> finalitzada la cita.<\/p>\n<p>La cita va comptar amb la col\u00b7laboraci\u00f3 de l&#8217;<strong>Ajuntament de Seg\u00f2via<\/strong>, la <strong>Diputaci\u00f3 de Seg\u00f2via<\/strong>, la <strong>Universitat de Lle\u00f3<\/strong>, diversos col\u00b7legis oficials de Seg\u00f2via, l&#8217;<strong>Associaci\u00f3 de Cient\u00edfics i Tecn\u00f2legs d&#8217;Aliments de Castella i Lle\u00f3<\/strong>, l&#8217;<strong>Associaci\u00f3 Andr\u00e9s Laguna per a la Promoci\u00f3 de Ci\u00e8ncies de la Salut<\/strong>, la <strong>Fundaci\u00f3 per a la Recerca Nutricional<\/strong>, el <strong>Grup Llatinoameric\u00e0 de Nutrici\u00f3 Comunit\u00e0ria<\/strong>, l&#8217;<strong>Institut de Ci\u00e8ncia i Tecnologia d&#8217;Aliments i Nutrici\u00f3<\/strong> i la Fundaci\u00f3 Espanyola de la Nutrici\u00f3, entre altres associacions i institucions cient\u00edfiques. Hi van col\u00b7laborar tamb\u00e9 la <strong>Federaci\u00f3 Empresarial Segoviana<\/strong>, la <strong>Cambra de Comer\u00e7 de Seg\u00f2via<\/strong>, <strong>Alimentos de Segovia<\/strong> i la <strong>Fundaci\u00f3 Caja Rural de Segovia<\/strong>, a m\u00e9s de diverses empreses locals o amb forta pres\u00e8ncia local.<\/p>\n<p>La<a href=\"https:\/\/www.nutricioncomunitaria.org\/es\/\" target=\"_blank\" rel=\"noopener\"><strong> Societat Espanyola de Nutrici\u00f3 Comunit\u00e0ria<\/strong><\/a>, que acaba de fer els seus primers 30 anys d&#8217;hist\u00f2ria, \u00e9s una de les entitats cient\u00edfiques m\u00e9s grans de l&#8217;\u00e0mbit de la nutrici\u00f3 comunit\u00e0ria a Espanya, treballa per millorar i optimitzar les guies aliment\u00e0ries i el patr\u00f3 d&#8217;alimentaci\u00f3 de la poblaci\u00f3 espanyola, juntament amb models d&#8217;estils de vida que permetin assolir un comportament m\u00e9s saludable.<\/p>\n","protected":false},"excerpt":{"rendered":"<p>Rafael Urrialde lidera el IV Congr\u00e9s de la Societat Espanyola de Nutrici\u00f3 Comunit\u00e0ria, celebrat sota el lema &#8220;L&#8217;educaci\u00f3 i la informaci\u00f3 aliment\u00e0ria 4.0 a l&#8217;\u00e0mbit de la nutrici\u00f3 comunit\u00e0ria&#8221;<\/p>\n","protected":false},"author":12,"featured_media":122450,"comment_status":"closed","ping_status":"closed","sticky":false,"template":"","format":"standard","meta":{"_et_pb_use_builder":"","_et_pb_old_content":"","_et_gb_content_width":"","footnotes":""},"categories":[237,455],"tags":[],"class_list":["post-124022","post","type-post","status-publish","format-standard","has-post-thumbnail","hentry","category-alimentacio-i-nutricio","category-ciencies-de-la-salut","et-has-post-format-content","et_post_format-et-post-format-standard"],"yoast_head":"<!-- This site is optimized with the Yoast SEO plugin v27.4 - https:\/\/yoast.com\/product\/yoast-seo-wordpress\/ -->\n<title>L&#039;educaci\u00f3 i la informaci\u00f3 aliment\u00e0ria 4.0 - Reial Acad\u00e8mia Europea de Doctors<\/title>\n<meta name=\"description\" content=\"Rafael Urrialde lidera el Congr\u00e9s titulat &quot;La educaci\u00f3n y la informaci\u00f3n alimentaria 4.0 en el \u00e1mbito de la nutrici\u00f3n comunitaria&quot;\" \/>\n<meta name=\"robots\" content=\"index, follow, max-snippet:-1, max-image-preview:large, max-video-preview:-1\" \/>\n<link rel=\"canonical\" href=\"https:\/\/raed.academy\/ca\/leducacio-i-la-informacio-alimentaria-4-0\/\" \/>\n<meta property=\"og:locale\" content=\"ca_ES\" \/>\n<meta property=\"og:type\" content=\"article\" \/>\n<meta property=\"og:title\" content=\"L&#039;educaci\u00f3 i la informaci\u00f3 aliment\u00e0ria 4.0 - Reial Acad\u00e8mia Europea de Doctors\" \/>\n<meta property=\"og:description\" content=\"Rafael Urrialde lidera el Congr\u00e9s titulat &quot;La educaci\u00f3n y la informaci\u00f3n alimentaria 4.0 en el \u00e1mbito de la nutrici\u00f3n comunitaria&quot;\" \/>\n<meta property=\"og:url\" content=\"https:\/\/raed.academy\/ca\/leducacio-i-la-informacio-alimentaria-4-0\/\" \/>\n<meta property=\"og:site_name\" content=\"Reial Acad\u00e8mia Europea de Doctors\" \/>\n<meta property=\"article:publisher\" content=\"http:\/\/fb.me\/raed.academy\" \/>\n<meta property=\"article:published_time\" content=\"2022-10-27T21:51:41+00:00\" \/>\n<meta property=\"article:modified_time\" content=\"2022-10-28T10:42:11+00:00\" \/>\n<meta property=\"og:image\" content=\"https:\/\/raed.academy\/wp-content\/uploads\/2022\/09\/componentes-bioactivos.webp\" \/>\n\t<meta property=\"og:image:width\" content=\"600\" \/>\n\t<meta property=\"og:image:height\" content=\"360\" \/>\n\t<meta property=\"og:image:type\" content=\"image\/webp\" \/>\n<meta name=\"author\" content=\"RAED\" \/>\n<meta name=\"twitter:card\" content=\"summary_large_image\" \/>\n<meta name=\"twitter:creator\" content=\"@raedacademy\" \/>\n<meta name=\"twitter:site\" content=\"@raedacademy\" \/>\n<meta name=\"twitter:label1\" content=\"Written by\" \/>\n\t<meta name=\"twitter:data1\" content=\"RAED\" \/>\n\t<meta name=\"twitter:label2\" content=\"Est. reading time\" \/>\n\t<meta name=\"twitter:data2\" content=\"4 minutes\" \/>\n<script type=\"application\/ld+json\" class=\"yoast-schema-graph\">{\"@context\":\"https:\\\/\\\/schema.org\",\"@graph\":[{\"@type\":\"Article\",\"@id\":\"https:\\\/\\\/raed.academy\\\/ca\\\/leducacio-i-la-informacio-alimentaria-4-0\\\/#article\",\"isPartOf\":{\"@id\":\"https:\\\/\\\/raed.academy\\\/ca\\\/leducacio-i-la-informacio-alimentaria-4-0\\\/\"},\"author\":{\"name\":\"RAED\",\"@id\":\"https:\\\/\\\/raed.academy\\\/ca\\\/#\\\/schema\\\/person\\\/5a755da80d1d979fd66ba745c8702927\"},\"headline\":\"L&#8217;educaci\u00f3 i la informaci\u00f3 aliment\u00e0ria 4.0\",\"datePublished\":\"2022-10-27T21:51:41+00:00\",\"dateModified\":\"2022-10-28T10:42:11+00:00\",\"mainEntityOfPage\":{\"@id\":\"https:\\\/\\\/raed.academy\\\/ca\\\/leducacio-i-la-informacio-alimentaria-4-0\\\/\"},\"wordCount\":828,\"publisher\":{\"@id\":\"https:\\\/\\\/raed.academy\\\/ca\\\/#organization\"},\"image\":{\"@id\":\"https:\\\/\\\/raed.academy\\\/ca\\\/leducacio-i-la-informacio-alimentaria-4-0\\\/#primaryimage\"},\"thumbnailUrl\":\"https:\\\/\\\/raed.academy\\\/wp-content\\\/uploads\\\/2022\\\/09\\\/componentes-bioactivos.webp\",\"articleSection\":[\"Alimentaci\u00f3 i nutrici\u00f3\",\"Ci\u00e8ncies de la salut\"],\"inLanguage\":\"ca-ES\"},{\"@type\":\"WebPage\",\"@id\":\"https:\\\/\\\/raed.academy\\\/ca\\\/leducacio-i-la-informacio-alimentaria-4-0\\\/\",\"url\":\"https:\\\/\\\/raed.academy\\\/ca\\\/leducacio-i-la-informacio-alimentaria-4-0\\\/\",\"name\":\"L'educaci\u00f3 i la informaci\u00f3 aliment\u00e0ria 4.0 - Reial Acad\u00e8mia Europea de Doctors\",\"isPartOf\":{\"@id\":\"https:\\\/\\\/raed.academy\\\/ca\\\/#website\"},\"primaryImageOfPage\":{\"@id\":\"https:\\\/\\\/raed.academy\\\/ca\\\/leducacio-i-la-informacio-alimentaria-4-0\\\/#primaryimage\"},\"image\":{\"@id\":\"https:\\\/\\\/raed.academy\\\/ca\\\/leducacio-i-la-informacio-alimentaria-4-0\\\/#primaryimage\"},\"thumbnailUrl\":\"https:\\\/\\\/raed.academy\\\/wp-content\\\/uploads\\\/2022\\\/09\\\/componentes-bioactivos.webp\",\"datePublished\":\"2022-10-27T21:51:41+00:00\",\"dateModified\":\"2022-10-28T10:42:11+00:00\",\"description\":\"Rafael Urrialde lidera el Congr\u00e9s titulat \\\"La educaci\u00f3n y la informaci\u00f3n alimentaria 4.0 en el \u00e1mbito de la nutrici\u00f3n comunitaria\\\"\",\"breadcrumb\":{\"@id\":\"https:\\\/\\\/raed.academy\\\/ca\\\/leducacio-i-la-informacio-alimentaria-4-0\\\/#breadcrumb\"},\"inLanguage\":\"ca-ES\",\"potentialAction\":[{\"@type\":\"ReadAction\",\"target\":[\"https:\\\/\\\/raed.academy\\\/ca\\\/leducacio-i-la-informacio-alimentaria-4-0\\\/\"]}]},{\"@type\":\"ImageObject\",\"inLanguage\":\"ca-ES\",\"@id\":\"https:\\\/\\\/raed.academy\\\/ca\\\/leducacio-i-la-informacio-alimentaria-4-0\\\/#primaryimage\",\"url\":\"https:\\\/\\\/raed.academy\\\/wp-content\\\/uploads\\\/2022\\\/09\\\/componentes-bioactivos.webp\",\"contentUrl\":\"https:\\\/\\\/raed.academy\\\/wp-content\\\/uploads\\\/2022\\\/09\\\/componentes-bioactivos.webp\",\"width\":600,\"height\":360},{\"@type\":\"BreadcrumbList\",\"@id\":\"https:\\\/\\\/raed.academy\\\/ca\\\/leducacio-i-la-informacio-alimentaria-4-0\\\/#breadcrumb\",\"itemListElement\":[{\"@type\":\"ListItem\",\"position\":1,\"name\":\"Inicio\",\"item\":\"https:\\\/\\\/raed.academy\\\/ca\\\/\"},{\"@type\":\"ListItem\",\"position\":2,\"name\":\"L&#8217;educaci\u00f3 i la informaci\u00f3 aliment\u00e0ria 4.0\"}]},{\"@type\":\"WebSite\",\"@id\":\"https:\\\/\\\/raed.academy\\\/ca\\\/#website\",\"url\":\"https:\\\/\\\/raed.academy\\\/ca\\\/\",\"name\":\"Reial Acad\u00e8mia Europea de Doctors\",\"description\":\"Corporaci\u00f3n de derecho p\u00fablico de car\u00e1cter cient\u00edfico, t\u00e9cnico y art\u00edstico, que tiene por objeto la investigaci\u00f3n, el estudio, el fomento y la extensi\u00f3n del conocimiento en su sentido m\u00e1s amplio\",\"publisher\":{\"@id\":\"https:\\\/\\\/raed.academy\\\/ca\\\/#organization\"},\"potentialAction\":[{\"@type\":\"SearchAction\",\"target\":{\"@type\":\"EntryPoint\",\"urlTemplate\":\"https:\\\/\\\/raed.academy\\\/ca\\\/?s={search_term_string}\"},\"query-input\":{\"@type\":\"PropertyValueSpecification\",\"valueRequired\":true,\"valueName\":\"search_term_string\"}}],\"inLanguage\":\"ca-ES\"},{\"@type\":\"Organization\",\"@id\":\"https:\\\/\\\/raed.academy\\\/ca\\\/#organization\",\"name\":\"Real Academia Europea de Doctores\",\"url\":\"https:\\\/\\\/raed.academy\\\/ca\\\/\",\"logo\":{\"@type\":\"ImageObject\",\"inLanguage\":\"ca-ES\",\"@id\":\"https:\\\/\\\/raed.academy\\\/ca\\\/#\\\/schema\\\/logo\\\/image\\\/\",\"url\":\"https:\\\/\\\/raed.academy\\\/wp-content\\\/uploads\\\/2017\\\/01\\\/cropped-logo_raed.png\",\"contentUrl\":\"https:\\\/\\\/raed.academy\\\/wp-content\\\/uploads\\\/2017\\\/01\\\/cropped-logo_raed.png\",\"width\":512,\"height\":512,\"caption\":\"Real Academia Europea de Doctores\"},\"image\":{\"@id\":\"https:\\\/\\\/raed.academy\\\/ca\\\/#\\\/schema\\\/logo\\\/image\\\/\"},\"sameAs\":[\"http:\\\/\\\/fb.me\\\/raed.academy\",\"https:\\\/\\\/x.com\\\/raedacademy\",\"https:\\\/\\\/www.instagram.com\\\/raed.academy\\\/\",\"https:\\\/\\\/www.youtube.com\\\/channel\\\/UCUYQwW2KrdirNWihxMDObwg\"]},{\"@type\":\"Person\",\"@id\":\"https:\\\/\\\/raed.academy\\\/ca\\\/#\\\/schema\\\/person\\\/5a755da80d1d979fd66ba745c8702927\",\"name\":\"RAED\",\"image\":{\"@type\":\"ImageObject\",\"inLanguage\":\"ca-ES\",\"@id\":\"https:\\\/\\\/secure.gravatar.com\\\/avatar\\\/19fdfdc0d67fb9c45714b703a2ac82251c4fcea3637f002ac3c9b74c0183583c?s=96&d=mm&r=g\",\"url\":\"https:\\\/\\\/secure.gravatar.com\\\/avatar\\\/19fdfdc0d67fb9c45714b703a2ac82251c4fcea3637f002ac3c9b74c0183583c?s=96&d=mm&r=g\",\"contentUrl\":\"https:\\\/\\\/secure.gravatar.com\\\/avatar\\\/19fdfdc0d67fb9c45714b703a2ac82251c4fcea3637f002ac3c9b74c0183583c?s=96&d=mm&r=g\",\"caption\":\"RAED\"}}]}<\/script>\n<!-- \/ Yoast SEO plugin. -->","yoast_head_json":{"title":"L'educaci\u00f3 i la informaci\u00f3 aliment\u00e0ria 4.0 - Reial Acad\u00e8mia Europea de Doctors","description":"Rafael Urrialde lidera el Congr\u00e9s titulat \"La educaci\u00f3n y la informaci\u00f3n alimentaria 4.0 en el \u00e1mbito de la nutrici\u00f3n comunitaria\"","robots":{"index":"index","follow":"follow","max-snippet":"max-snippet:-1","max-image-preview":"max-image-preview:large","max-video-preview":"max-video-preview:-1"},"canonical":"https:\/\/raed.academy\/ca\/leducacio-i-la-informacio-alimentaria-4-0\/","og_locale":"ca_ES","og_type":"article","og_title":"L'educaci\u00f3 i la informaci\u00f3 aliment\u00e0ria 4.0 - Reial Acad\u00e8mia Europea de Doctors","og_description":"Rafael Urrialde lidera el Congr\u00e9s titulat \"La educaci\u00f3n y la informaci\u00f3n alimentaria 4.0 en el \u00e1mbito de la nutrici\u00f3n comunitaria\"","og_url":"https:\/\/raed.academy\/ca\/leducacio-i-la-informacio-alimentaria-4-0\/","og_site_name":"Reial Acad\u00e8mia Europea de Doctors","article_publisher":"http:\/\/fb.me\/raed.academy","article_published_time":"2022-10-27T21:51:41+00:00","article_modified_time":"2022-10-28T10:42:11+00:00","og_image":[{"width":600,"height":360,"url":"https:\/\/raed.academy\/wp-content\/uploads\/2022\/09\/componentes-bioactivos.webp","type":"image\/webp"}],"author":"RAED","twitter_card":"summary_large_image","twitter_creator":"@raedacademy","twitter_site":"@raedacademy","twitter_misc":{"Written by":"RAED","Est. reading time":"4 minutes"},"schema":{"@context":"https:\/\/schema.org","@graph":[{"@type":"Article","@id":"https:\/\/raed.academy\/ca\/leducacio-i-la-informacio-alimentaria-4-0\/#article","isPartOf":{"@id":"https:\/\/raed.academy\/ca\/leducacio-i-la-informacio-alimentaria-4-0\/"},"author":{"name":"RAED","@id":"https:\/\/raed.academy\/ca\/#\/schema\/person\/5a755da80d1d979fd66ba745c8702927"},"headline":"L&#8217;educaci\u00f3 i la informaci\u00f3 aliment\u00e0ria 4.0","datePublished":"2022-10-27T21:51:41+00:00","dateModified":"2022-10-28T10:42:11+00:00","mainEntityOfPage":{"@id":"https:\/\/raed.academy\/ca\/leducacio-i-la-informacio-alimentaria-4-0\/"},"wordCount":828,"publisher":{"@id":"https:\/\/raed.academy\/ca\/#organization"},"image":{"@id":"https:\/\/raed.academy\/ca\/leducacio-i-la-informacio-alimentaria-4-0\/#primaryimage"},"thumbnailUrl":"https:\/\/raed.academy\/wp-content\/uploads\/2022\/09\/componentes-bioactivos.webp","articleSection":["Alimentaci\u00f3 i nutrici\u00f3","Ci\u00e8ncies de la salut"],"inLanguage":"ca-ES"},{"@type":"WebPage","@id":"https:\/\/raed.academy\/ca\/leducacio-i-la-informacio-alimentaria-4-0\/","url":"https:\/\/raed.academy\/ca\/leducacio-i-la-informacio-alimentaria-4-0\/","name":"L'educaci\u00f3 i la informaci\u00f3 aliment\u00e0ria 4.0 - Reial Acad\u00e8mia Europea de Doctors","isPartOf":{"@id":"https:\/\/raed.academy\/ca\/#website"},"primaryImageOfPage":{"@id":"https:\/\/raed.academy\/ca\/leducacio-i-la-informacio-alimentaria-4-0\/#primaryimage"},"image":{"@id":"https:\/\/raed.academy\/ca\/leducacio-i-la-informacio-alimentaria-4-0\/#primaryimage"},"thumbnailUrl":"https:\/\/raed.academy\/wp-content\/uploads\/2022\/09\/componentes-bioactivos.webp","datePublished":"2022-10-27T21:51:41+00:00","dateModified":"2022-10-28T10:42:11+00:00","description":"Rafael Urrialde lidera el Congr\u00e9s titulat \"La educaci\u00f3n y la informaci\u00f3n alimentaria 4.0 en el \u00e1mbito de la nutrici\u00f3n comunitaria\"","breadcrumb":{"@id":"https:\/\/raed.academy\/ca\/leducacio-i-la-informacio-alimentaria-4-0\/#breadcrumb"},"inLanguage":"ca-ES","potentialAction":[{"@type":"ReadAction","target":["https:\/\/raed.academy\/ca\/leducacio-i-la-informacio-alimentaria-4-0\/"]}]},{"@type":"ImageObject","inLanguage":"ca-ES","@id":"https:\/\/raed.academy\/ca\/leducacio-i-la-informacio-alimentaria-4-0\/#primaryimage","url":"https:\/\/raed.academy\/wp-content\/uploads\/2022\/09\/componentes-bioactivos.webp","contentUrl":"https:\/\/raed.academy\/wp-content\/uploads\/2022\/09\/componentes-bioactivos.webp","width":600,"height":360},{"@type":"BreadcrumbList","@id":"https:\/\/raed.academy\/ca\/leducacio-i-la-informacio-alimentaria-4-0\/#breadcrumb","itemListElement":[{"@type":"ListItem","position":1,"name":"Inicio","item":"https:\/\/raed.academy\/ca\/"},{"@type":"ListItem","position":2,"name":"L&#8217;educaci\u00f3 i la informaci\u00f3 aliment\u00e0ria 4.0"}]},{"@type":"WebSite","@id":"https:\/\/raed.academy\/ca\/#website","url":"https:\/\/raed.academy\/ca\/","name":"Reial Acad\u00e8mia Europea de Doctors","description":"Corporaci\u00f3n de derecho p\u00fablico de car\u00e1cter cient\u00edfico, t\u00e9cnico y art\u00edstico, que tiene por objeto la investigaci\u00f3n, el estudio, el fomento y la extensi\u00f3n del conocimiento en su sentido m\u00e1s amplio","publisher":{"@id":"https:\/\/raed.academy\/ca\/#organization"},"potentialAction":[{"@type":"SearchAction","target":{"@type":"EntryPoint","urlTemplate":"https:\/\/raed.academy\/ca\/?s={search_term_string}"},"query-input":{"@type":"PropertyValueSpecification","valueRequired":true,"valueName":"search_term_string"}}],"inLanguage":"ca-ES"},{"@type":"Organization","@id":"https:\/\/raed.academy\/ca\/#organization","name":"Real Academia Europea de Doctores","url":"https:\/\/raed.academy\/ca\/","logo":{"@type":"ImageObject","inLanguage":"ca-ES","@id":"https:\/\/raed.academy\/ca\/#\/schema\/logo\/image\/","url":"https:\/\/raed.academy\/wp-content\/uploads\/2017\/01\/cropped-logo_raed.png","contentUrl":"https:\/\/raed.academy\/wp-content\/uploads\/2017\/01\/cropped-logo_raed.png","width":512,"height":512,"caption":"Real Academia Europea de Doctores"},"image":{"@id":"https:\/\/raed.academy\/ca\/#\/schema\/logo\/image\/"},"sameAs":["http:\/\/fb.me\/raed.academy","https:\/\/x.com\/raedacademy","https:\/\/www.instagram.com\/raed.academy\/","https:\/\/www.youtube.com\/channel\/UCUYQwW2KrdirNWihxMDObwg"]},{"@type":"Person","@id":"https:\/\/raed.academy\/ca\/#\/schema\/person\/5a755da80d1d979fd66ba745c8702927","name":"RAED","image":{"@type":"ImageObject","inLanguage":"ca-ES","@id":"https:\/\/secure.gravatar.com\/avatar\/19fdfdc0d67fb9c45714b703a2ac82251c4fcea3637f002ac3c9b74c0183583c?s=96&d=mm&r=g","url":"https:\/\/secure.gravatar.com\/avatar\/19fdfdc0d67fb9c45714b703a2ac82251c4fcea3637f002ac3c9b74c0183583c?s=96&d=mm&r=g","contentUrl":"https:\/\/secure.gravatar.com\/avatar\/19fdfdc0d67fb9c45714b703a2ac82251c4fcea3637f002ac3c9b74c0183583c?s=96&d=mm&r=g","caption":"RAED"}}]}},"_links":{"self":[{"href":"https:\/\/raed.academy\/ca\/wp-json\/wp\/v2\/posts\/124022","targetHints":{"allow":["GET"]}}],"collection":[{"href":"https:\/\/raed.academy\/ca\/wp-json\/wp\/v2\/posts"}],"about":[{"href":"https:\/\/raed.academy\/ca\/wp-json\/wp\/v2\/types\/post"}],"author":[{"embeddable":true,"href":"https:\/\/raed.academy\/ca\/wp-json\/wp\/v2\/users\/12"}],"replies":[{"embeddable":true,"href":"https:\/\/raed.academy\/ca\/wp-json\/wp\/v2\/comments?post=124022"}],"version-history":[{"count":0,"href":"https:\/\/raed.academy\/ca\/wp-json\/wp\/v2\/posts\/124022\/revisions"}],"wp:featuredmedia":[{"embeddable":true,"href":"https:\/\/raed.academy\/ca\/wp-json\/wp\/v2\/media\/122450"}],"wp:attachment":[{"href":"https:\/\/raed.academy\/ca\/wp-json\/wp\/v2\/media?parent=124022"}],"wp:term":[{"taxonomy":"category","embeddable":true,"href":"https:\/\/raed.academy\/ca\/wp-json\/wp\/v2\/categories?post=124022"},{"taxonomy":"post_tag","embeddable":true,"href":"https:\/\/raed.academy\/ca\/wp-json\/wp\/v2\/tags?post=124022"}],"curies":[{"name":"wp","href":"https:\/\/api.w.org\/{rel}","templated":true}]}}