{"id":123596,"date":"2022-10-20T10:45:48","date_gmt":"2022-10-20T10:45:48","guid":{"rendered":"https:\/\/raed.academy\/?p=123596"},"modified":"2022-10-20T13:58:19","modified_gmt":"2022-10-20T13:58:19","slug":"les-llicons-de-lantiguitat","status":"publish","type":"post","link":"https:\/\/raed.academy\/ca\/les-llicons-de-lantiguitat\/","title":{"rendered":"Les lli\u00e7ons de l&#8217;Antiguitat"},"content":{"rendered":"<p><img loading=\"lazy\" decoding=\"async\" class=\"size-full wp-image-123506 alignleft\" src=\"https:\/\/raed.academy\/wp-content\/uploads\/2022\/10\/partenon-antigua-Grecia-licencia-pixabay.com-no-atrib.webp\" sizes=\"(max-width: 600px) 100vw, 600px\" srcset=\"https:\/\/raed.academy\/wp-content\/uploads\/2022\/10\/partenon-antigua-Grecia-licencia-pixabay.com-no-atrib.webp 600w, https:\/\/raed.academy\/wp-content\/uploads\/2022\/10\/partenon-antigua-Grecia-licencia-pixabay.com-no-atrib-440x264.webp 440w\" alt=\"Parten\u00f3n de la antigua Grecia\" width=\"600\" height=\"360\" aria-describedby=\"caption-attachment-123506\" \/><a href=\"https:\/\/raed.academy\/ca\/academics\/dr-joaquin-callabed-carracedo\/\" target=\"_blank\" rel=\"noopener\"><em><strong>Joaqu\u00edn Callabed<\/strong><\/em><\/a>, president del <strong>Club de Pediatria Social<\/strong>, acad\u00e8mic corresponent de la <strong>Reial Acad\u00e8mia de Medicina de Catalunya<\/strong> i acad\u00e8mic de n\u00famero i vicepresident de la Secci\u00f3 de Ci\u00e8ncies de la Salut de la <strong>Reial Acad\u00e8mia Europea de Doctors-Barcelona 1914<\/strong> (RAED), comparteix amb la comunitat acad\u00e8mica els articles <strong>&#8220;Las ense\u00f1anzas de Esculapio en Emp\u00faries&#8221;<\/strong> i <strong>&#8220;Tras los pasos de Atenea&#8221;<\/strong>, en qu\u00e8 repr\u00e8n la seva passi\u00f3 per l&#8217;Antiguitat Cl\u00e0ssica, que ha publicat a les seccions <strong>&#8220;Lectores expertos&#8221;<\/strong> i <strong>&#8220;Lectores corresponsales&#8221;<\/strong>, respectivament, de l&#8217;edici\u00f3 digital del diari <strong>&#8220;La Vanguardia&#8221;<\/strong> els 2 i 7 d&#8217;octubre passats. L&#8217;acad\u00e8mic forma part activa de la comunitat de lectors del diari i ha protagonitzat diverses entrevistes.<\/p>\n<p>A &#8220;Las ense\u00f1anzas de Esculapio en Emp\u00faries&#8221;, <strong>Callabed<\/strong> evoca el naixement de la Medicina com a ci\u00e8ncia a l&#8217;Antiga Gr\u00e8cia, representada des de llavors pel d\u00e9u present al jaciment catal\u00e0. &#8220;El jaciment d&#8217;Emp\u00faries va recuperar part de la hist\u00f2ria mitjan\u00e7ant la rehabilitaci\u00f3 i muse\u00eftzaci\u00f3 de l&#8217;\u00e0gora i l&#8217;estoa de la ciutat grega del segle II a.C., les \u00faniques que hi ha a la pen\u00ednsula Ib\u00e8rica. Els temples estaven constitu\u00efts per un grup d&#8217;edificis, patis, alberedes i banys. Al centre hi havia el temple d&#8217;<strong>Esculapi<\/strong> adornat amb obres d&#8217;art i altres tresors. Al costat, l&#8217;abat\u00f3, on els pelegrins es retiraven per ser visitats pel d\u00e9u en somnis. El temple d&#8217;<strong>Epidaure<\/strong> comptava amb un magn\u00edfic teatre a l&#8217;aire lliure i un estadi destinat a competicions esportives. La terap\u00e8utica es basava en suggesti\u00f3 i interpretaci\u00f3 dels somnis, cures f\u00edsiques i clim\u00e0tiques, purificacions i diet\u00e8tiques. Es practicava una bona medicina psicosom\u00e0tica&#8221;, explica.<\/p>\n<div id=\"attachment_45117\" style=\"width: 400px\" class=\"wp-caption alignright\"><img loading=\"lazy\" decoding=\"async\" aria-describedby=\"caption-attachment-45117\" class=\"wp-image-45117\" src=\"https:\/\/raed.academy\/wp-content\/uploads\/2018\/05\/Joaquin-Callabed.jpeg\" alt=\"Dr. Joaqu\u00edn Callabed Carracedo\" width=\"390\" height=\"260\" aria-describedby=\"caption-attachment-45117\" \/><p id=\"caption-attachment-45117\" class=\"wp-caption-text\">Dr. Joaqu\u00edn Callabed<\/p><\/div>\n<p>L&#8217;acad\u00e8mic rememora les principals figures de la filosofia i la medicina gregues, com ara <strong>Pit\u00e0gores<\/strong>, <strong>Alcme\u00f3 de Crotona<\/strong>, <strong>Emp\u00e8docles d&#8217;Agrigent<\/strong>, <strong>Dem\u00f2crit d&#8217;Abdera<\/strong> o <strong>S\u00f2crates<\/strong>. Aix\u00ed mateix, explica el significat d&#8217;Esculapi -o <strong>Asclepi<\/strong>&#8211; en la tradici\u00f3 cl\u00e0ssica. &#8220;Era considerat com una mena de metge familiar sobrenatural; l&#8217;\u00edntim de la seva relaci\u00f3 amb els fidels i el seu car\u00e0cter bondad\u00f3s no compartit per cap altre d\u00e9u de la mitologia \u00e9s, possiblement, la ra\u00f3 de la superviv\u00e8ncia del culte. Els pares de l&#8217;Esgl\u00e9sia Cristiana consideraven <strong>Esculapi<\/strong> com el rival m\u00e9s seri\u00f3s de <strong>Jesucrist<\/strong>. El gran <strong>S\u00f2focles<\/strong> li va dedicar un himne. Les \u00faltimes paraules de S\u00f2crates tamb\u00e9 van ser per a ell. Nombrosos emperadors com <strong>Alexandre el Gran<\/strong>, <strong>Marc Aureli<\/strong> i <strong>Juli\u00e0<\/strong> eren fidels d&#8217;<strong>Asclepi<\/strong>. Al seu temple cap persona va ser rebutjada, sent la puresa de pensament l&#8217;\u00fanic requisit&#8221;, explica.<\/p>\n<p>D&#8217;altra banda, a &#8220;Tras los pasos de Atenea&#8221;, el president del Club de Pediatria Social comparteix amb el lector una visita recent a Atenes amb tanta passi\u00f3 com erudici\u00f3. &#8220;L&#8217;aire al peu de l&#8217;Acr\u00f2polis t\u00e9 sensacions noves. Em porta records de Par\u00eds. T\u00e9 una estranya seducci\u00f3. Passejant per Ermon fins a l&#8217;Acr\u00f2polis s&#8217;arriba a Monastraki amb belles sorpreses de temples bizantins i un mercat multicolor, c\u00e0lid i variat. Hi ha venedors ambulants de festucs, cireres i albercocs. La meva vista recorre el temple d&#8217;<strong>Hefaistos<\/strong> i l&#8217;\u00c0gora Romana. Acr\u00f2polis, Prepileus, Erection, Parten\u00f3 i un bell museu que no recordava de viatges anteriors amb una deliciosa Atenea pensant&#8221;, evoca l&#8217;acad\u00e8mic.<\/p>\n<h2><a href=\"https:\/\/www.lavanguardia.com\/participacion\/cartas\/20221002\/8549211\/ensenanzas-esculapio-empuries.html\" target=\"_blank\" rel=\"noopener\">Llegiu &#8220;Las ense\u00f1anzas de Esculapio en Emp\u00faries&#8221;<\/a><\/h2>\n<h2><a href=\"https:\/\/www.lavanguardia.com\/participacion\/lectores-corresponsales\/20221007\/8556699\/pasos-arte-atenea.html\" target=\"_blank\" rel=\"noopener\">Llegiu &#8220;Tras los pasos de Atenea&#8221;<\/a><\/h2>\n","protected":false},"excerpt":{"rendered":"<p>Joaqu\u00edn Callabed evoca el naixement de la Medicina com a ci\u00e8ncia a l&#8217;Antiga Gr\u00e8cia, als articles &#8220;Las ense\u00f1anzas de Esculapio en Emp\u00faries&#8221; i &#8220;Tras los pasos de Atenea&#8221;<\/p>\n","protected":false},"author":12,"featured_media":123507,"comment_status":"closed","ping_status":"closed","sticky":false,"template":"","format":"standard","meta":{"_et_pb_use_builder":"","_et_pb_old_content":"","_et_gb_content_width":"","footnotes":""},"categories":[229,455,242,401,213],"tags":[],"class_list":["post-123596","post","type-post","status-publish","format-standard","has-post-thumbnail","hentry","category-art","category-ciencies-de-la-salut","category-categ-historia","category-historia-de-lart-i-patrimoni-cultural","category-medicina-i-cirurgia","et-has-post-format-content","et_post_format-et-post-format-standard"],"yoast_head":"<!-- This site is optimized with the Yoast SEO plugin v27.4 - https:\/\/yoast.com\/product\/yoast-seo-wordpress\/ -->\n<title>Les lli\u00e7ons de l&#039;Antiguitat - Reial Acad\u00e8mia Europea de Doctors<\/title>\n<meta name=\"description\" content=\"Joaqu\u00edn Callabed repr\u00e8n la seva passi\u00f3 per l&#039;Antiguitat Cl\u00e0ssica, als articles &quot;Las ense\u00f1anzas de Esculapio en Emp\u00faries&quot; i &quot;Tras los pasos de Atenea&quot;\" \/>\n<meta name=\"robots\" content=\"index, follow, max-snippet:-1, max-image-preview:large, max-video-preview:-1\" \/>\n<link rel=\"canonical\" href=\"https:\/\/raed.academy\/ca\/les-llicons-de-lantiguitat\/\" \/>\n<meta property=\"og:locale\" content=\"ca_ES\" \/>\n<meta property=\"og:type\" content=\"article\" \/>\n<meta property=\"og:title\" content=\"Les lli\u00e7ons de l&#039;Antiguitat - Reial Acad\u00e8mia Europea de Doctors\" \/>\n<meta property=\"og:description\" content=\"Joaqu\u00edn Callabed repr\u00e8n la seva passi\u00f3 per l&#039;Antiguitat Cl\u00e0ssica, als articles &quot;Las ense\u00f1anzas de Esculapio en Emp\u00faries&quot; i &quot;Tras los pasos de Atenea&quot;\" \/>\n<meta property=\"og:url\" content=\"https:\/\/raed.academy\/ca\/les-llicons-de-lantiguitat\/\" \/>\n<meta property=\"og:site_name\" content=\"Reial Acad\u00e8mia Europea de Doctors\" \/>\n<meta property=\"article:publisher\" content=\"http:\/\/fb.me\/raed.academy\" \/>\n<meta property=\"article:published_time\" content=\"2022-10-20T10:45:48+00:00\" \/>\n<meta property=\"article:modified_time\" content=\"2022-10-20T13:58:19+00:00\" \/>\n<meta property=\"og:image\" content=\"https:\/\/raed.academy\/wp-content\/uploads\/2022\/10\/partenon-antigua-Grecia-licencia-pixabay.com-no-atrib.webp\" \/>\n\t<meta property=\"og:image:width\" content=\"600\" \/>\n\t<meta property=\"og:image:height\" content=\"360\" \/>\n\t<meta property=\"og:image:type\" content=\"image\/webp\" \/>\n<meta name=\"author\" content=\"RAED\" \/>\n<meta name=\"twitter:card\" content=\"summary_large_image\" \/>\n<meta name=\"twitter:creator\" content=\"@raedacademy\" \/>\n<meta name=\"twitter:site\" content=\"@raedacademy\" \/>\n<meta name=\"twitter:label1\" content=\"Written by\" \/>\n\t<meta name=\"twitter:data1\" content=\"RAED\" \/>\n\t<meta name=\"twitter:label2\" content=\"Est. reading time\" \/>\n\t<meta name=\"twitter:data2\" content=\"3 minutes\" \/>\n<script type=\"application\/ld+json\" class=\"yoast-schema-graph\">{\"@context\":\"https:\\\/\\\/schema.org\",\"@graph\":[{\"@type\":\"Article\",\"@id\":\"https:\\\/\\\/raed.academy\\\/ca\\\/les-llicons-de-lantiguitat\\\/#article\",\"isPartOf\":{\"@id\":\"https:\\\/\\\/raed.academy\\\/ca\\\/les-llicons-de-lantiguitat\\\/\"},\"author\":{\"name\":\"RAED\",\"@id\":\"https:\\\/\\\/raed.academy\\\/ca\\\/#\\\/schema\\\/person\\\/5a755da80d1d979fd66ba745c8702927\"},\"headline\":\"Les lli\u00e7ons de l&#8217;Antiguitat\",\"datePublished\":\"2022-10-20T10:45:48+00:00\",\"dateModified\":\"2022-10-20T13:58:19+00:00\",\"mainEntityOfPage\":{\"@id\":\"https:\\\/\\\/raed.academy\\\/ca\\\/les-llicons-de-lantiguitat\\\/\"},\"wordCount\":617,\"publisher\":{\"@id\":\"https:\\\/\\\/raed.academy\\\/ca\\\/#organization\"},\"image\":{\"@id\":\"https:\\\/\\\/raed.academy\\\/ca\\\/les-llicons-de-lantiguitat\\\/#primaryimage\"},\"thumbnailUrl\":\"https:\\\/\\\/raed.academy\\\/wp-content\\\/uploads\\\/2022\\\/10\\\/partenon-antigua-Grecia-licencia-pixabay.com-no-atrib.webp\",\"articleSection\":[\"Art\",\"Ci\u00e8ncies de la salut\",\"Hist\u00f2ria\",\"Hist\u00f2ria de l'art i patrimoni cultural\",\"Medicina i cirurgia\"],\"inLanguage\":\"ca-ES\"},{\"@type\":\"WebPage\",\"@id\":\"https:\\\/\\\/raed.academy\\\/ca\\\/les-llicons-de-lantiguitat\\\/\",\"url\":\"https:\\\/\\\/raed.academy\\\/ca\\\/les-llicons-de-lantiguitat\\\/\",\"name\":\"Les lli\u00e7ons de l'Antiguitat - Reial Acad\u00e8mia Europea de Doctors\",\"isPartOf\":{\"@id\":\"https:\\\/\\\/raed.academy\\\/ca\\\/#website\"},\"primaryImageOfPage\":{\"@id\":\"https:\\\/\\\/raed.academy\\\/ca\\\/les-llicons-de-lantiguitat\\\/#primaryimage\"},\"image\":{\"@id\":\"https:\\\/\\\/raed.academy\\\/ca\\\/les-llicons-de-lantiguitat\\\/#primaryimage\"},\"thumbnailUrl\":\"https:\\\/\\\/raed.academy\\\/wp-content\\\/uploads\\\/2022\\\/10\\\/partenon-antigua-Grecia-licencia-pixabay.com-no-atrib.webp\",\"datePublished\":\"2022-10-20T10:45:48+00:00\",\"dateModified\":\"2022-10-20T13:58:19+00:00\",\"description\":\"Joaqu\u00edn Callabed repr\u00e8n la seva passi\u00f3 per l'Antiguitat Cl\u00e0ssica, als articles \\\"Las ense\u00f1anzas de Esculapio en Emp\u00faries\\\" i \\\"Tras los pasos de Atenea\\\"\",\"breadcrumb\":{\"@id\":\"https:\\\/\\\/raed.academy\\\/ca\\\/les-llicons-de-lantiguitat\\\/#breadcrumb\"},\"inLanguage\":\"ca-ES\",\"potentialAction\":[{\"@type\":\"ReadAction\",\"target\":[\"https:\\\/\\\/raed.academy\\\/ca\\\/les-llicons-de-lantiguitat\\\/\"]}]},{\"@type\":\"ImageObject\",\"inLanguage\":\"ca-ES\",\"@id\":\"https:\\\/\\\/raed.academy\\\/ca\\\/les-llicons-de-lantiguitat\\\/#primaryimage\",\"url\":\"https:\\\/\\\/raed.academy\\\/wp-content\\\/uploads\\\/2022\\\/10\\\/partenon-antigua-Grecia-licencia-pixabay.com-no-atrib.webp\",\"contentUrl\":\"https:\\\/\\\/raed.academy\\\/wp-content\\\/uploads\\\/2022\\\/10\\\/partenon-antigua-Grecia-licencia-pixabay.com-no-atrib.webp\",\"width\":600,\"height\":360,\"caption\":\"Parten\u00f3n de la antigua Grecia. Cedida por pixabay.com\"},{\"@type\":\"BreadcrumbList\",\"@id\":\"https:\\\/\\\/raed.academy\\\/ca\\\/les-llicons-de-lantiguitat\\\/#breadcrumb\",\"itemListElement\":[{\"@type\":\"ListItem\",\"position\":1,\"name\":\"Inicio\",\"item\":\"https:\\\/\\\/raed.academy\\\/ca\\\/\"},{\"@type\":\"ListItem\",\"position\":2,\"name\":\"Les lli\u00e7ons de l&#8217;Antiguitat\"}]},{\"@type\":\"WebSite\",\"@id\":\"https:\\\/\\\/raed.academy\\\/ca\\\/#website\",\"url\":\"https:\\\/\\\/raed.academy\\\/ca\\\/\",\"name\":\"Reial Acad\u00e8mia Europea de Doctors\",\"description\":\"Corporaci\u00f3n de derecho p\u00fablico de car\u00e1cter cient\u00edfico, t\u00e9cnico y art\u00edstico, que tiene por objeto la investigaci\u00f3n, el estudio, el fomento y la extensi\u00f3n del conocimiento en su sentido m\u00e1s amplio\",\"publisher\":{\"@id\":\"https:\\\/\\\/raed.academy\\\/ca\\\/#organization\"},\"potentialAction\":[{\"@type\":\"SearchAction\",\"target\":{\"@type\":\"EntryPoint\",\"urlTemplate\":\"https:\\\/\\\/raed.academy\\\/ca\\\/?s={search_term_string}\"},\"query-input\":{\"@type\":\"PropertyValueSpecification\",\"valueRequired\":true,\"valueName\":\"search_term_string\"}}],\"inLanguage\":\"ca-ES\"},{\"@type\":\"Organization\",\"@id\":\"https:\\\/\\\/raed.academy\\\/ca\\\/#organization\",\"name\":\"Real Academia Europea de Doctores\",\"url\":\"https:\\\/\\\/raed.academy\\\/ca\\\/\",\"logo\":{\"@type\":\"ImageObject\",\"inLanguage\":\"ca-ES\",\"@id\":\"https:\\\/\\\/raed.academy\\\/ca\\\/#\\\/schema\\\/logo\\\/image\\\/\",\"url\":\"https:\\\/\\\/raed.academy\\\/wp-content\\\/uploads\\\/2017\\\/01\\\/cropped-logo_raed.png\",\"contentUrl\":\"https:\\\/\\\/raed.academy\\\/wp-content\\\/uploads\\\/2017\\\/01\\\/cropped-logo_raed.png\",\"width\":512,\"height\":512,\"caption\":\"Real Academia Europea de Doctores\"},\"image\":{\"@id\":\"https:\\\/\\\/raed.academy\\\/ca\\\/#\\\/schema\\\/logo\\\/image\\\/\"},\"sameAs\":[\"http:\\\/\\\/fb.me\\\/raed.academy\",\"https:\\\/\\\/x.com\\\/raedacademy\",\"https:\\\/\\\/www.instagram.com\\\/raed.academy\\\/\",\"https:\\\/\\\/www.youtube.com\\\/channel\\\/UCUYQwW2KrdirNWihxMDObwg\"]},{\"@type\":\"Person\",\"@id\":\"https:\\\/\\\/raed.academy\\\/ca\\\/#\\\/schema\\\/person\\\/5a755da80d1d979fd66ba745c8702927\",\"name\":\"RAED\",\"image\":{\"@type\":\"ImageObject\",\"inLanguage\":\"ca-ES\",\"@id\":\"https:\\\/\\\/secure.gravatar.com\\\/avatar\\\/19fdfdc0d67fb9c45714b703a2ac82251c4fcea3637f002ac3c9b74c0183583c?s=96&d=mm&r=g\",\"url\":\"https:\\\/\\\/secure.gravatar.com\\\/avatar\\\/19fdfdc0d67fb9c45714b703a2ac82251c4fcea3637f002ac3c9b74c0183583c?s=96&d=mm&r=g\",\"contentUrl\":\"https:\\\/\\\/secure.gravatar.com\\\/avatar\\\/19fdfdc0d67fb9c45714b703a2ac82251c4fcea3637f002ac3c9b74c0183583c?s=96&d=mm&r=g\",\"caption\":\"RAED\"}}]}<\/script>\n<!-- \/ Yoast SEO plugin. -->","yoast_head_json":{"title":"Les lli\u00e7ons de l'Antiguitat - Reial Acad\u00e8mia Europea de Doctors","description":"Joaqu\u00edn Callabed repr\u00e8n la seva passi\u00f3 per l'Antiguitat Cl\u00e0ssica, als articles \"Las ense\u00f1anzas de Esculapio en Emp\u00faries\" i \"Tras los pasos de Atenea\"","robots":{"index":"index","follow":"follow","max-snippet":"max-snippet:-1","max-image-preview":"max-image-preview:large","max-video-preview":"max-video-preview:-1"},"canonical":"https:\/\/raed.academy\/ca\/les-llicons-de-lantiguitat\/","og_locale":"ca_ES","og_type":"article","og_title":"Les lli\u00e7ons de l'Antiguitat - Reial Acad\u00e8mia Europea de Doctors","og_description":"Joaqu\u00edn Callabed repr\u00e8n la seva passi\u00f3 per l'Antiguitat Cl\u00e0ssica, als articles \"Las ense\u00f1anzas de Esculapio en Emp\u00faries\" i \"Tras los pasos de Atenea\"","og_url":"https:\/\/raed.academy\/ca\/les-llicons-de-lantiguitat\/","og_site_name":"Reial Acad\u00e8mia Europea de Doctors","article_publisher":"http:\/\/fb.me\/raed.academy","article_published_time":"2022-10-20T10:45:48+00:00","article_modified_time":"2022-10-20T13:58:19+00:00","og_image":[{"width":600,"height":360,"url":"https:\/\/raed.academy\/wp-content\/uploads\/2022\/10\/partenon-antigua-Grecia-licencia-pixabay.com-no-atrib.webp","type":"image\/webp"}],"author":"RAED","twitter_card":"summary_large_image","twitter_creator":"@raedacademy","twitter_site":"@raedacademy","twitter_misc":{"Written by":"RAED","Est. reading time":"3 minutes"},"schema":{"@context":"https:\/\/schema.org","@graph":[{"@type":"Article","@id":"https:\/\/raed.academy\/ca\/les-llicons-de-lantiguitat\/#article","isPartOf":{"@id":"https:\/\/raed.academy\/ca\/les-llicons-de-lantiguitat\/"},"author":{"name":"RAED","@id":"https:\/\/raed.academy\/ca\/#\/schema\/person\/5a755da80d1d979fd66ba745c8702927"},"headline":"Les lli\u00e7ons de l&#8217;Antiguitat","datePublished":"2022-10-20T10:45:48+00:00","dateModified":"2022-10-20T13:58:19+00:00","mainEntityOfPage":{"@id":"https:\/\/raed.academy\/ca\/les-llicons-de-lantiguitat\/"},"wordCount":617,"publisher":{"@id":"https:\/\/raed.academy\/ca\/#organization"},"image":{"@id":"https:\/\/raed.academy\/ca\/les-llicons-de-lantiguitat\/#primaryimage"},"thumbnailUrl":"https:\/\/raed.academy\/wp-content\/uploads\/2022\/10\/partenon-antigua-Grecia-licencia-pixabay.com-no-atrib.webp","articleSection":["Art","Ci\u00e8ncies de la salut","Hist\u00f2ria","Hist\u00f2ria de l'art i patrimoni cultural","Medicina i cirurgia"],"inLanguage":"ca-ES"},{"@type":"WebPage","@id":"https:\/\/raed.academy\/ca\/les-llicons-de-lantiguitat\/","url":"https:\/\/raed.academy\/ca\/les-llicons-de-lantiguitat\/","name":"Les lli\u00e7ons de l'Antiguitat - Reial Acad\u00e8mia Europea de Doctors","isPartOf":{"@id":"https:\/\/raed.academy\/ca\/#website"},"primaryImageOfPage":{"@id":"https:\/\/raed.academy\/ca\/les-llicons-de-lantiguitat\/#primaryimage"},"image":{"@id":"https:\/\/raed.academy\/ca\/les-llicons-de-lantiguitat\/#primaryimage"},"thumbnailUrl":"https:\/\/raed.academy\/wp-content\/uploads\/2022\/10\/partenon-antigua-Grecia-licencia-pixabay.com-no-atrib.webp","datePublished":"2022-10-20T10:45:48+00:00","dateModified":"2022-10-20T13:58:19+00:00","description":"Joaqu\u00edn Callabed repr\u00e8n la seva passi\u00f3 per l'Antiguitat Cl\u00e0ssica, als articles \"Las ense\u00f1anzas de Esculapio en Emp\u00faries\" i \"Tras los pasos de Atenea\"","breadcrumb":{"@id":"https:\/\/raed.academy\/ca\/les-llicons-de-lantiguitat\/#breadcrumb"},"inLanguage":"ca-ES","potentialAction":[{"@type":"ReadAction","target":["https:\/\/raed.academy\/ca\/les-llicons-de-lantiguitat\/"]}]},{"@type":"ImageObject","inLanguage":"ca-ES","@id":"https:\/\/raed.academy\/ca\/les-llicons-de-lantiguitat\/#primaryimage","url":"https:\/\/raed.academy\/wp-content\/uploads\/2022\/10\/partenon-antigua-Grecia-licencia-pixabay.com-no-atrib.webp","contentUrl":"https:\/\/raed.academy\/wp-content\/uploads\/2022\/10\/partenon-antigua-Grecia-licencia-pixabay.com-no-atrib.webp","width":600,"height":360,"caption":"Parten\u00f3n de la antigua Grecia. Cedida por pixabay.com"},{"@type":"BreadcrumbList","@id":"https:\/\/raed.academy\/ca\/les-llicons-de-lantiguitat\/#breadcrumb","itemListElement":[{"@type":"ListItem","position":1,"name":"Inicio","item":"https:\/\/raed.academy\/ca\/"},{"@type":"ListItem","position":2,"name":"Les lli\u00e7ons de l&#8217;Antiguitat"}]},{"@type":"WebSite","@id":"https:\/\/raed.academy\/ca\/#website","url":"https:\/\/raed.academy\/ca\/","name":"Reial Acad\u00e8mia Europea de Doctors","description":"Corporaci\u00f3n de derecho p\u00fablico de car\u00e1cter cient\u00edfico, t\u00e9cnico y art\u00edstico, que tiene por objeto la investigaci\u00f3n, el estudio, el fomento y la extensi\u00f3n del conocimiento en su sentido m\u00e1s amplio","publisher":{"@id":"https:\/\/raed.academy\/ca\/#organization"},"potentialAction":[{"@type":"SearchAction","target":{"@type":"EntryPoint","urlTemplate":"https:\/\/raed.academy\/ca\/?s={search_term_string}"},"query-input":{"@type":"PropertyValueSpecification","valueRequired":true,"valueName":"search_term_string"}}],"inLanguage":"ca-ES"},{"@type":"Organization","@id":"https:\/\/raed.academy\/ca\/#organization","name":"Real Academia Europea de Doctores","url":"https:\/\/raed.academy\/ca\/","logo":{"@type":"ImageObject","inLanguage":"ca-ES","@id":"https:\/\/raed.academy\/ca\/#\/schema\/logo\/image\/","url":"https:\/\/raed.academy\/wp-content\/uploads\/2017\/01\/cropped-logo_raed.png","contentUrl":"https:\/\/raed.academy\/wp-content\/uploads\/2017\/01\/cropped-logo_raed.png","width":512,"height":512,"caption":"Real Academia Europea de Doctores"},"image":{"@id":"https:\/\/raed.academy\/ca\/#\/schema\/logo\/image\/"},"sameAs":["http:\/\/fb.me\/raed.academy","https:\/\/x.com\/raedacademy","https:\/\/www.instagram.com\/raed.academy\/","https:\/\/www.youtube.com\/channel\/UCUYQwW2KrdirNWihxMDObwg"]},{"@type":"Person","@id":"https:\/\/raed.academy\/ca\/#\/schema\/person\/5a755da80d1d979fd66ba745c8702927","name":"RAED","image":{"@type":"ImageObject","inLanguage":"ca-ES","@id":"https:\/\/secure.gravatar.com\/avatar\/19fdfdc0d67fb9c45714b703a2ac82251c4fcea3637f002ac3c9b74c0183583c?s=96&d=mm&r=g","url":"https:\/\/secure.gravatar.com\/avatar\/19fdfdc0d67fb9c45714b703a2ac82251c4fcea3637f002ac3c9b74c0183583c?s=96&d=mm&r=g","contentUrl":"https:\/\/secure.gravatar.com\/avatar\/19fdfdc0d67fb9c45714b703a2ac82251c4fcea3637f002ac3c9b74c0183583c?s=96&d=mm&r=g","caption":"RAED"}}]}},"_links":{"self":[{"href":"https:\/\/raed.academy\/ca\/wp-json\/wp\/v2\/posts\/123596","targetHints":{"allow":["GET"]}}],"collection":[{"href":"https:\/\/raed.academy\/ca\/wp-json\/wp\/v2\/posts"}],"about":[{"href":"https:\/\/raed.academy\/ca\/wp-json\/wp\/v2\/types\/post"}],"author":[{"embeddable":true,"href":"https:\/\/raed.academy\/ca\/wp-json\/wp\/v2\/users\/12"}],"replies":[{"embeddable":true,"href":"https:\/\/raed.academy\/ca\/wp-json\/wp\/v2\/comments?post=123596"}],"version-history":[{"count":0,"href":"https:\/\/raed.academy\/ca\/wp-json\/wp\/v2\/posts\/123596\/revisions"}],"wp:featuredmedia":[{"embeddable":true,"href":"https:\/\/raed.academy\/ca\/wp-json\/wp\/v2\/media\/123507"}],"wp:attachment":[{"href":"https:\/\/raed.academy\/ca\/wp-json\/wp\/v2\/media?parent=123596"}],"wp:term":[{"taxonomy":"category","embeddable":true,"href":"https:\/\/raed.academy\/ca\/wp-json\/wp\/v2\/categories?post=123596"},{"taxonomy":"post_tag","embeddable":true,"href":"https:\/\/raed.academy\/ca\/wp-json\/wp\/v2\/tags?post=123596"}],"curies":[{"name":"wp","href":"https:\/\/api.w.org\/{rel}","templated":true}]}}