{"id":123080,"date":"2022-10-07T08:49:03","date_gmt":"2022-10-07T08:49:03","guid":{"rendered":"https:\/\/raed.academy\/?p=123080"},"modified":"2022-10-08T08:40:23","modified_gmt":"2022-10-08T08:40:23","slug":"la-veritat-sobre-els-nadons-robats","status":"publish","type":"post","link":"https:\/\/raed.academy\/ca\/la-veritat-sobre-els-nadons-robats\/","title":{"rendered":"La veritat sobre els nadons robats"},"content":{"rendered":"<p><iframe loading=\"lazy\" title=\"Ponencia sobre los bebes robados, por Santiago Castella\" src=\"https:\/\/www.youtube.com\/embed\/fNWl_HsQ-yE\" width=\"1167\" height=\"636\" frameborder=\"0\" allowfullscreen=\"allowfullscreen\"><\/iframe><\/p>\n<p>El senador <a href=\"https:\/\/raed.academy\/ca\/academics\/dr-santiago-jose-castella-surribas\/\" target=\"_blank\" rel=\"noopener\"><em><strong>Santiago Castell\u00e0<\/strong><\/em><\/a>, director de la <strong>C\u00e0tedra Tarragona Smart Mediterranean City<\/strong> i del <strong>M\u00e0ster d&#8217;Smart City Managenent<\/strong> de <strong>Zigurat-Universitat de Barcelona<\/strong>, \u200b\u200bdirector cient\u00edfic de l&#8217;<strong>Observatori de les Desaparicions For\u00e7ades de Menors<\/strong>, secretari general de la <strong>Fundaci\u00f3 Pro Reial Acad\u00e8mia Europea de Doctors<\/strong> i acad\u00e8mic de n\u00famero de la <strong>Reial Acad\u00e8mia Europea de Doctors-Barcelona 1914<\/strong> (RAED), lidera la pon\u00e8ncia presentada pel <strong>Grup Socialista<\/strong> al <strong>Senat<\/strong>, i que compta amb el suport del <strong>Grup Popular<\/strong>, per investigar la sostracci\u00f3 de nadons durant el franquisme, per tal d&#8217;aclarir els fets i ajudar les v\u00edctimes a obtenir &#8220;veritat, reparaci\u00f3 i just\u00edcia&#8221;.<\/p>\n<p>Abans de la defensa de la pon\u00e8ncia, <strong>Castell\u00e0<\/strong> va destacar que investigar i saber la veritat d&#8217;aquest fenomen \u00e9s un dels deutes encara pendents de la transici\u00f3. &#8220;Milers de nenes i nens van ser robats durant el franquisme i els primers anys de la democr\u00e0cia. Amb aquesta pon\u00e8ncia estudiarem tots els mitjans per con\u00e8ixer la veritat, reparar els danys i facilitar retrobaments. \u00c9s un deute que la democr\u00e0cia t\u00e9 amb les v\u00edctimes que, fins avui, han patit i lluitat en solitari&#8221;, va subratllar.<\/p>\n<p><img loading=\"lazy\" decoding=\"async\" class=\"alignleft wp-image-123069\" src=\"https:\/\/raed.academy\/wp-content\/uploads\/2022\/10\/bebes-robados-sustraccion-recien-nacidos.webp\" alt=\"\" width=\"389\" height=\"192\" \/>Per al senador, el dret penal no \u00e9s suficient per al que les v\u00edctimes demanen en aquests casos. De fet, tots els casos que han arribat als tribunals han estat arxivats. &#8220;S\u00f3n uns fets que han estat amagats durant anys. Avui hi ha ciutadans i ciutadanes que desconeixen els seus or\u00edgens perqu\u00e8 van ser v\u00edctimes d&#8217;aquestes desaparicions for\u00e7oses, persones que no tenen una hist\u00f2ria biol\u00f2gica. No nom\u00e9s es demana el c\u00e0stig als responsables, sin\u00f3 con\u00e8ixer una veritat, que fins ara se&#8217;ls ha negat, una reparaci\u00f3 m\u00e9s de tall vital que penal, i garantia de no repetici\u00f3. Les persones que van ser sostretes tenen dret a con\u00e8ixer la seva filiaci\u00f3 biol\u00f2gica&#8221;, va afegir.<\/p>\n<p>Doctor en Dret Internacional P\u00fablic per la <strong>Universitat de Barcelona<\/strong>, <strong>\u200b\u200bCastell\u00e0<\/strong> ha exercit durant 25 anys com a professor del Departament de Dret P\u00fablic de la <strong>Universitat Rovira i Virgili<\/strong>, universitat on tamb\u00e9 ha estat deg\u00e0 de la Facultat de Ci\u00e8ncies Jur\u00eddiques, vicerector de Relacions Externes i Internacionals, director del <strong>M\u00e0ster de Dret Ambiental<\/strong>, del <strong>M\u00e0ster en Gesti\u00f3 Global de la Immigraci\u00f3<\/strong>, del <strong>M\u00e0ster en Cooperaci\u00f3 Internacional al Desenvolupament<\/strong> i del <strong>M\u00e0ster en Just\u00edcia Penal Internacional<\/strong>. Actualment, combina la seva responsabilitat com a director de la C\u00e0tedra Tarragona Smart Mediterranean City amb la direcci\u00f3 del M\u00e0ster de Smart City Managenent de Zigurat-Universitat de Barcelona.<\/p>\n<p>&nbsp;<\/p>\n<div id=\"attachment_123065\" style=\"width: 810px\" class=\"wp-caption aligncenter\"><img loading=\"lazy\" decoding=\"async\" aria-describedby=\"caption-attachment-123065\" class=\"wp-image-123065 size-full\" src=\"https:\/\/raed.academy\/wp-content\/uploads\/2022\/10\/Ninos-de-padres-republicanos-wikimedia.org-CCBYSA_3.0.webp\" alt=\"Nens de pares republicans en una foto abans d'exiliar-se a diversos pa\u00efsos del m\u00f3n. Per\" width=\"800\" height=\"640\" srcset=\"https:\/\/raed.academy\/wp-content\/uploads\/2022\/10\/Ninos-de-padres-republicanos-wikimedia.org-CCBYSA_3.0.webp 800w, https:\/\/raed.academy\/wp-content\/uploads\/2022\/10\/Ninos-de-padres-republicanos-wikimedia.org-CCBYSA_3.0-768x614.webp 768w\" sizes=\"(max-width: 800px) 100vw, 800px\" \/><p id=\"caption-attachment-123065\" class=\"wp-caption-text\">Nens de pares republicans en una foto abans d&#8217;exiliar-se a diversos pa\u00efsos del m\u00f3n. Per <a title=\"Special:Contributions\/Locospotter\" href=\"\/\/commons.wikimedia.org\/wiki\/Special:Contributions\/Locospotter\">Locospotter<\/a>, <a title=\"Creative Commons Attribution-Share Alike 3.0\" href=\"https:\/\/creativecommons.org\/licenses\/by-sa\/3.0\">CC BY-SA 3.0<\/a>, <a href=\"https:\/\/commons.wikimedia.org\/w\/index.php?curid=5855831\">Enlla\u00e7<\/a><\/p><\/div>\n","protected":false},"excerpt":{"rendered":"<p>Milers de nens\/es van ser robats durant el franquisme i els primers anys de la democr\u00e0cia. Santiago Castell\u00e0 lidera aquesta pon\u00e8ncia sobre la seva investigaci\u00f3, a fi d&#8217;aclarir els fets i ajudar les v\u00edctimes a obtenir &#8220;veritat, reparaci\u00f3 i just\u00edcia&#8221;<\/p>\n","protected":false},"author":12,"featured_media":123070,"comment_status":"closed","ping_status":"closed","sticky":false,"template":"","format":"standard","meta":{"_et_pb_use_builder":"","_et_pb_old_content":"","_et_gb_content_width":"","footnotes":""},"categories":[225,242,404],"tags":[],"class_list":["post-123080","post","type-post","status-publish","format-standard","has-post-thumbnail","hentry","category-dret","category-categ-historia","category-historia-nacional-ca","et-has-post-format-content","et_post_format-et-post-format-standard"],"yoast_head":"<!-- This site is optimized with the Yoast SEO plugin v27.4 - https:\/\/yoast.com\/product\/yoast-seo-wordpress\/ -->\n<title>La veritat sobre els nadons robats - Reial Acad\u00e8mia Europea de Doctors<\/title>\n<meta name=\"description\" content=\"Milers de nens\/es van ser robats durant el franquisme i els primers anys de la democr\u00e0cia. Santiago Castell\u00e0 lidera aquesta pon\u00e8ncia sobre la seva investigaci\u00f3\" \/>\n<meta name=\"robots\" content=\"index, follow, max-snippet:-1, max-image-preview:large, max-video-preview:-1\" \/>\n<link rel=\"canonical\" href=\"https:\/\/raed.academy\/ca\/la-veritat-sobre-els-nadons-robats\/\" \/>\n<meta property=\"og:locale\" content=\"ca_ES\" \/>\n<meta property=\"og:type\" content=\"article\" \/>\n<meta property=\"og:title\" content=\"La veritat sobre els nadons robats - Reial Acad\u00e8mia Europea de Doctors\" \/>\n<meta property=\"og:description\" content=\"Milers de nens\/es van ser robats durant el franquisme i els primers anys de la democr\u00e0cia. Santiago Castell\u00e0 lidera aquesta pon\u00e8ncia sobre la seva investigaci\u00f3\" \/>\n<meta property=\"og:url\" content=\"https:\/\/raed.academy\/ca\/la-veritat-sobre-els-nadons-robats\/\" \/>\n<meta property=\"og:site_name\" content=\"Reial Acad\u00e8mia Europea de Doctors\" \/>\n<meta property=\"article:publisher\" content=\"http:\/\/fb.me\/raed.academy\" \/>\n<meta property=\"article:published_time\" content=\"2022-10-07T08:49:03+00:00\" \/>\n<meta property=\"article:modified_time\" content=\"2022-10-08T08:40:23+00:00\" \/>\n<meta property=\"og:image\" content=\"https:\/\/raed.academy\/wp-content\/uploads\/2022\/10\/bebes-robados-sustraccion-recien-nacidos.webp\" \/>\n\t<meta property=\"og:image:width\" content=\"600\" \/>\n\t<meta property=\"og:image:height\" content=\"296\" \/>\n\t<meta property=\"og:image:type\" content=\"image\/webp\" \/>\n<meta name=\"author\" content=\"RAED\" \/>\n<meta name=\"twitter:card\" content=\"summary_large_image\" \/>\n<meta name=\"twitter:creator\" content=\"@raedacademy\" \/>\n<meta name=\"twitter:site\" content=\"@raedacademy\" \/>\n<meta name=\"twitter:label1\" content=\"Written by\" \/>\n\t<meta name=\"twitter:data1\" content=\"RAED\" \/>\n\t<meta name=\"twitter:label2\" content=\"Est. reading time\" \/>\n\t<meta name=\"twitter:data2\" content=\"3 minutes\" \/>\n<script type=\"application\/ld+json\" class=\"yoast-schema-graph\">{\"@context\":\"https:\\\/\\\/schema.org\",\"@graph\":[{\"@type\":\"Article\",\"@id\":\"https:\\\/\\\/raed.academy\\\/ca\\\/la-veritat-sobre-els-nadons-robats\\\/#article\",\"isPartOf\":{\"@id\":\"https:\\\/\\\/raed.academy\\\/ca\\\/la-veritat-sobre-els-nadons-robats\\\/\"},\"author\":{\"name\":\"RAED\",\"@id\":\"https:\\\/\\\/raed.academy\\\/ca\\\/#\\\/schema\\\/person\\\/5a755da80d1d979fd66ba745c8702927\"},\"headline\":\"La veritat sobre els nadons robats\",\"datePublished\":\"2022-10-07T08:49:03+00:00\",\"dateModified\":\"2022-10-08T08:40:23+00:00\",\"mainEntityOfPage\":{\"@id\":\"https:\\\/\\\/raed.academy\\\/ca\\\/la-veritat-sobre-els-nadons-robats\\\/\"},\"wordCount\":478,\"publisher\":{\"@id\":\"https:\\\/\\\/raed.academy\\\/ca\\\/#organization\"},\"image\":{\"@id\":\"https:\\\/\\\/raed.academy\\\/ca\\\/la-veritat-sobre-els-nadons-robats\\\/#primaryimage\"},\"thumbnailUrl\":\"https:\\\/\\\/raed.academy\\\/wp-content\\\/uploads\\\/2022\\\/10\\\/bebes-robados-sustraccion-recien-nacidos.webp\",\"articleSection\":[\"Dret\",\"Hist\u00f2ria\",\"Hist\u00f2ria nacional\"],\"inLanguage\":\"ca-ES\"},{\"@type\":\"WebPage\",\"@id\":\"https:\\\/\\\/raed.academy\\\/ca\\\/la-veritat-sobre-els-nadons-robats\\\/\",\"url\":\"https:\\\/\\\/raed.academy\\\/ca\\\/la-veritat-sobre-els-nadons-robats\\\/\",\"name\":\"La veritat sobre els nadons robats - Reial Acad\u00e8mia Europea de Doctors\",\"isPartOf\":{\"@id\":\"https:\\\/\\\/raed.academy\\\/ca\\\/#website\"},\"primaryImageOfPage\":{\"@id\":\"https:\\\/\\\/raed.academy\\\/ca\\\/la-veritat-sobre-els-nadons-robats\\\/#primaryimage\"},\"image\":{\"@id\":\"https:\\\/\\\/raed.academy\\\/ca\\\/la-veritat-sobre-els-nadons-robats\\\/#primaryimage\"},\"thumbnailUrl\":\"https:\\\/\\\/raed.academy\\\/wp-content\\\/uploads\\\/2022\\\/10\\\/bebes-robados-sustraccion-recien-nacidos.webp\",\"datePublished\":\"2022-10-07T08:49:03+00:00\",\"dateModified\":\"2022-10-08T08:40:23+00:00\",\"description\":\"Milers de nens\\\/es van ser robats durant el franquisme i els primers anys de la democr\u00e0cia. Santiago Castell\u00e0 lidera aquesta pon\u00e8ncia sobre la seva investigaci\u00f3\",\"breadcrumb\":{\"@id\":\"https:\\\/\\\/raed.academy\\\/ca\\\/la-veritat-sobre-els-nadons-robats\\\/#breadcrumb\"},\"inLanguage\":\"ca-ES\",\"potentialAction\":[{\"@type\":\"ReadAction\",\"target\":[\"https:\\\/\\\/raed.academy\\\/ca\\\/la-veritat-sobre-els-nadons-robats\\\/\"]}]},{\"@type\":\"ImageObject\",\"inLanguage\":\"ca-ES\",\"@id\":\"https:\\\/\\\/raed.academy\\\/ca\\\/la-veritat-sobre-els-nadons-robats\\\/#primaryimage\",\"url\":\"https:\\\/\\\/raed.academy\\\/wp-content\\\/uploads\\\/2022\\\/10\\\/bebes-robados-sustraccion-recien-nacidos.webp\",\"contentUrl\":\"https:\\\/\\\/raed.academy\\\/wp-content\\\/uploads\\\/2022\\\/10\\\/bebes-robados-sustraccion-recien-nacidos.webp\",\"width\":600,\"height\":296},{\"@type\":\"BreadcrumbList\",\"@id\":\"https:\\\/\\\/raed.academy\\\/ca\\\/la-veritat-sobre-els-nadons-robats\\\/#breadcrumb\",\"itemListElement\":[{\"@type\":\"ListItem\",\"position\":1,\"name\":\"Inicio\",\"item\":\"https:\\\/\\\/raed.academy\\\/ca\\\/\"},{\"@type\":\"ListItem\",\"position\":2,\"name\":\"La veritat sobre els nadons robats\"}]},{\"@type\":\"WebSite\",\"@id\":\"https:\\\/\\\/raed.academy\\\/ca\\\/#website\",\"url\":\"https:\\\/\\\/raed.academy\\\/ca\\\/\",\"name\":\"Reial Acad\u00e8mia Europea de Doctors\",\"description\":\"Corporaci\u00f3n de derecho p\u00fablico de car\u00e1cter cient\u00edfico, t\u00e9cnico y art\u00edstico, que tiene por objeto la investigaci\u00f3n, el estudio, el fomento y la extensi\u00f3n del conocimiento en su sentido m\u00e1s amplio\",\"publisher\":{\"@id\":\"https:\\\/\\\/raed.academy\\\/ca\\\/#organization\"},\"potentialAction\":[{\"@type\":\"SearchAction\",\"target\":{\"@type\":\"EntryPoint\",\"urlTemplate\":\"https:\\\/\\\/raed.academy\\\/ca\\\/?s={search_term_string}\"},\"query-input\":{\"@type\":\"PropertyValueSpecification\",\"valueRequired\":true,\"valueName\":\"search_term_string\"}}],\"inLanguage\":\"ca-ES\"},{\"@type\":\"Organization\",\"@id\":\"https:\\\/\\\/raed.academy\\\/ca\\\/#organization\",\"name\":\"Real Academia Europea de Doctores\",\"url\":\"https:\\\/\\\/raed.academy\\\/ca\\\/\",\"logo\":{\"@type\":\"ImageObject\",\"inLanguage\":\"ca-ES\",\"@id\":\"https:\\\/\\\/raed.academy\\\/ca\\\/#\\\/schema\\\/logo\\\/image\\\/\",\"url\":\"https:\\\/\\\/raed.academy\\\/wp-content\\\/uploads\\\/2017\\\/01\\\/cropped-logo_raed.png\",\"contentUrl\":\"https:\\\/\\\/raed.academy\\\/wp-content\\\/uploads\\\/2017\\\/01\\\/cropped-logo_raed.png\",\"width\":512,\"height\":512,\"caption\":\"Real Academia Europea de Doctores\"},\"image\":{\"@id\":\"https:\\\/\\\/raed.academy\\\/ca\\\/#\\\/schema\\\/logo\\\/image\\\/\"},\"sameAs\":[\"http:\\\/\\\/fb.me\\\/raed.academy\",\"https:\\\/\\\/x.com\\\/raedacademy\",\"https:\\\/\\\/www.instagram.com\\\/raed.academy\\\/\",\"https:\\\/\\\/www.youtube.com\\\/channel\\\/UCUYQwW2KrdirNWihxMDObwg\"]},{\"@type\":\"Person\",\"@id\":\"https:\\\/\\\/raed.academy\\\/ca\\\/#\\\/schema\\\/person\\\/5a755da80d1d979fd66ba745c8702927\",\"name\":\"RAED\",\"image\":{\"@type\":\"ImageObject\",\"inLanguage\":\"ca-ES\",\"@id\":\"https:\\\/\\\/secure.gravatar.com\\\/avatar\\\/19fdfdc0d67fb9c45714b703a2ac82251c4fcea3637f002ac3c9b74c0183583c?s=96&d=mm&r=g\",\"url\":\"https:\\\/\\\/secure.gravatar.com\\\/avatar\\\/19fdfdc0d67fb9c45714b703a2ac82251c4fcea3637f002ac3c9b74c0183583c?s=96&d=mm&r=g\",\"contentUrl\":\"https:\\\/\\\/secure.gravatar.com\\\/avatar\\\/19fdfdc0d67fb9c45714b703a2ac82251c4fcea3637f002ac3c9b74c0183583c?s=96&d=mm&r=g\",\"caption\":\"RAED\"}}]}<\/script>\n<!-- \/ Yoast SEO plugin. -->","yoast_head_json":{"title":"La veritat sobre els nadons robats - Reial Acad\u00e8mia Europea de Doctors","description":"Milers de nens\/es van ser robats durant el franquisme i els primers anys de la democr\u00e0cia. Santiago Castell\u00e0 lidera aquesta pon\u00e8ncia sobre la seva investigaci\u00f3","robots":{"index":"index","follow":"follow","max-snippet":"max-snippet:-1","max-image-preview":"max-image-preview:large","max-video-preview":"max-video-preview:-1"},"canonical":"https:\/\/raed.academy\/ca\/la-veritat-sobre-els-nadons-robats\/","og_locale":"ca_ES","og_type":"article","og_title":"La veritat sobre els nadons robats - Reial Acad\u00e8mia Europea de Doctors","og_description":"Milers de nens\/es van ser robats durant el franquisme i els primers anys de la democr\u00e0cia. Santiago Castell\u00e0 lidera aquesta pon\u00e8ncia sobre la seva investigaci\u00f3","og_url":"https:\/\/raed.academy\/ca\/la-veritat-sobre-els-nadons-robats\/","og_site_name":"Reial Acad\u00e8mia Europea de Doctors","article_publisher":"http:\/\/fb.me\/raed.academy","article_published_time":"2022-10-07T08:49:03+00:00","article_modified_time":"2022-10-08T08:40:23+00:00","og_image":[{"width":600,"height":296,"url":"https:\/\/raed.academy\/wp-content\/uploads\/2022\/10\/bebes-robados-sustraccion-recien-nacidos.webp","type":"image\/webp"}],"author":"RAED","twitter_card":"summary_large_image","twitter_creator":"@raedacademy","twitter_site":"@raedacademy","twitter_misc":{"Written by":"RAED","Est. reading time":"3 minutes"},"schema":{"@context":"https:\/\/schema.org","@graph":[{"@type":"Article","@id":"https:\/\/raed.academy\/ca\/la-veritat-sobre-els-nadons-robats\/#article","isPartOf":{"@id":"https:\/\/raed.academy\/ca\/la-veritat-sobre-els-nadons-robats\/"},"author":{"name":"RAED","@id":"https:\/\/raed.academy\/ca\/#\/schema\/person\/5a755da80d1d979fd66ba745c8702927"},"headline":"La veritat sobre els nadons robats","datePublished":"2022-10-07T08:49:03+00:00","dateModified":"2022-10-08T08:40:23+00:00","mainEntityOfPage":{"@id":"https:\/\/raed.academy\/ca\/la-veritat-sobre-els-nadons-robats\/"},"wordCount":478,"publisher":{"@id":"https:\/\/raed.academy\/ca\/#organization"},"image":{"@id":"https:\/\/raed.academy\/ca\/la-veritat-sobre-els-nadons-robats\/#primaryimage"},"thumbnailUrl":"https:\/\/raed.academy\/wp-content\/uploads\/2022\/10\/bebes-robados-sustraccion-recien-nacidos.webp","articleSection":["Dret","Hist\u00f2ria","Hist\u00f2ria nacional"],"inLanguage":"ca-ES"},{"@type":"WebPage","@id":"https:\/\/raed.academy\/ca\/la-veritat-sobre-els-nadons-robats\/","url":"https:\/\/raed.academy\/ca\/la-veritat-sobre-els-nadons-robats\/","name":"La veritat sobre els nadons robats - Reial Acad\u00e8mia Europea de Doctors","isPartOf":{"@id":"https:\/\/raed.academy\/ca\/#website"},"primaryImageOfPage":{"@id":"https:\/\/raed.academy\/ca\/la-veritat-sobre-els-nadons-robats\/#primaryimage"},"image":{"@id":"https:\/\/raed.academy\/ca\/la-veritat-sobre-els-nadons-robats\/#primaryimage"},"thumbnailUrl":"https:\/\/raed.academy\/wp-content\/uploads\/2022\/10\/bebes-robados-sustraccion-recien-nacidos.webp","datePublished":"2022-10-07T08:49:03+00:00","dateModified":"2022-10-08T08:40:23+00:00","description":"Milers de nens\/es van ser robats durant el franquisme i els primers anys de la democr\u00e0cia. Santiago Castell\u00e0 lidera aquesta pon\u00e8ncia sobre la seva investigaci\u00f3","breadcrumb":{"@id":"https:\/\/raed.academy\/ca\/la-veritat-sobre-els-nadons-robats\/#breadcrumb"},"inLanguage":"ca-ES","potentialAction":[{"@type":"ReadAction","target":["https:\/\/raed.academy\/ca\/la-veritat-sobre-els-nadons-robats\/"]}]},{"@type":"ImageObject","inLanguage":"ca-ES","@id":"https:\/\/raed.academy\/ca\/la-veritat-sobre-els-nadons-robats\/#primaryimage","url":"https:\/\/raed.academy\/wp-content\/uploads\/2022\/10\/bebes-robados-sustraccion-recien-nacidos.webp","contentUrl":"https:\/\/raed.academy\/wp-content\/uploads\/2022\/10\/bebes-robados-sustraccion-recien-nacidos.webp","width":600,"height":296},{"@type":"BreadcrumbList","@id":"https:\/\/raed.academy\/ca\/la-veritat-sobre-els-nadons-robats\/#breadcrumb","itemListElement":[{"@type":"ListItem","position":1,"name":"Inicio","item":"https:\/\/raed.academy\/ca\/"},{"@type":"ListItem","position":2,"name":"La veritat sobre els nadons robats"}]},{"@type":"WebSite","@id":"https:\/\/raed.academy\/ca\/#website","url":"https:\/\/raed.academy\/ca\/","name":"Reial Acad\u00e8mia Europea de Doctors","description":"Corporaci\u00f3n de derecho p\u00fablico de car\u00e1cter cient\u00edfico, t\u00e9cnico y art\u00edstico, que tiene por objeto la investigaci\u00f3n, el estudio, el fomento y la extensi\u00f3n del conocimiento en su sentido m\u00e1s amplio","publisher":{"@id":"https:\/\/raed.academy\/ca\/#organization"},"potentialAction":[{"@type":"SearchAction","target":{"@type":"EntryPoint","urlTemplate":"https:\/\/raed.academy\/ca\/?s={search_term_string}"},"query-input":{"@type":"PropertyValueSpecification","valueRequired":true,"valueName":"search_term_string"}}],"inLanguage":"ca-ES"},{"@type":"Organization","@id":"https:\/\/raed.academy\/ca\/#organization","name":"Real Academia Europea de Doctores","url":"https:\/\/raed.academy\/ca\/","logo":{"@type":"ImageObject","inLanguage":"ca-ES","@id":"https:\/\/raed.academy\/ca\/#\/schema\/logo\/image\/","url":"https:\/\/raed.academy\/wp-content\/uploads\/2017\/01\/cropped-logo_raed.png","contentUrl":"https:\/\/raed.academy\/wp-content\/uploads\/2017\/01\/cropped-logo_raed.png","width":512,"height":512,"caption":"Real Academia Europea de Doctores"},"image":{"@id":"https:\/\/raed.academy\/ca\/#\/schema\/logo\/image\/"},"sameAs":["http:\/\/fb.me\/raed.academy","https:\/\/x.com\/raedacademy","https:\/\/www.instagram.com\/raed.academy\/","https:\/\/www.youtube.com\/channel\/UCUYQwW2KrdirNWihxMDObwg"]},{"@type":"Person","@id":"https:\/\/raed.academy\/ca\/#\/schema\/person\/5a755da80d1d979fd66ba745c8702927","name":"RAED","image":{"@type":"ImageObject","inLanguage":"ca-ES","@id":"https:\/\/secure.gravatar.com\/avatar\/19fdfdc0d67fb9c45714b703a2ac82251c4fcea3637f002ac3c9b74c0183583c?s=96&d=mm&r=g","url":"https:\/\/secure.gravatar.com\/avatar\/19fdfdc0d67fb9c45714b703a2ac82251c4fcea3637f002ac3c9b74c0183583c?s=96&d=mm&r=g","contentUrl":"https:\/\/secure.gravatar.com\/avatar\/19fdfdc0d67fb9c45714b703a2ac82251c4fcea3637f002ac3c9b74c0183583c?s=96&d=mm&r=g","caption":"RAED"}}]}},"_links":{"self":[{"href":"https:\/\/raed.academy\/ca\/wp-json\/wp\/v2\/posts\/123080","targetHints":{"allow":["GET"]}}],"collection":[{"href":"https:\/\/raed.academy\/ca\/wp-json\/wp\/v2\/posts"}],"about":[{"href":"https:\/\/raed.academy\/ca\/wp-json\/wp\/v2\/types\/post"}],"author":[{"embeddable":true,"href":"https:\/\/raed.academy\/ca\/wp-json\/wp\/v2\/users\/12"}],"replies":[{"embeddable":true,"href":"https:\/\/raed.academy\/ca\/wp-json\/wp\/v2\/comments?post=123080"}],"version-history":[{"count":0,"href":"https:\/\/raed.academy\/ca\/wp-json\/wp\/v2\/posts\/123080\/revisions"}],"wp:featuredmedia":[{"embeddable":true,"href":"https:\/\/raed.academy\/ca\/wp-json\/wp\/v2\/media\/123070"}],"wp:attachment":[{"href":"https:\/\/raed.academy\/ca\/wp-json\/wp\/v2\/media?parent=123080"}],"wp:term":[{"taxonomy":"category","embeddable":true,"href":"https:\/\/raed.academy\/ca\/wp-json\/wp\/v2\/categories?post=123080"},{"taxonomy":"post_tag","embeddable":true,"href":"https:\/\/raed.academy\/ca\/wp-json\/wp\/v2\/tags?post=123080"}],"curies":[{"name":"wp","href":"https:\/\/api.w.org\/{rel}","templated":true}]}}