{"id":122809,"date":"2022-10-02T21:41:53","date_gmt":"2022-10-02T21:41:53","guid":{"rendered":"https:\/\/raed.academy\/?p=122809"},"modified":"2022-10-04T14:45:57","modified_gmt":"2022-10-04T14:45:57","slug":"educar-es-motivar","status":"publish","type":"post","link":"https:\/\/raed.academy\/ca\/educar-es-motivar\/","title":{"rendered":"Educar \u00e9s motivar"},"content":{"rendered":"<p><img loading=\"lazy\" decoding=\"async\" class=\"alignright size-full wp-image-122880\" src=\"https:\/\/raed.academy\/wp-content\/uploads\/2022\/10\/docencia-educacion-dst.webp\" sizes=\"(max-width: 600px) 100vw, 600px\" srcset=\"https:\/\/raed.academy\/wp-content\/uploads\/2022\/10\/docencia-educacion-dst.webp 600w, https:\/\/raed.academy\/wp-content\/uploads\/2022\/10\/docencia-educacion-dst-440x264.webp 440w\" alt=\"\" width=\"600\" height=\"360\" \/><a href=\"https:\/\/raed.academy\/ca\/academics\/dra-rosalia-arteaga-serrano\/\" target=\"_blank\" rel=\"noopener\"><em><strong>Rosal\u00eda Arteaga<\/strong><\/em><\/a>, expresidenta i exministra d&#8217;Educaci\u00f3 de l&#8217;Equador, presidenta de la <a href=\"https:\/\/www.fidal-amlat.org\/\" target=\"_blank\" rel=\"noopener\"><strong>Fundaci\u00f3 per al Desenvolupament d&#8217;Am\u00e8rica Llatina<\/strong><\/a>, reconeguda activista per l&#8217;educaci\u00f3 i la inf\u00e0ncia i acad\u00e8mica d&#8217;honor i membre del <strong>Senat<\/strong> de la <strong>Reial Acad\u00e8mia Europea de Doctors-Barcelona 1914<\/strong> (RAED), va liderar els passats 28 i 29 de setembre la segona edici\u00f3 de la <a href=\"https:\/\/feriaedu.com.ec\/\" target=\"_blank\" rel=\"noopener\"><strong>Fira edu.com<\/strong><\/a>, que es va celebrar al Palau de Cristall de Guayaquil (Equador) amb la col\u00b7laboraci\u00f3 de les principals institucions educatives del pa\u00eds. La cita va acollir el lliurament dels premis del<strong> XIV Concurs Nacional i IX Iberoameric\u00e0 d&#8217;Excel\u00b7l\u00e8ncia Educativa<\/strong>, que compten amb una important dotaci\u00f3 pressupost\u00e0ria aportada per la <strong>Universitat Internacional de La Rioja<\/strong> (UNIR), <strong>Diners Club<\/strong> i <strong>Unicef<\/strong>.<\/p>\n<p>La cita, de refer\u00e8ncia a la regi\u00f3, va comptar amb la participaci\u00f3 de personalitats que han transformat el m\u00f3n, amb temes i presentacions d&#8217;avantguarda. Segons els seus organitzadors, es tracta d&#8217;establir un punt de trobada per a educadors, empresaris, acad\u00e8mics, psic\u00f2legs, associacions socials i altres professionals per crear una xarxa d&#8217;aprenentatge, evoluci\u00f3 i creixement de les comunitats socials, sota un enfocament d&#8217;ajuda i soluci\u00f3 de problem\u00e0tiques i necessitats a qu\u00e8 s&#8217;enfronta la societat iberoamericana actual, amb la gesti\u00f3 de sistemes tecnol\u00f2gics amables i econ\u00f2mics.<\/p>\n<div id=\"attachment_98745\" style=\"width: 360px\" class=\"wp-caption alignleft\"><img loading=\"lazy\" decoding=\"async\" aria-describedby=\"caption-attachment-98745\" class=\"wp-image-98745 size-full\" src=\"https:\/\/raed.academy\/wp-content\/uploads\/2021\/01\/Rosalia-Arteaga-dstNtc.jpg\" alt=\"Dra. Rosal\u00eda Arteaga\" width=\"350\" height=\"210\" aria-describedby=\"caption-attachment-98745\" \/><p id=\"caption-attachment-98745\" class=\"wp-caption-text\">Dra. Rosal\u00eda Arteaga<\/p><\/div>\n<p>Pel que fa als Premis d&#8217;Excel\u00b7l\u00e8ncia Educativa, estan adre\u00e7ats, en les seves diferents modalitats, a educadors i docents dels nivells d&#8217;educaci\u00f3 inicial, b\u00e0sica i batxillerat; d&#8217;educaci\u00f3 escolaritzada i no escolaritzada, especial i artesanal i dels sistemes d&#8217;educaci\u00f3 intercultural i biling\u00fce que porten a terme la seva tasca en centres p\u00fablics i privats, tant de zones urbanes com rurals. L&#8217;objectiu principal del concurs \u00e9s recon\u00e8ixer els millors educadors de l&#8217;Equador i Iberoam\u00e8rica que contribueixen a millorar la qualitat de l&#8217;educaci\u00f3 i enaltir els alts valors del magisteri. Els projectes han de ser originals, demostrar i documentar-ne la implementaci\u00f3, resultats, seguiment i aspectes rellevants. A m\u00e9s, han de donar suport a la seva creaci\u00f3 amb una investigaci\u00f3 pr\u00e8via en qu\u00e8 s&#8217;evidenci\u00ef la import\u00e0ncia i l&#8217;impacte de la seva proposta, aix\u00ed com demostrar els resultats obtinguts.<\/p>\n<p>La <a href=\"https:\/\/www.fidal-amlat.org\/\" target=\"_blank\" rel=\"noopener\"><strong>Fundaci\u00f3 per al Desenvolupament d&#8217;Am\u00e8rica Llatina<\/strong><\/a> \u00e9s un organisme no governamental que treballa pel desenvolupament nacional i internacional en termes de cooperaci\u00f3. La instituci\u00f3 vol millorar el sistema educatiu nacional i internacional, a trav\u00e9s de l&#8217;apoderament, la capacitaci\u00f3 i el reconeixement de mestres de tots els nivells educatius. A m\u00e9s, mant\u00e9 programes en temes de lideratge, democr\u00e0cia i publicacions.<\/p>\n","protected":false},"excerpt":{"rendered":"<p>Rosal\u00eda Arteaga, expresidenta i exministra d&#8217;Educaci\u00f3 de l&#8217;Equador, lidera la Fira edu.com, que es va celebrar al Palau de Cristall de Guayaquil (Equador) amb la col\u00b7laboraci\u00f3 de les principals institucions educatives del pa\u00eds<\/p>\n","protected":false},"author":12,"featured_media":122881,"comment_status":"closed","ping_status":"closed","sticky":false,"template":"","format":"standard","meta":{"_et_pb_use_builder":"","_et_pb_old_content":"","_et_gb_content_width":"","footnotes":""},"categories":[316],"tags":[],"class_list":["post-122809","post","type-post","status-publish","format-standard","has-post-thumbnail","hentry","category-docencia-ca","et-has-post-format-content","et_post_format-et-post-format-standard"],"yoast_head":"<!-- This site is optimized with the Yoast SEO plugin v27.4 - https:\/\/yoast.com\/product\/yoast-seo-wordpress\/ -->\n<title>Educar \u00e9s motivar - Reial Acad\u00e8mia Europea de Doctors<\/title>\n<meta name=\"description\" content=\"Rosal\u00eda Arteaga, expresidenta de l&#039;Equador, lidera la Fira edu.com, celebrada al Palau de Cristall de Guayaquil (Equador)\" \/>\n<meta name=\"robots\" content=\"index, follow, max-snippet:-1, max-image-preview:large, max-video-preview:-1\" \/>\n<link rel=\"canonical\" href=\"https:\/\/raed.academy\/ca\/educar-es-motivar\/\" \/>\n<meta property=\"og:locale\" content=\"ca_ES\" \/>\n<meta property=\"og:type\" content=\"article\" \/>\n<meta property=\"og:title\" content=\"Educar \u00e9s motivar - Reial Acad\u00e8mia Europea de Doctors\" \/>\n<meta property=\"og:description\" content=\"Rosal\u00eda Arteaga, expresidenta de l&#039;Equador, lidera la Fira edu.com, celebrada al Palau de Cristall de Guayaquil (Equador)\" \/>\n<meta property=\"og:url\" content=\"https:\/\/raed.academy\/ca\/educar-es-motivar\/\" \/>\n<meta property=\"og:site_name\" content=\"Reial Acad\u00e8mia Europea de Doctors\" \/>\n<meta property=\"article:publisher\" content=\"http:\/\/fb.me\/raed.academy\" \/>\n<meta property=\"article:published_time\" content=\"2022-10-02T21:41:53+00:00\" \/>\n<meta property=\"article:modified_time\" content=\"2022-10-04T14:45:57+00:00\" \/>\n<meta property=\"og:image\" content=\"https:\/\/raed.academy\/wp-content\/uploads\/2022\/10\/docencia-educacion-dst.webp\" \/>\n\t<meta property=\"og:image:width\" content=\"600\" \/>\n\t<meta property=\"og:image:height\" content=\"360\" \/>\n\t<meta property=\"og:image:type\" content=\"image\/webp\" \/>\n<meta name=\"author\" content=\"RAED\" \/>\n<meta name=\"twitter:card\" content=\"summary_large_image\" \/>\n<meta name=\"twitter:creator\" content=\"@raedacademy\" \/>\n<meta name=\"twitter:site\" content=\"@raedacademy\" \/>\n<meta name=\"twitter:label1\" content=\"Written by\" \/>\n\t<meta name=\"twitter:data1\" content=\"RAED\" \/>\n\t<meta name=\"twitter:label2\" content=\"Est. reading time\" \/>\n\t<meta name=\"twitter:data2\" content=\"3 minutes\" \/>\n<script type=\"application\/ld+json\" class=\"yoast-schema-graph\">{\"@context\":\"https:\\\/\\\/schema.org\",\"@graph\":[{\"@type\":\"Article\",\"@id\":\"https:\\\/\\\/raed.academy\\\/ca\\\/educar-es-motivar\\\/#article\",\"isPartOf\":{\"@id\":\"https:\\\/\\\/raed.academy\\\/ca\\\/educar-es-motivar\\\/\"},\"author\":{\"name\":\"RAED\",\"@id\":\"https:\\\/\\\/raed.academy\\\/ca\\\/#\\\/schema\\\/person\\\/5a755da80d1d979fd66ba745c8702927\"},\"headline\":\"Educar \u00e9s motivar\",\"datePublished\":\"2022-10-02T21:41:53+00:00\",\"dateModified\":\"2022-10-04T14:45:57+00:00\",\"mainEntityOfPage\":{\"@id\":\"https:\\\/\\\/raed.academy\\\/ca\\\/educar-es-motivar\\\/\"},\"wordCount\":457,\"publisher\":{\"@id\":\"https:\\\/\\\/raed.academy\\\/ca\\\/#organization\"},\"image\":{\"@id\":\"https:\\\/\\\/raed.academy\\\/ca\\\/educar-es-motivar\\\/#primaryimage\"},\"thumbnailUrl\":\"https:\\\/\\\/raed.academy\\\/wp-content\\\/uploads\\\/2022\\\/10\\\/docencia-educacion-dst.webp\",\"articleSection\":[\"Doc\u00e8ncia\"],\"inLanguage\":\"ca-ES\"},{\"@type\":\"WebPage\",\"@id\":\"https:\\\/\\\/raed.academy\\\/ca\\\/educar-es-motivar\\\/\",\"url\":\"https:\\\/\\\/raed.academy\\\/ca\\\/educar-es-motivar\\\/\",\"name\":\"Educar \u00e9s motivar - Reial Acad\u00e8mia Europea de Doctors\",\"isPartOf\":{\"@id\":\"https:\\\/\\\/raed.academy\\\/ca\\\/#website\"},\"primaryImageOfPage\":{\"@id\":\"https:\\\/\\\/raed.academy\\\/ca\\\/educar-es-motivar\\\/#primaryimage\"},\"image\":{\"@id\":\"https:\\\/\\\/raed.academy\\\/ca\\\/educar-es-motivar\\\/#primaryimage\"},\"thumbnailUrl\":\"https:\\\/\\\/raed.academy\\\/wp-content\\\/uploads\\\/2022\\\/10\\\/docencia-educacion-dst.webp\",\"datePublished\":\"2022-10-02T21:41:53+00:00\",\"dateModified\":\"2022-10-04T14:45:57+00:00\",\"description\":\"Rosal\u00eda Arteaga, expresidenta de l'Equador, lidera la Fira edu.com, celebrada al Palau de Cristall de Guayaquil (Equador)\",\"breadcrumb\":{\"@id\":\"https:\\\/\\\/raed.academy\\\/ca\\\/educar-es-motivar\\\/#breadcrumb\"},\"inLanguage\":\"ca-ES\",\"potentialAction\":[{\"@type\":\"ReadAction\",\"target\":[\"https:\\\/\\\/raed.academy\\\/ca\\\/educar-es-motivar\\\/\"]}]},{\"@type\":\"ImageObject\",\"inLanguage\":\"ca-ES\",\"@id\":\"https:\\\/\\\/raed.academy\\\/ca\\\/educar-es-motivar\\\/#primaryimage\",\"url\":\"https:\\\/\\\/raed.academy\\\/wp-content\\\/uploads\\\/2022\\\/10\\\/docencia-educacion-dst.webp\",\"contentUrl\":\"https:\\\/\\\/raed.academy\\\/wp-content\\\/uploads\\\/2022\\\/10\\\/docencia-educacion-dst.webp\",\"width\":600,\"height\":360},{\"@type\":\"BreadcrumbList\",\"@id\":\"https:\\\/\\\/raed.academy\\\/ca\\\/educar-es-motivar\\\/#breadcrumb\",\"itemListElement\":[{\"@type\":\"ListItem\",\"position\":1,\"name\":\"Inicio\",\"item\":\"https:\\\/\\\/raed.academy\\\/ca\\\/\"},{\"@type\":\"ListItem\",\"position\":2,\"name\":\"Educar \u00e9s motivar\"}]},{\"@type\":\"WebSite\",\"@id\":\"https:\\\/\\\/raed.academy\\\/ca\\\/#website\",\"url\":\"https:\\\/\\\/raed.academy\\\/ca\\\/\",\"name\":\"Reial Acad\u00e8mia Europea de Doctors\",\"description\":\"Corporaci\u00f3n de derecho p\u00fablico de car\u00e1cter cient\u00edfico, t\u00e9cnico y art\u00edstico, que tiene por objeto la investigaci\u00f3n, el estudio, el fomento y la extensi\u00f3n del conocimiento en su sentido m\u00e1s amplio\",\"publisher\":{\"@id\":\"https:\\\/\\\/raed.academy\\\/ca\\\/#organization\"},\"potentialAction\":[{\"@type\":\"SearchAction\",\"target\":{\"@type\":\"EntryPoint\",\"urlTemplate\":\"https:\\\/\\\/raed.academy\\\/ca\\\/?s={search_term_string}\"},\"query-input\":{\"@type\":\"PropertyValueSpecification\",\"valueRequired\":true,\"valueName\":\"search_term_string\"}}],\"inLanguage\":\"ca-ES\"},{\"@type\":\"Organization\",\"@id\":\"https:\\\/\\\/raed.academy\\\/ca\\\/#organization\",\"name\":\"Real Academia Europea de Doctores\",\"url\":\"https:\\\/\\\/raed.academy\\\/ca\\\/\",\"logo\":{\"@type\":\"ImageObject\",\"inLanguage\":\"ca-ES\",\"@id\":\"https:\\\/\\\/raed.academy\\\/ca\\\/#\\\/schema\\\/logo\\\/image\\\/\",\"url\":\"https:\\\/\\\/raed.academy\\\/wp-content\\\/uploads\\\/2017\\\/01\\\/cropped-logo_raed.png\",\"contentUrl\":\"https:\\\/\\\/raed.academy\\\/wp-content\\\/uploads\\\/2017\\\/01\\\/cropped-logo_raed.png\",\"width\":512,\"height\":512,\"caption\":\"Real Academia Europea de Doctores\"},\"image\":{\"@id\":\"https:\\\/\\\/raed.academy\\\/ca\\\/#\\\/schema\\\/logo\\\/image\\\/\"},\"sameAs\":[\"http:\\\/\\\/fb.me\\\/raed.academy\",\"https:\\\/\\\/x.com\\\/raedacademy\",\"https:\\\/\\\/www.instagram.com\\\/raed.academy\\\/\",\"https:\\\/\\\/www.youtube.com\\\/channel\\\/UCUYQwW2KrdirNWihxMDObwg\"]},{\"@type\":\"Person\",\"@id\":\"https:\\\/\\\/raed.academy\\\/ca\\\/#\\\/schema\\\/person\\\/5a755da80d1d979fd66ba745c8702927\",\"name\":\"RAED\",\"image\":{\"@type\":\"ImageObject\",\"inLanguage\":\"ca-ES\",\"@id\":\"https:\\\/\\\/secure.gravatar.com\\\/avatar\\\/19fdfdc0d67fb9c45714b703a2ac82251c4fcea3637f002ac3c9b74c0183583c?s=96&d=mm&r=g\",\"url\":\"https:\\\/\\\/secure.gravatar.com\\\/avatar\\\/19fdfdc0d67fb9c45714b703a2ac82251c4fcea3637f002ac3c9b74c0183583c?s=96&d=mm&r=g\",\"contentUrl\":\"https:\\\/\\\/secure.gravatar.com\\\/avatar\\\/19fdfdc0d67fb9c45714b703a2ac82251c4fcea3637f002ac3c9b74c0183583c?s=96&d=mm&r=g\",\"caption\":\"RAED\"}}]}<\/script>\n<!-- \/ Yoast SEO plugin. -->","yoast_head_json":{"title":"Educar \u00e9s motivar - Reial Acad\u00e8mia Europea de Doctors","description":"Rosal\u00eda Arteaga, expresidenta de l'Equador, lidera la Fira edu.com, celebrada al Palau de Cristall de Guayaquil (Equador)","robots":{"index":"index","follow":"follow","max-snippet":"max-snippet:-1","max-image-preview":"max-image-preview:large","max-video-preview":"max-video-preview:-1"},"canonical":"https:\/\/raed.academy\/ca\/educar-es-motivar\/","og_locale":"ca_ES","og_type":"article","og_title":"Educar \u00e9s motivar - Reial Acad\u00e8mia Europea de Doctors","og_description":"Rosal\u00eda Arteaga, expresidenta de l'Equador, lidera la Fira edu.com, celebrada al Palau de Cristall de Guayaquil (Equador)","og_url":"https:\/\/raed.academy\/ca\/educar-es-motivar\/","og_site_name":"Reial Acad\u00e8mia Europea de Doctors","article_publisher":"http:\/\/fb.me\/raed.academy","article_published_time":"2022-10-02T21:41:53+00:00","article_modified_time":"2022-10-04T14:45:57+00:00","og_image":[{"width":600,"height":360,"url":"https:\/\/raed.academy\/wp-content\/uploads\/2022\/10\/docencia-educacion-dst.webp","type":"image\/webp"}],"author":"RAED","twitter_card":"summary_large_image","twitter_creator":"@raedacademy","twitter_site":"@raedacademy","twitter_misc":{"Written by":"RAED","Est. reading time":"3 minutes"},"schema":{"@context":"https:\/\/schema.org","@graph":[{"@type":"Article","@id":"https:\/\/raed.academy\/ca\/educar-es-motivar\/#article","isPartOf":{"@id":"https:\/\/raed.academy\/ca\/educar-es-motivar\/"},"author":{"name":"RAED","@id":"https:\/\/raed.academy\/ca\/#\/schema\/person\/5a755da80d1d979fd66ba745c8702927"},"headline":"Educar \u00e9s motivar","datePublished":"2022-10-02T21:41:53+00:00","dateModified":"2022-10-04T14:45:57+00:00","mainEntityOfPage":{"@id":"https:\/\/raed.academy\/ca\/educar-es-motivar\/"},"wordCount":457,"publisher":{"@id":"https:\/\/raed.academy\/ca\/#organization"},"image":{"@id":"https:\/\/raed.academy\/ca\/educar-es-motivar\/#primaryimage"},"thumbnailUrl":"https:\/\/raed.academy\/wp-content\/uploads\/2022\/10\/docencia-educacion-dst.webp","articleSection":["Doc\u00e8ncia"],"inLanguage":"ca-ES"},{"@type":"WebPage","@id":"https:\/\/raed.academy\/ca\/educar-es-motivar\/","url":"https:\/\/raed.academy\/ca\/educar-es-motivar\/","name":"Educar \u00e9s motivar - Reial Acad\u00e8mia Europea de Doctors","isPartOf":{"@id":"https:\/\/raed.academy\/ca\/#website"},"primaryImageOfPage":{"@id":"https:\/\/raed.academy\/ca\/educar-es-motivar\/#primaryimage"},"image":{"@id":"https:\/\/raed.academy\/ca\/educar-es-motivar\/#primaryimage"},"thumbnailUrl":"https:\/\/raed.academy\/wp-content\/uploads\/2022\/10\/docencia-educacion-dst.webp","datePublished":"2022-10-02T21:41:53+00:00","dateModified":"2022-10-04T14:45:57+00:00","description":"Rosal\u00eda Arteaga, expresidenta de l'Equador, lidera la Fira edu.com, celebrada al Palau de Cristall de Guayaquil (Equador)","breadcrumb":{"@id":"https:\/\/raed.academy\/ca\/educar-es-motivar\/#breadcrumb"},"inLanguage":"ca-ES","potentialAction":[{"@type":"ReadAction","target":["https:\/\/raed.academy\/ca\/educar-es-motivar\/"]}]},{"@type":"ImageObject","inLanguage":"ca-ES","@id":"https:\/\/raed.academy\/ca\/educar-es-motivar\/#primaryimage","url":"https:\/\/raed.academy\/wp-content\/uploads\/2022\/10\/docencia-educacion-dst.webp","contentUrl":"https:\/\/raed.academy\/wp-content\/uploads\/2022\/10\/docencia-educacion-dst.webp","width":600,"height":360},{"@type":"BreadcrumbList","@id":"https:\/\/raed.academy\/ca\/educar-es-motivar\/#breadcrumb","itemListElement":[{"@type":"ListItem","position":1,"name":"Inicio","item":"https:\/\/raed.academy\/ca\/"},{"@type":"ListItem","position":2,"name":"Educar \u00e9s motivar"}]},{"@type":"WebSite","@id":"https:\/\/raed.academy\/ca\/#website","url":"https:\/\/raed.academy\/ca\/","name":"Reial Acad\u00e8mia Europea de Doctors","description":"Corporaci\u00f3n de derecho p\u00fablico de car\u00e1cter cient\u00edfico, t\u00e9cnico y art\u00edstico, que tiene por objeto la investigaci\u00f3n, el estudio, el fomento y la extensi\u00f3n del conocimiento en su sentido m\u00e1s amplio","publisher":{"@id":"https:\/\/raed.academy\/ca\/#organization"},"potentialAction":[{"@type":"SearchAction","target":{"@type":"EntryPoint","urlTemplate":"https:\/\/raed.academy\/ca\/?s={search_term_string}"},"query-input":{"@type":"PropertyValueSpecification","valueRequired":true,"valueName":"search_term_string"}}],"inLanguage":"ca-ES"},{"@type":"Organization","@id":"https:\/\/raed.academy\/ca\/#organization","name":"Real Academia Europea de Doctores","url":"https:\/\/raed.academy\/ca\/","logo":{"@type":"ImageObject","inLanguage":"ca-ES","@id":"https:\/\/raed.academy\/ca\/#\/schema\/logo\/image\/","url":"https:\/\/raed.academy\/wp-content\/uploads\/2017\/01\/cropped-logo_raed.png","contentUrl":"https:\/\/raed.academy\/wp-content\/uploads\/2017\/01\/cropped-logo_raed.png","width":512,"height":512,"caption":"Real Academia Europea de Doctores"},"image":{"@id":"https:\/\/raed.academy\/ca\/#\/schema\/logo\/image\/"},"sameAs":["http:\/\/fb.me\/raed.academy","https:\/\/x.com\/raedacademy","https:\/\/www.instagram.com\/raed.academy\/","https:\/\/www.youtube.com\/channel\/UCUYQwW2KrdirNWihxMDObwg"]},{"@type":"Person","@id":"https:\/\/raed.academy\/ca\/#\/schema\/person\/5a755da80d1d979fd66ba745c8702927","name":"RAED","image":{"@type":"ImageObject","inLanguage":"ca-ES","@id":"https:\/\/secure.gravatar.com\/avatar\/19fdfdc0d67fb9c45714b703a2ac82251c4fcea3637f002ac3c9b74c0183583c?s=96&d=mm&r=g","url":"https:\/\/secure.gravatar.com\/avatar\/19fdfdc0d67fb9c45714b703a2ac82251c4fcea3637f002ac3c9b74c0183583c?s=96&d=mm&r=g","contentUrl":"https:\/\/secure.gravatar.com\/avatar\/19fdfdc0d67fb9c45714b703a2ac82251c4fcea3637f002ac3c9b74c0183583c?s=96&d=mm&r=g","caption":"RAED"}}]}},"_links":{"self":[{"href":"https:\/\/raed.academy\/ca\/wp-json\/wp\/v2\/posts\/122809","targetHints":{"allow":["GET"]}}],"collection":[{"href":"https:\/\/raed.academy\/ca\/wp-json\/wp\/v2\/posts"}],"about":[{"href":"https:\/\/raed.academy\/ca\/wp-json\/wp\/v2\/types\/post"}],"author":[{"embeddable":true,"href":"https:\/\/raed.academy\/ca\/wp-json\/wp\/v2\/users\/12"}],"replies":[{"embeddable":true,"href":"https:\/\/raed.academy\/ca\/wp-json\/wp\/v2\/comments?post=122809"}],"version-history":[{"count":0,"href":"https:\/\/raed.academy\/ca\/wp-json\/wp\/v2\/posts\/122809\/revisions"}],"wp:featuredmedia":[{"embeddable":true,"href":"https:\/\/raed.academy\/ca\/wp-json\/wp\/v2\/media\/122881"}],"wp:attachment":[{"href":"https:\/\/raed.academy\/ca\/wp-json\/wp\/v2\/media?parent=122809"}],"wp:term":[{"taxonomy":"category","embeddable":true,"href":"https:\/\/raed.academy\/ca\/wp-json\/wp\/v2\/categories?post=122809"},{"taxonomy":"post_tag","embeddable":true,"href":"https:\/\/raed.academy\/ca\/wp-json\/wp\/v2\/tags?post=122809"}],"curies":[{"name":"wp","href":"https:\/\/api.w.org\/{rel}","templated":true}]}}