{"id":122210,"date":"2022-09-19T00:18:16","date_gmt":"2022-09-19T00:18:16","guid":{"rendered":"https:\/\/raed.academy\/?p=122210"},"modified":"2022-09-22T15:53:30","modified_gmt":"2022-09-22T15:53:30","slug":"el-futur-del-barca","status":"publish","type":"post","link":"https:\/\/raed.academy\/ca\/el-futur-del-barca\/","title":{"rendered":"El futur del Bar\u00e7a"},"content":{"rendered":"<p><strong><img loading=\"lazy\" decoding=\"async\" class=\"alignleft size-full wp-image-122405\" src=\"https:\/\/raed.academy\/wp-content\/uploads\/2022\/09\/Barca-FC-Barcelona-dst.jpg\" sizes=\"(max-width: 500px) 100vw, 500px\" srcset=\"https:\/\/raed.academy\/wp-content\/uploads\/2022\/09\/Barca-FC-Barcelona-dst.jpg 500w, https:\/\/raed.academy\/wp-content\/uploads\/2022\/09\/Barca-FC-Barcelona-dst-440x264.jpg 440w\" alt=\"\" width=\"500\" height=\"300\" \/>Jaume Llopis<\/strong>, professor em\u00e8rit d&#8217;<strong>IESE Business School<\/strong> i col\u00b7laborador habitual de la <strong>Reial Acad\u00e8mia Europea de Doctors-Barcelona 1914<\/strong> (RAED), assenyala en una entrevista concedida al portal especialitzat <strong>Viaempresa<\/strong> que el <strong>Futbol Club Barcelona<\/strong> acabar\u00e0 sent propietat de fons d&#8217;inversi\u00f3 per la seva incapacitat de tornar el deute. &#8220;El Bar\u00e7a va cap a una societat an\u00f2nima, \u00e9s irreversible&#8221;, assegura. Llopis \u00e9s soci del Bar\u00e7a des de fa 71 anys, amb el carnet n\u00famero 978, fet que el converteix en un dels mil senadors del club. El 1978 va ser responsable del <strong>Bar\u00e7a Atl\u00e8tic<\/strong>.<\/p>\n<p>&#8220;Som un grup de socis que estem preocupats per dos temes: el model de governan\u00e7a, perqu\u00e8 no pot ser que un club de 145.000 socis estigui representat per una assemblea de compromissaris on nom\u00e9s en voten 600. I la majoria d&#8217;aquests, i ho dic amb tots els respectes, sense prou informaci\u00f3 financera. No pot ser. \u00c9s un model malalt\u00eds. I l&#8217;altra q\u00fcesti\u00f3 \u00e9s que <strong>Joan Laporta<\/strong> diu que gestiona el club com si fos una empresa familiar. Vaig escriure una carta a <strong>&#8216;La Vanguardia&#8217;<\/strong> en la que discrepava del concepte &#8217;empresa familiar&#8217; perqu\u00e8, a Catalunya, generalment estan ben gestionades. No em fico amb l&#8217;\u00e0rea esportiva, per\u00f2 s\u00ed en el model de gesti\u00f3. \u00c9s unipersonal. Hi ha una car\u00e8ncia total de transpar\u00e8ncia&#8221;, argumenta <strong>Llopis<\/strong>.<\/p>\n<div id=\"attachment_89696\" style=\"width: 410px\" class=\"wp-caption alignright\"><img loading=\"lazy\" decoding=\"async\" aria-describedby=\"caption-attachment-89696\" class=\"wp-image-89696\" src=\"https:\/\/raed.academy\/wp-content\/uploads\/2020\/04\/Jaume-Llopis.jpg\" sizes=\"(max-width: 400px) 100vw, 400px\" srcset=\"https:\/\/raed.academy\/wp-content\/uploads\/2020\/04\/Jaume-Llopis.jpg 600w, https:\/\/raed.academy\/wp-content\/uploads\/2020\/04\/Jaume-Llopis-440x264.jpg 440w\" alt=\"Dr. Jaume Llopis\" width=\"400\" height=\"240\" aria-describedby=\"caption-attachment-89696\" \/><p id=\"caption-attachment-89696\" class=\"wp-caption-text\">Dr. Jaume Llopis<\/p><\/div>\n<p>Per al senador blaugrana, el volum de deute que ha acumulat el club al llarg dels darrers anys, aix\u00ed com la venda d&#8217;actius, impossibilitaran l&#8217;equilibri pressupostari. &#8220;El deute no es podr\u00e0 tornar mai a la vida, ni que es guanyin deu Champions seguides. Si l&#8217;equip va b\u00e9, aguantaran els primers anys, per\u00f2 arribar\u00e0 un moment en qu\u00e8 els creditors voldran que se&#8217;ls torni el capital i aix\u00f2 no ser\u00e0 possible, llavors aquests creditors es convertiran en els nous socis del FC Barcelona. Crec que, si les coses van b\u00e9 futbol\u00edsticament, Laporta aguantar\u00e0 tres o quatre anys i, despr\u00e9s, s&#8217;arribar\u00e0 a un atzucac: o societat an\u00f2nima esportiva (SAD) o liquidaci\u00f3. El Bar\u00e7a no desapareixer\u00e0 mai, per\u00f2 es convertir\u00e0 en una SAD&#8221;, assenyala.<\/p>\n<p><strong>Llopis<\/strong> tamb\u00e9 planteja molts dubtes sobre el projecte <strong>Espai Bar\u00e7a<\/strong>, que ha de comportar la reforma integral del Camp Nou. <strong>Llopis<\/strong> est\u00e0 avalat per una dilatada carrera professional, docent i de recerca. Ha participat a mig centenar de consells d&#8217;administraci\u00f3 i ha estat primer executiu de grans grups com <strong>Agrolimen<\/strong>, <strong>Sarri\u00f3<\/strong>, <strong>AGF Uni\u00f3-F\u00e8nix<\/strong>, <strong>Carnation<\/strong>, <strong>Nestl\u00e9<\/strong>, <strong>Moulinex<\/strong> i <strong>Borges<\/strong>.<\/p>\n<h2><a href=\"https:\/\/www.viaempresa.cat\/es\/afterwork\/jaume-llopis-entrevista-fc-barcelona-sociedad-anonima_2172202_102.html\" target=\"_blank\" rel=\"noopener\">Llegiu l&#8217;entrevista<\/a><\/h2>\n","protected":false},"excerpt":{"rendered":"<p>Jaume Llopis assenyala que el Futbol Club Barcelona acabar\u00e0 sent propietat de fons d&#8217;inversi\u00f3 per la incapacitat de tornar el deute<\/p>\n","protected":false},"author":12,"featured_media":122406,"comment_status":"closed","ping_status":"closed","sticky":false,"template":"","format":"standard","meta":{"_et_pb_use_builder":"","_et_pb_old_content":"","_et_gb_content_width":"","footnotes":""},"categories":[233],"tags":[],"class_list":["post-122210","post","type-post","status-publish","format-standard","has-post-thumbnail","hentry","category-economiques-i-empresarials","et-has-post-format-content","et_post_format-et-post-format-standard"],"yoast_head":"<!-- This site is optimized with the Yoast SEO plugin v27.5 - https:\/\/yoast.com\/product\/yoast-seo-wordpress\/ -->\n<title>El futur del Bar\u00e7a - Reial Acad\u00e8mia Europea de Doctors<\/title>\n<meta name=\"description\" content=\"Jaume Llopis assenyala que el Futbol Club Barcelona acabar\u00e0 sent propietat de fons d&#039;inversi\u00f3 per la incapacitat de tornar el deute\" \/>\n<meta name=\"robots\" content=\"index, follow, max-snippet:-1, max-image-preview:large, max-video-preview:-1\" \/>\n<link rel=\"canonical\" href=\"https:\/\/raed.academy\/ca\/el-futur-del-barca\/\" \/>\n<meta property=\"og:locale\" content=\"ca_ES\" \/>\n<meta property=\"og:type\" content=\"article\" \/>\n<meta property=\"og:title\" content=\"El futur del Bar\u00e7a - Reial Acad\u00e8mia Europea de Doctors\" \/>\n<meta property=\"og:description\" content=\"Jaume Llopis assenyala que el Futbol Club Barcelona acabar\u00e0 sent propietat de fons d&#039;inversi\u00f3 per la incapacitat de tornar el deute\" \/>\n<meta property=\"og:url\" content=\"https:\/\/raed.academy\/ca\/el-futur-del-barca\/\" \/>\n<meta property=\"og:site_name\" content=\"Reial Acad\u00e8mia Europea de Doctors\" \/>\n<meta property=\"article:publisher\" content=\"http:\/\/fb.me\/raed.academy\" \/>\n<meta property=\"article:published_time\" content=\"2022-09-19T00:18:16+00:00\" \/>\n<meta property=\"article:modified_time\" content=\"2022-09-22T15:53:30+00:00\" \/>\n<meta property=\"og:image\" content=\"https:\/\/raed.academy\/wp-content\/uploads\/2022\/09\/Barca-FC-Barcelona-dst.jpg\" \/>\n\t<meta property=\"og:image:width\" content=\"500\" \/>\n\t<meta property=\"og:image:height\" content=\"300\" \/>\n\t<meta property=\"og:image:type\" content=\"image\/jpeg\" \/>\n<meta name=\"author\" content=\"RAED\" \/>\n<meta name=\"twitter:card\" content=\"summary_large_image\" \/>\n<meta name=\"twitter:creator\" content=\"@raedacademy\" \/>\n<meta name=\"twitter:site\" content=\"@raedacademy\" \/>\n<meta name=\"twitter:label1\" content=\"Written by\" \/>\n\t<meta name=\"twitter:data1\" content=\"RAED\" \/>\n\t<meta name=\"twitter:label2\" content=\"Est. reading time\" \/>\n\t<meta name=\"twitter:data2\" content=\"3 minutes\" \/>\n<script type=\"application\/ld+json\" class=\"yoast-schema-graph\">{\"@context\":\"https:\\\/\\\/schema.org\",\"@graph\":[{\"@type\":\"Article\",\"@id\":\"https:\\\/\\\/raed.academy\\\/ca\\\/el-futur-del-barca\\\/#article\",\"isPartOf\":{\"@id\":\"https:\\\/\\\/raed.academy\\\/ca\\\/el-futur-del-barca\\\/\"},\"author\":{\"name\":\"RAED\",\"@id\":\"https:\\\/\\\/raed.academy\\\/ca\\\/#\\\/schema\\\/person\\\/5a755da80d1d979fd66ba745c8702927\"},\"headline\":\"El futur del Bar\u00e7a\",\"datePublished\":\"2022-09-19T00:18:16+00:00\",\"dateModified\":\"2022-09-22T15:53:30+00:00\",\"mainEntityOfPage\":{\"@id\":\"https:\\\/\\\/raed.academy\\\/ca\\\/el-futur-del-barca\\\/\"},\"wordCount\":439,\"publisher\":{\"@id\":\"https:\\\/\\\/raed.academy\\\/ca\\\/#organization\"},\"image\":{\"@id\":\"https:\\\/\\\/raed.academy\\\/ca\\\/el-futur-del-barca\\\/#primaryimage\"},\"thumbnailUrl\":\"https:\\\/\\\/raed.academy\\\/wp-content\\\/uploads\\\/2022\\\/09\\\/Barca-FC-Barcelona-dst.jpg\",\"articleSection\":[\"Econ\u00f2miques i Empresarials\"],\"inLanguage\":\"ca-ES\"},{\"@type\":\"WebPage\",\"@id\":\"https:\\\/\\\/raed.academy\\\/ca\\\/el-futur-del-barca\\\/\",\"url\":\"https:\\\/\\\/raed.academy\\\/ca\\\/el-futur-del-barca\\\/\",\"name\":\"El futur del Bar\u00e7a - Reial Acad\u00e8mia Europea de Doctors\",\"isPartOf\":{\"@id\":\"https:\\\/\\\/raed.academy\\\/ca\\\/#website\"},\"primaryImageOfPage\":{\"@id\":\"https:\\\/\\\/raed.academy\\\/ca\\\/el-futur-del-barca\\\/#primaryimage\"},\"image\":{\"@id\":\"https:\\\/\\\/raed.academy\\\/ca\\\/el-futur-del-barca\\\/#primaryimage\"},\"thumbnailUrl\":\"https:\\\/\\\/raed.academy\\\/wp-content\\\/uploads\\\/2022\\\/09\\\/Barca-FC-Barcelona-dst.jpg\",\"datePublished\":\"2022-09-19T00:18:16+00:00\",\"dateModified\":\"2022-09-22T15:53:30+00:00\",\"description\":\"Jaume Llopis assenyala que el Futbol Club Barcelona acabar\u00e0 sent propietat de fons d'inversi\u00f3 per la incapacitat de tornar el deute\",\"breadcrumb\":{\"@id\":\"https:\\\/\\\/raed.academy\\\/ca\\\/el-futur-del-barca\\\/#breadcrumb\"},\"inLanguage\":\"ca-ES\",\"potentialAction\":[{\"@type\":\"ReadAction\",\"target\":[\"https:\\\/\\\/raed.academy\\\/ca\\\/el-futur-del-barca\\\/\"]}]},{\"@type\":\"ImageObject\",\"inLanguage\":\"ca-ES\",\"@id\":\"https:\\\/\\\/raed.academy\\\/ca\\\/el-futur-del-barca\\\/#primaryimage\",\"url\":\"https:\\\/\\\/raed.academy\\\/wp-content\\\/uploads\\\/2022\\\/09\\\/Barca-FC-Barcelona-dst.jpg\",\"contentUrl\":\"https:\\\/\\\/raed.academy\\\/wp-content\\\/uploads\\\/2022\\\/09\\\/Barca-FC-Barcelona-dst.jpg\",\"width\":500,\"height\":300},{\"@type\":\"BreadcrumbList\",\"@id\":\"https:\\\/\\\/raed.academy\\\/ca\\\/el-futur-del-barca\\\/#breadcrumb\",\"itemListElement\":[{\"@type\":\"ListItem\",\"position\":1,\"name\":\"Inicio\",\"item\":\"https:\\\/\\\/raed.academy\\\/ca\\\/\"},{\"@type\":\"ListItem\",\"position\":2,\"name\":\"El futur del Bar\u00e7a\"}]},{\"@type\":\"WebSite\",\"@id\":\"https:\\\/\\\/raed.academy\\\/ca\\\/#website\",\"url\":\"https:\\\/\\\/raed.academy\\\/ca\\\/\",\"name\":\"Reial Acad\u00e8mia Europea de Doctors\",\"description\":\"Corporaci\u00f3n de derecho p\u00fablico de car\u00e1cter cient\u00edfico, t\u00e9cnico y art\u00edstico, que tiene por objeto la investigaci\u00f3n, el estudio, el fomento y la extensi\u00f3n del conocimiento en su sentido m\u00e1s amplio\",\"publisher\":{\"@id\":\"https:\\\/\\\/raed.academy\\\/ca\\\/#organization\"},\"potentialAction\":[{\"@type\":\"SearchAction\",\"target\":{\"@type\":\"EntryPoint\",\"urlTemplate\":\"https:\\\/\\\/raed.academy\\\/ca\\\/?s={search_term_string}\"},\"query-input\":{\"@type\":\"PropertyValueSpecification\",\"valueRequired\":true,\"valueName\":\"search_term_string\"}}],\"inLanguage\":\"ca-ES\"},{\"@type\":\"Organization\",\"@id\":\"https:\\\/\\\/raed.academy\\\/ca\\\/#organization\",\"name\":\"Real Academia Europea de Doctores\",\"url\":\"https:\\\/\\\/raed.academy\\\/ca\\\/\",\"logo\":{\"@type\":\"ImageObject\",\"inLanguage\":\"ca-ES\",\"@id\":\"https:\\\/\\\/raed.academy\\\/ca\\\/#\\\/schema\\\/logo\\\/image\\\/\",\"url\":\"https:\\\/\\\/raed.academy\\\/wp-content\\\/uploads\\\/2017\\\/01\\\/cropped-logo_raed.png\",\"contentUrl\":\"https:\\\/\\\/raed.academy\\\/wp-content\\\/uploads\\\/2017\\\/01\\\/cropped-logo_raed.png\",\"width\":512,\"height\":512,\"caption\":\"Real Academia Europea de Doctores\"},\"image\":{\"@id\":\"https:\\\/\\\/raed.academy\\\/ca\\\/#\\\/schema\\\/logo\\\/image\\\/\"},\"sameAs\":[\"http:\\\/\\\/fb.me\\\/raed.academy\",\"https:\\\/\\\/x.com\\\/raedacademy\",\"https:\\\/\\\/www.instagram.com\\\/raed.academy\\\/\",\"https:\\\/\\\/www.youtube.com\\\/channel\\\/UCUYQwW2KrdirNWihxMDObwg\"]},{\"@type\":\"Person\",\"@id\":\"https:\\\/\\\/raed.academy\\\/ca\\\/#\\\/schema\\\/person\\\/5a755da80d1d979fd66ba745c8702927\",\"name\":\"RAED\",\"image\":{\"@type\":\"ImageObject\",\"inLanguage\":\"ca-ES\",\"@id\":\"https:\\\/\\\/secure.gravatar.com\\\/avatar\\\/19fdfdc0d67fb9c45714b703a2ac82251c4fcea3637f002ac3c9b74c0183583c?s=96&d=mm&r=g\",\"url\":\"https:\\\/\\\/secure.gravatar.com\\\/avatar\\\/19fdfdc0d67fb9c45714b703a2ac82251c4fcea3637f002ac3c9b74c0183583c?s=96&d=mm&r=g\",\"contentUrl\":\"https:\\\/\\\/secure.gravatar.com\\\/avatar\\\/19fdfdc0d67fb9c45714b703a2ac82251c4fcea3637f002ac3c9b74c0183583c?s=96&d=mm&r=g\",\"caption\":\"RAED\"}}]}<\/script>\n<!-- \/ Yoast SEO plugin. -->","yoast_head_json":{"title":"El futur del Bar\u00e7a - Reial Acad\u00e8mia Europea de Doctors","description":"Jaume Llopis assenyala que el Futbol Club Barcelona acabar\u00e0 sent propietat de fons d'inversi\u00f3 per la incapacitat de tornar el deute","robots":{"index":"index","follow":"follow","max-snippet":"max-snippet:-1","max-image-preview":"max-image-preview:large","max-video-preview":"max-video-preview:-1"},"canonical":"https:\/\/raed.academy\/ca\/el-futur-del-barca\/","og_locale":"ca_ES","og_type":"article","og_title":"El futur del Bar\u00e7a - Reial Acad\u00e8mia Europea de Doctors","og_description":"Jaume Llopis assenyala que el Futbol Club Barcelona acabar\u00e0 sent propietat de fons d'inversi\u00f3 per la incapacitat de tornar el deute","og_url":"https:\/\/raed.academy\/ca\/el-futur-del-barca\/","og_site_name":"Reial Acad\u00e8mia Europea de Doctors","article_publisher":"http:\/\/fb.me\/raed.academy","article_published_time":"2022-09-19T00:18:16+00:00","article_modified_time":"2022-09-22T15:53:30+00:00","og_image":[{"width":500,"height":300,"url":"https:\/\/raed.academy\/wp-content\/uploads\/2022\/09\/Barca-FC-Barcelona-dst.jpg","type":"image\/jpeg"}],"author":"RAED","twitter_card":"summary_large_image","twitter_creator":"@raedacademy","twitter_site":"@raedacademy","twitter_misc":{"Written by":"RAED","Est. reading time":"3 minutes"},"schema":{"@context":"https:\/\/schema.org","@graph":[{"@type":"Article","@id":"https:\/\/raed.academy\/ca\/el-futur-del-barca\/#article","isPartOf":{"@id":"https:\/\/raed.academy\/ca\/el-futur-del-barca\/"},"author":{"name":"RAED","@id":"https:\/\/raed.academy\/ca\/#\/schema\/person\/5a755da80d1d979fd66ba745c8702927"},"headline":"El futur del Bar\u00e7a","datePublished":"2022-09-19T00:18:16+00:00","dateModified":"2022-09-22T15:53:30+00:00","mainEntityOfPage":{"@id":"https:\/\/raed.academy\/ca\/el-futur-del-barca\/"},"wordCount":439,"publisher":{"@id":"https:\/\/raed.academy\/ca\/#organization"},"image":{"@id":"https:\/\/raed.academy\/ca\/el-futur-del-barca\/#primaryimage"},"thumbnailUrl":"https:\/\/raed.academy\/wp-content\/uploads\/2022\/09\/Barca-FC-Barcelona-dst.jpg","articleSection":["Econ\u00f2miques i Empresarials"],"inLanguage":"ca-ES"},{"@type":"WebPage","@id":"https:\/\/raed.academy\/ca\/el-futur-del-barca\/","url":"https:\/\/raed.academy\/ca\/el-futur-del-barca\/","name":"El futur del Bar\u00e7a - Reial Acad\u00e8mia Europea de Doctors","isPartOf":{"@id":"https:\/\/raed.academy\/ca\/#website"},"primaryImageOfPage":{"@id":"https:\/\/raed.academy\/ca\/el-futur-del-barca\/#primaryimage"},"image":{"@id":"https:\/\/raed.academy\/ca\/el-futur-del-barca\/#primaryimage"},"thumbnailUrl":"https:\/\/raed.academy\/wp-content\/uploads\/2022\/09\/Barca-FC-Barcelona-dst.jpg","datePublished":"2022-09-19T00:18:16+00:00","dateModified":"2022-09-22T15:53:30+00:00","description":"Jaume Llopis assenyala que el Futbol Club Barcelona acabar\u00e0 sent propietat de fons d'inversi\u00f3 per la incapacitat de tornar el deute","breadcrumb":{"@id":"https:\/\/raed.academy\/ca\/el-futur-del-barca\/#breadcrumb"},"inLanguage":"ca-ES","potentialAction":[{"@type":"ReadAction","target":["https:\/\/raed.academy\/ca\/el-futur-del-barca\/"]}]},{"@type":"ImageObject","inLanguage":"ca-ES","@id":"https:\/\/raed.academy\/ca\/el-futur-del-barca\/#primaryimage","url":"https:\/\/raed.academy\/wp-content\/uploads\/2022\/09\/Barca-FC-Barcelona-dst.jpg","contentUrl":"https:\/\/raed.academy\/wp-content\/uploads\/2022\/09\/Barca-FC-Barcelona-dst.jpg","width":500,"height":300},{"@type":"BreadcrumbList","@id":"https:\/\/raed.academy\/ca\/el-futur-del-barca\/#breadcrumb","itemListElement":[{"@type":"ListItem","position":1,"name":"Inicio","item":"https:\/\/raed.academy\/ca\/"},{"@type":"ListItem","position":2,"name":"El futur del Bar\u00e7a"}]},{"@type":"WebSite","@id":"https:\/\/raed.academy\/ca\/#website","url":"https:\/\/raed.academy\/ca\/","name":"Reial Acad\u00e8mia Europea de Doctors","description":"Corporaci\u00f3n de derecho p\u00fablico de car\u00e1cter cient\u00edfico, t\u00e9cnico y art\u00edstico, que tiene por objeto la investigaci\u00f3n, el estudio, el fomento y la extensi\u00f3n del conocimiento en su sentido m\u00e1s amplio","publisher":{"@id":"https:\/\/raed.academy\/ca\/#organization"},"potentialAction":[{"@type":"SearchAction","target":{"@type":"EntryPoint","urlTemplate":"https:\/\/raed.academy\/ca\/?s={search_term_string}"},"query-input":{"@type":"PropertyValueSpecification","valueRequired":true,"valueName":"search_term_string"}}],"inLanguage":"ca-ES"},{"@type":"Organization","@id":"https:\/\/raed.academy\/ca\/#organization","name":"Real Academia Europea de Doctores","url":"https:\/\/raed.academy\/ca\/","logo":{"@type":"ImageObject","inLanguage":"ca-ES","@id":"https:\/\/raed.academy\/ca\/#\/schema\/logo\/image\/","url":"https:\/\/raed.academy\/wp-content\/uploads\/2017\/01\/cropped-logo_raed.png","contentUrl":"https:\/\/raed.academy\/wp-content\/uploads\/2017\/01\/cropped-logo_raed.png","width":512,"height":512,"caption":"Real Academia Europea de Doctores"},"image":{"@id":"https:\/\/raed.academy\/ca\/#\/schema\/logo\/image\/"},"sameAs":["http:\/\/fb.me\/raed.academy","https:\/\/x.com\/raedacademy","https:\/\/www.instagram.com\/raed.academy\/","https:\/\/www.youtube.com\/channel\/UCUYQwW2KrdirNWihxMDObwg"]},{"@type":"Person","@id":"https:\/\/raed.academy\/ca\/#\/schema\/person\/5a755da80d1d979fd66ba745c8702927","name":"RAED","image":{"@type":"ImageObject","inLanguage":"ca-ES","@id":"https:\/\/secure.gravatar.com\/avatar\/19fdfdc0d67fb9c45714b703a2ac82251c4fcea3637f002ac3c9b74c0183583c?s=96&d=mm&r=g","url":"https:\/\/secure.gravatar.com\/avatar\/19fdfdc0d67fb9c45714b703a2ac82251c4fcea3637f002ac3c9b74c0183583c?s=96&d=mm&r=g","contentUrl":"https:\/\/secure.gravatar.com\/avatar\/19fdfdc0d67fb9c45714b703a2ac82251c4fcea3637f002ac3c9b74c0183583c?s=96&d=mm&r=g","caption":"RAED"}}]}},"_links":{"self":[{"href":"https:\/\/raed.academy\/ca\/wp-json\/wp\/v2\/posts\/122210","targetHints":{"allow":["GET"]}}],"collection":[{"href":"https:\/\/raed.academy\/ca\/wp-json\/wp\/v2\/posts"}],"about":[{"href":"https:\/\/raed.academy\/ca\/wp-json\/wp\/v2\/types\/post"}],"author":[{"embeddable":true,"href":"https:\/\/raed.academy\/ca\/wp-json\/wp\/v2\/users\/12"}],"replies":[{"embeddable":true,"href":"https:\/\/raed.academy\/ca\/wp-json\/wp\/v2\/comments?post=122210"}],"version-history":[{"count":0,"href":"https:\/\/raed.academy\/ca\/wp-json\/wp\/v2\/posts\/122210\/revisions"}],"wp:featuredmedia":[{"embeddable":true,"href":"https:\/\/raed.academy\/ca\/wp-json\/wp\/v2\/media\/122406"}],"wp:attachment":[{"href":"https:\/\/raed.academy\/ca\/wp-json\/wp\/v2\/media?parent=122210"}],"wp:term":[{"taxonomy":"category","embeddable":true,"href":"https:\/\/raed.academy\/ca\/wp-json\/wp\/v2\/categories?post=122210"},{"taxonomy":"post_tag","embeddable":true,"href":"https:\/\/raed.academy\/ca\/wp-json\/wp\/v2\/tags?post=122210"}],"curies":[{"name":"wp","href":"https:\/\/api.w.org\/{rel}","templated":true}]}}