{"id":121764,"date":"2022-08-26T06:10:17","date_gmt":"2022-08-26T06:10:17","guid":{"rendered":"https:\/\/raed.academy\/?p=121764"},"modified":"2022-09-07T12:07:20","modified_gmt":"2022-09-07T12:07:20","slug":"la-medicina-de-la-postmodernitat","status":"publish","type":"post","link":"https:\/\/raed.academy\/ca\/la-medicina-de-la-postmodernitat\/","title":{"rendered":"La medicina de la postmodernitat"},"content":{"rendered":"<div id=\"attachment_99313\" style=\"width: 510px\" class=\"wp-caption alignleft\"><img loading=\"lazy\" decoding=\"async\" aria-describedby=\"caption-attachment-99313\" class=\"wp-image-99313 size-full\" src=\"https:\/\/raed.academy\/wp-content\/uploads\/2021\/02\/Joaquim-Gironella-dstNtc.jpg\" sizes=\"(max-width: 500px) 100vw, 500px\" srcset=\"https:\/\/raed.academy\/wp-content\/uploads\/2021\/02\/Joaquim-Gironella-dstNtc.jpg 500w, https:\/\/raed.academy\/wp-content\/uploads\/2021\/02\/Joaquim-Gironella-dstNtc-440x264.jpg 440w\" alt=\"Joaquim Gironella\" width=\"500\" height=\"300\" aria-describedby=\"caption-attachment-99313\" \/><p id=\"caption-attachment-99313\" class=\"wp-caption-text\">Dr. Joaquim Gironella<\/p><\/div>\n<p><a href=\"https:\/\/raed.academy\/ca\/academics\/dr-joaquim-gironella-coll\/\" target=\"_blank\" rel=\"noopener\"><em><strong>Joaquim Gironella<\/strong><\/em><\/a>, reconegut ur\u00f2leg, codirector m\u00e8dic del centre <strong>Laser Medical Rent<\/strong>, acad\u00e8mic corresponent de la<strong> Reial Acad\u00e8mia de Medicina de Catalunya<\/strong> i acad\u00e8mic de n\u00famero de la <strong>Reial Acad\u00e8mia Europea de Doctors-Barcelona 1914<\/strong> (RAED) i membre del seu <strong>Senat<\/strong>, aborda els reptes que suposa per a la medicina la conviv\u00e8ncia amb el pensament postmodern i totes les seves implicacions a l&#8217;article <strong>&#8220;La medicina en la posmodernidad&#8221;<\/strong>, que presenta la comunitat acad\u00e8mica. <strong>Gironella<\/strong> defineix els termes de la postmodernitat des d&#8217;un punt de vista filos\u00f2fic i social i detalla els seus correlats a la pr\u00e0ctica m\u00e8dica.<\/p>\n<p>&#8220;Als codis de viv\u00e8ncia del postmodernisme\u00a0\u00a0no existeix la veritat, no existeix el subjecte, no existeix la realitat, no existeixen la l\u00f2gica ni les identitats. El m\u00f3n \u00e9s un discurs, on es reconfigura tot, es desmunta la manera de pensar. S&#8217;hi posen en relleu altres estrats i facultats de la natura humana a banda de la ra\u00f3, com els sentiments, la mem\u00f2ria, l&#8217;instint&#8230; que participen igualment en la formaci\u00f3 concreta i temporal de la societat. Hi apareixen noves perspectives psicol\u00f2giques amb anhel de protagonisme. S&#8217;hi abracen les emocions, s&#8217;hi busca tot all\u00f2 que sigui instantani, s&#8217;hi enalteix l&#8217;hedonisme i el narcisisme acapara l&#8217;escena de l&#8217;exist\u00e8ncia: Cal ser imperiosament feli\u00e7os! \u00c9s la manifestaci\u00f3 d&#8217;un sobrevalorat ego segur de si mateix i intensament cr\u00edtic amb els ideals de la modernitat. S&#8217;hi desconfia de l&#8217;instint i de l&#8217;autoritat. Hi apareixen contradiccions, s&#8217;hi desconfia del capitalisme. La sanitat es contempla com un mercat i \u00e9s objecte de consum&#8221;, inicia l&#8217;acad\u00e8mic la seva reflexi\u00f3.<\/p>\n<p>Per a Gironella, aquest nou pensament, que ha calat profund en les societats occidentals actuals, abra\u00e7a el denominat relativisme moral, per al qual no hi ha una veritat absoluta. En aquest context, assenyala, l&#8217;\u00e9sser hum\u00e0 no existeix m\u00e9s que en clau biol\u00f2gica, com una expectativa o possibilitat de g\u00e8nere. L&#8217;acad\u00e8mic destaca com aquestes societats aparenten toler\u00e0ncia, per\u00f2 alhora es visualitzen situacions que s&#8217;han normalitzat com el frau, el rebuig encobert de la gent gran i un adanisme que es manifesta per la reprovaci\u00f3 o el q\u00fcestionament de qualsevol mat\u00e8ria, incl\u00f2s l&#8217;\u00e0rea m\u00e8dica. En aquest punt, i com a exemple, assenyala la substituci\u00f3 del sexe biol\u00f2gic per triar-lo a la carta, la dieta mediterr\u00e0nia pel veganisme, el dret a una mort digna per la dignitat de la vida o les pr\u00e0ctiques pseudonaturals per la vida saludable.<\/p>\n<p>\u201cLa hipermodernitat fomenta la cultura del subjectivisme i de la banalitzaci\u00f3 que s&#8217;exterioritza amb la simplificaci\u00f3 dels nostres arguments. Els valors s\u00f3n q\u00fcestionats o rebutjats per discutibles. Els dubtes s\u00f3n col\u00b7lectius, les persones esdevenen cada cop m\u00e9s individualistes i narcisistes en no quedar-li grans relats per transcendir. Nom\u00e9s queda el cos i l&#8217;ara, que es transmuta en un subjecte altament consumista i t\u00e8cnic. Amb la postmodernitat, l&#8217;exercici m\u00e8dic del professional es troba especialment sotm\u00e8s a la intromissi\u00f3 de les lleis d&#8217;oferta i demanda d&#8217;un mercat global, on interaccionen diversos actors d&#8217;intercanvi de b\u00e9ns i serveis, entre ells els serveis sanitaris corporatius i les lleis que banalitzen la principal comesa de la medicina, com \u00e9s la promoci\u00f3 de la salut&#8221;, conclou.<\/p>\n","protected":false},"excerpt":{"rendered":"<p>Joaquim Gironella aborda els reptes que suposa per a la medicina la conviv\u00e8ncia amb el pensament postmodern i totes les seves implicacions a l&#8217;article &#8220;La medicina en la postmodernitat&#8221;<\/p>\n","protected":false},"author":12,"featured_media":99314,"comment_status":"closed","ping_status":"closed","sticky":false,"template":"","format":"standard","meta":{"_et_pb_use_builder":"","_et_pb_old_content":"","_et_gb_content_width":"","footnotes":""},"categories":[455,242,213],"tags":[],"class_list":["post-121764","post","type-post","status-publish","format-standard","has-post-thumbnail","hentry","category-ciencies-de-la-salut","category-categ-historia","category-medicina-i-cirurgia","et-has-post-format-content","et_post_format-et-post-format-standard"],"yoast_head":"<!-- This site is optimized with the Yoast SEO plugin v27.4 - https:\/\/yoast.com\/product\/yoast-seo-wordpress\/ -->\n<title>La medicina de la postmodernitat - Reial Acad\u00e8mia Europea de Doctors<\/title>\n<meta name=\"description\" content=\"Joaquim Gironella aborda els reptes que suposa per a la medicina la conviv\u00e8ncia amb el pensament postmodern i totes les seves implicacions\" \/>\n<meta name=\"robots\" content=\"index, follow, max-snippet:-1, max-image-preview:large, max-video-preview:-1\" \/>\n<link rel=\"canonical\" href=\"https:\/\/raed.academy\/ca\/la-medicina-de-la-postmodernitat\/\" \/>\n<meta property=\"og:locale\" content=\"ca_ES\" \/>\n<meta property=\"og:type\" content=\"article\" \/>\n<meta property=\"og:title\" content=\"La medicina de la postmodernitat - Reial Acad\u00e8mia Europea de Doctors\" \/>\n<meta property=\"og:description\" content=\"Joaquim Gironella aborda els reptes que suposa per a la medicina la conviv\u00e8ncia amb el pensament postmodern i totes les seves implicacions\" \/>\n<meta property=\"og:url\" content=\"https:\/\/raed.academy\/ca\/la-medicina-de-la-postmodernitat\/\" \/>\n<meta property=\"og:site_name\" content=\"Reial Acad\u00e8mia Europea de Doctors\" \/>\n<meta property=\"article:publisher\" content=\"http:\/\/fb.me\/raed.academy\" \/>\n<meta property=\"article:published_time\" content=\"2022-08-26T06:10:17+00:00\" \/>\n<meta property=\"article:modified_time\" content=\"2022-09-07T12:07:20+00:00\" \/>\n<meta property=\"og:image\" content=\"https:\/\/raed.academy\/wp-content\/uploads\/2021\/02\/Joaquim-Gironella-dstNtc.jpg\" \/>\n\t<meta property=\"og:image:width\" content=\"500\" \/>\n\t<meta property=\"og:image:height\" content=\"300\" \/>\n\t<meta property=\"og:image:type\" content=\"image\/jpeg\" \/>\n<meta name=\"author\" content=\"RAED\" \/>\n<meta name=\"twitter:card\" content=\"summary_large_image\" \/>\n<meta name=\"twitter:creator\" content=\"@raedacademy\" \/>\n<meta name=\"twitter:site\" content=\"@raedacademy\" \/>\n<meta name=\"twitter:label1\" content=\"Written by\" \/>\n\t<meta name=\"twitter:data1\" content=\"RAED\" \/>\n\t<meta name=\"twitter:label2\" content=\"Est. reading time\" \/>\n\t<meta name=\"twitter:data2\" content=\"3 minutes\" \/>\n<script type=\"application\/ld+json\" class=\"yoast-schema-graph\">{\"@context\":\"https:\\\/\\\/schema.org\",\"@graph\":[{\"@type\":\"Article\",\"@id\":\"https:\\\/\\\/raed.academy\\\/ca\\\/la-medicina-de-la-postmodernitat\\\/#article\",\"isPartOf\":{\"@id\":\"https:\\\/\\\/raed.academy\\\/ca\\\/la-medicina-de-la-postmodernitat\\\/\"},\"author\":{\"name\":\"RAED\",\"@id\":\"https:\\\/\\\/raed.academy\\\/ca\\\/#\\\/schema\\\/person\\\/5a755da80d1d979fd66ba745c8702927\"},\"headline\":\"La medicina de la postmodernitat\",\"datePublished\":\"2022-08-26T06:10:17+00:00\",\"dateModified\":\"2022-09-07T12:07:20+00:00\",\"mainEntityOfPage\":{\"@id\":\"https:\\\/\\\/raed.academy\\\/ca\\\/la-medicina-de-la-postmodernitat\\\/\"},\"wordCount\":593,\"publisher\":{\"@id\":\"https:\\\/\\\/raed.academy\\\/ca\\\/#organization\"},\"image\":{\"@id\":\"https:\\\/\\\/raed.academy\\\/ca\\\/la-medicina-de-la-postmodernitat\\\/#primaryimage\"},\"thumbnailUrl\":\"https:\\\/\\\/raed.academy\\\/wp-content\\\/uploads\\\/2021\\\/02\\\/Joaquim-Gironella-dstNtc.jpg\",\"articleSection\":[\"Ci\u00e8ncies de la salut\",\"Hist\u00f2ria\",\"Medicina i cirurgia\"],\"inLanguage\":\"ca-ES\"},{\"@type\":\"WebPage\",\"@id\":\"https:\\\/\\\/raed.academy\\\/ca\\\/la-medicina-de-la-postmodernitat\\\/\",\"url\":\"https:\\\/\\\/raed.academy\\\/ca\\\/la-medicina-de-la-postmodernitat\\\/\",\"name\":\"La medicina de la postmodernitat - Reial Acad\u00e8mia Europea de Doctors\",\"isPartOf\":{\"@id\":\"https:\\\/\\\/raed.academy\\\/ca\\\/#website\"},\"primaryImageOfPage\":{\"@id\":\"https:\\\/\\\/raed.academy\\\/ca\\\/la-medicina-de-la-postmodernitat\\\/#primaryimage\"},\"image\":{\"@id\":\"https:\\\/\\\/raed.academy\\\/ca\\\/la-medicina-de-la-postmodernitat\\\/#primaryimage\"},\"thumbnailUrl\":\"https:\\\/\\\/raed.academy\\\/wp-content\\\/uploads\\\/2021\\\/02\\\/Joaquim-Gironella-dstNtc.jpg\",\"datePublished\":\"2022-08-26T06:10:17+00:00\",\"dateModified\":\"2022-09-07T12:07:20+00:00\",\"description\":\"Joaquim Gironella aborda els reptes que suposa per a la medicina la conviv\u00e8ncia amb el pensament postmodern i totes les seves implicacions\",\"breadcrumb\":{\"@id\":\"https:\\\/\\\/raed.academy\\\/ca\\\/la-medicina-de-la-postmodernitat\\\/#breadcrumb\"},\"inLanguage\":\"ca-ES\",\"potentialAction\":[{\"@type\":\"ReadAction\",\"target\":[\"https:\\\/\\\/raed.academy\\\/ca\\\/la-medicina-de-la-postmodernitat\\\/\"]}]},{\"@type\":\"ImageObject\",\"inLanguage\":\"ca-ES\",\"@id\":\"https:\\\/\\\/raed.academy\\\/ca\\\/la-medicina-de-la-postmodernitat\\\/#primaryimage\",\"url\":\"https:\\\/\\\/raed.academy\\\/wp-content\\\/uploads\\\/2021\\\/02\\\/Joaquim-Gironella-dstNtc.jpg\",\"contentUrl\":\"https:\\\/\\\/raed.academy\\\/wp-content\\\/uploads\\\/2021\\\/02\\\/Joaquim-Gironella-dstNtc.jpg\",\"width\":500,\"height\":300,\"caption\":\"binary comment\"},{\"@type\":\"BreadcrumbList\",\"@id\":\"https:\\\/\\\/raed.academy\\\/ca\\\/la-medicina-de-la-postmodernitat\\\/#breadcrumb\",\"itemListElement\":[{\"@type\":\"ListItem\",\"position\":1,\"name\":\"Inicio\",\"item\":\"https:\\\/\\\/raed.academy\\\/ca\\\/\"},{\"@type\":\"ListItem\",\"position\":2,\"name\":\"La medicina de la postmodernitat\"}]},{\"@type\":\"WebSite\",\"@id\":\"https:\\\/\\\/raed.academy\\\/ca\\\/#website\",\"url\":\"https:\\\/\\\/raed.academy\\\/ca\\\/\",\"name\":\"Reial Acad\u00e8mia Europea de Doctors\",\"description\":\"Corporaci\u00f3n de derecho p\u00fablico de car\u00e1cter cient\u00edfico, t\u00e9cnico y art\u00edstico, que tiene por objeto la investigaci\u00f3n, el estudio, el fomento y la extensi\u00f3n del conocimiento en su sentido m\u00e1s amplio\",\"publisher\":{\"@id\":\"https:\\\/\\\/raed.academy\\\/ca\\\/#organization\"},\"potentialAction\":[{\"@type\":\"SearchAction\",\"target\":{\"@type\":\"EntryPoint\",\"urlTemplate\":\"https:\\\/\\\/raed.academy\\\/ca\\\/?s={search_term_string}\"},\"query-input\":{\"@type\":\"PropertyValueSpecification\",\"valueRequired\":true,\"valueName\":\"search_term_string\"}}],\"inLanguage\":\"ca-ES\"},{\"@type\":\"Organization\",\"@id\":\"https:\\\/\\\/raed.academy\\\/ca\\\/#organization\",\"name\":\"Real Academia Europea de Doctores\",\"url\":\"https:\\\/\\\/raed.academy\\\/ca\\\/\",\"logo\":{\"@type\":\"ImageObject\",\"inLanguage\":\"ca-ES\",\"@id\":\"https:\\\/\\\/raed.academy\\\/ca\\\/#\\\/schema\\\/logo\\\/image\\\/\",\"url\":\"https:\\\/\\\/raed.academy\\\/wp-content\\\/uploads\\\/2017\\\/01\\\/cropped-logo_raed.png\",\"contentUrl\":\"https:\\\/\\\/raed.academy\\\/wp-content\\\/uploads\\\/2017\\\/01\\\/cropped-logo_raed.png\",\"width\":512,\"height\":512,\"caption\":\"Real Academia Europea de Doctores\"},\"image\":{\"@id\":\"https:\\\/\\\/raed.academy\\\/ca\\\/#\\\/schema\\\/logo\\\/image\\\/\"},\"sameAs\":[\"http:\\\/\\\/fb.me\\\/raed.academy\",\"https:\\\/\\\/x.com\\\/raedacademy\",\"https:\\\/\\\/www.instagram.com\\\/raed.academy\\\/\",\"https:\\\/\\\/www.youtube.com\\\/channel\\\/UCUYQwW2KrdirNWihxMDObwg\"]},{\"@type\":\"Person\",\"@id\":\"https:\\\/\\\/raed.academy\\\/ca\\\/#\\\/schema\\\/person\\\/5a755da80d1d979fd66ba745c8702927\",\"name\":\"RAED\",\"image\":{\"@type\":\"ImageObject\",\"inLanguage\":\"ca-ES\",\"@id\":\"https:\\\/\\\/secure.gravatar.com\\\/avatar\\\/19fdfdc0d67fb9c45714b703a2ac82251c4fcea3637f002ac3c9b74c0183583c?s=96&d=mm&r=g\",\"url\":\"https:\\\/\\\/secure.gravatar.com\\\/avatar\\\/19fdfdc0d67fb9c45714b703a2ac82251c4fcea3637f002ac3c9b74c0183583c?s=96&d=mm&r=g\",\"contentUrl\":\"https:\\\/\\\/secure.gravatar.com\\\/avatar\\\/19fdfdc0d67fb9c45714b703a2ac82251c4fcea3637f002ac3c9b74c0183583c?s=96&d=mm&r=g\",\"caption\":\"RAED\"}}]}<\/script>\n<!-- \/ Yoast SEO plugin. -->","yoast_head_json":{"title":"La medicina de la postmodernitat - Reial Acad\u00e8mia Europea de Doctors","description":"Joaquim Gironella aborda els reptes que suposa per a la medicina la conviv\u00e8ncia amb el pensament postmodern i totes les seves implicacions","robots":{"index":"index","follow":"follow","max-snippet":"max-snippet:-1","max-image-preview":"max-image-preview:large","max-video-preview":"max-video-preview:-1"},"canonical":"https:\/\/raed.academy\/ca\/la-medicina-de-la-postmodernitat\/","og_locale":"ca_ES","og_type":"article","og_title":"La medicina de la postmodernitat - Reial Acad\u00e8mia Europea de Doctors","og_description":"Joaquim Gironella aborda els reptes que suposa per a la medicina la conviv\u00e8ncia amb el pensament postmodern i totes les seves implicacions","og_url":"https:\/\/raed.academy\/ca\/la-medicina-de-la-postmodernitat\/","og_site_name":"Reial Acad\u00e8mia Europea de Doctors","article_publisher":"http:\/\/fb.me\/raed.academy","article_published_time":"2022-08-26T06:10:17+00:00","article_modified_time":"2022-09-07T12:07:20+00:00","og_image":[{"width":500,"height":300,"url":"https:\/\/raed.academy\/wp-content\/uploads\/2021\/02\/Joaquim-Gironella-dstNtc.jpg","type":"image\/jpeg"}],"author":"RAED","twitter_card":"summary_large_image","twitter_creator":"@raedacademy","twitter_site":"@raedacademy","twitter_misc":{"Written by":"RAED","Est. reading time":"3 minutes"},"schema":{"@context":"https:\/\/schema.org","@graph":[{"@type":"Article","@id":"https:\/\/raed.academy\/ca\/la-medicina-de-la-postmodernitat\/#article","isPartOf":{"@id":"https:\/\/raed.academy\/ca\/la-medicina-de-la-postmodernitat\/"},"author":{"name":"RAED","@id":"https:\/\/raed.academy\/ca\/#\/schema\/person\/5a755da80d1d979fd66ba745c8702927"},"headline":"La medicina de la postmodernitat","datePublished":"2022-08-26T06:10:17+00:00","dateModified":"2022-09-07T12:07:20+00:00","mainEntityOfPage":{"@id":"https:\/\/raed.academy\/ca\/la-medicina-de-la-postmodernitat\/"},"wordCount":593,"publisher":{"@id":"https:\/\/raed.academy\/ca\/#organization"},"image":{"@id":"https:\/\/raed.academy\/ca\/la-medicina-de-la-postmodernitat\/#primaryimage"},"thumbnailUrl":"https:\/\/raed.academy\/wp-content\/uploads\/2021\/02\/Joaquim-Gironella-dstNtc.jpg","articleSection":["Ci\u00e8ncies de la salut","Hist\u00f2ria","Medicina i cirurgia"],"inLanguage":"ca-ES"},{"@type":"WebPage","@id":"https:\/\/raed.academy\/ca\/la-medicina-de-la-postmodernitat\/","url":"https:\/\/raed.academy\/ca\/la-medicina-de-la-postmodernitat\/","name":"La medicina de la postmodernitat - Reial Acad\u00e8mia Europea de Doctors","isPartOf":{"@id":"https:\/\/raed.academy\/ca\/#website"},"primaryImageOfPage":{"@id":"https:\/\/raed.academy\/ca\/la-medicina-de-la-postmodernitat\/#primaryimage"},"image":{"@id":"https:\/\/raed.academy\/ca\/la-medicina-de-la-postmodernitat\/#primaryimage"},"thumbnailUrl":"https:\/\/raed.academy\/wp-content\/uploads\/2021\/02\/Joaquim-Gironella-dstNtc.jpg","datePublished":"2022-08-26T06:10:17+00:00","dateModified":"2022-09-07T12:07:20+00:00","description":"Joaquim Gironella aborda els reptes que suposa per a la medicina la conviv\u00e8ncia amb el pensament postmodern i totes les seves implicacions","breadcrumb":{"@id":"https:\/\/raed.academy\/ca\/la-medicina-de-la-postmodernitat\/#breadcrumb"},"inLanguage":"ca-ES","potentialAction":[{"@type":"ReadAction","target":["https:\/\/raed.academy\/ca\/la-medicina-de-la-postmodernitat\/"]}]},{"@type":"ImageObject","inLanguage":"ca-ES","@id":"https:\/\/raed.academy\/ca\/la-medicina-de-la-postmodernitat\/#primaryimage","url":"https:\/\/raed.academy\/wp-content\/uploads\/2021\/02\/Joaquim-Gironella-dstNtc.jpg","contentUrl":"https:\/\/raed.academy\/wp-content\/uploads\/2021\/02\/Joaquim-Gironella-dstNtc.jpg","width":500,"height":300,"caption":"binary comment"},{"@type":"BreadcrumbList","@id":"https:\/\/raed.academy\/ca\/la-medicina-de-la-postmodernitat\/#breadcrumb","itemListElement":[{"@type":"ListItem","position":1,"name":"Inicio","item":"https:\/\/raed.academy\/ca\/"},{"@type":"ListItem","position":2,"name":"La medicina de la postmodernitat"}]},{"@type":"WebSite","@id":"https:\/\/raed.academy\/ca\/#website","url":"https:\/\/raed.academy\/ca\/","name":"Reial Acad\u00e8mia Europea de Doctors","description":"Corporaci\u00f3n de derecho p\u00fablico de car\u00e1cter cient\u00edfico, t\u00e9cnico y art\u00edstico, que tiene por objeto la investigaci\u00f3n, el estudio, el fomento y la extensi\u00f3n del conocimiento en su sentido m\u00e1s amplio","publisher":{"@id":"https:\/\/raed.academy\/ca\/#organization"},"potentialAction":[{"@type":"SearchAction","target":{"@type":"EntryPoint","urlTemplate":"https:\/\/raed.academy\/ca\/?s={search_term_string}"},"query-input":{"@type":"PropertyValueSpecification","valueRequired":true,"valueName":"search_term_string"}}],"inLanguage":"ca-ES"},{"@type":"Organization","@id":"https:\/\/raed.academy\/ca\/#organization","name":"Real Academia Europea de Doctores","url":"https:\/\/raed.academy\/ca\/","logo":{"@type":"ImageObject","inLanguage":"ca-ES","@id":"https:\/\/raed.academy\/ca\/#\/schema\/logo\/image\/","url":"https:\/\/raed.academy\/wp-content\/uploads\/2017\/01\/cropped-logo_raed.png","contentUrl":"https:\/\/raed.academy\/wp-content\/uploads\/2017\/01\/cropped-logo_raed.png","width":512,"height":512,"caption":"Real Academia Europea de Doctores"},"image":{"@id":"https:\/\/raed.academy\/ca\/#\/schema\/logo\/image\/"},"sameAs":["http:\/\/fb.me\/raed.academy","https:\/\/x.com\/raedacademy","https:\/\/www.instagram.com\/raed.academy\/","https:\/\/www.youtube.com\/channel\/UCUYQwW2KrdirNWihxMDObwg"]},{"@type":"Person","@id":"https:\/\/raed.academy\/ca\/#\/schema\/person\/5a755da80d1d979fd66ba745c8702927","name":"RAED","image":{"@type":"ImageObject","inLanguage":"ca-ES","@id":"https:\/\/secure.gravatar.com\/avatar\/19fdfdc0d67fb9c45714b703a2ac82251c4fcea3637f002ac3c9b74c0183583c?s=96&d=mm&r=g","url":"https:\/\/secure.gravatar.com\/avatar\/19fdfdc0d67fb9c45714b703a2ac82251c4fcea3637f002ac3c9b74c0183583c?s=96&d=mm&r=g","contentUrl":"https:\/\/secure.gravatar.com\/avatar\/19fdfdc0d67fb9c45714b703a2ac82251c4fcea3637f002ac3c9b74c0183583c?s=96&d=mm&r=g","caption":"RAED"}}]}},"_links":{"self":[{"href":"https:\/\/raed.academy\/ca\/wp-json\/wp\/v2\/posts\/121764","targetHints":{"allow":["GET"]}}],"collection":[{"href":"https:\/\/raed.academy\/ca\/wp-json\/wp\/v2\/posts"}],"about":[{"href":"https:\/\/raed.academy\/ca\/wp-json\/wp\/v2\/types\/post"}],"author":[{"embeddable":true,"href":"https:\/\/raed.academy\/ca\/wp-json\/wp\/v2\/users\/12"}],"replies":[{"embeddable":true,"href":"https:\/\/raed.academy\/ca\/wp-json\/wp\/v2\/comments?post=121764"}],"version-history":[{"count":0,"href":"https:\/\/raed.academy\/ca\/wp-json\/wp\/v2\/posts\/121764\/revisions"}],"wp:featuredmedia":[{"embeddable":true,"href":"https:\/\/raed.academy\/ca\/wp-json\/wp\/v2\/media\/99314"}],"wp:attachment":[{"href":"https:\/\/raed.academy\/ca\/wp-json\/wp\/v2\/media?parent=121764"}],"wp:term":[{"taxonomy":"category","embeddable":true,"href":"https:\/\/raed.academy\/ca\/wp-json\/wp\/v2\/categories?post=121764"},{"taxonomy":"post_tag","embeddable":true,"href":"https:\/\/raed.academy\/ca\/wp-json\/wp\/v2\/tags?post=121764"}],"curies":[{"name":"wp","href":"https:\/\/api.w.org\/{rel}","templated":true}]}}