{"id":121363,"date":"2022-07-28T06:12:30","date_gmt":"2022-07-28T06:12:30","guid":{"rendered":"https:\/\/raed.academy\/?p=121363"},"modified":"2022-07-29T12:22:51","modified_gmt":"2022-07-29T12:22:51","slug":"emprenedoria-senior","status":"publish","type":"post","link":"https:\/\/raed.academy\/ca\/emprenedoria-senior\/","title":{"rendered":"Emprenedoria s\u00e8nior"},"content":{"rendered":"<div id=\"attachment_118666\" style=\"width: 380px\" class=\"wp-caption alignright\"><img loading=\"lazy\" decoding=\"async\" aria-describedby=\"caption-attachment-118666\" class=\"wp-image-118666\" src=\"https:\/\/raed.academy\/wp-content\/uploads\/2022\/06\/Aldo-Olcese-dst.webp\" sizes=\"(max-width: 370px) 100vw, 370px\" srcset=\"https:\/\/raed.academy\/wp-content\/uploads\/2022\/06\/Aldo-Olcese-dst.webp 500w, https:\/\/raed.academy\/wp-content\/uploads\/2022\/06\/Aldo-Olcese-dst-440x264.webp 440w\" alt=\"Dr. Aldo Olcese\" width=\"370\" height=\"222\" aria-describedby=\"caption-attachment-118666\" \/><p id=\"caption-attachment-118666\" class=\"wp-caption-text\">Dr. Aldo Olcese<\/p><\/div>\n<p><a href=\"https:\/\/raed.academy\/ca\/academics\/dr-aldo-olcese-santonja\/\" target=\"_blank\" rel=\"noopener\"><em><strong>Aldo Olcese<\/strong><\/em><\/a>, president de la\u00a0<strong>Fundaci\u00f3 Independent<\/strong> i de l&#8217;<strong>Associaci\u00f3 Nacional Societat Civil Ara<\/strong>, acad\u00e8mic de n\u00famero de la <strong>Reial Acad\u00e8mia de Ci\u00e8ncies Econ\u00f2miques i Financeres<\/strong> i acad\u00e8mic de n\u00famero i vicepresident de la <strong>Reial Acad\u00e8mia Europea de Doctors-Barcelona 1914<\/strong> (RAED), reflexiona sobre el talent s\u00e8nior i convida els emprenedors m\u00e9s veterans a aventurar-se en noves iniciatives empresarials en declaracions al portal especialitzat <strong>65YM\u00c1S<\/strong>. Les declaracions d&#8217;<strong>Olcese<\/strong> complementen de manera destacada un apartat que aquest mitj\u00e0 impulsat per <strong>Fernando \u00d3nega<\/strong>, president del seu <strong>Consell Editorial<\/strong>, dedica a l&#8217;emprenedoria s\u00e8nior. &#8220;\u00c9s molt bona sortida i cada vegada la veig m\u00e9s. \u00c9s dif\u00edcil, de vegades, que la jubilaci\u00f3 sigui activa a l&#8217;empresa on vas treballar tota la vida o a l&#8217;\u00faltima companyia on vas treballar, per\u00f2 \u00e9s perfectament conciliable amb noves iniciatives o enrolar-se en iniciatives existents aportant l&#8217;experi\u00e8ncia que has adquirit en altres mons&#8221;, assenyala l&#8217;acad\u00e8mic.<\/p>\n<p>&#8220;La gent gran ha d&#8217;estar oberta psicol\u00f2gicament a l&#8217;emprenedoria. Per aix\u00f2 ha d&#8217;haver-hi una permeabilitat amb els nous mons, amb la gent m\u00e9s jove, i cal tenir aquesta interacci\u00f3, promoure-la, intentar comprendre&#8217;s i, tamb\u00e9 -i \u00e9s la meva recomanaci\u00f3 m\u00e9s important- treballar-ho activament. Les coses, com sabem, no cauen del cel, i per tant, el primer que cal tenir \u00e9s la voluntat de fer-ho. Segon, la determinaci\u00f3 d&#8217;executar-ho. I tercer, la capacitat d&#8217;encertar. Per\u00f2 ja amb les dues primeres fases hi ha molt treball. Encertar i que sigui una cosa positiva que a m\u00e9s doni diners i generi valor ser\u00e0 fenomenal. Tenir la visi\u00f3 i la determinaci\u00f3 de fer-ho \u00e9s el m\u00e9s dif\u00edcil. I per aix\u00f2 hi ha un munt de cursos i situacions en qu\u00e8 el s\u00e8nior pot tenir marges per interactuar amb l&#8217;emprenedoria juvenil futura, i en mitjans com 65YM\u00c1S hi ha una tasca de difusi\u00f3 d&#8217;aquest tipus d&#8217;oportunitats, d&#8217;aquest tipus de generaci\u00f3 de futurs negocis, que tamb\u00e9 cal desenvolupar, promoure i ensenyar i que els s\u00e8nior puguin interactuar amb elles&#8221;, explica <strong>Olcese<\/strong>.<\/p>\n<p>Com destaca 65YM\u00c1S en un article signat per la seva directora, <strong>Ana Bedia<\/strong>, l&#8217;acad\u00e8mic i vicepresident de la RAED \u00e9s un reconegut expert en Responsabilitat Social Corporativa i un pioner a Espanya en la defensa de l&#8217;anomenat capitalisme humanista, ent\u00e8s com la recerca del b\u00e9 general des de l&#8217;inter\u00e8s privat. Ha treballat tant per als governs del <strong>PP<\/strong> com per als del <strong>PSOE<\/strong> i el seu <strong>&#8220;Manual de la empresa responsable y sostenible&#8221;<\/strong> ha esdevingut un referent a l&#8217;\u00e0mbit de la gesti\u00f3.<\/p>\n<h2><a href=\"https:\/\/www.65ymas.com\/emprendedores-senior\/consejos-deciden-emprender-55-anos_38623_102.html\" target=\"_blank\" rel=\"noopener\">Llegiu l&#8217;article<\/a><\/h2>\n<p><iframe loading=\"lazy\" title=\"Consejos para los que deciden emprender a los 55 a\u00f1os\" width=\"1080\" height=\"608\" src=\"https:\/\/www.youtube.com\/embed\/Ara5Qnf0Hvc?feature=oembed\" frameborder=\"0\" allow=\"accelerometer; autoplay; clipboard-write; encrypted-media; gyroscope; picture-in-picture\" allowfullscreen><\/iframe><\/p>\n","protected":false},"excerpt":{"rendered":"<p>Aldo Olcese reflexiona sobre el talent s\u00e8nior i convida els emprenedors m\u00e9s veterans a aventurar-se en noves iniciatives empresarials<\/p>\n","protected":false},"author":12,"featured_media":76268,"comment_status":"closed","ping_status":"closed","sticky":false,"template":"","format":"standard","meta":{"_et_pb_use_builder":"","_et_pb_old_content":"","_et_gb_content_width":"","footnotes":""},"categories":[233],"tags":[],"class_list":["post-121363","post","type-post","status-publish","format-standard","has-post-thumbnail","hentry","category-economiques-i-empresarials","et-has-post-format-content","et_post_format-et-post-format-standard"],"yoast_head":"<!-- This site is optimized with the Yoast SEO plugin v27.4 - https:\/\/yoast.com\/product\/yoast-seo-wordpress\/ -->\n<title>Emprenedoria s\u00e8nior - Reial Acad\u00e8mia Europea de Doctors<\/title>\n<meta name=\"description\" content=\"Aldo Olcese reflexiona sobre el talent s\u00e8nior i convida els emprenedors m\u00e9s veterans a aventurar-se en noves iniciatives empresarials\" \/>\n<meta name=\"robots\" content=\"index, follow, max-snippet:-1, max-image-preview:large, max-video-preview:-1\" \/>\n<link rel=\"canonical\" href=\"https:\/\/raed.academy\/ca\/emprenedoria-senior\/\" \/>\n<meta property=\"og:locale\" content=\"ca_ES\" \/>\n<meta property=\"og:type\" content=\"article\" \/>\n<meta property=\"og:title\" content=\"Emprenedoria s\u00e8nior - Reial Acad\u00e8mia Europea de Doctors\" \/>\n<meta property=\"og:description\" content=\"Aldo Olcese reflexiona sobre el talent s\u00e8nior i convida els emprenedors m\u00e9s veterans a aventurar-se en noves iniciatives empresarials\" \/>\n<meta property=\"og:url\" content=\"https:\/\/raed.academy\/ca\/emprenedoria-senior\/\" \/>\n<meta property=\"og:site_name\" content=\"Reial Acad\u00e8mia Europea de Doctors\" \/>\n<meta property=\"article:publisher\" content=\"http:\/\/fb.me\/raed.academy\" \/>\n<meta property=\"article:published_time\" content=\"2022-07-28T06:12:30+00:00\" \/>\n<meta property=\"article:modified_time\" content=\"2022-07-29T12:22:51+00:00\" \/>\n<meta property=\"og:image\" content=\"https:\/\/raed.academy\/wp-content\/uploads\/2019\/07\/2.libro-Pedro-Nueno-emprender-jubilacion-shutt-dstNtc.jpg\" \/>\n\t<meta property=\"og:image:width\" content=\"950\" \/>\n\t<meta property=\"og:image:height\" content=\"444\" \/>\n\t<meta property=\"og:image:type\" content=\"image\/jpeg\" \/>\n<meta name=\"author\" content=\"RAED\" \/>\n<meta name=\"twitter:card\" content=\"summary_large_image\" \/>\n<meta name=\"twitter:creator\" content=\"@raedacademy\" \/>\n<meta name=\"twitter:site\" content=\"@raedacademy\" \/>\n<meta name=\"twitter:label1\" content=\"Written by\" \/>\n\t<meta name=\"twitter:data1\" content=\"RAED\" \/>\n\t<meta name=\"twitter:label2\" content=\"Est. reading time\" \/>\n\t<meta name=\"twitter:data2\" content=\"3 minutes\" \/>\n<script type=\"application\/ld+json\" class=\"yoast-schema-graph\">{\"@context\":\"https:\\\/\\\/schema.org\",\"@graph\":[{\"@type\":\"Article\",\"@id\":\"https:\\\/\\\/raed.academy\\\/ca\\\/emprenedoria-senior\\\/#article\",\"isPartOf\":{\"@id\":\"https:\\\/\\\/raed.academy\\\/ca\\\/emprenedoria-senior\\\/\"},\"author\":{\"name\":\"RAED\",\"@id\":\"https:\\\/\\\/raed.academy\\\/ca\\\/#\\\/schema\\\/person\\\/5a755da80d1d979fd66ba745c8702927\"},\"headline\":\"Emprenedoria s\u00e8nior\",\"datePublished\":\"2022-07-28T06:12:30+00:00\",\"dateModified\":\"2022-07-29T12:22:51+00:00\",\"mainEntityOfPage\":{\"@id\":\"https:\\\/\\\/raed.academy\\\/ca\\\/emprenedoria-senior\\\/\"},\"wordCount\":478,\"publisher\":{\"@id\":\"https:\\\/\\\/raed.academy\\\/ca\\\/#organization\"},\"image\":{\"@id\":\"https:\\\/\\\/raed.academy\\\/ca\\\/emprenedoria-senior\\\/#primaryimage\"},\"thumbnailUrl\":\"https:\\\/\\\/raed.academy\\\/wp-content\\\/uploads\\\/2019\\\/07\\\/2.libro-Pedro-Nueno-emprender-jubilacion-shutt-dstNtc.jpg\",\"articleSection\":[\"Econ\u00f2miques i Empresarials\"],\"inLanguage\":\"ca-ES\"},{\"@type\":\"WebPage\",\"@id\":\"https:\\\/\\\/raed.academy\\\/ca\\\/emprenedoria-senior\\\/\",\"url\":\"https:\\\/\\\/raed.academy\\\/ca\\\/emprenedoria-senior\\\/\",\"name\":\"Emprenedoria s\u00e8nior - Reial Acad\u00e8mia Europea de Doctors\",\"isPartOf\":{\"@id\":\"https:\\\/\\\/raed.academy\\\/ca\\\/#website\"},\"primaryImageOfPage\":{\"@id\":\"https:\\\/\\\/raed.academy\\\/ca\\\/emprenedoria-senior\\\/#primaryimage\"},\"image\":{\"@id\":\"https:\\\/\\\/raed.academy\\\/ca\\\/emprenedoria-senior\\\/#primaryimage\"},\"thumbnailUrl\":\"https:\\\/\\\/raed.academy\\\/wp-content\\\/uploads\\\/2019\\\/07\\\/2.libro-Pedro-Nueno-emprender-jubilacion-shutt-dstNtc.jpg\",\"datePublished\":\"2022-07-28T06:12:30+00:00\",\"dateModified\":\"2022-07-29T12:22:51+00:00\",\"description\":\"Aldo Olcese reflexiona sobre el talent s\u00e8nior i convida els emprenedors m\u00e9s veterans a aventurar-se en noves iniciatives empresarials\",\"breadcrumb\":{\"@id\":\"https:\\\/\\\/raed.academy\\\/ca\\\/emprenedoria-senior\\\/#breadcrumb\"},\"inLanguage\":\"ca-ES\",\"potentialAction\":[{\"@type\":\"ReadAction\",\"target\":[\"https:\\\/\\\/raed.academy\\\/ca\\\/emprenedoria-senior\\\/\"]}]},{\"@type\":\"ImageObject\",\"inLanguage\":\"ca-ES\",\"@id\":\"https:\\\/\\\/raed.academy\\\/ca\\\/emprenedoria-senior\\\/#primaryimage\",\"url\":\"https:\\\/\\\/raed.academy\\\/wp-content\\\/uploads\\\/2019\\\/07\\\/2.libro-Pedro-Nueno-emprender-jubilacion-shutt-dstNtc.jpg\",\"contentUrl\":\"https:\\\/\\\/raed.academy\\\/wp-content\\\/uploads\\\/2019\\\/07\\\/2.libro-Pedro-Nueno-emprender-jubilacion-shutt-dstNtc.jpg\",\"width\":950,\"height\":444},{\"@type\":\"BreadcrumbList\",\"@id\":\"https:\\\/\\\/raed.academy\\\/ca\\\/emprenedoria-senior\\\/#breadcrumb\",\"itemListElement\":[{\"@type\":\"ListItem\",\"position\":1,\"name\":\"Inicio\",\"item\":\"https:\\\/\\\/raed.academy\\\/ca\\\/\"},{\"@type\":\"ListItem\",\"position\":2,\"name\":\"Emprenedoria s\u00e8nior\"}]},{\"@type\":\"WebSite\",\"@id\":\"https:\\\/\\\/raed.academy\\\/ca\\\/#website\",\"url\":\"https:\\\/\\\/raed.academy\\\/ca\\\/\",\"name\":\"Reial Acad\u00e8mia Europea de Doctors\",\"description\":\"Corporaci\u00f3n de derecho p\u00fablico de car\u00e1cter cient\u00edfico, t\u00e9cnico y art\u00edstico, que tiene por objeto la investigaci\u00f3n, el estudio, el fomento y la extensi\u00f3n del conocimiento en su sentido m\u00e1s amplio\",\"publisher\":{\"@id\":\"https:\\\/\\\/raed.academy\\\/ca\\\/#organization\"},\"potentialAction\":[{\"@type\":\"SearchAction\",\"target\":{\"@type\":\"EntryPoint\",\"urlTemplate\":\"https:\\\/\\\/raed.academy\\\/ca\\\/?s={search_term_string}\"},\"query-input\":{\"@type\":\"PropertyValueSpecification\",\"valueRequired\":true,\"valueName\":\"search_term_string\"}}],\"inLanguage\":\"ca-ES\"},{\"@type\":\"Organization\",\"@id\":\"https:\\\/\\\/raed.academy\\\/ca\\\/#organization\",\"name\":\"Real Academia Europea de Doctores\",\"url\":\"https:\\\/\\\/raed.academy\\\/ca\\\/\",\"logo\":{\"@type\":\"ImageObject\",\"inLanguage\":\"ca-ES\",\"@id\":\"https:\\\/\\\/raed.academy\\\/ca\\\/#\\\/schema\\\/logo\\\/image\\\/\",\"url\":\"https:\\\/\\\/raed.academy\\\/wp-content\\\/uploads\\\/2017\\\/01\\\/cropped-logo_raed.png\",\"contentUrl\":\"https:\\\/\\\/raed.academy\\\/wp-content\\\/uploads\\\/2017\\\/01\\\/cropped-logo_raed.png\",\"width\":512,\"height\":512,\"caption\":\"Real Academia Europea de Doctores\"},\"image\":{\"@id\":\"https:\\\/\\\/raed.academy\\\/ca\\\/#\\\/schema\\\/logo\\\/image\\\/\"},\"sameAs\":[\"http:\\\/\\\/fb.me\\\/raed.academy\",\"https:\\\/\\\/x.com\\\/raedacademy\",\"https:\\\/\\\/www.instagram.com\\\/raed.academy\\\/\",\"https:\\\/\\\/www.youtube.com\\\/channel\\\/UCUYQwW2KrdirNWihxMDObwg\"]},{\"@type\":\"Person\",\"@id\":\"https:\\\/\\\/raed.academy\\\/ca\\\/#\\\/schema\\\/person\\\/5a755da80d1d979fd66ba745c8702927\",\"name\":\"RAED\",\"image\":{\"@type\":\"ImageObject\",\"inLanguage\":\"ca-ES\",\"@id\":\"https:\\\/\\\/secure.gravatar.com\\\/avatar\\\/19fdfdc0d67fb9c45714b703a2ac82251c4fcea3637f002ac3c9b74c0183583c?s=96&d=mm&r=g\",\"url\":\"https:\\\/\\\/secure.gravatar.com\\\/avatar\\\/19fdfdc0d67fb9c45714b703a2ac82251c4fcea3637f002ac3c9b74c0183583c?s=96&d=mm&r=g\",\"contentUrl\":\"https:\\\/\\\/secure.gravatar.com\\\/avatar\\\/19fdfdc0d67fb9c45714b703a2ac82251c4fcea3637f002ac3c9b74c0183583c?s=96&d=mm&r=g\",\"caption\":\"RAED\"}}]}<\/script>\n<!-- \/ Yoast SEO plugin. -->","yoast_head_json":{"title":"Emprenedoria s\u00e8nior - Reial Acad\u00e8mia Europea de Doctors","description":"Aldo Olcese reflexiona sobre el talent s\u00e8nior i convida els emprenedors m\u00e9s veterans a aventurar-se en noves iniciatives empresarials","robots":{"index":"index","follow":"follow","max-snippet":"max-snippet:-1","max-image-preview":"max-image-preview:large","max-video-preview":"max-video-preview:-1"},"canonical":"https:\/\/raed.academy\/ca\/emprenedoria-senior\/","og_locale":"ca_ES","og_type":"article","og_title":"Emprenedoria s\u00e8nior - Reial Acad\u00e8mia Europea de Doctors","og_description":"Aldo Olcese reflexiona sobre el talent s\u00e8nior i convida els emprenedors m\u00e9s veterans a aventurar-se en noves iniciatives empresarials","og_url":"https:\/\/raed.academy\/ca\/emprenedoria-senior\/","og_site_name":"Reial Acad\u00e8mia Europea de Doctors","article_publisher":"http:\/\/fb.me\/raed.academy","article_published_time":"2022-07-28T06:12:30+00:00","article_modified_time":"2022-07-29T12:22:51+00:00","og_image":[{"width":950,"height":444,"url":"https:\/\/raed.academy\/wp-content\/uploads\/2019\/07\/2.libro-Pedro-Nueno-emprender-jubilacion-shutt-dstNtc.jpg","type":"image\/jpeg"}],"author":"RAED","twitter_card":"summary_large_image","twitter_creator":"@raedacademy","twitter_site":"@raedacademy","twitter_misc":{"Written by":"RAED","Est. reading time":"3 minutes"},"schema":{"@context":"https:\/\/schema.org","@graph":[{"@type":"Article","@id":"https:\/\/raed.academy\/ca\/emprenedoria-senior\/#article","isPartOf":{"@id":"https:\/\/raed.academy\/ca\/emprenedoria-senior\/"},"author":{"name":"RAED","@id":"https:\/\/raed.academy\/ca\/#\/schema\/person\/5a755da80d1d979fd66ba745c8702927"},"headline":"Emprenedoria s\u00e8nior","datePublished":"2022-07-28T06:12:30+00:00","dateModified":"2022-07-29T12:22:51+00:00","mainEntityOfPage":{"@id":"https:\/\/raed.academy\/ca\/emprenedoria-senior\/"},"wordCount":478,"publisher":{"@id":"https:\/\/raed.academy\/ca\/#organization"},"image":{"@id":"https:\/\/raed.academy\/ca\/emprenedoria-senior\/#primaryimage"},"thumbnailUrl":"https:\/\/raed.academy\/wp-content\/uploads\/2019\/07\/2.libro-Pedro-Nueno-emprender-jubilacion-shutt-dstNtc.jpg","articleSection":["Econ\u00f2miques i Empresarials"],"inLanguage":"ca-ES"},{"@type":"WebPage","@id":"https:\/\/raed.academy\/ca\/emprenedoria-senior\/","url":"https:\/\/raed.academy\/ca\/emprenedoria-senior\/","name":"Emprenedoria s\u00e8nior - Reial Acad\u00e8mia Europea de Doctors","isPartOf":{"@id":"https:\/\/raed.academy\/ca\/#website"},"primaryImageOfPage":{"@id":"https:\/\/raed.academy\/ca\/emprenedoria-senior\/#primaryimage"},"image":{"@id":"https:\/\/raed.academy\/ca\/emprenedoria-senior\/#primaryimage"},"thumbnailUrl":"https:\/\/raed.academy\/wp-content\/uploads\/2019\/07\/2.libro-Pedro-Nueno-emprender-jubilacion-shutt-dstNtc.jpg","datePublished":"2022-07-28T06:12:30+00:00","dateModified":"2022-07-29T12:22:51+00:00","description":"Aldo Olcese reflexiona sobre el talent s\u00e8nior i convida els emprenedors m\u00e9s veterans a aventurar-se en noves iniciatives empresarials","breadcrumb":{"@id":"https:\/\/raed.academy\/ca\/emprenedoria-senior\/#breadcrumb"},"inLanguage":"ca-ES","potentialAction":[{"@type":"ReadAction","target":["https:\/\/raed.academy\/ca\/emprenedoria-senior\/"]}]},{"@type":"ImageObject","inLanguage":"ca-ES","@id":"https:\/\/raed.academy\/ca\/emprenedoria-senior\/#primaryimage","url":"https:\/\/raed.academy\/wp-content\/uploads\/2019\/07\/2.libro-Pedro-Nueno-emprender-jubilacion-shutt-dstNtc.jpg","contentUrl":"https:\/\/raed.academy\/wp-content\/uploads\/2019\/07\/2.libro-Pedro-Nueno-emprender-jubilacion-shutt-dstNtc.jpg","width":950,"height":444},{"@type":"BreadcrumbList","@id":"https:\/\/raed.academy\/ca\/emprenedoria-senior\/#breadcrumb","itemListElement":[{"@type":"ListItem","position":1,"name":"Inicio","item":"https:\/\/raed.academy\/ca\/"},{"@type":"ListItem","position":2,"name":"Emprenedoria s\u00e8nior"}]},{"@type":"WebSite","@id":"https:\/\/raed.academy\/ca\/#website","url":"https:\/\/raed.academy\/ca\/","name":"Reial Acad\u00e8mia Europea de Doctors","description":"Corporaci\u00f3n de derecho p\u00fablico de car\u00e1cter cient\u00edfico, t\u00e9cnico y art\u00edstico, que tiene por objeto la investigaci\u00f3n, el estudio, el fomento y la extensi\u00f3n del conocimiento en su sentido m\u00e1s amplio","publisher":{"@id":"https:\/\/raed.academy\/ca\/#organization"},"potentialAction":[{"@type":"SearchAction","target":{"@type":"EntryPoint","urlTemplate":"https:\/\/raed.academy\/ca\/?s={search_term_string}"},"query-input":{"@type":"PropertyValueSpecification","valueRequired":true,"valueName":"search_term_string"}}],"inLanguage":"ca-ES"},{"@type":"Organization","@id":"https:\/\/raed.academy\/ca\/#organization","name":"Real Academia Europea de Doctores","url":"https:\/\/raed.academy\/ca\/","logo":{"@type":"ImageObject","inLanguage":"ca-ES","@id":"https:\/\/raed.academy\/ca\/#\/schema\/logo\/image\/","url":"https:\/\/raed.academy\/wp-content\/uploads\/2017\/01\/cropped-logo_raed.png","contentUrl":"https:\/\/raed.academy\/wp-content\/uploads\/2017\/01\/cropped-logo_raed.png","width":512,"height":512,"caption":"Real Academia Europea de Doctores"},"image":{"@id":"https:\/\/raed.academy\/ca\/#\/schema\/logo\/image\/"},"sameAs":["http:\/\/fb.me\/raed.academy","https:\/\/x.com\/raedacademy","https:\/\/www.instagram.com\/raed.academy\/","https:\/\/www.youtube.com\/channel\/UCUYQwW2KrdirNWihxMDObwg"]},{"@type":"Person","@id":"https:\/\/raed.academy\/ca\/#\/schema\/person\/5a755da80d1d979fd66ba745c8702927","name":"RAED","image":{"@type":"ImageObject","inLanguage":"ca-ES","@id":"https:\/\/secure.gravatar.com\/avatar\/19fdfdc0d67fb9c45714b703a2ac82251c4fcea3637f002ac3c9b74c0183583c?s=96&d=mm&r=g","url":"https:\/\/secure.gravatar.com\/avatar\/19fdfdc0d67fb9c45714b703a2ac82251c4fcea3637f002ac3c9b74c0183583c?s=96&d=mm&r=g","contentUrl":"https:\/\/secure.gravatar.com\/avatar\/19fdfdc0d67fb9c45714b703a2ac82251c4fcea3637f002ac3c9b74c0183583c?s=96&d=mm&r=g","caption":"RAED"}}]}},"_links":{"self":[{"href":"https:\/\/raed.academy\/ca\/wp-json\/wp\/v2\/posts\/121363","targetHints":{"allow":["GET"]}}],"collection":[{"href":"https:\/\/raed.academy\/ca\/wp-json\/wp\/v2\/posts"}],"about":[{"href":"https:\/\/raed.academy\/ca\/wp-json\/wp\/v2\/types\/post"}],"author":[{"embeddable":true,"href":"https:\/\/raed.academy\/ca\/wp-json\/wp\/v2\/users\/12"}],"replies":[{"embeddable":true,"href":"https:\/\/raed.academy\/ca\/wp-json\/wp\/v2\/comments?post=121363"}],"version-history":[{"count":0,"href":"https:\/\/raed.academy\/ca\/wp-json\/wp\/v2\/posts\/121363\/revisions"}],"wp:featuredmedia":[{"embeddable":true,"href":"https:\/\/raed.academy\/ca\/wp-json\/wp\/v2\/media\/76268"}],"wp:attachment":[{"href":"https:\/\/raed.academy\/ca\/wp-json\/wp\/v2\/media?parent=121363"}],"wp:term":[{"taxonomy":"category","embeddable":true,"href":"https:\/\/raed.academy\/ca\/wp-json\/wp\/v2\/categories?post=121363"},{"taxonomy":"post_tag","embeddable":true,"href":"https:\/\/raed.academy\/ca\/wp-json\/wp\/v2\/tags?post=121363"}],"curies":[{"name":"wp","href":"https:\/\/api.w.org\/{rel}","templated":true}]}}