{"id":121169,"date":"2022-07-21T07:18:56","date_gmt":"2022-07-21T07:18:56","guid":{"rendered":"https:\/\/raed.academy\/?p=121169"},"modified":"2022-07-22T13:35:29","modified_gmt":"2022-07-22T13:35:29","slug":"una-vetllada-de-bones-noticies","status":"publish","type":"post","link":"https:\/\/raed.academy\/ca\/una-vetllada-de-bones-noticies\/","title":{"rendered":"Una vetllada de bones not\u00edcies"},"content":{"rendered":"<p>La <strong>Reial Acad\u00e8mia Europea de Doctors-Barcelona 1914<\/strong> (RAED) i la <strong>Fundaci\u00f3 Pro Reial Acad\u00e8mia Europea de Doctors<\/strong> van tornar a celebrar el passat 14 de juliol el seu tradicional <strong>Sopar d&#8217;Estiu<\/strong>, en aquesta ocasi\u00f3 al <strong>Sal\u00f3 dels Atlants<\/strong> del <strong>Reial Cercle Art\u00edstic de Barcelona<\/strong>, el seu espai m\u00e9s noble. La cita va tenir una gran acollida i va aplegar uns 60 acad\u00e8mics, familiars i amics d&#8217;ambdues institucions, que van celebrar el retrobament en un ambient d&#8217;alegria i fraternitat. La recuperaci\u00f3 econ\u00f2mica, els darrers episodis de la pand\u00e8mia, les dificultats que ha suposat tot aix\u00f2 per a l&#8217;activitat social i acad\u00e8mica i el destacat paper d&#8217;aquestes institucions en aportar un component de rigor cient\u00edfic en el debat social que s&#8217;ha generat al llarg d&#8217;aquests mesos van marcar els temes de la conversa informal.<\/p>\n<p>En nom de la <strong>Junta de Govern<\/strong> de la RAED, el seu president, <a href=\"https:\/\/raed.academy\/ca\/academics\/dr-alfredo-rocafort-nicolau\/\" target=\"_blank\" rel=\"noopener\"><em><strong>Alfredo Rocafort<\/strong><\/em><\/a>, va celebrar el retorn gradual a la presencialitat i va agrair als presents i, en general, a tota la comunitat acad\u00e8mica, el seu comprom\u00eds amb la instituci\u00f3 en aquests temps dif\u00edcils, en qu\u00e8 l&#8217;Acad\u00e8mia ha sabut esquivar totes les dificultats produ\u00efdes per la pand\u00e8mia per mantenir el seu dinamisme i respondre des de la ci\u00e8ncia a tots els interrogants i inquietuds que s&#8217;hi han generat.<\/p>\n<p>La Reial Acad\u00e8mia afronta el nou per\u00edode amb optimisme i amb la gran not\u00edcia que suposa la recuperaci\u00f3 de la seva plena activitat, especialment amb l&#8217;<a href=\"https:\/\/galapagos.raed.academy\/\" target=\"_blank\" rel=\"noopener\"><strong>Expedici\u00f3 Cient\u00edfica que realitzar\u00e0 finalment aquest agost vinent a les Illes Gal\u00e1pagos<\/strong><\/a> despr\u00e9s del seu ajornament obligat de fa un any. Despr\u00e9s de renovar fa un any la seva Junta de Govern, la Reial Corporaci\u00f3 compta tamb\u00e9 ara amb un equip professional renovat que ha de garantir l&#8217;excel\u00b7l\u00e8ncia del seu treball diari per mantenir-se com una de les institucions cient\u00edfiques catalanes de m\u00e9s projecci\u00f3 internacional.<\/p>\n","protected":false},"excerpt":{"rendered":"<p>La RAED i la seva Fundaci\u00f3 tornen a celebrar el seu tradicional Sopar d&#8217;Estiu, aquesta vegada al Sal\u00f3 dels Atlants del Reial Cercle Art\u00edstic de Barcelona, el seu espai m\u00e9s noble<\/p>\n","protected":false},"author":12,"featured_media":121189,"comment_status":"closed","ping_status":"closed","sticky":false,"template":"","format":"standard","meta":{"_et_pb_use_builder":"","_et_pb_old_content":"","_et_gb_content_width":"","footnotes":""},"categories":[176],"tags":[],"class_list":["post-121169","post","type-post","status-publish","format-standard","has-post-thumbnail","hentry","category-academics-a-la-societat","et-has-post-format-content","et_post_format-et-post-format-standard"],"yoast_head":"<!-- This site is optimized with the Yoast SEO plugin v27.4 - https:\/\/yoast.com\/product\/yoast-seo-wordpress\/ -->\n<title>Una vetllada de bones not\u00edcies - Reial Acad\u00e8mia Europea de Doctors<\/title>\n<meta name=\"description\" content=\"La RAED i la seva Fundaci\u00f3 tornen a celebrar el seu tradicional Sopar d&#039;Estiu, aquesta vegada al Sal\u00f3 dels Atlants del Reial Cercle Art\u00edstic de Barcelona, el seu espai m\u00e9s noble\" \/>\n<meta name=\"robots\" content=\"noindex, follow\" \/>\n<meta property=\"og:locale\" content=\"ca_ES\" \/>\n<meta property=\"og:type\" content=\"article\" \/>\n<meta property=\"og:title\" content=\"Una vetllada de bones not\u00edcies - Reial Acad\u00e8mia Europea de Doctors\" \/>\n<meta property=\"og:description\" content=\"La RAED i la seva Fundaci\u00f3 tornen a celebrar el seu tradicional Sopar d&#039;Estiu, aquesta vegada al Sal\u00f3 dels Atlants del Reial Cercle Art\u00edstic de Barcelona, el seu espai m\u00e9s noble\" \/>\n<meta property=\"og:url\" content=\"https:\/\/raed.academy\/ca\/una-vetllada-de-bones-noticies\/\" \/>\n<meta property=\"og:site_name\" content=\"Reial Acad\u00e8mia Europea de Doctors\" \/>\n<meta property=\"article:publisher\" content=\"http:\/\/fb.me\/raed.academy\" \/>\n<meta property=\"article:published_time\" content=\"2022-07-21T07:18:56+00:00\" \/>\n<meta property=\"article:modified_time\" content=\"2022-07-22T13:35:29+00:00\" \/>\n<meta property=\"og:image\" content=\"https:\/\/raed.academy\/wp-content\/uploads\/2022\/07\/cena-de-verano-RAED-2022.webp\" \/>\n\t<meta property=\"og:image:width\" content=\"1240\" \/>\n\t<meta property=\"og:image:height\" content=\"827\" \/>\n\t<meta property=\"og:image:type\" content=\"image\/webp\" \/>\n<meta name=\"author\" content=\"RAED\" \/>\n<meta name=\"twitter:card\" content=\"summary_large_image\" \/>\n<meta name=\"twitter:creator\" content=\"@raedacademy\" \/>\n<meta name=\"twitter:site\" content=\"@raedacademy\" \/>\n<meta name=\"twitter:label1\" content=\"Written by\" \/>\n\t<meta name=\"twitter:data1\" content=\"RAED\" \/>\n\t<meta name=\"twitter:label2\" content=\"Est. reading time\" \/>\n\t<meta name=\"twitter:data2\" content=\"2 minutes\" \/>\n<script type=\"application\/ld+json\" class=\"yoast-schema-graph\">{\"@context\":\"https:\\\/\\\/schema.org\",\"@graph\":[{\"@type\":\"Article\",\"@id\":\"https:\\\/\\\/raed.academy\\\/ca\\\/una-vetllada-de-bones-noticies\\\/#article\",\"isPartOf\":{\"@id\":\"https:\\\/\\\/raed.academy\\\/ca\\\/una-vetllada-de-bones-noticies\\\/\"},\"author\":{\"name\":\"RAED\",\"@id\":\"https:\\\/\\\/raed.academy\\\/ca\\\/#\\\/schema\\\/person\\\/5a755da80d1d979fd66ba745c8702927\"},\"headline\":\"Una vetllada de bones not\u00edcies\",\"datePublished\":\"2022-07-21T07:18:56+00:00\",\"dateModified\":\"2022-07-22T13:35:29+00:00\",\"mainEntityOfPage\":{\"@id\":\"https:\\\/\\\/raed.academy\\\/ca\\\/una-vetllada-de-bones-noticies\\\/\"},\"wordCount\":343,\"publisher\":{\"@id\":\"https:\\\/\\\/raed.academy\\\/ca\\\/#organization\"},\"image\":{\"@id\":\"https:\\\/\\\/raed.academy\\\/ca\\\/una-vetllada-de-bones-noticies\\\/#primaryimage\"},\"thumbnailUrl\":\"https:\\\/\\\/raed.academy\\\/wp-content\\\/uploads\\\/2022\\\/07\\\/cena-de-verano-RAED-2022.webp\",\"articleSection\":[\"Acad\u00e8mics a la societat\"],\"inLanguage\":\"ca-ES\"},{\"@type\":\"WebPage\",\"@id\":\"https:\\\/\\\/raed.academy\\\/ca\\\/una-vetllada-de-bones-noticies\\\/\",\"url\":\"https:\\\/\\\/raed.academy\\\/ca\\\/una-vetllada-de-bones-noticies\\\/\",\"name\":\"Una vetllada de bones not\u00edcies - Reial Acad\u00e8mia Europea de Doctors\",\"isPartOf\":{\"@id\":\"https:\\\/\\\/raed.academy\\\/ca\\\/#website\"},\"primaryImageOfPage\":{\"@id\":\"https:\\\/\\\/raed.academy\\\/ca\\\/una-vetllada-de-bones-noticies\\\/#primaryimage\"},\"image\":{\"@id\":\"https:\\\/\\\/raed.academy\\\/ca\\\/una-vetllada-de-bones-noticies\\\/#primaryimage\"},\"thumbnailUrl\":\"https:\\\/\\\/raed.academy\\\/wp-content\\\/uploads\\\/2022\\\/07\\\/cena-de-verano-RAED-2022.webp\",\"datePublished\":\"2022-07-21T07:18:56+00:00\",\"dateModified\":\"2022-07-22T13:35:29+00:00\",\"description\":\"La RAED i la seva Fundaci\u00f3 tornen a celebrar el seu tradicional Sopar d'Estiu, aquesta vegada al Sal\u00f3 dels Atlants del Reial Cercle Art\u00edstic de Barcelona, el seu espai m\u00e9s noble\",\"breadcrumb\":{\"@id\":\"https:\\\/\\\/raed.academy\\\/ca\\\/una-vetllada-de-bones-noticies\\\/#breadcrumb\"},\"inLanguage\":\"ca-ES\",\"potentialAction\":[{\"@type\":\"ReadAction\",\"target\":[\"https:\\\/\\\/raed.academy\\\/ca\\\/una-vetllada-de-bones-noticies\\\/\"]}]},{\"@type\":\"ImageObject\",\"inLanguage\":\"ca-ES\",\"@id\":\"https:\\\/\\\/raed.academy\\\/ca\\\/una-vetllada-de-bones-noticies\\\/#primaryimage\",\"url\":\"https:\\\/\\\/raed.academy\\\/wp-content\\\/uploads\\\/2022\\\/07\\\/cena-de-verano-RAED-2022.webp\",\"contentUrl\":\"https:\\\/\\\/raed.academy\\\/wp-content\\\/uploads\\\/2022\\\/07\\\/cena-de-verano-RAED-2022.webp\",\"width\":1240,\"height\":827},{\"@type\":\"BreadcrumbList\",\"@id\":\"https:\\\/\\\/raed.academy\\\/ca\\\/una-vetllada-de-bones-noticies\\\/#breadcrumb\",\"itemListElement\":[{\"@type\":\"ListItem\",\"position\":1,\"name\":\"Inicio\",\"item\":\"https:\\\/\\\/raed.academy\\\/ca\\\/\"},{\"@type\":\"ListItem\",\"position\":2,\"name\":\"Una vetllada de bones not\u00edcies\"}]},{\"@type\":\"WebSite\",\"@id\":\"https:\\\/\\\/raed.academy\\\/ca\\\/#website\",\"url\":\"https:\\\/\\\/raed.academy\\\/ca\\\/\",\"name\":\"Reial Acad\u00e8mia Europea de Doctors\",\"description\":\"Corporaci\u00f3n de derecho p\u00fablico de car\u00e1cter cient\u00edfico, t\u00e9cnico y art\u00edstico, que tiene por objeto la investigaci\u00f3n, el estudio, el fomento y la extensi\u00f3n del conocimiento en su sentido m\u00e1s amplio\",\"publisher\":{\"@id\":\"https:\\\/\\\/raed.academy\\\/ca\\\/#organization\"},\"potentialAction\":[{\"@type\":\"SearchAction\",\"target\":{\"@type\":\"EntryPoint\",\"urlTemplate\":\"https:\\\/\\\/raed.academy\\\/ca\\\/?s={search_term_string}\"},\"query-input\":{\"@type\":\"PropertyValueSpecification\",\"valueRequired\":true,\"valueName\":\"search_term_string\"}}],\"inLanguage\":\"ca-ES\"},{\"@type\":\"Organization\",\"@id\":\"https:\\\/\\\/raed.academy\\\/ca\\\/#organization\",\"name\":\"Real Academia Europea de Doctores\",\"url\":\"https:\\\/\\\/raed.academy\\\/ca\\\/\",\"logo\":{\"@type\":\"ImageObject\",\"inLanguage\":\"ca-ES\",\"@id\":\"https:\\\/\\\/raed.academy\\\/ca\\\/#\\\/schema\\\/logo\\\/image\\\/\",\"url\":\"https:\\\/\\\/raed.academy\\\/wp-content\\\/uploads\\\/2017\\\/01\\\/cropped-logo_raed.png\",\"contentUrl\":\"https:\\\/\\\/raed.academy\\\/wp-content\\\/uploads\\\/2017\\\/01\\\/cropped-logo_raed.png\",\"width\":512,\"height\":512,\"caption\":\"Real Academia Europea de Doctores\"},\"image\":{\"@id\":\"https:\\\/\\\/raed.academy\\\/ca\\\/#\\\/schema\\\/logo\\\/image\\\/\"},\"sameAs\":[\"http:\\\/\\\/fb.me\\\/raed.academy\",\"https:\\\/\\\/x.com\\\/raedacademy\",\"https:\\\/\\\/www.instagram.com\\\/raed.academy\\\/\",\"https:\\\/\\\/www.youtube.com\\\/channel\\\/UCUYQwW2KrdirNWihxMDObwg\"]},{\"@type\":\"Person\",\"@id\":\"https:\\\/\\\/raed.academy\\\/ca\\\/#\\\/schema\\\/person\\\/5a755da80d1d979fd66ba745c8702927\",\"name\":\"RAED\",\"image\":{\"@type\":\"ImageObject\",\"inLanguage\":\"ca-ES\",\"@id\":\"https:\\\/\\\/secure.gravatar.com\\\/avatar\\\/19fdfdc0d67fb9c45714b703a2ac82251c4fcea3637f002ac3c9b74c0183583c?s=96&d=mm&r=g\",\"url\":\"https:\\\/\\\/secure.gravatar.com\\\/avatar\\\/19fdfdc0d67fb9c45714b703a2ac82251c4fcea3637f002ac3c9b74c0183583c?s=96&d=mm&r=g\",\"contentUrl\":\"https:\\\/\\\/secure.gravatar.com\\\/avatar\\\/19fdfdc0d67fb9c45714b703a2ac82251c4fcea3637f002ac3c9b74c0183583c?s=96&d=mm&r=g\",\"caption\":\"RAED\"}}]}<\/script>\n<!-- \/ Yoast SEO plugin. -->","yoast_head_json":{"title":"Una vetllada de bones not\u00edcies - Reial Acad\u00e8mia Europea de Doctors","description":"La RAED i la seva Fundaci\u00f3 tornen a celebrar el seu tradicional Sopar d'Estiu, aquesta vegada al Sal\u00f3 dels Atlants del Reial Cercle Art\u00edstic de Barcelona, el seu espai m\u00e9s noble","robots":{"index":"noindex","follow":"follow"},"og_locale":"ca_ES","og_type":"article","og_title":"Una vetllada de bones not\u00edcies - Reial Acad\u00e8mia Europea de Doctors","og_description":"La RAED i la seva Fundaci\u00f3 tornen a celebrar el seu tradicional Sopar d'Estiu, aquesta vegada al Sal\u00f3 dels Atlants del Reial Cercle Art\u00edstic de Barcelona, el seu espai m\u00e9s noble","og_url":"https:\/\/raed.academy\/ca\/una-vetllada-de-bones-noticies\/","og_site_name":"Reial Acad\u00e8mia Europea de Doctors","article_publisher":"http:\/\/fb.me\/raed.academy","article_published_time":"2022-07-21T07:18:56+00:00","article_modified_time":"2022-07-22T13:35:29+00:00","og_image":[{"width":1240,"height":827,"url":"https:\/\/raed.academy\/wp-content\/uploads\/2022\/07\/cena-de-verano-RAED-2022.webp","type":"image\/webp"}],"author":"RAED","twitter_card":"summary_large_image","twitter_creator":"@raedacademy","twitter_site":"@raedacademy","twitter_misc":{"Written by":"RAED","Est. reading time":"2 minutes"},"schema":{"@context":"https:\/\/schema.org","@graph":[{"@type":"Article","@id":"https:\/\/raed.academy\/ca\/una-vetllada-de-bones-noticies\/#article","isPartOf":{"@id":"https:\/\/raed.academy\/ca\/una-vetllada-de-bones-noticies\/"},"author":{"name":"RAED","@id":"https:\/\/raed.academy\/ca\/#\/schema\/person\/5a755da80d1d979fd66ba745c8702927"},"headline":"Una vetllada de bones not\u00edcies","datePublished":"2022-07-21T07:18:56+00:00","dateModified":"2022-07-22T13:35:29+00:00","mainEntityOfPage":{"@id":"https:\/\/raed.academy\/ca\/una-vetllada-de-bones-noticies\/"},"wordCount":343,"publisher":{"@id":"https:\/\/raed.academy\/ca\/#organization"},"image":{"@id":"https:\/\/raed.academy\/ca\/una-vetllada-de-bones-noticies\/#primaryimage"},"thumbnailUrl":"https:\/\/raed.academy\/wp-content\/uploads\/2022\/07\/cena-de-verano-RAED-2022.webp","articleSection":["Acad\u00e8mics a la societat"],"inLanguage":"ca-ES"},{"@type":"WebPage","@id":"https:\/\/raed.academy\/ca\/una-vetllada-de-bones-noticies\/","url":"https:\/\/raed.academy\/ca\/una-vetllada-de-bones-noticies\/","name":"Una vetllada de bones not\u00edcies - Reial Acad\u00e8mia Europea de Doctors","isPartOf":{"@id":"https:\/\/raed.academy\/ca\/#website"},"primaryImageOfPage":{"@id":"https:\/\/raed.academy\/ca\/una-vetllada-de-bones-noticies\/#primaryimage"},"image":{"@id":"https:\/\/raed.academy\/ca\/una-vetllada-de-bones-noticies\/#primaryimage"},"thumbnailUrl":"https:\/\/raed.academy\/wp-content\/uploads\/2022\/07\/cena-de-verano-RAED-2022.webp","datePublished":"2022-07-21T07:18:56+00:00","dateModified":"2022-07-22T13:35:29+00:00","description":"La RAED i la seva Fundaci\u00f3 tornen a celebrar el seu tradicional Sopar d'Estiu, aquesta vegada al Sal\u00f3 dels Atlants del Reial Cercle Art\u00edstic de Barcelona, el seu espai m\u00e9s noble","breadcrumb":{"@id":"https:\/\/raed.academy\/ca\/una-vetllada-de-bones-noticies\/#breadcrumb"},"inLanguage":"ca-ES","potentialAction":[{"@type":"ReadAction","target":["https:\/\/raed.academy\/ca\/una-vetllada-de-bones-noticies\/"]}]},{"@type":"ImageObject","inLanguage":"ca-ES","@id":"https:\/\/raed.academy\/ca\/una-vetllada-de-bones-noticies\/#primaryimage","url":"https:\/\/raed.academy\/wp-content\/uploads\/2022\/07\/cena-de-verano-RAED-2022.webp","contentUrl":"https:\/\/raed.academy\/wp-content\/uploads\/2022\/07\/cena-de-verano-RAED-2022.webp","width":1240,"height":827},{"@type":"BreadcrumbList","@id":"https:\/\/raed.academy\/ca\/una-vetllada-de-bones-noticies\/#breadcrumb","itemListElement":[{"@type":"ListItem","position":1,"name":"Inicio","item":"https:\/\/raed.academy\/ca\/"},{"@type":"ListItem","position":2,"name":"Una vetllada de bones not\u00edcies"}]},{"@type":"WebSite","@id":"https:\/\/raed.academy\/ca\/#website","url":"https:\/\/raed.academy\/ca\/","name":"Reial Acad\u00e8mia Europea de Doctors","description":"Corporaci\u00f3n de derecho p\u00fablico de car\u00e1cter cient\u00edfico, t\u00e9cnico y art\u00edstico, que tiene por objeto la investigaci\u00f3n, el estudio, el fomento y la extensi\u00f3n del conocimiento en su sentido m\u00e1s amplio","publisher":{"@id":"https:\/\/raed.academy\/ca\/#organization"},"potentialAction":[{"@type":"SearchAction","target":{"@type":"EntryPoint","urlTemplate":"https:\/\/raed.academy\/ca\/?s={search_term_string}"},"query-input":{"@type":"PropertyValueSpecification","valueRequired":true,"valueName":"search_term_string"}}],"inLanguage":"ca-ES"},{"@type":"Organization","@id":"https:\/\/raed.academy\/ca\/#organization","name":"Real Academia Europea de Doctores","url":"https:\/\/raed.academy\/ca\/","logo":{"@type":"ImageObject","inLanguage":"ca-ES","@id":"https:\/\/raed.academy\/ca\/#\/schema\/logo\/image\/","url":"https:\/\/raed.academy\/wp-content\/uploads\/2017\/01\/cropped-logo_raed.png","contentUrl":"https:\/\/raed.academy\/wp-content\/uploads\/2017\/01\/cropped-logo_raed.png","width":512,"height":512,"caption":"Real Academia Europea de Doctores"},"image":{"@id":"https:\/\/raed.academy\/ca\/#\/schema\/logo\/image\/"},"sameAs":["http:\/\/fb.me\/raed.academy","https:\/\/x.com\/raedacademy","https:\/\/www.instagram.com\/raed.academy\/","https:\/\/www.youtube.com\/channel\/UCUYQwW2KrdirNWihxMDObwg"]},{"@type":"Person","@id":"https:\/\/raed.academy\/ca\/#\/schema\/person\/5a755da80d1d979fd66ba745c8702927","name":"RAED","image":{"@type":"ImageObject","inLanguage":"ca-ES","@id":"https:\/\/secure.gravatar.com\/avatar\/19fdfdc0d67fb9c45714b703a2ac82251c4fcea3637f002ac3c9b74c0183583c?s=96&d=mm&r=g","url":"https:\/\/secure.gravatar.com\/avatar\/19fdfdc0d67fb9c45714b703a2ac82251c4fcea3637f002ac3c9b74c0183583c?s=96&d=mm&r=g","contentUrl":"https:\/\/secure.gravatar.com\/avatar\/19fdfdc0d67fb9c45714b703a2ac82251c4fcea3637f002ac3c9b74c0183583c?s=96&d=mm&r=g","caption":"RAED"}}]}},"_links":{"self":[{"href":"https:\/\/raed.academy\/ca\/wp-json\/wp\/v2\/posts\/121169","targetHints":{"allow":["GET"]}}],"collection":[{"href":"https:\/\/raed.academy\/ca\/wp-json\/wp\/v2\/posts"}],"about":[{"href":"https:\/\/raed.academy\/ca\/wp-json\/wp\/v2\/types\/post"}],"author":[{"embeddable":true,"href":"https:\/\/raed.academy\/ca\/wp-json\/wp\/v2\/users\/12"}],"replies":[{"embeddable":true,"href":"https:\/\/raed.academy\/ca\/wp-json\/wp\/v2\/comments?post=121169"}],"version-history":[{"count":0,"href":"https:\/\/raed.academy\/ca\/wp-json\/wp\/v2\/posts\/121169\/revisions"}],"wp:featuredmedia":[{"embeddable":true,"href":"https:\/\/raed.academy\/ca\/wp-json\/wp\/v2\/media\/121189"}],"wp:attachment":[{"href":"https:\/\/raed.academy\/ca\/wp-json\/wp\/v2\/media?parent=121169"}],"wp:term":[{"taxonomy":"category","embeddable":true,"href":"https:\/\/raed.academy\/ca\/wp-json\/wp\/v2\/categories?post=121169"},{"taxonomy":"post_tag","embeddable":true,"href":"https:\/\/raed.academy\/ca\/wp-json\/wp\/v2\/tags?post=121169"}],"curies":[{"name":"wp","href":"https:\/\/api.w.org\/{rel}","templated":true}]}}