{"id":120214,"date":"2022-06-30T06:24:01","date_gmt":"2022-06-30T06:24:01","guid":{"rendered":"https:\/\/raed.academy\/?p=120214"},"modified":"2022-07-05T09:09:01","modified_gmt":"2022-07-05T09:09:01","slug":"angels-amb-safata","status":"publish","type":"post","link":"https:\/\/raed.academy\/ca\/angels-amb-safata\/","title":{"rendered":"\u00c0ngels amb safata"},"content":{"rendered":"<p><img loading=\"lazy\" decoding=\"async\" class=\"alignright wp-image-89871\" src=\"https:\/\/raed.academy\/wp-content\/uploads\/2020\/04\/hosteleria-dstNtc.jpg\" alt=\"\" width=\"401\" height=\"259\" \/><a href=\"https:\/\/raed.academy\/ca\/academics\/sr-josep-roca-fontane\/\" target=\"_blank\" rel=\"noopener\"><em><strong>Josep Roca<\/strong><\/em><\/a>, acad\u00e8mic d&#8217;honor de la <strong>Reial Acad\u00e8mia Europea de Doctors-Barcelona 1914<\/strong> (RAED) i reconegut xef del restaurant <strong>El Celler de Can Roca<\/strong>, entre altres projectes gastron\u00f2mics, reflexiona sobre l&#8217;actual crisi que es dona a Espanya al sector de la restauraci\u00f3 i hostaleria, amb una falta preocupant de cambrers en plena recuperaci\u00f3 de l&#8217;activitat, en una entrevista concedida al portal especialitzat <strong>Siete Can\u00edbales<\/strong>. Per a <strong>Roca<\/strong>, que es defineix com a cambrer en tant que cap de sala d&#8217;El Celler, l&#8217;actual manca de persona es deu m\u00e9s a una din\u00e0mica generacional que a una simple q\u00fcesti\u00f3 de sou o de condicions de treball, per m\u00e9s que a parer seu siguin tamb\u00e9 elements que condicionen la situaci\u00f3.<\/p>\n<p>&#8220;No nom\u00e9s calen cambrers, tamb\u00e9 falten infermers o metges. El que tenim davant, m\u00e9s enll\u00e0 que faltin bra\u00e7os aquesta temporada al sector tur\u00edstic, \u00e9s una generaci\u00f3 dels 20 als 35 anys molt cremada emocionalment. S\u00f3n els m\u00e9s preparats acad\u00e8micament, per\u00f2 nom\u00e9s els hem donat crisis i no els estem deixant un bon futur. El planeta dona s\u00edmptomes d&#8217;esgotament, saben que no poden emprendre com ho van fer els seus pares o avis, estan dolguts amb les generacions anteriors. \u00c9s normal que exigeixin un preu just, conciliaci\u00f3 personal i condicions de vida compatibles amb el lleure, que \u00e9s l&#8217;\u00fanica cosa que tenen, \u00e9s l\u00f2gic que no vulguin renunciar-hi! En lloc de preguntar-nos per qu\u00e8 els joves no volen ser cambrers ens haur\u00edem de preguntar qu\u00e8 els hem fet perqu\u00e8 estiguin aix\u00ed&#8221;, inicia l&#8217;acad\u00e8mic la seva reflexi\u00f3.<\/p>\n<div id=\"attachment_120518\" style=\"width: 265px\" class=\"wp-caption alignleft\"><img loading=\"lazy\" decoding=\"async\" aria-describedby=\"caption-attachment-120518\" class=\"wp-image-120518\" src=\"https:\/\/raed.academy\/wp-content\/uploads\/2022\/06\/Josep-Roca.webp\" sizes=\"(max-width: 255px) 100vw, 255px\" srcset=\"https:\/\/raed.academy\/wp-content\/uploads\/2022\/06\/Josep-Roca.webp 370w, https:\/\/raed.academy\/wp-content\/uploads\/2022\/06\/Josep-Roca-150x150.webp 150w, https:\/\/raed.academy\/wp-content\/uploads\/2022\/06\/Josep-Roca-300x300.webp 300w\" alt=\"Josep Roca\" width=\"255\" height=\"255\" aria-describedby=\"caption-attachment-120518\" \/><p id=\"caption-attachment-120518\" class=\"wp-caption-text\">Josep Roca<\/p><\/div>\n<p>Per a <strong>Josep Roca<\/strong>, avui dia s&#8217;ha de produir una nova relaci\u00f3 entre empresa i treballador. &#8220;La gent no nom\u00e9s vol cobrar m\u00e9s, vol sentir-se escoltada, cuidada, respectada i acompanyada en el seu creixement tant personal com professional. Cal incentivar els talents i motivar la passi\u00f3, que \u00e9s el foc del coneixement&#8221;, considera. En aquest sentit, insta a canviar l&#8217;actual model de l&#8217;hostaleria, a fer que la gent que hi vulgui participar i implicar-se en aquest sector se senti plenament identificada i integrada als projectes empresarials. &#8220;\u00c9s el moment d&#8217;ordenar el sector de l&#8217;hostaleria. D&#8217;acceptar una nova realitat. El repte avui \u00e9s la dignitat laboral, el respecte a la vida de les persones que col\u00b7laboren en el teu negoci. Cal canviar de paradigma. Ja no \u00e9s acceptable all\u00f2 de qu\u00e8 l&#8217;hostaleria \u00e9s aix\u00ed. Sobretot perqu\u00e8 aquesta generaci\u00f3 no \u00e9s com les anteriors. Est\u00e0 molt sensible emocionalment, t\u00e9 una sensaci\u00f3 d&#8217;engany permanent. Cal donar-los espai de creixement&#8221;, assenyala.<\/p>\n<p><strong>Roca<\/strong> reivindica el paper de servei de la professi\u00f3, dins d&#8217;un humanisme i vocaci\u00f3 de servei que no se sol tenir en compte, comparant els cambrers amb els infermers. Es tracta d&#8217;una tasca, segons la seva opini\u00f3, que ni es pot ni s&#8217;ha de robotitzar, emmarcant el debat en quin tipus de societat volem per al futur: la de robots o la d&#8217;\u00e0ngels. &#8220;\u00c9s un debat filos\u00f2fic molt profund sobre l&#8217;humanisme i la intel\u00b7lig\u00e8ncia artificial en qu\u00e8 cal buscar un equilibri&#8221;, conclou.<\/p>\n<h2><a href=\"https:\/\/www.7canibales.com\/beber\/vinos\/josep-roca-faltan-camareros-porque-tenemos-una-generacion-emocionalmente-muy-quemada\/\" target=\"_blank\" rel=\"noopener\">Llegiu l&#8217;entrevista<\/a><\/h2>\n","protected":false},"excerpt":{"rendered":"<p>Josep Roca, llorejat xef del restaurant El Celler de Can Roca, sobre l&#8217;actual crisi de l&#8217;hostaleria, i la preocupant manca de cambrers en plena recuperaci\u00f3 de l&#8217;activitat<\/p>\n","protected":false},"author":12,"featured_media":89872,"comment_status":"closed","ping_status":"closed","sticky":false,"template":"","format":"standard","meta":{"_et_pb_use_builder":"","_et_pb_old_content":"","_et_gb_content_width":"","footnotes":""},"categories":[304,347],"tags":[],"class_list":["post-120214","post","type-post","status-publish","format-standard","has-post-thumbnail","hentry","category-economia-i-politica-ca","category-gastronomia-ca","et-has-post-format-content","et_post_format-et-post-format-standard"],"yoast_head":"<!-- This site is optimized with the Yoast SEO plugin v27.4 - https:\/\/yoast.com\/product\/yoast-seo-wordpress\/ -->\n<title>\u00c0ngels amb safata - Reial Acad\u00e8mia Europea de Doctors<\/title>\n<meta name=\"description\" content=\"Josep Roca sobre l&#039;actual crisi de l&#039;hostaleria, i la preocupant manca de cambrers en plena recuperaci\u00f3 de l&#039;activitat\" \/>\n<meta name=\"robots\" content=\"index, follow, max-snippet:-1, max-image-preview:large, max-video-preview:-1\" \/>\n<link rel=\"canonical\" href=\"https:\/\/raed.academy\/ca\/angels-amb-safata\/\" \/>\n<meta property=\"og:locale\" content=\"ca_ES\" \/>\n<meta property=\"og:type\" content=\"article\" \/>\n<meta property=\"og:title\" content=\"\u00c0ngels amb safata - Reial Acad\u00e8mia Europea de Doctors\" \/>\n<meta property=\"og:description\" content=\"Josep Roca sobre l&#039;actual crisi de l&#039;hostaleria, i la preocupant manca de cambrers en plena recuperaci\u00f3 de l&#039;activitat\" \/>\n<meta property=\"og:url\" content=\"https:\/\/raed.academy\/ca\/angels-amb-safata\/\" \/>\n<meta property=\"og:site_name\" content=\"Reial Acad\u00e8mia Europea de Doctors\" \/>\n<meta property=\"article:publisher\" content=\"http:\/\/fb.me\/raed.academy\" \/>\n<meta property=\"article:published_time\" content=\"2022-06-30T06:24:01+00:00\" \/>\n<meta property=\"article:modified_time\" content=\"2022-07-05T09:09:01+00:00\" \/>\n<meta property=\"og:image\" content=\"https:\/\/raed.academy\/wp-content\/uploads\/2020\/04\/hosteleria-dstNtc.jpg\" \/>\n\t<meta property=\"og:image:width\" content=\"600\" \/>\n\t<meta property=\"og:image:height\" content=\"388\" \/>\n\t<meta property=\"og:image:type\" content=\"image\/jpeg\" \/>\n<meta name=\"author\" content=\"RAED\" \/>\n<meta name=\"twitter:card\" content=\"summary_large_image\" \/>\n<meta name=\"twitter:creator\" content=\"@raedacademy\" \/>\n<meta name=\"twitter:site\" content=\"@raedacademy\" \/>\n<meta name=\"twitter:label1\" content=\"Written by\" \/>\n\t<meta name=\"twitter:data1\" content=\"RAED\" \/>\n\t<meta name=\"twitter:label2\" content=\"Est. reading time\" \/>\n\t<meta name=\"twitter:data2\" content=\"3 minutes\" \/>\n<script type=\"application\/ld+json\" class=\"yoast-schema-graph\">{\"@context\":\"https:\\\/\\\/schema.org\",\"@graph\":[{\"@type\":\"Article\",\"@id\":\"https:\\\/\\\/raed.academy\\\/ca\\\/angels-amb-safata\\\/#article\",\"isPartOf\":{\"@id\":\"https:\\\/\\\/raed.academy\\\/ca\\\/angels-amb-safata\\\/\"},\"author\":{\"name\":\"RAED\",\"@id\":\"https:\\\/\\\/raed.academy\\\/ca\\\/#\\\/schema\\\/person\\\/5a755da80d1d979fd66ba745c8702927\"},\"headline\":\"\u00c0ngels amb safata\",\"datePublished\":\"2022-06-30T06:24:01+00:00\",\"dateModified\":\"2022-07-05T09:09:01+00:00\",\"mainEntityOfPage\":{\"@id\":\"https:\\\/\\\/raed.academy\\\/ca\\\/angels-amb-safata\\\/\"},\"wordCount\":549,\"publisher\":{\"@id\":\"https:\\\/\\\/raed.academy\\\/ca\\\/#organization\"},\"image\":{\"@id\":\"https:\\\/\\\/raed.academy\\\/ca\\\/angels-amb-safata\\\/#primaryimage\"},\"thumbnailUrl\":\"https:\\\/\\\/raed.academy\\\/wp-content\\\/uploads\\\/2020\\\/04\\\/hosteleria-dstNtc.jpg\",\"articleSection\":[\"Economia i pol\u00edtica\",\"Gastronomia\"],\"inLanguage\":\"ca-ES\"},{\"@type\":\"WebPage\",\"@id\":\"https:\\\/\\\/raed.academy\\\/ca\\\/angels-amb-safata\\\/\",\"url\":\"https:\\\/\\\/raed.academy\\\/ca\\\/angels-amb-safata\\\/\",\"name\":\"\u00c0ngels amb safata - Reial Acad\u00e8mia Europea de Doctors\",\"isPartOf\":{\"@id\":\"https:\\\/\\\/raed.academy\\\/ca\\\/#website\"},\"primaryImageOfPage\":{\"@id\":\"https:\\\/\\\/raed.academy\\\/ca\\\/angels-amb-safata\\\/#primaryimage\"},\"image\":{\"@id\":\"https:\\\/\\\/raed.academy\\\/ca\\\/angels-amb-safata\\\/#primaryimage\"},\"thumbnailUrl\":\"https:\\\/\\\/raed.academy\\\/wp-content\\\/uploads\\\/2020\\\/04\\\/hosteleria-dstNtc.jpg\",\"datePublished\":\"2022-06-30T06:24:01+00:00\",\"dateModified\":\"2022-07-05T09:09:01+00:00\",\"description\":\"Josep Roca sobre l'actual crisi de l'hostaleria, i la preocupant manca de cambrers en plena recuperaci\u00f3 de l'activitat\",\"breadcrumb\":{\"@id\":\"https:\\\/\\\/raed.academy\\\/ca\\\/angels-amb-safata\\\/#breadcrumb\"},\"inLanguage\":\"ca-ES\",\"potentialAction\":[{\"@type\":\"ReadAction\",\"target\":[\"https:\\\/\\\/raed.academy\\\/ca\\\/angels-amb-safata\\\/\"]}]},{\"@type\":\"ImageObject\",\"inLanguage\":\"ca-ES\",\"@id\":\"https:\\\/\\\/raed.academy\\\/ca\\\/angels-amb-safata\\\/#primaryimage\",\"url\":\"https:\\\/\\\/raed.academy\\\/wp-content\\\/uploads\\\/2020\\\/04\\\/hosteleria-dstNtc.jpg\",\"contentUrl\":\"https:\\\/\\\/raed.academy\\\/wp-content\\\/uploads\\\/2020\\\/04\\\/hosteleria-dstNtc.jpg\",\"width\":600,\"height\":388},{\"@type\":\"BreadcrumbList\",\"@id\":\"https:\\\/\\\/raed.academy\\\/ca\\\/angels-amb-safata\\\/#breadcrumb\",\"itemListElement\":[{\"@type\":\"ListItem\",\"position\":1,\"name\":\"Inicio\",\"item\":\"https:\\\/\\\/raed.academy\\\/ca\\\/\"},{\"@type\":\"ListItem\",\"position\":2,\"name\":\"\u00c0ngels amb safata\"}]},{\"@type\":\"WebSite\",\"@id\":\"https:\\\/\\\/raed.academy\\\/ca\\\/#website\",\"url\":\"https:\\\/\\\/raed.academy\\\/ca\\\/\",\"name\":\"Reial Acad\u00e8mia Europea de Doctors\",\"description\":\"Corporaci\u00f3n de derecho p\u00fablico de car\u00e1cter cient\u00edfico, t\u00e9cnico y art\u00edstico, que tiene por objeto la investigaci\u00f3n, el estudio, el fomento y la extensi\u00f3n del conocimiento en su sentido m\u00e1s amplio\",\"publisher\":{\"@id\":\"https:\\\/\\\/raed.academy\\\/ca\\\/#organization\"},\"potentialAction\":[{\"@type\":\"SearchAction\",\"target\":{\"@type\":\"EntryPoint\",\"urlTemplate\":\"https:\\\/\\\/raed.academy\\\/ca\\\/?s={search_term_string}\"},\"query-input\":{\"@type\":\"PropertyValueSpecification\",\"valueRequired\":true,\"valueName\":\"search_term_string\"}}],\"inLanguage\":\"ca-ES\"},{\"@type\":\"Organization\",\"@id\":\"https:\\\/\\\/raed.academy\\\/ca\\\/#organization\",\"name\":\"Real Academia Europea de Doctores\",\"url\":\"https:\\\/\\\/raed.academy\\\/ca\\\/\",\"logo\":{\"@type\":\"ImageObject\",\"inLanguage\":\"ca-ES\",\"@id\":\"https:\\\/\\\/raed.academy\\\/ca\\\/#\\\/schema\\\/logo\\\/image\\\/\",\"url\":\"https:\\\/\\\/raed.academy\\\/wp-content\\\/uploads\\\/2017\\\/01\\\/cropped-logo_raed.png\",\"contentUrl\":\"https:\\\/\\\/raed.academy\\\/wp-content\\\/uploads\\\/2017\\\/01\\\/cropped-logo_raed.png\",\"width\":512,\"height\":512,\"caption\":\"Real Academia Europea de Doctores\"},\"image\":{\"@id\":\"https:\\\/\\\/raed.academy\\\/ca\\\/#\\\/schema\\\/logo\\\/image\\\/\"},\"sameAs\":[\"http:\\\/\\\/fb.me\\\/raed.academy\",\"https:\\\/\\\/x.com\\\/raedacademy\",\"https:\\\/\\\/www.instagram.com\\\/raed.academy\\\/\",\"https:\\\/\\\/www.youtube.com\\\/channel\\\/UCUYQwW2KrdirNWihxMDObwg\"]},{\"@type\":\"Person\",\"@id\":\"https:\\\/\\\/raed.academy\\\/ca\\\/#\\\/schema\\\/person\\\/5a755da80d1d979fd66ba745c8702927\",\"name\":\"RAED\",\"image\":{\"@type\":\"ImageObject\",\"inLanguage\":\"ca-ES\",\"@id\":\"https:\\\/\\\/secure.gravatar.com\\\/avatar\\\/19fdfdc0d67fb9c45714b703a2ac82251c4fcea3637f002ac3c9b74c0183583c?s=96&d=mm&r=g\",\"url\":\"https:\\\/\\\/secure.gravatar.com\\\/avatar\\\/19fdfdc0d67fb9c45714b703a2ac82251c4fcea3637f002ac3c9b74c0183583c?s=96&d=mm&r=g\",\"contentUrl\":\"https:\\\/\\\/secure.gravatar.com\\\/avatar\\\/19fdfdc0d67fb9c45714b703a2ac82251c4fcea3637f002ac3c9b74c0183583c?s=96&d=mm&r=g\",\"caption\":\"RAED\"}}]}<\/script>\n<!-- \/ Yoast SEO plugin. -->","yoast_head_json":{"title":"\u00c0ngels amb safata - Reial Acad\u00e8mia Europea de Doctors","description":"Josep Roca sobre l'actual crisi de l'hostaleria, i la preocupant manca de cambrers en plena recuperaci\u00f3 de l'activitat","robots":{"index":"index","follow":"follow","max-snippet":"max-snippet:-1","max-image-preview":"max-image-preview:large","max-video-preview":"max-video-preview:-1"},"canonical":"https:\/\/raed.academy\/ca\/angels-amb-safata\/","og_locale":"ca_ES","og_type":"article","og_title":"\u00c0ngels amb safata - Reial Acad\u00e8mia Europea de Doctors","og_description":"Josep Roca sobre l'actual crisi de l'hostaleria, i la preocupant manca de cambrers en plena recuperaci\u00f3 de l'activitat","og_url":"https:\/\/raed.academy\/ca\/angels-amb-safata\/","og_site_name":"Reial Acad\u00e8mia Europea de Doctors","article_publisher":"http:\/\/fb.me\/raed.academy","article_published_time":"2022-06-30T06:24:01+00:00","article_modified_time":"2022-07-05T09:09:01+00:00","og_image":[{"width":600,"height":388,"url":"https:\/\/raed.academy\/wp-content\/uploads\/2020\/04\/hosteleria-dstNtc.jpg","type":"image\/jpeg"}],"author":"RAED","twitter_card":"summary_large_image","twitter_creator":"@raedacademy","twitter_site":"@raedacademy","twitter_misc":{"Written by":"RAED","Est. reading time":"3 minutes"},"schema":{"@context":"https:\/\/schema.org","@graph":[{"@type":"Article","@id":"https:\/\/raed.academy\/ca\/angels-amb-safata\/#article","isPartOf":{"@id":"https:\/\/raed.academy\/ca\/angels-amb-safata\/"},"author":{"name":"RAED","@id":"https:\/\/raed.academy\/ca\/#\/schema\/person\/5a755da80d1d979fd66ba745c8702927"},"headline":"\u00c0ngels amb safata","datePublished":"2022-06-30T06:24:01+00:00","dateModified":"2022-07-05T09:09:01+00:00","mainEntityOfPage":{"@id":"https:\/\/raed.academy\/ca\/angels-amb-safata\/"},"wordCount":549,"publisher":{"@id":"https:\/\/raed.academy\/ca\/#organization"},"image":{"@id":"https:\/\/raed.academy\/ca\/angels-amb-safata\/#primaryimage"},"thumbnailUrl":"https:\/\/raed.academy\/wp-content\/uploads\/2020\/04\/hosteleria-dstNtc.jpg","articleSection":["Economia i pol\u00edtica","Gastronomia"],"inLanguage":"ca-ES"},{"@type":"WebPage","@id":"https:\/\/raed.academy\/ca\/angels-amb-safata\/","url":"https:\/\/raed.academy\/ca\/angels-amb-safata\/","name":"\u00c0ngels amb safata - Reial Acad\u00e8mia Europea de Doctors","isPartOf":{"@id":"https:\/\/raed.academy\/ca\/#website"},"primaryImageOfPage":{"@id":"https:\/\/raed.academy\/ca\/angels-amb-safata\/#primaryimage"},"image":{"@id":"https:\/\/raed.academy\/ca\/angels-amb-safata\/#primaryimage"},"thumbnailUrl":"https:\/\/raed.academy\/wp-content\/uploads\/2020\/04\/hosteleria-dstNtc.jpg","datePublished":"2022-06-30T06:24:01+00:00","dateModified":"2022-07-05T09:09:01+00:00","description":"Josep Roca sobre l'actual crisi de l'hostaleria, i la preocupant manca de cambrers en plena recuperaci\u00f3 de l'activitat","breadcrumb":{"@id":"https:\/\/raed.academy\/ca\/angels-amb-safata\/#breadcrumb"},"inLanguage":"ca-ES","potentialAction":[{"@type":"ReadAction","target":["https:\/\/raed.academy\/ca\/angels-amb-safata\/"]}]},{"@type":"ImageObject","inLanguage":"ca-ES","@id":"https:\/\/raed.academy\/ca\/angels-amb-safata\/#primaryimage","url":"https:\/\/raed.academy\/wp-content\/uploads\/2020\/04\/hosteleria-dstNtc.jpg","contentUrl":"https:\/\/raed.academy\/wp-content\/uploads\/2020\/04\/hosteleria-dstNtc.jpg","width":600,"height":388},{"@type":"BreadcrumbList","@id":"https:\/\/raed.academy\/ca\/angels-amb-safata\/#breadcrumb","itemListElement":[{"@type":"ListItem","position":1,"name":"Inicio","item":"https:\/\/raed.academy\/ca\/"},{"@type":"ListItem","position":2,"name":"\u00c0ngels amb safata"}]},{"@type":"WebSite","@id":"https:\/\/raed.academy\/ca\/#website","url":"https:\/\/raed.academy\/ca\/","name":"Reial Acad\u00e8mia Europea de Doctors","description":"Corporaci\u00f3n de derecho p\u00fablico de car\u00e1cter cient\u00edfico, t\u00e9cnico y art\u00edstico, que tiene por objeto la investigaci\u00f3n, el estudio, el fomento y la extensi\u00f3n del conocimiento en su sentido m\u00e1s amplio","publisher":{"@id":"https:\/\/raed.academy\/ca\/#organization"},"potentialAction":[{"@type":"SearchAction","target":{"@type":"EntryPoint","urlTemplate":"https:\/\/raed.academy\/ca\/?s={search_term_string}"},"query-input":{"@type":"PropertyValueSpecification","valueRequired":true,"valueName":"search_term_string"}}],"inLanguage":"ca-ES"},{"@type":"Organization","@id":"https:\/\/raed.academy\/ca\/#organization","name":"Real Academia Europea de Doctores","url":"https:\/\/raed.academy\/ca\/","logo":{"@type":"ImageObject","inLanguage":"ca-ES","@id":"https:\/\/raed.academy\/ca\/#\/schema\/logo\/image\/","url":"https:\/\/raed.academy\/wp-content\/uploads\/2017\/01\/cropped-logo_raed.png","contentUrl":"https:\/\/raed.academy\/wp-content\/uploads\/2017\/01\/cropped-logo_raed.png","width":512,"height":512,"caption":"Real Academia Europea de Doctores"},"image":{"@id":"https:\/\/raed.academy\/ca\/#\/schema\/logo\/image\/"},"sameAs":["http:\/\/fb.me\/raed.academy","https:\/\/x.com\/raedacademy","https:\/\/www.instagram.com\/raed.academy\/","https:\/\/www.youtube.com\/channel\/UCUYQwW2KrdirNWihxMDObwg"]},{"@type":"Person","@id":"https:\/\/raed.academy\/ca\/#\/schema\/person\/5a755da80d1d979fd66ba745c8702927","name":"RAED","image":{"@type":"ImageObject","inLanguage":"ca-ES","@id":"https:\/\/secure.gravatar.com\/avatar\/19fdfdc0d67fb9c45714b703a2ac82251c4fcea3637f002ac3c9b74c0183583c?s=96&d=mm&r=g","url":"https:\/\/secure.gravatar.com\/avatar\/19fdfdc0d67fb9c45714b703a2ac82251c4fcea3637f002ac3c9b74c0183583c?s=96&d=mm&r=g","contentUrl":"https:\/\/secure.gravatar.com\/avatar\/19fdfdc0d67fb9c45714b703a2ac82251c4fcea3637f002ac3c9b74c0183583c?s=96&d=mm&r=g","caption":"RAED"}}]}},"_links":{"self":[{"href":"https:\/\/raed.academy\/ca\/wp-json\/wp\/v2\/posts\/120214","targetHints":{"allow":["GET"]}}],"collection":[{"href":"https:\/\/raed.academy\/ca\/wp-json\/wp\/v2\/posts"}],"about":[{"href":"https:\/\/raed.academy\/ca\/wp-json\/wp\/v2\/types\/post"}],"author":[{"embeddable":true,"href":"https:\/\/raed.academy\/ca\/wp-json\/wp\/v2\/users\/12"}],"replies":[{"embeddable":true,"href":"https:\/\/raed.academy\/ca\/wp-json\/wp\/v2\/comments?post=120214"}],"version-history":[{"count":0,"href":"https:\/\/raed.academy\/ca\/wp-json\/wp\/v2\/posts\/120214\/revisions"}],"wp:featuredmedia":[{"embeddable":true,"href":"https:\/\/raed.academy\/ca\/wp-json\/wp\/v2\/media\/89872"}],"wp:attachment":[{"href":"https:\/\/raed.academy\/ca\/wp-json\/wp\/v2\/media?parent=120214"}],"wp:term":[{"taxonomy":"category","embeddable":true,"href":"https:\/\/raed.academy\/ca\/wp-json\/wp\/v2\/categories?post=120214"},{"taxonomy":"post_tag","embeddable":true,"href":"https:\/\/raed.academy\/ca\/wp-json\/wp\/v2\/tags?post=120214"}],"curies":[{"name":"wp","href":"https:\/\/api.w.org\/{rel}","templated":true}]}}