{"id":119255,"date":"2022-06-16T07:43:32","date_gmt":"2022-06-16T07:43:32","guid":{"rendered":"https:\/\/raed.academy\/?p=119255"},"modified":"2022-06-19T12:21:10","modified_gmt":"2022-06-19T12:21:10","slug":"ramon-y-cajal-poliedric","status":"publish","type":"post","link":"https:\/\/raed.academy\/ca\/ramon-y-cajal-poliedric\/","title":{"rendered":"Exposici\u00f3 &#8220;Ram\u00f3n y Cajal, ciencia y arte&#8221;: traject\u00f2ria cient\u00edfica i vital del Premi Nobel"},"content":{"rendered":"<div id=\"attachment_97763\" style=\"width: 460px\" class=\"wp-caption alignleft\"><img loading=\"lazy\" decoding=\"async\" aria-describedby=\"caption-attachment-97763\" class=\"wp-image-97763\" src=\"https:\/\/raed.academy\/wp-content\/uploads\/2020\/12\/Ramon-y-Cajal-dstNtc.jpg\" sizes=\"(max-width: 450px) 100vw, 450px\" srcset=\"https:\/\/raed.academy\/wp-content\/uploads\/2020\/12\/Ramon-y-Cajal-dstNtc.jpg 562w, https:\/\/raed.academy\/wp-content\/uploads\/2020\/12\/Ramon-y-Cajal-dstNtc-440x264.jpg 440w\" alt=\"Santiago Ram\u00f3n y Cajal\" width=\"450\" height=\"270\" aria-describedby=\"caption-attachment-97763\" \/><p id=\"caption-attachment-97763\" class=\"wp-caption-text\">Santiago Ram\u00f3n y Cajal<\/p><\/div>\n<p><a href=\"https:\/\/raed.academy\/ca\/academics\/dr-francisco-lopez-munoz\/\" target=\"_blank\" rel=\"noopener\"><em><strong>Francisco L\u00f3pez Mu\u00f1oz<\/strong><\/em><\/a>, professor de Farmacologia i vicerector de Recerca, Ci\u00e8ncia i Doctorat de la <strong>Universitat Camilo Jos\u00e9 Cela<\/strong> i acad\u00e8mic de n\u00famero de la <strong>Reial Acad\u00e8mia Europea de Doctors-Barcelona 1914<\/strong> (RAED), \u00e9s el comissari de l&#8217;exposici\u00f3 <strong>&#8220;Ram\u00f3n y Cajal, ciencia y arte&#8221;<\/strong>, que es pot visitar a l&#8217;<strong>Escola de Postgrau<\/strong> de la Universitat Camilo Jos\u00e9 Cela, a Madrid, entre l&#8217;1 de juny i el 31 de juliol. Al llarg de juny en horari de mat\u00ed i tarda i al juliol nom\u00e9s de mat\u00ed. A la mostra s&#8217;exhibeix una s\u00e8rie de facs\u00edmils de dibuixos neuronals, reproduccions de retrats, llibres cient\u00edfics, fotografies, aix\u00ed com material filat\u00e8lic i numism\u00e0tic sobre la figura del Premi Nobel de Medicina i Fisiologia que permeten aprehendre l&#8217;abast de la seva traject\u00f2ria cient\u00edfica i vital.<\/p>\n<p>&#8220;<strong>Santiago Ram\u00f3n y Cajal<\/strong> \u00e9s, pel volum, significat i transcend\u00e8ncia de la seva obra, el m\u00e9s rellevant neurocient\u00edfic universal de tota la hist\u00f2ria. La seva gran contribuci\u00f3 cient\u00edfica va ser, sens dubte, la teoria neuronal, que ha constitu\u00eft la pedra angular sobre la qual s&#8217;han constru\u00eft, al llarg del segle XX, totes les disciplines neurocient\u00edfiques, encara que durant d\u00e8cades s&#8217;ha exal\u00e7at i mitificat la figura de Cajal, la veritat \u00e9s que el coneixement i la difusi\u00f3 de la seva obra no han anat m\u00e9s enll\u00e0 dels \u00e0mbits purament cient\u00edfics&#8221;, assenyala el mateix <strong>L\u00f3pez Mu\u00f1oz<\/strong> sobre l&#8217;exposici\u00f3.<\/p>\n<div id=\"attachment_27909\" style=\"width: 220px\" class=\"wp-caption alignright\"><img loading=\"lazy\" decoding=\"async\" aria-describedby=\"caption-attachment-27909\" class=\"wp-image-27909\" src=\"https:\/\/raed.academy\/wp-content\/uploads\/2017\/05\/Francisco-Lopez-Mu\u00f1oz-248x300.jpg\" sizes=\"(max-width: 210px) 100vw, 210px\" srcset=\"https:\/\/raed.academy\/wp-content\/uploads\/2017\/05\/Francisco-Lopez-Mu\u00f1oz-248x300.jpg 248w, https:\/\/raed.academy\/wp-content\/uploads\/2017\/05\/Francisco-Lopez-Mu\u00f1oz.jpg 350w\" alt=\"Dr. Francisco L\u00f3pez Mu\u00f1oz\" width=\"210\" height=\"254\" aria-describedby=\"caption-attachment-27909\" \/><p id=\"caption-attachment-27909\" class=\"wp-caption-text\">Dr. Francisco L\u00f3pez Mu\u00f1oz<\/p><\/div>\n<p>L&#8217;acad\u00e8mic destaca que la ci\u00e8ncia ho va ser tot per a <strong>Ram\u00f3n y Cajal<\/strong> i el seu ideari va ser intentar revertir l&#8217;erm que era la ci\u00e8ncia espanyola entre finals del segle XIX i principis del XX. En aquest sentit, recorda com el 1926, amb motiu de la inauguraci\u00f3 del seu monument al parc del Retiro de Madrid, <strong>Ram\u00f3n y Cajal<\/strong> va pronunciar la seva c\u00e8lebre frase: &#8216;Per tenir avariada la roda de la ci\u00e8ncia, la pomposa carrossa de la civilitzaci\u00f3 hispana ha caminat fent tombs pel cam\u00ed de la hist\u00f2ria&#8217;. A m\u00e9s de declarar obertament el seu objectiu com a cient\u00edfic: &#8216;La hist\u00f2ria dels meus m\u00e8rits \u00e9s senzilla: \u00e9s la voluntat indomable resolta a triomfar sigui com sigui'&#8221;.<\/p>\n<p><strong>L\u00f3pez Mu\u00f1oz<\/strong> tamb\u00e9 destaca les facetes menys conegudes del Nobel, incloent-hi les art\u00edstiques. &#8220;<strong>Ram\u00f3n y Cajal<\/strong> posse\u00efa unes excel\u00b7lents qualitats per a les arts pl\u00e0stiques, que van donar el seu fruit als impressionants dibuixos histol\u00f2gics que van il\u00b7lustrar la seva obra cient\u00edfica, alguns d&#8217;ells presents en aquesta exposici\u00f3. De fet, un dels cap\u00edtols dels seus <strong>&#8216;Recuerdos de mi vida&#8217;<\/strong>, dedicat a la seva inf\u00e0ncia i adolesc\u00e8ncia, porta per t\u00edtol <strong>&#8216;Quiero ser pintor&#8217;<\/strong>. Ambdues facetes del premi Nobel, ci\u00e8ncia i art, es barregen en aquesta exposici\u00f3 que acull la universitat&#8221;.<\/p>\n<p><strong>L\u00f3pez Mu\u00f1oz<\/strong> ja havia estudiat i escrit sobre Ram\u00f3n y Cajal al llarg de la seva gran producci\u00f3 cient\u00edfica. L&#8217;any passat, de fet, recuperava la seva traject\u00f2ria com a metge militar i la influ\u00e8ncia que aquesta etapa va tenir en la seva carrera cient\u00edfica a l&#8217;article <strong>&#8220;La experiencia militar de Santiago Ram\u00f3n y Cajal: oficial de sanidad militar&#8221;<\/strong>, publicat al n\u00famero 41 del<strong>&#8220;Bolet\u00edn Informativo de Sanidad Militar&#8221;<\/strong>, el darrer que ha vist la llum, corresponent a l&#8217;any 2021.<\/p>\n<h2><a href=\"https:\/\/www.ucjc.edu\/2022\/06\/exposicion-ramon-y-cajal-ciencia-y-arte-en-la-universidad-camilo-jose-cela\/\" target=\"_blank\" rel=\"noopener\">Web de l&#8217;exposici\u00f3<\/a><\/h2>\n","protected":false},"excerpt":{"rendered":"<p>Francisco L\u00f3pez Mu\u00f1oz, comissari de l&#8217;exposici\u00f3 &#8220;Ram\u00f3n y Cajal, ci\u00e8ncia i art&#8221;, a l&#8217;Escola de Postgrau de la UCJC, 1\/juny a 31\/juliol. S&#8217;hi exhibeixen dibuixos neuronals, reproduccions de retrats, llibres cient\u00edfics, fotografies, aix\u00ed com material filat\u00e8lic i numism\u00e0tic sobre la figura del premi Nobel<\/p>\n","protected":false},"author":12,"featured_media":97764,"comment_status":"closed","ping_status":"closed","sticky":false,"template":"","format":"standard","meta":{"_et_pb_use_builder":"","_et_pb_old_content":"","_et_gb_content_width":"","footnotes":""},"categories":[229,404],"tags":[],"class_list":["post-119255","post","type-post","status-publish","format-standard","has-post-thumbnail","hentry","category-art","category-historia-nacional-ca","et-has-post-format-content","et_post_format-et-post-format-standard"],"yoast_head":"<!-- This site is optimized with the Yoast SEO plugin v27.4 - https:\/\/yoast.com\/product\/yoast-seo-wordpress\/ -->\n<title>Exposici\u00f3 &quot;Ram\u00f3n y Cajal, ciencia y arte&quot;: traject\u00f2ria cient\u00edfica i vital del Premi Nobel - Reial Acad\u00e8mia Europea de Doctors<\/title>\n<meta name=\"description\" content=\"Francisco L\u00f3pez Mu\u00f1oz, comissari de l&#039;exposici\u00f3 &quot;Ram\u00f3n y Cajal, ci\u00e8ncia i art&quot;, Escola de Postgrau de la UCJC, 1\/juny a 31\/juliol\" \/>\n<meta name=\"robots\" content=\"index, follow, max-snippet:-1, max-image-preview:large, max-video-preview:-1\" \/>\n<link rel=\"canonical\" href=\"https:\/\/raed.academy\/ca\/ramon-y-cajal-poliedric\/\" \/>\n<meta property=\"og:locale\" content=\"ca_ES\" \/>\n<meta property=\"og:type\" content=\"article\" \/>\n<meta property=\"og:title\" content=\"Exposici\u00f3 &quot;Ram\u00f3n y Cajal, ciencia y arte&quot;: traject\u00f2ria cient\u00edfica i vital del Premi Nobel - Reial Acad\u00e8mia Europea de Doctors\" \/>\n<meta property=\"og:description\" content=\"Francisco L\u00f3pez Mu\u00f1oz, comissari de l&#039;exposici\u00f3 &quot;Ram\u00f3n y Cajal, ci\u00e8ncia i art&quot;, Escola de Postgrau de la UCJC, 1\/juny a 31\/juliol\" \/>\n<meta property=\"og:url\" content=\"https:\/\/raed.academy\/ca\/ramon-y-cajal-poliedric\/\" \/>\n<meta property=\"og:site_name\" content=\"Reial Acad\u00e8mia Europea de Doctors\" \/>\n<meta property=\"article:publisher\" content=\"http:\/\/fb.me\/raed.academy\" \/>\n<meta property=\"article:published_time\" content=\"2022-06-16T07:43:32+00:00\" \/>\n<meta property=\"article:modified_time\" content=\"2022-06-19T12:21:10+00:00\" \/>\n<meta property=\"og:image\" content=\"https:\/\/raed.academy\/wp-content\/uploads\/2020\/12\/Ramon-y-Cajal-dstNtc.jpg\" \/>\n\t<meta property=\"og:image:width\" content=\"562\" \/>\n\t<meta property=\"og:image:height\" content=\"337\" \/>\n\t<meta property=\"og:image:type\" content=\"image\/jpeg\" \/>\n<meta name=\"author\" content=\"RAED\" \/>\n<meta name=\"twitter:card\" content=\"summary_large_image\" \/>\n<meta name=\"twitter:creator\" content=\"@raedacademy\" \/>\n<meta name=\"twitter:site\" content=\"@raedacademy\" \/>\n<meta name=\"twitter:label1\" content=\"Written by\" \/>\n\t<meta name=\"twitter:data1\" content=\"RAED\" \/>\n\t<meta name=\"twitter:label2\" content=\"Est. reading time\" \/>\n\t<meta name=\"twitter:data2\" content=\"3 minutes\" \/>\n<script type=\"application\/ld+json\" class=\"yoast-schema-graph\">{\"@context\":\"https:\\\/\\\/schema.org\",\"@graph\":[{\"@type\":\"Article\",\"@id\":\"https:\\\/\\\/raed.academy\\\/ca\\\/ramon-y-cajal-poliedric\\\/#article\",\"isPartOf\":{\"@id\":\"https:\\\/\\\/raed.academy\\\/ca\\\/ramon-y-cajal-poliedric\\\/\"},\"author\":{\"name\":\"RAED\",\"@id\":\"https:\\\/\\\/raed.academy\\\/ca\\\/#\\\/schema\\\/person\\\/5a755da80d1d979fd66ba745c8702927\"},\"headline\":\"Exposici\u00f3 &#8220;Ram\u00f3n y Cajal, ciencia y arte&#8221;: traject\u00f2ria cient\u00edfica i vital del Premi Nobel\",\"datePublished\":\"2022-06-16T07:43:32+00:00\",\"dateModified\":\"2022-06-19T12:21:10+00:00\",\"mainEntityOfPage\":{\"@id\":\"https:\\\/\\\/raed.academy\\\/ca\\\/ramon-y-cajal-poliedric\\\/\"},\"wordCount\":632,\"publisher\":{\"@id\":\"https:\\\/\\\/raed.academy\\\/ca\\\/#organization\"},\"image\":{\"@id\":\"https:\\\/\\\/raed.academy\\\/ca\\\/ramon-y-cajal-poliedric\\\/#primaryimage\"},\"thumbnailUrl\":\"https:\\\/\\\/raed.academy\\\/wp-content\\\/uploads\\\/2020\\\/12\\\/Ramon-y-Cajal-dstNtc.jpg\",\"articleSection\":[\"Art\",\"Hist\u00f2ria nacional\"],\"inLanguage\":\"ca-ES\"},{\"@type\":\"WebPage\",\"@id\":\"https:\\\/\\\/raed.academy\\\/ca\\\/ramon-y-cajal-poliedric\\\/\",\"url\":\"https:\\\/\\\/raed.academy\\\/ca\\\/ramon-y-cajal-poliedric\\\/\",\"name\":\"Exposici\u00f3 \\\"Ram\u00f3n y Cajal, ciencia y arte\\\": traject\u00f2ria cient\u00edfica i vital del Premi Nobel - Reial Acad\u00e8mia Europea de Doctors\",\"isPartOf\":{\"@id\":\"https:\\\/\\\/raed.academy\\\/ca\\\/#website\"},\"primaryImageOfPage\":{\"@id\":\"https:\\\/\\\/raed.academy\\\/ca\\\/ramon-y-cajal-poliedric\\\/#primaryimage\"},\"image\":{\"@id\":\"https:\\\/\\\/raed.academy\\\/ca\\\/ramon-y-cajal-poliedric\\\/#primaryimage\"},\"thumbnailUrl\":\"https:\\\/\\\/raed.academy\\\/wp-content\\\/uploads\\\/2020\\\/12\\\/Ramon-y-Cajal-dstNtc.jpg\",\"datePublished\":\"2022-06-16T07:43:32+00:00\",\"dateModified\":\"2022-06-19T12:21:10+00:00\",\"description\":\"Francisco L\u00f3pez Mu\u00f1oz, comissari de l'exposici\u00f3 \\\"Ram\u00f3n y Cajal, ci\u00e8ncia i art\\\", Escola de Postgrau de la UCJC, 1\\\/juny a 31\\\/juliol\",\"breadcrumb\":{\"@id\":\"https:\\\/\\\/raed.academy\\\/ca\\\/ramon-y-cajal-poliedric\\\/#breadcrumb\"},\"inLanguage\":\"ca-ES\",\"potentialAction\":[{\"@type\":\"ReadAction\",\"target\":[\"https:\\\/\\\/raed.academy\\\/ca\\\/ramon-y-cajal-poliedric\\\/\"]}]},{\"@type\":\"ImageObject\",\"inLanguage\":\"ca-ES\",\"@id\":\"https:\\\/\\\/raed.academy\\\/ca\\\/ramon-y-cajal-poliedric\\\/#primaryimage\",\"url\":\"https:\\\/\\\/raed.academy\\\/wp-content\\\/uploads\\\/2020\\\/12\\\/Ramon-y-Cajal-dstNtc.jpg\",\"contentUrl\":\"https:\\\/\\\/raed.academy\\\/wp-content\\\/uploads\\\/2020\\\/12\\\/Ramon-y-Cajal-dstNtc.jpg\",\"width\":562,\"height\":337,\"caption\":\"Ram\u00f3n y Cajal\"},{\"@type\":\"BreadcrumbList\",\"@id\":\"https:\\\/\\\/raed.academy\\\/ca\\\/ramon-y-cajal-poliedric\\\/#breadcrumb\",\"itemListElement\":[{\"@type\":\"ListItem\",\"position\":1,\"name\":\"Inicio\",\"item\":\"https:\\\/\\\/raed.academy\\\/ca\\\/\"},{\"@type\":\"ListItem\",\"position\":2,\"name\":\"Exposici\u00f3 \u00abRam\u00f3n y Cajal, ciencia y arte\u00bb: traject\u00f2ria cient\u00edfica i vital del Premi Nobel\"}]},{\"@type\":\"WebSite\",\"@id\":\"https:\\\/\\\/raed.academy\\\/ca\\\/#website\",\"url\":\"https:\\\/\\\/raed.academy\\\/ca\\\/\",\"name\":\"Reial Acad\u00e8mia Europea de Doctors\",\"description\":\"Corporaci\u00f3n de derecho p\u00fablico de car\u00e1cter cient\u00edfico, t\u00e9cnico y art\u00edstico, que tiene por objeto la investigaci\u00f3n, el estudio, el fomento y la extensi\u00f3n del conocimiento en su sentido m\u00e1s amplio\",\"publisher\":{\"@id\":\"https:\\\/\\\/raed.academy\\\/ca\\\/#organization\"},\"potentialAction\":[{\"@type\":\"SearchAction\",\"target\":{\"@type\":\"EntryPoint\",\"urlTemplate\":\"https:\\\/\\\/raed.academy\\\/ca\\\/?s={search_term_string}\"},\"query-input\":{\"@type\":\"PropertyValueSpecification\",\"valueRequired\":true,\"valueName\":\"search_term_string\"}}],\"inLanguage\":\"ca-ES\"},{\"@type\":\"Organization\",\"@id\":\"https:\\\/\\\/raed.academy\\\/ca\\\/#organization\",\"name\":\"Real Academia Europea de Doctores\",\"url\":\"https:\\\/\\\/raed.academy\\\/ca\\\/\",\"logo\":{\"@type\":\"ImageObject\",\"inLanguage\":\"ca-ES\",\"@id\":\"https:\\\/\\\/raed.academy\\\/ca\\\/#\\\/schema\\\/logo\\\/image\\\/\",\"url\":\"https:\\\/\\\/raed.academy\\\/wp-content\\\/uploads\\\/2017\\\/01\\\/cropped-logo_raed.png\",\"contentUrl\":\"https:\\\/\\\/raed.academy\\\/wp-content\\\/uploads\\\/2017\\\/01\\\/cropped-logo_raed.png\",\"width\":512,\"height\":512,\"caption\":\"Real Academia Europea de Doctores\"},\"image\":{\"@id\":\"https:\\\/\\\/raed.academy\\\/ca\\\/#\\\/schema\\\/logo\\\/image\\\/\"},\"sameAs\":[\"http:\\\/\\\/fb.me\\\/raed.academy\",\"https:\\\/\\\/x.com\\\/raedacademy\",\"https:\\\/\\\/www.instagram.com\\\/raed.academy\\\/\",\"https:\\\/\\\/www.youtube.com\\\/channel\\\/UCUYQwW2KrdirNWihxMDObwg\"]},{\"@type\":\"Person\",\"@id\":\"https:\\\/\\\/raed.academy\\\/ca\\\/#\\\/schema\\\/person\\\/5a755da80d1d979fd66ba745c8702927\",\"name\":\"RAED\",\"image\":{\"@type\":\"ImageObject\",\"inLanguage\":\"ca-ES\",\"@id\":\"https:\\\/\\\/secure.gravatar.com\\\/avatar\\\/19fdfdc0d67fb9c45714b703a2ac82251c4fcea3637f002ac3c9b74c0183583c?s=96&d=mm&r=g\",\"url\":\"https:\\\/\\\/secure.gravatar.com\\\/avatar\\\/19fdfdc0d67fb9c45714b703a2ac82251c4fcea3637f002ac3c9b74c0183583c?s=96&d=mm&r=g\",\"contentUrl\":\"https:\\\/\\\/secure.gravatar.com\\\/avatar\\\/19fdfdc0d67fb9c45714b703a2ac82251c4fcea3637f002ac3c9b74c0183583c?s=96&d=mm&r=g\",\"caption\":\"RAED\"}}]}<\/script>\n<!-- \/ Yoast SEO plugin. -->","yoast_head_json":{"title":"Exposici\u00f3 \"Ram\u00f3n y Cajal, ciencia y arte\": traject\u00f2ria cient\u00edfica i vital del Premi Nobel - Reial Acad\u00e8mia Europea de Doctors","description":"Francisco L\u00f3pez Mu\u00f1oz, comissari de l'exposici\u00f3 \"Ram\u00f3n y Cajal, ci\u00e8ncia i art\", Escola de Postgrau de la UCJC, 1\/juny a 31\/juliol","robots":{"index":"index","follow":"follow","max-snippet":"max-snippet:-1","max-image-preview":"max-image-preview:large","max-video-preview":"max-video-preview:-1"},"canonical":"https:\/\/raed.academy\/ca\/ramon-y-cajal-poliedric\/","og_locale":"ca_ES","og_type":"article","og_title":"Exposici\u00f3 \"Ram\u00f3n y Cajal, ciencia y arte\": traject\u00f2ria cient\u00edfica i vital del Premi Nobel - Reial Acad\u00e8mia Europea de Doctors","og_description":"Francisco L\u00f3pez Mu\u00f1oz, comissari de l'exposici\u00f3 \"Ram\u00f3n y Cajal, ci\u00e8ncia i art\", Escola de Postgrau de la UCJC, 1\/juny a 31\/juliol","og_url":"https:\/\/raed.academy\/ca\/ramon-y-cajal-poliedric\/","og_site_name":"Reial Acad\u00e8mia Europea de Doctors","article_publisher":"http:\/\/fb.me\/raed.academy","article_published_time":"2022-06-16T07:43:32+00:00","article_modified_time":"2022-06-19T12:21:10+00:00","og_image":[{"width":562,"height":337,"url":"https:\/\/raed.academy\/wp-content\/uploads\/2020\/12\/Ramon-y-Cajal-dstNtc.jpg","type":"image\/jpeg"}],"author":"RAED","twitter_card":"summary_large_image","twitter_creator":"@raedacademy","twitter_site":"@raedacademy","twitter_misc":{"Written by":"RAED","Est. reading time":"3 minutes"},"schema":{"@context":"https:\/\/schema.org","@graph":[{"@type":"Article","@id":"https:\/\/raed.academy\/ca\/ramon-y-cajal-poliedric\/#article","isPartOf":{"@id":"https:\/\/raed.academy\/ca\/ramon-y-cajal-poliedric\/"},"author":{"name":"RAED","@id":"https:\/\/raed.academy\/ca\/#\/schema\/person\/5a755da80d1d979fd66ba745c8702927"},"headline":"Exposici\u00f3 &#8220;Ram\u00f3n y Cajal, ciencia y arte&#8221;: traject\u00f2ria cient\u00edfica i vital del Premi Nobel","datePublished":"2022-06-16T07:43:32+00:00","dateModified":"2022-06-19T12:21:10+00:00","mainEntityOfPage":{"@id":"https:\/\/raed.academy\/ca\/ramon-y-cajal-poliedric\/"},"wordCount":632,"publisher":{"@id":"https:\/\/raed.academy\/ca\/#organization"},"image":{"@id":"https:\/\/raed.academy\/ca\/ramon-y-cajal-poliedric\/#primaryimage"},"thumbnailUrl":"https:\/\/raed.academy\/wp-content\/uploads\/2020\/12\/Ramon-y-Cajal-dstNtc.jpg","articleSection":["Art","Hist\u00f2ria nacional"],"inLanguage":"ca-ES"},{"@type":"WebPage","@id":"https:\/\/raed.academy\/ca\/ramon-y-cajal-poliedric\/","url":"https:\/\/raed.academy\/ca\/ramon-y-cajal-poliedric\/","name":"Exposici\u00f3 \"Ram\u00f3n y Cajal, ciencia y arte\": traject\u00f2ria cient\u00edfica i vital del Premi Nobel - Reial Acad\u00e8mia Europea de Doctors","isPartOf":{"@id":"https:\/\/raed.academy\/ca\/#website"},"primaryImageOfPage":{"@id":"https:\/\/raed.academy\/ca\/ramon-y-cajal-poliedric\/#primaryimage"},"image":{"@id":"https:\/\/raed.academy\/ca\/ramon-y-cajal-poliedric\/#primaryimage"},"thumbnailUrl":"https:\/\/raed.academy\/wp-content\/uploads\/2020\/12\/Ramon-y-Cajal-dstNtc.jpg","datePublished":"2022-06-16T07:43:32+00:00","dateModified":"2022-06-19T12:21:10+00:00","description":"Francisco L\u00f3pez Mu\u00f1oz, comissari de l'exposici\u00f3 \"Ram\u00f3n y Cajal, ci\u00e8ncia i art\", Escola de Postgrau de la UCJC, 1\/juny a 31\/juliol","breadcrumb":{"@id":"https:\/\/raed.academy\/ca\/ramon-y-cajal-poliedric\/#breadcrumb"},"inLanguage":"ca-ES","potentialAction":[{"@type":"ReadAction","target":["https:\/\/raed.academy\/ca\/ramon-y-cajal-poliedric\/"]}]},{"@type":"ImageObject","inLanguage":"ca-ES","@id":"https:\/\/raed.academy\/ca\/ramon-y-cajal-poliedric\/#primaryimage","url":"https:\/\/raed.academy\/wp-content\/uploads\/2020\/12\/Ramon-y-Cajal-dstNtc.jpg","contentUrl":"https:\/\/raed.academy\/wp-content\/uploads\/2020\/12\/Ramon-y-Cajal-dstNtc.jpg","width":562,"height":337,"caption":"Ram\u00f3n y Cajal"},{"@type":"BreadcrumbList","@id":"https:\/\/raed.academy\/ca\/ramon-y-cajal-poliedric\/#breadcrumb","itemListElement":[{"@type":"ListItem","position":1,"name":"Inicio","item":"https:\/\/raed.academy\/ca\/"},{"@type":"ListItem","position":2,"name":"Exposici\u00f3 \u00abRam\u00f3n y Cajal, ciencia y arte\u00bb: traject\u00f2ria cient\u00edfica i vital del Premi Nobel"}]},{"@type":"WebSite","@id":"https:\/\/raed.academy\/ca\/#website","url":"https:\/\/raed.academy\/ca\/","name":"Reial Acad\u00e8mia Europea de Doctors","description":"Corporaci\u00f3n de derecho p\u00fablico de car\u00e1cter cient\u00edfico, t\u00e9cnico y art\u00edstico, que tiene por objeto la investigaci\u00f3n, el estudio, el fomento y la extensi\u00f3n del conocimiento en su sentido m\u00e1s amplio","publisher":{"@id":"https:\/\/raed.academy\/ca\/#organization"},"potentialAction":[{"@type":"SearchAction","target":{"@type":"EntryPoint","urlTemplate":"https:\/\/raed.academy\/ca\/?s={search_term_string}"},"query-input":{"@type":"PropertyValueSpecification","valueRequired":true,"valueName":"search_term_string"}}],"inLanguage":"ca-ES"},{"@type":"Organization","@id":"https:\/\/raed.academy\/ca\/#organization","name":"Real Academia Europea de Doctores","url":"https:\/\/raed.academy\/ca\/","logo":{"@type":"ImageObject","inLanguage":"ca-ES","@id":"https:\/\/raed.academy\/ca\/#\/schema\/logo\/image\/","url":"https:\/\/raed.academy\/wp-content\/uploads\/2017\/01\/cropped-logo_raed.png","contentUrl":"https:\/\/raed.academy\/wp-content\/uploads\/2017\/01\/cropped-logo_raed.png","width":512,"height":512,"caption":"Real Academia Europea de Doctores"},"image":{"@id":"https:\/\/raed.academy\/ca\/#\/schema\/logo\/image\/"},"sameAs":["http:\/\/fb.me\/raed.academy","https:\/\/x.com\/raedacademy","https:\/\/www.instagram.com\/raed.academy\/","https:\/\/www.youtube.com\/channel\/UCUYQwW2KrdirNWihxMDObwg"]},{"@type":"Person","@id":"https:\/\/raed.academy\/ca\/#\/schema\/person\/5a755da80d1d979fd66ba745c8702927","name":"RAED","image":{"@type":"ImageObject","inLanguage":"ca-ES","@id":"https:\/\/secure.gravatar.com\/avatar\/19fdfdc0d67fb9c45714b703a2ac82251c4fcea3637f002ac3c9b74c0183583c?s=96&d=mm&r=g","url":"https:\/\/secure.gravatar.com\/avatar\/19fdfdc0d67fb9c45714b703a2ac82251c4fcea3637f002ac3c9b74c0183583c?s=96&d=mm&r=g","contentUrl":"https:\/\/secure.gravatar.com\/avatar\/19fdfdc0d67fb9c45714b703a2ac82251c4fcea3637f002ac3c9b74c0183583c?s=96&d=mm&r=g","caption":"RAED"}}]}},"_links":{"self":[{"href":"https:\/\/raed.academy\/ca\/wp-json\/wp\/v2\/posts\/119255","targetHints":{"allow":["GET"]}}],"collection":[{"href":"https:\/\/raed.academy\/ca\/wp-json\/wp\/v2\/posts"}],"about":[{"href":"https:\/\/raed.academy\/ca\/wp-json\/wp\/v2\/types\/post"}],"author":[{"embeddable":true,"href":"https:\/\/raed.academy\/ca\/wp-json\/wp\/v2\/users\/12"}],"replies":[{"embeddable":true,"href":"https:\/\/raed.academy\/ca\/wp-json\/wp\/v2\/comments?post=119255"}],"version-history":[{"count":0,"href":"https:\/\/raed.academy\/ca\/wp-json\/wp\/v2\/posts\/119255\/revisions"}],"wp:featuredmedia":[{"embeddable":true,"href":"https:\/\/raed.academy\/ca\/wp-json\/wp\/v2\/media\/97764"}],"wp:attachment":[{"href":"https:\/\/raed.academy\/ca\/wp-json\/wp\/v2\/media?parent=119255"}],"wp:term":[{"taxonomy":"category","embeddable":true,"href":"https:\/\/raed.academy\/ca\/wp-json\/wp\/v2\/categories?post=119255"},{"taxonomy":"post_tag","embeddable":true,"href":"https:\/\/raed.academy\/ca\/wp-json\/wp\/v2\/tags?post=119255"}],"curies":[{"name":"wp","href":"https:\/\/api.w.org\/{rel}","templated":true}]}}