{"id":116313,"date":"2022-04-21T14:43:22","date_gmt":"2022-04-21T14:43:22","guid":{"rendered":"https:\/\/raed.academy\/?p=116313"},"modified":"2022-04-22T14:55:03","modified_gmt":"2022-04-22T14:55:03","slug":"lluis-serra-majem-confessions-un-reconegut-cientific-i-un-entregat-gestor","status":"publish","type":"post","link":"https:\/\/raed.academy\/ca\/lluis-serra-majem-confessions-un-reconegut-cientific-i-un-entregat-gestor\/","title":{"rendered":"Llu\u00eds Serra Majem: Confessions, un reconegut cient\u00edfic i un entregat gestor"},"content":{"rendered":"<p><a href=\"https:\/\/raed.academy\/ca\/academics\/dr-lluis-serra-majem\/\" target=\"_blank\" rel=\"noopener\"><em><strong>Llu\u00eds Serra Majem<\/strong><\/em><\/a>, rector i catedr\u00e0tic de Medicina Preventiva i Salut P\u00fablica a la <strong>Universitat de Las Palmas de Gran Can\u00e0ria<\/strong> i acad\u00e8mic de n\u00famero de la <strong>Reial Acad\u00e8mia Europea de Doctors-Barcelona 1914<\/strong> (RAED), va concedir una \u00e0mplia entrevista al programa <strong>&#8220;Confesiones&#8221;<\/strong> de la <strong>Televisi\u00f3 Can\u00e0ria<\/strong> que es va emetre el 13 d&#8217;abril passat i en qu\u00e8 va abordar aspectes de la seva vida, tant professionals com personals, sense refusar abordar el seu pla m\u00e9s \u00edntim i familiar. Aix\u00ed mateix, va reflexionar sobre la seva dif\u00edcil etapa com a portaveu del <strong>Comit\u00e8 Cient\u00edfic per a l&#8217;Emerg\u00e8ncia Sanit\u00e0ria de la Covid-19<\/strong> a les Can\u00e0ries, una de les seves darreres responsabilitats.<\/p>\n<div id=\"attachment_88315\" style=\"width: 410px\" class=\"wp-caption alignleft\"><img loading=\"lazy\" decoding=\"async\" aria-describedby=\"caption-attachment-88315\" class=\"wp-image-88315\" src=\"https:\/\/raed.academy\/wp-content\/uploads\/2020\/03\/Lluis-Serra-Majem.jpg\" alt=\"Llu\u00eds Serra-Majem\" width=\"400\" height=\"234\" aria-describedby=\"caption-attachment-88315\" \/><p id=\"caption-attachment-88315\" class=\"wp-caption-text\">Dr. Llu\u00eds Serra-Majem<\/p><\/div>\n<p>Nascut a Barcelona el 1959, <strong>Serra Majem<\/strong> va repassar la seva inf\u00e0ncia i adolesc\u00e8ncia a la capital catalana, on va cursar la carrera de Medicina i es va interessar per la salut p\u00fablica i la nutrici\u00f3, \u00e0mbits que es convertirien en les seves especialitats fins a convertir-se en un dels m\u00e9s ferms defensors i impulsors de la dieta mediterr\u00e0nia. Finalitzada la seva etapa universit\u00e0ria va comen\u00e7ar a treballar a la salut p\u00fablica catalana. Tot i aix\u00f2, l&#8217;oportunitat de marxar al Canad\u00e0 mitjan\u00e7ant una beca per especialitzar-se en nutrici\u00f3 li va fer les maletes i viure al pa\u00eds nord-americ\u00e0 durant un any i mig.<\/p>\n<p>El 1987 va comen\u00e7ar com a professor a la <strong>Universitat de Barcelona<\/strong>, \u200b\u200bimpartint doc\u00e8ncia en Medicina Preventiva i Salut P\u00fablica i creant i dirigint el 1990 el <strong>Centre de Recerca en Nutrici\u00f3 Comunit\u00e0ria<\/strong> d&#8217;aquesta mateixa universitat. La seva connexi\u00f3 amb les Can\u00e0ries neix per la seva relaci\u00f3 amb la seva primera esposa, amb qui va visitar les illes. L&#8217;oportunitat d&#8217;aterrar a l&#8217;arxip\u00e8lag es va produir ja fa 27 anys, quan es va oferir una pla\u00e7a de medicina preventiva com a catedr\u00e0tic a la Universitat de Las Palmas de Gran Can\u00e0ria a la qual no va dubtar a presentar-se.<\/p>\n<p><strong>Serra Majem<\/strong> va arribar a la direcci\u00f3 del departament de Ci\u00e8ncies Cl\u00edniques del centre, un c\u00e0rrec que va exercir durant 12 anys. El 2014 va col\u00b7laborar en la creaci\u00f3 del <strong>Centre de Recerques Biom\u00e8diques i Sanit\u00e0ries<\/strong>, que va dirigir durant set anys. En aquest llarg per\u00edode, l&#8217;acad\u00e8mic va abordar aspectes molt dif\u00edcils de la seva vida personal, com ara la p\u00e8rdua d&#8217;una filla de nom\u00e9s un any i la separaci\u00f3 de la seva dona i, per tant, del seu altre fill abans de tractar de refer la seva vida.<\/p>\n<p>El rector tamb\u00e9 va confessar la seva passi\u00f3 pels cavalls i va narrar l&#8217;experi\u00e8ncia traum\u00e0tica que va patir despr\u00e9s d&#8217;una greu caiguda fa deu anys en una sortida amb el seu fill gran i un amic. Tot i que va confessar que no va t\u00e9mer per la seva vida va recon\u00e8ixer que va ser un punt d&#8217;inflexi\u00f3. Tot i aix\u00f2, ha continuat muntant i no ha perdut aquesta connexi\u00f3 amb els animals. Com a gestor universitari, finalment, va recon\u00e8ixer que va acceptar el repte amb la ferma voluntat de millorar la qualitat universit\u00e0ria, tasca a qu\u00e8 segura estar entregat.<\/p>\n<p><iframe loading=\"lazy\" title=\"Confesiones | ep.22 - 13\/04\/22\" width=\"1080\" height=\"608\" src=\"https:\/\/www.youtube.com\/embed\/oXGba8uORc0?feature=oembed\" frameborder=\"0\" allow=\"accelerometer; autoplay; clipboard-write; encrypted-media; gyroscope; picture-in-picture\" allowfullscreen><\/iframe><\/p>\n","protected":false},"excerpt":{"rendered":"<p>Entrevista a Llu\u00eds Serra Majem: Aspectes de la seva vida professionals i personals, inf\u00e0ncia i adolesc\u00e8ncia a Barcelona<\/p>\n","protected":false},"author":12,"featured_media":88316,"comment_status":"closed","ping_status":"closed","sticky":false,"template":"","format":"standard","meta":{"_et_pb_use_builder":"","_et_pb_old_content":"","_et_gb_content_width":"","footnotes":""},"categories":[176,237,316,213],"tags":[],"class_list":["post-116313","post","type-post","status-publish","format-standard","has-post-thumbnail","hentry","category-academics-a-la-societat","category-alimentacio-i-nutricio","category-docencia-ca","category-medicina-i-cirurgia","et-has-post-format-content","et_post_format-et-post-format-standard"],"yoast_head":"<!-- This site is optimized with the Yoast SEO plugin v27.4 - https:\/\/yoast.com\/product\/yoast-seo-wordpress\/ -->\n<title>Llu\u00eds Serra Majem: Confessions, un reconegut cient\u00edfic i un entregat gestor - Reial Acad\u00e8mia Europea de Doctors<\/title>\n<meta name=\"description\" content=\"Entrevista a Llu\u00eds Serra Majem: Aspectes de la seva vida professionals i personals, inf\u00e0ncia i adolesc\u00e8ncia a Barcelona\" \/>\n<meta name=\"robots\" content=\"index, follow, max-snippet:-1, max-image-preview:large, max-video-preview:-1\" \/>\n<link rel=\"canonical\" href=\"https:\/\/raed.academy\/ca\/lluis-serra-majem-confessions-un-reconegut-cientific-i-un-entregat-gestor\/\" \/>\n<meta property=\"og:locale\" content=\"ca_ES\" \/>\n<meta property=\"og:type\" content=\"article\" \/>\n<meta property=\"og:title\" content=\"Llu\u00eds Serra Majem: Confessions, un reconegut cient\u00edfic i un entregat gestor - Reial Acad\u00e8mia Europea de Doctors\" \/>\n<meta property=\"og:description\" content=\"Entrevista a Llu\u00eds Serra Majem: Aspectes de la seva vida professionals i personals, inf\u00e0ncia i adolesc\u00e8ncia a Barcelona\" \/>\n<meta property=\"og:url\" content=\"https:\/\/raed.academy\/ca\/lluis-serra-majem-confessions-un-reconegut-cientific-i-un-entregat-gestor\/\" \/>\n<meta property=\"og:site_name\" content=\"Reial Acad\u00e8mia Europea de Doctors\" \/>\n<meta property=\"article:publisher\" content=\"http:\/\/fb.me\/raed.academy\" \/>\n<meta property=\"article:published_time\" content=\"2022-04-21T14:43:22+00:00\" \/>\n<meta property=\"article:modified_time\" content=\"2022-04-22T14:55:03+00:00\" \/>\n<meta property=\"og:image\" content=\"https:\/\/raed.academy\/wp-content\/uploads\/2020\/03\/Lluis-Serra-Majem.jpg\" \/>\n\t<meta property=\"og:image:width\" content=\"513\" \/>\n\t<meta property=\"og:image:height\" content=\"300\" \/>\n\t<meta property=\"og:image:type\" content=\"image\/jpeg\" \/>\n<meta name=\"author\" content=\"RAED\" \/>\n<meta name=\"twitter:card\" content=\"summary_large_image\" \/>\n<meta name=\"twitter:creator\" content=\"@raedacademy\" \/>\n<meta name=\"twitter:site\" content=\"@raedacademy\" \/>\n<meta name=\"twitter:label1\" content=\"Written by\" \/>\n\t<meta name=\"twitter:data1\" content=\"RAED\" \/>\n\t<meta name=\"twitter:label2\" content=\"Est. reading time\" \/>\n\t<meta name=\"twitter:data2\" content=\"3 minutes\" \/>\n<script type=\"application\/ld+json\" class=\"yoast-schema-graph\">{\"@context\":\"https:\\\/\\\/schema.org\",\"@graph\":[{\"@type\":\"Article\",\"@id\":\"https:\\\/\\\/raed.academy\\\/ca\\\/lluis-serra-majem-confessions-un-reconegut-cientific-i-un-entregat-gestor\\\/#article\",\"isPartOf\":{\"@id\":\"https:\\\/\\\/raed.academy\\\/ca\\\/lluis-serra-majem-confessions-un-reconegut-cientific-i-un-entregat-gestor\\\/\"},\"author\":{\"name\":\"RAED\",\"@id\":\"https:\\\/\\\/raed.academy\\\/ca\\\/#\\\/schema\\\/person\\\/5a755da80d1d979fd66ba745c8702927\"},\"headline\":\"Llu\u00eds Serra Majem: Confessions, un reconegut cient\u00edfic i un entregat gestor\",\"datePublished\":\"2022-04-21T14:43:22+00:00\",\"dateModified\":\"2022-04-22T14:55:03+00:00\",\"mainEntityOfPage\":{\"@id\":\"https:\\\/\\\/raed.academy\\\/ca\\\/lluis-serra-majem-confessions-un-reconegut-cientific-i-un-entregat-gestor\\\/\"},\"wordCount\":589,\"publisher\":{\"@id\":\"https:\\\/\\\/raed.academy\\\/ca\\\/#organization\"},\"image\":{\"@id\":\"https:\\\/\\\/raed.academy\\\/ca\\\/lluis-serra-majem-confessions-un-reconegut-cientific-i-un-entregat-gestor\\\/#primaryimage\"},\"thumbnailUrl\":\"https:\\\/\\\/raed.academy\\\/wp-content\\\/uploads\\\/2020\\\/03\\\/Lluis-Serra-Majem.jpg\",\"articleSection\":[\"Acad\u00e8mics a la societat\",\"Alimentaci\u00f3 i nutrici\u00f3\",\"Doc\u00e8ncia\",\"Medicina i cirurgia\"],\"inLanguage\":\"ca-ES\"},{\"@type\":\"WebPage\",\"@id\":\"https:\\\/\\\/raed.academy\\\/ca\\\/lluis-serra-majem-confessions-un-reconegut-cientific-i-un-entregat-gestor\\\/\",\"url\":\"https:\\\/\\\/raed.academy\\\/ca\\\/lluis-serra-majem-confessions-un-reconegut-cientific-i-un-entregat-gestor\\\/\",\"name\":\"Llu\u00eds Serra Majem: Confessions, un reconegut cient\u00edfic i un entregat gestor - Reial Acad\u00e8mia Europea de Doctors\",\"isPartOf\":{\"@id\":\"https:\\\/\\\/raed.academy\\\/ca\\\/#website\"},\"primaryImageOfPage\":{\"@id\":\"https:\\\/\\\/raed.academy\\\/ca\\\/lluis-serra-majem-confessions-un-reconegut-cientific-i-un-entregat-gestor\\\/#primaryimage\"},\"image\":{\"@id\":\"https:\\\/\\\/raed.academy\\\/ca\\\/lluis-serra-majem-confessions-un-reconegut-cientific-i-un-entregat-gestor\\\/#primaryimage\"},\"thumbnailUrl\":\"https:\\\/\\\/raed.academy\\\/wp-content\\\/uploads\\\/2020\\\/03\\\/Lluis-Serra-Majem.jpg\",\"datePublished\":\"2022-04-21T14:43:22+00:00\",\"dateModified\":\"2022-04-22T14:55:03+00:00\",\"description\":\"Entrevista a Llu\u00eds Serra Majem: Aspectes de la seva vida professionals i personals, inf\u00e0ncia i adolesc\u00e8ncia a Barcelona\",\"breadcrumb\":{\"@id\":\"https:\\\/\\\/raed.academy\\\/ca\\\/lluis-serra-majem-confessions-un-reconegut-cientific-i-un-entregat-gestor\\\/#breadcrumb\"},\"inLanguage\":\"ca-ES\",\"potentialAction\":[{\"@type\":\"ReadAction\",\"target\":[\"https:\\\/\\\/raed.academy\\\/ca\\\/lluis-serra-majem-confessions-un-reconegut-cientific-i-un-entregat-gestor\\\/\"]}]},{\"@type\":\"ImageObject\",\"inLanguage\":\"ca-ES\",\"@id\":\"https:\\\/\\\/raed.academy\\\/ca\\\/lluis-serra-majem-confessions-un-reconegut-cientific-i-un-entregat-gestor\\\/#primaryimage\",\"url\":\"https:\\\/\\\/raed.academy\\\/wp-content\\\/uploads\\\/2020\\\/03\\\/Lluis-Serra-Majem.jpg\",\"contentUrl\":\"https:\\\/\\\/raed.academy\\\/wp-content\\\/uploads\\\/2020\\\/03\\\/Lluis-Serra-Majem.jpg\",\"width\":513,\"height\":300,\"caption\":\"Lluis-Serra-Majem\"},{\"@type\":\"BreadcrumbList\",\"@id\":\"https:\\\/\\\/raed.academy\\\/ca\\\/lluis-serra-majem-confessions-un-reconegut-cientific-i-un-entregat-gestor\\\/#breadcrumb\",\"itemListElement\":[{\"@type\":\"ListItem\",\"position\":1,\"name\":\"Inicio\",\"item\":\"https:\\\/\\\/raed.academy\\\/ca\\\/\"},{\"@type\":\"ListItem\",\"position\":2,\"name\":\"Llu\u00eds Serra Majem: Confessions, un reconegut cient\u00edfic i un entregat gestor\"}]},{\"@type\":\"WebSite\",\"@id\":\"https:\\\/\\\/raed.academy\\\/ca\\\/#website\",\"url\":\"https:\\\/\\\/raed.academy\\\/ca\\\/\",\"name\":\"Reial Acad\u00e8mia Europea de Doctors\",\"description\":\"Corporaci\u00f3n de derecho p\u00fablico de car\u00e1cter cient\u00edfico, t\u00e9cnico y art\u00edstico, que tiene por objeto la investigaci\u00f3n, el estudio, el fomento y la extensi\u00f3n del conocimiento en su sentido m\u00e1s amplio\",\"publisher\":{\"@id\":\"https:\\\/\\\/raed.academy\\\/ca\\\/#organization\"},\"potentialAction\":[{\"@type\":\"SearchAction\",\"target\":{\"@type\":\"EntryPoint\",\"urlTemplate\":\"https:\\\/\\\/raed.academy\\\/ca\\\/?s={search_term_string}\"},\"query-input\":{\"@type\":\"PropertyValueSpecification\",\"valueRequired\":true,\"valueName\":\"search_term_string\"}}],\"inLanguage\":\"ca-ES\"},{\"@type\":\"Organization\",\"@id\":\"https:\\\/\\\/raed.academy\\\/ca\\\/#organization\",\"name\":\"Real Academia Europea de Doctores\",\"url\":\"https:\\\/\\\/raed.academy\\\/ca\\\/\",\"logo\":{\"@type\":\"ImageObject\",\"inLanguage\":\"ca-ES\",\"@id\":\"https:\\\/\\\/raed.academy\\\/ca\\\/#\\\/schema\\\/logo\\\/image\\\/\",\"url\":\"https:\\\/\\\/raed.academy\\\/wp-content\\\/uploads\\\/2017\\\/01\\\/cropped-logo_raed.png\",\"contentUrl\":\"https:\\\/\\\/raed.academy\\\/wp-content\\\/uploads\\\/2017\\\/01\\\/cropped-logo_raed.png\",\"width\":512,\"height\":512,\"caption\":\"Real Academia Europea de Doctores\"},\"image\":{\"@id\":\"https:\\\/\\\/raed.academy\\\/ca\\\/#\\\/schema\\\/logo\\\/image\\\/\"},\"sameAs\":[\"http:\\\/\\\/fb.me\\\/raed.academy\",\"https:\\\/\\\/x.com\\\/raedacademy\",\"https:\\\/\\\/www.instagram.com\\\/raed.academy\\\/\",\"https:\\\/\\\/www.youtube.com\\\/channel\\\/UCUYQwW2KrdirNWihxMDObwg\"]},{\"@type\":\"Person\",\"@id\":\"https:\\\/\\\/raed.academy\\\/ca\\\/#\\\/schema\\\/person\\\/5a755da80d1d979fd66ba745c8702927\",\"name\":\"RAED\",\"image\":{\"@type\":\"ImageObject\",\"inLanguage\":\"ca-ES\",\"@id\":\"https:\\\/\\\/secure.gravatar.com\\\/avatar\\\/19fdfdc0d67fb9c45714b703a2ac82251c4fcea3637f002ac3c9b74c0183583c?s=96&d=mm&r=g\",\"url\":\"https:\\\/\\\/secure.gravatar.com\\\/avatar\\\/19fdfdc0d67fb9c45714b703a2ac82251c4fcea3637f002ac3c9b74c0183583c?s=96&d=mm&r=g\",\"contentUrl\":\"https:\\\/\\\/secure.gravatar.com\\\/avatar\\\/19fdfdc0d67fb9c45714b703a2ac82251c4fcea3637f002ac3c9b74c0183583c?s=96&d=mm&r=g\",\"caption\":\"RAED\"}}]}<\/script>\n<!-- \/ Yoast SEO plugin. -->","yoast_head_json":{"title":"Llu\u00eds Serra Majem: Confessions, un reconegut cient\u00edfic i un entregat gestor - Reial Acad\u00e8mia Europea de Doctors","description":"Entrevista a Llu\u00eds Serra Majem: Aspectes de la seva vida professionals i personals, inf\u00e0ncia i adolesc\u00e8ncia a Barcelona","robots":{"index":"index","follow":"follow","max-snippet":"max-snippet:-1","max-image-preview":"max-image-preview:large","max-video-preview":"max-video-preview:-1"},"canonical":"https:\/\/raed.academy\/ca\/lluis-serra-majem-confessions-un-reconegut-cientific-i-un-entregat-gestor\/","og_locale":"ca_ES","og_type":"article","og_title":"Llu\u00eds Serra Majem: Confessions, un reconegut cient\u00edfic i un entregat gestor - Reial Acad\u00e8mia Europea de Doctors","og_description":"Entrevista a Llu\u00eds Serra Majem: Aspectes de la seva vida professionals i personals, inf\u00e0ncia i adolesc\u00e8ncia a Barcelona","og_url":"https:\/\/raed.academy\/ca\/lluis-serra-majem-confessions-un-reconegut-cientific-i-un-entregat-gestor\/","og_site_name":"Reial Acad\u00e8mia Europea de Doctors","article_publisher":"http:\/\/fb.me\/raed.academy","article_published_time":"2022-04-21T14:43:22+00:00","article_modified_time":"2022-04-22T14:55:03+00:00","og_image":[{"width":513,"height":300,"url":"https:\/\/raed.academy\/wp-content\/uploads\/2020\/03\/Lluis-Serra-Majem.jpg","type":"image\/jpeg"}],"author":"RAED","twitter_card":"summary_large_image","twitter_creator":"@raedacademy","twitter_site":"@raedacademy","twitter_misc":{"Written by":"RAED","Est. reading time":"3 minutes"},"schema":{"@context":"https:\/\/schema.org","@graph":[{"@type":"Article","@id":"https:\/\/raed.academy\/ca\/lluis-serra-majem-confessions-un-reconegut-cientific-i-un-entregat-gestor\/#article","isPartOf":{"@id":"https:\/\/raed.academy\/ca\/lluis-serra-majem-confessions-un-reconegut-cientific-i-un-entregat-gestor\/"},"author":{"name":"RAED","@id":"https:\/\/raed.academy\/ca\/#\/schema\/person\/5a755da80d1d979fd66ba745c8702927"},"headline":"Llu\u00eds Serra Majem: Confessions, un reconegut cient\u00edfic i un entregat gestor","datePublished":"2022-04-21T14:43:22+00:00","dateModified":"2022-04-22T14:55:03+00:00","mainEntityOfPage":{"@id":"https:\/\/raed.academy\/ca\/lluis-serra-majem-confessions-un-reconegut-cientific-i-un-entregat-gestor\/"},"wordCount":589,"publisher":{"@id":"https:\/\/raed.academy\/ca\/#organization"},"image":{"@id":"https:\/\/raed.academy\/ca\/lluis-serra-majem-confessions-un-reconegut-cientific-i-un-entregat-gestor\/#primaryimage"},"thumbnailUrl":"https:\/\/raed.academy\/wp-content\/uploads\/2020\/03\/Lluis-Serra-Majem.jpg","articleSection":["Acad\u00e8mics a la societat","Alimentaci\u00f3 i nutrici\u00f3","Doc\u00e8ncia","Medicina i cirurgia"],"inLanguage":"ca-ES"},{"@type":"WebPage","@id":"https:\/\/raed.academy\/ca\/lluis-serra-majem-confessions-un-reconegut-cientific-i-un-entregat-gestor\/","url":"https:\/\/raed.academy\/ca\/lluis-serra-majem-confessions-un-reconegut-cientific-i-un-entregat-gestor\/","name":"Llu\u00eds Serra Majem: Confessions, un reconegut cient\u00edfic i un entregat gestor - Reial Acad\u00e8mia Europea de Doctors","isPartOf":{"@id":"https:\/\/raed.academy\/ca\/#website"},"primaryImageOfPage":{"@id":"https:\/\/raed.academy\/ca\/lluis-serra-majem-confessions-un-reconegut-cientific-i-un-entregat-gestor\/#primaryimage"},"image":{"@id":"https:\/\/raed.academy\/ca\/lluis-serra-majem-confessions-un-reconegut-cientific-i-un-entregat-gestor\/#primaryimage"},"thumbnailUrl":"https:\/\/raed.academy\/wp-content\/uploads\/2020\/03\/Lluis-Serra-Majem.jpg","datePublished":"2022-04-21T14:43:22+00:00","dateModified":"2022-04-22T14:55:03+00:00","description":"Entrevista a Llu\u00eds Serra Majem: Aspectes de la seva vida professionals i personals, inf\u00e0ncia i adolesc\u00e8ncia a Barcelona","breadcrumb":{"@id":"https:\/\/raed.academy\/ca\/lluis-serra-majem-confessions-un-reconegut-cientific-i-un-entregat-gestor\/#breadcrumb"},"inLanguage":"ca-ES","potentialAction":[{"@type":"ReadAction","target":["https:\/\/raed.academy\/ca\/lluis-serra-majem-confessions-un-reconegut-cientific-i-un-entregat-gestor\/"]}]},{"@type":"ImageObject","inLanguage":"ca-ES","@id":"https:\/\/raed.academy\/ca\/lluis-serra-majem-confessions-un-reconegut-cientific-i-un-entregat-gestor\/#primaryimage","url":"https:\/\/raed.academy\/wp-content\/uploads\/2020\/03\/Lluis-Serra-Majem.jpg","contentUrl":"https:\/\/raed.academy\/wp-content\/uploads\/2020\/03\/Lluis-Serra-Majem.jpg","width":513,"height":300,"caption":"Lluis-Serra-Majem"},{"@type":"BreadcrumbList","@id":"https:\/\/raed.academy\/ca\/lluis-serra-majem-confessions-un-reconegut-cientific-i-un-entregat-gestor\/#breadcrumb","itemListElement":[{"@type":"ListItem","position":1,"name":"Inicio","item":"https:\/\/raed.academy\/ca\/"},{"@type":"ListItem","position":2,"name":"Llu\u00eds Serra Majem: Confessions, un reconegut cient\u00edfic i un entregat gestor"}]},{"@type":"WebSite","@id":"https:\/\/raed.academy\/ca\/#website","url":"https:\/\/raed.academy\/ca\/","name":"Reial Acad\u00e8mia Europea de Doctors","description":"Corporaci\u00f3n de derecho p\u00fablico de car\u00e1cter cient\u00edfico, t\u00e9cnico y art\u00edstico, que tiene por objeto la investigaci\u00f3n, el estudio, el fomento y la extensi\u00f3n del conocimiento en su sentido m\u00e1s amplio","publisher":{"@id":"https:\/\/raed.academy\/ca\/#organization"},"potentialAction":[{"@type":"SearchAction","target":{"@type":"EntryPoint","urlTemplate":"https:\/\/raed.academy\/ca\/?s={search_term_string}"},"query-input":{"@type":"PropertyValueSpecification","valueRequired":true,"valueName":"search_term_string"}}],"inLanguage":"ca-ES"},{"@type":"Organization","@id":"https:\/\/raed.academy\/ca\/#organization","name":"Real Academia Europea de Doctores","url":"https:\/\/raed.academy\/ca\/","logo":{"@type":"ImageObject","inLanguage":"ca-ES","@id":"https:\/\/raed.academy\/ca\/#\/schema\/logo\/image\/","url":"https:\/\/raed.academy\/wp-content\/uploads\/2017\/01\/cropped-logo_raed.png","contentUrl":"https:\/\/raed.academy\/wp-content\/uploads\/2017\/01\/cropped-logo_raed.png","width":512,"height":512,"caption":"Real Academia Europea de Doctores"},"image":{"@id":"https:\/\/raed.academy\/ca\/#\/schema\/logo\/image\/"},"sameAs":["http:\/\/fb.me\/raed.academy","https:\/\/x.com\/raedacademy","https:\/\/www.instagram.com\/raed.academy\/","https:\/\/www.youtube.com\/channel\/UCUYQwW2KrdirNWihxMDObwg"]},{"@type":"Person","@id":"https:\/\/raed.academy\/ca\/#\/schema\/person\/5a755da80d1d979fd66ba745c8702927","name":"RAED","image":{"@type":"ImageObject","inLanguage":"ca-ES","@id":"https:\/\/secure.gravatar.com\/avatar\/19fdfdc0d67fb9c45714b703a2ac82251c4fcea3637f002ac3c9b74c0183583c?s=96&d=mm&r=g","url":"https:\/\/secure.gravatar.com\/avatar\/19fdfdc0d67fb9c45714b703a2ac82251c4fcea3637f002ac3c9b74c0183583c?s=96&d=mm&r=g","contentUrl":"https:\/\/secure.gravatar.com\/avatar\/19fdfdc0d67fb9c45714b703a2ac82251c4fcea3637f002ac3c9b74c0183583c?s=96&d=mm&r=g","caption":"RAED"}}]}},"_links":{"self":[{"href":"https:\/\/raed.academy\/ca\/wp-json\/wp\/v2\/posts\/116313","targetHints":{"allow":["GET"]}}],"collection":[{"href":"https:\/\/raed.academy\/ca\/wp-json\/wp\/v2\/posts"}],"about":[{"href":"https:\/\/raed.academy\/ca\/wp-json\/wp\/v2\/types\/post"}],"author":[{"embeddable":true,"href":"https:\/\/raed.academy\/ca\/wp-json\/wp\/v2\/users\/12"}],"replies":[{"embeddable":true,"href":"https:\/\/raed.academy\/ca\/wp-json\/wp\/v2\/comments?post=116313"}],"version-history":[{"count":0,"href":"https:\/\/raed.academy\/ca\/wp-json\/wp\/v2\/posts\/116313\/revisions"}],"wp:featuredmedia":[{"embeddable":true,"href":"https:\/\/raed.academy\/ca\/wp-json\/wp\/v2\/media\/88316"}],"wp:attachment":[{"href":"https:\/\/raed.academy\/ca\/wp-json\/wp\/v2\/media?parent=116313"}],"wp:term":[{"taxonomy":"category","embeddable":true,"href":"https:\/\/raed.academy\/ca\/wp-json\/wp\/v2\/categories?post=116313"},{"taxonomy":"post_tag","embeddable":true,"href":"https:\/\/raed.academy\/ca\/wp-json\/wp\/v2\/tags?post=116313"}],"curies":[{"name":"wp","href":"https:\/\/api.w.org\/{rel}","templated":true}]}}