{"id":115631,"date":"2022-04-07T16:03:29","date_gmt":"2022-04-07T16:03:29","guid":{"rendered":"https:\/\/raed.academy\/?p=115631"},"modified":"2022-04-10T10:34:18","modified_gmt":"2022-04-10T10:34:18","slug":"la-historia-de-la-medicina-i-la-farmacia-mitjancant-la-seva-simbologia-a-la-moneda","status":"publish","type":"post","link":"https:\/\/raed.academy\/ca\/la-historia-de-la-medicina-i-la-farmacia-mitjancant-la-seva-simbologia-a-la-moneda\/","title":{"rendered":"La hist\u00f2ria de la Medicina i la Farm\u00e0cia mitjan\u00e7ant la seva simbologia a la moneda"},"content":{"rendered":"<p>[et_pb_section fb_built=&#8221;1&#8243; admin_label=&#8221;section&#8221; _builder_version=&#8221;4.16&#8243; global_colors_info=&#8221;{}&#8221;][et_pb_row use_custom_gutter=&#8221;on&#8221; gutter_width=&#8221;1&#8243; admin_label=&#8221;row&#8221; _builder_version=&#8221;4.17.0&#8243; background_size=&#8221;initial&#8221; background_position=&#8221;top_left&#8221; background_repeat=&#8221;repeat&#8221; max_width=&#8221;1600px&#8221; global_colors_info=&#8221;{}&#8221;][et_pb_column type=&#8221;4_4&#8243; _builder_version=&#8221;4.16&#8243; custom_padding=&#8221;|||&#8221; global_colors_info=&#8221;{}&#8221; custom_padding__hover=&#8221;|||&#8221;][et_pb_text admin_label=&#8221;Text&#8221; _builder_version=&#8221;4.17.0&#8243; background_size=&#8221;initial&#8221; background_position=&#8221;top_left&#8221; background_repeat=&#8221;repeat&#8221; hover_enabled=&#8221;0&#8243; global_colors_info=&#8221;{}&#8221; sticky_enabled=&#8221;0&#8243;]<\/p>\n<p><strong><img loading=\"lazy\" decoding=\"async\" class=\"size-full wp-image-115268 alignright\" src=\"https:\/\/raed.academy\/wp-content\/uploads\/2022\/03\/Jaime-Casas-Pla-230x317-1.jpeg\" alt=\"Dr. Jaime Casas Pla\" width=\"230\" height=\"317\" aria-describedby=\"caption-attachment-115268\" \/><a href=\"https:\/\/raed.academy\/ca\/academics\/dr-jaime-casas-pla\/\" target=\"_blank\" rel=\"noopener\">Jaime Casas Pla<\/a><\/strong>, doctor en Farm\u00e0cia i president de la <strong>Reial Acad\u00e8mia de Farm\u00e0cia de Catalunya<\/strong>, va ingressar com a acad\u00e8mic de n\u00famero de la <strong>Reial Acad\u00e8mia Europea de Doctors-Barcelona 1914<\/strong> (RAED), durant una solemne sessi\u00f3 que es va celebrar a la seu de la Reial Corporaci\u00f3 dijous passat, 7 d&#8217;abril. L&#8217;acte es va poder seguir tant de forma presencial com en streaming a trav\u00e9s del canal de <strong>YouTube<\/strong> de la RAED, on es pot visionar. El recipiendari va llegir el discurs d&#8217;ingr\u00e9s <a href=\"https:\/\/raed.academy\/wp-content\/uploads\/2022\/03\/libro-ingreso-RAED-Dr-Jaime-Casas-Pla_cmpr.pdf\" target=\"_blank\" rel=\"noopener\"><strong>&#8220;XXVII siglos de historia de la salud a trav\u00e9s de la numism\u00e1tica: de la moneda lidia a la tarjeta de cr\u00e9dito&#8221;<\/strong><\/a>. Li va respondre, en nom de la Reial Acad\u00e8mia, l&#8217;acad\u00e8mic numerari <a href=\"https:\/\/raed.academy\/ca\/academics\/dr-joaquin-callabed-carracedo\/\" target=\"_blank\" rel=\"noopener\"><em><strong>Joaqu\u00edn Callabed<\/strong><\/em><\/a>.<\/p>\n<p>Professor de postgrau a la Facultat de Farm\u00e0cia de la <strong>Universitat de Barcelona<\/strong>, \u200b\u200bel nou acad\u00e8mic \u00e9s membre del<strong> Consell de Col\u00b7legis Farmac\u00e8utics de Barcelona<\/strong>, \u200b\u200bde la <strong>Junta<\/strong> del <strong>Col\u00b7legi de Farmac\u00e8utics de Barcelona<\/strong> i de la <strong>Comissi\u00f3 de Comer\u00e7 Interior<\/strong> de la <strong>Cambra de Comer\u00e7 de Barcelona<\/strong>. Reconegut professional del sector, ha estat director de la <strong>Trobada Europea de Farm\u00e0cia Infarma<\/strong> i un autor destacat i prol\u00edfic d&#8217;estudis sobre divulgaci\u00f3 sanit\u00e0ria, hist\u00f2ria de la Farm\u00e0cia i de Numism\u00e0tica, una altra de les seves grans passions. Aix\u00ed mateix, \u00e9s col\u00b7laborador habitual a diversos mitjans de comunicaci\u00f3 i ha estat reconegut amb prestigioses distincions de l&#8217;\u00e0mbit sanitari i de la societat civil.<\/p>\n<p>Al seu discurs, <strong>Casas Pla<\/strong> va esbossar tant la hist\u00f2ria de la sanitat com de la Numism\u00e0tica, per convergir en all\u00f2 que ell mateix va definir numism\u00e0tica sanit\u00e0ria, ja que pr\u00e0cticament des dels seus or\u00edgens la moneda i la salut han mantingut una insospitada i continuada relaci\u00f3, fonamentada en una simbologia que ha estat al llarg dels segles en el suport de la moneda fins a la irrupci\u00f3 de les targetes de d\u00e8bit i cr\u00e8dit.<\/p>\n<p>Una fruct\u00edfera vinculaci\u00f3 que el nou acad\u00e8mic va presentar en les seves principals concrecions tant a l&#8217;\u00e8poca grecoromana com als personatges d&#8217;aquesta era, des de d\u00e9us com <strong>Asclepi<\/strong> o <strong>Esculapi<\/strong> a eminents facultatius com ara <strong>Galeno<\/strong>, a l&#8217;edat mitjana i les seves diverses tradicions, al Renaixement, a l&#8217;Edat Moderna i a la Contempor\u00e0nia, per concloure amb la import\u00e0ncia que institucions com la<strong> Creu Roja<\/strong> han tingut a la imatgeria i simbologia vinculada amb la sanitat.<\/p>\n<p>&#8220;Deia a l&#8217;inici que intentaria oferir una visi\u00f3 general de com la salut, els seus personatges i el seu entorn ha estat tractada al llarg d&#8217;aquests 27 segles. Per\u00f2 si em preguntessin la meva modesta opini\u00f3 seria que malgrat la import\u00e0ncia que t\u00e9 aquest concepte a la vida humana, al camp numism\u00e0tic ocupa un lloc molt marginal. Deixo per als especialistes en psicologia social el motiu, per\u00f2 no deixa de ser curi\u00f3s aquest fet&#8221;, va concloure <strong>Casas Pla<\/strong> la seva intervenci\u00f3.<\/p>\n<p>[\/et_pb_text][et_pb_text admin_label=&#8221;text &#8211; V\u00eddeo de l&#8217;acte&#8221; _builder_version=&#8221;4.17.0&#8243; _module_preset=&#8221;default&#8221; global_colors_info=&#8221;{}&#8221;]<\/p>\n<h2><span class=\"VIiyi\" lang=\"ca\"><span class=\"JLqJ4b ChMk0b\" data-language-for-alternatives=\"ca\" data-language-to-translate-into=\"es\" data-phrase-index=\"0\" data-number-of-phrases=\"3\"><span class=\"Q4iAWc\">V\u00eddeo de l&#8217;acte<br \/><\/span><\/span><\/span><\/h2>\n<p>[\/et_pb_text][et_pb_video src=&#8221;https:\/\/youtu.be\/EIQQ_4H76as&#8221; _builder_version=&#8221;4.17.0&#8243; _module_preset=&#8221;default&#8221; custom_margin=&#8221;||70px|||&#8221; locked=&#8221;off&#8221; global_colors_info=&#8221;{}&#8221;][\/et_pb_video][et_pb_gallery gallery_ids=&#8221;115754,115757,115772,115760,115763,115766,115769,115775,115778,115781,115784,115787,115793,115790,115796,115799&#8243; posts_number=&#8221;16&#8243; show_title_and_caption=&#8221;off&#8221; show_pagination=&#8221;off&#8221; module_class=&#8221;galeria-pad-1&#8243; _builder_version=&#8221;4.17.0&#8243; _module_preset=&#8221;default&#8221; locked=&#8221;off&#8221; global_colors_info=&#8221;{}&#8221;][\/et_pb_gallery][\/et_pb_column][\/et_pb_row][\/et_pb_section]<\/p>\n","protected":false},"excerpt":{"rendered":"<p>Jaime Casas Pla esbossa la hist\u00f2ria de la sanitat i de la numism\u00e0tica, per convergir a la &#8220;numism\u00e0tica sanit\u00e0ria&#8221;, fonamentada en una simbologia que ha estat al llarg dels segles en el suport de la moneda<\/p>\n","protected":false},"author":12,"featured_media":115638,"comment_status":"closed","ping_status":"closed","sticky":false,"template":"","format":"standard","meta":{"_et_pb_use_builder":"on","_et_pb_old_content":"<strong>Jaime Casas Pla<\/strong>, doctor en Farm\u00e0cia i president de la <strong>Reial Acad\u00e8mia de Farm\u00e0cia de Catalunya<\/strong>, va ingressar com a acad\u00e8mic de n\u00famero de la <strong>Reial Acad\u00e8mia Europea de Doctors-Barcelona 1914<\/strong> (RAED), durant una solemne sessi\u00f3 que es va celebrar a la seu de la Reial Corporaci\u00f3 dijous passat, 7 d'abril. L'acte es va poder seguir tant de forma presencial com en streaming a trav\u00e9s del canal de <strong>YouTube<\/strong> de la RAED, on es pot visionar. El recipiendari va llegir el discurs d'ingr\u00e9s <strong>\"XXVII siglos de historia de la salud a trav\u00e9s de la numism\u00e1tica: de la moneda lidia a la tarjeta de cr\u00e9dito\"<\/strong>. Li va respondre, en nom de la Reial Acad\u00e8mia, l'acad\u00e8mic numerari <a href=\"https:\/\/raed.academy\/ca\/academics\/dr-joaquin-callabed-carracedo\/\" target=\"_blank\" rel=\"noopener\"><em><strong>Joaqu\u00edn Callabed<\/strong><\/em><\/a>.\r\n\r\nProfessor de postgrau a la Facultat de Farm\u00e0cia de la <strong>Universitat de Barcelona<\/strong>, \u200b\u200bel nou acad\u00e8mic \u00e9s membre del<strong> Consell de Col\u00b7legis Farmac\u00e8utics de Barcelona<\/strong>, \u200b\u200bde la <strong>Junta<\/strong> del <strong>Col\u00b7legi de Farmac\u00e8utics de Barcelona<\/strong> i de la <strong>Comissi\u00f3 de Comer\u00e7 Interior<\/strong> de la <strong>Cambra de Comer\u00e7 de Barcelona<\/strong>. Reconegut professional del sector, ha estat director de la <strong>Trobada Europea de Farm\u00e0cia Infarma<\/strong> i un autor destacat i prol\u00edfic d'estudis sobre divulgaci\u00f3 sanit\u00e0ria, hist\u00f2ria de la Farm\u00e0cia i de Numism\u00e0tica, una altra de les seves grans passions. Aix\u00ed mateix, \u00e9s col\u00b7laborador habitual a diversos mitjans de comunicaci\u00f3 i ha estat reconegut amb prestigioses distincions de l'\u00e0mbit sanitari i de la societat civil.\r\n\r\nAl seu discurs, Casas Pla va esbossar tant la hist\u00f2ria de la sanitat com de la Numism\u00e0tica, per convergir en all\u00f2 que ell mateix va definir numism\u00e0tica sanit\u00e0ria, ja que pr\u00e0cticament des dels seus or\u00edgens la moneda i la salut han mantingut una insospitada i continuada relaci\u00f3, fonamentada en una simbologia que ha estat al llarg dels segles en el suport de la moneda fins a la irrupci\u00f3 de les targetes de d\u00e8bit i cr\u00e8dit.\r\n\r\nUna fruct\u00edfera vinculaci\u00f3 que el nou acad\u00e8mic va presentar en les seves principals concrecions tant a l'\u00e8poca grecoromana com als personatges d'aquesta era, des de d\u00e9us com <strong>Asclepi<\/strong> o <strong>Esculapi<\/strong> a eminents facultatius com ara <strong>Galeno<\/strong>, a l'edat mitjana i les seves diverses tradicions, al Renaixement, a l'Edat Moderna i a la Contempor\u00e0nia, per concloure amb la import\u00e0ncia que institucions com la<strong> Creu Roja<\/strong> han tingut a la imatgeria i simbologia vinculada amb la sanitat.\r\n\r\n\"Deia a l'inici que intentaria oferir una visi\u00f3 general de com la salut, els seus personatges i el seu entorn ha estat tractada al llarg d'aquests 27 segles. Per\u00f2 si em preguntessin la meva modesta opini\u00f3 seria que malgrat la import\u00e0ncia que t\u00e9 aquest concepte a la vida humana, al camp numism\u00e0tic ocupa un lloc molt marginal. Deixo per als especialistes en psicologia social el motiu, per\u00f2 no deixa de ser curi\u00f3s aquest fet\", va concloure Casas Pla la seva intervenci\u00f3.\r\n<h2>V\u00eddeo del acto<\/h2>\r\n<iframe title=\"YouTube video player\" src=\"https:\/\/www.youtube.com\/embed\/EIQQ_4H76as\" width=\"945\" height=\"512\" frameborder=\"0\" allowfullscreen=\"allowfullscreen\" data-mce-fragment=\"1\"><\/iframe>","_et_gb_content_width":"","footnotes":""},"categories":[213,357],"tags":[475],"class_list":["post-115631","post","type-post","status-publish","format-standard","has-post-thumbnail","hentry","category-medicina-i-cirurgia","category-numismatica-ca","tag-ingressos-academics","et-has-post-format-content","et_post_format-et-post-format-standard"],"yoast_head":"<!-- This site is optimized with the Yoast SEO plugin v27.4 - https:\/\/yoast.com\/product\/yoast-seo-wordpress\/ -->\n<title>La hist\u00f2ria de la Medicina i la Farm\u00e0cia mitjan\u00e7ant la seva simbologia a la moneda - Reial Acad\u00e8mia Europea de Doctors<\/title>\n<meta name=\"description\" content=\"Jaime Casas Pla esbossa la hist\u00f2ria de la sanitat i de la numism\u00e0tica, per convergir a la &quot;numism\u00e0tica sanit\u00e0ria&quot;, fonamentada en la simbologia de la moneda\" \/>\n<meta name=\"robots\" content=\"index, follow, max-snippet:-1, max-image-preview:large, max-video-preview:-1\" \/>\n<link rel=\"canonical\" href=\"https:\/\/raed.academy\/ca\/la-historia-de-la-medicina-i-la-farmacia-mitjancant-la-seva-simbologia-a-la-moneda\/\" \/>\n<meta property=\"og:locale\" content=\"ca_ES\" \/>\n<meta property=\"og:type\" content=\"article\" \/>\n<meta property=\"og:title\" content=\"La hist\u00f2ria de la Medicina i la Farm\u00e0cia mitjan\u00e7ant la seva simbologia a la moneda - Reial Acad\u00e8mia Europea de Doctors\" \/>\n<meta property=\"og:description\" content=\"Jaime Casas Pla esbossa la hist\u00f2ria de la sanitat i de la numism\u00e0tica, per convergir a la &quot;numism\u00e0tica sanit\u00e0ria&quot;, fonamentada en la simbologia de la moneda\" \/>\n<meta property=\"og:url\" content=\"https:\/\/raed.academy\/ca\/la-historia-de-la-medicina-i-la-farmacia-mitjancant-la-seva-simbologia-a-la-moneda\/\" \/>\n<meta property=\"og:site_name\" content=\"Reial Acad\u00e8mia Europea de Doctors\" \/>\n<meta property=\"article:publisher\" content=\"http:\/\/fb.me\/raed.academy\" \/>\n<meta property=\"article:published_time\" content=\"2022-04-07T16:03:29+00:00\" \/>\n<meta property=\"article:modified_time\" content=\"2022-04-10T10:34:18+00:00\" \/>\n<meta property=\"og:image\" content=\"https:\/\/raed.academy\/wp-content\/uploads\/2022\/04\/money_old_coins_last_century_pxhere.com-dmn-publico-dst.webp\" \/>\n\t<meta property=\"og:image:width\" content=\"600\" \/>\n\t<meta property=\"og:image:height\" content=\"360\" \/>\n\t<meta property=\"og:image:type\" content=\"image\/webp\" \/>\n<meta name=\"author\" content=\"RAED\" \/>\n<meta name=\"twitter:card\" content=\"summary_large_image\" \/>\n<meta name=\"twitter:creator\" content=\"@raedacademy\" \/>\n<meta name=\"twitter:site\" content=\"@raedacademy\" \/>\n<meta name=\"twitter:label1\" content=\"Written by\" \/>\n\t<meta name=\"twitter:data1\" content=\"RAED\" \/>\n<script type=\"application\/ld+json\" class=\"yoast-schema-graph\">{\"@context\":\"https:\\\/\\\/schema.org\",\"@graph\":[{\"@type\":\"Article\",\"@id\":\"https:\\\/\\\/raed.academy\\\/ca\\\/la-historia-de-la-medicina-i-la-farmacia-mitjancant-la-seva-simbologia-a-la-moneda\\\/#article\",\"isPartOf\":{\"@id\":\"https:\\\/\\\/raed.academy\\\/ca\\\/la-historia-de-la-medicina-i-la-farmacia-mitjancant-la-seva-simbologia-a-la-moneda\\\/\"},\"author\":{\"name\":\"RAED\",\"@id\":\"https:\\\/\\\/raed.academy\\\/ca\\\/#\\\/schema\\\/person\\\/5a755da80d1d979fd66ba745c8702927\"},\"headline\":\"La hist\u00f2ria de la Medicina i la Farm\u00e0cia mitjan\u00e7ant la seva simbologia a la moneda\",\"datePublished\":\"2022-04-07T16:03:29+00:00\",\"dateModified\":\"2022-04-10T10:34:18+00:00\",\"mainEntityOfPage\":{\"@id\":\"https:\\\/\\\/raed.academy\\\/ca\\\/la-historia-de-la-medicina-i-la-farmacia-mitjancant-la-seva-simbologia-a-la-moneda\\\/\"},\"wordCount\":708,\"publisher\":{\"@id\":\"https:\\\/\\\/raed.academy\\\/ca\\\/#organization\"},\"image\":{\"@id\":\"https:\\\/\\\/raed.academy\\\/ca\\\/la-historia-de-la-medicina-i-la-farmacia-mitjancant-la-seva-simbologia-a-la-moneda\\\/#primaryimage\"},\"thumbnailUrl\":\"https:\\\/\\\/raed.academy\\\/wp-content\\\/uploads\\\/2022\\\/04\\\/money_old_coins_last_century_pxhere.com-dmn-publico-dst.webp\",\"keywords\":[\"Ingressos acad\u00e8mics\"],\"articleSection\":[\"Medicina i cirurgia\",\"Numism\u00e0tica\"],\"inLanguage\":\"ca-ES\"},{\"@type\":\"WebPage\",\"@id\":\"https:\\\/\\\/raed.academy\\\/ca\\\/la-historia-de-la-medicina-i-la-farmacia-mitjancant-la-seva-simbologia-a-la-moneda\\\/\",\"url\":\"https:\\\/\\\/raed.academy\\\/ca\\\/la-historia-de-la-medicina-i-la-farmacia-mitjancant-la-seva-simbologia-a-la-moneda\\\/\",\"name\":\"La hist\u00f2ria de la Medicina i la Farm\u00e0cia mitjan\u00e7ant la seva simbologia a la moneda - Reial Acad\u00e8mia Europea de Doctors\",\"isPartOf\":{\"@id\":\"https:\\\/\\\/raed.academy\\\/ca\\\/#website\"},\"primaryImageOfPage\":{\"@id\":\"https:\\\/\\\/raed.academy\\\/ca\\\/la-historia-de-la-medicina-i-la-farmacia-mitjancant-la-seva-simbologia-a-la-moneda\\\/#primaryimage\"},\"image\":{\"@id\":\"https:\\\/\\\/raed.academy\\\/ca\\\/la-historia-de-la-medicina-i-la-farmacia-mitjancant-la-seva-simbologia-a-la-moneda\\\/#primaryimage\"},\"thumbnailUrl\":\"https:\\\/\\\/raed.academy\\\/wp-content\\\/uploads\\\/2022\\\/04\\\/money_old_coins_last_century_pxhere.com-dmn-publico-dst.webp\",\"datePublished\":\"2022-04-07T16:03:29+00:00\",\"dateModified\":\"2022-04-10T10:34:18+00:00\",\"description\":\"Jaime Casas Pla esbossa la hist\u00f2ria de la sanitat i de la numism\u00e0tica, per convergir a la \\\"numism\u00e0tica sanit\u00e0ria\\\", fonamentada en la simbologia de la moneda\",\"breadcrumb\":{\"@id\":\"https:\\\/\\\/raed.academy\\\/ca\\\/la-historia-de-la-medicina-i-la-farmacia-mitjancant-la-seva-simbologia-a-la-moneda\\\/#breadcrumb\"},\"inLanguage\":\"ca-ES\",\"potentialAction\":[{\"@type\":\"ReadAction\",\"target\":[\"https:\\\/\\\/raed.academy\\\/ca\\\/la-historia-de-la-medicina-i-la-farmacia-mitjancant-la-seva-simbologia-a-la-moneda\\\/\"]}]},{\"@type\":\"ImageObject\",\"inLanguage\":\"ca-ES\",\"@id\":\"https:\\\/\\\/raed.academy\\\/ca\\\/la-historia-de-la-medicina-i-la-farmacia-mitjancant-la-seva-simbologia-a-la-moneda\\\/#primaryimage\",\"url\":\"https:\\\/\\\/raed.academy\\\/wp-content\\\/uploads\\\/2022\\\/04\\\/money_old_coins_last_century_pxhere.com-dmn-publico-dst.webp\",\"contentUrl\":\"https:\\\/\\\/raed.academy\\\/wp-content\\\/uploads\\\/2022\\\/04\\\/money_old_coins_last_century_pxhere.com-dmn-publico-dst.webp\",\"width\":600,\"height\":360},{\"@type\":\"BreadcrumbList\",\"@id\":\"https:\\\/\\\/raed.academy\\\/ca\\\/la-historia-de-la-medicina-i-la-farmacia-mitjancant-la-seva-simbologia-a-la-moneda\\\/#breadcrumb\",\"itemListElement\":[{\"@type\":\"ListItem\",\"position\":1,\"name\":\"Inicio\",\"item\":\"https:\\\/\\\/raed.academy\\\/ca\\\/\"},{\"@type\":\"ListItem\",\"position\":2,\"name\":\"La hist\u00f2ria de la Medicina i la Farm\u00e0cia mitjan\u00e7ant la seva simbologia a la moneda\"}]},{\"@type\":\"WebSite\",\"@id\":\"https:\\\/\\\/raed.academy\\\/ca\\\/#website\",\"url\":\"https:\\\/\\\/raed.academy\\\/ca\\\/\",\"name\":\"Reial Acad\u00e8mia Europea de Doctors\",\"description\":\"Corporaci\u00f3n de derecho p\u00fablico de car\u00e1cter cient\u00edfico, t\u00e9cnico y art\u00edstico, que tiene por objeto la investigaci\u00f3n, el estudio, el fomento y la extensi\u00f3n del conocimiento en su sentido m\u00e1s amplio\",\"publisher\":{\"@id\":\"https:\\\/\\\/raed.academy\\\/ca\\\/#organization\"},\"potentialAction\":[{\"@type\":\"SearchAction\",\"target\":{\"@type\":\"EntryPoint\",\"urlTemplate\":\"https:\\\/\\\/raed.academy\\\/ca\\\/?s={search_term_string}\"},\"query-input\":{\"@type\":\"PropertyValueSpecification\",\"valueRequired\":true,\"valueName\":\"search_term_string\"}}],\"inLanguage\":\"ca-ES\"},{\"@type\":\"Organization\",\"@id\":\"https:\\\/\\\/raed.academy\\\/ca\\\/#organization\",\"name\":\"Real Academia Europea de Doctores\",\"url\":\"https:\\\/\\\/raed.academy\\\/ca\\\/\",\"logo\":{\"@type\":\"ImageObject\",\"inLanguage\":\"ca-ES\",\"@id\":\"https:\\\/\\\/raed.academy\\\/ca\\\/#\\\/schema\\\/logo\\\/image\\\/\",\"url\":\"https:\\\/\\\/raed.academy\\\/wp-content\\\/uploads\\\/2017\\\/01\\\/cropped-logo_raed.png\",\"contentUrl\":\"https:\\\/\\\/raed.academy\\\/wp-content\\\/uploads\\\/2017\\\/01\\\/cropped-logo_raed.png\",\"width\":512,\"height\":512,\"caption\":\"Real Academia Europea de Doctores\"},\"image\":{\"@id\":\"https:\\\/\\\/raed.academy\\\/ca\\\/#\\\/schema\\\/logo\\\/image\\\/\"},\"sameAs\":[\"http:\\\/\\\/fb.me\\\/raed.academy\",\"https:\\\/\\\/x.com\\\/raedacademy\",\"https:\\\/\\\/www.instagram.com\\\/raed.academy\\\/\",\"https:\\\/\\\/www.youtube.com\\\/channel\\\/UCUYQwW2KrdirNWihxMDObwg\"]},{\"@type\":\"Person\",\"@id\":\"https:\\\/\\\/raed.academy\\\/ca\\\/#\\\/schema\\\/person\\\/5a755da80d1d979fd66ba745c8702927\",\"name\":\"RAED\",\"image\":{\"@type\":\"ImageObject\",\"inLanguage\":\"ca-ES\",\"@id\":\"https:\\\/\\\/secure.gravatar.com\\\/avatar\\\/19fdfdc0d67fb9c45714b703a2ac82251c4fcea3637f002ac3c9b74c0183583c?s=96&d=mm&r=g\",\"url\":\"https:\\\/\\\/secure.gravatar.com\\\/avatar\\\/19fdfdc0d67fb9c45714b703a2ac82251c4fcea3637f002ac3c9b74c0183583c?s=96&d=mm&r=g\",\"contentUrl\":\"https:\\\/\\\/secure.gravatar.com\\\/avatar\\\/19fdfdc0d67fb9c45714b703a2ac82251c4fcea3637f002ac3c9b74c0183583c?s=96&d=mm&r=g\",\"caption\":\"RAED\"}}]}<\/script>\n<!-- \/ Yoast SEO plugin. -->","yoast_head_json":{"title":"La hist\u00f2ria de la Medicina i la Farm\u00e0cia mitjan\u00e7ant la seva simbologia a la moneda - Reial Acad\u00e8mia Europea de Doctors","description":"Jaime Casas Pla esbossa la hist\u00f2ria de la sanitat i de la numism\u00e0tica, per convergir a la \"numism\u00e0tica sanit\u00e0ria\", fonamentada en la simbologia de la moneda","robots":{"index":"index","follow":"follow","max-snippet":"max-snippet:-1","max-image-preview":"max-image-preview:large","max-video-preview":"max-video-preview:-1"},"canonical":"https:\/\/raed.academy\/ca\/la-historia-de-la-medicina-i-la-farmacia-mitjancant-la-seva-simbologia-a-la-moneda\/","og_locale":"ca_ES","og_type":"article","og_title":"La hist\u00f2ria de la Medicina i la Farm\u00e0cia mitjan\u00e7ant la seva simbologia a la moneda - Reial Acad\u00e8mia Europea de Doctors","og_description":"Jaime Casas Pla esbossa la hist\u00f2ria de la sanitat i de la numism\u00e0tica, per convergir a la \"numism\u00e0tica sanit\u00e0ria\", fonamentada en la simbologia de la moneda","og_url":"https:\/\/raed.academy\/ca\/la-historia-de-la-medicina-i-la-farmacia-mitjancant-la-seva-simbologia-a-la-moneda\/","og_site_name":"Reial Acad\u00e8mia Europea de Doctors","article_publisher":"http:\/\/fb.me\/raed.academy","article_published_time":"2022-04-07T16:03:29+00:00","article_modified_time":"2022-04-10T10:34:18+00:00","og_image":[{"width":600,"height":360,"url":"https:\/\/raed.academy\/wp-content\/uploads\/2022\/04\/money_old_coins_last_century_pxhere.com-dmn-publico-dst.webp","type":"image\/webp"}],"author":"RAED","twitter_card":"summary_large_image","twitter_creator":"@raedacademy","twitter_site":"@raedacademy","twitter_misc":{"Written by":"RAED"},"schema":{"@context":"https:\/\/schema.org","@graph":[{"@type":"Article","@id":"https:\/\/raed.academy\/ca\/la-historia-de-la-medicina-i-la-farmacia-mitjancant-la-seva-simbologia-a-la-moneda\/#article","isPartOf":{"@id":"https:\/\/raed.academy\/ca\/la-historia-de-la-medicina-i-la-farmacia-mitjancant-la-seva-simbologia-a-la-moneda\/"},"author":{"name":"RAED","@id":"https:\/\/raed.academy\/ca\/#\/schema\/person\/5a755da80d1d979fd66ba745c8702927"},"headline":"La hist\u00f2ria de la Medicina i la Farm\u00e0cia mitjan\u00e7ant la seva simbologia a la moneda","datePublished":"2022-04-07T16:03:29+00:00","dateModified":"2022-04-10T10:34:18+00:00","mainEntityOfPage":{"@id":"https:\/\/raed.academy\/ca\/la-historia-de-la-medicina-i-la-farmacia-mitjancant-la-seva-simbologia-a-la-moneda\/"},"wordCount":708,"publisher":{"@id":"https:\/\/raed.academy\/ca\/#organization"},"image":{"@id":"https:\/\/raed.academy\/ca\/la-historia-de-la-medicina-i-la-farmacia-mitjancant-la-seva-simbologia-a-la-moneda\/#primaryimage"},"thumbnailUrl":"https:\/\/raed.academy\/wp-content\/uploads\/2022\/04\/money_old_coins_last_century_pxhere.com-dmn-publico-dst.webp","keywords":["Ingressos acad\u00e8mics"],"articleSection":["Medicina i cirurgia","Numism\u00e0tica"],"inLanguage":"ca-ES"},{"@type":"WebPage","@id":"https:\/\/raed.academy\/ca\/la-historia-de-la-medicina-i-la-farmacia-mitjancant-la-seva-simbologia-a-la-moneda\/","url":"https:\/\/raed.academy\/ca\/la-historia-de-la-medicina-i-la-farmacia-mitjancant-la-seva-simbologia-a-la-moneda\/","name":"La hist\u00f2ria de la Medicina i la Farm\u00e0cia mitjan\u00e7ant la seva simbologia a la moneda - Reial Acad\u00e8mia Europea de Doctors","isPartOf":{"@id":"https:\/\/raed.academy\/ca\/#website"},"primaryImageOfPage":{"@id":"https:\/\/raed.academy\/ca\/la-historia-de-la-medicina-i-la-farmacia-mitjancant-la-seva-simbologia-a-la-moneda\/#primaryimage"},"image":{"@id":"https:\/\/raed.academy\/ca\/la-historia-de-la-medicina-i-la-farmacia-mitjancant-la-seva-simbologia-a-la-moneda\/#primaryimage"},"thumbnailUrl":"https:\/\/raed.academy\/wp-content\/uploads\/2022\/04\/money_old_coins_last_century_pxhere.com-dmn-publico-dst.webp","datePublished":"2022-04-07T16:03:29+00:00","dateModified":"2022-04-10T10:34:18+00:00","description":"Jaime Casas Pla esbossa la hist\u00f2ria de la sanitat i de la numism\u00e0tica, per convergir a la \"numism\u00e0tica sanit\u00e0ria\", fonamentada en la simbologia de la moneda","breadcrumb":{"@id":"https:\/\/raed.academy\/ca\/la-historia-de-la-medicina-i-la-farmacia-mitjancant-la-seva-simbologia-a-la-moneda\/#breadcrumb"},"inLanguage":"ca-ES","potentialAction":[{"@type":"ReadAction","target":["https:\/\/raed.academy\/ca\/la-historia-de-la-medicina-i-la-farmacia-mitjancant-la-seva-simbologia-a-la-moneda\/"]}]},{"@type":"ImageObject","inLanguage":"ca-ES","@id":"https:\/\/raed.academy\/ca\/la-historia-de-la-medicina-i-la-farmacia-mitjancant-la-seva-simbologia-a-la-moneda\/#primaryimage","url":"https:\/\/raed.academy\/wp-content\/uploads\/2022\/04\/money_old_coins_last_century_pxhere.com-dmn-publico-dst.webp","contentUrl":"https:\/\/raed.academy\/wp-content\/uploads\/2022\/04\/money_old_coins_last_century_pxhere.com-dmn-publico-dst.webp","width":600,"height":360},{"@type":"BreadcrumbList","@id":"https:\/\/raed.academy\/ca\/la-historia-de-la-medicina-i-la-farmacia-mitjancant-la-seva-simbologia-a-la-moneda\/#breadcrumb","itemListElement":[{"@type":"ListItem","position":1,"name":"Inicio","item":"https:\/\/raed.academy\/ca\/"},{"@type":"ListItem","position":2,"name":"La hist\u00f2ria de la Medicina i la Farm\u00e0cia mitjan\u00e7ant la seva simbologia a la moneda"}]},{"@type":"WebSite","@id":"https:\/\/raed.academy\/ca\/#website","url":"https:\/\/raed.academy\/ca\/","name":"Reial Acad\u00e8mia Europea de Doctors","description":"Corporaci\u00f3n de derecho p\u00fablico de car\u00e1cter cient\u00edfico, t\u00e9cnico y art\u00edstico, que tiene por objeto la investigaci\u00f3n, el estudio, el fomento y la extensi\u00f3n del conocimiento en su sentido m\u00e1s amplio","publisher":{"@id":"https:\/\/raed.academy\/ca\/#organization"},"potentialAction":[{"@type":"SearchAction","target":{"@type":"EntryPoint","urlTemplate":"https:\/\/raed.academy\/ca\/?s={search_term_string}"},"query-input":{"@type":"PropertyValueSpecification","valueRequired":true,"valueName":"search_term_string"}}],"inLanguage":"ca-ES"},{"@type":"Organization","@id":"https:\/\/raed.academy\/ca\/#organization","name":"Real Academia Europea de Doctores","url":"https:\/\/raed.academy\/ca\/","logo":{"@type":"ImageObject","inLanguage":"ca-ES","@id":"https:\/\/raed.academy\/ca\/#\/schema\/logo\/image\/","url":"https:\/\/raed.academy\/wp-content\/uploads\/2017\/01\/cropped-logo_raed.png","contentUrl":"https:\/\/raed.academy\/wp-content\/uploads\/2017\/01\/cropped-logo_raed.png","width":512,"height":512,"caption":"Real Academia Europea de Doctores"},"image":{"@id":"https:\/\/raed.academy\/ca\/#\/schema\/logo\/image\/"},"sameAs":["http:\/\/fb.me\/raed.academy","https:\/\/x.com\/raedacademy","https:\/\/www.instagram.com\/raed.academy\/","https:\/\/www.youtube.com\/channel\/UCUYQwW2KrdirNWihxMDObwg"]},{"@type":"Person","@id":"https:\/\/raed.academy\/ca\/#\/schema\/person\/5a755da80d1d979fd66ba745c8702927","name":"RAED","image":{"@type":"ImageObject","inLanguage":"ca-ES","@id":"https:\/\/secure.gravatar.com\/avatar\/19fdfdc0d67fb9c45714b703a2ac82251c4fcea3637f002ac3c9b74c0183583c?s=96&d=mm&r=g","url":"https:\/\/secure.gravatar.com\/avatar\/19fdfdc0d67fb9c45714b703a2ac82251c4fcea3637f002ac3c9b74c0183583c?s=96&d=mm&r=g","contentUrl":"https:\/\/secure.gravatar.com\/avatar\/19fdfdc0d67fb9c45714b703a2ac82251c4fcea3637f002ac3c9b74c0183583c?s=96&d=mm&r=g","caption":"RAED"}}]}},"_links":{"self":[{"href":"https:\/\/raed.academy\/ca\/wp-json\/wp\/v2\/posts\/115631","targetHints":{"allow":["GET"]}}],"collection":[{"href":"https:\/\/raed.academy\/ca\/wp-json\/wp\/v2\/posts"}],"about":[{"href":"https:\/\/raed.academy\/ca\/wp-json\/wp\/v2\/types\/post"}],"author":[{"embeddable":true,"href":"https:\/\/raed.academy\/ca\/wp-json\/wp\/v2\/users\/12"}],"replies":[{"embeddable":true,"href":"https:\/\/raed.academy\/ca\/wp-json\/wp\/v2\/comments?post=115631"}],"version-history":[{"count":0,"href":"https:\/\/raed.academy\/ca\/wp-json\/wp\/v2\/posts\/115631\/revisions"}],"wp:featuredmedia":[{"embeddable":true,"href":"https:\/\/raed.academy\/ca\/wp-json\/wp\/v2\/media\/115638"}],"wp:attachment":[{"href":"https:\/\/raed.academy\/ca\/wp-json\/wp\/v2\/media?parent=115631"}],"wp:term":[{"taxonomy":"category","embeddable":true,"href":"https:\/\/raed.academy\/ca\/wp-json\/wp\/v2\/categories?post=115631"},{"taxonomy":"post_tag","embeddable":true,"href":"https:\/\/raed.academy\/ca\/wp-json\/wp\/v2\/tags?post=115631"}],"curies":[{"name":"wp","href":"https:\/\/api.w.org\/{rel}","templated":true}]}}