{"id":115597,"date":"2022-04-07T15:21:44","date_gmt":"2022-04-07T15:21:44","guid":{"rendered":"https:\/\/raed.academy\/?p=115597"},"modified":"2022-04-09T17:58:19","modified_gmt":"2022-04-09T17:58:19","slug":"el-paper-de-la-nutricio-en-la-prevencio-de-la-perdua-auditiva","status":"publish","type":"post","link":"https:\/\/raed.academy\/ca\/el-paper-de-la-nutricio-en-la-prevencio-de-la-perdua-auditiva\/","title":{"rendered":"El paper de la nutrici\u00f3 en la prevenci\u00f3 de la p\u00e8rdua auditiva"},"content":{"rendered":"<p><a href=\"https:\/\/raed.academy\/ca\/academics\/dr-gregorio-varela-moreiras\/\" target=\"_blank\" rel=\"noopener\"><em><strong>Gregorio Varela<\/strong><\/em><\/a>, catedr\u00e0tic de Nutrici\u00f3 i Bromatologia de la <strong>Universitat CEU-San Pablo<\/strong>, president de la <strong>Fundaci\u00f3 Espanyola de la Nutrici\u00f3<\/strong> i de la <strong>Federaci\u00f3 Espanyola de Societats de Nutrici\u00f3, Alimentaci\u00f3 i Diet\u00e8tica<\/strong> i acad\u00e8mic de n\u00famero de la <strong>Reial Acad\u00e8mia Europea de Doctors-Barcelona 1914<\/strong> (RAED), va participar el passat 28 de mar\u00e7 a la taula rodona que el <strong>Centre de Recerca Biom\u00e8dica en Xarxa de Malalties Rares<\/strong> (Ciberer) va dedicar a la <strong>&#8220;Salud Auditiva y Calidad de Vida&#8221;<\/strong>. La cita, que es va fer en format telem\u00e0tic, va ser presentada i moderada per <strong>Luis Lassaletta<\/strong>, facultatiu de l&#8217;<strong>Hospital Universitari La Paz<\/strong> de Madrid i membre de Ciberer, i<strong> Isabel Varela Nieto<\/strong>, investigadora del <strong>Centre Superior d&#8217;Investigacions Cient\u00edfiques<\/strong> (CSIC).<\/p>\n<div id=\"attachment_115718\" style=\"width: 380px\" class=\"wp-caption alignright\"><img loading=\"lazy\" decoding=\"async\" aria-describedby=\"caption-attachment-115718\" class=\"wp-image-115718 size-full\" src=\"https:\/\/raed.academy\/wp-content\/uploads\/2022\/04\/Gregorio-Varela.webp\" alt=\"Dr. Gregorio Varela\" width=\"370\" height=\"247\" aria-describedby=\"caption-attachment-115718\" \/><p id=\"caption-attachment-115718\" class=\"wp-caption-text\">Dr. Gregorio Varela<\/p><\/div>\n<p>Amb <strong>Varela<\/strong> hi van participar <strong>Mar\u00eda Ruiz Montes<\/strong>, de l&#8217;empresa especialitzada atenci\u00f3 a la discapacitat auditiva <strong>AG Bell<\/strong>, que va abordar el problema del soroll a l&#8217;entorn universitari; <strong>Javier Mata Pe\u00f1uela<\/strong>, de l&#8217;<strong>Associaci\u00f3 Espanyola d&#8217;Audiologia<\/strong>, que va parlar sobre el soroll a l&#8217;entorn laboral i el seu impacte en la qualitat de vida, i <strong>Silvia Murillo Cuesta<\/strong>, del Centre de Recerca Biom\u00e8dica a Xarxa de Malalties Rares, que va dissertar sobre els aven\u00e7os per a la prevenci\u00f3 i la reparaci\u00f3 del dany causat per exposici\u00f3 al soroll. L&#8217;acad\u00e8mic de la RAED, per la seva banda, va reflexionar sobre el paper de la nutrici\u00f3 en la prevenci\u00f3 de la p\u00e8rdua auditiva.<\/p>\n<p>&#8220;L&#8217;alimentaci\u00f3 i els estils de vida juguen un paper important en la salut auditiva&#8221;, va iniciar <strong>Varela<\/strong> la seva intervenci\u00f3, destacant els principals components fonamentals en l&#8217;alimentaci\u00f3 que estan directament relacionats amb la cura de la funci\u00f3 auditiva. En aquest sentit, va assenyalar que un alt \u00edndex gluc\u00e8mic i uns nivells alts de carbohidrats mostren un risc m\u00e9s gran de p\u00e8rdua auditiva, de la mateixa manera que un exc\u00e9s de calories afecta en general la salut. &#8220;Els greixos poliinsaturats omega-3 permeten tenir un valor protector a llarg termini a l&#8217;audici\u00f3, segons hem aconseguit demostrar amb experiments en animals. I a la nostra societat ens trobem amb uns nivells d&#8217;ingesta insuficients d&#8217;aquests components grassos&#8221;, va explicar.<\/p>\n<p>Pel que fa a les vitamines, va assegurar que les que tenen components antioxidants, com ara l&#8217;A, l&#8217;E i la C, tamb\u00e9 s&#8217;han relacionat amb el manteniment de la funci\u00f3 auditiva, si b\u00e9 els estudis no s\u00f3n concloents. &#8220;Una ingesta insuficient d&#8217;\u00e0cid f\u00f2lic pot portar a una p\u00e8rdua d&#8217;audici\u00f3, sobretot associat a un d\u00e8ficit de vitamina B12&#8221;, va assenyalar. Pel que fa als minerals, <strong>Varela<\/strong> va dir que tamb\u00e9 s&#8217;ha determinat que una baixa ingesta de ferro augmenta el risc de desenvolupar p\u00e8rdua auditiva. &#8220;Cal tenir en compte els antecedents gen\u00e8tics i els estils de vida per tenir una alimentaci\u00f3 a mesura que millori la nostra salut en general&#8221;, va concloure.<\/p>\n<p>Per a l&#8217;acad\u00e8mic, per altra banda, la gradual p\u00e8rdua dels sentits que es dona amb l&#8217;edat t\u00e9 a veure amb l&#8217;alimentaci\u00f3 que fem i els f\u00e0rmacs interaccionen especialment amb les vitamines. Alerta tamb\u00e9 que els joves estan prenent el l\u00edmit de glucosa que recomana l&#8217;<strong>Organitzaci\u00f3 Mundial de la Salut<\/strong>. &#8220;Cal moderar entre aquest grup de poblaci\u00f3 el seu consum, perqu\u00e8 la fructosa ja est\u00e0 de manera natural en molts aliments. Afortunadament, a Espanya s&#8217;ha limitat en molts aliments processats&#8221;, va acabar.<\/p>\n<p><iframe loading=\"lazy\" title=\"Mesa redonda organizada por AG Bell y CIBERER. Mes de la audici\u00f3n 2022.\" width=\"1080\" height=\"608\" src=\"https:\/\/www.youtube.com\/embed\/ev53Z5CxZHQ?feature=oembed\" frameborder=\"0\" allow=\"accelerometer; autoplay; clipboard-write; encrypted-media; gyroscope; picture-in-picture\" allowfullscreen><\/iframe><\/p>\n","protected":false},"excerpt":{"rendered":"<p>Gregorio Varela exposa el paper de la nutrici\u00f3 en la prevenci\u00f3 de la p\u00e8rdua auditiva, a la taula rodona que el Ciberer va dedicar a la &#8220;Salut Auditiva i Qualitat de Vida&#8221;<\/p>\n","protected":false},"author":12,"featured_media":115716,"comment_status":"closed","ping_status":"closed","sticky":false,"template":"","format":"standard","meta":{"_et_pb_use_builder":"","_et_pb_old_content":"","_et_gb_content_width":"","footnotes":""},"categories":[237,213],"tags":[],"class_list":["post-115597","post","type-post","status-publish","format-standard","has-post-thumbnail","hentry","category-alimentacio-i-nutricio","category-medicina-i-cirurgia","et-has-post-format-content","et_post_format-et-post-format-standard"],"yoast_head":"<!-- This site is optimized with the Yoast SEO plugin v27.4 - https:\/\/yoast.com\/product\/yoast-seo-wordpress\/ -->\n<title>El paper de la nutrici\u00f3 en la prevenci\u00f3 de la p\u00e8rdua auditiva - Reial Acad\u00e8mia Europea de Doctors<\/title>\n<meta name=\"description\" content=\"Gregorio Varela exposa el paper de la nutrici\u00f3 en la prevenci\u00f3 de la p\u00e8rdua auditiva, a la taula rodona que el Ciberer va dedicar a la &quot;Salut Auditiva i Qualitat de Vida&quot;\" \/>\n<meta name=\"robots\" content=\"index, follow, max-snippet:-1, max-image-preview:large, max-video-preview:-1\" \/>\n<link rel=\"canonical\" href=\"https:\/\/raed.academy\/ca\/el-paper-de-la-nutricio-en-la-prevencio-de-la-perdua-auditiva\/\" \/>\n<meta property=\"og:locale\" content=\"ca_ES\" \/>\n<meta property=\"og:type\" content=\"article\" \/>\n<meta property=\"og:title\" content=\"El paper de la nutrici\u00f3 en la prevenci\u00f3 de la p\u00e8rdua auditiva - Reial Acad\u00e8mia Europea de Doctors\" \/>\n<meta property=\"og:description\" content=\"Gregorio Varela exposa el paper de la nutrici\u00f3 en la prevenci\u00f3 de la p\u00e8rdua auditiva, a la taula rodona que el Ciberer va dedicar a la &quot;Salut Auditiva i Qualitat de Vida&quot;\" \/>\n<meta property=\"og:url\" content=\"https:\/\/raed.academy\/ca\/el-paper-de-la-nutricio-en-la-prevencio-de-la-perdua-auditiva\/\" \/>\n<meta property=\"og:site_name\" content=\"Reial Acad\u00e8mia Europea de Doctors\" \/>\n<meta property=\"article:publisher\" content=\"http:\/\/fb.me\/raed.academy\" \/>\n<meta property=\"article:published_time\" content=\"2022-04-07T15:21:44+00:00\" \/>\n<meta property=\"article:modified_time\" content=\"2022-04-09T17:58:19+00:00\" \/>\n<meta property=\"og:image\" content=\"https:\/\/raed.academy\/wp-content\/uploads\/2022\/04\/sordera-perdida-de-audicion-dst.webp\" \/>\n\t<meta property=\"og:image:width\" content=\"400\" \/>\n\t<meta property=\"og:image:height\" content=\"240\" \/>\n\t<meta property=\"og:image:type\" content=\"image\/webp\" \/>\n<meta name=\"author\" content=\"RAED\" \/>\n<meta name=\"twitter:card\" content=\"summary_large_image\" \/>\n<meta name=\"twitter:creator\" content=\"@raedacademy\" \/>\n<meta name=\"twitter:site\" content=\"@raedacademy\" \/>\n<meta name=\"twitter:label1\" content=\"Written by\" \/>\n\t<meta name=\"twitter:data1\" content=\"RAED\" \/>\n\t<meta name=\"twitter:label2\" content=\"Est. reading time\" \/>\n\t<meta name=\"twitter:data2\" content=\"3 minutes\" \/>\n<script type=\"application\/ld+json\" class=\"yoast-schema-graph\">{\"@context\":\"https:\\\/\\\/schema.org\",\"@graph\":[{\"@type\":\"Article\",\"@id\":\"https:\\\/\\\/raed.academy\\\/ca\\\/el-paper-de-la-nutricio-en-la-prevencio-de-la-perdua-auditiva\\\/#article\",\"isPartOf\":{\"@id\":\"https:\\\/\\\/raed.academy\\\/ca\\\/el-paper-de-la-nutricio-en-la-prevencio-de-la-perdua-auditiva\\\/\"},\"author\":{\"name\":\"RAED\",\"@id\":\"https:\\\/\\\/raed.academy\\\/ca\\\/#\\\/schema\\\/person\\\/5a755da80d1d979fd66ba745c8702927\"},\"headline\":\"El paper de la nutrici\u00f3 en la prevenci\u00f3 de la p\u00e8rdua auditiva\",\"datePublished\":\"2022-04-07T15:21:44+00:00\",\"dateModified\":\"2022-04-09T17:58:19+00:00\",\"mainEntityOfPage\":{\"@id\":\"https:\\\/\\\/raed.academy\\\/ca\\\/el-paper-de-la-nutricio-en-la-prevencio-de-la-perdua-auditiva\\\/\"},\"wordCount\":619,\"publisher\":{\"@id\":\"https:\\\/\\\/raed.academy\\\/ca\\\/#organization\"},\"image\":{\"@id\":\"https:\\\/\\\/raed.academy\\\/ca\\\/el-paper-de-la-nutricio-en-la-prevencio-de-la-perdua-auditiva\\\/#primaryimage\"},\"thumbnailUrl\":\"https:\\\/\\\/raed.academy\\\/wp-content\\\/uploads\\\/2022\\\/04\\\/sordera-perdida-de-audicion-dst.webp\",\"articleSection\":[\"Alimentaci\u00f3 i nutrici\u00f3\",\"Medicina i cirurgia\"],\"inLanguage\":\"ca-ES\"},{\"@type\":\"WebPage\",\"@id\":\"https:\\\/\\\/raed.academy\\\/ca\\\/el-paper-de-la-nutricio-en-la-prevencio-de-la-perdua-auditiva\\\/\",\"url\":\"https:\\\/\\\/raed.academy\\\/ca\\\/el-paper-de-la-nutricio-en-la-prevencio-de-la-perdua-auditiva\\\/\",\"name\":\"El paper de la nutrici\u00f3 en la prevenci\u00f3 de la p\u00e8rdua auditiva - Reial Acad\u00e8mia Europea de Doctors\",\"isPartOf\":{\"@id\":\"https:\\\/\\\/raed.academy\\\/ca\\\/#website\"},\"primaryImageOfPage\":{\"@id\":\"https:\\\/\\\/raed.academy\\\/ca\\\/el-paper-de-la-nutricio-en-la-prevencio-de-la-perdua-auditiva\\\/#primaryimage\"},\"image\":{\"@id\":\"https:\\\/\\\/raed.academy\\\/ca\\\/el-paper-de-la-nutricio-en-la-prevencio-de-la-perdua-auditiva\\\/#primaryimage\"},\"thumbnailUrl\":\"https:\\\/\\\/raed.academy\\\/wp-content\\\/uploads\\\/2022\\\/04\\\/sordera-perdida-de-audicion-dst.webp\",\"datePublished\":\"2022-04-07T15:21:44+00:00\",\"dateModified\":\"2022-04-09T17:58:19+00:00\",\"description\":\"Gregorio Varela exposa el paper de la nutrici\u00f3 en la prevenci\u00f3 de la p\u00e8rdua auditiva, a la taula rodona que el Ciberer va dedicar a la \\\"Salut Auditiva i Qualitat de Vida\\\"\",\"breadcrumb\":{\"@id\":\"https:\\\/\\\/raed.academy\\\/ca\\\/el-paper-de-la-nutricio-en-la-prevencio-de-la-perdua-auditiva\\\/#breadcrumb\"},\"inLanguage\":\"ca-ES\",\"potentialAction\":[{\"@type\":\"ReadAction\",\"target\":[\"https:\\\/\\\/raed.academy\\\/ca\\\/el-paper-de-la-nutricio-en-la-prevencio-de-la-perdua-auditiva\\\/\"]}]},{\"@type\":\"ImageObject\",\"inLanguage\":\"ca-ES\",\"@id\":\"https:\\\/\\\/raed.academy\\\/ca\\\/el-paper-de-la-nutricio-en-la-prevencio-de-la-perdua-auditiva\\\/#primaryimage\",\"url\":\"https:\\\/\\\/raed.academy\\\/wp-content\\\/uploads\\\/2022\\\/04\\\/sordera-perdida-de-audicion-dst.webp\",\"contentUrl\":\"https:\\\/\\\/raed.academy\\\/wp-content\\\/uploads\\\/2022\\\/04\\\/sordera-perdida-de-audicion-dst.webp\",\"width\":400,\"height\":240},{\"@type\":\"BreadcrumbList\",\"@id\":\"https:\\\/\\\/raed.academy\\\/ca\\\/el-paper-de-la-nutricio-en-la-prevencio-de-la-perdua-auditiva\\\/#breadcrumb\",\"itemListElement\":[{\"@type\":\"ListItem\",\"position\":1,\"name\":\"Inicio\",\"item\":\"https:\\\/\\\/raed.academy\\\/ca\\\/\"},{\"@type\":\"ListItem\",\"position\":2,\"name\":\"El paper de la nutrici\u00f3 en la prevenci\u00f3 de la p\u00e8rdua auditiva\"}]},{\"@type\":\"WebSite\",\"@id\":\"https:\\\/\\\/raed.academy\\\/ca\\\/#website\",\"url\":\"https:\\\/\\\/raed.academy\\\/ca\\\/\",\"name\":\"Reial Acad\u00e8mia Europea de Doctors\",\"description\":\"Corporaci\u00f3n de derecho p\u00fablico de car\u00e1cter cient\u00edfico, t\u00e9cnico y art\u00edstico, que tiene por objeto la investigaci\u00f3n, el estudio, el fomento y la extensi\u00f3n del conocimiento en su sentido m\u00e1s amplio\",\"publisher\":{\"@id\":\"https:\\\/\\\/raed.academy\\\/ca\\\/#organization\"},\"potentialAction\":[{\"@type\":\"SearchAction\",\"target\":{\"@type\":\"EntryPoint\",\"urlTemplate\":\"https:\\\/\\\/raed.academy\\\/ca\\\/?s={search_term_string}\"},\"query-input\":{\"@type\":\"PropertyValueSpecification\",\"valueRequired\":true,\"valueName\":\"search_term_string\"}}],\"inLanguage\":\"ca-ES\"},{\"@type\":\"Organization\",\"@id\":\"https:\\\/\\\/raed.academy\\\/ca\\\/#organization\",\"name\":\"Real Academia Europea de Doctores\",\"url\":\"https:\\\/\\\/raed.academy\\\/ca\\\/\",\"logo\":{\"@type\":\"ImageObject\",\"inLanguage\":\"ca-ES\",\"@id\":\"https:\\\/\\\/raed.academy\\\/ca\\\/#\\\/schema\\\/logo\\\/image\\\/\",\"url\":\"https:\\\/\\\/raed.academy\\\/wp-content\\\/uploads\\\/2017\\\/01\\\/cropped-logo_raed.png\",\"contentUrl\":\"https:\\\/\\\/raed.academy\\\/wp-content\\\/uploads\\\/2017\\\/01\\\/cropped-logo_raed.png\",\"width\":512,\"height\":512,\"caption\":\"Real Academia Europea de Doctores\"},\"image\":{\"@id\":\"https:\\\/\\\/raed.academy\\\/ca\\\/#\\\/schema\\\/logo\\\/image\\\/\"},\"sameAs\":[\"http:\\\/\\\/fb.me\\\/raed.academy\",\"https:\\\/\\\/x.com\\\/raedacademy\",\"https:\\\/\\\/www.instagram.com\\\/raed.academy\\\/\",\"https:\\\/\\\/www.youtube.com\\\/channel\\\/UCUYQwW2KrdirNWihxMDObwg\"]},{\"@type\":\"Person\",\"@id\":\"https:\\\/\\\/raed.academy\\\/ca\\\/#\\\/schema\\\/person\\\/5a755da80d1d979fd66ba745c8702927\",\"name\":\"RAED\",\"image\":{\"@type\":\"ImageObject\",\"inLanguage\":\"ca-ES\",\"@id\":\"https:\\\/\\\/secure.gravatar.com\\\/avatar\\\/19fdfdc0d67fb9c45714b703a2ac82251c4fcea3637f002ac3c9b74c0183583c?s=96&d=mm&r=g\",\"url\":\"https:\\\/\\\/secure.gravatar.com\\\/avatar\\\/19fdfdc0d67fb9c45714b703a2ac82251c4fcea3637f002ac3c9b74c0183583c?s=96&d=mm&r=g\",\"contentUrl\":\"https:\\\/\\\/secure.gravatar.com\\\/avatar\\\/19fdfdc0d67fb9c45714b703a2ac82251c4fcea3637f002ac3c9b74c0183583c?s=96&d=mm&r=g\",\"caption\":\"RAED\"}}]}<\/script>\n<!-- \/ Yoast SEO plugin. -->","yoast_head_json":{"title":"El paper de la nutrici\u00f3 en la prevenci\u00f3 de la p\u00e8rdua auditiva - Reial Acad\u00e8mia Europea de Doctors","description":"Gregorio Varela exposa el paper de la nutrici\u00f3 en la prevenci\u00f3 de la p\u00e8rdua auditiva, a la taula rodona que el Ciberer va dedicar a la \"Salut Auditiva i Qualitat de Vida\"","robots":{"index":"index","follow":"follow","max-snippet":"max-snippet:-1","max-image-preview":"max-image-preview:large","max-video-preview":"max-video-preview:-1"},"canonical":"https:\/\/raed.academy\/ca\/el-paper-de-la-nutricio-en-la-prevencio-de-la-perdua-auditiva\/","og_locale":"ca_ES","og_type":"article","og_title":"El paper de la nutrici\u00f3 en la prevenci\u00f3 de la p\u00e8rdua auditiva - Reial Acad\u00e8mia Europea de Doctors","og_description":"Gregorio Varela exposa el paper de la nutrici\u00f3 en la prevenci\u00f3 de la p\u00e8rdua auditiva, a la taula rodona que el Ciberer va dedicar a la \"Salut Auditiva i Qualitat de Vida\"","og_url":"https:\/\/raed.academy\/ca\/el-paper-de-la-nutricio-en-la-prevencio-de-la-perdua-auditiva\/","og_site_name":"Reial Acad\u00e8mia Europea de Doctors","article_publisher":"http:\/\/fb.me\/raed.academy","article_published_time":"2022-04-07T15:21:44+00:00","article_modified_time":"2022-04-09T17:58:19+00:00","og_image":[{"width":400,"height":240,"url":"https:\/\/raed.academy\/wp-content\/uploads\/2022\/04\/sordera-perdida-de-audicion-dst.webp","type":"image\/webp"}],"author":"RAED","twitter_card":"summary_large_image","twitter_creator":"@raedacademy","twitter_site":"@raedacademy","twitter_misc":{"Written by":"RAED","Est. reading time":"3 minutes"},"schema":{"@context":"https:\/\/schema.org","@graph":[{"@type":"Article","@id":"https:\/\/raed.academy\/ca\/el-paper-de-la-nutricio-en-la-prevencio-de-la-perdua-auditiva\/#article","isPartOf":{"@id":"https:\/\/raed.academy\/ca\/el-paper-de-la-nutricio-en-la-prevencio-de-la-perdua-auditiva\/"},"author":{"name":"RAED","@id":"https:\/\/raed.academy\/ca\/#\/schema\/person\/5a755da80d1d979fd66ba745c8702927"},"headline":"El paper de la nutrici\u00f3 en la prevenci\u00f3 de la p\u00e8rdua auditiva","datePublished":"2022-04-07T15:21:44+00:00","dateModified":"2022-04-09T17:58:19+00:00","mainEntityOfPage":{"@id":"https:\/\/raed.academy\/ca\/el-paper-de-la-nutricio-en-la-prevencio-de-la-perdua-auditiva\/"},"wordCount":619,"publisher":{"@id":"https:\/\/raed.academy\/ca\/#organization"},"image":{"@id":"https:\/\/raed.academy\/ca\/el-paper-de-la-nutricio-en-la-prevencio-de-la-perdua-auditiva\/#primaryimage"},"thumbnailUrl":"https:\/\/raed.academy\/wp-content\/uploads\/2022\/04\/sordera-perdida-de-audicion-dst.webp","articleSection":["Alimentaci\u00f3 i nutrici\u00f3","Medicina i cirurgia"],"inLanguage":"ca-ES"},{"@type":"WebPage","@id":"https:\/\/raed.academy\/ca\/el-paper-de-la-nutricio-en-la-prevencio-de-la-perdua-auditiva\/","url":"https:\/\/raed.academy\/ca\/el-paper-de-la-nutricio-en-la-prevencio-de-la-perdua-auditiva\/","name":"El paper de la nutrici\u00f3 en la prevenci\u00f3 de la p\u00e8rdua auditiva - Reial Acad\u00e8mia Europea de Doctors","isPartOf":{"@id":"https:\/\/raed.academy\/ca\/#website"},"primaryImageOfPage":{"@id":"https:\/\/raed.academy\/ca\/el-paper-de-la-nutricio-en-la-prevencio-de-la-perdua-auditiva\/#primaryimage"},"image":{"@id":"https:\/\/raed.academy\/ca\/el-paper-de-la-nutricio-en-la-prevencio-de-la-perdua-auditiva\/#primaryimage"},"thumbnailUrl":"https:\/\/raed.academy\/wp-content\/uploads\/2022\/04\/sordera-perdida-de-audicion-dst.webp","datePublished":"2022-04-07T15:21:44+00:00","dateModified":"2022-04-09T17:58:19+00:00","description":"Gregorio Varela exposa el paper de la nutrici\u00f3 en la prevenci\u00f3 de la p\u00e8rdua auditiva, a la taula rodona que el Ciberer va dedicar a la \"Salut Auditiva i Qualitat de Vida\"","breadcrumb":{"@id":"https:\/\/raed.academy\/ca\/el-paper-de-la-nutricio-en-la-prevencio-de-la-perdua-auditiva\/#breadcrumb"},"inLanguage":"ca-ES","potentialAction":[{"@type":"ReadAction","target":["https:\/\/raed.academy\/ca\/el-paper-de-la-nutricio-en-la-prevencio-de-la-perdua-auditiva\/"]}]},{"@type":"ImageObject","inLanguage":"ca-ES","@id":"https:\/\/raed.academy\/ca\/el-paper-de-la-nutricio-en-la-prevencio-de-la-perdua-auditiva\/#primaryimage","url":"https:\/\/raed.academy\/wp-content\/uploads\/2022\/04\/sordera-perdida-de-audicion-dst.webp","contentUrl":"https:\/\/raed.academy\/wp-content\/uploads\/2022\/04\/sordera-perdida-de-audicion-dst.webp","width":400,"height":240},{"@type":"BreadcrumbList","@id":"https:\/\/raed.academy\/ca\/el-paper-de-la-nutricio-en-la-prevencio-de-la-perdua-auditiva\/#breadcrumb","itemListElement":[{"@type":"ListItem","position":1,"name":"Inicio","item":"https:\/\/raed.academy\/ca\/"},{"@type":"ListItem","position":2,"name":"El paper de la nutrici\u00f3 en la prevenci\u00f3 de la p\u00e8rdua auditiva"}]},{"@type":"WebSite","@id":"https:\/\/raed.academy\/ca\/#website","url":"https:\/\/raed.academy\/ca\/","name":"Reial Acad\u00e8mia Europea de Doctors","description":"Corporaci\u00f3n de derecho p\u00fablico de car\u00e1cter cient\u00edfico, t\u00e9cnico y art\u00edstico, que tiene por objeto la investigaci\u00f3n, el estudio, el fomento y la extensi\u00f3n del conocimiento en su sentido m\u00e1s amplio","publisher":{"@id":"https:\/\/raed.academy\/ca\/#organization"},"potentialAction":[{"@type":"SearchAction","target":{"@type":"EntryPoint","urlTemplate":"https:\/\/raed.academy\/ca\/?s={search_term_string}"},"query-input":{"@type":"PropertyValueSpecification","valueRequired":true,"valueName":"search_term_string"}}],"inLanguage":"ca-ES"},{"@type":"Organization","@id":"https:\/\/raed.academy\/ca\/#organization","name":"Real Academia Europea de Doctores","url":"https:\/\/raed.academy\/ca\/","logo":{"@type":"ImageObject","inLanguage":"ca-ES","@id":"https:\/\/raed.academy\/ca\/#\/schema\/logo\/image\/","url":"https:\/\/raed.academy\/wp-content\/uploads\/2017\/01\/cropped-logo_raed.png","contentUrl":"https:\/\/raed.academy\/wp-content\/uploads\/2017\/01\/cropped-logo_raed.png","width":512,"height":512,"caption":"Real Academia Europea de Doctores"},"image":{"@id":"https:\/\/raed.academy\/ca\/#\/schema\/logo\/image\/"},"sameAs":["http:\/\/fb.me\/raed.academy","https:\/\/x.com\/raedacademy","https:\/\/www.instagram.com\/raed.academy\/","https:\/\/www.youtube.com\/channel\/UCUYQwW2KrdirNWihxMDObwg"]},{"@type":"Person","@id":"https:\/\/raed.academy\/ca\/#\/schema\/person\/5a755da80d1d979fd66ba745c8702927","name":"RAED","image":{"@type":"ImageObject","inLanguage":"ca-ES","@id":"https:\/\/secure.gravatar.com\/avatar\/19fdfdc0d67fb9c45714b703a2ac82251c4fcea3637f002ac3c9b74c0183583c?s=96&d=mm&r=g","url":"https:\/\/secure.gravatar.com\/avatar\/19fdfdc0d67fb9c45714b703a2ac82251c4fcea3637f002ac3c9b74c0183583c?s=96&d=mm&r=g","contentUrl":"https:\/\/secure.gravatar.com\/avatar\/19fdfdc0d67fb9c45714b703a2ac82251c4fcea3637f002ac3c9b74c0183583c?s=96&d=mm&r=g","caption":"RAED"}}]}},"_links":{"self":[{"href":"https:\/\/raed.academy\/ca\/wp-json\/wp\/v2\/posts\/115597","targetHints":{"allow":["GET"]}}],"collection":[{"href":"https:\/\/raed.academy\/ca\/wp-json\/wp\/v2\/posts"}],"about":[{"href":"https:\/\/raed.academy\/ca\/wp-json\/wp\/v2\/types\/post"}],"author":[{"embeddable":true,"href":"https:\/\/raed.academy\/ca\/wp-json\/wp\/v2\/users\/12"}],"replies":[{"embeddable":true,"href":"https:\/\/raed.academy\/ca\/wp-json\/wp\/v2\/comments?post=115597"}],"version-history":[{"count":0,"href":"https:\/\/raed.academy\/ca\/wp-json\/wp\/v2\/posts\/115597\/revisions"}],"wp:featuredmedia":[{"embeddable":true,"href":"https:\/\/raed.academy\/ca\/wp-json\/wp\/v2\/media\/115716"}],"wp:attachment":[{"href":"https:\/\/raed.academy\/ca\/wp-json\/wp\/v2\/media?parent=115597"}],"wp:term":[{"taxonomy":"category","embeddable":true,"href":"https:\/\/raed.academy\/ca\/wp-json\/wp\/v2\/categories?post=115597"},{"taxonomy":"post_tag","embeddable":true,"href":"https:\/\/raed.academy\/ca\/wp-json\/wp\/v2\/tags?post=115597"}],"curies":[{"name":"wp","href":"https:\/\/api.w.org\/{rel}","templated":true}]}}