{"id":115363,"date":"2022-03-31T07:34:24","date_gmt":"2022-03-31T07:34:24","guid":{"rendered":"https:\/\/raed.academy\/?p=115363"},"modified":"2022-04-02T11:36:44","modified_gmt":"2022-04-02T11:36:44","slug":"el-futur-de-leconomia-espanyola-es-a-la-fusio-de-les-pimes","status":"publish","type":"post","link":"https:\/\/raed.academy\/ca\/el-futur-de-leconomia-espanyola-es-a-la-fusio-de-les-pimes\/","title":{"rendered":"El futur de l&#8217;economia espanyola \u00e9s a la fusi\u00f3 de les pimes"},"content":{"rendered":"<p><a href=\"https:\/\/raed.academy\/ca\/academics\/dr-josep-maria-bove-montero\/\" target=\"_blank\" rel=\"noopener\"><strong><em>Jos\u00e9 Mar\u00eda Bov\u00e9<\/em><\/strong><\/a><br \/>\n<em>President de Bov\u00e9 Montero y Asociados, c\u00f2nsol general honorari d&#8217;\u00c0ustria per a Catalunya i Arag\u00f3 i acad\u00e8mic de n\u00famero de la Reial Acad\u00e8mia Europea de Doctors-Barcelona 1914 (RAED).<\/em><\/p>\n<p><em>Article publicat al diari &#8220;El Economista&#8221; l&#8217;11 de mar\u00e7 del 2022<\/em><\/p>\n<div id=\"attachment_80014\" style=\"width: 260px\" class=\"wp-caption alignleft\"><img loading=\"lazy\" decoding=\"async\" aria-describedby=\"caption-attachment-80014\" class=\"wp-image-80014\" src=\"https:\/\/raed.academy\/wp-content\/uploads\/2019\/10\/Jose-Maria-Bove.jpg\" alt=\"Jos\u00e9 Mar\u00eda Bove\" width=\"250\" height=\"298\" aria-describedby=\"caption-attachment-80014\" \/><p id=\"caption-attachment-80014\" class=\"wp-caption-text\">Dr. Jos\u00e9 Mar\u00eda Bov\u00e9<\/p><\/div>\n<p data-wp-editing=\"1\"><a href=\"https:\/\/raed.academy\/ca\/academics\/dr-josep-maria-bove-montero\/\" target=\"_blank\" rel=\"noopener\"><strong><em>Jos\u00e9 Mar\u00eda Bov\u00e9<\/em><\/strong><\/a>, president de la signatura d&#8217;auditoria<strong> Bov\u00e9 Montero y Asociados<\/strong> i acad\u00e8mic de n\u00famero de la <strong>Reial Acad\u00e8mia Europea de Doctors-Barcelona 1914<\/strong> (RAED), proposa una sortida a la crisi per a les empreses que m\u00e9s pateixen les seves conseq\u00fc\u00e8ncies i, alhora, les que suporten el pes de l&#8217;economia i l&#8217;ocupaci\u00f3 a Espanya a l&#8217;article <strong>&#8220;Fusi\u00f3n en peque\u00f1as y medianas empresas: una respuesta eficaz e inteligente&#8221;<\/strong>, publicat el passat 11 de mar\u00e7 a l&#8217;especial que el diari <strong>&#8220;El Economista&#8221;<\/strong>, publica sobre <strong>&#8220;Franquicias, Pymes y Emprendedores&#8221;<\/strong>.<\/p>\n<p>Dades en m\u00e0, l&#8217;acad\u00e8mic reflexiona sobre la import\u00e0ncia que les petites i les mitjanes empreses tenen no nom\u00e9s en l&#8217;economia espanyola, sin\u00f3 en la cohesi\u00f3 social i territorial, per advertir que el cam\u00ed de la recuperaci\u00f3 ha de partir de la seva viabilitat i enfortiment. Per aix\u00f2 considera que les fusions s\u00f3n el millor mecanisme per conservar l&#8217;activitat i els llocs de treball i competir als mercats nacionals i internacionals amb garanties.<\/p>\n<p>&#8220;\u00c9s conegut de tots que Espanya \u00e9s un pa\u00eds el teixit productiu del qual est\u00e0 integrat de forma fonamental per pimes i al qual li costa molt que les seves empreses aconsegueixin una mida adequada que els permeti emprendre, amb plenes garanties d&#8217;\u00e8xit, els reptes que una dimensi\u00f3 redu\u00efda no contribueix a possibilitar. I \u00e9s obvi, per incidir encara m\u00e9s en la q\u00fcesti\u00f3, que aquestes circumst\u00e0ncies porten impl\u00edcits efectes perniciosos evidents pel que fa a la competitivitat individual i agregada&#8221;, inicia l&#8217;acad\u00e8mic la seva argumentaci\u00f3.<\/p>\n<p><strong><img loading=\"lazy\" decoding=\"async\" class=\"alignright wp-image-115431\" src=\"https:\/\/raed.academy\/wp-content\/uploads\/2022\/03\/pymes.webp\" sizes=\"(max-width: 450px) 100vw, 450px\" srcset=\"https:\/\/raed.academy\/wp-content\/uploads\/2022\/03\/pymes.webp 600w, https:\/\/raed.academy\/wp-content\/uploads\/2022\/03\/pymes-440x264.webp 440w\" alt=\"\" width=\"450\" height=\"270\" \/>Bov\u00e9<\/strong> destaca que la legislaci\u00f3 espanyola compta amb els mecanismes necessaris per dotar de garanties aquestes fusions, tot i que recorda la import\u00e0ncia d&#8217;una an\u00e0lisi correcta de la situaci\u00f3 real de les empreses abans de fer qualsevol operaci\u00f3. &#8220;Resulta de summa import\u00e0ncia l&#8217;exercici de valoraci\u00f3 de les empreses que es fusionen, d&#8217;identificaci\u00f3 de les plusv\u00e0lues latents, de quantificaci\u00f3 de les economies d&#8217;escala i d&#8217;elaboraci\u00f3 de projeccions del compte de p\u00e8rdues i guanys a diversos anys, a m\u00e9s de la planificaci\u00f3 de la consecuci\u00f3 d&#8217;objectius estrat\u00e8gics com ara l&#8217;obertura de filials a l&#8217;estranger&#8221;, considera.<\/p>\n<p>&#8220;El diagn\u00f2stic \u00e9s sabut per tots per endavant i de forma emp\u00edrica, ning\u00fa ho discuteix ja: la mida de les empreses espanyoles \u00e9s perjudicial per a la seva competitivitat, alhora que dificulta la seva internacionalitzaci\u00f3 i amena\u00e7a la seva continu\u00eftat. Davant d&#8217;aquesta evid\u00e8ncia, far\u00edem b\u00e9 de posar el focus en les operacions de fusi\u00f3 entre pimes com una resposta efica\u00e7 i intel\u00b7ligent al repte plantejat&#8221;, conclou.<\/p>\n<h3><a href=\"https:\/\/revistas.eleconomista.es\/franquicias\/2022\/marzo\/fusion-en-pequenas-y-medianas-empresas-una-respuesta-eficaz-e-inteligente-GD10646110\" target=\"_blank\" rel=\"noopener\">Llegiu l&#8217;article<\/a><\/h3>\n","protected":false},"excerpt":{"rendered":"<p>Les petites i mitjanes empreses tenen una gran import\u00e0ncia en l&#8217;economia espanyola i en la cohesi\u00f3 social i territorial. El cam\u00ed de la recuperaci\u00f3 ha de partir de la seva viabilitat i enfortiment<\/p>\n","protected":false},"author":12,"featured_media":115432,"comment_status":"closed","ping_status":"closed","sticky":false,"template":"","format":"standard","meta":{"_et_pb_use_builder":"","_et_pb_old_content":"","_et_gb_content_width":"","footnotes":""},"categories":[233],"tags":[],"class_list":["post-115363","post","type-post","status-publish","format-standard","has-post-thumbnail","hentry","category-economiques-i-empresarials","et-has-post-format-content","et_post_format-et-post-format-standard"],"yoast_head":"<!-- This site is optimized with the Yoast SEO plugin v27.4 - https:\/\/yoast.com\/product\/yoast-seo-wordpress\/ -->\n<title>El futur de l&#039;economia espanyola \u00e9s a la fusi\u00f3 de les pimes - Reial Acad\u00e8mia Europea de Doctors<\/title>\n<meta name=\"description\" content=\"Les petites i mitjanes empreses tenen una gran import\u00e0ncia en l&#039;economia espanyola. El cam\u00ed de la recuperaci\u00f3 ha de partir de la seva viabilitat i enfortiment\" \/>\n<meta name=\"robots\" content=\"index, follow, max-snippet:-1, max-image-preview:large, max-video-preview:-1\" \/>\n<link rel=\"canonical\" href=\"https:\/\/raed.academy\/ca\/el-futur-de-leconomia-espanyola-es-a-la-fusio-de-les-pimes\/\" \/>\n<meta property=\"og:locale\" content=\"ca_ES\" \/>\n<meta property=\"og:type\" content=\"article\" \/>\n<meta property=\"og:title\" content=\"El futur de l&#039;economia espanyola \u00e9s a la fusi\u00f3 de les pimes - Reial Acad\u00e8mia Europea de Doctors\" \/>\n<meta property=\"og:description\" content=\"Les petites i mitjanes empreses tenen una gran import\u00e0ncia en l&#039;economia espanyola. El cam\u00ed de la recuperaci\u00f3 ha de partir de la seva viabilitat i enfortiment\" \/>\n<meta property=\"og:url\" content=\"https:\/\/raed.academy\/ca\/el-futur-de-leconomia-espanyola-es-a-la-fusio-de-les-pimes\/\" \/>\n<meta property=\"og:site_name\" content=\"Reial Acad\u00e8mia Europea de Doctors\" \/>\n<meta property=\"article:publisher\" content=\"http:\/\/fb.me\/raed.academy\" \/>\n<meta property=\"article:published_time\" content=\"2022-03-31T07:34:24+00:00\" \/>\n<meta property=\"article:modified_time\" content=\"2022-04-02T11:36:44+00:00\" \/>\n<meta property=\"og:image\" content=\"https:\/\/raed.academy\/wp-content\/uploads\/2022\/03\/pymes.webp\" \/>\n\t<meta property=\"og:image:width\" content=\"600\" \/>\n\t<meta property=\"og:image:height\" content=\"360\" \/>\n\t<meta property=\"og:image:type\" content=\"image\/webp\" \/>\n<meta name=\"author\" content=\"RAED\" \/>\n<meta name=\"twitter:card\" content=\"summary_large_image\" \/>\n<meta name=\"twitter:creator\" content=\"@raedacademy\" \/>\n<meta name=\"twitter:site\" content=\"@raedacademy\" \/>\n<meta name=\"twitter:label1\" content=\"Written by\" \/>\n\t<meta name=\"twitter:data1\" content=\"RAED\" \/>\n\t<meta name=\"twitter:label2\" content=\"Est. reading time\" \/>\n\t<meta name=\"twitter:data2\" content=\"3 minutes\" \/>\n<script type=\"application\/ld+json\" class=\"yoast-schema-graph\">{\"@context\":\"https:\\\/\\\/schema.org\",\"@graph\":[{\"@type\":\"Article\",\"@id\":\"https:\\\/\\\/raed.academy\\\/ca\\\/el-futur-de-leconomia-espanyola-es-a-la-fusio-de-les-pimes\\\/#article\",\"isPartOf\":{\"@id\":\"https:\\\/\\\/raed.academy\\\/ca\\\/el-futur-de-leconomia-espanyola-es-a-la-fusio-de-les-pimes\\\/\"},\"author\":{\"name\":\"RAED\",\"@id\":\"https:\\\/\\\/raed.academy\\\/ca\\\/#\\\/schema\\\/person\\\/5a755da80d1d979fd66ba745c8702927\"},\"headline\":\"El futur de l&#8217;economia espanyola \u00e9s a la fusi\u00f3 de les pimes\",\"datePublished\":\"2022-03-31T07:34:24+00:00\",\"dateModified\":\"2022-04-02T11:36:44+00:00\",\"mainEntityOfPage\":{\"@id\":\"https:\\\/\\\/raed.academy\\\/ca\\\/el-futur-de-leconomia-espanyola-es-a-la-fusio-de-les-pimes\\\/\"},\"wordCount\":526,\"publisher\":{\"@id\":\"https:\\\/\\\/raed.academy\\\/ca\\\/#organization\"},\"image\":{\"@id\":\"https:\\\/\\\/raed.academy\\\/ca\\\/el-futur-de-leconomia-espanyola-es-a-la-fusio-de-les-pimes\\\/#primaryimage\"},\"thumbnailUrl\":\"https:\\\/\\\/raed.academy\\\/wp-content\\\/uploads\\\/2022\\\/03\\\/pymes.webp\",\"articleSection\":[\"Econ\u00f2miques i Empresarials\"],\"inLanguage\":\"ca-ES\"},{\"@type\":\"WebPage\",\"@id\":\"https:\\\/\\\/raed.academy\\\/ca\\\/el-futur-de-leconomia-espanyola-es-a-la-fusio-de-les-pimes\\\/\",\"url\":\"https:\\\/\\\/raed.academy\\\/ca\\\/el-futur-de-leconomia-espanyola-es-a-la-fusio-de-les-pimes\\\/\",\"name\":\"El futur de l'economia espanyola \u00e9s a la fusi\u00f3 de les pimes - Reial Acad\u00e8mia Europea de Doctors\",\"isPartOf\":{\"@id\":\"https:\\\/\\\/raed.academy\\\/ca\\\/#website\"},\"primaryImageOfPage\":{\"@id\":\"https:\\\/\\\/raed.academy\\\/ca\\\/el-futur-de-leconomia-espanyola-es-a-la-fusio-de-les-pimes\\\/#primaryimage\"},\"image\":{\"@id\":\"https:\\\/\\\/raed.academy\\\/ca\\\/el-futur-de-leconomia-espanyola-es-a-la-fusio-de-les-pimes\\\/#primaryimage\"},\"thumbnailUrl\":\"https:\\\/\\\/raed.academy\\\/wp-content\\\/uploads\\\/2022\\\/03\\\/pymes.webp\",\"datePublished\":\"2022-03-31T07:34:24+00:00\",\"dateModified\":\"2022-04-02T11:36:44+00:00\",\"description\":\"Les petites i mitjanes empreses tenen una gran import\u00e0ncia en l'economia espanyola. El cam\u00ed de la recuperaci\u00f3 ha de partir de la seva viabilitat i enfortiment\",\"breadcrumb\":{\"@id\":\"https:\\\/\\\/raed.academy\\\/ca\\\/el-futur-de-leconomia-espanyola-es-a-la-fusio-de-les-pimes\\\/#breadcrumb\"},\"inLanguage\":\"ca-ES\",\"potentialAction\":[{\"@type\":\"ReadAction\",\"target\":[\"https:\\\/\\\/raed.academy\\\/ca\\\/el-futur-de-leconomia-espanyola-es-a-la-fusio-de-les-pimes\\\/\"]}]},{\"@type\":\"ImageObject\",\"inLanguage\":\"ca-ES\",\"@id\":\"https:\\\/\\\/raed.academy\\\/ca\\\/el-futur-de-leconomia-espanyola-es-a-la-fusio-de-les-pimes\\\/#primaryimage\",\"url\":\"https:\\\/\\\/raed.academy\\\/wp-content\\\/uploads\\\/2022\\\/03\\\/pymes.webp\",\"contentUrl\":\"https:\\\/\\\/raed.academy\\\/wp-content\\\/uploads\\\/2022\\\/03\\\/pymes.webp\",\"width\":600,\"height\":360},{\"@type\":\"BreadcrumbList\",\"@id\":\"https:\\\/\\\/raed.academy\\\/ca\\\/el-futur-de-leconomia-espanyola-es-a-la-fusio-de-les-pimes\\\/#breadcrumb\",\"itemListElement\":[{\"@type\":\"ListItem\",\"position\":1,\"name\":\"Inicio\",\"item\":\"https:\\\/\\\/raed.academy\\\/ca\\\/\"},{\"@type\":\"ListItem\",\"position\":2,\"name\":\"El futur de l&#8217;economia espanyola \u00e9s a la fusi\u00f3 de les pimes\"}]},{\"@type\":\"WebSite\",\"@id\":\"https:\\\/\\\/raed.academy\\\/ca\\\/#website\",\"url\":\"https:\\\/\\\/raed.academy\\\/ca\\\/\",\"name\":\"Reial Acad\u00e8mia Europea de Doctors\",\"description\":\"Corporaci\u00f3n de derecho p\u00fablico de car\u00e1cter cient\u00edfico, t\u00e9cnico y art\u00edstico, que tiene por objeto la investigaci\u00f3n, el estudio, el fomento y la extensi\u00f3n del conocimiento en su sentido m\u00e1s amplio\",\"publisher\":{\"@id\":\"https:\\\/\\\/raed.academy\\\/ca\\\/#organization\"},\"potentialAction\":[{\"@type\":\"SearchAction\",\"target\":{\"@type\":\"EntryPoint\",\"urlTemplate\":\"https:\\\/\\\/raed.academy\\\/ca\\\/?s={search_term_string}\"},\"query-input\":{\"@type\":\"PropertyValueSpecification\",\"valueRequired\":true,\"valueName\":\"search_term_string\"}}],\"inLanguage\":\"ca-ES\"},{\"@type\":\"Organization\",\"@id\":\"https:\\\/\\\/raed.academy\\\/ca\\\/#organization\",\"name\":\"Real Academia Europea de Doctores\",\"url\":\"https:\\\/\\\/raed.academy\\\/ca\\\/\",\"logo\":{\"@type\":\"ImageObject\",\"inLanguage\":\"ca-ES\",\"@id\":\"https:\\\/\\\/raed.academy\\\/ca\\\/#\\\/schema\\\/logo\\\/image\\\/\",\"url\":\"https:\\\/\\\/raed.academy\\\/wp-content\\\/uploads\\\/2017\\\/01\\\/cropped-logo_raed.png\",\"contentUrl\":\"https:\\\/\\\/raed.academy\\\/wp-content\\\/uploads\\\/2017\\\/01\\\/cropped-logo_raed.png\",\"width\":512,\"height\":512,\"caption\":\"Real Academia Europea de Doctores\"},\"image\":{\"@id\":\"https:\\\/\\\/raed.academy\\\/ca\\\/#\\\/schema\\\/logo\\\/image\\\/\"},\"sameAs\":[\"http:\\\/\\\/fb.me\\\/raed.academy\",\"https:\\\/\\\/x.com\\\/raedacademy\",\"https:\\\/\\\/www.instagram.com\\\/raed.academy\\\/\",\"https:\\\/\\\/www.youtube.com\\\/channel\\\/UCUYQwW2KrdirNWihxMDObwg\"]},{\"@type\":\"Person\",\"@id\":\"https:\\\/\\\/raed.academy\\\/ca\\\/#\\\/schema\\\/person\\\/5a755da80d1d979fd66ba745c8702927\",\"name\":\"RAED\",\"image\":{\"@type\":\"ImageObject\",\"inLanguage\":\"ca-ES\",\"@id\":\"https:\\\/\\\/secure.gravatar.com\\\/avatar\\\/19fdfdc0d67fb9c45714b703a2ac82251c4fcea3637f002ac3c9b74c0183583c?s=96&d=mm&r=g\",\"url\":\"https:\\\/\\\/secure.gravatar.com\\\/avatar\\\/19fdfdc0d67fb9c45714b703a2ac82251c4fcea3637f002ac3c9b74c0183583c?s=96&d=mm&r=g\",\"contentUrl\":\"https:\\\/\\\/secure.gravatar.com\\\/avatar\\\/19fdfdc0d67fb9c45714b703a2ac82251c4fcea3637f002ac3c9b74c0183583c?s=96&d=mm&r=g\",\"caption\":\"RAED\"}}]}<\/script>\n<!-- \/ Yoast SEO plugin. -->","yoast_head_json":{"title":"El futur de l'economia espanyola \u00e9s a la fusi\u00f3 de les pimes - Reial Acad\u00e8mia Europea de Doctors","description":"Les petites i mitjanes empreses tenen una gran import\u00e0ncia en l'economia espanyola. El cam\u00ed de la recuperaci\u00f3 ha de partir de la seva viabilitat i enfortiment","robots":{"index":"index","follow":"follow","max-snippet":"max-snippet:-1","max-image-preview":"max-image-preview:large","max-video-preview":"max-video-preview:-1"},"canonical":"https:\/\/raed.academy\/ca\/el-futur-de-leconomia-espanyola-es-a-la-fusio-de-les-pimes\/","og_locale":"ca_ES","og_type":"article","og_title":"El futur de l'economia espanyola \u00e9s a la fusi\u00f3 de les pimes - Reial Acad\u00e8mia Europea de Doctors","og_description":"Les petites i mitjanes empreses tenen una gran import\u00e0ncia en l'economia espanyola. El cam\u00ed de la recuperaci\u00f3 ha de partir de la seva viabilitat i enfortiment","og_url":"https:\/\/raed.academy\/ca\/el-futur-de-leconomia-espanyola-es-a-la-fusio-de-les-pimes\/","og_site_name":"Reial Acad\u00e8mia Europea de Doctors","article_publisher":"http:\/\/fb.me\/raed.academy","article_published_time":"2022-03-31T07:34:24+00:00","article_modified_time":"2022-04-02T11:36:44+00:00","og_image":[{"width":600,"height":360,"url":"https:\/\/raed.academy\/wp-content\/uploads\/2022\/03\/pymes.webp","type":"image\/webp"}],"author":"RAED","twitter_card":"summary_large_image","twitter_creator":"@raedacademy","twitter_site":"@raedacademy","twitter_misc":{"Written by":"RAED","Est. reading time":"3 minutes"},"schema":{"@context":"https:\/\/schema.org","@graph":[{"@type":"Article","@id":"https:\/\/raed.academy\/ca\/el-futur-de-leconomia-espanyola-es-a-la-fusio-de-les-pimes\/#article","isPartOf":{"@id":"https:\/\/raed.academy\/ca\/el-futur-de-leconomia-espanyola-es-a-la-fusio-de-les-pimes\/"},"author":{"name":"RAED","@id":"https:\/\/raed.academy\/ca\/#\/schema\/person\/5a755da80d1d979fd66ba745c8702927"},"headline":"El futur de l&#8217;economia espanyola \u00e9s a la fusi\u00f3 de les pimes","datePublished":"2022-03-31T07:34:24+00:00","dateModified":"2022-04-02T11:36:44+00:00","mainEntityOfPage":{"@id":"https:\/\/raed.academy\/ca\/el-futur-de-leconomia-espanyola-es-a-la-fusio-de-les-pimes\/"},"wordCount":526,"publisher":{"@id":"https:\/\/raed.academy\/ca\/#organization"},"image":{"@id":"https:\/\/raed.academy\/ca\/el-futur-de-leconomia-espanyola-es-a-la-fusio-de-les-pimes\/#primaryimage"},"thumbnailUrl":"https:\/\/raed.academy\/wp-content\/uploads\/2022\/03\/pymes.webp","articleSection":["Econ\u00f2miques i Empresarials"],"inLanguage":"ca-ES"},{"@type":"WebPage","@id":"https:\/\/raed.academy\/ca\/el-futur-de-leconomia-espanyola-es-a-la-fusio-de-les-pimes\/","url":"https:\/\/raed.academy\/ca\/el-futur-de-leconomia-espanyola-es-a-la-fusio-de-les-pimes\/","name":"El futur de l'economia espanyola \u00e9s a la fusi\u00f3 de les pimes - Reial Acad\u00e8mia Europea de Doctors","isPartOf":{"@id":"https:\/\/raed.academy\/ca\/#website"},"primaryImageOfPage":{"@id":"https:\/\/raed.academy\/ca\/el-futur-de-leconomia-espanyola-es-a-la-fusio-de-les-pimes\/#primaryimage"},"image":{"@id":"https:\/\/raed.academy\/ca\/el-futur-de-leconomia-espanyola-es-a-la-fusio-de-les-pimes\/#primaryimage"},"thumbnailUrl":"https:\/\/raed.academy\/wp-content\/uploads\/2022\/03\/pymes.webp","datePublished":"2022-03-31T07:34:24+00:00","dateModified":"2022-04-02T11:36:44+00:00","description":"Les petites i mitjanes empreses tenen una gran import\u00e0ncia en l'economia espanyola. El cam\u00ed de la recuperaci\u00f3 ha de partir de la seva viabilitat i enfortiment","breadcrumb":{"@id":"https:\/\/raed.academy\/ca\/el-futur-de-leconomia-espanyola-es-a-la-fusio-de-les-pimes\/#breadcrumb"},"inLanguage":"ca-ES","potentialAction":[{"@type":"ReadAction","target":["https:\/\/raed.academy\/ca\/el-futur-de-leconomia-espanyola-es-a-la-fusio-de-les-pimes\/"]}]},{"@type":"ImageObject","inLanguage":"ca-ES","@id":"https:\/\/raed.academy\/ca\/el-futur-de-leconomia-espanyola-es-a-la-fusio-de-les-pimes\/#primaryimage","url":"https:\/\/raed.academy\/wp-content\/uploads\/2022\/03\/pymes.webp","contentUrl":"https:\/\/raed.academy\/wp-content\/uploads\/2022\/03\/pymes.webp","width":600,"height":360},{"@type":"BreadcrumbList","@id":"https:\/\/raed.academy\/ca\/el-futur-de-leconomia-espanyola-es-a-la-fusio-de-les-pimes\/#breadcrumb","itemListElement":[{"@type":"ListItem","position":1,"name":"Inicio","item":"https:\/\/raed.academy\/ca\/"},{"@type":"ListItem","position":2,"name":"El futur de l&#8217;economia espanyola \u00e9s a la fusi\u00f3 de les pimes"}]},{"@type":"WebSite","@id":"https:\/\/raed.academy\/ca\/#website","url":"https:\/\/raed.academy\/ca\/","name":"Reial Acad\u00e8mia Europea de Doctors","description":"Corporaci\u00f3n de derecho p\u00fablico de car\u00e1cter cient\u00edfico, t\u00e9cnico y art\u00edstico, que tiene por objeto la investigaci\u00f3n, el estudio, el fomento y la extensi\u00f3n del conocimiento en su sentido m\u00e1s amplio","publisher":{"@id":"https:\/\/raed.academy\/ca\/#organization"},"potentialAction":[{"@type":"SearchAction","target":{"@type":"EntryPoint","urlTemplate":"https:\/\/raed.academy\/ca\/?s={search_term_string}"},"query-input":{"@type":"PropertyValueSpecification","valueRequired":true,"valueName":"search_term_string"}}],"inLanguage":"ca-ES"},{"@type":"Organization","@id":"https:\/\/raed.academy\/ca\/#organization","name":"Real Academia Europea de Doctores","url":"https:\/\/raed.academy\/ca\/","logo":{"@type":"ImageObject","inLanguage":"ca-ES","@id":"https:\/\/raed.academy\/ca\/#\/schema\/logo\/image\/","url":"https:\/\/raed.academy\/wp-content\/uploads\/2017\/01\/cropped-logo_raed.png","contentUrl":"https:\/\/raed.academy\/wp-content\/uploads\/2017\/01\/cropped-logo_raed.png","width":512,"height":512,"caption":"Real Academia Europea de Doctores"},"image":{"@id":"https:\/\/raed.academy\/ca\/#\/schema\/logo\/image\/"},"sameAs":["http:\/\/fb.me\/raed.academy","https:\/\/x.com\/raedacademy","https:\/\/www.instagram.com\/raed.academy\/","https:\/\/www.youtube.com\/channel\/UCUYQwW2KrdirNWihxMDObwg"]},{"@type":"Person","@id":"https:\/\/raed.academy\/ca\/#\/schema\/person\/5a755da80d1d979fd66ba745c8702927","name":"RAED","image":{"@type":"ImageObject","inLanguage":"ca-ES","@id":"https:\/\/secure.gravatar.com\/avatar\/19fdfdc0d67fb9c45714b703a2ac82251c4fcea3637f002ac3c9b74c0183583c?s=96&d=mm&r=g","url":"https:\/\/secure.gravatar.com\/avatar\/19fdfdc0d67fb9c45714b703a2ac82251c4fcea3637f002ac3c9b74c0183583c?s=96&d=mm&r=g","contentUrl":"https:\/\/secure.gravatar.com\/avatar\/19fdfdc0d67fb9c45714b703a2ac82251c4fcea3637f002ac3c9b74c0183583c?s=96&d=mm&r=g","caption":"RAED"}}]}},"_links":{"self":[{"href":"https:\/\/raed.academy\/ca\/wp-json\/wp\/v2\/posts\/115363","targetHints":{"allow":["GET"]}}],"collection":[{"href":"https:\/\/raed.academy\/ca\/wp-json\/wp\/v2\/posts"}],"about":[{"href":"https:\/\/raed.academy\/ca\/wp-json\/wp\/v2\/types\/post"}],"author":[{"embeddable":true,"href":"https:\/\/raed.academy\/ca\/wp-json\/wp\/v2\/users\/12"}],"replies":[{"embeddable":true,"href":"https:\/\/raed.academy\/ca\/wp-json\/wp\/v2\/comments?post=115363"}],"version-history":[{"count":0,"href":"https:\/\/raed.academy\/ca\/wp-json\/wp\/v2\/posts\/115363\/revisions"}],"wp:featuredmedia":[{"embeddable":true,"href":"https:\/\/raed.academy\/ca\/wp-json\/wp\/v2\/media\/115432"}],"wp:attachment":[{"href":"https:\/\/raed.academy\/ca\/wp-json\/wp\/v2\/media?parent=115363"}],"wp:term":[{"taxonomy":"category","embeddable":true,"href":"https:\/\/raed.academy\/ca\/wp-json\/wp\/v2\/categories?post=115363"},{"taxonomy":"post_tag","embeddable":true,"href":"https:\/\/raed.academy\/ca\/wp-json\/wp\/v2\/tags?post=115363"}],"curies":[{"name":"wp","href":"https:\/\/api.w.org\/{rel}","templated":true}]}}