{"id":115017,"date":"2022-03-24T11:37:54","date_gmt":"2022-03-24T11:37:54","guid":{"rendered":"https:\/\/raed.academy\/?p=115017"},"modified":"2022-03-25T18:17:01","modified_gmt":"2022-03-25T18:17:01","slug":"una-crida-a-la-pau-a-ucraina-des-de-la-medicina-i-el-seny","status":"publish","type":"post","link":"https:\/\/raed.academy\/ca\/una-crida-a-la-pau-a-ucraina-des-de-la-medicina-i-el-seny\/","title":{"rendered":"Una crida a la pau a Ucra\u00efna des de la medicina i el seny"},"content":{"rendered":"<p><a href=\"https:\/\/raed.academy\/ca\/academics\/dr-ernesto-kahan\/\" target=\"_blank\" rel=\"noopener\"><strong><em>Ernesto Kahan<\/em><\/strong><\/a><br \/>\n<em>Professor em\u00e8rit de la Universitat de Tel-Aviv, premi Albert Schweitzer i Premi Nobel de la Pau en representaci\u00f3 de l&#8217;Associaci\u00f3 Internacional de Metges Contra la Guerra Nuclear, director de l&#8217;Organitzaci\u00f3 Mundial d&#8217;Escriptors i acad\u00e8mic d&#8217;honor de la Reial Acad\u00e8mia Europea de Doctors-Barcelona 1914 (RAED).<\/em><\/p>\n<p><a href=\"https:\/\/raed.academy\/ca\/academics\/dr-ernesto-kahan\/\" target=\"_blank\" rel=\"noopener\"><strong><em>Ernesto Kahan<\/em><\/strong><\/a>, Premi Nobel de la Pau en representaci\u00f3 de l&#8217;<strong>Associaci\u00f3 Internacional de Metges Contra la Guerra Nuclear<\/strong>, director de l&#8217;<strong>Organitzaci\u00f3 Mundial d&#8217;Escriptors<\/strong> i acad\u00e8mic d&#8217;honor de la <strong>Reial Acad\u00e8mia Europea de Doctors-Barcelona 1914<\/strong> (RAED), comparteix amb la comunitat acad\u00e8mica l&#8217;article <strong>&#8220;La guerra entre R\u00fassia i Ucra\u00efna. Presa de posici\u00f3 equivocada per algunes associacions de pau recolzant la invasi\u00f3&#8221;<\/strong>, en qu\u00e8 reflexiona sobre la invasi\u00f3 russa a Ucra\u00efna i la trag\u00e8dia humana en qu\u00e8 aquesta acci\u00f3 violenta ha desembocat.<\/p>\n<h3>La guerra entre R\u00fassia i Ucra\u00efna. Presa de posici\u00f3 equivocada per algunes associacions de pau recolzant la invasi\u00f3<\/h3>\n<div id=\"attachment_113106\" style=\"width: 425px\" class=\"wp-caption alignright\"><img loading=\"lazy\" decoding=\"async\" aria-describedby=\"caption-attachment-113106\" class=\"wp-image-113106 size-full\" src=\"https:\/\/raed.academy\/wp-content\/uploads\/2022\/02\/Ernesto-Kahan-dst.jpg\" alt=\"Ernesto Kahan\" width=\"415\" height=\"249\" aria-describedby=\"caption-attachment-113106\" \/><p id=\"caption-attachment-113106\" class=\"wp-caption-text\">Dr. Ernesto Kahan<\/p><\/div>\n<p>En general, els conflictes armats entre les nacions generen l&#8217;aparici\u00f3 de posicions extremistes entre la gent, que exacerben els sentiments d&#8217;identitat i conc\u00f2rdia, que contradiuen els principis de respecte i toler\u00e0ncia. Aquests principis, no f\u00e0cils d&#8217;exercir, s\u00f3n indispensables per a les associacions que promouen l&#8217;harmonia i la conviv\u00e8ncia entre els pobles.<\/p>\n<p>Quan l&#8217;estrat\u00e8gia \u00e9s reempla\u00e7ar els conflictes violents per la soluci\u00f3 pol\u00edtica dels conflictes armats, que \u00e9s la necess\u00e0ria actitud en pres\u00e8ncia d&#8217;armes genocides que fan perillar la continuaci\u00f3 de la vida al planeta, el que cal fer \u00e9s mantenir la llibertat d&#8217;opini\u00f3 i la toler\u00e0ncia, per poder entendre aquests conflictes i trobar la manera de contribuir cap a la negociaci\u00f3 pol\u00edtica per a l&#8217;alto el foc i els acords de pau.<\/p>\n<p>A finals del segle XIX i primer ter\u00e7 del segle XX, quan no existien aquestes armes, al camp del materialisme hist\u00f2ric (<strong>Karl Marx<\/strong>, <strong>Friedrich Engels<\/strong>, <strong>Rosa Luxemburg<\/strong>&#8230;) s&#8217;acceptava la l\u00f2gica de la revoluci\u00f3 permanent com la garantia per a l&#8217;aven\u00e7 hist\u00f2ric de la societat, tot esperant una societat sense classes opressores. Aleshores, les pol\u00edtiques del pacifisme estaven sostingudes pels evolucionistes pac\u00edfics (socialistes ut\u00f2pics, <strong>Henri de Saint-Simon<\/strong>, <strong>Jean Jaur\u00e8s<\/strong>, <strong>Eduard Bernstein<\/strong>&#8230;).<\/p>\n<p>D&#8217;altra banda, el capitalisme, en les seves versions liberal i violenta feixista, t\u00e9 com a desavantatge que sol centrar-se en els efectes m\u00e9s o menys incontrolables sobre el medi ambient i la desigualtat d&#8217;oportunitats socials en un sistema centrat en el capital. A m\u00e9s, per la seva posici\u00f3 individualista extrema, sovint s&#8217;oposa a l&#8217;inter\u00e8s col\u00b7lectiu i no s&#8217;ocupa de la igualtat social, generant conflictes i guerres.<\/p>\n<p>Tots aquests conceptes van anar canviant amb l&#8217;exist\u00e8ncia de les armes nuclears i l&#8217;aparici\u00f3 de canvis sindicals i contradiccions a les societats capitalistes pel creixent poder de les burocr\u00e0cies i corrupcions al camp socialista. Al final de la Segona Guerra Mundial i l&#8217;experi\u00e8ncia de la incendi\u00e0ria criminal i horrible del nazisme es va generar una certa coexist\u00e8ncia pac\u00edfica entre el capitalisme i el socialisme, que va assumir la pol\u00edtica de socialisme en un sol pa\u00eds, formulada per <strong>I\u00f3sif Stalin<\/strong>. Tot aix\u00f2 va coincidir amb la l\u00f2gica aparici\u00f3 d&#8217;organismes com les <strong>Nacions Unides<\/strong>, amb les seves entitats associades i els acords de desarmament entre els Estats Units i la Uni\u00f3 Sovi\u00e8tica.<\/p>\n<p>Les ONG que promouen la toler\u00e0ncia pol\u00edtica, religiosa i \u00e8tnica, i en conseq\u00fc\u00e8ncia l&#8217;harmonia i la soluci\u00f3 pac\u00edfica dels conflictes armats i el desarmament nuclear, han d&#8217;optar necess\u00e0riament per pol\u00edtiques de tolerar la llibertat de paraula i de religions o creences que constitueixen entitats que conformen identitats. Un dels millors exemples s\u00f3n els articles 1 i 2 de la <strong>Constituci\u00f3<\/strong> de la <strong>Unesco<\/strong>:<\/p>\n<ol>\n<li>El prop\u00f2sit de l&#8217;organitzaci\u00f3 \u00e9s contribuir a la pau i la seguretat promovent la col\u00b7laboraci\u00f3 entre les nacions a trav\u00e9s de l&#8217;educaci\u00f3, la ci\u00e8ncia i la cultura per promoure el respecte universal a la just\u00edcia, l&#8217;estat de dret i els drets humans i les llibertats fonamentals que s\u00f3n afirmades per als pobles del m\u00f3n, sense distinci\u00f3 de ra\u00e7a, sexe, idioma o religi\u00f3, per la <strong>Carta de les Nacions Unides<\/strong>.<\/li>\n<li>Per portar a terme aquest prop\u00f2sit, l&#8217;organitzaci\u00f3 col\u00b7labora en la tasca de promoure el coneixement i l&#8217;entesa m\u00fatua dels pobles, a trav\u00e9s de tots els mitjans de comunicaci\u00f3 massiva i, a tal fi, recomana els convenis internacionals que siguin necessaris per promoure la lliure circulaci\u00f3 de les idees per mitj\u00e0 de la paraula i la imatge.<\/li>\n<\/ol>\n<p><img loading=\"lazy\" decoding=\"async\" class=\"alignleft size-full wp-image-115032\" src=\"https:\/\/raed.academy\/wp-content\/uploads\/2022\/03\/ucrania-guerra-dst.webp\" sizes=\"(max-width: 600px) 100vw, 600px\" srcset=\"https:\/\/raed.academy\/wp-content\/uploads\/2022\/03\/ucrania-guerra-dst.webp 600w, https:\/\/raed.academy\/wp-content\/uploads\/2022\/03\/ucrania-guerra-dst-440x264.webp 440w\" alt=\"\" width=\"600\" height=\"360\" \/>Davant d&#8217;aquest conflicte entre R\u00fassia i Ucra\u00efna, certes organitzacions lamentablement assumeixen posicions a favor d&#8217;una de les parts i, d&#8217;aquesta manera, abandonen la seva missi\u00f3 constitutiva i es desautoritzen com als moderadors i mediadors pro pau i harmonia.<\/p>\n<p>La defensa col\u00b7lectiva dels estats membres de l&#8217;<strong>OTAN<\/strong>, que obliga a intervenir en el cas que algun es vegi atacat, per altra banda, fa tot el possible per generar una insuportable actitud agressiva despr\u00e9s que el primer de juliol de 1991 es desintegr\u00e9s el <strong>Pacte de Vars\u00f2via<\/strong>, creat el 14 de maig de l&#8217;any 1955. El 1954, la Uni\u00f3 Sovi\u00e8tica va proposar la seva uni\u00f3 a l&#8217;OTAN, amb l&#8217;objectiu de mantenir la pau a Europa, per\u00f2 els aliats van rebutjar la proposta.<\/p>\n<p>D&#8217;altra banda, organitzacions com l&#8217;Associaci\u00f3 Internacional de Metges Contra la Guerra Nuclear, amb gran intel\u00b7lig\u00e8ncia i respecte als seus principis acaba de publicar una declaraci\u00f3 conjunta dels metges d&#8217;aquesta organitzaci\u00f3 a R\u00fassia i Ucra\u00efna en qu\u00e8 fa una &#8220;crida a les autoritats de les parts enfrontades i a les autoritats dels Estats Units perqu\u00e8 facin tot el possible per accelerar negociacions constructives i efectives per establir la pau a Ucra\u00efna per tal de salvar les vides dels pobles ucra\u00efn\u00e8s i rus&#8221;. Aix\u00f2 s&#8217;ha de prendre d&#8217;exemple, especialment quan un dels vicepresidents de l&#8217;entitat \u00e9s un metge rus.<\/p>\n","protected":false},"excerpt":{"rendered":"<p>Ernesto Kahan comparteix l&#8217;article &#8220;La guerra entre Rusia y Ucrania. Toma de posici\u00f3n equivocada por algunas asociaciones de paz apoyando la invasi\u00f3n&#8221;<\/p>\n","protected":false},"author":12,"featured_media":115033,"comment_status":"closed","ping_status":"closed","sticky":false,"template":"","format":"standard","meta":{"_et_pb_use_builder":"","_et_pb_old_content":"","_et_gb_content_width":"","footnotes":""},"categories":[225,242],"tags":[],"class_list":["post-115017","post","type-post","status-publish","format-standard","has-post-thumbnail","hentry","category-dret","category-categ-historia","et-has-post-format-content","et_post_format-et-post-format-standard"],"yoast_head":"<!-- This site is optimized with the Yoast SEO plugin v27.4 - https:\/\/yoast.com\/product\/yoast-seo-wordpress\/ -->\n<title>Una crida a la pau a Ucra\u00efna des de la medicina i el seny - Reial Acad\u00e8mia Europea de Doctors<\/title>\n<meta name=\"description\" content=\"Ernesto Kahan comparteix l&#039;article &quot;La guerra entre Rusia y Ucrania. Toma de posici\u00f3n equivocada por algunas asociaciones de paz apoyando la invasi\u00f3n&quot;\" \/>\n<meta name=\"robots\" content=\"index, follow, max-snippet:-1, max-image-preview:large, max-video-preview:-1\" \/>\n<link rel=\"canonical\" href=\"https:\/\/raed.academy\/ca\/una-crida-a-la-pau-a-ucraina-des-de-la-medicina-i-el-seny\/\" \/>\n<meta property=\"og:locale\" content=\"ca_ES\" \/>\n<meta property=\"og:type\" content=\"article\" \/>\n<meta property=\"og:title\" content=\"Una crida a la pau a Ucra\u00efna des de la medicina i el seny - Reial Acad\u00e8mia Europea de Doctors\" \/>\n<meta property=\"og:description\" content=\"Ernesto Kahan comparteix l&#039;article &quot;La guerra entre Rusia y Ucrania. Toma de posici\u00f3n equivocada por algunas asociaciones de paz apoyando la invasi\u00f3n&quot;\" \/>\n<meta property=\"og:url\" content=\"https:\/\/raed.academy\/ca\/una-crida-a-la-pau-a-ucraina-des-de-la-medicina-i-el-seny\/\" \/>\n<meta property=\"og:site_name\" content=\"Reial Acad\u00e8mia Europea de Doctors\" \/>\n<meta property=\"article:publisher\" content=\"http:\/\/fb.me\/raed.academy\" \/>\n<meta property=\"article:published_time\" content=\"2022-03-24T11:37:54+00:00\" \/>\n<meta property=\"article:modified_time\" content=\"2022-03-25T18:17:01+00:00\" \/>\n<meta property=\"og:image\" content=\"https:\/\/raed.academy\/wp-content\/uploads\/2022\/03\/ucrania-guerra-dst.webp\" \/>\n\t<meta property=\"og:image:width\" content=\"600\" \/>\n\t<meta property=\"og:image:height\" content=\"360\" \/>\n\t<meta property=\"og:image:type\" content=\"image\/webp\" \/>\n<meta name=\"author\" content=\"RAED\" \/>\n<meta name=\"twitter:card\" content=\"summary_large_image\" \/>\n<meta name=\"twitter:creator\" content=\"@raedacademy\" \/>\n<meta name=\"twitter:site\" content=\"@raedacademy\" \/>\n<meta name=\"twitter:label1\" content=\"Written by\" \/>\n\t<meta name=\"twitter:data1\" content=\"RAED\" \/>\n\t<meta name=\"twitter:label2\" content=\"Est. reading time\" \/>\n\t<meta name=\"twitter:data2\" content=\"5 minutes\" \/>\n<script type=\"application\/ld+json\" class=\"yoast-schema-graph\">{\"@context\":\"https:\\\/\\\/schema.org\",\"@graph\":[{\"@type\":\"Article\",\"@id\":\"https:\\\/\\\/raed.academy\\\/ca\\\/una-crida-a-la-pau-a-ucraina-des-de-la-medicina-i-el-seny\\\/#article\",\"isPartOf\":{\"@id\":\"https:\\\/\\\/raed.academy\\\/ca\\\/una-crida-a-la-pau-a-ucraina-des-de-la-medicina-i-el-seny\\\/\"},\"author\":{\"name\":\"RAED\",\"@id\":\"https:\\\/\\\/raed.academy\\\/ca\\\/#\\\/schema\\\/person\\\/5a755da80d1d979fd66ba745c8702927\"},\"headline\":\"Una crida a la pau a Ucra\u00efna des de la medicina i el seny\",\"datePublished\":\"2022-03-24T11:37:54+00:00\",\"dateModified\":\"2022-03-25T18:17:01+00:00\",\"mainEntityOfPage\":{\"@id\":\"https:\\\/\\\/raed.academy\\\/ca\\\/una-crida-a-la-pau-a-ucraina-des-de-la-medicina-i-el-seny\\\/\"},\"wordCount\":1060,\"publisher\":{\"@id\":\"https:\\\/\\\/raed.academy\\\/ca\\\/#organization\"},\"image\":{\"@id\":\"https:\\\/\\\/raed.academy\\\/ca\\\/una-crida-a-la-pau-a-ucraina-des-de-la-medicina-i-el-seny\\\/#primaryimage\"},\"thumbnailUrl\":\"https:\\\/\\\/raed.academy\\\/wp-content\\\/uploads\\\/2022\\\/03\\\/ucrania-guerra-dst.webp\",\"articleSection\":[\"Dret\",\"Hist\u00f2ria\"],\"inLanguage\":\"ca-ES\"},{\"@type\":\"WebPage\",\"@id\":\"https:\\\/\\\/raed.academy\\\/ca\\\/una-crida-a-la-pau-a-ucraina-des-de-la-medicina-i-el-seny\\\/\",\"url\":\"https:\\\/\\\/raed.academy\\\/ca\\\/una-crida-a-la-pau-a-ucraina-des-de-la-medicina-i-el-seny\\\/\",\"name\":\"Una crida a la pau a Ucra\u00efna des de la medicina i el seny - Reial Acad\u00e8mia Europea de Doctors\",\"isPartOf\":{\"@id\":\"https:\\\/\\\/raed.academy\\\/ca\\\/#website\"},\"primaryImageOfPage\":{\"@id\":\"https:\\\/\\\/raed.academy\\\/ca\\\/una-crida-a-la-pau-a-ucraina-des-de-la-medicina-i-el-seny\\\/#primaryimage\"},\"image\":{\"@id\":\"https:\\\/\\\/raed.academy\\\/ca\\\/una-crida-a-la-pau-a-ucraina-des-de-la-medicina-i-el-seny\\\/#primaryimage\"},\"thumbnailUrl\":\"https:\\\/\\\/raed.academy\\\/wp-content\\\/uploads\\\/2022\\\/03\\\/ucrania-guerra-dst.webp\",\"datePublished\":\"2022-03-24T11:37:54+00:00\",\"dateModified\":\"2022-03-25T18:17:01+00:00\",\"description\":\"Ernesto Kahan comparteix l'article \\\"La guerra entre Rusia y Ucrania. Toma de posici\u00f3n equivocada por algunas asociaciones de paz apoyando la invasi\u00f3n\\\"\",\"breadcrumb\":{\"@id\":\"https:\\\/\\\/raed.academy\\\/ca\\\/una-crida-a-la-pau-a-ucraina-des-de-la-medicina-i-el-seny\\\/#breadcrumb\"},\"inLanguage\":\"ca-ES\",\"potentialAction\":[{\"@type\":\"ReadAction\",\"target\":[\"https:\\\/\\\/raed.academy\\\/ca\\\/una-crida-a-la-pau-a-ucraina-des-de-la-medicina-i-el-seny\\\/\"]}]},{\"@type\":\"ImageObject\",\"inLanguage\":\"ca-ES\",\"@id\":\"https:\\\/\\\/raed.academy\\\/ca\\\/una-crida-a-la-pau-a-ucraina-des-de-la-medicina-i-el-seny\\\/#primaryimage\",\"url\":\"https:\\\/\\\/raed.academy\\\/wp-content\\\/uploads\\\/2022\\\/03\\\/ucrania-guerra-dst.webp\",\"contentUrl\":\"https:\\\/\\\/raed.academy\\\/wp-content\\\/uploads\\\/2022\\\/03\\\/ucrania-guerra-dst.webp\",\"width\":600,\"height\":360},{\"@type\":\"BreadcrumbList\",\"@id\":\"https:\\\/\\\/raed.academy\\\/ca\\\/una-crida-a-la-pau-a-ucraina-des-de-la-medicina-i-el-seny\\\/#breadcrumb\",\"itemListElement\":[{\"@type\":\"ListItem\",\"position\":1,\"name\":\"Inicio\",\"item\":\"https:\\\/\\\/raed.academy\\\/ca\\\/\"},{\"@type\":\"ListItem\",\"position\":2,\"name\":\"Una crida a la pau a Ucra\u00efna des de la medicina i el seny\"}]},{\"@type\":\"WebSite\",\"@id\":\"https:\\\/\\\/raed.academy\\\/ca\\\/#website\",\"url\":\"https:\\\/\\\/raed.academy\\\/ca\\\/\",\"name\":\"Reial Acad\u00e8mia Europea de Doctors\",\"description\":\"Corporaci\u00f3n de derecho p\u00fablico de car\u00e1cter cient\u00edfico, t\u00e9cnico y art\u00edstico, que tiene por objeto la investigaci\u00f3n, el estudio, el fomento y la extensi\u00f3n del conocimiento en su sentido m\u00e1s amplio\",\"publisher\":{\"@id\":\"https:\\\/\\\/raed.academy\\\/ca\\\/#organization\"},\"potentialAction\":[{\"@type\":\"SearchAction\",\"target\":{\"@type\":\"EntryPoint\",\"urlTemplate\":\"https:\\\/\\\/raed.academy\\\/ca\\\/?s={search_term_string}\"},\"query-input\":{\"@type\":\"PropertyValueSpecification\",\"valueRequired\":true,\"valueName\":\"search_term_string\"}}],\"inLanguage\":\"ca-ES\"},{\"@type\":\"Organization\",\"@id\":\"https:\\\/\\\/raed.academy\\\/ca\\\/#organization\",\"name\":\"Real Academia Europea de Doctores\",\"url\":\"https:\\\/\\\/raed.academy\\\/ca\\\/\",\"logo\":{\"@type\":\"ImageObject\",\"inLanguage\":\"ca-ES\",\"@id\":\"https:\\\/\\\/raed.academy\\\/ca\\\/#\\\/schema\\\/logo\\\/image\\\/\",\"url\":\"https:\\\/\\\/raed.academy\\\/wp-content\\\/uploads\\\/2017\\\/01\\\/cropped-logo_raed.png\",\"contentUrl\":\"https:\\\/\\\/raed.academy\\\/wp-content\\\/uploads\\\/2017\\\/01\\\/cropped-logo_raed.png\",\"width\":512,\"height\":512,\"caption\":\"Real Academia Europea de Doctores\"},\"image\":{\"@id\":\"https:\\\/\\\/raed.academy\\\/ca\\\/#\\\/schema\\\/logo\\\/image\\\/\"},\"sameAs\":[\"http:\\\/\\\/fb.me\\\/raed.academy\",\"https:\\\/\\\/x.com\\\/raedacademy\",\"https:\\\/\\\/www.instagram.com\\\/raed.academy\\\/\",\"https:\\\/\\\/www.youtube.com\\\/channel\\\/UCUYQwW2KrdirNWihxMDObwg\"]},{\"@type\":\"Person\",\"@id\":\"https:\\\/\\\/raed.academy\\\/ca\\\/#\\\/schema\\\/person\\\/5a755da80d1d979fd66ba745c8702927\",\"name\":\"RAED\",\"image\":{\"@type\":\"ImageObject\",\"inLanguage\":\"ca-ES\",\"@id\":\"https:\\\/\\\/secure.gravatar.com\\\/avatar\\\/19fdfdc0d67fb9c45714b703a2ac82251c4fcea3637f002ac3c9b74c0183583c?s=96&d=mm&r=g\",\"url\":\"https:\\\/\\\/secure.gravatar.com\\\/avatar\\\/19fdfdc0d67fb9c45714b703a2ac82251c4fcea3637f002ac3c9b74c0183583c?s=96&d=mm&r=g\",\"contentUrl\":\"https:\\\/\\\/secure.gravatar.com\\\/avatar\\\/19fdfdc0d67fb9c45714b703a2ac82251c4fcea3637f002ac3c9b74c0183583c?s=96&d=mm&r=g\",\"caption\":\"RAED\"}}]}<\/script>\n<!-- \/ Yoast SEO plugin. -->","yoast_head_json":{"title":"Una crida a la pau a Ucra\u00efna des de la medicina i el seny - Reial Acad\u00e8mia Europea de Doctors","description":"Ernesto Kahan comparteix l'article \"La guerra entre Rusia y Ucrania. Toma de posici\u00f3n equivocada por algunas asociaciones de paz apoyando la invasi\u00f3n\"","robots":{"index":"index","follow":"follow","max-snippet":"max-snippet:-1","max-image-preview":"max-image-preview:large","max-video-preview":"max-video-preview:-1"},"canonical":"https:\/\/raed.academy\/ca\/una-crida-a-la-pau-a-ucraina-des-de-la-medicina-i-el-seny\/","og_locale":"ca_ES","og_type":"article","og_title":"Una crida a la pau a Ucra\u00efna des de la medicina i el seny - Reial Acad\u00e8mia Europea de Doctors","og_description":"Ernesto Kahan comparteix l'article \"La guerra entre Rusia y Ucrania. Toma de posici\u00f3n equivocada por algunas asociaciones de paz apoyando la invasi\u00f3n\"","og_url":"https:\/\/raed.academy\/ca\/una-crida-a-la-pau-a-ucraina-des-de-la-medicina-i-el-seny\/","og_site_name":"Reial Acad\u00e8mia Europea de Doctors","article_publisher":"http:\/\/fb.me\/raed.academy","article_published_time":"2022-03-24T11:37:54+00:00","article_modified_time":"2022-03-25T18:17:01+00:00","og_image":[{"width":600,"height":360,"url":"https:\/\/raed.academy\/wp-content\/uploads\/2022\/03\/ucrania-guerra-dst.webp","type":"image\/webp"}],"author":"RAED","twitter_card":"summary_large_image","twitter_creator":"@raedacademy","twitter_site":"@raedacademy","twitter_misc":{"Written by":"RAED","Est. reading time":"5 minutes"},"schema":{"@context":"https:\/\/schema.org","@graph":[{"@type":"Article","@id":"https:\/\/raed.academy\/ca\/una-crida-a-la-pau-a-ucraina-des-de-la-medicina-i-el-seny\/#article","isPartOf":{"@id":"https:\/\/raed.academy\/ca\/una-crida-a-la-pau-a-ucraina-des-de-la-medicina-i-el-seny\/"},"author":{"name":"RAED","@id":"https:\/\/raed.academy\/ca\/#\/schema\/person\/5a755da80d1d979fd66ba745c8702927"},"headline":"Una crida a la pau a Ucra\u00efna des de la medicina i el seny","datePublished":"2022-03-24T11:37:54+00:00","dateModified":"2022-03-25T18:17:01+00:00","mainEntityOfPage":{"@id":"https:\/\/raed.academy\/ca\/una-crida-a-la-pau-a-ucraina-des-de-la-medicina-i-el-seny\/"},"wordCount":1060,"publisher":{"@id":"https:\/\/raed.academy\/ca\/#organization"},"image":{"@id":"https:\/\/raed.academy\/ca\/una-crida-a-la-pau-a-ucraina-des-de-la-medicina-i-el-seny\/#primaryimage"},"thumbnailUrl":"https:\/\/raed.academy\/wp-content\/uploads\/2022\/03\/ucrania-guerra-dst.webp","articleSection":["Dret","Hist\u00f2ria"],"inLanguage":"ca-ES"},{"@type":"WebPage","@id":"https:\/\/raed.academy\/ca\/una-crida-a-la-pau-a-ucraina-des-de-la-medicina-i-el-seny\/","url":"https:\/\/raed.academy\/ca\/una-crida-a-la-pau-a-ucraina-des-de-la-medicina-i-el-seny\/","name":"Una crida a la pau a Ucra\u00efna des de la medicina i el seny - Reial Acad\u00e8mia Europea de Doctors","isPartOf":{"@id":"https:\/\/raed.academy\/ca\/#website"},"primaryImageOfPage":{"@id":"https:\/\/raed.academy\/ca\/una-crida-a-la-pau-a-ucraina-des-de-la-medicina-i-el-seny\/#primaryimage"},"image":{"@id":"https:\/\/raed.academy\/ca\/una-crida-a-la-pau-a-ucraina-des-de-la-medicina-i-el-seny\/#primaryimage"},"thumbnailUrl":"https:\/\/raed.academy\/wp-content\/uploads\/2022\/03\/ucrania-guerra-dst.webp","datePublished":"2022-03-24T11:37:54+00:00","dateModified":"2022-03-25T18:17:01+00:00","description":"Ernesto Kahan comparteix l'article \"La guerra entre Rusia y Ucrania. Toma de posici\u00f3n equivocada por algunas asociaciones de paz apoyando la invasi\u00f3n\"","breadcrumb":{"@id":"https:\/\/raed.academy\/ca\/una-crida-a-la-pau-a-ucraina-des-de-la-medicina-i-el-seny\/#breadcrumb"},"inLanguage":"ca-ES","potentialAction":[{"@type":"ReadAction","target":["https:\/\/raed.academy\/ca\/una-crida-a-la-pau-a-ucraina-des-de-la-medicina-i-el-seny\/"]}]},{"@type":"ImageObject","inLanguage":"ca-ES","@id":"https:\/\/raed.academy\/ca\/una-crida-a-la-pau-a-ucraina-des-de-la-medicina-i-el-seny\/#primaryimage","url":"https:\/\/raed.academy\/wp-content\/uploads\/2022\/03\/ucrania-guerra-dst.webp","contentUrl":"https:\/\/raed.academy\/wp-content\/uploads\/2022\/03\/ucrania-guerra-dst.webp","width":600,"height":360},{"@type":"BreadcrumbList","@id":"https:\/\/raed.academy\/ca\/una-crida-a-la-pau-a-ucraina-des-de-la-medicina-i-el-seny\/#breadcrumb","itemListElement":[{"@type":"ListItem","position":1,"name":"Inicio","item":"https:\/\/raed.academy\/ca\/"},{"@type":"ListItem","position":2,"name":"Una crida a la pau a Ucra\u00efna des de la medicina i el seny"}]},{"@type":"WebSite","@id":"https:\/\/raed.academy\/ca\/#website","url":"https:\/\/raed.academy\/ca\/","name":"Reial Acad\u00e8mia Europea de Doctors","description":"Corporaci\u00f3n de derecho p\u00fablico de car\u00e1cter cient\u00edfico, t\u00e9cnico y art\u00edstico, que tiene por objeto la investigaci\u00f3n, el estudio, el fomento y la extensi\u00f3n del conocimiento en su sentido m\u00e1s amplio","publisher":{"@id":"https:\/\/raed.academy\/ca\/#organization"},"potentialAction":[{"@type":"SearchAction","target":{"@type":"EntryPoint","urlTemplate":"https:\/\/raed.academy\/ca\/?s={search_term_string}"},"query-input":{"@type":"PropertyValueSpecification","valueRequired":true,"valueName":"search_term_string"}}],"inLanguage":"ca-ES"},{"@type":"Organization","@id":"https:\/\/raed.academy\/ca\/#organization","name":"Real Academia Europea de Doctores","url":"https:\/\/raed.academy\/ca\/","logo":{"@type":"ImageObject","inLanguage":"ca-ES","@id":"https:\/\/raed.academy\/ca\/#\/schema\/logo\/image\/","url":"https:\/\/raed.academy\/wp-content\/uploads\/2017\/01\/cropped-logo_raed.png","contentUrl":"https:\/\/raed.academy\/wp-content\/uploads\/2017\/01\/cropped-logo_raed.png","width":512,"height":512,"caption":"Real Academia Europea de Doctores"},"image":{"@id":"https:\/\/raed.academy\/ca\/#\/schema\/logo\/image\/"},"sameAs":["http:\/\/fb.me\/raed.academy","https:\/\/x.com\/raedacademy","https:\/\/www.instagram.com\/raed.academy\/","https:\/\/www.youtube.com\/channel\/UCUYQwW2KrdirNWihxMDObwg"]},{"@type":"Person","@id":"https:\/\/raed.academy\/ca\/#\/schema\/person\/5a755da80d1d979fd66ba745c8702927","name":"RAED","image":{"@type":"ImageObject","inLanguage":"ca-ES","@id":"https:\/\/secure.gravatar.com\/avatar\/19fdfdc0d67fb9c45714b703a2ac82251c4fcea3637f002ac3c9b74c0183583c?s=96&d=mm&r=g","url":"https:\/\/secure.gravatar.com\/avatar\/19fdfdc0d67fb9c45714b703a2ac82251c4fcea3637f002ac3c9b74c0183583c?s=96&d=mm&r=g","contentUrl":"https:\/\/secure.gravatar.com\/avatar\/19fdfdc0d67fb9c45714b703a2ac82251c4fcea3637f002ac3c9b74c0183583c?s=96&d=mm&r=g","caption":"RAED"}}]}},"_links":{"self":[{"href":"https:\/\/raed.academy\/ca\/wp-json\/wp\/v2\/posts\/115017","targetHints":{"allow":["GET"]}}],"collection":[{"href":"https:\/\/raed.academy\/ca\/wp-json\/wp\/v2\/posts"}],"about":[{"href":"https:\/\/raed.academy\/ca\/wp-json\/wp\/v2\/types\/post"}],"author":[{"embeddable":true,"href":"https:\/\/raed.academy\/ca\/wp-json\/wp\/v2\/users\/12"}],"replies":[{"embeddable":true,"href":"https:\/\/raed.academy\/ca\/wp-json\/wp\/v2\/comments?post=115017"}],"version-history":[{"count":0,"href":"https:\/\/raed.academy\/ca\/wp-json\/wp\/v2\/posts\/115017\/revisions"}],"wp:featuredmedia":[{"embeddable":true,"href":"https:\/\/raed.academy\/ca\/wp-json\/wp\/v2\/media\/115033"}],"wp:attachment":[{"href":"https:\/\/raed.academy\/ca\/wp-json\/wp\/v2\/media?parent=115017"}],"wp:term":[{"taxonomy":"category","embeddable":true,"href":"https:\/\/raed.academy\/ca\/wp-json\/wp\/v2\/categories?post=115017"},{"taxonomy":"post_tag","embeddable":true,"href":"https:\/\/raed.academy\/ca\/wp-json\/wp\/v2\/tags?post=115017"}],"curies":[{"name":"wp","href":"https:\/\/api.w.org\/{rel}","templated":true}]}}