{"id":114656,"date":"2022-03-17T11:09:35","date_gmt":"2022-03-17T11:09:35","guid":{"rendered":"https:\/\/raed.academy\/?p=114656"},"modified":"2022-03-18T10:43:16","modified_gmt":"2022-03-18T10:43:16","slug":"la-historia-i-el-rigor-cientific-dels-estudis-sobre-economia-i-conmptabilitat","status":"publish","type":"post","link":"https:\/\/raed.academy\/ca\/la-historia-i-el-rigor-cientific-dels-estudis-sobre-economia-i-conmptabilitat\/","title":{"rendered":"La hist\u00f2ria i el rigor cient\u00edfic dels estudis sobre Economia i Comptabilitat"},"content":{"rendered":"<p><a href=\"https:\/\/raed.academy\/ca\/academics\/dr-carlos-mallo-rodriguez\/\" target=\"_blank\" rel=\"noopener\"><strong><em>Carlos Mallo<\/em><\/strong><\/a><br \/>\n<em>Catedr\u00e0tic d&#8217;Economia Financera i Comptabilitat de la Universitat Carlos III de Madrid, director del Centre d&#8217;Estudis, Recerca i Formaci\u00f3 Cont\u00ednua Francisco Tom\u00e1s y Valiente, acad\u00e8mic corresponent de la Reial Acad\u00e8mia de Ci\u00e8ncies Econ\u00f2miques i Financeres i acad\u00e8mic de n\u00famero de la Reial Acad\u00e8mia Europea de Doctors-Barcelona 1914 (RAED).<\/em><\/p>\n<p><img loading=\"lazy\" decoding=\"async\" class=\"alignleft wp-image-95856\" src=\"https:\/\/raed.academy\/wp-content\/uploads\/2020\/11\/pildoras-de-economia-dst.jpg\" sizes=\"(max-width: 500px) 100vw, 500px\" srcset=\"https:\/\/raed.academy\/wp-content\/uploads\/2020\/11\/pildoras-de-economia-dst.jpg 800w, https:\/\/raed.academy\/wp-content\/uploads\/2020\/11\/pildoras-de-economia-dst-768x384.jpg 768w\" alt=\"\" width=\"500\" height=\"250\" \/><a href=\"https:\/\/raed.academy\/ca\/academics\/dr-carlos-mallo-rodriguez\/\" target=\"_blank\" rel=\"noopener\"><strong><em>Carlos Mallo<\/em><\/strong><\/a>, catedr\u00e0tic d&#8217;Economia Financera i Comptabilitat de la <strong>Universitat Carlos III<\/strong> de Madrid, director del <strong>Centre d&#8217;Estudis, Recerca i Formaci\u00f3 Cont\u00ednua Francisco Tom\u00e1s y Valiente<\/strong> i acad\u00e8mic de n\u00famero de la <strong>Reial Acad\u00e8mia Europea de Doctors-Barcelona 1914<\/strong> (RAED), va presentar a la segona edici\u00f3 de la<strong> Trobada Internacional d&#8217;Economistes i Comptables<\/strong>, organitzada pel <strong>Consell General d&#8217;Economistes<\/strong> i que es va celebrar a Santiago de Compostel\u00b7la els passats 17 i 18 de febrer el treball <strong>&#8220;Las Metodolog\u00edas en Econom\u00eda y Contabilidad: Relaciones&#8221;<\/strong>, en el que aborda la conceptualitzaci\u00f3 dels estudis econ\u00f2mics al llarg de la hist\u00f2ria i les diferents escoles per assolir un coneixement cient\u00edfic sobre la mat\u00e8ria el m\u00e9s objectiu i rigor\u00f3s possible en una ci\u00e8ncia social.<\/p>\n<p>&#8220;L&#8217;economia en general \u00e9s una ci\u00e8ncia que t\u00e9 com a objecte de recerca les diverses formes de combinar els escassos recursos, susceptibles d&#8217;usos alternatius, per produir b\u00e9ns i serveis que satisfacin les il\u00b7limitades necessitats individuals i col\u00b7lectives de la societat, tenint actualment tres versions: el model neoliberal, el model de planificaci\u00f3 estatal i la socioecon\u00f2mica, que introdueix en el raonament les perspectives i emocions humanes, que guien el comportament individual i que s&#8217;agrupen dins de la metodologia coneguda com a Economia Experimental, que al seu torn \u00e9s una de les ramificacions de l&#8217;anomenada Economia del Comportament&#8221;, va assenyalar fixant la base dels estudis econ\u00f2mics i financers.<\/p>\n<div id=\"attachment_104953\" style=\"width: 240px\" class=\"wp-caption alignright\"><img loading=\"lazy\" decoding=\"async\" aria-describedby=\"caption-attachment-104953\" class=\"wp-image-104953\" src=\"https:\/\/raed.academy\/wp-content\/uploads\/2021\/07\/Carlos-Mallo-Rodriguez.jpg\" sizes=\"(max-width: 230px) 100vw, 230px\" srcset=\"https:\/\/raed.academy\/wp-content\/uploads\/2021\/07\/Carlos-Mallo-Rodriguez.jpg 300w, https:\/\/raed.academy\/wp-content\/uploads\/2021\/07\/Carlos-Mallo-Rodriguez-150x150.jpg 150w\" alt=\"Carlos Mallo Rodr\u00edguez\" width=\"230\" height=\"230\" aria-describedby=\"caption-attachment-104953\" \/><p id=\"caption-attachment-104953\" class=\"wp-caption-text\">Dr. Carlos Mallo<\/p><\/div>\n<p><strong>Mallo<\/strong> va assenyalar que la recerca econ\u00f2mica pr\u00f2piament dita va comen\u00e7ar amb la publicaci\u00f3 el 1776 del llibre d&#8217;<strong>Adam Smith &#8220;Indagaci\u00f3 sobre la naturalesa i les causes de la riquesa de les nacions&#8221;<\/strong>, al que va seguir les contribucions dels components de l&#8217;escola cl\u00e0ssica d&#8217;economia i, a partir del 1870, l&#8217;anomenada escola neocl\u00e0ssica o del marginalisme, que va emprar les matem\u00e0tiques als estudis d&#8217;Economia. A partir d&#8217;aqu\u00ed, l&#8217;acad\u00e8mic va apuntar la r\u00e0pida evoluci\u00f3 dels estudis a trav\u00e9s d&#8217;escoles i pensadors, entre els quals va destacar com a essencial <strong>Karl\u00a0Marx<\/strong>, <strong>John Keynes<\/strong>, <strong>Milton Friedman<\/strong>, <strong>Joseph Schumpeter<\/strong> o, recentment, <strong>Peter Drucker<\/strong> i <strong>Jean Tirole<\/strong>, que entronquen amb els estudis de gesti\u00f3 empresarial.<\/p>\n<p>En aquest pla, l&#8217;acad\u00e8mic va introduir l&#8217;evoluci\u00f3 dels estudis sobre comptabilitat i el debat actual sobre la informaci\u00f3 comptable. &#8220;La comptabilitat de direcci\u00f3 \u00e9s la guia de l&#8217;empresa, que com a organitzaci\u00f3 substitueix el mercat a l&#8217;assignaci\u00f3 \u00f2ptima de recursos, i que, per tant, necessita interpretar les lleis de la seva creaci\u00f3, creixement i manteniment, tenint en compte l&#8217;entorn institucional, les lleis tecnol\u00f2giques de la producci\u00f3, que componen les cadenes de valor, les lleis econ\u00f2miques que regeixen els mercats de mat\u00e8ries i productes i les lleis, socials, institucionals i culturals que afecten l&#8217;organitzaci\u00f3&#8221;, va assenyalar, destacant la import\u00e0ncia d&#8217;aquests estudis dins de l&#8217;ampli espectre de l&#8217;Economia.<\/p>\n<p>Expert en comptabilitat i gesti\u00f3, Mallo ha treballat com a directiu de companyies industrials i comercials ia l&#8217;auditoria i consultoria d&#8217;empreses. Ha publicat nombrosos treballs de recerca i llibres entre els quals destaquen <strong>&#8220;Contabilidad de costes (econom\u00eda y empresa)&#8221;<\/strong>, <strong>&#8220;Contabilidad de direcci\u00f3n para la toma de decisiones: Contabilidad de gesti\u00f3n y de costes&#8221;<\/strong> -escrit al costat del tamb\u00e9 acad\u00e8mic i president de la Junta de Govern de la RAED <a href=\"https:\/\/raed.academy\/ca\/academics\/dr-alfredo-rocafort-nicolau\/\" target=\"_blank\" rel=\"noopener\"><em><strong>Alfredo Rocafort<\/strong><\/em><\/a>-, <strong>&#8220;Normas internacionales de contabilidad (Administraci\u00f3n)&#8221;<\/strong>, <strong>&#8220;Contabilidad financiera. Un enfoque actual&#8221;<\/strong> o <strong>&#8220;Introducci\u00f3n a la contabilidad financiera&#8221;<\/strong>, tots ells obres de refer\u00e8ncia.<\/p>\n","protected":false},"excerpt":{"rendered":"<p>Carlos Mallo aborda la conceptualitzaci\u00f3 dels estudis econ\u00f2mics al llarg de la hist\u00f2ria i les diferents escoles per assolir un coneixement cient\u00edfic sobre la mat\u00e8ria el m\u00e9s objectiu i rigor\u00f3s possible en una ci\u00e8ncia social<\/p>\n","protected":false},"author":12,"featured_media":95857,"comment_status":"closed","ping_status":"closed","sticky":false,"template":"","format":"standard","meta":{"_et_pb_use_builder":"","_et_pb_old_content":"","_et_gb_content_width":"","footnotes":""},"categories":[233],"tags":[],"class_list":["post-114656","post","type-post","status-publish","format-standard","has-post-thumbnail","hentry","category-economiques-i-empresarials","et-has-post-format-content","et_post_format-et-post-format-standard"],"yoast_head":"<!-- This site is optimized with the Yoast SEO plugin v27.4 - https:\/\/yoast.com\/product\/yoast-seo-wordpress\/ -->\n<title>La hist\u00f2ria i el rigor cient\u00edfic dels estudis sobre Economia i Comptabilitat - Reial Acad\u00e8mia Europea de Doctors<\/title>\n<meta name=\"description\" content=\"Carlos Mallo aborda la conceptualitzaci\u00f3 dels estudis econ\u00f2mics per assolir un coneixement cient\u00edfic sobre la mat\u00e8ria tan objectiu com sigui possible\" \/>\n<meta name=\"robots\" content=\"index, follow, max-snippet:-1, max-image-preview:large, max-video-preview:-1\" \/>\n<link rel=\"canonical\" href=\"https:\/\/raed.academy\/ca\/la-historia-i-el-rigor-cientific-dels-estudis-sobre-economia-i-conmptabilitat\/\" \/>\n<meta property=\"og:locale\" content=\"ca_ES\" \/>\n<meta property=\"og:type\" content=\"article\" \/>\n<meta property=\"og:title\" content=\"La hist\u00f2ria i el rigor cient\u00edfic dels estudis sobre Economia i Comptabilitat - Reial Acad\u00e8mia Europea de Doctors\" \/>\n<meta property=\"og:description\" content=\"Carlos Mallo aborda la conceptualitzaci\u00f3 dels estudis econ\u00f2mics per assolir un coneixement cient\u00edfic sobre la mat\u00e8ria tan objectiu com sigui possible\" \/>\n<meta property=\"og:url\" content=\"https:\/\/raed.academy\/ca\/la-historia-i-el-rigor-cientific-dels-estudis-sobre-economia-i-conmptabilitat\/\" \/>\n<meta property=\"og:site_name\" content=\"Reial Acad\u00e8mia Europea de Doctors\" \/>\n<meta property=\"article:publisher\" content=\"http:\/\/fb.me\/raed.academy\" \/>\n<meta property=\"article:published_time\" content=\"2022-03-17T11:09:35+00:00\" \/>\n<meta property=\"article:modified_time\" content=\"2022-03-18T10:43:16+00:00\" \/>\n<meta property=\"og:image\" content=\"https:\/\/raed.academy\/wp-content\/uploads\/2020\/11\/pildoras-de-economia-dst.jpg\" \/>\n\t<meta property=\"og:image:width\" content=\"800\" \/>\n\t<meta property=\"og:image:height\" content=\"400\" \/>\n\t<meta property=\"og:image:type\" content=\"image\/jpeg\" \/>\n<meta name=\"author\" content=\"RAED\" \/>\n<meta name=\"twitter:card\" content=\"summary_large_image\" \/>\n<meta name=\"twitter:creator\" content=\"@raedacademy\" \/>\n<meta name=\"twitter:site\" content=\"@raedacademy\" \/>\n<meta name=\"twitter:label1\" content=\"Written by\" \/>\n\t<meta name=\"twitter:data1\" content=\"RAED\" \/>\n\t<meta name=\"twitter:label2\" content=\"Est. reading time\" \/>\n\t<meta name=\"twitter:data2\" content=\"3 minutes\" \/>\n<script type=\"application\/ld+json\" class=\"yoast-schema-graph\">{\"@context\":\"https:\\\/\\\/schema.org\",\"@graph\":[{\"@type\":\"Article\",\"@id\":\"https:\\\/\\\/raed.academy\\\/ca\\\/la-historia-i-el-rigor-cientific-dels-estudis-sobre-economia-i-conmptabilitat\\\/#article\",\"isPartOf\":{\"@id\":\"https:\\\/\\\/raed.academy\\\/ca\\\/la-historia-i-el-rigor-cientific-dels-estudis-sobre-economia-i-conmptabilitat\\\/\"},\"author\":{\"name\":\"RAED\",\"@id\":\"https:\\\/\\\/raed.academy\\\/ca\\\/#\\\/schema\\\/person\\\/5a755da80d1d979fd66ba745c8702927\"},\"headline\":\"La hist\u00f2ria i el rigor cient\u00edfic dels estudis sobre Economia i Comptabilitat\",\"datePublished\":\"2022-03-17T11:09:35+00:00\",\"dateModified\":\"2022-03-18T10:43:16+00:00\",\"mainEntityOfPage\":{\"@id\":\"https:\\\/\\\/raed.academy\\\/ca\\\/la-historia-i-el-rigor-cientific-dels-estudis-sobre-economia-i-conmptabilitat\\\/\"},\"wordCount\":684,\"publisher\":{\"@id\":\"https:\\\/\\\/raed.academy\\\/ca\\\/#organization\"},\"image\":{\"@id\":\"https:\\\/\\\/raed.academy\\\/ca\\\/la-historia-i-el-rigor-cientific-dels-estudis-sobre-economia-i-conmptabilitat\\\/#primaryimage\"},\"thumbnailUrl\":\"https:\\\/\\\/raed.academy\\\/wp-content\\\/uploads\\\/2020\\\/11\\\/pildoras-de-economia-dst.jpg\",\"articleSection\":[\"Econ\u00f2miques i Empresarials\"],\"inLanguage\":\"ca-ES\"},{\"@type\":\"WebPage\",\"@id\":\"https:\\\/\\\/raed.academy\\\/ca\\\/la-historia-i-el-rigor-cientific-dels-estudis-sobre-economia-i-conmptabilitat\\\/\",\"url\":\"https:\\\/\\\/raed.academy\\\/ca\\\/la-historia-i-el-rigor-cientific-dels-estudis-sobre-economia-i-conmptabilitat\\\/\",\"name\":\"La hist\u00f2ria i el rigor cient\u00edfic dels estudis sobre Economia i Comptabilitat - Reial Acad\u00e8mia Europea de Doctors\",\"isPartOf\":{\"@id\":\"https:\\\/\\\/raed.academy\\\/ca\\\/#website\"},\"primaryImageOfPage\":{\"@id\":\"https:\\\/\\\/raed.academy\\\/ca\\\/la-historia-i-el-rigor-cientific-dels-estudis-sobre-economia-i-conmptabilitat\\\/#primaryimage\"},\"image\":{\"@id\":\"https:\\\/\\\/raed.academy\\\/ca\\\/la-historia-i-el-rigor-cientific-dels-estudis-sobre-economia-i-conmptabilitat\\\/#primaryimage\"},\"thumbnailUrl\":\"https:\\\/\\\/raed.academy\\\/wp-content\\\/uploads\\\/2020\\\/11\\\/pildoras-de-economia-dst.jpg\",\"datePublished\":\"2022-03-17T11:09:35+00:00\",\"dateModified\":\"2022-03-18T10:43:16+00:00\",\"description\":\"Carlos Mallo aborda la conceptualitzaci\u00f3 dels estudis econ\u00f2mics per assolir un coneixement cient\u00edfic sobre la mat\u00e8ria tan objectiu com sigui possible\",\"breadcrumb\":{\"@id\":\"https:\\\/\\\/raed.academy\\\/ca\\\/la-historia-i-el-rigor-cientific-dels-estudis-sobre-economia-i-conmptabilitat\\\/#breadcrumb\"},\"inLanguage\":\"ca-ES\",\"potentialAction\":[{\"@type\":\"ReadAction\",\"target\":[\"https:\\\/\\\/raed.academy\\\/ca\\\/la-historia-i-el-rigor-cientific-dels-estudis-sobre-economia-i-conmptabilitat\\\/\"]}]},{\"@type\":\"ImageObject\",\"inLanguage\":\"ca-ES\",\"@id\":\"https:\\\/\\\/raed.academy\\\/ca\\\/la-historia-i-el-rigor-cientific-dels-estudis-sobre-economia-i-conmptabilitat\\\/#primaryimage\",\"url\":\"https:\\\/\\\/raed.academy\\\/wp-content\\\/uploads\\\/2020\\\/11\\\/pildoras-de-economia-dst.jpg\",\"contentUrl\":\"https:\\\/\\\/raed.academy\\\/wp-content\\\/uploads\\\/2020\\\/11\\\/pildoras-de-economia-dst.jpg\",\"width\":800,\"height\":400},{\"@type\":\"BreadcrumbList\",\"@id\":\"https:\\\/\\\/raed.academy\\\/ca\\\/la-historia-i-el-rigor-cientific-dels-estudis-sobre-economia-i-conmptabilitat\\\/#breadcrumb\",\"itemListElement\":[{\"@type\":\"ListItem\",\"position\":1,\"name\":\"Inicio\",\"item\":\"https:\\\/\\\/raed.academy\\\/ca\\\/\"},{\"@type\":\"ListItem\",\"position\":2,\"name\":\"La hist\u00f2ria i el rigor cient\u00edfic dels estudis sobre Economia i Comptabilitat\"}]},{\"@type\":\"WebSite\",\"@id\":\"https:\\\/\\\/raed.academy\\\/ca\\\/#website\",\"url\":\"https:\\\/\\\/raed.academy\\\/ca\\\/\",\"name\":\"Reial Acad\u00e8mia Europea de Doctors\",\"description\":\"Corporaci\u00f3n de derecho p\u00fablico de car\u00e1cter cient\u00edfico, t\u00e9cnico y art\u00edstico, que tiene por objeto la investigaci\u00f3n, el estudio, el fomento y la extensi\u00f3n del conocimiento en su sentido m\u00e1s amplio\",\"publisher\":{\"@id\":\"https:\\\/\\\/raed.academy\\\/ca\\\/#organization\"},\"potentialAction\":[{\"@type\":\"SearchAction\",\"target\":{\"@type\":\"EntryPoint\",\"urlTemplate\":\"https:\\\/\\\/raed.academy\\\/ca\\\/?s={search_term_string}\"},\"query-input\":{\"@type\":\"PropertyValueSpecification\",\"valueRequired\":true,\"valueName\":\"search_term_string\"}}],\"inLanguage\":\"ca-ES\"},{\"@type\":\"Organization\",\"@id\":\"https:\\\/\\\/raed.academy\\\/ca\\\/#organization\",\"name\":\"Real Academia Europea de Doctores\",\"url\":\"https:\\\/\\\/raed.academy\\\/ca\\\/\",\"logo\":{\"@type\":\"ImageObject\",\"inLanguage\":\"ca-ES\",\"@id\":\"https:\\\/\\\/raed.academy\\\/ca\\\/#\\\/schema\\\/logo\\\/image\\\/\",\"url\":\"https:\\\/\\\/raed.academy\\\/wp-content\\\/uploads\\\/2017\\\/01\\\/cropped-logo_raed.png\",\"contentUrl\":\"https:\\\/\\\/raed.academy\\\/wp-content\\\/uploads\\\/2017\\\/01\\\/cropped-logo_raed.png\",\"width\":512,\"height\":512,\"caption\":\"Real Academia Europea de Doctores\"},\"image\":{\"@id\":\"https:\\\/\\\/raed.academy\\\/ca\\\/#\\\/schema\\\/logo\\\/image\\\/\"},\"sameAs\":[\"http:\\\/\\\/fb.me\\\/raed.academy\",\"https:\\\/\\\/x.com\\\/raedacademy\",\"https:\\\/\\\/www.instagram.com\\\/raed.academy\\\/\",\"https:\\\/\\\/www.youtube.com\\\/channel\\\/UCUYQwW2KrdirNWihxMDObwg\"]},{\"@type\":\"Person\",\"@id\":\"https:\\\/\\\/raed.academy\\\/ca\\\/#\\\/schema\\\/person\\\/5a755da80d1d979fd66ba745c8702927\",\"name\":\"RAED\",\"image\":{\"@type\":\"ImageObject\",\"inLanguage\":\"ca-ES\",\"@id\":\"https:\\\/\\\/secure.gravatar.com\\\/avatar\\\/19fdfdc0d67fb9c45714b703a2ac82251c4fcea3637f002ac3c9b74c0183583c?s=96&d=mm&r=g\",\"url\":\"https:\\\/\\\/secure.gravatar.com\\\/avatar\\\/19fdfdc0d67fb9c45714b703a2ac82251c4fcea3637f002ac3c9b74c0183583c?s=96&d=mm&r=g\",\"contentUrl\":\"https:\\\/\\\/secure.gravatar.com\\\/avatar\\\/19fdfdc0d67fb9c45714b703a2ac82251c4fcea3637f002ac3c9b74c0183583c?s=96&d=mm&r=g\",\"caption\":\"RAED\"}}]}<\/script>\n<!-- \/ Yoast SEO plugin. -->","yoast_head_json":{"title":"La hist\u00f2ria i el rigor cient\u00edfic dels estudis sobre Economia i Comptabilitat - Reial Acad\u00e8mia Europea de Doctors","description":"Carlos Mallo aborda la conceptualitzaci\u00f3 dels estudis econ\u00f2mics per assolir un coneixement cient\u00edfic sobre la mat\u00e8ria tan objectiu com sigui possible","robots":{"index":"index","follow":"follow","max-snippet":"max-snippet:-1","max-image-preview":"max-image-preview:large","max-video-preview":"max-video-preview:-1"},"canonical":"https:\/\/raed.academy\/ca\/la-historia-i-el-rigor-cientific-dels-estudis-sobre-economia-i-conmptabilitat\/","og_locale":"ca_ES","og_type":"article","og_title":"La hist\u00f2ria i el rigor cient\u00edfic dels estudis sobre Economia i Comptabilitat - Reial Acad\u00e8mia Europea de Doctors","og_description":"Carlos Mallo aborda la conceptualitzaci\u00f3 dels estudis econ\u00f2mics per assolir un coneixement cient\u00edfic sobre la mat\u00e8ria tan objectiu com sigui possible","og_url":"https:\/\/raed.academy\/ca\/la-historia-i-el-rigor-cientific-dels-estudis-sobre-economia-i-conmptabilitat\/","og_site_name":"Reial Acad\u00e8mia Europea de Doctors","article_publisher":"http:\/\/fb.me\/raed.academy","article_published_time":"2022-03-17T11:09:35+00:00","article_modified_time":"2022-03-18T10:43:16+00:00","og_image":[{"width":800,"height":400,"url":"https:\/\/raed.academy\/wp-content\/uploads\/2020\/11\/pildoras-de-economia-dst.jpg","type":"image\/jpeg"}],"author":"RAED","twitter_card":"summary_large_image","twitter_creator":"@raedacademy","twitter_site":"@raedacademy","twitter_misc":{"Written by":"RAED","Est. reading time":"3 minutes"},"schema":{"@context":"https:\/\/schema.org","@graph":[{"@type":"Article","@id":"https:\/\/raed.academy\/ca\/la-historia-i-el-rigor-cientific-dels-estudis-sobre-economia-i-conmptabilitat\/#article","isPartOf":{"@id":"https:\/\/raed.academy\/ca\/la-historia-i-el-rigor-cientific-dels-estudis-sobre-economia-i-conmptabilitat\/"},"author":{"name":"RAED","@id":"https:\/\/raed.academy\/ca\/#\/schema\/person\/5a755da80d1d979fd66ba745c8702927"},"headline":"La hist\u00f2ria i el rigor cient\u00edfic dels estudis sobre Economia i Comptabilitat","datePublished":"2022-03-17T11:09:35+00:00","dateModified":"2022-03-18T10:43:16+00:00","mainEntityOfPage":{"@id":"https:\/\/raed.academy\/ca\/la-historia-i-el-rigor-cientific-dels-estudis-sobre-economia-i-conmptabilitat\/"},"wordCount":684,"publisher":{"@id":"https:\/\/raed.academy\/ca\/#organization"},"image":{"@id":"https:\/\/raed.academy\/ca\/la-historia-i-el-rigor-cientific-dels-estudis-sobre-economia-i-conmptabilitat\/#primaryimage"},"thumbnailUrl":"https:\/\/raed.academy\/wp-content\/uploads\/2020\/11\/pildoras-de-economia-dst.jpg","articleSection":["Econ\u00f2miques i Empresarials"],"inLanguage":"ca-ES"},{"@type":"WebPage","@id":"https:\/\/raed.academy\/ca\/la-historia-i-el-rigor-cientific-dels-estudis-sobre-economia-i-conmptabilitat\/","url":"https:\/\/raed.academy\/ca\/la-historia-i-el-rigor-cientific-dels-estudis-sobre-economia-i-conmptabilitat\/","name":"La hist\u00f2ria i el rigor cient\u00edfic dels estudis sobre Economia i Comptabilitat - Reial Acad\u00e8mia Europea de Doctors","isPartOf":{"@id":"https:\/\/raed.academy\/ca\/#website"},"primaryImageOfPage":{"@id":"https:\/\/raed.academy\/ca\/la-historia-i-el-rigor-cientific-dels-estudis-sobre-economia-i-conmptabilitat\/#primaryimage"},"image":{"@id":"https:\/\/raed.academy\/ca\/la-historia-i-el-rigor-cientific-dels-estudis-sobre-economia-i-conmptabilitat\/#primaryimage"},"thumbnailUrl":"https:\/\/raed.academy\/wp-content\/uploads\/2020\/11\/pildoras-de-economia-dst.jpg","datePublished":"2022-03-17T11:09:35+00:00","dateModified":"2022-03-18T10:43:16+00:00","description":"Carlos Mallo aborda la conceptualitzaci\u00f3 dels estudis econ\u00f2mics per assolir un coneixement cient\u00edfic sobre la mat\u00e8ria tan objectiu com sigui possible","breadcrumb":{"@id":"https:\/\/raed.academy\/ca\/la-historia-i-el-rigor-cientific-dels-estudis-sobre-economia-i-conmptabilitat\/#breadcrumb"},"inLanguage":"ca-ES","potentialAction":[{"@type":"ReadAction","target":["https:\/\/raed.academy\/ca\/la-historia-i-el-rigor-cientific-dels-estudis-sobre-economia-i-conmptabilitat\/"]}]},{"@type":"ImageObject","inLanguage":"ca-ES","@id":"https:\/\/raed.academy\/ca\/la-historia-i-el-rigor-cientific-dels-estudis-sobre-economia-i-conmptabilitat\/#primaryimage","url":"https:\/\/raed.academy\/wp-content\/uploads\/2020\/11\/pildoras-de-economia-dst.jpg","contentUrl":"https:\/\/raed.academy\/wp-content\/uploads\/2020\/11\/pildoras-de-economia-dst.jpg","width":800,"height":400},{"@type":"BreadcrumbList","@id":"https:\/\/raed.academy\/ca\/la-historia-i-el-rigor-cientific-dels-estudis-sobre-economia-i-conmptabilitat\/#breadcrumb","itemListElement":[{"@type":"ListItem","position":1,"name":"Inicio","item":"https:\/\/raed.academy\/ca\/"},{"@type":"ListItem","position":2,"name":"La hist\u00f2ria i el rigor cient\u00edfic dels estudis sobre Economia i Comptabilitat"}]},{"@type":"WebSite","@id":"https:\/\/raed.academy\/ca\/#website","url":"https:\/\/raed.academy\/ca\/","name":"Reial Acad\u00e8mia Europea de Doctors","description":"Corporaci\u00f3n de derecho p\u00fablico de car\u00e1cter cient\u00edfico, t\u00e9cnico y art\u00edstico, que tiene por objeto la investigaci\u00f3n, el estudio, el fomento y la extensi\u00f3n del conocimiento en su sentido m\u00e1s amplio","publisher":{"@id":"https:\/\/raed.academy\/ca\/#organization"},"potentialAction":[{"@type":"SearchAction","target":{"@type":"EntryPoint","urlTemplate":"https:\/\/raed.academy\/ca\/?s={search_term_string}"},"query-input":{"@type":"PropertyValueSpecification","valueRequired":true,"valueName":"search_term_string"}}],"inLanguage":"ca-ES"},{"@type":"Organization","@id":"https:\/\/raed.academy\/ca\/#organization","name":"Real Academia Europea de Doctores","url":"https:\/\/raed.academy\/ca\/","logo":{"@type":"ImageObject","inLanguage":"ca-ES","@id":"https:\/\/raed.academy\/ca\/#\/schema\/logo\/image\/","url":"https:\/\/raed.academy\/wp-content\/uploads\/2017\/01\/cropped-logo_raed.png","contentUrl":"https:\/\/raed.academy\/wp-content\/uploads\/2017\/01\/cropped-logo_raed.png","width":512,"height":512,"caption":"Real Academia Europea de Doctores"},"image":{"@id":"https:\/\/raed.academy\/ca\/#\/schema\/logo\/image\/"},"sameAs":["http:\/\/fb.me\/raed.academy","https:\/\/x.com\/raedacademy","https:\/\/www.instagram.com\/raed.academy\/","https:\/\/www.youtube.com\/channel\/UCUYQwW2KrdirNWihxMDObwg"]},{"@type":"Person","@id":"https:\/\/raed.academy\/ca\/#\/schema\/person\/5a755da80d1d979fd66ba745c8702927","name":"RAED","image":{"@type":"ImageObject","inLanguage":"ca-ES","@id":"https:\/\/secure.gravatar.com\/avatar\/19fdfdc0d67fb9c45714b703a2ac82251c4fcea3637f002ac3c9b74c0183583c?s=96&d=mm&r=g","url":"https:\/\/secure.gravatar.com\/avatar\/19fdfdc0d67fb9c45714b703a2ac82251c4fcea3637f002ac3c9b74c0183583c?s=96&d=mm&r=g","contentUrl":"https:\/\/secure.gravatar.com\/avatar\/19fdfdc0d67fb9c45714b703a2ac82251c4fcea3637f002ac3c9b74c0183583c?s=96&d=mm&r=g","caption":"RAED"}}]}},"_links":{"self":[{"href":"https:\/\/raed.academy\/ca\/wp-json\/wp\/v2\/posts\/114656","targetHints":{"allow":["GET"]}}],"collection":[{"href":"https:\/\/raed.academy\/ca\/wp-json\/wp\/v2\/posts"}],"about":[{"href":"https:\/\/raed.academy\/ca\/wp-json\/wp\/v2\/types\/post"}],"author":[{"embeddable":true,"href":"https:\/\/raed.academy\/ca\/wp-json\/wp\/v2\/users\/12"}],"replies":[{"embeddable":true,"href":"https:\/\/raed.academy\/ca\/wp-json\/wp\/v2\/comments?post=114656"}],"version-history":[{"count":0,"href":"https:\/\/raed.academy\/ca\/wp-json\/wp\/v2\/posts\/114656\/revisions"}],"wp:featuredmedia":[{"embeddable":true,"href":"https:\/\/raed.academy\/ca\/wp-json\/wp\/v2\/media\/95857"}],"wp:attachment":[{"href":"https:\/\/raed.academy\/ca\/wp-json\/wp\/v2\/media?parent=114656"}],"wp:term":[{"taxonomy":"category","embeddable":true,"href":"https:\/\/raed.academy\/ca\/wp-json\/wp\/v2\/categories?post=114656"},{"taxonomy":"post_tag","embeddable":true,"href":"https:\/\/raed.academy\/ca\/wp-json\/wp\/v2\/tags?post=114656"}],"curies":[{"name":"wp","href":"https:\/\/api.w.org\/{rel}","templated":true}]}}