{"id":114651,"date":"2022-03-17T10:52:14","date_gmt":"2022-03-17T10:52:14","guid":{"rendered":"https:\/\/raed.academy\/?p=114651"},"modified":"2022-03-18T10:46:16","modified_gmt":"2022-03-18T10:46:16","slug":"de-la-guerra-a-ucraina-a-les-massacres-del-narcotrafic-a-mexic","status":"publish","type":"post","link":"https:\/\/raed.academy\/ca\/de-la-guerra-a-ucraina-a-les-massacres-del-narcotrafic-a-mexic\/","title":{"rendered":"De la guerra a Ucra\u00efna a les massacres del narcotr\u00e0fic a M\u00e8xic"},"content":{"rendered":"<p><strong><em>Enrique Sada<\/em><\/strong><br \/>\n<em>Historiador i col\u00b7laborador habitual de la Reial Acad\u00e8mia Europea de Doctors-Barcelona 1914 (RAED)<\/em><\/p>\n<p><em>Article publicat al portal especialitzat C\u00f3digo Libre el 4 de mar\u00e7 del 2022<\/em><\/p>\n<p>L&#8217;historiador mexic\u00e0 <strong>Enrique Sada<\/strong>, col\u00b7laborador de la <strong>Reial Acad\u00e8mia Europea de Doctors-Barcelona 1914<\/strong> (RAED), compara les xifres de v\u00edctimes de la guerra d&#8217;Ucra\u00efna i les produ\u00efdes pel narcotr\u00e0fic a M\u00e8xic a l&#8217;article <strong>&#8220;Entre dos guerras&#8221;<\/strong>, publicat al portal especialitzat <strong>C\u00f3digo Libre<\/strong> el passat 4 de mar\u00e7. El balan\u00e7, assenyala l&#8217;analista, era sorprenentment coincident despr\u00e9s dels primers dies de la invasi\u00f3 russa tot i tractar-se en aquest cas d&#8217;una gran acci\u00f3 armada amb bombardejos i artilleria pesant, quan pel que fa a M\u00e8xic s\u00f3n els tristament recurrents assassinats vinculats al tr\u00e0fic d&#8217;estupefaents i el control de moltes zones del pa\u00eds per part del crim organitzat.<\/p>\n<p>&#8220;Al mateix temps que el Govern de K\u00edev reportava com a saldo de la guerra la xifra de 198 morts en els primers tres dies de la invasi\u00f3 russa, a M\u00e8xic es reportaven ni m\u00e9s ni menys que 166 assassinats en aquest mateix lapse de temps, als quals poques hores despr\u00e9s caldria afegir la suma de 17 morts, executats a tall d&#8217;afusellament ni m\u00e9s ni menys que per elements de la <strong>Gu\u00e0rdia Nacional<\/strong>. Mentre aix\u00f2 passa, el Govern es renta les mans i promou un discurs de pau en veu del canceller <strong>Marcelo Ebrard<\/strong>, a manera de burla, respecte als fets de sang i mort que passen a l&#8217;altra banda del mar&#8221;, inicia l&#8217;historiador la seva reflexi\u00f3.<\/p>\n<p><strong><img loading=\"lazy\" decoding=\"async\" class=\"alignleft size-full wp-image-114741\" src=\"https:\/\/raed.academy\/wp-content\/uploads\/2022\/03\/narcotrafico-en-Mexico-dst.webp\" sizes=\"(max-width: 500px) 100vw, 500px\" srcset=\"https:\/\/raed.academy\/wp-content\/uploads\/2022\/03\/narcotrafico-en-Mexico-dst.webp 500w, https:\/\/raed.academy\/wp-content\/uploads\/2022\/03\/narcotrafico-en-Mexico-dst-440x264.webp 440w\" alt=\"\" width=\"500\" height=\"300\" \/>Sada<\/strong> es mostra especialment cr\u00edtic per la proclamada pol\u00edtica d'&#8221;abra\u00e7ades, no de trets&#8221; amb bandes i c\u00e0rters que defensa l&#8217;Executiu federal d&#8217;<strong>Andr\u00e9s Manuel L\u00f3pez Obrador<\/strong>. &#8220;La pol\u00edtica imposada pel titular del Govern federal per al crim organitzat ha derivat en un escenari dels m\u00e9s violents a la nostra hist\u00f2ria recent: amb m\u00e9s morts que els sexennis dels presidents <strong>Felipe Calder\u00f3n Hinojosa<\/strong> i <strong>Enrique Pe\u00f1a Nieto<\/strong> junts en menys de tres anys de govern, amb el narcotr\u00e0fic com a virtual propietari del 35% del pa\u00eds segons xifres proporcionades pel <strong>Departament d&#8217;Estat<\/strong> a Washington a finals de l&#8217;any passat, i amb un estat de dret vulnerat on els delinq\u00fcents s\u00f3n referits eufem\u00edsticament com a &#8216;civils armats&#8217; fins i tot pels mateixos mitjans de comunicaci\u00f3, mentre la societat civil, inerme i desarmada, s&#8217;enfronta cada dia davant l&#8217;amena\u00e7a que implica la possibilitat de patir m\u00e9s segrestos i atemptats violents&#8221;, detalla el col\u00b7laborador de la RAED.<\/p>\n<p>Per a l&#8217;historiador, aquesta falta d&#8217;autoritat i fins i tot de sobirania governamental en \u00e0mplies zones de M\u00e8xic i les massacres ocorregudes des de comen\u00e7ament d&#8217;any als estats de Zacatecas, Michoac\u00e1n i Colima urgeixen una resposta r\u00e0pida. Aix\u00ed mateix, <strong>Sada<\/strong> insta l&#8217;Administraci\u00f3 de<strong> Joe Biden<\/strong> a oferir noms despr\u00e9s de denunciar aquesta associaci\u00f3 dels clans del narcotr\u00e0fic al pa\u00eds amb alts funcionaris del Govern mexic\u00e0.<\/p>\n<h3><a href=\"https:\/\/codigolibre.mx\/2022\/03\/04\/entre-dos-guerras\/\" target=\"_blank\" rel=\"noopener\">Llegiu l&#8217;article<\/a><\/h3>\n","protected":false},"excerpt":{"rendered":"<p>L&#8217;historiador mexic\u00e0 Enrique Sada compara les xifres de v\u00edctimes de la guerra d&#8217;Ucra\u00efna i les produ\u00efdes pel narcotr\u00e0fic a M\u00e8xic, amb el resultat d&#8217;un balan\u00e7 sorprenentment coincident<\/p>\n","protected":false},"author":12,"featured_media":114742,"comment_status":"closed","ping_status":"closed","sticky":false,"template":"","format":"standard","meta":{"_et_pb_use_builder":"","_et_pb_old_content":"","_et_gb_content_width":"","footnotes":""},"categories":[304],"tags":[],"class_list":["post-114651","post","type-post","status-publish","format-standard","has-post-thumbnail","hentry","category-economia-i-politica-ca","et-has-post-format-content","et_post_format-et-post-format-standard"],"yoast_head":"<!-- This site is optimized with the Yoast SEO plugin v27.4 - https:\/\/yoast.com\/product\/yoast-seo-wordpress\/ -->\n<title>De la guerra a Ucra\u00efna a les massacres del narcotr\u00e0fic a M\u00e8xic - Reial Acad\u00e8mia Europea de Doctors<\/title>\n<meta name=\"description\" content=\"Les xifres de v\u00edctimes de la guerra d&#039;Ucra\u00efna i les produ\u00efdes pel narcotr\u00e0fic a M\u00e8xic, un balan\u00e7 sorprenentment coincident\" \/>\n<meta name=\"robots\" content=\"index, follow, max-snippet:-1, max-image-preview:large, max-video-preview:-1\" \/>\n<link rel=\"canonical\" href=\"https:\/\/raed.academy\/ca\/de-la-guerra-a-ucraina-a-les-massacres-del-narcotrafic-a-mexic\/\" \/>\n<meta property=\"og:locale\" content=\"ca_ES\" \/>\n<meta property=\"og:type\" content=\"article\" \/>\n<meta property=\"og:title\" content=\"De la guerra a Ucra\u00efna a les massacres del narcotr\u00e0fic a M\u00e8xic - Reial Acad\u00e8mia Europea de Doctors\" \/>\n<meta property=\"og:description\" content=\"Les xifres de v\u00edctimes de la guerra d&#039;Ucra\u00efna i les produ\u00efdes pel narcotr\u00e0fic a M\u00e8xic, un balan\u00e7 sorprenentment coincident\" \/>\n<meta property=\"og:url\" content=\"https:\/\/raed.academy\/ca\/de-la-guerra-a-ucraina-a-les-massacres-del-narcotrafic-a-mexic\/\" \/>\n<meta property=\"og:site_name\" content=\"Reial Acad\u00e8mia Europea de Doctors\" \/>\n<meta property=\"article:publisher\" content=\"http:\/\/fb.me\/raed.academy\" \/>\n<meta property=\"article:published_time\" content=\"2022-03-17T10:52:14+00:00\" \/>\n<meta property=\"article:modified_time\" content=\"2022-03-18T10:46:16+00:00\" \/>\n<meta property=\"og:image\" content=\"https:\/\/raed.academy\/wp-content\/uploads\/2022\/03\/narcotrafico-en-Mexico-dst.webp\" \/>\n\t<meta property=\"og:image:width\" content=\"500\" \/>\n\t<meta property=\"og:image:height\" content=\"300\" \/>\n\t<meta property=\"og:image:type\" content=\"image\/webp\" \/>\n<meta name=\"author\" content=\"RAED\" \/>\n<meta name=\"twitter:card\" content=\"summary_large_image\" \/>\n<meta name=\"twitter:creator\" content=\"@raedacademy\" \/>\n<meta name=\"twitter:site\" content=\"@raedacademy\" \/>\n<meta name=\"twitter:label1\" content=\"Written by\" \/>\n\t<meta name=\"twitter:data1\" content=\"RAED\" \/>\n\t<meta name=\"twitter:label2\" content=\"Est. reading time\" \/>\n\t<meta name=\"twitter:data2\" content=\"3 minutes\" \/>\n<script type=\"application\/ld+json\" class=\"yoast-schema-graph\">{\"@context\":\"https:\\\/\\\/schema.org\",\"@graph\":[{\"@type\":\"Article\",\"@id\":\"https:\\\/\\\/raed.academy\\\/ca\\\/de-la-guerra-a-ucraina-a-les-massacres-del-narcotrafic-a-mexic\\\/#article\",\"isPartOf\":{\"@id\":\"https:\\\/\\\/raed.academy\\\/ca\\\/de-la-guerra-a-ucraina-a-les-massacres-del-narcotrafic-a-mexic\\\/\"},\"author\":{\"name\":\"RAED\",\"@id\":\"https:\\\/\\\/raed.academy\\\/ca\\\/#\\\/schema\\\/person\\\/5a755da80d1d979fd66ba745c8702927\"},\"headline\":\"De la guerra a Ucra\u00efna a les massacres del narcotr\u00e0fic a M\u00e8xic\",\"datePublished\":\"2022-03-17T10:52:14+00:00\",\"dateModified\":\"2022-03-18T10:46:16+00:00\",\"mainEntityOfPage\":{\"@id\":\"https:\\\/\\\/raed.academy\\\/ca\\\/de-la-guerra-a-ucraina-a-les-massacres-del-narcotrafic-a-mexic\\\/\"},\"wordCount\":543,\"publisher\":{\"@id\":\"https:\\\/\\\/raed.academy\\\/ca\\\/#organization\"},\"image\":{\"@id\":\"https:\\\/\\\/raed.academy\\\/ca\\\/de-la-guerra-a-ucraina-a-les-massacres-del-narcotrafic-a-mexic\\\/#primaryimage\"},\"thumbnailUrl\":\"https:\\\/\\\/raed.academy\\\/wp-content\\\/uploads\\\/2022\\\/03\\\/narcotrafico-en-Mexico-dst.webp\",\"articleSection\":[\"Economia i pol\u00edtica\"],\"inLanguage\":\"ca-ES\"},{\"@type\":\"WebPage\",\"@id\":\"https:\\\/\\\/raed.academy\\\/ca\\\/de-la-guerra-a-ucraina-a-les-massacres-del-narcotrafic-a-mexic\\\/\",\"url\":\"https:\\\/\\\/raed.academy\\\/ca\\\/de-la-guerra-a-ucraina-a-les-massacres-del-narcotrafic-a-mexic\\\/\",\"name\":\"De la guerra a Ucra\u00efna a les massacres del narcotr\u00e0fic a M\u00e8xic - Reial Acad\u00e8mia Europea de Doctors\",\"isPartOf\":{\"@id\":\"https:\\\/\\\/raed.academy\\\/ca\\\/#website\"},\"primaryImageOfPage\":{\"@id\":\"https:\\\/\\\/raed.academy\\\/ca\\\/de-la-guerra-a-ucraina-a-les-massacres-del-narcotrafic-a-mexic\\\/#primaryimage\"},\"image\":{\"@id\":\"https:\\\/\\\/raed.academy\\\/ca\\\/de-la-guerra-a-ucraina-a-les-massacres-del-narcotrafic-a-mexic\\\/#primaryimage\"},\"thumbnailUrl\":\"https:\\\/\\\/raed.academy\\\/wp-content\\\/uploads\\\/2022\\\/03\\\/narcotrafico-en-Mexico-dst.webp\",\"datePublished\":\"2022-03-17T10:52:14+00:00\",\"dateModified\":\"2022-03-18T10:46:16+00:00\",\"description\":\"Les xifres de v\u00edctimes de la guerra d'Ucra\u00efna i les produ\u00efdes pel narcotr\u00e0fic a M\u00e8xic, un balan\u00e7 sorprenentment coincident\",\"breadcrumb\":{\"@id\":\"https:\\\/\\\/raed.academy\\\/ca\\\/de-la-guerra-a-ucraina-a-les-massacres-del-narcotrafic-a-mexic\\\/#breadcrumb\"},\"inLanguage\":\"ca-ES\",\"potentialAction\":[{\"@type\":\"ReadAction\",\"target\":[\"https:\\\/\\\/raed.academy\\\/ca\\\/de-la-guerra-a-ucraina-a-les-massacres-del-narcotrafic-a-mexic\\\/\"]}]},{\"@type\":\"ImageObject\",\"inLanguage\":\"ca-ES\",\"@id\":\"https:\\\/\\\/raed.academy\\\/ca\\\/de-la-guerra-a-ucraina-a-les-massacres-del-narcotrafic-a-mexic\\\/#primaryimage\",\"url\":\"https:\\\/\\\/raed.academy\\\/wp-content\\\/uploads\\\/2022\\\/03\\\/narcotrafico-en-Mexico-dst.webp\",\"contentUrl\":\"https:\\\/\\\/raed.academy\\\/wp-content\\\/uploads\\\/2022\\\/03\\\/narcotrafico-en-Mexico-dst.webp\",\"width\":500,\"height\":300},{\"@type\":\"BreadcrumbList\",\"@id\":\"https:\\\/\\\/raed.academy\\\/ca\\\/de-la-guerra-a-ucraina-a-les-massacres-del-narcotrafic-a-mexic\\\/#breadcrumb\",\"itemListElement\":[{\"@type\":\"ListItem\",\"position\":1,\"name\":\"Inicio\",\"item\":\"https:\\\/\\\/raed.academy\\\/ca\\\/\"},{\"@type\":\"ListItem\",\"position\":2,\"name\":\"De la guerra a Ucra\u00efna a les massacres del narcotr\u00e0fic a M\u00e8xic\"}]},{\"@type\":\"WebSite\",\"@id\":\"https:\\\/\\\/raed.academy\\\/ca\\\/#website\",\"url\":\"https:\\\/\\\/raed.academy\\\/ca\\\/\",\"name\":\"Reial Acad\u00e8mia Europea de Doctors\",\"description\":\"Corporaci\u00f3n de derecho p\u00fablico de car\u00e1cter cient\u00edfico, t\u00e9cnico y art\u00edstico, que tiene por objeto la investigaci\u00f3n, el estudio, el fomento y la extensi\u00f3n del conocimiento en su sentido m\u00e1s amplio\",\"publisher\":{\"@id\":\"https:\\\/\\\/raed.academy\\\/ca\\\/#organization\"},\"potentialAction\":[{\"@type\":\"SearchAction\",\"target\":{\"@type\":\"EntryPoint\",\"urlTemplate\":\"https:\\\/\\\/raed.academy\\\/ca\\\/?s={search_term_string}\"},\"query-input\":{\"@type\":\"PropertyValueSpecification\",\"valueRequired\":true,\"valueName\":\"search_term_string\"}}],\"inLanguage\":\"ca-ES\"},{\"@type\":\"Organization\",\"@id\":\"https:\\\/\\\/raed.academy\\\/ca\\\/#organization\",\"name\":\"Real Academia Europea de Doctores\",\"url\":\"https:\\\/\\\/raed.academy\\\/ca\\\/\",\"logo\":{\"@type\":\"ImageObject\",\"inLanguage\":\"ca-ES\",\"@id\":\"https:\\\/\\\/raed.academy\\\/ca\\\/#\\\/schema\\\/logo\\\/image\\\/\",\"url\":\"https:\\\/\\\/raed.academy\\\/wp-content\\\/uploads\\\/2017\\\/01\\\/cropped-logo_raed.png\",\"contentUrl\":\"https:\\\/\\\/raed.academy\\\/wp-content\\\/uploads\\\/2017\\\/01\\\/cropped-logo_raed.png\",\"width\":512,\"height\":512,\"caption\":\"Real Academia Europea de Doctores\"},\"image\":{\"@id\":\"https:\\\/\\\/raed.academy\\\/ca\\\/#\\\/schema\\\/logo\\\/image\\\/\"},\"sameAs\":[\"http:\\\/\\\/fb.me\\\/raed.academy\",\"https:\\\/\\\/x.com\\\/raedacademy\",\"https:\\\/\\\/www.instagram.com\\\/raed.academy\\\/\",\"https:\\\/\\\/www.youtube.com\\\/channel\\\/UCUYQwW2KrdirNWihxMDObwg\"]},{\"@type\":\"Person\",\"@id\":\"https:\\\/\\\/raed.academy\\\/ca\\\/#\\\/schema\\\/person\\\/5a755da80d1d979fd66ba745c8702927\",\"name\":\"RAED\",\"image\":{\"@type\":\"ImageObject\",\"inLanguage\":\"ca-ES\",\"@id\":\"https:\\\/\\\/secure.gravatar.com\\\/avatar\\\/19fdfdc0d67fb9c45714b703a2ac82251c4fcea3637f002ac3c9b74c0183583c?s=96&d=mm&r=g\",\"url\":\"https:\\\/\\\/secure.gravatar.com\\\/avatar\\\/19fdfdc0d67fb9c45714b703a2ac82251c4fcea3637f002ac3c9b74c0183583c?s=96&d=mm&r=g\",\"contentUrl\":\"https:\\\/\\\/secure.gravatar.com\\\/avatar\\\/19fdfdc0d67fb9c45714b703a2ac82251c4fcea3637f002ac3c9b74c0183583c?s=96&d=mm&r=g\",\"caption\":\"RAED\"}}]}<\/script>\n<!-- \/ Yoast SEO plugin. -->","yoast_head_json":{"title":"De la guerra a Ucra\u00efna a les massacres del narcotr\u00e0fic a M\u00e8xic - Reial Acad\u00e8mia Europea de Doctors","description":"Les xifres de v\u00edctimes de la guerra d'Ucra\u00efna i les produ\u00efdes pel narcotr\u00e0fic a M\u00e8xic, un balan\u00e7 sorprenentment coincident","robots":{"index":"index","follow":"follow","max-snippet":"max-snippet:-1","max-image-preview":"max-image-preview:large","max-video-preview":"max-video-preview:-1"},"canonical":"https:\/\/raed.academy\/ca\/de-la-guerra-a-ucraina-a-les-massacres-del-narcotrafic-a-mexic\/","og_locale":"ca_ES","og_type":"article","og_title":"De la guerra a Ucra\u00efna a les massacres del narcotr\u00e0fic a M\u00e8xic - Reial Acad\u00e8mia Europea de Doctors","og_description":"Les xifres de v\u00edctimes de la guerra d'Ucra\u00efna i les produ\u00efdes pel narcotr\u00e0fic a M\u00e8xic, un balan\u00e7 sorprenentment coincident","og_url":"https:\/\/raed.academy\/ca\/de-la-guerra-a-ucraina-a-les-massacres-del-narcotrafic-a-mexic\/","og_site_name":"Reial Acad\u00e8mia Europea de Doctors","article_publisher":"http:\/\/fb.me\/raed.academy","article_published_time":"2022-03-17T10:52:14+00:00","article_modified_time":"2022-03-18T10:46:16+00:00","og_image":[{"width":500,"height":300,"url":"https:\/\/raed.academy\/wp-content\/uploads\/2022\/03\/narcotrafico-en-Mexico-dst.webp","type":"image\/webp"}],"author":"RAED","twitter_card":"summary_large_image","twitter_creator":"@raedacademy","twitter_site":"@raedacademy","twitter_misc":{"Written by":"RAED","Est. reading time":"3 minutes"},"schema":{"@context":"https:\/\/schema.org","@graph":[{"@type":"Article","@id":"https:\/\/raed.academy\/ca\/de-la-guerra-a-ucraina-a-les-massacres-del-narcotrafic-a-mexic\/#article","isPartOf":{"@id":"https:\/\/raed.academy\/ca\/de-la-guerra-a-ucraina-a-les-massacres-del-narcotrafic-a-mexic\/"},"author":{"name":"RAED","@id":"https:\/\/raed.academy\/ca\/#\/schema\/person\/5a755da80d1d979fd66ba745c8702927"},"headline":"De la guerra a Ucra\u00efna a les massacres del narcotr\u00e0fic a M\u00e8xic","datePublished":"2022-03-17T10:52:14+00:00","dateModified":"2022-03-18T10:46:16+00:00","mainEntityOfPage":{"@id":"https:\/\/raed.academy\/ca\/de-la-guerra-a-ucraina-a-les-massacres-del-narcotrafic-a-mexic\/"},"wordCount":543,"publisher":{"@id":"https:\/\/raed.academy\/ca\/#organization"},"image":{"@id":"https:\/\/raed.academy\/ca\/de-la-guerra-a-ucraina-a-les-massacres-del-narcotrafic-a-mexic\/#primaryimage"},"thumbnailUrl":"https:\/\/raed.academy\/wp-content\/uploads\/2022\/03\/narcotrafico-en-Mexico-dst.webp","articleSection":["Economia i pol\u00edtica"],"inLanguage":"ca-ES"},{"@type":"WebPage","@id":"https:\/\/raed.academy\/ca\/de-la-guerra-a-ucraina-a-les-massacres-del-narcotrafic-a-mexic\/","url":"https:\/\/raed.academy\/ca\/de-la-guerra-a-ucraina-a-les-massacres-del-narcotrafic-a-mexic\/","name":"De la guerra a Ucra\u00efna a les massacres del narcotr\u00e0fic a M\u00e8xic - Reial Acad\u00e8mia Europea de Doctors","isPartOf":{"@id":"https:\/\/raed.academy\/ca\/#website"},"primaryImageOfPage":{"@id":"https:\/\/raed.academy\/ca\/de-la-guerra-a-ucraina-a-les-massacres-del-narcotrafic-a-mexic\/#primaryimage"},"image":{"@id":"https:\/\/raed.academy\/ca\/de-la-guerra-a-ucraina-a-les-massacres-del-narcotrafic-a-mexic\/#primaryimage"},"thumbnailUrl":"https:\/\/raed.academy\/wp-content\/uploads\/2022\/03\/narcotrafico-en-Mexico-dst.webp","datePublished":"2022-03-17T10:52:14+00:00","dateModified":"2022-03-18T10:46:16+00:00","description":"Les xifres de v\u00edctimes de la guerra d'Ucra\u00efna i les produ\u00efdes pel narcotr\u00e0fic a M\u00e8xic, un balan\u00e7 sorprenentment coincident","breadcrumb":{"@id":"https:\/\/raed.academy\/ca\/de-la-guerra-a-ucraina-a-les-massacres-del-narcotrafic-a-mexic\/#breadcrumb"},"inLanguage":"ca-ES","potentialAction":[{"@type":"ReadAction","target":["https:\/\/raed.academy\/ca\/de-la-guerra-a-ucraina-a-les-massacres-del-narcotrafic-a-mexic\/"]}]},{"@type":"ImageObject","inLanguage":"ca-ES","@id":"https:\/\/raed.academy\/ca\/de-la-guerra-a-ucraina-a-les-massacres-del-narcotrafic-a-mexic\/#primaryimage","url":"https:\/\/raed.academy\/wp-content\/uploads\/2022\/03\/narcotrafico-en-Mexico-dst.webp","contentUrl":"https:\/\/raed.academy\/wp-content\/uploads\/2022\/03\/narcotrafico-en-Mexico-dst.webp","width":500,"height":300},{"@type":"BreadcrumbList","@id":"https:\/\/raed.academy\/ca\/de-la-guerra-a-ucraina-a-les-massacres-del-narcotrafic-a-mexic\/#breadcrumb","itemListElement":[{"@type":"ListItem","position":1,"name":"Inicio","item":"https:\/\/raed.academy\/ca\/"},{"@type":"ListItem","position":2,"name":"De la guerra a Ucra\u00efna a les massacres del narcotr\u00e0fic a M\u00e8xic"}]},{"@type":"WebSite","@id":"https:\/\/raed.academy\/ca\/#website","url":"https:\/\/raed.academy\/ca\/","name":"Reial Acad\u00e8mia Europea de Doctors","description":"Corporaci\u00f3n de derecho p\u00fablico de car\u00e1cter cient\u00edfico, t\u00e9cnico y art\u00edstico, que tiene por objeto la investigaci\u00f3n, el estudio, el fomento y la extensi\u00f3n del conocimiento en su sentido m\u00e1s amplio","publisher":{"@id":"https:\/\/raed.academy\/ca\/#organization"},"potentialAction":[{"@type":"SearchAction","target":{"@type":"EntryPoint","urlTemplate":"https:\/\/raed.academy\/ca\/?s={search_term_string}"},"query-input":{"@type":"PropertyValueSpecification","valueRequired":true,"valueName":"search_term_string"}}],"inLanguage":"ca-ES"},{"@type":"Organization","@id":"https:\/\/raed.academy\/ca\/#organization","name":"Real Academia Europea de Doctores","url":"https:\/\/raed.academy\/ca\/","logo":{"@type":"ImageObject","inLanguage":"ca-ES","@id":"https:\/\/raed.academy\/ca\/#\/schema\/logo\/image\/","url":"https:\/\/raed.academy\/wp-content\/uploads\/2017\/01\/cropped-logo_raed.png","contentUrl":"https:\/\/raed.academy\/wp-content\/uploads\/2017\/01\/cropped-logo_raed.png","width":512,"height":512,"caption":"Real Academia Europea de Doctores"},"image":{"@id":"https:\/\/raed.academy\/ca\/#\/schema\/logo\/image\/"},"sameAs":["http:\/\/fb.me\/raed.academy","https:\/\/x.com\/raedacademy","https:\/\/www.instagram.com\/raed.academy\/","https:\/\/www.youtube.com\/channel\/UCUYQwW2KrdirNWihxMDObwg"]},{"@type":"Person","@id":"https:\/\/raed.academy\/ca\/#\/schema\/person\/5a755da80d1d979fd66ba745c8702927","name":"RAED","image":{"@type":"ImageObject","inLanguage":"ca-ES","@id":"https:\/\/secure.gravatar.com\/avatar\/19fdfdc0d67fb9c45714b703a2ac82251c4fcea3637f002ac3c9b74c0183583c?s=96&d=mm&r=g","url":"https:\/\/secure.gravatar.com\/avatar\/19fdfdc0d67fb9c45714b703a2ac82251c4fcea3637f002ac3c9b74c0183583c?s=96&d=mm&r=g","contentUrl":"https:\/\/secure.gravatar.com\/avatar\/19fdfdc0d67fb9c45714b703a2ac82251c4fcea3637f002ac3c9b74c0183583c?s=96&d=mm&r=g","caption":"RAED"}}]}},"_links":{"self":[{"href":"https:\/\/raed.academy\/ca\/wp-json\/wp\/v2\/posts\/114651","targetHints":{"allow":["GET"]}}],"collection":[{"href":"https:\/\/raed.academy\/ca\/wp-json\/wp\/v2\/posts"}],"about":[{"href":"https:\/\/raed.academy\/ca\/wp-json\/wp\/v2\/types\/post"}],"author":[{"embeddable":true,"href":"https:\/\/raed.academy\/ca\/wp-json\/wp\/v2\/users\/12"}],"replies":[{"embeddable":true,"href":"https:\/\/raed.academy\/ca\/wp-json\/wp\/v2\/comments?post=114651"}],"version-history":[{"count":0,"href":"https:\/\/raed.academy\/ca\/wp-json\/wp\/v2\/posts\/114651\/revisions"}],"wp:featuredmedia":[{"embeddable":true,"href":"https:\/\/raed.academy\/ca\/wp-json\/wp\/v2\/media\/114742"}],"wp:attachment":[{"href":"https:\/\/raed.academy\/ca\/wp-json\/wp\/v2\/media?parent=114651"}],"wp:term":[{"taxonomy":"category","embeddable":true,"href":"https:\/\/raed.academy\/ca\/wp-json\/wp\/v2\/categories?post=114651"},{"taxonomy":"post_tag","embeddable":true,"href":"https:\/\/raed.academy\/ca\/wp-json\/wp\/v2\/tags?post=114651"}],"curies":[{"name":"wp","href":"https:\/\/api.w.org\/{rel}","templated":true}]}}