{"id":114301,"date":"2022-03-10T07:06:33","date_gmt":"2022-03-10T07:06:33","guid":{"rendered":"https:\/\/raed.academy\/?p=114301"},"modified":"2022-03-11T08:54:50","modified_gmt":"2022-03-11T08:54:50","slug":"palanques-de-progres-per-fer-de-les-petites-accions-grans-transformacions","status":"publish","type":"post","link":"https:\/\/raed.academy\/ca\/palanques-de-progres-per-fer-de-les-petites-accions-grans-transformacions\/","title":{"rendered":"Palanques de progr\u00e9s per fer de les petites accions grans transformacions"},"content":{"rendered":"<p><a href=\"https:\/\/raed.academy\/ca\/academics\/dra-rosalia-arteaga-serrano\/\" target=\"_blank\" rel=\"noopener\"><strong><em>Rosal\u00eda Arteaga<\/em><\/strong><\/a><br \/>\n<em>Expresidenta i exministra d&#8217;Educaci\u00f3 de l&#8217;Equador, presidenta de la Fundaci\u00f3 per al Desenvolupament d&#8217;Am\u00e8rica Llatina i de la Fundaci\u00f3 Cofuturo i acad\u00e8mica d&#8217;honor i membre del Senat de la Reial Acad\u00e8mia Europea de Doctors-Barcelona 1914 (RAED).<\/em><\/p>\n<p><img loading=\"lazy\" decoding=\"async\" class=\"alignright wp-image-114339\" src=\"https:\/\/raed.academy\/wp-content\/uploads\/2022\/03\/proyecto-palancas-de-Ecuador.webp\" sizes=\"(max-width: 500px) 100vw, 500px\" srcset=\"https:\/\/raed.academy\/wp-content\/uploads\/2022\/03\/proyecto-palancas-de-Ecuador.webp 600w, https:\/\/raed.academy\/wp-content\/uploads\/2022\/03\/proyecto-palancas-de-Ecuador-440x264.webp 440w\" alt=\"\" width=\"500\" height=\"300\" \/><a href=\"https:\/\/raed.academy\/ca\/academics\/dra-rosalia-arteaga-serrano\/\" target=\"_blank\" rel=\"noopener\"><strong><em>Rosal\u00eda Arteaga<\/em><\/strong><\/a>, expresidenta i exministra d&#8217;Educaci\u00f3 de l&#8217;Equador, presidenta de la <strong>Fundaci\u00f3 per al Desenvolupament d&#8217;Am\u00e8rica Llatina<\/strong> i de la <strong>Fundaci\u00f3 Cofuturo<\/strong>, reconeguda activista per l&#8217;educaci\u00f3 i la inf\u00e0ncia i acad\u00e8mica d&#8217;honor i membre del <strong>Senat<\/strong> de la <strong>Reial Acad\u00e8mia Europea de Doctors -Barcelona 1914<\/strong> (RAED), va presentar el passat 22 de febrer el document recopilatori del programa <strong>Palanques a l&#8217;Equador<\/strong>, que inclou totes les propostes elaborades des que va comen\u00e7ar el projecte fa dos anys, abans de la declaraci\u00f3 de la pand\u00e8mia, tot i que se n&#8217;ha anat adaptant a les noves necessitats. L&#8217;acte va estar organitzat per la <a href=\"https:\/\/estudiar.unir.net\/es\/es-gen-uni-gene-universidad-online\/\" target=\"_blank\" rel=\"noopener\"><strong>Universitat Internacional de La Rioja (UNIR)<\/strong><\/a> i la <a href=\"https:\/\/www.fundacioncofuturo.org\/\" target=\"_blank\" rel=\"noopener\"><strong>Fundaci\u00f3 Cofuturo<\/strong><\/a>, responsables del seu desenvolupament i implementaci\u00f3, i va comptar tamb\u00e9 amb la pres\u00e8ncia de <strong>Roc\u00edo Mart\u00ednez-Sempre<\/strong>, directora de la <strong>Fundaci\u00f3 Felipe Gonz\u00e1lez<\/strong>, l&#8217;entitat que va iniciar a desenvolupar el programa a Espanya.<\/p>\n<p>Palanques a l&#8217;Equador es fonamenta en la definici\u00f3 de petites accions socioculturals i ha comptat amb la participaci\u00f3 d&#8217;un centenar de persones de diferent formaci\u00f3, circumst\u00e0ncies vitals i traject\u00f2ria professional, dividides en nou grups de treball que han debatut, compartint idees i generant propostes sobre pol\u00edtiques p\u00fabliques, educaci\u00f3 inclusiva i multicultural, regulaci\u00f3 i normativa jur\u00eddica, economia i comer\u00e7, emprenedoria i innovaci\u00f3, sostenibilitat i infraestructura, medi ambient, turisme i cultura i funci\u00f3 p\u00fablica i g\u00e8nere. A m\u00e9s de les 17 palanques elaborades pels grups de treball de l&#8217;Equador, s&#8217;han adaptat set m\u00e9s existents a Palanques Espanya i Col\u00f2mbia, aplicables tamb\u00e9 al cas equatori\u00e0.<\/p>\n<p>&#8220;La vida sencera s&#8217;integra i es forma amb les petites coses que, sumades, constitueixen les grans mudances, les transformacions, les inflexions que fa possible canviar les realitats. Una jove organitzaci\u00f3 de la societat civil, nascuda sota la tutela i la influ\u00e8ncia de la Universitat Internacional de La Rioja, UNIR, i gr\u00e0cies a l&#8217;alian\u00e7a amb la Fundaci\u00f3 Felipe Gonz\u00e1lez, va decidir enfrontar un desafiament i replicar all\u00f2 que es fa a Espanya i que t\u00e9 a veure amb cristal\u00b7litzar, portar a la pr\u00e0ctica projectes que es desenvolupen gr\u00e0cies a la creativitat i a la necessitat de solucionar un problema aparent o inicialment petit, per\u00f2 que est\u00e0 destinat a impactar a la vida de les persones. Aix\u00ed neix el projecte Palanques, que atesa l&#8217;estructura i la composici\u00f3 de la molt diversa societat equatoriana, est\u00e0 cridat a perdurar, a buscar solucionar necessitats que canvien vides&#8221;, va assenyalar <strong>Arteaga<\/strong> a la presentaci\u00f3 del projecte.<\/p>\n<div id=\"attachment_79741\" style=\"width: 510px\" class=\"wp-caption alignleft\"><img loading=\"lazy\" decoding=\"async\" aria-describedby=\"caption-attachment-79741\" class=\"wp-image-79741 size-full\" src=\"https:\/\/raed.academy\/wp-content\/uploads\/2019\/09\/rosalia-arteaga.jpg\" alt=\"Dra. Rosal\u00eda Arteaga\" width=\"500\" height=\"333\" aria-describedby=\"caption-attachment-79741\" \/><p id=\"caption-attachment-79741\" class=\"wp-caption-text\">Dra. Rosal\u00eda Arteaga<\/p><\/div>\n<p><strong>Roc\u00edo Mart\u00ednez-Sampere<\/strong>, per la seva banda, va assenyalar que la Fundaci\u00f3 Felipe Gonz\u00e1lez va prendre el cas de l&#8217;Equador com a referent d&#8217;una iniciativa duta a terme en el seu origen a Espanya. &#8220;Vam voler comen\u00e7ar l&#8217;expansi\u00f3 iberoamericana d&#8217;aquest projecte de la revoluci\u00f3 de les petites coses perqu\u00e8 creiem que l&#8217;Equador est\u00e0 en un moment molt interessant i que la societat \u00e9s molt participativa. Vivim en un m\u00f3n global i la idea \u00e9s que les propostes que hem trobat a Espanya serveixin a l&#8217;Equador, i que les de l&#8217;Equador serveixin a Col\u00f2mbia&#8221;, va apuntar.<\/p>\n<p>Ara el programa Palanques a l&#8217;Equador se centrar\u00e0 a fer arribar el llibre amb les 24 propostes a les institucions de tot nivell, des del Govern nacional als governs regionals i municipals que tenen la capacitat de posar en marxa aquestes pol\u00edtiques i generar els canvis. &#8220;\u00c9s una contribuci\u00f3 de la societat civil perqu\u00e8 puguin passar aquestes coses i per involucrar molta gent que t\u00e9 m\u00e9s ganes de participar del que un pugui pensar llegint la premsa, per exemple&#8221;, va apuntar <strong>Mart\u00ednez-Sampere<\/strong>. El programa, que a m\u00e9s de l&#8217;Equador tamb\u00e9 \u00e9s present a Col\u00f2mbia despr\u00e9s d&#8217;haver fet el salt des d&#8217;Espanya, preveu continuar la seva expansi\u00f3 per Llatinoam\u00e8rica a trav\u00e9s del Per\u00fa i la Rep\u00fablica Dominicana.<\/p>\n<h3><a href=\"https:\/\/www.fundacionfelipegonzalez.org\/wp-content\/uploads\/2022\/02\/220215_pdf_proyectoPalancas_2-WEB_compressed_compressed_compressed.pdf\" target=\"_blank\" rel=\"noopener\">Llegiu el document<\/a><\/h3>\n","protected":false},"excerpt":{"rendered":"<p>Mari\u00e0ngela Vilallonga s&#8217;incorporar\u00e0 al Consell d&#8217;Administraci\u00f3 de Grup62, grup editorial de refer\u00e8ncia en llengua catalana, juntament amb la reconeguda escriptora Carme Riera<\/p>\n","protected":false},"author":12,"featured_media":114340,"comment_status":"closed","ping_status":"closed","sticky":false,"template":"","format":"standard","meta":{"_et_pb_use_builder":"","_et_pb_old_content":"","_et_gb_content_width":"","footnotes":""},"categories":[304,217],"tags":[],"class_list":["post-114301","post","type-post","status-publish","format-standard","has-post-thumbnail","hentry","category-economia-i-politica-ca","category-missions-humanitaries-ong-fundacions","et-has-post-format-content","et_post_format-et-post-format-standard"],"yoast_head":"<!-- This site is optimized with the Yoast SEO plugin v27.4 - https:\/\/yoast.com\/product\/yoast-seo-wordpress\/ -->\n<title>Palanques de progr\u00e9s per fer de les petites accions grans transformacions - Reial Acad\u00e8mia Europea de Doctors<\/title>\n<meta name=\"description\" content=\"Mari\u00e0ngela Vilallonga s&#039;incorporar\u00e0 al Consell d&#039;Administraci\u00f3 de Grup62, grup editorial de refer\u00e8ncia en llengua catalana, juntament amb la reconeguda escriptora Carme Riera\" \/>\n<meta name=\"robots\" content=\"index, follow, max-snippet:-1, max-image-preview:large, max-video-preview:-1\" \/>\n<link rel=\"canonical\" href=\"https:\/\/raed.academy\/ca\/palanques-de-progres-per-fer-de-les-petites-accions-grans-transformacions\/\" \/>\n<meta property=\"og:locale\" content=\"ca_ES\" \/>\n<meta property=\"og:type\" content=\"article\" \/>\n<meta property=\"og:title\" content=\"Palanques de progr\u00e9s per fer de les petites accions grans transformacions - Reial Acad\u00e8mia Europea de Doctors\" \/>\n<meta property=\"og:description\" content=\"Mari\u00e0ngela Vilallonga s&#039;incorporar\u00e0 al Consell d&#039;Administraci\u00f3 de Grup62, grup editorial de refer\u00e8ncia en llengua catalana, juntament amb la reconeguda escriptora Carme Riera\" \/>\n<meta property=\"og:url\" content=\"https:\/\/raed.academy\/ca\/palanques-de-progres-per-fer-de-les-petites-accions-grans-transformacions\/\" \/>\n<meta property=\"og:site_name\" content=\"Reial Acad\u00e8mia Europea de Doctors\" \/>\n<meta property=\"article:publisher\" content=\"http:\/\/fb.me\/raed.academy\" \/>\n<meta property=\"article:published_time\" content=\"2022-03-10T07:06:33+00:00\" \/>\n<meta property=\"article:modified_time\" content=\"2022-03-11T08:54:50+00:00\" \/>\n<meta property=\"og:image\" content=\"https:\/\/raed.academy\/wp-content\/uploads\/2022\/03\/proyecto-palancas-de-Ecuador.webp\" \/>\n\t<meta property=\"og:image:width\" content=\"600\" \/>\n\t<meta property=\"og:image:height\" content=\"360\" \/>\n\t<meta property=\"og:image:type\" content=\"image\/webp\" \/>\n<meta name=\"author\" content=\"RAED\" \/>\n<meta name=\"twitter:card\" content=\"summary_large_image\" \/>\n<meta name=\"twitter:creator\" content=\"@raedacademy\" \/>\n<meta name=\"twitter:site\" content=\"@raedacademy\" \/>\n<meta name=\"twitter:label1\" content=\"Written by\" \/>\n\t<meta name=\"twitter:data1\" content=\"RAED\" \/>\n\t<meta name=\"twitter:label2\" content=\"Est. reading time\" \/>\n\t<meta name=\"twitter:data2\" content=\"3 minutes\" \/>\n<script type=\"application\/ld+json\" class=\"yoast-schema-graph\">{\"@context\":\"https:\\\/\\\/schema.org\",\"@graph\":[{\"@type\":\"Article\",\"@id\":\"https:\\\/\\\/raed.academy\\\/ca\\\/palanques-de-progres-per-fer-de-les-petites-accions-grans-transformacions\\\/#article\",\"isPartOf\":{\"@id\":\"https:\\\/\\\/raed.academy\\\/ca\\\/palanques-de-progres-per-fer-de-les-petites-accions-grans-transformacions\\\/\"},\"author\":{\"name\":\"RAED\",\"@id\":\"https:\\\/\\\/raed.academy\\\/ca\\\/#\\\/schema\\\/person\\\/5a755da80d1d979fd66ba745c8702927\"},\"headline\":\"Palanques de progr\u00e9s per fer de les petites accions grans transformacions\",\"datePublished\":\"2022-03-10T07:06:33+00:00\",\"dateModified\":\"2022-03-11T08:54:50+00:00\",\"mainEntityOfPage\":{\"@id\":\"https:\\\/\\\/raed.academy\\\/ca\\\/palanques-de-progres-per-fer-de-les-petites-accions-grans-transformacions\\\/\"},\"wordCount\":741,\"publisher\":{\"@id\":\"https:\\\/\\\/raed.academy\\\/ca\\\/#organization\"},\"image\":{\"@id\":\"https:\\\/\\\/raed.academy\\\/ca\\\/palanques-de-progres-per-fer-de-les-petites-accions-grans-transformacions\\\/#primaryimage\"},\"thumbnailUrl\":\"https:\\\/\\\/raed.academy\\\/wp-content\\\/uploads\\\/2022\\\/03\\\/proyecto-palancas-de-Ecuador.webp\",\"articleSection\":[\"Economia i pol\u00edtica\",\"Missions humanit\u00e0ries, ONGs y fundacions\"],\"inLanguage\":\"ca-ES\"},{\"@type\":\"WebPage\",\"@id\":\"https:\\\/\\\/raed.academy\\\/ca\\\/palanques-de-progres-per-fer-de-les-petites-accions-grans-transformacions\\\/\",\"url\":\"https:\\\/\\\/raed.academy\\\/ca\\\/palanques-de-progres-per-fer-de-les-petites-accions-grans-transformacions\\\/\",\"name\":\"Palanques de progr\u00e9s per fer de les petites accions grans transformacions - Reial Acad\u00e8mia Europea de Doctors\",\"isPartOf\":{\"@id\":\"https:\\\/\\\/raed.academy\\\/ca\\\/#website\"},\"primaryImageOfPage\":{\"@id\":\"https:\\\/\\\/raed.academy\\\/ca\\\/palanques-de-progres-per-fer-de-les-petites-accions-grans-transformacions\\\/#primaryimage\"},\"image\":{\"@id\":\"https:\\\/\\\/raed.academy\\\/ca\\\/palanques-de-progres-per-fer-de-les-petites-accions-grans-transformacions\\\/#primaryimage\"},\"thumbnailUrl\":\"https:\\\/\\\/raed.academy\\\/wp-content\\\/uploads\\\/2022\\\/03\\\/proyecto-palancas-de-Ecuador.webp\",\"datePublished\":\"2022-03-10T07:06:33+00:00\",\"dateModified\":\"2022-03-11T08:54:50+00:00\",\"description\":\"Mari\u00e0ngela Vilallonga s'incorporar\u00e0 al Consell d'Administraci\u00f3 de Grup62, grup editorial de refer\u00e8ncia en llengua catalana, juntament amb la reconeguda escriptora Carme Riera\",\"breadcrumb\":{\"@id\":\"https:\\\/\\\/raed.academy\\\/ca\\\/palanques-de-progres-per-fer-de-les-petites-accions-grans-transformacions\\\/#breadcrumb\"},\"inLanguage\":\"ca-ES\",\"potentialAction\":[{\"@type\":\"ReadAction\",\"target\":[\"https:\\\/\\\/raed.academy\\\/ca\\\/palanques-de-progres-per-fer-de-les-petites-accions-grans-transformacions\\\/\"]}]},{\"@type\":\"ImageObject\",\"inLanguage\":\"ca-ES\",\"@id\":\"https:\\\/\\\/raed.academy\\\/ca\\\/palanques-de-progres-per-fer-de-les-petites-accions-grans-transformacions\\\/#primaryimage\",\"url\":\"https:\\\/\\\/raed.academy\\\/wp-content\\\/uploads\\\/2022\\\/03\\\/proyecto-palancas-de-Ecuador.webp\",\"contentUrl\":\"https:\\\/\\\/raed.academy\\\/wp-content\\\/uploads\\\/2022\\\/03\\\/proyecto-palancas-de-Ecuador.webp\",\"width\":600,\"height\":360},{\"@type\":\"BreadcrumbList\",\"@id\":\"https:\\\/\\\/raed.academy\\\/ca\\\/palanques-de-progres-per-fer-de-les-petites-accions-grans-transformacions\\\/#breadcrumb\",\"itemListElement\":[{\"@type\":\"ListItem\",\"position\":1,\"name\":\"Inicio\",\"item\":\"https:\\\/\\\/raed.academy\\\/ca\\\/\"},{\"@type\":\"ListItem\",\"position\":2,\"name\":\"Palanques de progr\u00e9s per fer de les petites accions grans transformacions\"}]},{\"@type\":\"WebSite\",\"@id\":\"https:\\\/\\\/raed.academy\\\/ca\\\/#website\",\"url\":\"https:\\\/\\\/raed.academy\\\/ca\\\/\",\"name\":\"Reial Acad\u00e8mia Europea de Doctors\",\"description\":\"Corporaci\u00f3n de derecho p\u00fablico de car\u00e1cter cient\u00edfico, t\u00e9cnico y art\u00edstico, que tiene por objeto la investigaci\u00f3n, el estudio, el fomento y la extensi\u00f3n del conocimiento en su sentido m\u00e1s amplio\",\"publisher\":{\"@id\":\"https:\\\/\\\/raed.academy\\\/ca\\\/#organization\"},\"potentialAction\":[{\"@type\":\"SearchAction\",\"target\":{\"@type\":\"EntryPoint\",\"urlTemplate\":\"https:\\\/\\\/raed.academy\\\/ca\\\/?s={search_term_string}\"},\"query-input\":{\"@type\":\"PropertyValueSpecification\",\"valueRequired\":true,\"valueName\":\"search_term_string\"}}],\"inLanguage\":\"ca-ES\"},{\"@type\":\"Organization\",\"@id\":\"https:\\\/\\\/raed.academy\\\/ca\\\/#organization\",\"name\":\"Real Academia Europea de Doctores\",\"url\":\"https:\\\/\\\/raed.academy\\\/ca\\\/\",\"logo\":{\"@type\":\"ImageObject\",\"inLanguage\":\"ca-ES\",\"@id\":\"https:\\\/\\\/raed.academy\\\/ca\\\/#\\\/schema\\\/logo\\\/image\\\/\",\"url\":\"https:\\\/\\\/raed.academy\\\/wp-content\\\/uploads\\\/2017\\\/01\\\/cropped-logo_raed.png\",\"contentUrl\":\"https:\\\/\\\/raed.academy\\\/wp-content\\\/uploads\\\/2017\\\/01\\\/cropped-logo_raed.png\",\"width\":512,\"height\":512,\"caption\":\"Real Academia Europea de Doctores\"},\"image\":{\"@id\":\"https:\\\/\\\/raed.academy\\\/ca\\\/#\\\/schema\\\/logo\\\/image\\\/\"},\"sameAs\":[\"http:\\\/\\\/fb.me\\\/raed.academy\",\"https:\\\/\\\/x.com\\\/raedacademy\",\"https:\\\/\\\/www.instagram.com\\\/raed.academy\\\/\",\"https:\\\/\\\/www.youtube.com\\\/channel\\\/UCUYQwW2KrdirNWihxMDObwg\"]},{\"@type\":\"Person\",\"@id\":\"https:\\\/\\\/raed.academy\\\/ca\\\/#\\\/schema\\\/person\\\/5a755da80d1d979fd66ba745c8702927\",\"name\":\"RAED\",\"image\":{\"@type\":\"ImageObject\",\"inLanguage\":\"ca-ES\",\"@id\":\"https:\\\/\\\/secure.gravatar.com\\\/avatar\\\/19fdfdc0d67fb9c45714b703a2ac82251c4fcea3637f002ac3c9b74c0183583c?s=96&d=mm&r=g\",\"url\":\"https:\\\/\\\/secure.gravatar.com\\\/avatar\\\/19fdfdc0d67fb9c45714b703a2ac82251c4fcea3637f002ac3c9b74c0183583c?s=96&d=mm&r=g\",\"contentUrl\":\"https:\\\/\\\/secure.gravatar.com\\\/avatar\\\/19fdfdc0d67fb9c45714b703a2ac82251c4fcea3637f002ac3c9b74c0183583c?s=96&d=mm&r=g\",\"caption\":\"RAED\"}}]}<\/script>\n<!-- \/ Yoast SEO plugin. -->","yoast_head_json":{"title":"Palanques de progr\u00e9s per fer de les petites accions grans transformacions - Reial Acad\u00e8mia Europea de Doctors","description":"Mari\u00e0ngela Vilallonga s'incorporar\u00e0 al Consell d'Administraci\u00f3 de Grup62, grup editorial de refer\u00e8ncia en llengua catalana, juntament amb la reconeguda escriptora Carme Riera","robots":{"index":"index","follow":"follow","max-snippet":"max-snippet:-1","max-image-preview":"max-image-preview:large","max-video-preview":"max-video-preview:-1"},"canonical":"https:\/\/raed.academy\/ca\/palanques-de-progres-per-fer-de-les-petites-accions-grans-transformacions\/","og_locale":"ca_ES","og_type":"article","og_title":"Palanques de progr\u00e9s per fer de les petites accions grans transformacions - Reial Acad\u00e8mia Europea de Doctors","og_description":"Mari\u00e0ngela Vilallonga s'incorporar\u00e0 al Consell d'Administraci\u00f3 de Grup62, grup editorial de refer\u00e8ncia en llengua catalana, juntament amb la reconeguda escriptora Carme Riera","og_url":"https:\/\/raed.academy\/ca\/palanques-de-progres-per-fer-de-les-petites-accions-grans-transformacions\/","og_site_name":"Reial Acad\u00e8mia Europea de Doctors","article_publisher":"http:\/\/fb.me\/raed.academy","article_published_time":"2022-03-10T07:06:33+00:00","article_modified_time":"2022-03-11T08:54:50+00:00","og_image":[{"width":600,"height":360,"url":"https:\/\/raed.academy\/wp-content\/uploads\/2022\/03\/proyecto-palancas-de-Ecuador.webp","type":"image\/webp"}],"author":"RAED","twitter_card":"summary_large_image","twitter_creator":"@raedacademy","twitter_site":"@raedacademy","twitter_misc":{"Written by":"RAED","Est. reading time":"3 minutes"},"schema":{"@context":"https:\/\/schema.org","@graph":[{"@type":"Article","@id":"https:\/\/raed.academy\/ca\/palanques-de-progres-per-fer-de-les-petites-accions-grans-transformacions\/#article","isPartOf":{"@id":"https:\/\/raed.academy\/ca\/palanques-de-progres-per-fer-de-les-petites-accions-grans-transformacions\/"},"author":{"name":"RAED","@id":"https:\/\/raed.academy\/ca\/#\/schema\/person\/5a755da80d1d979fd66ba745c8702927"},"headline":"Palanques de progr\u00e9s per fer de les petites accions grans transformacions","datePublished":"2022-03-10T07:06:33+00:00","dateModified":"2022-03-11T08:54:50+00:00","mainEntityOfPage":{"@id":"https:\/\/raed.academy\/ca\/palanques-de-progres-per-fer-de-les-petites-accions-grans-transformacions\/"},"wordCount":741,"publisher":{"@id":"https:\/\/raed.academy\/ca\/#organization"},"image":{"@id":"https:\/\/raed.academy\/ca\/palanques-de-progres-per-fer-de-les-petites-accions-grans-transformacions\/#primaryimage"},"thumbnailUrl":"https:\/\/raed.academy\/wp-content\/uploads\/2022\/03\/proyecto-palancas-de-Ecuador.webp","articleSection":["Economia i pol\u00edtica","Missions humanit\u00e0ries, ONGs y fundacions"],"inLanguage":"ca-ES"},{"@type":"WebPage","@id":"https:\/\/raed.academy\/ca\/palanques-de-progres-per-fer-de-les-petites-accions-grans-transformacions\/","url":"https:\/\/raed.academy\/ca\/palanques-de-progres-per-fer-de-les-petites-accions-grans-transformacions\/","name":"Palanques de progr\u00e9s per fer de les petites accions grans transformacions - Reial Acad\u00e8mia Europea de Doctors","isPartOf":{"@id":"https:\/\/raed.academy\/ca\/#website"},"primaryImageOfPage":{"@id":"https:\/\/raed.academy\/ca\/palanques-de-progres-per-fer-de-les-petites-accions-grans-transformacions\/#primaryimage"},"image":{"@id":"https:\/\/raed.academy\/ca\/palanques-de-progres-per-fer-de-les-petites-accions-grans-transformacions\/#primaryimage"},"thumbnailUrl":"https:\/\/raed.academy\/wp-content\/uploads\/2022\/03\/proyecto-palancas-de-Ecuador.webp","datePublished":"2022-03-10T07:06:33+00:00","dateModified":"2022-03-11T08:54:50+00:00","description":"Mari\u00e0ngela Vilallonga s'incorporar\u00e0 al Consell d'Administraci\u00f3 de Grup62, grup editorial de refer\u00e8ncia en llengua catalana, juntament amb la reconeguda escriptora Carme Riera","breadcrumb":{"@id":"https:\/\/raed.academy\/ca\/palanques-de-progres-per-fer-de-les-petites-accions-grans-transformacions\/#breadcrumb"},"inLanguage":"ca-ES","potentialAction":[{"@type":"ReadAction","target":["https:\/\/raed.academy\/ca\/palanques-de-progres-per-fer-de-les-petites-accions-grans-transformacions\/"]}]},{"@type":"ImageObject","inLanguage":"ca-ES","@id":"https:\/\/raed.academy\/ca\/palanques-de-progres-per-fer-de-les-petites-accions-grans-transformacions\/#primaryimage","url":"https:\/\/raed.academy\/wp-content\/uploads\/2022\/03\/proyecto-palancas-de-Ecuador.webp","contentUrl":"https:\/\/raed.academy\/wp-content\/uploads\/2022\/03\/proyecto-palancas-de-Ecuador.webp","width":600,"height":360},{"@type":"BreadcrumbList","@id":"https:\/\/raed.academy\/ca\/palanques-de-progres-per-fer-de-les-petites-accions-grans-transformacions\/#breadcrumb","itemListElement":[{"@type":"ListItem","position":1,"name":"Inicio","item":"https:\/\/raed.academy\/ca\/"},{"@type":"ListItem","position":2,"name":"Palanques de progr\u00e9s per fer de les petites accions grans transformacions"}]},{"@type":"WebSite","@id":"https:\/\/raed.academy\/ca\/#website","url":"https:\/\/raed.academy\/ca\/","name":"Reial Acad\u00e8mia Europea de Doctors","description":"Corporaci\u00f3n de derecho p\u00fablico de car\u00e1cter cient\u00edfico, t\u00e9cnico y art\u00edstico, que tiene por objeto la investigaci\u00f3n, el estudio, el fomento y la extensi\u00f3n del conocimiento en su sentido m\u00e1s amplio","publisher":{"@id":"https:\/\/raed.academy\/ca\/#organization"},"potentialAction":[{"@type":"SearchAction","target":{"@type":"EntryPoint","urlTemplate":"https:\/\/raed.academy\/ca\/?s={search_term_string}"},"query-input":{"@type":"PropertyValueSpecification","valueRequired":true,"valueName":"search_term_string"}}],"inLanguage":"ca-ES"},{"@type":"Organization","@id":"https:\/\/raed.academy\/ca\/#organization","name":"Real Academia Europea de Doctores","url":"https:\/\/raed.academy\/ca\/","logo":{"@type":"ImageObject","inLanguage":"ca-ES","@id":"https:\/\/raed.academy\/ca\/#\/schema\/logo\/image\/","url":"https:\/\/raed.academy\/wp-content\/uploads\/2017\/01\/cropped-logo_raed.png","contentUrl":"https:\/\/raed.academy\/wp-content\/uploads\/2017\/01\/cropped-logo_raed.png","width":512,"height":512,"caption":"Real Academia Europea de Doctores"},"image":{"@id":"https:\/\/raed.academy\/ca\/#\/schema\/logo\/image\/"},"sameAs":["http:\/\/fb.me\/raed.academy","https:\/\/x.com\/raedacademy","https:\/\/www.instagram.com\/raed.academy\/","https:\/\/www.youtube.com\/channel\/UCUYQwW2KrdirNWihxMDObwg"]},{"@type":"Person","@id":"https:\/\/raed.academy\/ca\/#\/schema\/person\/5a755da80d1d979fd66ba745c8702927","name":"RAED","image":{"@type":"ImageObject","inLanguage":"ca-ES","@id":"https:\/\/secure.gravatar.com\/avatar\/19fdfdc0d67fb9c45714b703a2ac82251c4fcea3637f002ac3c9b74c0183583c?s=96&d=mm&r=g","url":"https:\/\/secure.gravatar.com\/avatar\/19fdfdc0d67fb9c45714b703a2ac82251c4fcea3637f002ac3c9b74c0183583c?s=96&d=mm&r=g","contentUrl":"https:\/\/secure.gravatar.com\/avatar\/19fdfdc0d67fb9c45714b703a2ac82251c4fcea3637f002ac3c9b74c0183583c?s=96&d=mm&r=g","caption":"RAED"}}]}},"_links":{"self":[{"href":"https:\/\/raed.academy\/ca\/wp-json\/wp\/v2\/posts\/114301","targetHints":{"allow":["GET"]}}],"collection":[{"href":"https:\/\/raed.academy\/ca\/wp-json\/wp\/v2\/posts"}],"about":[{"href":"https:\/\/raed.academy\/ca\/wp-json\/wp\/v2\/types\/post"}],"author":[{"embeddable":true,"href":"https:\/\/raed.academy\/ca\/wp-json\/wp\/v2\/users\/12"}],"replies":[{"embeddable":true,"href":"https:\/\/raed.academy\/ca\/wp-json\/wp\/v2\/comments?post=114301"}],"version-history":[{"count":0,"href":"https:\/\/raed.academy\/ca\/wp-json\/wp\/v2\/posts\/114301\/revisions"}],"wp:featuredmedia":[{"embeddable":true,"href":"https:\/\/raed.academy\/ca\/wp-json\/wp\/v2\/media\/114340"}],"wp:attachment":[{"href":"https:\/\/raed.academy\/ca\/wp-json\/wp\/v2\/media?parent=114301"}],"wp:term":[{"taxonomy":"category","embeddable":true,"href":"https:\/\/raed.academy\/ca\/wp-json\/wp\/v2\/categories?post=114301"},{"taxonomy":"post_tag","embeddable":true,"href":"https:\/\/raed.academy\/ca\/wp-json\/wp\/v2\/tags?post=114301"}],"curies":[{"name":"wp","href":"https:\/\/api.w.org\/{rel}","templated":true}]}}