{"id":113049,"date":"2022-02-10T15:51:17","date_gmt":"2022-02-10T15:51:17","guid":{"rendered":"https:\/\/raed.academy\/?p=113049"},"modified":"2022-02-12T11:53:11","modified_gmt":"2022-02-12T11:53:11","slug":"president-dhonor-de-lacademia-de-ciencies-veterinaries-de-catalunya","status":"publish","type":"post","link":"https:\/\/raed.academy\/ca\/president-dhonor-de-lacademia-de-ciencies-veterinaries-de-catalunya\/","title":{"rendered":"President d&#8217;honor de l&#8217;Acad\u00e8mia de Ci\u00e8ncies Veterin\u00e0ries de Catalunya"},"content":{"rendered":"<p><a href=\"https:\/\/raed.academy\/ca\/academics\/dr-pere-costa-batllori\/\" target=\"_blank\" rel=\"noopener\"><strong><em>Pere Costa Batllori<\/em><\/strong><\/a><br \/>\n<em>Catedr\u00e0tic em\u00e8rit de l&#8217;Escola Superior d&#8217;Agricultura de la Universitat Polit\u00e8cnica de Catalunya i professor de la Facultat de Veterin\u00e0ria de la Universitat Aut\u00f2noma de Barcelona, \u200b\u200bacad\u00e8mic de la Reial Acad\u00e8mia de Veterin\u00e0ria d&#8217;Espanya i de la Reial Acad\u00e8mia de Medicina de Catalunya, acad\u00e8mic d&#8217;honor de l&#8217;Acad\u00e8mia de Ci\u00e8ncies Veterin\u00e0ries de Catalunya i acad\u00e8mic em\u00e8rit de la Reial Acad\u00e8mia Europea de Doctors-Barcelona 1914 (RAED).<\/em><\/p>\n<p><a href=\"https:\/\/raed.academy\/ca\/academics\/dra-maria-dels-angels-calvo-torras\/\" target=\"_blank\" rel=\"noopener\"><strong><em>Maria \u00c0ngels Calvo<\/em><\/strong><\/a><br \/>\n<em>Catedr\u00e0tica de la Facultat de Veterin\u00e0ria de la Universitat Aut\u00f2noma de Barcelona, \u200b\u200bacad\u00e8mica de n\u00famero de la Reial Acad\u00e8mia de Medicina de Catalunya, de la Reial Acad\u00e8mia de Farm\u00e0cia de Catalunya, de l&#8217;Acad\u00e8mia de Ci\u00e8ncies Veterin\u00e0ries de Catalunya, de la Reial Acad\u00e8mia de Doctors d&#8217;Espanya i acad\u00e8mica de n\u00famero i vicepresidenta de la Reial Acad\u00e8mia Europea de Doctors-Barcelona 1914 (RAED).<\/em><\/p>\n<p><a href=\"https:\/\/raed.academy\/ca\/academics\/dr-pere-costa-batllori\/\" target=\"_blank\" rel=\"noopener\"><strong><em>Pere Costa Batllori<\/em><\/strong><\/a>, catedr\u00e0tic em\u00e8rit de l&#8217;<strong>Escola Superior d&#8217;Agricultura<\/strong> de la <strong>Universitat Polit\u00e8cnica de Catalunya<\/strong>, professor de la Facultat de Veterin\u00e0ria de la <strong>Universitat Aut\u00f2noma de Barcelona<\/strong> i acad\u00e8mic em\u00e8rit de la <strong>Reial Acad\u00e8mia Europea de Doctors-Barcelona 1914<\/strong> (RAED), va ser nomenat president d&#8217;honor de l&#8217;<strong>Acad\u00e8mia de Ci\u00e8ncies Veterin\u00e0ries de Catalunya<\/strong>, de la qual ja n&#8217;era acad\u00e8mic honorari, durant la <strong>Solemne Sessi\u00f3 Inaugural del Curs 2022<\/strong>, que es va celebrar el 4 de febrer passat a l&#8217;<strong>Amfiteatre Gimbernat<\/strong>, a la seu de la <strong>Reial Acad\u00e8mia de Medicina de Catalunya<\/strong>.<\/p>\n<p>A l&#8217;acte van participar <a href=\"https:\/\/raed.academy\/ca\/academics\/dr-alfredo-rocafort-nicolau\/\" target=\"_blank\" rel=\"noopener\"><strong><em>Alfredo Rocafort<\/em><\/strong><\/a>, catedr\u00e0tic de la Facultat d&#8217;Economia i Empresa de la<strong> Universitat de Barcelona<\/strong> i acad\u00e8mic de n\u00famero i president de la Junta de Govern RAED; <a href=\"https:\/\/raed.academy\/ca\/academics\/dra-maria-dels-angels-calvo-torras\/\" target=\"_blank\" rel=\"noopener\"><strong><em>Maria \u00c0ngels Calvo<\/em><\/strong><\/a>, catedr\u00e0tica de la Facultat de Veterin\u00e0ria de la Universitat Aut\u00f2noma de Barcelona, \u200b\u200bacad\u00e8mica de n\u00famero de la Reial Acad\u00e8mia de Medicina de Catalunya, de la <strong>Reial Acad\u00e8mia de Farm\u00e0cia de Catalunya<\/strong>, acad\u00e8mica i secret\u00e0ria general de l&#8217;Acad\u00e8mia de Ci\u00e8ncies Veterin\u00e0ries de Catalunya i acad\u00e8mica de n\u00famero i vicepresidenta de la RAED, i <a href=\"https:\/\/raed.academy\/ca\/academics\/dra-mariangela-vilallonga-vives\/\" target=\"_blank\" rel=\"noopener\"><strong><em>Mari\u00e0ngela Vilallonga<\/em><\/strong><\/a>, presidenta de la <strong>Fundaci\u00f3 Prudenci Bertrana<\/strong> i acad\u00e8mica de n\u00famero de la RAED.<\/p>\n<p>A la taula presidencial i al costat del president de l&#8217;Acad\u00e8mia de Ci\u00e8ncies Veterin\u00e0ries de Catalunya, <strong>Josep Llupi\u00e0<\/strong>, hi havia tamb\u00e9 els presidents de la Reial Acad\u00e8mia de Medicina de Catalunya, <strong>Josep Anton Bomb\u00ed<\/strong>, i de l&#8217;<strong>Acad\u00e8mia de Ci\u00e8ncies Veterin\u00e0ries de Castella i Lle\u00f3<\/strong>, <strong>El\u00edas Rodr\u00edguez Ferri<\/strong>, a m\u00e9s del president del<strong> Consell de Col\u00b7legis Veterinaris de Catalunya<\/strong>, <strong>Ricard Par\u00e9s<\/strong>, i la secret\u00e0ria general de la Reial Acad\u00e8mia de Farm\u00e0cia de Catalunya, <strong>Rosaura Farr\u00e9<\/strong>.<\/p>\n<p>El discurs inaugural del Curs Acad\u00e8mic va anar a c\u00e0rrec de Rodr\u00edguez Ferri, qui va dissertar sobre <strong>&#8220;Animales en pandemia: an\u00e1lisis y reflexiones&#8221;<\/strong>. El conferenciant va destacar com les malalties infeccioses convertides en plagues, pestes, epid\u00e8mies o pand\u00e8mies han influ\u00eft en la hist\u00f2ria de moltes civilitzacions, causant l&#8217;extinci\u00f3 de pobles i modificant h\u00e0bits i comportaments humans. Moltes d&#8217;aquestes malalties, va continuar, van tenir el seu origen en els animals, i van ser les seves primeres v\u00edctimes o, simplement, reservoris i fonts d&#8217;infecci\u00f3. De les moltes pand\u00e8mies d&#8217;origen zoon\u00f2tic, en va seleccionar tres exemples significatius, que va analitzar amb detall: les epid\u00e8mies i les pand\u00e8mies de pesta, les epid\u00e8mies i les pand\u00e8mies de grip i les epid\u00e8mies i les pand\u00e8mies per coronavirus.<\/p>\n<p><img loading=\"lazy\" decoding=\"async\" class=\"aligncenter size-full wp-image-113120\" src=\"https:\/\/raed.academy\/wp-content\/uploads\/2022\/02\/Pere-Costa-Presidente-de-honor-Academia-de-Ciencias-Veterinarias-de-Cataluna-2.webp\" sizes=\"(max-width: 1000px) 100vw, 1000px\" srcset=\"https:\/\/raed.academy\/wp-content\/uploads\/2022\/02\/Pere-Costa-Presidente-de-honor-Academia-de-Ciencias-Veterinarias-de-Cataluna-2.webp 1000w, https:\/\/raed.academy\/wp-content\/uploads\/2022\/02\/Pere-Costa-Presidente-de-honor-Academia-de-Ciencias-Veterinarias-de-Cataluna-2-768x576.webp 768w, https:\/\/raed.academy\/wp-content\/uploads\/2022\/02\/Pere-Costa-Presidente-de-honor-Academia-de-Ciencias-Veterinarias-de-Cataluna-2-400x300.webp 400w\" alt=\"Pere Costa, Presidente de honor de la Academia de Ciencias Veterinarias de Catalu\u00f1a\" width=\"1000\" height=\"750\" \/><\/p>\n<p>El conferenciant va destacar que una de les mesures m\u00e9s raonable per combatre aquests greus problemes de salut p\u00fablica \u00e9s atendre la prevenci\u00f3 a l&#8217;origen, aix\u00ed com que cal establir una vigil\u00e0ncia permanent i, en tant que sigui possible, bloquejar la transmissi\u00f3 en les primeres etapes o intervencions que impedeixin el salt zoon\u00f2tic, sempre atenent a l&#8217;eliminaci\u00f3 o la reducci\u00f3 dels factors afavoridors. &#8220;La ci\u00e8ncia est\u00e0 alertant des de fa decennis, i m\u00e9s des de la irrupci\u00f3 de la SARS, d&#8217;aquesta necessitat, advertint de la inevitable producci\u00f3 i l&#8217;increment d&#8217;aquests esdeveniments. La doctrina &#8216;una sola salut&#8217;, per la qual sense escissions aposta la ci\u00e8ncia veterin\u00e0ria \u00e9s, sens dubte, el millor recurs i aproximaci\u00f3 estrat\u00e8gica per aconseguir els millors resultats en aquesta tasca&#8221;, va afirmar.<\/p>\n<p>A continuaci\u00f3, Maria \u00c0ngels Calvo va glossar els m\u00e8rits de Costa Batllori, destacant-ne la vocaci\u00f3 veterin\u00e0ria i la tasca a favor de les acad\u00e8mies. Llupi\u00e0, per part seva, va procedir al lliurament del diploma acreditatiu que el reconeix com a president d&#8217;honor de l&#8217;Acad\u00e8mia. L&#8217;homenatjat va pronunciar un breu i emotiu discurs en qu\u00e8 va posar de manifest el seu agra\u00efment per l&#8217;honor rebut, indicant quina ha de ser la funci\u00f3 de les acad\u00e8mies perqu\u00e8 puguin donar fidel compliment als deures en relaci\u00f3 amb la societat.<\/p>\n","protected":false},"excerpt":{"rendered":"<p>Pere Costa Batllori, nomenat president d&#8217;honor de l&#8217;Acad\u00e8mia de Ci\u00e8ncies Veterin\u00e0ries de Catalunya, de la qual ja \u00e9s acad\u00e8mic honorari<\/p>\n","protected":false},"author":12,"featured_media":113118,"comment_status":"closed","ping_status":"closed","sticky":false,"template":"","format":"standard","meta":{"_et_pb_use_builder":"","_et_pb_old_content":"","_et_gb_content_width":"","footnotes":""},"categories":[176],"tags":[],"class_list":["post-113049","post","type-post","status-publish","format-standard","has-post-thumbnail","hentry","category-academics-a-la-societat","et-has-post-format-content","et_post_format-et-post-format-standard"],"yoast_head":"<!-- This site is optimized with the Yoast SEO plugin v27.5 - https:\/\/yoast.com\/product\/yoast-seo-wordpress\/ -->\n<title>President d&#039;honor de l&#039;Acad\u00e8mia de Ci\u00e8ncies Veterin\u00e0ries de Catalunya - Reial Acad\u00e8mia Europea de Doctors<\/title>\n<meta name=\"description\" content=\"Pere Costa Batllori, nomenat president d&#039;honor de l&#039;Acad\u00e8mia de Ci\u00e8ncies Veterin\u00e0ries de Catalunya, de la qual ja \u00e9s acad\u00e8mic honorari\" \/>\n<meta name=\"robots\" content=\"index, follow, max-snippet:-1, max-image-preview:large, max-video-preview:-1\" \/>\n<link rel=\"canonical\" href=\"https:\/\/raed.academy\/ca\/president-dhonor-de-lacademia-de-ciencies-veterinaries-de-catalunya\/\" \/>\n<meta property=\"og:locale\" content=\"ca_ES\" \/>\n<meta property=\"og:type\" content=\"article\" \/>\n<meta property=\"og:title\" content=\"President d&#039;honor de l&#039;Acad\u00e8mia de Ci\u00e8ncies Veterin\u00e0ries de Catalunya - Reial Acad\u00e8mia Europea de Doctors\" \/>\n<meta property=\"og:description\" content=\"Pere Costa Batllori, nomenat president d&#039;honor de l&#039;Acad\u00e8mia de Ci\u00e8ncies Veterin\u00e0ries de Catalunya, de la qual ja \u00e9s acad\u00e8mic honorari\" \/>\n<meta property=\"og:url\" content=\"https:\/\/raed.academy\/ca\/president-dhonor-de-lacademia-de-ciencies-veterinaries-de-catalunya\/\" \/>\n<meta property=\"og:site_name\" content=\"Reial Acad\u00e8mia Europea de Doctors\" \/>\n<meta property=\"article:publisher\" content=\"http:\/\/fb.me\/raed.academy\" \/>\n<meta property=\"article:published_time\" content=\"2022-02-10T15:51:17+00:00\" \/>\n<meta property=\"article:modified_time\" content=\"2022-02-12T11:53:11+00:00\" \/>\n<meta property=\"og:image\" content=\"https:\/\/raed.academy\/wp-content\/uploads\/2022\/02\/Pere-Costa-Presidente-de-honor-Academia-de-Ciencias-Veterinarias-de-Cataluna.webp\" \/>\n\t<meta property=\"og:image:width\" content=\"1200\" \/>\n\t<meta property=\"og:image:height\" content=\"541\" \/>\n\t<meta property=\"og:image:type\" content=\"image\/webp\" \/>\n<meta name=\"author\" content=\"RAED\" \/>\n<meta name=\"twitter:card\" content=\"summary_large_image\" \/>\n<meta name=\"twitter:creator\" content=\"@raedacademy\" \/>\n<meta name=\"twitter:site\" content=\"@raedacademy\" \/>\n<meta name=\"twitter:label1\" content=\"Written by\" \/>\n\t<meta name=\"twitter:data1\" content=\"RAED\" \/>\n\t<meta name=\"twitter:label2\" content=\"Est. reading time\" \/>\n\t<meta name=\"twitter:data2\" content=\"4 minutes\" \/>\n<script type=\"application\/ld+json\" class=\"yoast-schema-graph\">{\"@context\":\"https:\\\/\\\/schema.org\",\"@graph\":[{\"@type\":\"Article\",\"@id\":\"https:\\\/\\\/raed.academy\\\/ca\\\/president-dhonor-de-lacademia-de-ciencies-veterinaries-de-catalunya\\\/#article\",\"isPartOf\":{\"@id\":\"https:\\\/\\\/raed.academy\\\/ca\\\/president-dhonor-de-lacademia-de-ciencies-veterinaries-de-catalunya\\\/\"},\"author\":{\"name\":\"RAED\",\"@id\":\"https:\\\/\\\/raed.academy\\\/ca\\\/#\\\/schema\\\/person\\\/5a755da80d1d979fd66ba745c8702927\"},\"headline\":\"President d&#8217;honor de l&#8217;Acad\u00e8mia de Ci\u00e8ncies Veterin\u00e0ries de Catalunya\",\"datePublished\":\"2022-02-10T15:51:17+00:00\",\"dateModified\":\"2022-02-12T11:53:11+00:00\",\"mainEntityOfPage\":{\"@id\":\"https:\\\/\\\/raed.academy\\\/ca\\\/president-dhonor-de-lacademia-de-ciencies-veterinaries-de-catalunya\\\/\"},\"wordCount\":876,\"publisher\":{\"@id\":\"https:\\\/\\\/raed.academy\\\/ca\\\/#organization\"},\"image\":{\"@id\":\"https:\\\/\\\/raed.academy\\\/ca\\\/president-dhonor-de-lacademia-de-ciencies-veterinaries-de-catalunya\\\/#primaryimage\"},\"thumbnailUrl\":\"https:\\\/\\\/raed.academy\\\/wp-content\\\/uploads\\\/2022\\\/02\\\/Pere-Costa-Presidente-de-honor-Academia-de-Ciencias-Veterinarias-de-Cataluna.webp\",\"articleSection\":[\"Acad\u00e8mics a la societat\"],\"inLanguage\":\"ca-ES\"},{\"@type\":\"WebPage\",\"@id\":\"https:\\\/\\\/raed.academy\\\/ca\\\/president-dhonor-de-lacademia-de-ciencies-veterinaries-de-catalunya\\\/\",\"url\":\"https:\\\/\\\/raed.academy\\\/ca\\\/president-dhonor-de-lacademia-de-ciencies-veterinaries-de-catalunya\\\/\",\"name\":\"President d'honor de l'Acad\u00e8mia de Ci\u00e8ncies Veterin\u00e0ries de Catalunya - Reial Acad\u00e8mia Europea de Doctors\",\"isPartOf\":{\"@id\":\"https:\\\/\\\/raed.academy\\\/ca\\\/#website\"},\"primaryImageOfPage\":{\"@id\":\"https:\\\/\\\/raed.academy\\\/ca\\\/president-dhonor-de-lacademia-de-ciencies-veterinaries-de-catalunya\\\/#primaryimage\"},\"image\":{\"@id\":\"https:\\\/\\\/raed.academy\\\/ca\\\/president-dhonor-de-lacademia-de-ciencies-veterinaries-de-catalunya\\\/#primaryimage\"},\"thumbnailUrl\":\"https:\\\/\\\/raed.academy\\\/wp-content\\\/uploads\\\/2022\\\/02\\\/Pere-Costa-Presidente-de-honor-Academia-de-Ciencias-Veterinarias-de-Cataluna.webp\",\"datePublished\":\"2022-02-10T15:51:17+00:00\",\"dateModified\":\"2022-02-12T11:53:11+00:00\",\"description\":\"Pere Costa Batllori, nomenat president d'honor de l'Acad\u00e8mia de Ci\u00e8ncies Veterin\u00e0ries de Catalunya, de la qual ja \u00e9s acad\u00e8mic honorari\",\"breadcrumb\":{\"@id\":\"https:\\\/\\\/raed.academy\\\/ca\\\/president-dhonor-de-lacademia-de-ciencies-veterinaries-de-catalunya\\\/#breadcrumb\"},\"inLanguage\":\"ca-ES\",\"potentialAction\":[{\"@type\":\"ReadAction\",\"target\":[\"https:\\\/\\\/raed.academy\\\/ca\\\/president-dhonor-de-lacademia-de-ciencies-veterinaries-de-catalunya\\\/\"]}]},{\"@type\":\"ImageObject\",\"inLanguage\":\"ca-ES\",\"@id\":\"https:\\\/\\\/raed.academy\\\/ca\\\/president-dhonor-de-lacademia-de-ciencies-veterinaries-de-catalunya\\\/#primaryimage\",\"url\":\"https:\\\/\\\/raed.academy\\\/wp-content\\\/uploads\\\/2022\\\/02\\\/Pere-Costa-Presidente-de-honor-Academia-de-Ciencias-Veterinarias-de-Cataluna.webp\",\"contentUrl\":\"https:\\\/\\\/raed.academy\\\/wp-content\\\/uploads\\\/2022\\\/02\\\/Pere-Costa-Presidente-de-honor-Academia-de-Ciencias-Veterinarias-de-Cataluna.webp\",\"width\":1200,\"height\":541,\"caption\":\"Pere Costa, Presidente de honor de la Academia de Ciencias Veterinarias de Catalu\u00f1a\"},{\"@type\":\"BreadcrumbList\",\"@id\":\"https:\\\/\\\/raed.academy\\\/ca\\\/president-dhonor-de-lacademia-de-ciencies-veterinaries-de-catalunya\\\/#breadcrumb\",\"itemListElement\":[{\"@type\":\"ListItem\",\"position\":1,\"name\":\"Inicio\",\"item\":\"https:\\\/\\\/raed.academy\\\/ca\\\/\"},{\"@type\":\"ListItem\",\"position\":2,\"name\":\"President d&#8217;honor de l&#8217;Acad\u00e8mia de Ci\u00e8ncies Veterin\u00e0ries de Catalunya\"}]},{\"@type\":\"WebSite\",\"@id\":\"https:\\\/\\\/raed.academy\\\/ca\\\/#website\",\"url\":\"https:\\\/\\\/raed.academy\\\/ca\\\/\",\"name\":\"Reial Acad\u00e8mia Europea de Doctors\",\"description\":\"Corporaci\u00f3n de derecho p\u00fablico de car\u00e1cter cient\u00edfico, t\u00e9cnico y art\u00edstico, que tiene por objeto la investigaci\u00f3n, el estudio, el fomento y la extensi\u00f3n del conocimiento en su sentido m\u00e1s amplio\",\"publisher\":{\"@id\":\"https:\\\/\\\/raed.academy\\\/ca\\\/#organization\"},\"potentialAction\":[{\"@type\":\"SearchAction\",\"target\":{\"@type\":\"EntryPoint\",\"urlTemplate\":\"https:\\\/\\\/raed.academy\\\/ca\\\/?s={search_term_string}\"},\"query-input\":{\"@type\":\"PropertyValueSpecification\",\"valueRequired\":true,\"valueName\":\"search_term_string\"}}],\"inLanguage\":\"ca-ES\"},{\"@type\":\"Organization\",\"@id\":\"https:\\\/\\\/raed.academy\\\/ca\\\/#organization\",\"name\":\"Real Academia Europea de Doctores\",\"url\":\"https:\\\/\\\/raed.academy\\\/ca\\\/\",\"logo\":{\"@type\":\"ImageObject\",\"inLanguage\":\"ca-ES\",\"@id\":\"https:\\\/\\\/raed.academy\\\/ca\\\/#\\\/schema\\\/logo\\\/image\\\/\",\"url\":\"https:\\\/\\\/raed.academy\\\/wp-content\\\/uploads\\\/2017\\\/01\\\/cropped-logo_raed.png\",\"contentUrl\":\"https:\\\/\\\/raed.academy\\\/wp-content\\\/uploads\\\/2017\\\/01\\\/cropped-logo_raed.png\",\"width\":512,\"height\":512,\"caption\":\"Real Academia Europea de Doctores\"},\"image\":{\"@id\":\"https:\\\/\\\/raed.academy\\\/ca\\\/#\\\/schema\\\/logo\\\/image\\\/\"},\"sameAs\":[\"http:\\\/\\\/fb.me\\\/raed.academy\",\"https:\\\/\\\/x.com\\\/raedacademy\",\"https:\\\/\\\/www.instagram.com\\\/raed.academy\\\/\",\"https:\\\/\\\/www.youtube.com\\\/channel\\\/UCUYQwW2KrdirNWihxMDObwg\"]},{\"@type\":\"Person\",\"@id\":\"https:\\\/\\\/raed.academy\\\/ca\\\/#\\\/schema\\\/person\\\/5a755da80d1d979fd66ba745c8702927\",\"name\":\"RAED\",\"image\":{\"@type\":\"ImageObject\",\"inLanguage\":\"ca-ES\",\"@id\":\"https:\\\/\\\/secure.gravatar.com\\\/avatar\\\/19fdfdc0d67fb9c45714b703a2ac82251c4fcea3637f002ac3c9b74c0183583c?s=96&d=mm&r=g\",\"url\":\"https:\\\/\\\/secure.gravatar.com\\\/avatar\\\/19fdfdc0d67fb9c45714b703a2ac82251c4fcea3637f002ac3c9b74c0183583c?s=96&d=mm&r=g\",\"contentUrl\":\"https:\\\/\\\/secure.gravatar.com\\\/avatar\\\/19fdfdc0d67fb9c45714b703a2ac82251c4fcea3637f002ac3c9b74c0183583c?s=96&d=mm&r=g\",\"caption\":\"RAED\"}}]}<\/script>\n<!-- \/ Yoast SEO plugin. -->","yoast_head_json":{"title":"President d'honor de l'Acad\u00e8mia de Ci\u00e8ncies Veterin\u00e0ries de Catalunya - Reial Acad\u00e8mia Europea de Doctors","description":"Pere Costa Batllori, nomenat president d'honor de l'Acad\u00e8mia de Ci\u00e8ncies Veterin\u00e0ries de Catalunya, de la qual ja \u00e9s acad\u00e8mic honorari","robots":{"index":"index","follow":"follow","max-snippet":"max-snippet:-1","max-image-preview":"max-image-preview:large","max-video-preview":"max-video-preview:-1"},"canonical":"https:\/\/raed.academy\/ca\/president-dhonor-de-lacademia-de-ciencies-veterinaries-de-catalunya\/","og_locale":"ca_ES","og_type":"article","og_title":"President d'honor de l'Acad\u00e8mia de Ci\u00e8ncies Veterin\u00e0ries de Catalunya - Reial Acad\u00e8mia Europea de Doctors","og_description":"Pere Costa Batllori, nomenat president d'honor de l'Acad\u00e8mia de Ci\u00e8ncies Veterin\u00e0ries de Catalunya, de la qual ja \u00e9s acad\u00e8mic honorari","og_url":"https:\/\/raed.academy\/ca\/president-dhonor-de-lacademia-de-ciencies-veterinaries-de-catalunya\/","og_site_name":"Reial Acad\u00e8mia Europea de Doctors","article_publisher":"http:\/\/fb.me\/raed.academy","article_published_time":"2022-02-10T15:51:17+00:00","article_modified_time":"2022-02-12T11:53:11+00:00","og_image":[{"width":1200,"height":541,"url":"https:\/\/raed.academy\/wp-content\/uploads\/2022\/02\/Pere-Costa-Presidente-de-honor-Academia-de-Ciencias-Veterinarias-de-Cataluna.webp","type":"image\/webp"}],"author":"RAED","twitter_card":"summary_large_image","twitter_creator":"@raedacademy","twitter_site":"@raedacademy","twitter_misc":{"Written by":"RAED","Est. reading time":"4 minutes"},"schema":{"@context":"https:\/\/schema.org","@graph":[{"@type":"Article","@id":"https:\/\/raed.academy\/ca\/president-dhonor-de-lacademia-de-ciencies-veterinaries-de-catalunya\/#article","isPartOf":{"@id":"https:\/\/raed.academy\/ca\/president-dhonor-de-lacademia-de-ciencies-veterinaries-de-catalunya\/"},"author":{"name":"RAED","@id":"https:\/\/raed.academy\/ca\/#\/schema\/person\/5a755da80d1d979fd66ba745c8702927"},"headline":"President d&#8217;honor de l&#8217;Acad\u00e8mia de Ci\u00e8ncies Veterin\u00e0ries de Catalunya","datePublished":"2022-02-10T15:51:17+00:00","dateModified":"2022-02-12T11:53:11+00:00","mainEntityOfPage":{"@id":"https:\/\/raed.academy\/ca\/president-dhonor-de-lacademia-de-ciencies-veterinaries-de-catalunya\/"},"wordCount":876,"publisher":{"@id":"https:\/\/raed.academy\/ca\/#organization"},"image":{"@id":"https:\/\/raed.academy\/ca\/president-dhonor-de-lacademia-de-ciencies-veterinaries-de-catalunya\/#primaryimage"},"thumbnailUrl":"https:\/\/raed.academy\/wp-content\/uploads\/2022\/02\/Pere-Costa-Presidente-de-honor-Academia-de-Ciencias-Veterinarias-de-Cataluna.webp","articleSection":["Acad\u00e8mics a la societat"],"inLanguage":"ca-ES"},{"@type":"WebPage","@id":"https:\/\/raed.academy\/ca\/president-dhonor-de-lacademia-de-ciencies-veterinaries-de-catalunya\/","url":"https:\/\/raed.academy\/ca\/president-dhonor-de-lacademia-de-ciencies-veterinaries-de-catalunya\/","name":"President d'honor de l'Acad\u00e8mia de Ci\u00e8ncies Veterin\u00e0ries de Catalunya - Reial Acad\u00e8mia Europea de Doctors","isPartOf":{"@id":"https:\/\/raed.academy\/ca\/#website"},"primaryImageOfPage":{"@id":"https:\/\/raed.academy\/ca\/president-dhonor-de-lacademia-de-ciencies-veterinaries-de-catalunya\/#primaryimage"},"image":{"@id":"https:\/\/raed.academy\/ca\/president-dhonor-de-lacademia-de-ciencies-veterinaries-de-catalunya\/#primaryimage"},"thumbnailUrl":"https:\/\/raed.academy\/wp-content\/uploads\/2022\/02\/Pere-Costa-Presidente-de-honor-Academia-de-Ciencias-Veterinarias-de-Cataluna.webp","datePublished":"2022-02-10T15:51:17+00:00","dateModified":"2022-02-12T11:53:11+00:00","description":"Pere Costa Batllori, nomenat president d'honor de l'Acad\u00e8mia de Ci\u00e8ncies Veterin\u00e0ries de Catalunya, de la qual ja \u00e9s acad\u00e8mic honorari","breadcrumb":{"@id":"https:\/\/raed.academy\/ca\/president-dhonor-de-lacademia-de-ciencies-veterinaries-de-catalunya\/#breadcrumb"},"inLanguage":"ca-ES","potentialAction":[{"@type":"ReadAction","target":["https:\/\/raed.academy\/ca\/president-dhonor-de-lacademia-de-ciencies-veterinaries-de-catalunya\/"]}]},{"@type":"ImageObject","inLanguage":"ca-ES","@id":"https:\/\/raed.academy\/ca\/president-dhonor-de-lacademia-de-ciencies-veterinaries-de-catalunya\/#primaryimage","url":"https:\/\/raed.academy\/wp-content\/uploads\/2022\/02\/Pere-Costa-Presidente-de-honor-Academia-de-Ciencias-Veterinarias-de-Cataluna.webp","contentUrl":"https:\/\/raed.academy\/wp-content\/uploads\/2022\/02\/Pere-Costa-Presidente-de-honor-Academia-de-Ciencias-Veterinarias-de-Cataluna.webp","width":1200,"height":541,"caption":"Pere Costa, Presidente de honor de la Academia de Ciencias Veterinarias de Catalu\u00f1a"},{"@type":"BreadcrumbList","@id":"https:\/\/raed.academy\/ca\/president-dhonor-de-lacademia-de-ciencies-veterinaries-de-catalunya\/#breadcrumb","itemListElement":[{"@type":"ListItem","position":1,"name":"Inicio","item":"https:\/\/raed.academy\/ca\/"},{"@type":"ListItem","position":2,"name":"President d&#8217;honor de l&#8217;Acad\u00e8mia de Ci\u00e8ncies Veterin\u00e0ries de Catalunya"}]},{"@type":"WebSite","@id":"https:\/\/raed.academy\/ca\/#website","url":"https:\/\/raed.academy\/ca\/","name":"Reial Acad\u00e8mia Europea de Doctors","description":"Corporaci\u00f3n de derecho p\u00fablico de car\u00e1cter cient\u00edfico, t\u00e9cnico y art\u00edstico, que tiene por objeto la investigaci\u00f3n, el estudio, el fomento y la extensi\u00f3n del conocimiento en su sentido m\u00e1s amplio","publisher":{"@id":"https:\/\/raed.academy\/ca\/#organization"},"potentialAction":[{"@type":"SearchAction","target":{"@type":"EntryPoint","urlTemplate":"https:\/\/raed.academy\/ca\/?s={search_term_string}"},"query-input":{"@type":"PropertyValueSpecification","valueRequired":true,"valueName":"search_term_string"}}],"inLanguage":"ca-ES"},{"@type":"Organization","@id":"https:\/\/raed.academy\/ca\/#organization","name":"Real Academia Europea de Doctores","url":"https:\/\/raed.academy\/ca\/","logo":{"@type":"ImageObject","inLanguage":"ca-ES","@id":"https:\/\/raed.academy\/ca\/#\/schema\/logo\/image\/","url":"https:\/\/raed.academy\/wp-content\/uploads\/2017\/01\/cropped-logo_raed.png","contentUrl":"https:\/\/raed.academy\/wp-content\/uploads\/2017\/01\/cropped-logo_raed.png","width":512,"height":512,"caption":"Real Academia Europea de Doctores"},"image":{"@id":"https:\/\/raed.academy\/ca\/#\/schema\/logo\/image\/"},"sameAs":["http:\/\/fb.me\/raed.academy","https:\/\/x.com\/raedacademy","https:\/\/www.instagram.com\/raed.academy\/","https:\/\/www.youtube.com\/channel\/UCUYQwW2KrdirNWihxMDObwg"]},{"@type":"Person","@id":"https:\/\/raed.academy\/ca\/#\/schema\/person\/5a755da80d1d979fd66ba745c8702927","name":"RAED","image":{"@type":"ImageObject","inLanguage":"ca-ES","@id":"https:\/\/secure.gravatar.com\/avatar\/19fdfdc0d67fb9c45714b703a2ac82251c4fcea3637f002ac3c9b74c0183583c?s=96&d=mm&r=g","url":"https:\/\/secure.gravatar.com\/avatar\/19fdfdc0d67fb9c45714b703a2ac82251c4fcea3637f002ac3c9b74c0183583c?s=96&d=mm&r=g","contentUrl":"https:\/\/secure.gravatar.com\/avatar\/19fdfdc0d67fb9c45714b703a2ac82251c4fcea3637f002ac3c9b74c0183583c?s=96&d=mm&r=g","caption":"RAED"}}]}},"_links":{"self":[{"href":"https:\/\/raed.academy\/ca\/wp-json\/wp\/v2\/posts\/113049","targetHints":{"allow":["GET"]}}],"collection":[{"href":"https:\/\/raed.academy\/ca\/wp-json\/wp\/v2\/posts"}],"about":[{"href":"https:\/\/raed.academy\/ca\/wp-json\/wp\/v2\/types\/post"}],"author":[{"embeddable":true,"href":"https:\/\/raed.academy\/ca\/wp-json\/wp\/v2\/users\/12"}],"replies":[{"embeddable":true,"href":"https:\/\/raed.academy\/ca\/wp-json\/wp\/v2\/comments?post=113049"}],"version-history":[{"count":0,"href":"https:\/\/raed.academy\/ca\/wp-json\/wp\/v2\/posts\/113049\/revisions"}],"wp:featuredmedia":[{"embeddable":true,"href":"https:\/\/raed.academy\/ca\/wp-json\/wp\/v2\/media\/113118"}],"wp:attachment":[{"href":"https:\/\/raed.academy\/ca\/wp-json\/wp\/v2\/media?parent=113049"}],"wp:term":[{"taxonomy":"category","embeddable":true,"href":"https:\/\/raed.academy\/ca\/wp-json\/wp\/v2\/categories?post=113049"},{"taxonomy":"post_tag","embeddable":true,"href":"https:\/\/raed.academy\/ca\/wp-json\/wp\/v2\/tags?post=113049"}],"curies":[{"name":"wp","href":"https:\/\/api.w.org\/{rel}","templated":true}]}}