{"id":112412,"date":"2022-02-03T13:19:23","date_gmt":"2022-02-03T13:19:23","guid":{"rendered":"https:\/\/raed.academy\/?p=112412"},"modified":"2022-02-04T18:40:27","modified_gmt":"2022-02-04T18:40:27","slug":"com-pintar-el-salvator-mundi-el-quadre-mes-car-de-la-historia","status":"publish","type":"post","link":"https:\/\/raed.academy\/ca\/com-pintar-el-salvator-mundi-el-quadre-mes-car-de-la-historia\/","title":{"rendered":"Com pintar el &#8216;Salvator Mundi&#8217;, el quadre m\u00e9s car de la hist\u00f2ria"},"content":{"rendered":"<p>[et_pb_section fb_built=&#8221;1&#8243; admin_label=&#8221;section&#8221; _builder_version=&#8221;3.22&#8243; global_colors_info=&#8221;{}&#8221;][et_pb_row use_custom_gutter=&#8221;on&#8221; gutter_width=&#8221;1&#8243; admin_label=&#8221;row&#8221; _builder_version=&#8221;4.14.7&#8243; background_size=&#8221;initial&#8221; background_position=&#8221;top_left&#8221; background_repeat=&#8221;repeat&#8221; max_width=&#8221;1600px&#8221; global_colors_info=&#8221;{}&#8221;][et_pb_column type=&#8221;4_4&#8243; _builder_version=&#8221;3.25&#8243; custom_padding=&#8221;|||&#8221; global_colors_info=&#8221;{}&#8221; custom_padding__hover=&#8221;|||&#8221;][et_pb_text admin_label=&#8221;Text&#8221; _builder_version=&#8221;4.14.7&#8243; background_size=&#8221;initial&#8221; background_position=&#8221;top_left&#8221; background_repeat=&#8221;repeat&#8221; global_colors_info=&#8221;{}&#8221;]<\/p>\n<p><a href=\"https:\/\/raed.academy\/ca\/academics\/dr-jaume-armengou-orus\/\" target=\"_blank\" rel=\"noopener\"><strong><em>Jaume Armengou<\/em><\/strong><\/a><br \/><em>Membre del Consell de Direcci\u00f3 i secretari general de l&#8217;escola de negocis IESE-Universitat de Navarra i acad\u00e8mic de n\u00famero de la Reial Acad\u00e8mia Europea de Doctors-Barcelona 1914 (RAED).<\/em><\/p>\n<div id=\"attachment_112343\" style=\"width: 380px\" class=\"wp-caption alignright\"><img loading=\"lazy\" decoding=\"async\" aria-describedby=\"caption-attachment-112343\" class=\"wp-image-112343 size-full\" src=\"https:\/\/raed.academy\/wp-content\/uploads\/2022\/02\/Leonardo_da_Vinci_Salvator_Mundi-wikipedia.org-dmn-publico.webp\" alt=\"Salvator Mundi de Leonardo da Vinci\" width=\"370\" height=\"544\" aria-describedby=\"caption-attachment-112343\" \/><p id=\"caption-attachment-112343\" class=\"wp-caption-text\">El Salvator Mundi de Leonardo da Vinci<\/p><\/div>\n<p><a href=\"https:\/\/raed.academy\/ca\/academics\/dr-jaume-armengou-orus\/\" target=\"_blank\" rel=\"noopener\"><strong><em>Jaume Armengou<\/em><\/strong><\/a>, secretari general de l&#8217;escola de negocis <strong>IESE-Universitat de Navarra<\/strong> i acad\u00e8mic de n\u00famero de la <strong>Reial Acad\u00e8mia Europea de Doctors-Barcelona 1914<\/strong> (RAED), va presentar la confer\u00e8ncia amb el t\u00edtol <strong>&#8220;El &#8216;Salvator Mundi&#8217; de Leonardo: original i c\u00f2pies&#8221;<\/strong>, que va impartir el passat 2 de febrer l&#8217;artista pl\u00e0stic i professor de dibuix i pintura <strong>Mart\u00edn Garc\u00eda Cros<\/strong>. L&#8217;acte es va celebrar de manera presencial a la seu de <strong>Foment del Treball<\/strong>, seu tamb\u00e9 de la Reial Acad\u00e8mia, pr\u00e8via reserva. La sessi\u00f3 donava continu\u00eftat a la celebrada el ja lluny\u00e0 octubre del 2019 sota el t\u00edtol <strong>&#8220;La desapareguda t\u00e8cnica pict\u00f2rica de l&#8217;Escola Veneciana. De Tiziano a Tiepolo&#8221;<\/strong>, amb una acollida excel\u00b7lent.<\/p>\n<p>Garc\u00eda Cros va parlar sobre el fam\u00f3s robatori de l&#8217;obra m\u00e9s coneguda de Leonardo da Vinci, <strong>&#8220;La Gioconda&#8221;<\/strong>, el 1911. Una sostracci\u00f3 que es va realitzar per enc\u00e0rrec d&#8217;<strong>Eduardo Valfierno<\/strong> i la conniv\u00e8ncia del ja reconegut falsificador d&#8217;obres art\u00edstiques <strong>Yves Chaudron<\/strong>, que ja feia temps (que &#8230;) falsificant Giocondes. El robatori li hauria perm\u00e8s vendre com a aut\u00e8ntiques fins a sis c\u00f2pies, tot i que algunes fonts assenyalen que van poder ser 11 o 12. Va executar el robatori <strong>Vincenzo Peruggia<\/strong>, que va intentar vendre el quadre al cap de dos anys i va ser detingut. &#8220;La Gioconda&#8221; va tornar llavors al <strong>Museu del Louvre<\/strong> protegida en una cambra cuirassada i nom\u00e9s es pot veure des de llavors darrere d&#8217;un vidre.<\/p>\n<p>El conferenciant va vincular aquesta perip\u00e8cia amb la del <strong>&#8220;Salvator Mundi&#8221;<\/strong> atribu\u00eft al pintor renaixentista, que el 2017 es va convertir en el quadre m\u00e9s car de la hist\u00f2ria en ser subhastat per 450 milions de d\u00f2lars. Diversos estudis han confirmat que l&#8217;obra va sortir del taller de Leonardo, encara que no \u00e9s possible demostrar-ne l&#8217;autoria. No obstant aix\u00f2, despr\u00e9s de dures pressions diplom\u00e0tiques, el quadre presumptament adquirit pel pr\u00edncep hereu saudita <strong>Mohammad Bin Salman<\/strong>, com va revelar la premsa, va ser incl\u00f2s a la retrospectiva de da Vinci que el Louvre va inaugurar a finals del 2019.<\/p>\n<p>Expert en t\u00e8cniques pict\u00f2riques hist\u00f2riques, Mart\u00edn Garc\u00eda Cros, va mostrar en una classe pr\u00e0ctica com es pot emular la t\u00e8cnica pict\u00f2rica de Leonardo da Vinci 500 anys despr\u00e9s de la seva mort, utilitzant com a model el propi &#8220;Salvator Mundi&#8221;. Va quedar sembrat el dubte sobre la validesa de les verificacions d&#8217;autories de pintures cl\u00e0ssiques. Cosa que \u00e9s coneguda entre experts i que els ne\u00f2fits no poden ni imaginar.<\/p>\n<p>Reconegut retratista, Mart\u00edn Garc\u00eda Cros ha exposat i treballat per a diverses galeries de Barcelona i Madrid. Ha exposat la seva obra a la seu de la <strong>Unesco<\/strong> de Par\u00eds, a Los Angeles, a Nova York i altres places principals de l&#8217;art pict\u00f2ric i participa anualment com a pintor convidat a l&#8217;exposici\u00f3 de la<strong> Reial Societat de Pintors<\/strong> d&#8217;Anglaterra. Entre les personalitats que ha retratat destaquen els reis d&#8217;Espanya (retratats diverses vegades), la princesa d&#8217;Ast\u00faries i la infanta <strong>Sofia<\/strong>, el rei em\u00e8rit, la reina <strong>Isabel d&#8217;Anglaterra<\/strong>, <strong>Pasqual Maragall<\/strong>, <strong>Luis Mar\u00eda Anson<\/strong>, <strong>Sito Pons<\/strong>, <strong>Rom\u00e0 Cuy\u00e0s<\/strong>, <strong>Josep Maria Vilaseca<\/strong>, <strong>Javier Valls y Taberner<\/strong> o <strong>Salvador Gabarr\u00f3<\/strong>, entre altres personalitats de primer nivell. Els seus retrats presideixen salons a diversos ministeris, secretaries d&#8217;Estat, consells d&#8217;administraci\u00f3 de bancs i empreses, instituts culturals, rectorats i deganats.<\/p>\n<p>[\/et_pb_text][et_pb_gallery gallery_ids=&#8221;112436,112439,112442,112445&#8243; show_title_and_caption=&#8221;off&#8221; show_pagination=&#8221;off&#8221; module_class=&#8221;galeria-pad-1&#8243; _builder_version=&#8221;4.14.7&#8243; _module_preset=&#8221;default&#8221; custom_margin=&#8221;25px||25px||false|false&#8221; locked=&#8221;off&#8221; global_colors_info=&#8221;{}&#8221;][\/et_pb_gallery][et_pb_text _builder_version=&#8221;4.14.7&#8243; _module_preset=&#8221;default&#8221; hover_enabled=&#8221;0&#8243; global_colors_info=&#8221;{}&#8221; sticky_enabled=&#8221;0&#8243;]<\/p>\n<h3><a href=\"https:\/\/photos.app.goo.gl\/1AbyEFPJV34TTWGo9\" target=\"_blank\" rel=\"noopener\">Veure la galeria de fotografies completa<\/a><\/h3>\n<p>[\/et_pb_text][\/et_pb_column][\/et_pb_row][\/et_pb_section]<\/p>\n","protected":false},"excerpt":{"rendered":"<p>Com emular la t\u00e8cnica pict\u00f2rica de Leonardo da Vinci, a la confer\u00e8ncia &#8220;El &#8216;Salvator Mundi&#8217; de Leonardo: original y copias&#8221;, per l&#8217;expert artista pl\u00e0stic Mart\u00edn Garc\u00eda Cros<\/p>\n","protected":false},"author":12,"featured_media":112376,"comment_status":"closed","ping_status":"closed","sticky":false,"template":"","format":"standard","meta":{"_et_pb_use_builder":"on","_et_pb_old_content":"<a href=\"https:\/\/raed.academy\/ca\/academics\/dr-jaume-armengou-orus\/\" target=\"_blank\" rel=\"noopener\"><strong><em>Jaume Armengou<\/em><\/strong><\/a>\r\n<em>Membre del Consell de Direcci\u00f3 i secretari general de l'escola de negocis IESE-Universitat de Navarra i acad\u00e8mic de n\u00famero de la Reial Acad\u00e8mia Europea de Doctors-Barcelona 1914 (RAED)<\/em>\r\n\r\n<a href=\"https:\/\/raed.academy\/ca\/academics\/dr-jaume-armengou-orus\/\" target=\"_blank\" rel=\"noopener\"><strong><em>Jaume Armengou<\/em><\/strong><\/a>, secretari general de l'escola de negocis <strong>IESE-Universitat de Navarra<\/strong> i acad\u00e8mic de n\u00famero de la <strong>Reial Acad\u00e8mia Europea de Doctors-Barcelona 1914<\/strong> (RAED), va presentar la confer\u00e8ncia amb el t\u00edtol <strong>\"El 'Salvator Mundi' de Leonardo: original i c\u00f2pies\"<\/strong>, que va impartir el passat 2 de febrer l'artista pl\u00e0stic i professor de dibuix i pintura <strong>Mart\u00edn Garc\u00eda Cros<\/strong>. L'acte es va celebrar de manera presencial a la seu de <strong>Foment del Treball<\/strong>, seu tamb\u00e9 de la Reial Acad\u00e8mia, pr\u00e8via reserva. La sessi\u00f3 donava continu\u00eftat a la que es va celebrar el ja lluny\u00e0 octubre del 2019 sota el t\u00edtol <strong>\"La desapareguda t\u00e8cnica pict\u00f2rica de l'Escola Veneciana. De Tiziano a Tiepolo\"<\/strong>, amb una acollida excel\u00b7lent.\r\n\r\nGarc\u00eda Cros va parlar sobre el fam\u00f3s robatori de l'obra m\u00e9s coneguda de Leonardo Da Vinci, <strong>\"La Gioconda\"<\/strong>, el 1911. Una sostracci\u00f3 que es va realitzar per enc\u00e0rrec d'<strong>Eduardo Valfierno<\/strong> i la conniv\u00e8ncia del ja reconegut falsificador d'obres art\u00edstiques <strong>Yves Chaudron<\/strong>, que ja portava temps falsificant Giocondes. El robatori li hauria perm\u00e8s vendre com a aut\u00e8ntiques fins a sis c\u00f2pies, tot i que algunes fonts assenyalen que van poder ser 11 o 12. Va executar el robatori <strong>Vincenzo Peruggia<\/strong>, que va intentar vendre el quadre al cap de dos anys i va ser detingut. \"La Gioconda\" va tornar llavors al <strong>Museu del Louvre<\/strong> protegida en una cambra cuirassada i nom\u00e9s es pot veure des de llavors darrere d'un vidre.\r\n\r\nEl conferenciant va vincular aquesta perip\u00e8cia amb la del <strong>\"Salvator Mundi\"<\/strong> atribu\u00eft al pintor renaixentista, que el 2017 es va convertir en el quadre m\u00e9s car de la hist\u00f2ria en ser subhastat per 450 milions de d\u00f2lars. Diversos estudis han confirmat que l'obra va sortir del taller de Leonardo, encara que no \u00e9s possible demostrar-ne l'autoria. No obstant, despr\u00e9s de dures pressions diplom\u00e0tiques, el quadre presumptament adquirit pel pr\u00edncep hereu saudita <strong>Mohammad Bin Salman<\/strong>, com va revelar la premsa, va ser incl\u00f2s a la retrospectiva de Da Vinci que el Louvre va inaugurar a finals del 2019.\r\n\r\nExpert en t\u00e8cniques pict\u00f2riques hist\u00f2riques, Mart\u00edn Garc\u00eda Cros, va mostrar en una classe pr\u00e0ctica com es pot emular la t\u00e8cnica pict\u00f2rica de Leonardo da Vinci 500 anys despr\u00e9s de la seva mort, utilitzant com a model el propi \"Salvator Mundi\". Va quedar sembrat el dubte sobre la validesa de les verificacions d'autories de pintures cl\u00e0ssiques. Cosa que \u00e9s coneguda entre experts i que els ne\u00f2fits no poden ni imaginar.\r\n\r\nReconegut retratista, Mart\u00edn Garc\u00eda Cros ha exposat i treballat per a diverses galeries de Barcelona i Madrid. Ha exposat la seva obra a la seu de la <strong>Unesco<\/strong> de Par\u00eds, a Los Angeles, a Nova York i altres places principals de l'art pict\u00f2ric i participa anualment com a pintor convidat a l'exposici\u00f3 de la<strong> Reial Societat de Pintors<\/strong> d'Anglaterra. Entre les personalitats que ha retratat destaquen els reis d'Espanya (retratats diverses vegades), la princesa d'Ast\u00faries i la infanta <strong>Sofia<\/strong>, el rei em\u00e8rit, la reina <strong>Isabel d'Anglaterra<\/strong>, <strong>Pasqual Maragall<\/strong>, <strong>Luis Mar\u00eda Anson<\/strong>, <strong>Sito Pons<\/strong>, <strong>Rom\u00e0 Cuy\u00e0s<\/strong>, <strong>Josep Maria Vilaseca<\/strong>, <strong>Javier Valls y Taberner<\/strong> o <strong>Salvador Gabarr\u00f3<\/strong>, entre d'altres personalitats de primer nivell. Els seus retrats presideixen salons a diversos ministeris, secretaries d'Estat, consells d'administraci\u00f3 de bancs i empreses, instituts culturals, rectorats i deganats.","_et_gb_content_width":"","footnotes":""},"categories":[229],"tags":[],"class_list":["post-112412","post","type-post","status-publish","format-standard","has-post-thumbnail","hentry","category-art","et-has-post-format-content","et_post_format-et-post-format-standard"],"yoast_head":"<!-- This site is optimized with the Yoast SEO plugin v27.4 - https:\/\/yoast.com\/product\/yoast-seo-wordpress\/ -->\n<title>Com pintar el &#039;Salvator Mundi&#039;, el quadre m\u00e9s car de la hist\u00f2ria - Reial Acad\u00e8mia Europea de Doctors<\/title>\n<meta name=\"description\" content=\"Com emular la t\u00e8cnica pict\u00f2rica de Leonardo da Vinci, a la confer\u00e8ncia per l&#039;expert artista pl\u00e0stic Mart\u00edn Garc\u00eda Cros\" \/>\n<meta name=\"robots\" content=\"index, follow, max-snippet:-1, max-image-preview:large, max-video-preview:-1\" \/>\n<link rel=\"canonical\" href=\"https:\/\/raed.academy\/ca\/com-pintar-el-salvator-mundi-el-quadre-mes-car-de-la-historia\/\" \/>\n<meta property=\"og:locale\" content=\"ca_ES\" \/>\n<meta property=\"og:type\" content=\"article\" \/>\n<meta property=\"og:title\" content=\"Com pintar el &#039;Salvator Mundi&#039;, el quadre m\u00e9s car de la hist\u00f2ria - Reial Acad\u00e8mia Europea de Doctors\" \/>\n<meta property=\"og:description\" content=\"Com emular la t\u00e8cnica pict\u00f2rica de Leonardo da Vinci, a la confer\u00e8ncia per l&#039;expert artista pl\u00e0stic Mart\u00edn Garc\u00eda Cros\" \/>\n<meta property=\"og:url\" content=\"https:\/\/raed.academy\/ca\/com-pintar-el-salvator-mundi-el-quadre-mes-car-de-la-historia\/\" \/>\n<meta property=\"og:site_name\" content=\"Reial Acad\u00e8mia Europea de Doctors\" \/>\n<meta property=\"article:publisher\" content=\"http:\/\/fb.me\/raed.academy\" \/>\n<meta property=\"article:published_time\" content=\"2022-02-03T13:19:23+00:00\" \/>\n<meta property=\"article:modified_time\" content=\"2022-02-04T18:40:27+00:00\" \/>\n<meta property=\"og:image\" content=\"https:\/\/raed.academy\/wp-content\/uploads\/2022\/02\/Leonardo_da_Vinci_Salvator_Mundi-wikipedia.org-dmn-publico-dst.webp\" \/>\n\t<meta property=\"og:image:width\" content=\"600\" \/>\n\t<meta property=\"og:image:height\" content=\"360\" \/>\n\t<meta property=\"og:image:type\" content=\"image\/webp\" \/>\n<meta name=\"author\" content=\"RAED\" \/>\n<meta name=\"twitter:card\" content=\"summary_large_image\" \/>\n<meta name=\"twitter:creator\" content=\"@raedacademy\" \/>\n<meta name=\"twitter:site\" content=\"@raedacademy\" \/>\n<meta name=\"twitter:label1\" content=\"Written by\" \/>\n\t<meta name=\"twitter:data1\" content=\"RAED\" \/>\n\t<meta name=\"twitter:label2\" content=\"Est. reading time\" \/>\n\t<meta name=\"twitter:data2\" content=\"4 minutes\" \/>\n<script type=\"application\/ld+json\" class=\"yoast-schema-graph\">{\"@context\":\"https:\\\/\\\/schema.org\",\"@graph\":[{\"@type\":\"Article\",\"@id\":\"https:\\\/\\\/raed.academy\\\/ca\\\/com-pintar-el-salvator-mundi-el-quadre-mes-car-de-la-historia\\\/#article\",\"isPartOf\":{\"@id\":\"https:\\\/\\\/raed.academy\\\/ca\\\/com-pintar-el-salvator-mundi-el-quadre-mes-car-de-la-historia\\\/\"},\"author\":{\"name\":\"RAED\",\"@id\":\"https:\\\/\\\/raed.academy\\\/ca\\\/#\\\/schema\\\/person\\\/5a755da80d1d979fd66ba745c8702927\"},\"headline\":\"Com pintar el &#8216;Salvator Mundi&#8217;, el quadre m\u00e9s car de la hist\u00f2ria\",\"datePublished\":\"2022-02-03T13:19:23+00:00\",\"dateModified\":\"2022-02-04T18:40:27+00:00\",\"mainEntityOfPage\":{\"@id\":\"https:\\\/\\\/raed.academy\\\/ca\\\/com-pintar-el-salvator-mundi-el-quadre-mes-car-de-la-historia\\\/\"},\"wordCount\":803,\"publisher\":{\"@id\":\"https:\\\/\\\/raed.academy\\\/ca\\\/#organization\"},\"image\":{\"@id\":\"https:\\\/\\\/raed.academy\\\/ca\\\/com-pintar-el-salvator-mundi-el-quadre-mes-car-de-la-historia\\\/#primaryimage\"},\"thumbnailUrl\":\"https:\\\/\\\/raed.academy\\\/wp-content\\\/uploads\\\/2022\\\/02\\\/Leonardo_da_Vinci_Salvator_Mundi-wikipedia.org-dmn-publico-dst.webp\",\"articleSection\":[\"Art\"],\"inLanguage\":\"ca-ES\"},{\"@type\":\"WebPage\",\"@id\":\"https:\\\/\\\/raed.academy\\\/ca\\\/com-pintar-el-salvator-mundi-el-quadre-mes-car-de-la-historia\\\/\",\"url\":\"https:\\\/\\\/raed.academy\\\/ca\\\/com-pintar-el-salvator-mundi-el-quadre-mes-car-de-la-historia\\\/\",\"name\":\"Com pintar el 'Salvator Mundi', el quadre m\u00e9s car de la hist\u00f2ria - Reial Acad\u00e8mia Europea de Doctors\",\"isPartOf\":{\"@id\":\"https:\\\/\\\/raed.academy\\\/ca\\\/#website\"},\"primaryImageOfPage\":{\"@id\":\"https:\\\/\\\/raed.academy\\\/ca\\\/com-pintar-el-salvator-mundi-el-quadre-mes-car-de-la-historia\\\/#primaryimage\"},\"image\":{\"@id\":\"https:\\\/\\\/raed.academy\\\/ca\\\/com-pintar-el-salvator-mundi-el-quadre-mes-car-de-la-historia\\\/#primaryimage\"},\"thumbnailUrl\":\"https:\\\/\\\/raed.academy\\\/wp-content\\\/uploads\\\/2022\\\/02\\\/Leonardo_da_Vinci_Salvator_Mundi-wikipedia.org-dmn-publico-dst.webp\",\"datePublished\":\"2022-02-03T13:19:23+00:00\",\"dateModified\":\"2022-02-04T18:40:27+00:00\",\"description\":\"Com emular la t\u00e8cnica pict\u00f2rica de Leonardo da Vinci, a la confer\u00e8ncia per l'expert artista pl\u00e0stic Mart\u00edn Garc\u00eda Cros\",\"breadcrumb\":{\"@id\":\"https:\\\/\\\/raed.academy\\\/ca\\\/com-pintar-el-salvator-mundi-el-quadre-mes-car-de-la-historia\\\/#breadcrumb\"},\"inLanguage\":\"ca-ES\",\"potentialAction\":[{\"@type\":\"ReadAction\",\"target\":[\"https:\\\/\\\/raed.academy\\\/ca\\\/com-pintar-el-salvator-mundi-el-quadre-mes-car-de-la-historia\\\/\"]}]},{\"@type\":\"ImageObject\",\"inLanguage\":\"ca-ES\",\"@id\":\"https:\\\/\\\/raed.academy\\\/ca\\\/com-pintar-el-salvator-mundi-el-quadre-mes-car-de-la-historia\\\/#primaryimage\",\"url\":\"https:\\\/\\\/raed.academy\\\/wp-content\\\/uploads\\\/2022\\\/02\\\/Leonardo_da_Vinci_Salvator_Mundi-wikipedia.org-dmn-publico-dst.webp\",\"contentUrl\":\"https:\\\/\\\/raed.academy\\\/wp-content\\\/uploads\\\/2022\\\/02\\\/Leonardo_da_Vinci_Salvator_Mundi-wikipedia.org-dmn-publico-dst.webp\",\"width\":600,\"height\":360,\"caption\":\"Salvator Mundi de Leonardo da Vinci\"},{\"@type\":\"BreadcrumbList\",\"@id\":\"https:\\\/\\\/raed.academy\\\/ca\\\/com-pintar-el-salvator-mundi-el-quadre-mes-car-de-la-historia\\\/#breadcrumb\",\"itemListElement\":[{\"@type\":\"ListItem\",\"position\":1,\"name\":\"Inicio\",\"item\":\"https:\\\/\\\/raed.academy\\\/ca\\\/\"},{\"@type\":\"ListItem\",\"position\":2,\"name\":\"Com pintar el &#8216;Salvator Mundi&#8217;, el quadre m\u00e9s car de la hist\u00f2ria\"}]},{\"@type\":\"WebSite\",\"@id\":\"https:\\\/\\\/raed.academy\\\/ca\\\/#website\",\"url\":\"https:\\\/\\\/raed.academy\\\/ca\\\/\",\"name\":\"Reial Acad\u00e8mia Europea de Doctors\",\"description\":\"Corporaci\u00f3n de derecho p\u00fablico de car\u00e1cter cient\u00edfico, t\u00e9cnico y art\u00edstico, que tiene por objeto la investigaci\u00f3n, el estudio, el fomento y la extensi\u00f3n del conocimiento en su sentido m\u00e1s amplio\",\"publisher\":{\"@id\":\"https:\\\/\\\/raed.academy\\\/ca\\\/#organization\"},\"potentialAction\":[{\"@type\":\"SearchAction\",\"target\":{\"@type\":\"EntryPoint\",\"urlTemplate\":\"https:\\\/\\\/raed.academy\\\/ca\\\/?s={search_term_string}\"},\"query-input\":{\"@type\":\"PropertyValueSpecification\",\"valueRequired\":true,\"valueName\":\"search_term_string\"}}],\"inLanguage\":\"ca-ES\"},{\"@type\":\"Organization\",\"@id\":\"https:\\\/\\\/raed.academy\\\/ca\\\/#organization\",\"name\":\"Real Academia Europea de Doctores\",\"url\":\"https:\\\/\\\/raed.academy\\\/ca\\\/\",\"logo\":{\"@type\":\"ImageObject\",\"inLanguage\":\"ca-ES\",\"@id\":\"https:\\\/\\\/raed.academy\\\/ca\\\/#\\\/schema\\\/logo\\\/image\\\/\",\"url\":\"https:\\\/\\\/raed.academy\\\/wp-content\\\/uploads\\\/2017\\\/01\\\/cropped-logo_raed.png\",\"contentUrl\":\"https:\\\/\\\/raed.academy\\\/wp-content\\\/uploads\\\/2017\\\/01\\\/cropped-logo_raed.png\",\"width\":512,\"height\":512,\"caption\":\"Real Academia Europea de Doctores\"},\"image\":{\"@id\":\"https:\\\/\\\/raed.academy\\\/ca\\\/#\\\/schema\\\/logo\\\/image\\\/\"},\"sameAs\":[\"http:\\\/\\\/fb.me\\\/raed.academy\",\"https:\\\/\\\/x.com\\\/raedacademy\",\"https:\\\/\\\/www.instagram.com\\\/raed.academy\\\/\",\"https:\\\/\\\/www.youtube.com\\\/channel\\\/UCUYQwW2KrdirNWihxMDObwg\"]},{\"@type\":\"Person\",\"@id\":\"https:\\\/\\\/raed.academy\\\/ca\\\/#\\\/schema\\\/person\\\/5a755da80d1d979fd66ba745c8702927\",\"name\":\"RAED\",\"image\":{\"@type\":\"ImageObject\",\"inLanguage\":\"ca-ES\",\"@id\":\"https:\\\/\\\/secure.gravatar.com\\\/avatar\\\/19fdfdc0d67fb9c45714b703a2ac82251c4fcea3637f002ac3c9b74c0183583c?s=96&d=mm&r=g\",\"url\":\"https:\\\/\\\/secure.gravatar.com\\\/avatar\\\/19fdfdc0d67fb9c45714b703a2ac82251c4fcea3637f002ac3c9b74c0183583c?s=96&d=mm&r=g\",\"contentUrl\":\"https:\\\/\\\/secure.gravatar.com\\\/avatar\\\/19fdfdc0d67fb9c45714b703a2ac82251c4fcea3637f002ac3c9b74c0183583c?s=96&d=mm&r=g\",\"caption\":\"RAED\"}}]}<\/script>\n<!-- \/ Yoast SEO plugin. -->","yoast_head_json":{"title":"Com pintar el 'Salvator Mundi', el quadre m\u00e9s car de la hist\u00f2ria - Reial Acad\u00e8mia Europea de Doctors","description":"Com emular la t\u00e8cnica pict\u00f2rica de Leonardo da Vinci, a la confer\u00e8ncia per l'expert artista pl\u00e0stic Mart\u00edn Garc\u00eda Cros","robots":{"index":"index","follow":"follow","max-snippet":"max-snippet:-1","max-image-preview":"max-image-preview:large","max-video-preview":"max-video-preview:-1"},"canonical":"https:\/\/raed.academy\/ca\/com-pintar-el-salvator-mundi-el-quadre-mes-car-de-la-historia\/","og_locale":"ca_ES","og_type":"article","og_title":"Com pintar el 'Salvator Mundi', el quadre m\u00e9s car de la hist\u00f2ria - Reial Acad\u00e8mia Europea de Doctors","og_description":"Com emular la t\u00e8cnica pict\u00f2rica de Leonardo da Vinci, a la confer\u00e8ncia per l'expert artista pl\u00e0stic Mart\u00edn Garc\u00eda Cros","og_url":"https:\/\/raed.academy\/ca\/com-pintar-el-salvator-mundi-el-quadre-mes-car-de-la-historia\/","og_site_name":"Reial Acad\u00e8mia Europea de Doctors","article_publisher":"http:\/\/fb.me\/raed.academy","article_published_time":"2022-02-03T13:19:23+00:00","article_modified_time":"2022-02-04T18:40:27+00:00","og_image":[{"width":600,"height":360,"url":"https:\/\/raed.academy\/wp-content\/uploads\/2022\/02\/Leonardo_da_Vinci_Salvator_Mundi-wikipedia.org-dmn-publico-dst.webp","type":"image\/webp"}],"author":"RAED","twitter_card":"summary_large_image","twitter_creator":"@raedacademy","twitter_site":"@raedacademy","twitter_misc":{"Written by":"RAED","Est. reading time":"4 minutes"},"schema":{"@context":"https:\/\/schema.org","@graph":[{"@type":"Article","@id":"https:\/\/raed.academy\/ca\/com-pintar-el-salvator-mundi-el-quadre-mes-car-de-la-historia\/#article","isPartOf":{"@id":"https:\/\/raed.academy\/ca\/com-pintar-el-salvator-mundi-el-quadre-mes-car-de-la-historia\/"},"author":{"name":"RAED","@id":"https:\/\/raed.academy\/ca\/#\/schema\/person\/5a755da80d1d979fd66ba745c8702927"},"headline":"Com pintar el &#8216;Salvator Mundi&#8217;, el quadre m\u00e9s car de la hist\u00f2ria","datePublished":"2022-02-03T13:19:23+00:00","dateModified":"2022-02-04T18:40:27+00:00","mainEntityOfPage":{"@id":"https:\/\/raed.academy\/ca\/com-pintar-el-salvator-mundi-el-quadre-mes-car-de-la-historia\/"},"wordCount":803,"publisher":{"@id":"https:\/\/raed.academy\/ca\/#organization"},"image":{"@id":"https:\/\/raed.academy\/ca\/com-pintar-el-salvator-mundi-el-quadre-mes-car-de-la-historia\/#primaryimage"},"thumbnailUrl":"https:\/\/raed.academy\/wp-content\/uploads\/2022\/02\/Leonardo_da_Vinci_Salvator_Mundi-wikipedia.org-dmn-publico-dst.webp","articleSection":["Art"],"inLanguage":"ca-ES"},{"@type":"WebPage","@id":"https:\/\/raed.academy\/ca\/com-pintar-el-salvator-mundi-el-quadre-mes-car-de-la-historia\/","url":"https:\/\/raed.academy\/ca\/com-pintar-el-salvator-mundi-el-quadre-mes-car-de-la-historia\/","name":"Com pintar el 'Salvator Mundi', el quadre m\u00e9s car de la hist\u00f2ria - Reial Acad\u00e8mia Europea de Doctors","isPartOf":{"@id":"https:\/\/raed.academy\/ca\/#website"},"primaryImageOfPage":{"@id":"https:\/\/raed.academy\/ca\/com-pintar-el-salvator-mundi-el-quadre-mes-car-de-la-historia\/#primaryimage"},"image":{"@id":"https:\/\/raed.academy\/ca\/com-pintar-el-salvator-mundi-el-quadre-mes-car-de-la-historia\/#primaryimage"},"thumbnailUrl":"https:\/\/raed.academy\/wp-content\/uploads\/2022\/02\/Leonardo_da_Vinci_Salvator_Mundi-wikipedia.org-dmn-publico-dst.webp","datePublished":"2022-02-03T13:19:23+00:00","dateModified":"2022-02-04T18:40:27+00:00","description":"Com emular la t\u00e8cnica pict\u00f2rica de Leonardo da Vinci, a la confer\u00e8ncia per l'expert artista pl\u00e0stic Mart\u00edn Garc\u00eda Cros","breadcrumb":{"@id":"https:\/\/raed.academy\/ca\/com-pintar-el-salvator-mundi-el-quadre-mes-car-de-la-historia\/#breadcrumb"},"inLanguage":"ca-ES","potentialAction":[{"@type":"ReadAction","target":["https:\/\/raed.academy\/ca\/com-pintar-el-salvator-mundi-el-quadre-mes-car-de-la-historia\/"]}]},{"@type":"ImageObject","inLanguage":"ca-ES","@id":"https:\/\/raed.academy\/ca\/com-pintar-el-salvator-mundi-el-quadre-mes-car-de-la-historia\/#primaryimage","url":"https:\/\/raed.academy\/wp-content\/uploads\/2022\/02\/Leonardo_da_Vinci_Salvator_Mundi-wikipedia.org-dmn-publico-dst.webp","contentUrl":"https:\/\/raed.academy\/wp-content\/uploads\/2022\/02\/Leonardo_da_Vinci_Salvator_Mundi-wikipedia.org-dmn-publico-dst.webp","width":600,"height":360,"caption":"Salvator Mundi de Leonardo da Vinci"},{"@type":"BreadcrumbList","@id":"https:\/\/raed.academy\/ca\/com-pintar-el-salvator-mundi-el-quadre-mes-car-de-la-historia\/#breadcrumb","itemListElement":[{"@type":"ListItem","position":1,"name":"Inicio","item":"https:\/\/raed.academy\/ca\/"},{"@type":"ListItem","position":2,"name":"Com pintar el &#8216;Salvator Mundi&#8217;, el quadre m\u00e9s car de la hist\u00f2ria"}]},{"@type":"WebSite","@id":"https:\/\/raed.academy\/ca\/#website","url":"https:\/\/raed.academy\/ca\/","name":"Reial Acad\u00e8mia Europea de Doctors","description":"Corporaci\u00f3n de derecho p\u00fablico de car\u00e1cter cient\u00edfico, t\u00e9cnico y art\u00edstico, que tiene por objeto la investigaci\u00f3n, el estudio, el fomento y la extensi\u00f3n del conocimiento en su sentido m\u00e1s amplio","publisher":{"@id":"https:\/\/raed.academy\/ca\/#organization"},"potentialAction":[{"@type":"SearchAction","target":{"@type":"EntryPoint","urlTemplate":"https:\/\/raed.academy\/ca\/?s={search_term_string}"},"query-input":{"@type":"PropertyValueSpecification","valueRequired":true,"valueName":"search_term_string"}}],"inLanguage":"ca-ES"},{"@type":"Organization","@id":"https:\/\/raed.academy\/ca\/#organization","name":"Real Academia Europea de Doctores","url":"https:\/\/raed.academy\/ca\/","logo":{"@type":"ImageObject","inLanguage":"ca-ES","@id":"https:\/\/raed.academy\/ca\/#\/schema\/logo\/image\/","url":"https:\/\/raed.academy\/wp-content\/uploads\/2017\/01\/cropped-logo_raed.png","contentUrl":"https:\/\/raed.academy\/wp-content\/uploads\/2017\/01\/cropped-logo_raed.png","width":512,"height":512,"caption":"Real Academia Europea de Doctores"},"image":{"@id":"https:\/\/raed.academy\/ca\/#\/schema\/logo\/image\/"},"sameAs":["http:\/\/fb.me\/raed.academy","https:\/\/x.com\/raedacademy","https:\/\/www.instagram.com\/raed.academy\/","https:\/\/www.youtube.com\/channel\/UCUYQwW2KrdirNWihxMDObwg"]},{"@type":"Person","@id":"https:\/\/raed.academy\/ca\/#\/schema\/person\/5a755da80d1d979fd66ba745c8702927","name":"RAED","image":{"@type":"ImageObject","inLanguage":"ca-ES","@id":"https:\/\/secure.gravatar.com\/avatar\/19fdfdc0d67fb9c45714b703a2ac82251c4fcea3637f002ac3c9b74c0183583c?s=96&d=mm&r=g","url":"https:\/\/secure.gravatar.com\/avatar\/19fdfdc0d67fb9c45714b703a2ac82251c4fcea3637f002ac3c9b74c0183583c?s=96&d=mm&r=g","contentUrl":"https:\/\/secure.gravatar.com\/avatar\/19fdfdc0d67fb9c45714b703a2ac82251c4fcea3637f002ac3c9b74c0183583c?s=96&d=mm&r=g","caption":"RAED"}}]}},"_links":{"self":[{"href":"https:\/\/raed.academy\/ca\/wp-json\/wp\/v2\/posts\/112412","targetHints":{"allow":["GET"]}}],"collection":[{"href":"https:\/\/raed.academy\/ca\/wp-json\/wp\/v2\/posts"}],"about":[{"href":"https:\/\/raed.academy\/ca\/wp-json\/wp\/v2\/types\/post"}],"author":[{"embeddable":true,"href":"https:\/\/raed.academy\/ca\/wp-json\/wp\/v2\/users\/12"}],"replies":[{"embeddable":true,"href":"https:\/\/raed.academy\/ca\/wp-json\/wp\/v2\/comments?post=112412"}],"version-history":[{"count":0,"href":"https:\/\/raed.academy\/ca\/wp-json\/wp\/v2\/posts\/112412\/revisions"}],"wp:featuredmedia":[{"embeddable":true,"href":"https:\/\/raed.academy\/ca\/wp-json\/wp\/v2\/media\/112376"}],"wp:attachment":[{"href":"https:\/\/raed.academy\/ca\/wp-json\/wp\/v2\/media?parent=112412"}],"wp:term":[{"taxonomy":"category","embeddable":true,"href":"https:\/\/raed.academy\/ca\/wp-json\/wp\/v2\/categories?post=112412"},{"taxonomy":"post_tag","embeddable":true,"href":"https:\/\/raed.academy\/ca\/wp-json\/wp\/v2\/tags?post=112412"}],"curies":[{"name":"wp","href":"https:\/\/api.w.org\/{rel}","templated":true}]}}