{"id":110711,"date":"2022-01-13T10:49:12","date_gmt":"2022-01-13T10:49:12","guid":{"rendered":"https:\/\/raed.academy\/?p=110711"},"modified":"2022-01-13T17:11:44","modified_gmt":"2022-01-13T17:11:44","slug":"capsules-de-coneixement-interrelacio-cognitiva-com-a-font-del-saber","status":"publish","type":"post","link":"https:\/\/raed.academy\/ca\/capsules-de-coneixement-interrelacio-cognitiva-com-a-font-del-saber\/","title":{"rendered":"C\u00e0psules de Coneixement: interrelaci\u00f3 cognitiva com a font del saber"},"content":{"rendered":"<p><strong>Manuel Murillo<\/strong>, director de comunicaci\u00f3 de la <strong>Reial Acad\u00e8mia Europea de Doctors-Barcelona 1914<\/strong> (RAED), presenta el nou format did\u00e0ctic del projecte <a href=\"https:\/\/fundacionraed.org\/retos-vitales\/\" target=\"_blank\" rel=\"noopener\"><strong>Reptes Vitals per a una Nova Era<\/strong><\/a>, que la RAED elabora juntament amb la <a href=\"https:\/\/fundacionraed.org\/\" target=\"_blank\" rel=\"noopener\"><strong>Fundaci\u00f3 Pro Reial Acad\u00e8mia Europea de Doctors<\/strong><\/a>. Les dues institucions ja treballen en la segona edici\u00f3 d&#8217;aquesta ambiciosa guia per afrontar amb les garanties que ofereix el rigor de la ci\u00e8ncia una nova era per a la humanitat.<\/p>\n<h2>C\u00e0psules de Coneixement: interrelaci\u00f3 cognitiva com a font del saber<\/h2>\n<p>L&#8217;objectiu de <a href=\"https:\/\/fundacionraed.org\/retos-vitales\/\" target=\"_blank\" rel=\"noopener\"><strong>Reptes Vitals per a una Nova Era<\/strong><\/a> \u00e9s inspirar la societat a trav\u00e9s de la transmissi\u00f3 del coneixement que integra la Reial Acad\u00e8mia Europea de Doctors-Barcelona 1914 (RAED) i la <a href=\"https:\/\/fundacionraed.org\/\" target=\"_blank\" rel=\"noopener\"><strong>Fundaci\u00f3 Pro Reial Acad\u00e8mia Europea de Doctors<\/strong><\/a>. Reptes Vitals no \u00e9s nom\u00e9s un exercici intel\u00b7lectual, sin\u00f3 que pret\u00e9n impulsar accions efectives que permetin afrontar amb esperan\u00e7a els desafiaments socials, econ\u00f2mics i ecol\u00f2gics que avui condicionen les nostres vides i tamb\u00e9 la de les generacions futures, sobretot, arran de l&#8217;impacte disruptiu de la pand\u00e8mia per la Covid-19.<\/p>\n<p>Reptes Vitals promou accions, iniciatives i projectes d&#8217;impacte davant dels grans desafiaments de la humanitat des del coneixement i l&#8217;experi\u00e8ncia en \u00e0mbits tan diversos com sostenibilitat i canvi clim\u00e0tic; salut; territoris intel\u00b7ligents i smart cities; noves tecnologies i Big Data; economia, pol\u00edtica i riscos; educaci\u00f3, l&#8217;\u00e8tica i els valors; aix\u00ed com de les humanitats i les ci\u00e8ncies jur\u00eddiques.<\/p>\n<p>Els autors que participen en el document, des d&#8217;experts en temes espec\u00edfics i rellevants fins a grans figures intel\u00b7lectuals nacionals i internacionals -el criteri i saber dels quals est\u00e0 influint en l&#8217;esdevenir de la societat actual- estan aportant en aquest document coneixement i experi\u00e8ncia als reptes de les tem\u00e0tiques que abordem cada any, fent llum a trav\u00e9s dels seus postulats i solucions reals als desafiaments del m\u00f3n que ha d&#8217;afrontar la nostra societat globalitzada. Tanmateix, en un m\u00f3n tan interrelacionat i tecnol\u00f2gic, les solucions s&#8217;han de plantejar des d&#8217;una visi\u00f3 hol\u00edstica, en qu\u00e8 la comunicaci\u00f3 i les noves tecnologies permeten la sinergia social i determinen l&#8217;efectivitat i la posada en marxa de les accions que aporten respostes eficaces a curt, mitj\u00e0 i llarg termini.<\/p>\n<h2>Creant C\u00e0psules de Coneixement<\/h2>\n<p>Cadascun dels autors seleccionats per realitzar articles in\u00e8dits al document anual Reptes Vitals per a una Nova Era exposen la seva visi\u00f3 sobre una tem\u00e0tica concreta, aportant la seva experi\u00e8ncia personal i intel\u00b7lectual. Tamb\u00e9 interrelaciona i contrasta els seus coneixements amb altres autors i corrents de pensament per argumentar amb dades, certeses els seus plantejaments i saber, aix\u00ed com les incerteses. Tots els autors conclouen fent un diagn\u00f2stic de la seva tem\u00e0tica que ens ajuda a entendre la naturalesa del repte i de com afrontar-ho amb \u00e8xit.<\/p>\n<p>Per\u00f2 de la lectura assossegada de tots els articles, l&#8217;univers intel\u00b7lectual s&#8217;amplia de manera insospitada entre totes les tem\u00e0tiques i genera una associaci\u00f3 de saber enriquit. Aix\u00f2 genera un increment exponencial de coneixement i interpretaci\u00f3 de la proposta de Reptes Vitals.<\/p>\n<div id=\"attachment_110735\" style=\"width: 810px\" class=\"wp-caption aligncenter\"><img loading=\"lazy\" decoding=\"async\" aria-describedby=\"caption-attachment-110735\" class=\"wp-image-110735 size-full\" src=\"https:\/\/raed.academy\/wp-content\/uploads\/2022\/01\/capacidad-cognitiva-y-de-conocimiento.webp\" sizes=\"(max-width: 800px) 100vw, 800px\" srcset=\"https:\/\/raed.academy\/wp-content\/uploads\/2022\/01\/capacidad-cognitiva-y-de-conocimiento.webp 800w, https:\/\/raed.academy\/wp-content\/uploads\/2022\/01\/capacidad-cognitiva-y-de-conocimiento-768x576.webp 768w, https:\/\/raed.academy\/wp-content\/uploads\/2022\/01\/capacidad-cognitiva-y-de-conocimiento-400x300.webp 400w\" alt=\"\" width=\"800\" height=\"600\" aria-describedby=\"caption-attachment-110735\" \/><p id=\"caption-attachment-110735\" class=\"wp-caption-text\">La capacitat cognitiva i de coneixement augmenta en compartir informaci\u00f3 entre acad\u00e8mics, experts i societat. Aix\u00f2 amplia el nostre univers intel\u00b7lectual com a civilitzaci\u00f3 generant saber enriquit que es retroalimenta i permet millorar la transmissi\u00f3 del coneixement a la societat aconseguint els objectius del projecte \u201cReptes Vitals per a una nova era\u201d.<\/p><\/div>\n<p>El pare <strong>\u00c1ngel Garc\u00eda<\/strong>, <strong>Premi Pr\u00edncep d&#8217;Ast\u00faries a la Conc\u00f2rdia<\/strong> i fundador de l&#8217;ONG <strong>Missatgers de la Pau<\/strong>, afirma que un dels grans reptes de la societat actual \u00e9s la solitud; <strong>Fina Puigdevall<\/strong>, propiet\u00e0ria i cuinera del restaurant <strong>Les Cols<\/strong> d&#8217;Olot (Girona) -dues estrelles de la <strong>Guia Michelin 2022<\/strong>&#8211; expressa la import\u00e0ncia de la intimitat de la persona davant dels seus sentiments (cuinar al mateix lloc on un va n\u00e9ixer, cultivar aliments a l&#8217;hort familiar o conviure a prop del restaurant amb la mare, inspiradora en la vida i en la forma d&#8217;entendre la cuina).<\/p>\n<p><a href=\"https:\/\/raed.academy\/ca\/academics\/dra-rosalia-arteaga-serrano\/\" target=\"_blank\" rel=\"noopener\"><em><strong>Rosal\u00eda Arteaga<\/strong><\/em><\/a>, expresidenta de l&#8217;Equador i acad\u00e8mica d&#8217;honor de la RAED, parla de la import\u00e0ncia d&#8217;educaci\u00f3 a Llatinoam\u00e8rica per aconseguir un increment del benestar i de la necessitat de dotar el continent de les infraestructures tecnol\u00f2giques suficients per fer front als reptes de les futures generacions; <a href=\"https:\/\/raed.academy\/ca\/academics\/dra-teresa-freixes-sanjuan\/\" target=\"_blank\" rel=\"noopener\"><em><strong>Teresa Freixes<\/strong><\/em><\/a>,\u00a0catedr\u00e0tica Jean Monnet ad personam, presidenta de <strong>Citizens Pro Europe<\/strong> i acad\u00e8mica de n\u00famero i vicepresidenta de la RAED, fa \u00e8mfasi en la import\u00e0ncia que a l&#8217;educaci\u00f3 prim\u00e0ria s&#8217;expliqui l&#8217;esess\u00e8ncia de la democr\u00e0cia, de les seves institucions i del concepte de llibertat per garantir el progr\u00e9s social i els drets humans, avui dia, a parer seu, molt amena\u00e7ats.<\/p>\n<p>De la interrelaci\u00f3 de les idees dels autors de Reptes Vitals per a una Nova Era, mitjan\u00e7ant connectors l\u00f2gics, discursius i pragm\u00e0tics, el document proposa nous discursos i debats intensos que enriqueixen les propostes dels articulistes mitjan\u00e7ant un exercici d&#8217;interrelaci\u00f3 d&#8217;idees, de construcci\u00f3 d&#8217;arguments i de propostes erudites per provocar al lector sorpresa, inquietud i passi\u00f3 per un futur millor. Les <strong>C\u00e0psules de Coneixement<\/strong> exerciran, per tant, de constructors d&#8217;idees i debats sobre la base dels documents, les propostes i les idees aportades pels autors.<\/p>\n","protected":false},"excerpt":{"rendered":"<p>De la interrelaci\u00f3 de les idees dels autors de Reptes Vitals, el document proposa nous discursos i debats intensos que enriqueixen les propostes dels articulistes<\/p>\n","protected":false},"author":12,"featured_media":110736,"comment_status":"closed","ping_status":"closed","sticky":false,"template":"","format":"standard","meta":{"_et_pb_use_builder":"","_et_pb_old_content":"","_et_gb_content_width":"","footnotes":""},"categories":[371],"tags":[],"class_list":["post-110711","post","type-post","status-publish","format-standard","has-post-thumbnail","hentry","category-reptes-vitals-per-a-una-nova-era","et-has-post-format-content","et_post_format-et-post-format-standard"],"yoast_head":"<!-- This site is optimized with the Yoast SEO plugin v27.4 - https:\/\/yoast.com\/product\/yoast-seo-wordpress\/ -->\n<title>C\u00e0psules de Coneixement: interrelaci\u00f3 cognitiva com a font del saber - Reial Acad\u00e8mia Europea de Doctors<\/title>\n<meta name=\"description\" content=\"De la interrelaci\u00f3 de les idees dels autors de Reptes Vitals, sorgeixen nous discursos i debats intensos\" \/>\n<meta name=\"robots\" content=\"index, follow, max-snippet:-1, max-image-preview:large, max-video-preview:-1\" \/>\n<link rel=\"canonical\" href=\"https:\/\/raed.academy\/ca\/capsules-de-coneixement-interrelacio-cognitiva-com-a-font-del-saber\/\" \/>\n<meta property=\"og:locale\" content=\"ca_ES\" \/>\n<meta property=\"og:type\" content=\"article\" \/>\n<meta property=\"og:title\" content=\"C\u00e0psules de Coneixement: interrelaci\u00f3 cognitiva com a font del saber - Reial Acad\u00e8mia Europea de Doctors\" \/>\n<meta property=\"og:description\" content=\"De la interrelaci\u00f3 de les idees dels autors de Reptes Vitals, sorgeixen nous discursos i debats intensos\" \/>\n<meta property=\"og:url\" content=\"https:\/\/raed.academy\/ca\/capsules-de-coneixement-interrelacio-cognitiva-com-a-font-del-saber\/\" \/>\n<meta property=\"og:site_name\" content=\"Reial Acad\u00e8mia Europea de Doctors\" \/>\n<meta property=\"article:publisher\" content=\"http:\/\/fb.me\/raed.academy\" \/>\n<meta property=\"article:published_time\" content=\"2022-01-13T10:49:12+00:00\" \/>\n<meta property=\"article:modified_time\" content=\"2022-01-13T17:11:44+00:00\" \/>\n<meta property=\"og:image\" content=\"https:\/\/raed.academy\/wp-content\/uploads\/2022\/01\/capacidad-cognitiva-y-de-conocimiento.webp\" \/>\n\t<meta property=\"og:image:width\" content=\"800\" \/>\n\t<meta property=\"og:image:height\" content=\"600\" \/>\n\t<meta property=\"og:image:type\" content=\"image\/webp\" \/>\n<meta name=\"author\" content=\"RAED\" \/>\n<meta name=\"twitter:card\" content=\"summary_large_image\" \/>\n<meta name=\"twitter:creator\" content=\"@raedacademy\" \/>\n<meta name=\"twitter:site\" content=\"@raedacademy\" \/>\n<meta name=\"twitter:label1\" content=\"Written by\" \/>\n\t<meta name=\"twitter:data1\" content=\"RAED\" \/>\n\t<meta name=\"twitter:label2\" content=\"Est. reading time\" \/>\n\t<meta name=\"twitter:data2\" content=\"4 minutes\" \/>\n<script type=\"application\/ld+json\" class=\"yoast-schema-graph\">{\"@context\":\"https:\\\/\\\/schema.org\",\"@graph\":[{\"@type\":\"Article\",\"@id\":\"https:\\\/\\\/raed.academy\\\/ca\\\/capsules-de-coneixement-interrelacio-cognitiva-com-a-font-del-saber\\\/#article\",\"isPartOf\":{\"@id\":\"https:\\\/\\\/raed.academy\\\/ca\\\/capsules-de-coneixement-interrelacio-cognitiva-com-a-font-del-saber\\\/\"},\"author\":{\"name\":\"RAED\",\"@id\":\"https:\\\/\\\/raed.academy\\\/ca\\\/#\\\/schema\\\/person\\\/5a755da80d1d979fd66ba745c8702927\"},\"headline\":\"C\u00e0psules de Coneixement: interrelaci\u00f3 cognitiva com a font del saber\",\"datePublished\":\"2022-01-13T10:49:12+00:00\",\"dateModified\":\"2022-01-13T17:11:44+00:00\",\"mainEntityOfPage\":{\"@id\":\"https:\\\/\\\/raed.academy\\\/ca\\\/capsules-de-coneixement-interrelacio-cognitiva-com-a-font-del-saber\\\/\"},\"wordCount\":935,\"publisher\":{\"@id\":\"https:\\\/\\\/raed.academy\\\/ca\\\/#organization\"},\"image\":{\"@id\":\"https:\\\/\\\/raed.academy\\\/ca\\\/capsules-de-coneixement-interrelacio-cognitiva-com-a-font-del-saber\\\/#primaryimage\"},\"thumbnailUrl\":\"https:\\\/\\\/raed.academy\\\/wp-content\\\/uploads\\\/2022\\\/01\\\/capacidad-cognitiva-y-de-conocimiento.webp\",\"articleSection\":[\"Reptes Vitals per a una nova era\"],\"inLanguage\":\"ca-ES\"},{\"@type\":\"WebPage\",\"@id\":\"https:\\\/\\\/raed.academy\\\/ca\\\/capsules-de-coneixement-interrelacio-cognitiva-com-a-font-del-saber\\\/\",\"url\":\"https:\\\/\\\/raed.academy\\\/ca\\\/capsules-de-coneixement-interrelacio-cognitiva-com-a-font-del-saber\\\/\",\"name\":\"C\u00e0psules de Coneixement: interrelaci\u00f3 cognitiva com a font del saber - Reial Acad\u00e8mia Europea de Doctors\",\"isPartOf\":{\"@id\":\"https:\\\/\\\/raed.academy\\\/ca\\\/#website\"},\"primaryImageOfPage\":{\"@id\":\"https:\\\/\\\/raed.academy\\\/ca\\\/capsules-de-coneixement-interrelacio-cognitiva-com-a-font-del-saber\\\/#primaryimage\"},\"image\":{\"@id\":\"https:\\\/\\\/raed.academy\\\/ca\\\/capsules-de-coneixement-interrelacio-cognitiva-com-a-font-del-saber\\\/#primaryimage\"},\"thumbnailUrl\":\"https:\\\/\\\/raed.academy\\\/wp-content\\\/uploads\\\/2022\\\/01\\\/capacidad-cognitiva-y-de-conocimiento.webp\",\"datePublished\":\"2022-01-13T10:49:12+00:00\",\"dateModified\":\"2022-01-13T17:11:44+00:00\",\"description\":\"De la interrelaci\u00f3 de les idees dels autors de Reptes Vitals, sorgeixen nous discursos i debats intensos\",\"breadcrumb\":{\"@id\":\"https:\\\/\\\/raed.academy\\\/ca\\\/capsules-de-coneixement-interrelacio-cognitiva-com-a-font-del-saber\\\/#breadcrumb\"},\"inLanguage\":\"ca-ES\",\"potentialAction\":[{\"@type\":\"ReadAction\",\"target\":[\"https:\\\/\\\/raed.academy\\\/ca\\\/capsules-de-coneixement-interrelacio-cognitiva-com-a-font-del-saber\\\/\"]}]},{\"@type\":\"ImageObject\",\"inLanguage\":\"ca-ES\",\"@id\":\"https:\\\/\\\/raed.academy\\\/ca\\\/capsules-de-coneixement-interrelacio-cognitiva-com-a-font-del-saber\\\/#primaryimage\",\"url\":\"https:\\\/\\\/raed.academy\\\/wp-content\\\/uploads\\\/2022\\\/01\\\/capacidad-cognitiva-y-de-conocimiento.webp\",\"contentUrl\":\"https:\\\/\\\/raed.academy\\\/wp-content\\\/uploads\\\/2022\\\/01\\\/capacidad-cognitiva-y-de-conocimiento.webp\",\"width\":800,\"height\":600},{\"@type\":\"BreadcrumbList\",\"@id\":\"https:\\\/\\\/raed.academy\\\/ca\\\/capsules-de-coneixement-interrelacio-cognitiva-com-a-font-del-saber\\\/#breadcrumb\",\"itemListElement\":[{\"@type\":\"ListItem\",\"position\":1,\"name\":\"Inicio\",\"item\":\"https:\\\/\\\/raed.academy\\\/ca\\\/\"},{\"@type\":\"ListItem\",\"position\":2,\"name\":\"C\u00e0psules de Coneixement: interrelaci\u00f3 cognitiva com a font del saber\"}]},{\"@type\":\"WebSite\",\"@id\":\"https:\\\/\\\/raed.academy\\\/ca\\\/#website\",\"url\":\"https:\\\/\\\/raed.academy\\\/ca\\\/\",\"name\":\"Reial Acad\u00e8mia Europea de Doctors\",\"description\":\"Corporaci\u00f3n de derecho p\u00fablico de car\u00e1cter cient\u00edfico, t\u00e9cnico y art\u00edstico, que tiene por objeto la investigaci\u00f3n, el estudio, el fomento y la extensi\u00f3n del conocimiento en su sentido m\u00e1s amplio\",\"publisher\":{\"@id\":\"https:\\\/\\\/raed.academy\\\/ca\\\/#organization\"},\"potentialAction\":[{\"@type\":\"SearchAction\",\"target\":{\"@type\":\"EntryPoint\",\"urlTemplate\":\"https:\\\/\\\/raed.academy\\\/ca\\\/?s={search_term_string}\"},\"query-input\":{\"@type\":\"PropertyValueSpecification\",\"valueRequired\":true,\"valueName\":\"search_term_string\"}}],\"inLanguage\":\"ca-ES\"},{\"@type\":\"Organization\",\"@id\":\"https:\\\/\\\/raed.academy\\\/ca\\\/#organization\",\"name\":\"Real Academia Europea de Doctores\",\"url\":\"https:\\\/\\\/raed.academy\\\/ca\\\/\",\"logo\":{\"@type\":\"ImageObject\",\"inLanguage\":\"ca-ES\",\"@id\":\"https:\\\/\\\/raed.academy\\\/ca\\\/#\\\/schema\\\/logo\\\/image\\\/\",\"url\":\"https:\\\/\\\/raed.academy\\\/wp-content\\\/uploads\\\/2017\\\/01\\\/cropped-logo_raed.png\",\"contentUrl\":\"https:\\\/\\\/raed.academy\\\/wp-content\\\/uploads\\\/2017\\\/01\\\/cropped-logo_raed.png\",\"width\":512,\"height\":512,\"caption\":\"Real Academia Europea de Doctores\"},\"image\":{\"@id\":\"https:\\\/\\\/raed.academy\\\/ca\\\/#\\\/schema\\\/logo\\\/image\\\/\"},\"sameAs\":[\"http:\\\/\\\/fb.me\\\/raed.academy\",\"https:\\\/\\\/x.com\\\/raedacademy\",\"https:\\\/\\\/www.instagram.com\\\/raed.academy\\\/\",\"https:\\\/\\\/www.youtube.com\\\/channel\\\/UCUYQwW2KrdirNWihxMDObwg\"]},{\"@type\":\"Person\",\"@id\":\"https:\\\/\\\/raed.academy\\\/ca\\\/#\\\/schema\\\/person\\\/5a755da80d1d979fd66ba745c8702927\",\"name\":\"RAED\",\"image\":{\"@type\":\"ImageObject\",\"inLanguage\":\"ca-ES\",\"@id\":\"https:\\\/\\\/secure.gravatar.com\\\/avatar\\\/19fdfdc0d67fb9c45714b703a2ac82251c4fcea3637f002ac3c9b74c0183583c?s=96&d=mm&r=g\",\"url\":\"https:\\\/\\\/secure.gravatar.com\\\/avatar\\\/19fdfdc0d67fb9c45714b703a2ac82251c4fcea3637f002ac3c9b74c0183583c?s=96&d=mm&r=g\",\"contentUrl\":\"https:\\\/\\\/secure.gravatar.com\\\/avatar\\\/19fdfdc0d67fb9c45714b703a2ac82251c4fcea3637f002ac3c9b74c0183583c?s=96&d=mm&r=g\",\"caption\":\"RAED\"}}]}<\/script>\n<!-- \/ Yoast SEO plugin. -->","yoast_head_json":{"title":"C\u00e0psules de Coneixement: interrelaci\u00f3 cognitiva com a font del saber - Reial Acad\u00e8mia Europea de Doctors","description":"De la interrelaci\u00f3 de les idees dels autors de Reptes Vitals, sorgeixen nous discursos i debats intensos","robots":{"index":"index","follow":"follow","max-snippet":"max-snippet:-1","max-image-preview":"max-image-preview:large","max-video-preview":"max-video-preview:-1"},"canonical":"https:\/\/raed.academy\/ca\/capsules-de-coneixement-interrelacio-cognitiva-com-a-font-del-saber\/","og_locale":"ca_ES","og_type":"article","og_title":"C\u00e0psules de Coneixement: interrelaci\u00f3 cognitiva com a font del saber - Reial Acad\u00e8mia Europea de Doctors","og_description":"De la interrelaci\u00f3 de les idees dels autors de Reptes Vitals, sorgeixen nous discursos i debats intensos","og_url":"https:\/\/raed.academy\/ca\/capsules-de-coneixement-interrelacio-cognitiva-com-a-font-del-saber\/","og_site_name":"Reial Acad\u00e8mia Europea de Doctors","article_publisher":"http:\/\/fb.me\/raed.academy","article_published_time":"2022-01-13T10:49:12+00:00","article_modified_time":"2022-01-13T17:11:44+00:00","og_image":[{"width":800,"height":600,"url":"https:\/\/raed.academy\/wp-content\/uploads\/2022\/01\/capacidad-cognitiva-y-de-conocimiento.webp","type":"image\/webp"}],"author":"RAED","twitter_card":"summary_large_image","twitter_creator":"@raedacademy","twitter_site":"@raedacademy","twitter_misc":{"Written by":"RAED","Est. reading time":"4 minutes"},"schema":{"@context":"https:\/\/schema.org","@graph":[{"@type":"Article","@id":"https:\/\/raed.academy\/ca\/capsules-de-coneixement-interrelacio-cognitiva-com-a-font-del-saber\/#article","isPartOf":{"@id":"https:\/\/raed.academy\/ca\/capsules-de-coneixement-interrelacio-cognitiva-com-a-font-del-saber\/"},"author":{"name":"RAED","@id":"https:\/\/raed.academy\/ca\/#\/schema\/person\/5a755da80d1d979fd66ba745c8702927"},"headline":"C\u00e0psules de Coneixement: interrelaci\u00f3 cognitiva com a font del saber","datePublished":"2022-01-13T10:49:12+00:00","dateModified":"2022-01-13T17:11:44+00:00","mainEntityOfPage":{"@id":"https:\/\/raed.academy\/ca\/capsules-de-coneixement-interrelacio-cognitiva-com-a-font-del-saber\/"},"wordCount":935,"publisher":{"@id":"https:\/\/raed.academy\/ca\/#organization"},"image":{"@id":"https:\/\/raed.academy\/ca\/capsules-de-coneixement-interrelacio-cognitiva-com-a-font-del-saber\/#primaryimage"},"thumbnailUrl":"https:\/\/raed.academy\/wp-content\/uploads\/2022\/01\/capacidad-cognitiva-y-de-conocimiento.webp","articleSection":["Reptes Vitals per a una nova era"],"inLanguage":"ca-ES"},{"@type":"WebPage","@id":"https:\/\/raed.academy\/ca\/capsules-de-coneixement-interrelacio-cognitiva-com-a-font-del-saber\/","url":"https:\/\/raed.academy\/ca\/capsules-de-coneixement-interrelacio-cognitiva-com-a-font-del-saber\/","name":"C\u00e0psules de Coneixement: interrelaci\u00f3 cognitiva com a font del saber - Reial Acad\u00e8mia Europea de Doctors","isPartOf":{"@id":"https:\/\/raed.academy\/ca\/#website"},"primaryImageOfPage":{"@id":"https:\/\/raed.academy\/ca\/capsules-de-coneixement-interrelacio-cognitiva-com-a-font-del-saber\/#primaryimage"},"image":{"@id":"https:\/\/raed.academy\/ca\/capsules-de-coneixement-interrelacio-cognitiva-com-a-font-del-saber\/#primaryimage"},"thumbnailUrl":"https:\/\/raed.academy\/wp-content\/uploads\/2022\/01\/capacidad-cognitiva-y-de-conocimiento.webp","datePublished":"2022-01-13T10:49:12+00:00","dateModified":"2022-01-13T17:11:44+00:00","description":"De la interrelaci\u00f3 de les idees dels autors de Reptes Vitals, sorgeixen nous discursos i debats intensos","breadcrumb":{"@id":"https:\/\/raed.academy\/ca\/capsules-de-coneixement-interrelacio-cognitiva-com-a-font-del-saber\/#breadcrumb"},"inLanguage":"ca-ES","potentialAction":[{"@type":"ReadAction","target":["https:\/\/raed.academy\/ca\/capsules-de-coneixement-interrelacio-cognitiva-com-a-font-del-saber\/"]}]},{"@type":"ImageObject","inLanguage":"ca-ES","@id":"https:\/\/raed.academy\/ca\/capsules-de-coneixement-interrelacio-cognitiva-com-a-font-del-saber\/#primaryimage","url":"https:\/\/raed.academy\/wp-content\/uploads\/2022\/01\/capacidad-cognitiva-y-de-conocimiento.webp","contentUrl":"https:\/\/raed.academy\/wp-content\/uploads\/2022\/01\/capacidad-cognitiva-y-de-conocimiento.webp","width":800,"height":600},{"@type":"BreadcrumbList","@id":"https:\/\/raed.academy\/ca\/capsules-de-coneixement-interrelacio-cognitiva-com-a-font-del-saber\/#breadcrumb","itemListElement":[{"@type":"ListItem","position":1,"name":"Inicio","item":"https:\/\/raed.academy\/ca\/"},{"@type":"ListItem","position":2,"name":"C\u00e0psules de Coneixement: interrelaci\u00f3 cognitiva com a font del saber"}]},{"@type":"WebSite","@id":"https:\/\/raed.academy\/ca\/#website","url":"https:\/\/raed.academy\/ca\/","name":"Reial Acad\u00e8mia Europea de Doctors","description":"Corporaci\u00f3n de derecho p\u00fablico de car\u00e1cter cient\u00edfico, t\u00e9cnico y art\u00edstico, que tiene por objeto la investigaci\u00f3n, el estudio, el fomento y la extensi\u00f3n del conocimiento en su sentido m\u00e1s amplio","publisher":{"@id":"https:\/\/raed.academy\/ca\/#organization"},"potentialAction":[{"@type":"SearchAction","target":{"@type":"EntryPoint","urlTemplate":"https:\/\/raed.academy\/ca\/?s={search_term_string}"},"query-input":{"@type":"PropertyValueSpecification","valueRequired":true,"valueName":"search_term_string"}}],"inLanguage":"ca-ES"},{"@type":"Organization","@id":"https:\/\/raed.academy\/ca\/#organization","name":"Real Academia Europea de Doctores","url":"https:\/\/raed.academy\/ca\/","logo":{"@type":"ImageObject","inLanguage":"ca-ES","@id":"https:\/\/raed.academy\/ca\/#\/schema\/logo\/image\/","url":"https:\/\/raed.academy\/wp-content\/uploads\/2017\/01\/cropped-logo_raed.png","contentUrl":"https:\/\/raed.academy\/wp-content\/uploads\/2017\/01\/cropped-logo_raed.png","width":512,"height":512,"caption":"Real Academia Europea de Doctores"},"image":{"@id":"https:\/\/raed.academy\/ca\/#\/schema\/logo\/image\/"},"sameAs":["http:\/\/fb.me\/raed.academy","https:\/\/x.com\/raedacademy","https:\/\/www.instagram.com\/raed.academy\/","https:\/\/www.youtube.com\/channel\/UCUYQwW2KrdirNWihxMDObwg"]},{"@type":"Person","@id":"https:\/\/raed.academy\/ca\/#\/schema\/person\/5a755da80d1d979fd66ba745c8702927","name":"RAED","image":{"@type":"ImageObject","inLanguage":"ca-ES","@id":"https:\/\/secure.gravatar.com\/avatar\/19fdfdc0d67fb9c45714b703a2ac82251c4fcea3637f002ac3c9b74c0183583c?s=96&d=mm&r=g","url":"https:\/\/secure.gravatar.com\/avatar\/19fdfdc0d67fb9c45714b703a2ac82251c4fcea3637f002ac3c9b74c0183583c?s=96&d=mm&r=g","contentUrl":"https:\/\/secure.gravatar.com\/avatar\/19fdfdc0d67fb9c45714b703a2ac82251c4fcea3637f002ac3c9b74c0183583c?s=96&d=mm&r=g","caption":"RAED"}}]}},"_links":{"self":[{"href":"https:\/\/raed.academy\/ca\/wp-json\/wp\/v2\/posts\/110711","targetHints":{"allow":["GET"]}}],"collection":[{"href":"https:\/\/raed.academy\/ca\/wp-json\/wp\/v2\/posts"}],"about":[{"href":"https:\/\/raed.academy\/ca\/wp-json\/wp\/v2\/types\/post"}],"author":[{"embeddable":true,"href":"https:\/\/raed.academy\/ca\/wp-json\/wp\/v2\/users\/12"}],"replies":[{"embeddable":true,"href":"https:\/\/raed.academy\/ca\/wp-json\/wp\/v2\/comments?post=110711"}],"version-history":[{"count":0,"href":"https:\/\/raed.academy\/ca\/wp-json\/wp\/v2\/posts\/110711\/revisions"}],"wp:featuredmedia":[{"embeddable":true,"href":"https:\/\/raed.academy\/ca\/wp-json\/wp\/v2\/media\/110736"}],"wp:attachment":[{"href":"https:\/\/raed.academy\/ca\/wp-json\/wp\/v2\/media?parent=110711"}],"wp:term":[{"taxonomy":"category","embeddable":true,"href":"https:\/\/raed.academy\/ca\/wp-json\/wp\/v2\/categories?post=110711"},{"taxonomy":"post_tag","embeddable":true,"href":"https:\/\/raed.academy\/ca\/wp-json\/wp\/v2\/tags?post=110711"}],"curies":[{"name":"wp","href":"https:\/\/api.w.org\/{rel}","templated":true}]}}