{"id":109896,"date":"2021-12-16T21:49:59","date_gmt":"2021-12-16T21:49:59","guid":{"rendered":"https:\/\/raed.academy\/?p=109896"},"modified":"2021-12-17T16:07:12","modified_gmt":"2021-12-17T16:07:12","slug":"lhome-la-mort-i-la-biosfera","status":"publish","type":"post","link":"https:\/\/raed.academy\/ca\/lhome-la-mort-i-la-biosfera\/","title":{"rendered":"L&#8217;home, la mort i la biosfera"},"content":{"rendered":"<p><a href=\"https:\/\/raed.academy\/ca\/academics\/dr-august-corominas-vilardell\/\" target=\"_blank\" rel=\"noopener\"><strong><em>August Corominas<\/em><\/strong><\/a><br \/>\n<em>Professor de la Universitat de M\u00farcia i de la Universitat Aut\u00f2noma de Barcelona i acad\u00e8mic em\u00e8rit i membre del Senat de la Reial Acad\u00e8mia Europea de Doctors-Barcelona 1914 (RAED).<\/em><\/p>\n<p><a href=\"https:\/\/raed.academy\/ca\/academics\/dr-august-corominas-vilardell\/\" target=\"_blank\" rel=\"noopener\"><strong><em>August Corominas<\/em><\/strong><\/a>, professor de Fisiologia Humana de la <strong>Universitat de M\u00farcia<\/strong> i de la <strong>Universitat Aut\u00f2noma de Barcelona<\/strong> i acad\u00e8mic em\u00e8rit i membre del <strong>Senat<\/strong> de la <strong>Reial Acad\u00e8mia Europea de Doctors-Barcelona 1914<\/strong> (RAED), comparteix amb la comunitat acad\u00e8mica l&#8217;article <strong>&#8220;L&#8217;home, la mort i la biosfera&#8221;<\/strong>, una reflexi\u00f3 sobre els efectes que estan comportant la conjunci\u00f3 de la pand\u00e8mia de la Covid-19 i l&#8217;actual crisi clim\u00e0tica. Un article que se suma a les seves recents reflexions sobre els efectes del clima a la salut publicades tamb\u00e9 a la web de la RAED: <strong>&#8220;<a href=\"https:\/\/raed.academy\/ca\/efectes-directes-i-indirectes-del-canvi-climatic-sobre-la-salut-humana\/\" target=\"_blank\" rel=\"noopener\">Efectes directes i indirectes del canvi clim\u00e0tic sobre la salut humana<\/a>&#8220;<\/strong>, <strong>&#8220;<a href=\"https:\/\/raed.academy\/ca\/salut-humana-habitat-i-canvi-climatic\/\" target=\"_blank\" rel=\"noopener\">Salut humana, h\u00e0bitat i canvi clim\u00e0tic<\/a>&#8220;<\/strong>, <strong>&#8220;<a href=\"https:\/\/raed.academy\/ca\/emergencia-sanitaria-i-degradacio-ecologica\/\" target=\"_blank\" rel=\"noopener\">Emerg\u00e8ncia sanit\u00e0ria, degradaci\u00f3 ecol\u00f2gica, malaltia i mort<\/a>&#8220;<\/strong>\u00a0i <strong><a href=\"https:\/\/raed.academy\/ca\/una-hidrosfera-contaminada\/\" target=\"_blank\" rel=\"noopener\">&#8220;Una hidrosfera contaminada&#8221;<\/a><\/strong>.<\/p>\n<h3>L&#8217;home, la mort i la biosfera<\/h3>\n<p>Vida i mort, dues situacions antag\u00f2niques, separades en espai i temps amb etapes de vida fisiol\u00f2gica (morfog\u00e8nesi i fisiog\u00e8nesi). Cada etapa \u00e9s dif\u00edcil, nou mesos al naixement i mesos, dies o moments per viure segons malaltia o traumatisme. Entre l&#8217;una i l&#8217;altra hi ha la longevitat i l&#8217;esperan\u00e7a de vida que depenen de tres factors: genoma, ambioma i epigenoma. Aquesta vida es desenvolupa a la biosfera. Dels tres temes (vida, mort i biosfera) tractarem en aquest treball fruit de 20 anys fent cursos sobre <strong>&#8220;El tab\u00fa de la mort&#8221;<\/strong> a la Universitat Aut\u00f2noma de Barcelona.<\/p>\n<p>La biosfera \u00e9s el niu ecol\u00f2gic hum\u00e0. La biosfera t\u00e9 les condicions adequades per a la vida humana: gravetat, oxigen, pressi\u00f3 atmosf\u00e8rica, aliment i aigua. A cap altre planeta es podria viure com a la biosfera, sense precaucions especials. La fisiologia ambiental \u00e9s perfecta i amb una toler\u00e0ncia i adaptabilitat extraordin\u00e0ries. La humanitat maltracta i abusa de la biosfera. \u00bfQuantes tones de macro i micropl\u00e0stics hi ha al mar? I a l&#8217;atmosfera hi ha gasos que perjudiquen la vida. La humanitat tracta malament la biosfera. \u00bfQuantes morts seran degudes a la contaminaci\u00f3? A Barcelona cada any moren per malalties respirat\u00f2ries milers de persones a causa de gasos atmosf\u00e8rics. \u00c9s la Barcelona t\u00f2xica. A les emerg\u00e8ncies clim\u00e0tiques greus hi ha mort, devastaci\u00f3 i destrucci\u00f3.<\/p>\n<p>Vull valorar el que ofereix la biosfera procedent del regne vegetal, regne animal i regne mar\u00ed. A la flora, ens ofereix tots els productes vegetals, productes sanitaris per al tractament de malalties (quinina, antibi\u00f2tics, estatines, productes oncol\u00f2gics) i fitoter\u00e0pia per a tractaments en medicina alternativa de proced\u00e8ncia Xina. A la fauna tenim tota la ramaderia i molts altres animals comestibles, productes derivats, lactis, la mel, fins i tot el futur d&#8217;entomof\u00e0gia. A m\u00e9s, molts animals serveixen per experimentar productes farmac\u00e8utics. Peix i marisc. Hi destaquen alguns animals amb metabolismes espec\u00edfics que poden servir de refer\u00e8ncia.<\/p>\n<p>1.\u00a0\u00a0L&#8217;os bru i la seva hibernaci\u00f3, amb un metabolisme que no consumeix prote\u00efnes, pot servir, com a refer\u00e8ncia, per aconseguir, en viatges espacials planetaris molt llargs, una mena d&#8217;hibernaci\u00f3 per a astronautes.<\/p>\n<p>2. L&#8217;esquirol de l&#8217;\u00c0rtic bloqueja\u00a0\u00a0part de les neurones en la hibernaci\u00f3 de forma reversible. En la malaltia d&#8217;Alzheimer, juntament amb el plegament anormal de prote\u00efnes, es produeix un bloqueig de part del sistema irreversible.<\/p>\n<p>3. La musaranya \u00e9s un referent per a l&#8217;osteoporosi de crani amb contracci\u00f3 i de contracci\u00f3 del crani.<\/p>\n<p><strong>Carl Sagan<\/strong> (1934-1996), astrof\u00edsic i astrobi\u00f2leg, ha estudiat la vida exobiol\u00f2gica, la geologia planet\u00e0ria i el programa <strong>SETI<\/strong>. Va rebre nombrosos premis, especialment la <strong>Medalla d&#8217;Honor<\/strong> de la <strong>NASA<\/strong>. Deia: &#8220;la humanitat som pols d&#8217;estrelles&#8221;.<\/p>\n<p>Respecteu la biosfera, la biosfera est\u00e0 molt malament, molt t\u00f2xica. I el cos hum\u00e0 pateix i emmalalteix o mor a causa dels greus problemes del seu niu ecol\u00f2gic. Aquestes frases no les dic jo, sin\u00f3 totes les ag\u00e8ncies, associacions i organismes de medi ambient que s&#8217;ocupen del benestar i el futur de la humanitat. Ens pregunten: \u00bfcom actua la biosfera i la seva alteraci\u00f3 sobre el cos hum\u00e0? Actuen sobre tres nivells:<\/p>\n<p>1. Grans emerg\u00e8ncies (tempestes, huracans, tempestes, tifons, terratr\u00e8mols sismes submarins, inundacions\u2026). Es produeixen moltes morts i malalties posteriors, p\u00e8rdues d&#8217;habitatges, bestiar, ciutats, carreteres&#8230; que provoquen molt estr\u00e8s i afecten greument l&#8217;habitabilitat i la vida humana.<\/p>\n<p>2. Contaminaci\u00f3 atmosf\u00e8rica. Especialment gasos t\u00f2xics, aerosols, part\u00edcules ultrafines i en grans ciutats amb dificultat respiratoris (asma, bronquitis, pneum\u00f2nies, MPOC&#8230;).<\/p>\n<p>3. Contaminaci\u00f3 de la hidrosfera. Sobretot per aig\u00fces residuals, abocaments de creuers i petroliers i, sobretot, micropl\u00e0stics i pl\u00e0stics (12 milions de tones cada any als mars i oceans) que perjudiquen la fauna i flora marina i entren a la cadena aliment\u00e0ria. Fins i tot a la Fossa de les Marianes hi ha fragments de pl\u00e0stic. Algun pl\u00e0stic t\u00e9 uns 500 anys de vida.<\/p>\n<p>\u00bfQuantes intoxicacions es produeixen en persones que consumeixen peix i marisc de la Mediterr\u00e0nia? O Respectem la biosfera o adeu biosfera saludable. \u00bfHaurem de buscar exoplanetes biosf\u00e8rics? La pand\u00e8mia actual ja ensenya com es viu malament amb un virus extern. L&#8217;<strong>Organitzaci\u00f3 Mundial de la Salut<\/strong> (OMS) considera que la situaci\u00f3 actual \u00e9s insostenible per a la salut humana. Recomana per a aquest segle revertir el canvi clim\u00e0tic i emprendre la transici\u00f3 energ\u00e8tica.<\/p>\n<p>Altres aspectes que abordar s\u00f3n la correcci\u00f3 de la desigualtat poblacional i la lluita contra la pobresa i respecte als refugiats, solucionar la demografia humana, fomentar l&#8217;economia circular, eliminar residus i gasos atmosf\u00e8rics t\u00f2xics i estudiar el desenvolupament de ciutats saludables i intel\u00b7ligents seguint l&#8217;exemple de Singapur, T\u00f2quio, Abu Dabi&#8230;<\/p>\n<p>Davant de tanta depredaci\u00f3, no reaccionarem? Hi ha moltes organitzacions que proposen solucions a llarg termini, com el <strong>Pacte Verd Europeu<\/strong>. Es plantegen grans modificacions. Ciutats intel\u00b7ligents saludables, habitables, sostenibles, pr\u00f2speres, resilients, sense gran contaminaci\u00f3, pocs cotxes, mobilitat sostenible, energies renovables, economia verda i circular, amb aplicaci\u00f3 de noves tecnologies. L&#8217;OMS assenyala que la contaminaci\u00f3 empitjora el pron\u00f2stic d&#8217;algunes malalties com la Covid.<\/p>\n<p>La salut \u00e9s l&#8217;epicentre de les urbs m\u00e9s humanes. L&#8217;aigua potable de qualitat \u00e9s l&#8217;element m\u00e9s important de la vida humana. Si volem salut, benestar, evitar agressions clim\u00e0tiques i arribar a centenaris hem de respectar i fer respectar el manteniment correcte de la biosfera, evitant el canvi clim\u00e0tic, la contaminaci\u00f3 i el desgla\u00e7 dels pols.<\/p>\n<p>Segons la<strong> COP26<\/strong>, si tot segueix, igual d&#8217;aqu\u00ed a 11 anys la temperatura mitjana s&#8217;haur\u00e0 incrementat per sobre de 1,5\u00b0 i d&#8217;aqu\u00ed a 32 anys ser\u00e0 entre 2\u00ba i 3\u00b0 superiors. El darrer document i les conclusions del COP26 han estat frustrants. Els ecologistes publiquen que ha estat un frac\u00e0s.<\/p>\n","protected":false},"excerpt":{"rendered":"<p>August Corominas comparteix l&#8217;article &#8220;L&#8217;home, la mort i la biosfera&#8221;, en la l\u00ednia de la reflexi\u00f3 sobre els efectes de les actuals pand\u00e8mia i crisi clim\u00e0tica<\/p>\n","protected":false},"author":12,"featured_media":109973,"comment_status":"closed","ping_status":"closed","sticky":false,"template":"","format":"standard","meta":{"_et_pb_use_builder":"","_et_pb_old_content":"","_et_gb_content_width":"","footnotes":""},"categories":[237,332,310],"tags":[],"class_list":["post-109896","post","type-post","status-publish","format-standard","has-post-thumbnail","hentry","category-alimentacio-i-nutricio","category-biologia-ca","category-medi-ambient","et-has-post-format-content","et_post_format-et-post-format-standard"],"yoast_head":"<!-- This site is optimized with the Yoast SEO plugin v27.5 - https:\/\/yoast.com\/product\/yoast-seo-wordpress\/ -->\n<title>L&#039;home, la mort i la biosfera - Reial Acad\u00e8mia Europea de Doctors<\/title>\n<meta name=\"description\" content=\"August Corominas comparteix l&#039;article &quot;L&#039;home, la mort i la biosfera&quot;, en la reflexi\u00f3 sobre els efectes de la pand\u00e8mia i la crisi clim\u00e0tica\" \/>\n<meta name=\"robots\" content=\"index, follow, max-snippet:-1, max-image-preview:large, max-video-preview:-1\" \/>\n<link rel=\"canonical\" href=\"https:\/\/raed.academy\/ca\/lhome-la-mort-i-la-biosfera\/\" \/>\n<meta property=\"og:locale\" content=\"ca_ES\" \/>\n<meta property=\"og:type\" content=\"article\" \/>\n<meta property=\"og:title\" content=\"L&#039;home, la mort i la biosfera - Reial Acad\u00e8mia Europea de Doctors\" \/>\n<meta property=\"og:description\" content=\"August Corominas comparteix l&#039;article &quot;L&#039;home, la mort i la biosfera&quot;, en la reflexi\u00f3 sobre els efectes de la pand\u00e8mia i la crisi clim\u00e0tica\" \/>\n<meta property=\"og:url\" content=\"https:\/\/raed.academy\/ca\/lhome-la-mort-i-la-biosfera\/\" \/>\n<meta property=\"og:site_name\" content=\"Reial Acad\u00e8mia Europea de Doctors\" \/>\n<meta property=\"article:publisher\" content=\"http:\/\/fb.me\/raed.academy\" \/>\n<meta property=\"article:published_time\" content=\"2021-12-16T21:49:59+00:00\" \/>\n<meta property=\"article:modified_time\" content=\"2021-12-17T16:07:12+00:00\" \/>\n<meta property=\"og:image\" content=\"https:\/\/raed.academy\/wp-content\/uploads\/2021\/12\/Georgia-paisaje-lago-montanas-shutt-dst.webp\" \/>\n\t<meta property=\"og:image:width\" content=\"1200\" \/>\n\t<meta property=\"og:image:height\" content=\"720\" \/>\n\t<meta property=\"og:image:type\" content=\"image\/webp\" \/>\n<meta name=\"author\" content=\"RAED\" \/>\n<meta name=\"twitter:card\" content=\"summary_large_image\" \/>\n<meta name=\"twitter:creator\" content=\"@raedacademy\" \/>\n<meta name=\"twitter:site\" content=\"@raedacademy\" \/>\n<meta name=\"twitter:label1\" content=\"Written by\" \/>\n\t<meta name=\"twitter:data1\" content=\"RAED\" \/>\n\t<meta name=\"twitter:label2\" content=\"Est. reading time\" \/>\n\t<meta name=\"twitter:data2\" content=\"5 minutes\" \/>\n<script type=\"application\/ld+json\" class=\"yoast-schema-graph\">{\"@context\":\"https:\\\/\\\/schema.org\",\"@graph\":[{\"@type\":\"Article\",\"@id\":\"https:\\\/\\\/raed.academy\\\/ca\\\/lhome-la-mort-i-la-biosfera\\\/#article\",\"isPartOf\":{\"@id\":\"https:\\\/\\\/raed.academy\\\/ca\\\/lhome-la-mort-i-la-biosfera\\\/\"},\"author\":{\"name\":\"RAED\",\"@id\":\"https:\\\/\\\/raed.academy\\\/ca\\\/#\\\/schema\\\/person\\\/5a755da80d1d979fd66ba745c8702927\"},\"headline\":\"L&#8217;home, la mort i la biosfera\",\"datePublished\":\"2021-12-16T21:49:59+00:00\",\"dateModified\":\"2021-12-17T16:07:12+00:00\",\"mainEntityOfPage\":{\"@id\":\"https:\\\/\\\/raed.academy\\\/ca\\\/lhome-la-mort-i-la-biosfera\\\/\"},\"wordCount\":1181,\"publisher\":{\"@id\":\"https:\\\/\\\/raed.academy\\\/ca\\\/#organization\"},\"image\":{\"@id\":\"https:\\\/\\\/raed.academy\\\/ca\\\/lhome-la-mort-i-la-biosfera\\\/#primaryimage\"},\"thumbnailUrl\":\"https:\\\/\\\/raed.academy\\\/wp-content\\\/uploads\\\/2021\\\/12\\\/Georgia-paisaje-lago-montanas-shutt-dst.webp\",\"articleSection\":[\"Alimentaci\u00f3 i nutrici\u00f3\",\"Biologia\",\"Medi ambient\"],\"inLanguage\":\"ca-ES\"},{\"@type\":\"WebPage\",\"@id\":\"https:\\\/\\\/raed.academy\\\/ca\\\/lhome-la-mort-i-la-biosfera\\\/\",\"url\":\"https:\\\/\\\/raed.academy\\\/ca\\\/lhome-la-mort-i-la-biosfera\\\/\",\"name\":\"L'home, la mort i la biosfera - Reial Acad\u00e8mia Europea de Doctors\",\"isPartOf\":{\"@id\":\"https:\\\/\\\/raed.academy\\\/ca\\\/#website\"},\"primaryImageOfPage\":{\"@id\":\"https:\\\/\\\/raed.academy\\\/ca\\\/lhome-la-mort-i-la-biosfera\\\/#primaryimage\"},\"image\":{\"@id\":\"https:\\\/\\\/raed.academy\\\/ca\\\/lhome-la-mort-i-la-biosfera\\\/#primaryimage\"},\"thumbnailUrl\":\"https:\\\/\\\/raed.academy\\\/wp-content\\\/uploads\\\/2021\\\/12\\\/Georgia-paisaje-lago-montanas-shutt-dst.webp\",\"datePublished\":\"2021-12-16T21:49:59+00:00\",\"dateModified\":\"2021-12-17T16:07:12+00:00\",\"description\":\"August Corominas comparteix l'article \\\"L'home, la mort i la biosfera\\\", en la reflexi\u00f3 sobre els efectes de la pand\u00e8mia i la crisi clim\u00e0tica\",\"breadcrumb\":{\"@id\":\"https:\\\/\\\/raed.academy\\\/ca\\\/lhome-la-mort-i-la-biosfera\\\/#breadcrumb\"},\"inLanguage\":\"ca-ES\",\"potentialAction\":[{\"@type\":\"ReadAction\",\"target\":[\"https:\\\/\\\/raed.academy\\\/ca\\\/lhome-la-mort-i-la-biosfera\\\/\"]}]},{\"@type\":\"ImageObject\",\"inLanguage\":\"ca-ES\",\"@id\":\"https:\\\/\\\/raed.academy\\\/ca\\\/lhome-la-mort-i-la-biosfera\\\/#primaryimage\",\"url\":\"https:\\\/\\\/raed.academy\\\/wp-content\\\/uploads\\\/2021\\\/12\\\/Georgia-paisaje-lago-montanas-shutt-dst.webp\",\"contentUrl\":\"https:\\\/\\\/raed.academy\\\/wp-content\\\/uploads\\\/2021\\\/12\\\/Georgia-paisaje-lago-montanas-shutt-dst.webp\",\"width\":1200,\"height\":720},{\"@type\":\"BreadcrumbList\",\"@id\":\"https:\\\/\\\/raed.academy\\\/ca\\\/lhome-la-mort-i-la-biosfera\\\/#breadcrumb\",\"itemListElement\":[{\"@type\":\"ListItem\",\"position\":1,\"name\":\"Inicio\",\"item\":\"https:\\\/\\\/raed.academy\\\/ca\\\/\"},{\"@type\":\"ListItem\",\"position\":2,\"name\":\"L&#8217;home, la mort i la biosfera\"}]},{\"@type\":\"WebSite\",\"@id\":\"https:\\\/\\\/raed.academy\\\/ca\\\/#website\",\"url\":\"https:\\\/\\\/raed.academy\\\/ca\\\/\",\"name\":\"Reial Acad\u00e8mia Europea de Doctors\",\"description\":\"Corporaci\u00f3n de derecho p\u00fablico de car\u00e1cter cient\u00edfico, t\u00e9cnico y art\u00edstico, que tiene por objeto la investigaci\u00f3n, el estudio, el fomento y la extensi\u00f3n del conocimiento en su sentido m\u00e1s amplio\",\"publisher\":{\"@id\":\"https:\\\/\\\/raed.academy\\\/ca\\\/#organization\"},\"potentialAction\":[{\"@type\":\"SearchAction\",\"target\":{\"@type\":\"EntryPoint\",\"urlTemplate\":\"https:\\\/\\\/raed.academy\\\/ca\\\/?s={search_term_string}\"},\"query-input\":{\"@type\":\"PropertyValueSpecification\",\"valueRequired\":true,\"valueName\":\"search_term_string\"}}],\"inLanguage\":\"ca-ES\"},{\"@type\":\"Organization\",\"@id\":\"https:\\\/\\\/raed.academy\\\/ca\\\/#organization\",\"name\":\"Real Academia Europea de Doctores\",\"url\":\"https:\\\/\\\/raed.academy\\\/ca\\\/\",\"logo\":{\"@type\":\"ImageObject\",\"inLanguage\":\"ca-ES\",\"@id\":\"https:\\\/\\\/raed.academy\\\/ca\\\/#\\\/schema\\\/logo\\\/image\\\/\",\"url\":\"https:\\\/\\\/raed.academy\\\/wp-content\\\/uploads\\\/2017\\\/01\\\/cropped-logo_raed.png\",\"contentUrl\":\"https:\\\/\\\/raed.academy\\\/wp-content\\\/uploads\\\/2017\\\/01\\\/cropped-logo_raed.png\",\"width\":512,\"height\":512,\"caption\":\"Real Academia Europea de Doctores\"},\"image\":{\"@id\":\"https:\\\/\\\/raed.academy\\\/ca\\\/#\\\/schema\\\/logo\\\/image\\\/\"},\"sameAs\":[\"http:\\\/\\\/fb.me\\\/raed.academy\",\"https:\\\/\\\/x.com\\\/raedacademy\",\"https:\\\/\\\/www.instagram.com\\\/raed.academy\\\/\",\"https:\\\/\\\/www.youtube.com\\\/channel\\\/UCUYQwW2KrdirNWihxMDObwg\"]},{\"@type\":\"Person\",\"@id\":\"https:\\\/\\\/raed.academy\\\/ca\\\/#\\\/schema\\\/person\\\/5a755da80d1d979fd66ba745c8702927\",\"name\":\"RAED\",\"image\":{\"@type\":\"ImageObject\",\"inLanguage\":\"ca-ES\",\"@id\":\"https:\\\/\\\/secure.gravatar.com\\\/avatar\\\/19fdfdc0d67fb9c45714b703a2ac82251c4fcea3637f002ac3c9b74c0183583c?s=96&d=mm&r=g\",\"url\":\"https:\\\/\\\/secure.gravatar.com\\\/avatar\\\/19fdfdc0d67fb9c45714b703a2ac82251c4fcea3637f002ac3c9b74c0183583c?s=96&d=mm&r=g\",\"contentUrl\":\"https:\\\/\\\/secure.gravatar.com\\\/avatar\\\/19fdfdc0d67fb9c45714b703a2ac82251c4fcea3637f002ac3c9b74c0183583c?s=96&d=mm&r=g\",\"caption\":\"RAED\"}}]}<\/script>\n<!-- \/ Yoast SEO plugin. -->","yoast_head_json":{"title":"L'home, la mort i la biosfera - Reial Acad\u00e8mia Europea de Doctors","description":"August Corominas comparteix l'article \"L'home, la mort i la biosfera\", en la reflexi\u00f3 sobre els efectes de la pand\u00e8mia i la crisi clim\u00e0tica","robots":{"index":"index","follow":"follow","max-snippet":"max-snippet:-1","max-image-preview":"max-image-preview:large","max-video-preview":"max-video-preview:-1"},"canonical":"https:\/\/raed.academy\/ca\/lhome-la-mort-i-la-biosfera\/","og_locale":"ca_ES","og_type":"article","og_title":"L'home, la mort i la biosfera - Reial Acad\u00e8mia Europea de Doctors","og_description":"August Corominas comparteix l'article \"L'home, la mort i la biosfera\", en la reflexi\u00f3 sobre els efectes de la pand\u00e8mia i la crisi clim\u00e0tica","og_url":"https:\/\/raed.academy\/ca\/lhome-la-mort-i-la-biosfera\/","og_site_name":"Reial Acad\u00e8mia Europea de Doctors","article_publisher":"http:\/\/fb.me\/raed.academy","article_published_time":"2021-12-16T21:49:59+00:00","article_modified_time":"2021-12-17T16:07:12+00:00","og_image":[{"width":1200,"height":720,"url":"https:\/\/raed.academy\/wp-content\/uploads\/2021\/12\/Georgia-paisaje-lago-montanas-shutt-dst.webp","type":"image\/webp"}],"author":"RAED","twitter_card":"summary_large_image","twitter_creator":"@raedacademy","twitter_site":"@raedacademy","twitter_misc":{"Written by":"RAED","Est. reading time":"5 minutes"},"schema":{"@context":"https:\/\/schema.org","@graph":[{"@type":"Article","@id":"https:\/\/raed.academy\/ca\/lhome-la-mort-i-la-biosfera\/#article","isPartOf":{"@id":"https:\/\/raed.academy\/ca\/lhome-la-mort-i-la-biosfera\/"},"author":{"name":"RAED","@id":"https:\/\/raed.academy\/ca\/#\/schema\/person\/5a755da80d1d979fd66ba745c8702927"},"headline":"L&#8217;home, la mort i la biosfera","datePublished":"2021-12-16T21:49:59+00:00","dateModified":"2021-12-17T16:07:12+00:00","mainEntityOfPage":{"@id":"https:\/\/raed.academy\/ca\/lhome-la-mort-i-la-biosfera\/"},"wordCount":1181,"publisher":{"@id":"https:\/\/raed.academy\/ca\/#organization"},"image":{"@id":"https:\/\/raed.academy\/ca\/lhome-la-mort-i-la-biosfera\/#primaryimage"},"thumbnailUrl":"https:\/\/raed.academy\/wp-content\/uploads\/2021\/12\/Georgia-paisaje-lago-montanas-shutt-dst.webp","articleSection":["Alimentaci\u00f3 i nutrici\u00f3","Biologia","Medi ambient"],"inLanguage":"ca-ES"},{"@type":"WebPage","@id":"https:\/\/raed.academy\/ca\/lhome-la-mort-i-la-biosfera\/","url":"https:\/\/raed.academy\/ca\/lhome-la-mort-i-la-biosfera\/","name":"L'home, la mort i la biosfera - Reial Acad\u00e8mia Europea de Doctors","isPartOf":{"@id":"https:\/\/raed.academy\/ca\/#website"},"primaryImageOfPage":{"@id":"https:\/\/raed.academy\/ca\/lhome-la-mort-i-la-biosfera\/#primaryimage"},"image":{"@id":"https:\/\/raed.academy\/ca\/lhome-la-mort-i-la-biosfera\/#primaryimage"},"thumbnailUrl":"https:\/\/raed.academy\/wp-content\/uploads\/2021\/12\/Georgia-paisaje-lago-montanas-shutt-dst.webp","datePublished":"2021-12-16T21:49:59+00:00","dateModified":"2021-12-17T16:07:12+00:00","description":"August Corominas comparteix l'article \"L'home, la mort i la biosfera\", en la reflexi\u00f3 sobre els efectes de la pand\u00e8mia i la crisi clim\u00e0tica","breadcrumb":{"@id":"https:\/\/raed.academy\/ca\/lhome-la-mort-i-la-biosfera\/#breadcrumb"},"inLanguage":"ca-ES","potentialAction":[{"@type":"ReadAction","target":["https:\/\/raed.academy\/ca\/lhome-la-mort-i-la-biosfera\/"]}]},{"@type":"ImageObject","inLanguage":"ca-ES","@id":"https:\/\/raed.academy\/ca\/lhome-la-mort-i-la-biosfera\/#primaryimage","url":"https:\/\/raed.academy\/wp-content\/uploads\/2021\/12\/Georgia-paisaje-lago-montanas-shutt-dst.webp","contentUrl":"https:\/\/raed.academy\/wp-content\/uploads\/2021\/12\/Georgia-paisaje-lago-montanas-shutt-dst.webp","width":1200,"height":720},{"@type":"BreadcrumbList","@id":"https:\/\/raed.academy\/ca\/lhome-la-mort-i-la-biosfera\/#breadcrumb","itemListElement":[{"@type":"ListItem","position":1,"name":"Inicio","item":"https:\/\/raed.academy\/ca\/"},{"@type":"ListItem","position":2,"name":"L&#8217;home, la mort i la biosfera"}]},{"@type":"WebSite","@id":"https:\/\/raed.academy\/ca\/#website","url":"https:\/\/raed.academy\/ca\/","name":"Reial Acad\u00e8mia Europea de Doctors","description":"Corporaci\u00f3n de derecho p\u00fablico de car\u00e1cter cient\u00edfico, t\u00e9cnico y art\u00edstico, que tiene por objeto la investigaci\u00f3n, el estudio, el fomento y la extensi\u00f3n del conocimiento en su sentido m\u00e1s amplio","publisher":{"@id":"https:\/\/raed.academy\/ca\/#organization"},"potentialAction":[{"@type":"SearchAction","target":{"@type":"EntryPoint","urlTemplate":"https:\/\/raed.academy\/ca\/?s={search_term_string}"},"query-input":{"@type":"PropertyValueSpecification","valueRequired":true,"valueName":"search_term_string"}}],"inLanguage":"ca-ES"},{"@type":"Organization","@id":"https:\/\/raed.academy\/ca\/#organization","name":"Real Academia Europea de Doctores","url":"https:\/\/raed.academy\/ca\/","logo":{"@type":"ImageObject","inLanguage":"ca-ES","@id":"https:\/\/raed.academy\/ca\/#\/schema\/logo\/image\/","url":"https:\/\/raed.academy\/wp-content\/uploads\/2017\/01\/cropped-logo_raed.png","contentUrl":"https:\/\/raed.academy\/wp-content\/uploads\/2017\/01\/cropped-logo_raed.png","width":512,"height":512,"caption":"Real Academia Europea de Doctores"},"image":{"@id":"https:\/\/raed.academy\/ca\/#\/schema\/logo\/image\/"},"sameAs":["http:\/\/fb.me\/raed.academy","https:\/\/x.com\/raedacademy","https:\/\/www.instagram.com\/raed.academy\/","https:\/\/www.youtube.com\/channel\/UCUYQwW2KrdirNWihxMDObwg"]},{"@type":"Person","@id":"https:\/\/raed.academy\/ca\/#\/schema\/person\/5a755da80d1d979fd66ba745c8702927","name":"RAED","image":{"@type":"ImageObject","inLanguage":"ca-ES","@id":"https:\/\/secure.gravatar.com\/avatar\/19fdfdc0d67fb9c45714b703a2ac82251c4fcea3637f002ac3c9b74c0183583c?s=96&d=mm&r=g","url":"https:\/\/secure.gravatar.com\/avatar\/19fdfdc0d67fb9c45714b703a2ac82251c4fcea3637f002ac3c9b74c0183583c?s=96&d=mm&r=g","contentUrl":"https:\/\/secure.gravatar.com\/avatar\/19fdfdc0d67fb9c45714b703a2ac82251c4fcea3637f002ac3c9b74c0183583c?s=96&d=mm&r=g","caption":"RAED"}}]}},"_links":{"self":[{"href":"https:\/\/raed.academy\/ca\/wp-json\/wp\/v2\/posts\/109896","targetHints":{"allow":["GET"]}}],"collection":[{"href":"https:\/\/raed.academy\/ca\/wp-json\/wp\/v2\/posts"}],"about":[{"href":"https:\/\/raed.academy\/ca\/wp-json\/wp\/v2\/types\/post"}],"author":[{"embeddable":true,"href":"https:\/\/raed.academy\/ca\/wp-json\/wp\/v2\/users\/12"}],"replies":[{"embeddable":true,"href":"https:\/\/raed.academy\/ca\/wp-json\/wp\/v2\/comments?post=109896"}],"version-history":[{"count":0,"href":"https:\/\/raed.academy\/ca\/wp-json\/wp\/v2\/posts\/109896\/revisions"}],"wp:featuredmedia":[{"embeddable":true,"href":"https:\/\/raed.academy\/ca\/wp-json\/wp\/v2\/media\/109973"}],"wp:attachment":[{"href":"https:\/\/raed.academy\/ca\/wp-json\/wp\/v2\/media?parent=109896"}],"wp:term":[{"taxonomy":"category","embeddable":true,"href":"https:\/\/raed.academy\/ca\/wp-json\/wp\/v2\/categories?post=109896"},{"taxonomy":"post_tag","embeddable":true,"href":"https:\/\/raed.academy\/ca\/wp-json\/wp\/v2\/tags?post=109896"}],"curies":[{"name":"wp","href":"https:\/\/api.w.org\/{rel}","templated":true}]}}