{"id":109530,"date":"2021-12-09T12:47:12","date_gmt":"2021-12-09T12:47:12","guid":{"rendered":"https:\/\/raed.academy\/?p=109530"},"modified":"2021-12-10T10:33:12","modified_gmt":"2021-12-10T10:33:12","slug":"biomimesi-i-desenvolupament-sostenible-un-concepte-revolucionari-per-afrontar-els-reptes-vitals-de-la-nostra-civilitzacio","status":"publish","type":"post","link":"https:\/\/raed.academy\/ca\/biomimesi-i-desenvolupament-sostenible-un-concepte-revolucionari-per-afrontar-els-reptes-vitals-de-la-nostra-civilitzacio\/","title":{"rendered":"Biom\u00edmesi i desenvolupament sostenible, un concepte revolucionari per afrontar els reptes vitals de la nostra civilitzaci\u00f3"},"content":{"rendered":"<p><strong>Miquel Ventura<\/strong>, director de projectes de la <strong>Fundaci\u00f3 Pro Reial Acad\u00e8mia Europea de Doctors<\/strong> i impulsor del <a href=\"https:\/\/fundacionraed.org\/silmar\/\" target=\"_blank\" rel=\"noopener\"><strong>projecte d&#8217;observaci\u00f3 i protecci\u00f3 de la biodiversitat marina Silmar<\/strong><\/a>, presenta a la comunitat acad\u00e8mica l&#8217;article <strong>&#8220;Biom\u00edmesi i desenvolupament sostenible, un concepte revolucionari per afrontar els reptes vitals de la nostra civilitzaci\u00f3&#8221;<\/strong>, que complementa les seves reflexions recents sobre el paper que la <a href=\"https:\/\/fundacionraed.org\/\" target=\"_blank\" rel=\"noopener\"><strong>Fundaci\u00f3<\/strong><\/a> i la <strong>Reial Acad\u00e8mia Europea de Doctors-Barcelona 1914<\/strong> (RAED) ja estan jugant en aquest obligat canvi d&#8217;era en qu\u00e8 la humanitat es juga bona part del seu futur.<\/p>\n<h2>Biom\u00edmesi i desenvolupament sostenible, un concepte revolucionari per afrontar els reptes vitals de la nostra civilitzaci\u00f3<\/h2>\n<p>La biomimesi \u00e9s una branca del coneixement hum\u00e0 que es pot descriure com la ci\u00e8ncia que cerca solucions sostenibles i intel\u00b7ligents als desafiaments humans emulant els patrons i estrat\u00e8gies que fa servir la natura. La biom\u00edmesi estudia en profunditat el comportament de la naturalesa en tots els seus estadis, escales de relaci\u00f3 i desenvolupament en l&#8217;\u00e0mbit de la biosfera i cerca entendre el seu llenguatge per millorar el nostre coneixement. L&#8217;objectiu \u00e9s crear una cultura que permeti establir nous processos m\u00e9s ecol\u00f2gics i sostenibles, aix\u00ed com productes i estrat\u00e8gies per establir formes de progr\u00e9s que estiguin en equilibri amb la integritat del planeta. En aquest context, el concepte de decreixement sostingut apareix com una de les alternatives m\u00e9s racionals i efectives per afrontar el futur. Aquest tema, per\u00f2, requereix un debat argumentat que plantejar\u00e9 en properes publicacions.<\/p>\n<p>La biom\u00edmesi \u00e9s una ci\u00e8ncia basada en l&#8217;observaci\u00f3 del nostre planeta i la seva llarga evoluci\u00f3 durant els 3.800 milions d&#8217;anys d&#8217;hist\u00f2ria. Les mol\u00e8cules org\u00e0niques dels organismes biol\u00f2gics de microbis, animals, plantes i fongs i de les seves associacions han establert estrat\u00e8gies de superviv\u00e8ncia capaces de subsistir gr\u00e0cies a l&#8217;optimitzaci\u00f3 de l&#8217;\u00fas de recursos, de la seva organitzaci\u00f3 i funcionament i d&#8217;adaptar-ne la forma a la funci\u00f3.<\/p>\n<p><a href=\"https:\/\/biomimicry.org\/\" target=\"_blank\" rel=\"noopener\"><strong>Janine Benyus<\/strong><\/a>, reconeguda especialista en biom\u00edmesi, proclama des d&#8217;una visi\u00f3 pragm\u00e0tica i intel\u00b7ligent de l&#8217;evoluci\u00f3 biol\u00f2gica que &#8220;la natura ja ha resolt tots els reptes a qu\u00e8 avui ens enfrontem, els seus fracassos s&#8217;han convertit en f\u00f2ssils i all\u00f2 que ens envolta \u00e9s la clau de la superviv\u00e8ncia&#8221;. <strong>Janine Benyus<\/strong> \u00e9s una cient\u00edfica nord-americana pionera en el concepte de biomim\u00e8tica a la d\u00e8cada dels 90 en desenvolupar la premissa b\u00e0sica que els \u00e9ssers humans han d&#8217;emular conscientment les formes i funcionament de la natura quan busquen solucions als seus problemes, productes i pol\u00edtiques.<\/p>\n<div id=\"attachment_109521\" style=\"width: 880px\" class=\"wp-caption aligncenter\"><img loading=\"lazy\" decoding=\"async\" aria-describedby=\"caption-attachment-109521\" class=\"wp-image-109521 size-full\" src=\"https:\/\/raed.academy\/wp-content\/uploads\/2021\/12\/evolucion-anatomica-del-pulpo-molusco-cefalopodo.webp\" sizes=\"(max-width: 870px) 100vw, 870px\" srcset=\"https:\/\/raed.academy\/wp-content\/uploads\/2021\/12\/evolucion-anatomica-del-pulpo-molusco-cefalopodo.webp 870w, https:\/\/raed.academy\/wp-content\/uploads\/2021\/12\/evolucion-anatomica-del-pulpo-molusco-cefalopodo-768x482.webp 768w, https:\/\/raed.academy\/wp-content\/uploads\/2021\/12\/evolucion-anatomica-del-pulpo-molusco-cefalopodo-400x250.webp 400w\" alt=\"L'evoluci\u00f3 anat\u00f2mica dels pops (mol\u00b7lusc cefal\u00f2pode)\" width=\"870\" height=\"546\" aria-describedby=\"caption-attachment-109521\" \/><p id=\"caption-attachment-109521\" class=\"wp-caption-text\">L&#8217;evoluci\u00f3 anat\u00f2mica dels pops (mol\u00b7lusc cefal\u00f2pode) amb el seu cos muscul\u00f3s i flexible de 8 bra\u00e7os tentaculats, cervell prodigi\u00f3s i un sistema ocular dels m\u00e9s evolucionats del regne animal, \u00e9s un miracle de la natura i de l&#8217;adaptaci\u00f3 al medi mar\u00ed. La biomim\u00e8tica estudia la forma i el funcionament de les seves ventoses per a aplicacions m\u00e8diques i industrials, aix\u00ed com el sistema de visi\u00f3 per a l&#8217;aplicaci\u00f3 en tecnologia marina i invidents. Foto: Miquel Ventura Mons\u00f3 \u2013 Projecte Silmar \u2013 Fundaci\u00f3 RAED.<\/p><\/div>\n<p>La biom\u00edmesi orientada a la innovaci\u00f3 tecnol\u00f2gica estudia i posa en pr\u00e0ctica les lli\u00e7ons que ens ofereixen la biodiversitat, els ecosistemes i els biomes del planeta, observant la natura de forma individual i com a sistemes interdependents. Aquests s\u00f3n models funcionals que hem d&#8217;entendre, imitar-los, fer-los servir com a inspiraci\u00f3 per a dissenys o processos amb l&#8217;objectiu de donar respostes i resoldre q\u00fcestions humanes. Tamb\u00e9, la biomim\u00e8tica utilitza la naturalesa com a mesura dels seus est\u00e0ndards ecol\u00f2gics per reputar la idone\u00eftat de les accions humanes en els processos de desenvolupament. Finalment, la biomim\u00e8tica tamb\u00e9 fa servir la natura com a instructora a trav\u00e9s de la seva recerca per entendre la seva ra\u00f3 de funcionar perfectament.<\/p>\n<p>La humanitat ha aconseguit importants \u00e8xits cient\u00edfics i tecnol\u00f2gics en totes les \u00e0rees socials i del coneixement que han millorat la nostra condici\u00f3 humana, per\u00f2 tamb\u00e9 han afectat molt negativament els sistemes naturals del planeta de manera extrema. A conseq\u00fc\u00e8ncia d&#8217;aix\u00f2 la nostra generaci\u00f3 s&#8217;enfronta a reptes vitals urgents davant dels quals hem de trobar solucions per evitar patiment a les generacions futures derivat de la nostra neglig\u00e8ncia desenvolupista. En aquest context i a trav\u00e9s de la biom\u00edmesi podem aprendre de la natura a ser condescendents amb les generacions futures.<\/p>\n<p>Com els nostres pares, avis i totes les generacions que ens van precedir, tan sols som usufructuaris de la Terra i dels seus recursos i com a responsables de les nostres vides ens hem de comportar en conseq\u00fc\u00e8ncia perqu\u00e8 la humanitat pugui continuar progressant m\u00e9s enll\u00e0 del nostre temps. Som l&#8217;origen del problema i cal ser la g\u00e8nesi de la soluci\u00f3 des del coneixement i el comprom\u00eds.<\/p>\n<p>La noci\u00f3 principal de la biom\u00edmesi es basa en una premissa essencial: <strong>la natura sempre opera sobre els principis d&#8217;economia i efici\u00e8ncia sense generar residus<\/strong>. Com deia <strong>Albert Einstein<\/strong>, &#8220;som arquitectes del nostre propi dest\u00ed&#8221; i tot el que hem fet o farem influir\u00e0 directament en com es configuraran les nostres vides i el nostre entorn, aix\u00ed que pensem on volem arribar i comencem a rec\u00f3rrer el nostre bon cam\u00ed.<\/p>\n<p>La biomim\u00e8tica \u00e9s un concepte cultural i fins i tot filos\u00f2fic que forma part d&#8217;una estrat\u00e8gia global de desenvolupament responsable i sostenible que t\u00e9 com a objectiu equilibrar la manera com s&#8217;utilitzen els recursos del planeta. La paraula bio significa organisme viu; i la paraula mimetisme, imitar. La biom\u00edmesi \u00e9s, doncs, la pr\u00e0ctica d&#8217;imitar la vida i la natura. El seu prop\u00f2sit \u00e9s inspirar-se en l&#8217;enginyeria de la natura per resoldre els desafiaments m\u00e9s urgents del m\u00f3n i garantir un futur sostenible per a tota la vida a la terra.<\/p>\n<p>Hi ha tres elements essencials en la ci\u00e8ncia de la biom\u00edmesi que s\u00f3n emular, ethos i (re) connectar i representen els valors fonamentals en qu\u00e8 es basa la biomimesi i que pret\u00e9n transmetre en totes les seves accions i pr\u00e0ctiques.<\/p>\n<ul>\n<li><strong>Emular:<\/strong> L&#8217;experi\u00e8ncia cient\u00edfica basada en la recerca d&#8217;aprendre i despr\u00e9s replicar les formes, els processos i els ecosistemes de la natura per crear dissenys m\u00e9s regeneratius.<\/li>\n<li><strong>Ethos:<\/strong> La filosofia de comprendre com funciona la natura i crear dissenys que donin suport i cre\u00efn cont\u00ednuament resultats propicis per a la vida.<\/li>\n<li><strong>(Re) Connectar:<\/strong> El concepte que tots som part de la natura i trobem valor en el reconeixement dels sistemes interconnectats de la vida. (Re) connectar com a pr\u00e0ctica ens anima a observar i passar temps a la natura, a comprendre com estem profundament connectats amb ella, a experimentar la nostra interdepend\u00e8ncia i a apreciar com funciona la vida i les seves estrat\u00e8gies biol\u00f2giques.<\/li>\n<\/ul>\n<p>Tot i inspirar-se en la llarga hist\u00f2ria evolutiva de la natura, la biom\u00edmesi \u00e9s una disciplina emergent relativament nova a Espanya i Europa. En els darrers anys s&#8217;ha est\u00e8s a trav\u00e9s de professionals de l&#8217;ecodisseny, l&#8217;enginyeria 4.0, l&#8217;arquitectura i entre d&#8217;altres l&#8217;agricultura regenerativa per cobrir la necessitat de crear metodologies de recerca i aplicaci\u00f3 a m\u00e9s sectors que busquen innovar en el marc de la sostenibilitat. En aquest sentit, la interconnexi\u00f3 entre les diferents disciplines del coneixement i la t\u00e8cnica s&#8217;ha d&#8217;establir amb \u00e8xit per crear sinergies i intercanviar informaci\u00f3 i experi\u00e8ncies. Per aquest motiu, cal crear centres de formaci\u00f3 especialitzats en biomim\u00e8tica perqu\u00e8 educadors, estudiants i professionals tinguin al seu abast aquest coneixement sobre el llenguatge de la naturalesa, de les formes d&#8217;interrelaci\u00f3 i de les estrat\u00e8gies que utilitza per a la superviv\u00e8ncia.<\/p>\n<div id=\"attachment_109524\" style=\"width: 880px\" class=\"wp-caption aligncenter\"><img loading=\"lazy\" decoding=\"async\" aria-describedby=\"caption-attachment-109524\" class=\"wp-image-109524 size-full\" src=\"https:\/\/raed.academy\/wp-content\/uploads\/2021\/12\/gusano-poliqueto-ha-evolucionado-hasta-adquirir-un-diseno-corporal-y-fisiologico.webp\" sizes=\"(max-width: 870px) 100vw, 870px\" srcset=\"https:\/\/raed.academy\/wp-content\/uploads\/2021\/12\/gusano-poliqueto-ha-evolucionado-hasta-adquirir-un-diseno-corporal-y-fisiologico.webp 870w, https:\/\/raed.academy\/wp-content\/uploads\/2021\/12\/gusano-poliqueto-ha-evolucionado-hasta-adquirir-un-diseno-corporal-y-fisiologico-768x564.webp 768w\" alt=\"El cuc poliquet de l'esp\u00e8cie Spirographis spallanzani\" width=\"870\" height=\"639\" aria-describedby=\"caption-attachment-109524\" \/><p id=\"caption-attachment-109524\" class=\"wp-caption-text\">El cuc poliquet de l&#8217;esp\u00e8cie Spirographis spallanzani ha evolucionat fins a adquirir un disseny corporal i fisiol\u00f2gic que li permet, gr\u00e0cies a la modificaci\u00f3 dels seus ap\u00e8ndixs, desenvolupar un ventall en forma de plomall per captar l&#8217;oxigen de l&#8217;aigua i alhora alimentar-se de les part\u00edcules en suspensi\u00f3 que transporta l&#8217;aigua marina. Foto: Miquel Ventura Mons\u00f3 \u2013 projecte Silmar \u2013 Fundaci\u00f3 RAED.<\/p><\/div>\n<p>El valor de la biomim\u00e8tica \u00e9s revolucionari en tots els aspectes de la vida i ha de formar part del coneixement cient\u00edfic del futur. Per aix\u00f2 des de la RAED i la seva Fundaci\u00f3 tenim el prop\u00f2sit d&#8217;impulsar, a trav\u00e9s del projecte <a href=\"https:\/\/fundacionraed.org\/retos-vitales\/\" target=\"_blank\" rel=\"noopener\"><strong>Reptes Vitals per a una Nova Era<\/strong><\/a>, el coneixement de la ci\u00e8ncia de la biom\u00edmesi a la societat a trav\u00e9s de la informaci\u00f3 i la comunicaci\u00f3, des de la formaci\u00f3 i l&#8217;educaci\u00f3. Tamb\u00e9, des de l&#8217;acci\u00f3 directa, a trav\u00e9s del projecte Silmar d&#8217;estudi i coneixement del medi mar\u00ed, on la biomim\u00e8tica \u00e9s present a cada minut de les nostres incursions submarines, aix\u00f2 ens impulsa en aquest prop\u00f2sit d&#8217;inspirar la societat a trav\u00e9s del coneixement que emana del mar.<\/p>\n<p>De la mateixa manera, per a finals del 2022, la Fundaci\u00f3 est\u00e0 treballant per crear els <strong>Premis RAED al Talent Social<\/strong> amb l&#8217;objectiu d&#8217;ajudar les noves generacions a travessar el llindar cr\u00edtic i convertir les seves iniciatives i projectes sostenibles basats en la biomimesi, en accions reals i viables ajudant-los a amplificar la seva visibilitat i proporcionant-los recursos perqu\u00e8 les grans idees i solucions innovadores tinguin un impacte positiu a la societat i al planeta.<\/p>\n<h2>Per saber-ne m\u00e9s<\/h2>\n<ul>\n<li><strong><a href=\"https:\/\/biomimicry.org\/globaldesignchallenge\/\" target=\"_blank\" rel=\"noopener\">Biomimicry Global Design Challenge<\/a><\/strong><\/li>\n<li><strong><a href=\"https:\/\/biomimicry.org\/\" target=\"_blank\" rel=\"noopener\">Biomimicry<\/a><\/strong><\/li>\n<li><a href=\"https:\/\/biomimicry.org\/launchpad\/\" target=\"_blank\" rel=\"noopener\"><strong>The Biomimicry Launchpad<\/strong><\/a><\/li>\n<li><a href=\"https:\/\/youtu.be\/Muzfdq25Qbc\" target=\"_blank\" rel=\"noopener\"><strong>\u00abThe Promise of Biomimicry\u00bb (v\u00eddeo)<\/strong><\/a><\/li>\n<\/ul>\n","protected":false},"excerpt":{"rendered":"<p>La biom\u00edmesi cerca solucions sostenibles i intel\u00b7ligents als desafiaments humans emulant els patrons i estrat\u00e8gies utilitzats per la natura. L&#8217;objectiu \u00e9s crear una cultura de nous processos, productes i estrat\u00e8gies en equilibri amb la integritat del planeta<\/p>\n","protected":false},"author":12,"featured_media":109522,"comment_status":"closed","ping_status":"closed","sticky":false,"template":"","format":"standard","meta":{"_et_pb_use_builder":"","_et_pb_old_content":"","_et_gb_content_width":"","footnotes":""},"categories":[332,368,310,366],"tags":[],"class_list":["post-109530","post","type-post","status-publish","format-standard","has-post-thumbnail","hentry","category-biologia-ca","category-fundacio-raed","category-medi-ambient","category-noticies-projecte-silmar","et-has-post-format-content","et_post_format-et-post-format-standard"],"yoast_head":"<!-- This site is optimized with the Yoast SEO plugin v27.4 - https:\/\/yoast.com\/product\/yoast-seo-wordpress\/ -->\n<title>Biom\u00edmesi i desenvolupament sostenible, un concepte revolucionari per afrontar els reptes vitals de la nostra civilitzaci\u00f3 - Reial Acad\u00e8mia Europea de Doctors<\/title>\n<meta name=\"description\" content=\"72\" \/>\n<meta name=\"robots\" content=\"index, follow, max-snippet:-1, max-image-preview:large, max-video-preview:-1\" \/>\n<link rel=\"canonical\" href=\"https:\/\/raed.academy\/ca\/biomimesi-i-desenvolupament-sostenible-un-concepte-revolucionari-per-afrontar-els-reptes-vitals-de-la-nostra-civilitzacio\/\" \/>\n<meta property=\"og:locale\" content=\"ca_ES\" \/>\n<meta property=\"og:type\" content=\"article\" \/>\n<meta property=\"og:title\" content=\"Biom\u00edmesi i desenvolupament sostenible, un concepte revolucionari per afrontar els reptes vitals de la nostra civilitzaci\u00f3 - Reial Acad\u00e8mia Europea de Doctors\" \/>\n<meta property=\"og:description\" content=\"72\" \/>\n<meta property=\"og:url\" content=\"https:\/\/raed.academy\/ca\/biomimesi-i-desenvolupament-sostenible-un-concepte-revolucionari-per-afrontar-els-reptes-vitals-de-la-nostra-civilitzacio\/\" \/>\n<meta property=\"og:site_name\" content=\"Reial Acad\u00e8mia Europea de Doctors\" \/>\n<meta property=\"article:publisher\" content=\"http:\/\/fb.me\/raed.academy\" \/>\n<meta property=\"article:published_time\" content=\"2021-12-09T12:47:12+00:00\" \/>\n<meta property=\"article:modified_time\" content=\"2021-12-10T10:33:12+00:00\" \/>\n<meta property=\"og:image\" content=\"https:\/\/raed.academy\/wp-content\/uploads\/2021\/12\/evolucion-anatomica-del-pulpo-molusco-cefalopodo.webp\" \/>\n\t<meta property=\"og:image:width\" content=\"870\" \/>\n\t<meta property=\"og:image:height\" content=\"546\" \/>\n\t<meta property=\"og:image:type\" content=\"image\/webp\" \/>\n<meta name=\"author\" content=\"RAED\" \/>\n<meta name=\"twitter:card\" content=\"summary_large_image\" \/>\n<meta name=\"twitter:creator\" content=\"@raedacademy\" \/>\n<meta name=\"twitter:site\" content=\"@raedacademy\" \/>\n<meta name=\"twitter:label1\" content=\"Written by\" \/>\n\t<meta name=\"twitter:data1\" content=\"RAED\" \/>\n\t<meta name=\"twitter:label2\" content=\"Est. reading time\" \/>\n\t<meta name=\"twitter:data2\" content=\"8 minutes\" \/>\n<script type=\"application\/ld+json\" class=\"yoast-schema-graph\">{\"@context\":\"https:\\\/\\\/schema.org\",\"@graph\":[{\"@type\":\"Article\",\"@id\":\"https:\\\/\\\/raed.academy\\\/ca\\\/biomimesi-i-desenvolupament-sostenible-un-concepte-revolucionari-per-afrontar-els-reptes-vitals-de-la-nostra-civilitzacio\\\/#article\",\"isPartOf\":{\"@id\":\"https:\\\/\\\/raed.academy\\\/ca\\\/biomimesi-i-desenvolupament-sostenible-un-concepte-revolucionari-per-afrontar-els-reptes-vitals-de-la-nostra-civilitzacio\\\/\"},\"author\":{\"name\":\"RAED\",\"@id\":\"https:\\\/\\\/raed.academy\\\/ca\\\/#\\\/schema\\\/person\\\/5a755da80d1d979fd66ba745c8702927\"},\"headline\":\"Biom\u00edmesi i desenvolupament sostenible, un concepte revolucionari per afrontar els reptes vitals de la nostra civilitzaci\u00f3\",\"datePublished\":\"2021-12-09T12:47:12+00:00\",\"dateModified\":\"2021-12-10T10:33:12+00:00\",\"mainEntityOfPage\":{\"@id\":\"https:\\\/\\\/raed.academy\\\/ca\\\/biomimesi-i-desenvolupament-sostenible-un-concepte-revolucionari-per-afrontar-els-reptes-vitals-de-la-nostra-civilitzacio\\\/\"},\"wordCount\":1666,\"publisher\":{\"@id\":\"https:\\\/\\\/raed.academy\\\/ca\\\/#organization\"},\"image\":{\"@id\":\"https:\\\/\\\/raed.academy\\\/ca\\\/biomimesi-i-desenvolupament-sostenible-un-concepte-revolucionari-per-afrontar-els-reptes-vitals-de-la-nostra-civilitzacio\\\/#primaryimage\"},\"thumbnailUrl\":\"https:\\\/\\\/raed.academy\\\/wp-content\\\/uploads\\\/2021\\\/12\\\/evolucion-anatomica-del-pulpo-molusco-cefalopodo.webp\",\"articleSection\":[\"Biologia\",\"Fundaci\u00f3 RAED\",\"Medi ambient\",\"Projecte Silmar\"],\"inLanguage\":\"ca-ES\"},{\"@type\":\"WebPage\",\"@id\":\"https:\\\/\\\/raed.academy\\\/ca\\\/biomimesi-i-desenvolupament-sostenible-un-concepte-revolucionari-per-afrontar-els-reptes-vitals-de-la-nostra-civilitzacio\\\/\",\"url\":\"https:\\\/\\\/raed.academy\\\/ca\\\/biomimesi-i-desenvolupament-sostenible-un-concepte-revolucionari-per-afrontar-els-reptes-vitals-de-la-nostra-civilitzacio\\\/\",\"name\":\"Biom\u00edmesi i desenvolupament sostenible, un concepte revolucionari per afrontar els reptes vitals de la nostra civilitzaci\u00f3 - Reial Acad\u00e8mia Europea de Doctors\",\"isPartOf\":{\"@id\":\"https:\\\/\\\/raed.academy\\\/ca\\\/#website\"},\"primaryImageOfPage\":{\"@id\":\"https:\\\/\\\/raed.academy\\\/ca\\\/biomimesi-i-desenvolupament-sostenible-un-concepte-revolucionari-per-afrontar-els-reptes-vitals-de-la-nostra-civilitzacio\\\/#primaryimage\"},\"image\":{\"@id\":\"https:\\\/\\\/raed.academy\\\/ca\\\/biomimesi-i-desenvolupament-sostenible-un-concepte-revolucionari-per-afrontar-els-reptes-vitals-de-la-nostra-civilitzacio\\\/#primaryimage\"},\"thumbnailUrl\":\"https:\\\/\\\/raed.academy\\\/wp-content\\\/uploads\\\/2021\\\/12\\\/evolucion-anatomica-del-pulpo-molusco-cefalopodo.webp\",\"datePublished\":\"2021-12-09T12:47:12+00:00\",\"dateModified\":\"2021-12-10T10:33:12+00:00\",\"description\":\"72\",\"breadcrumb\":{\"@id\":\"https:\\\/\\\/raed.academy\\\/ca\\\/biomimesi-i-desenvolupament-sostenible-un-concepte-revolucionari-per-afrontar-els-reptes-vitals-de-la-nostra-civilitzacio\\\/#breadcrumb\"},\"inLanguage\":\"ca-ES\",\"potentialAction\":[{\"@type\":\"ReadAction\",\"target\":[\"https:\\\/\\\/raed.academy\\\/ca\\\/biomimesi-i-desenvolupament-sostenible-un-concepte-revolucionari-per-afrontar-els-reptes-vitals-de-la-nostra-civilitzacio\\\/\"]}]},{\"@type\":\"ImageObject\",\"inLanguage\":\"ca-ES\",\"@id\":\"https:\\\/\\\/raed.academy\\\/ca\\\/biomimesi-i-desenvolupament-sostenible-un-concepte-revolucionari-per-afrontar-els-reptes-vitals-de-la-nostra-civilitzacio\\\/#primaryimage\",\"url\":\"https:\\\/\\\/raed.academy\\\/wp-content\\\/uploads\\\/2021\\\/12\\\/evolucion-anatomica-del-pulpo-molusco-cefalopodo.webp\",\"contentUrl\":\"https:\\\/\\\/raed.academy\\\/wp-content\\\/uploads\\\/2021\\\/12\\\/evolucion-anatomica-del-pulpo-molusco-cefalopodo.webp\",\"width\":870,\"height\":546,\"caption\":\"L'evoluci\u00f3 anat\u00f2mica dels pops (mol\u00b7lusc cefal\u00f2pode)\"},{\"@type\":\"BreadcrumbList\",\"@id\":\"https:\\\/\\\/raed.academy\\\/ca\\\/biomimesi-i-desenvolupament-sostenible-un-concepte-revolucionari-per-afrontar-els-reptes-vitals-de-la-nostra-civilitzacio\\\/#breadcrumb\",\"itemListElement\":[{\"@type\":\"ListItem\",\"position\":1,\"name\":\"Inicio\",\"item\":\"https:\\\/\\\/raed.academy\\\/ca\\\/\"},{\"@type\":\"ListItem\",\"position\":2,\"name\":\"Biom\u00edmesi i desenvolupament sostenible, un concepte revolucionari per afrontar els reptes vitals de la nostra civilitzaci\u00f3\"}]},{\"@type\":\"WebSite\",\"@id\":\"https:\\\/\\\/raed.academy\\\/ca\\\/#website\",\"url\":\"https:\\\/\\\/raed.academy\\\/ca\\\/\",\"name\":\"Reial Acad\u00e8mia Europea de Doctors\",\"description\":\"Corporaci\u00f3n de derecho p\u00fablico de car\u00e1cter cient\u00edfico, t\u00e9cnico y art\u00edstico, que tiene por objeto la investigaci\u00f3n, el estudio, el fomento y la extensi\u00f3n del conocimiento en su sentido m\u00e1s amplio\",\"publisher\":{\"@id\":\"https:\\\/\\\/raed.academy\\\/ca\\\/#organization\"},\"potentialAction\":[{\"@type\":\"SearchAction\",\"target\":{\"@type\":\"EntryPoint\",\"urlTemplate\":\"https:\\\/\\\/raed.academy\\\/ca\\\/?s={search_term_string}\"},\"query-input\":{\"@type\":\"PropertyValueSpecification\",\"valueRequired\":true,\"valueName\":\"search_term_string\"}}],\"inLanguage\":\"ca-ES\"},{\"@type\":\"Organization\",\"@id\":\"https:\\\/\\\/raed.academy\\\/ca\\\/#organization\",\"name\":\"Real Academia Europea de Doctores\",\"url\":\"https:\\\/\\\/raed.academy\\\/ca\\\/\",\"logo\":{\"@type\":\"ImageObject\",\"inLanguage\":\"ca-ES\",\"@id\":\"https:\\\/\\\/raed.academy\\\/ca\\\/#\\\/schema\\\/logo\\\/image\\\/\",\"url\":\"https:\\\/\\\/raed.academy\\\/wp-content\\\/uploads\\\/2017\\\/01\\\/cropped-logo_raed.png\",\"contentUrl\":\"https:\\\/\\\/raed.academy\\\/wp-content\\\/uploads\\\/2017\\\/01\\\/cropped-logo_raed.png\",\"width\":512,\"height\":512,\"caption\":\"Real Academia Europea de Doctores\"},\"image\":{\"@id\":\"https:\\\/\\\/raed.academy\\\/ca\\\/#\\\/schema\\\/logo\\\/image\\\/\"},\"sameAs\":[\"http:\\\/\\\/fb.me\\\/raed.academy\",\"https:\\\/\\\/x.com\\\/raedacademy\",\"https:\\\/\\\/www.instagram.com\\\/raed.academy\\\/\",\"https:\\\/\\\/www.youtube.com\\\/channel\\\/UCUYQwW2KrdirNWihxMDObwg\"]},{\"@type\":\"Person\",\"@id\":\"https:\\\/\\\/raed.academy\\\/ca\\\/#\\\/schema\\\/person\\\/5a755da80d1d979fd66ba745c8702927\",\"name\":\"RAED\",\"image\":{\"@type\":\"ImageObject\",\"inLanguage\":\"ca-ES\",\"@id\":\"https:\\\/\\\/secure.gravatar.com\\\/avatar\\\/19fdfdc0d67fb9c45714b703a2ac82251c4fcea3637f002ac3c9b74c0183583c?s=96&d=mm&r=g\",\"url\":\"https:\\\/\\\/secure.gravatar.com\\\/avatar\\\/19fdfdc0d67fb9c45714b703a2ac82251c4fcea3637f002ac3c9b74c0183583c?s=96&d=mm&r=g\",\"contentUrl\":\"https:\\\/\\\/secure.gravatar.com\\\/avatar\\\/19fdfdc0d67fb9c45714b703a2ac82251c4fcea3637f002ac3c9b74c0183583c?s=96&d=mm&r=g\",\"caption\":\"RAED\"}}]}<\/script>\n<!-- \/ Yoast SEO plugin. -->","yoast_head_json":{"title":"Biom\u00edmesi i desenvolupament sostenible, un concepte revolucionari per afrontar els reptes vitals de la nostra civilitzaci\u00f3 - Reial Acad\u00e8mia Europea de Doctors","description":"72","robots":{"index":"index","follow":"follow","max-snippet":"max-snippet:-1","max-image-preview":"max-image-preview:large","max-video-preview":"max-video-preview:-1"},"canonical":"https:\/\/raed.academy\/ca\/biomimesi-i-desenvolupament-sostenible-un-concepte-revolucionari-per-afrontar-els-reptes-vitals-de-la-nostra-civilitzacio\/","og_locale":"ca_ES","og_type":"article","og_title":"Biom\u00edmesi i desenvolupament sostenible, un concepte revolucionari per afrontar els reptes vitals de la nostra civilitzaci\u00f3 - Reial Acad\u00e8mia Europea de Doctors","og_description":"72","og_url":"https:\/\/raed.academy\/ca\/biomimesi-i-desenvolupament-sostenible-un-concepte-revolucionari-per-afrontar-els-reptes-vitals-de-la-nostra-civilitzacio\/","og_site_name":"Reial Acad\u00e8mia Europea de Doctors","article_publisher":"http:\/\/fb.me\/raed.academy","article_published_time":"2021-12-09T12:47:12+00:00","article_modified_time":"2021-12-10T10:33:12+00:00","og_image":[{"width":870,"height":546,"url":"https:\/\/raed.academy\/wp-content\/uploads\/2021\/12\/evolucion-anatomica-del-pulpo-molusco-cefalopodo.webp","type":"image\/webp"}],"author":"RAED","twitter_card":"summary_large_image","twitter_creator":"@raedacademy","twitter_site":"@raedacademy","twitter_misc":{"Written by":"RAED","Est. reading time":"8 minutes"},"schema":{"@context":"https:\/\/schema.org","@graph":[{"@type":"Article","@id":"https:\/\/raed.academy\/ca\/biomimesi-i-desenvolupament-sostenible-un-concepte-revolucionari-per-afrontar-els-reptes-vitals-de-la-nostra-civilitzacio\/#article","isPartOf":{"@id":"https:\/\/raed.academy\/ca\/biomimesi-i-desenvolupament-sostenible-un-concepte-revolucionari-per-afrontar-els-reptes-vitals-de-la-nostra-civilitzacio\/"},"author":{"name":"RAED","@id":"https:\/\/raed.academy\/ca\/#\/schema\/person\/5a755da80d1d979fd66ba745c8702927"},"headline":"Biom\u00edmesi i desenvolupament sostenible, un concepte revolucionari per afrontar els reptes vitals de la nostra civilitzaci\u00f3","datePublished":"2021-12-09T12:47:12+00:00","dateModified":"2021-12-10T10:33:12+00:00","mainEntityOfPage":{"@id":"https:\/\/raed.academy\/ca\/biomimesi-i-desenvolupament-sostenible-un-concepte-revolucionari-per-afrontar-els-reptes-vitals-de-la-nostra-civilitzacio\/"},"wordCount":1666,"publisher":{"@id":"https:\/\/raed.academy\/ca\/#organization"},"image":{"@id":"https:\/\/raed.academy\/ca\/biomimesi-i-desenvolupament-sostenible-un-concepte-revolucionari-per-afrontar-els-reptes-vitals-de-la-nostra-civilitzacio\/#primaryimage"},"thumbnailUrl":"https:\/\/raed.academy\/wp-content\/uploads\/2021\/12\/evolucion-anatomica-del-pulpo-molusco-cefalopodo.webp","articleSection":["Biologia","Fundaci\u00f3 RAED","Medi ambient","Projecte Silmar"],"inLanguage":"ca-ES"},{"@type":"WebPage","@id":"https:\/\/raed.academy\/ca\/biomimesi-i-desenvolupament-sostenible-un-concepte-revolucionari-per-afrontar-els-reptes-vitals-de-la-nostra-civilitzacio\/","url":"https:\/\/raed.academy\/ca\/biomimesi-i-desenvolupament-sostenible-un-concepte-revolucionari-per-afrontar-els-reptes-vitals-de-la-nostra-civilitzacio\/","name":"Biom\u00edmesi i desenvolupament sostenible, un concepte revolucionari per afrontar els reptes vitals de la nostra civilitzaci\u00f3 - Reial Acad\u00e8mia Europea de Doctors","isPartOf":{"@id":"https:\/\/raed.academy\/ca\/#website"},"primaryImageOfPage":{"@id":"https:\/\/raed.academy\/ca\/biomimesi-i-desenvolupament-sostenible-un-concepte-revolucionari-per-afrontar-els-reptes-vitals-de-la-nostra-civilitzacio\/#primaryimage"},"image":{"@id":"https:\/\/raed.academy\/ca\/biomimesi-i-desenvolupament-sostenible-un-concepte-revolucionari-per-afrontar-els-reptes-vitals-de-la-nostra-civilitzacio\/#primaryimage"},"thumbnailUrl":"https:\/\/raed.academy\/wp-content\/uploads\/2021\/12\/evolucion-anatomica-del-pulpo-molusco-cefalopodo.webp","datePublished":"2021-12-09T12:47:12+00:00","dateModified":"2021-12-10T10:33:12+00:00","description":"72","breadcrumb":{"@id":"https:\/\/raed.academy\/ca\/biomimesi-i-desenvolupament-sostenible-un-concepte-revolucionari-per-afrontar-els-reptes-vitals-de-la-nostra-civilitzacio\/#breadcrumb"},"inLanguage":"ca-ES","potentialAction":[{"@type":"ReadAction","target":["https:\/\/raed.academy\/ca\/biomimesi-i-desenvolupament-sostenible-un-concepte-revolucionari-per-afrontar-els-reptes-vitals-de-la-nostra-civilitzacio\/"]}]},{"@type":"ImageObject","inLanguage":"ca-ES","@id":"https:\/\/raed.academy\/ca\/biomimesi-i-desenvolupament-sostenible-un-concepte-revolucionari-per-afrontar-els-reptes-vitals-de-la-nostra-civilitzacio\/#primaryimage","url":"https:\/\/raed.academy\/wp-content\/uploads\/2021\/12\/evolucion-anatomica-del-pulpo-molusco-cefalopodo.webp","contentUrl":"https:\/\/raed.academy\/wp-content\/uploads\/2021\/12\/evolucion-anatomica-del-pulpo-molusco-cefalopodo.webp","width":870,"height":546,"caption":"L'evoluci\u00f3 anat\u00f2mica dels pops (mol\u00b7lusc cefal\u00f2pode)"},{"@type":"BreadcrumbList","@id":"https:\/\/raed.academy\/ca\/biomimesi-i-desenvolupament-sostenible-un-concepte-revolucionari-per-afrontar-els-reptes-vitals-de-la-nostra-civilitzacio\/#breadcrumb","itemListElement":[{"@type":"ListItem","position":1,"name":"Inicio","item":"https:\/\/raed.academy\/ca\/"},{"@type":"ListItem","position":2,"name":"Biom\u00edmesi i desenvolupament sostenible, un concepte revolucionari per afrontar els reptes vitals de la nostra civilitzaci\u00f3"}]},{"@type":"WebSite","@id":"https:\/\/raed.academy\/ca\/#website","url":"https:\/\/raed.academy\/ca\/","name":"Reial Acad\u00e8mia Europea de Doctors","description":"Corporaci\u00f3n de derecho p\u00fablico de car\u00e1cter cient\u00edfico, t\u00e9cnico y art\u00edstico, que tiene por objeto la investigaci\u00f3n, el estudio, el fomento y la extensi\u00f3n del conocimiento en su sentido m\u00e1s amplio","publisher":{"@id":"https:\/\/raed.academy\/ca\/#organization"},"potentialAction":[{"@type":"SearchAction","target":{"@type":"EntryPoint","urlTemplate":"https:\/\/raed.academy\/ca\/?s={search_term_string}"},"query-input":{"@type":"PropertyValueSpecification","valueRequired":true,"valueName":"search_term_string"}}],"inLanguage":"ca-ES"},{"@type":"Organization","@id":"https:\/\/raed.academy\/ca\/#organization","name":"Real Academia Europea de Doctores","url":"https:\/\/raed.academy\/ca\/","logo":{"@type":"ImageObject","inLanguage":"ca-ES","@id":"https:\/\/raed.academy\/ca\/#\/schema\/logo\/image\/","url":"https:\/\/raed.academy\/wp-content\/uploads\/2017\/01\/cropped-logo_raed.png","contentUrl":"https:\/\/raed.academy\/wp-content\/uploads\/2017\/01\/cropped-logo_raed.png","width":512,"height":512,"caption":"Real Academia Europea de Doctores"},"image":{"@id":"https:\/\/raed.academy\/ca\/#\/schema\/logo\/image\/"},"sameAs":["http:\/\/fb.me\/raed.academy","https:\/\/x.com\/raedacademy","https:\/\/www.instagram.com\/raed.academy\/","https:\/\/www.youtube.com\/channel\/UCUYQwW2KrdirNWihxMDObwg"]},{"@type":"Person","@id":"https:\/\/raed.academy\/ca\/#\/schema\/person\/5a755da80d1d979fd66ba745c8702927","name":"RAED","image":{"@type":"ImageObject","inLanguage":"ca-ES","@id":"https:\/\/secure.gravatar.com\/avatar\/19fdfdc0d67fb9c45714b703a2ac82251c4fcea3637f002ac3c9b74c0183583c?s=96&d=mm&r=g","url":"https:\/\/secure.gravatar.com\/avatar\/19fdfdc0d67fb9c45714b703a2ac82251c4fcea3637f002ac3c9b74c0183583c?s=96&d=mm&r=g","contentUrl":"https:\/\/secure.gravatar.com\/avatar\/19fdfdc0d67fb9c45714b703a2ac82251c4fcea3637f002ac3c9b74c0183583c?s=96&d=mm&r=g","caption":"RAED"}}]}},"_links":{"self":[{"href":"https:\/\/raed.academy\/ca\/wp-json\/wp\/v2\/posts\/109530","targetHints":{"allow":["GET"]}}],"collection":[{"href":"https:\/\/raed.academy\/ca\/wp-json\/wp\/v2\/posts"}],"about":[{"href":"https:\/\/raed.academy\/ca\/wp-json\/wp\/v2\/types\/post"}],"author":[{"embeddable":true,"href":"https:\/\/raed.academy\/ca\/wp-json\/wp\/v2\/users\/12"}],"replies":[{"embeddable":true,"href":"https:\/\/raed.academy\/ca\/wp-json\/wp\/v2\/comments?post=109530"}],"version-history":[{"count":0,"href":"https:\/\/raed.academy\/ca\/wp-json\/wp\/v2\/posts\/109530\/revisions"}],"wp:featuredmedia":[{"embeddable":true,"href":"https:\/\/raed.academy\/ca\/wp-json\/wp\/v2\/media\/109522"}],"wp:attachment":[{"href":"https:\/\/raed.academy\/ca\/wp-json\/wp\/v2\/media?parent=109530"}],"wp:term":[{"taxonomy":"category","embeddable":true,"href":"https:\/\/raed.academy\/ca\/wp-json\/wp\/v2\/categories?post=109530"},{"taxonomy":"post_tag","embeddable":true,"href":"https:\/\/raed.academy\/ca\/wp-json\/wp\/v2\/tags?post=109530"}],"curies":[{"name":"wp","href":"https:\/\/api.w.org\/{rel}","templated":true}]}}