{"id":109503,"date":"2021-12-09T12:05:10","date_gmt":"2021-12-09T12:05:10","guid":{"rendered":"https:\/\/raed.academy\/?p=109503"},"modified":"2021-12-10T10:57:50","modified_gmt":"2021-12-10T10:57:50","slug":"crear-un-mercat-internacional-de-laigua-per-combatre-el-canvi-climatic","status":"publish","type":"post","link":"https:\/\/raed.academy\/ca\/crear-un-mercat-internacional-de-laigua-per-combatre-el-canvi-climatic\/","title":{"rendered":"Crear un mercat internacional de l&#8217;aigua per combatre el canvi clim\u00e0tic"},"content":{"rendered":"<p><a href=\"https:\/\/raed.academy\/ca\/academics\/dr-jose-daniel-barquero-cabrero\/\" target=\"_blank\" rel=\"noopener\"><strong><em>Jos\u00e9 Daniel Barquero<\/em><\/strong><\/a><br \/>\n<em>Director d&#8217;Strategic Economic Relations, catedr\u00e0tic d&#8217;Economia i Empresa de l&#8217;Open University La Salle i acad\u00e8mic de n\u00famero de la Reial Acad\u00e8mia de Ci\u00e8ncies Econ\u00f2miques i Financeres i de la Reial Acad\u00e8mia Europea de Doctors-Barcelona 1914 (RAED).<\/em><\/p>\n<p><a href=\"https:\/\/raed.academy\/ca\/academics\/dr-antonio-pulido-gutierrez\/\" target=\"_blank\" rel=\"noopener\"><strong><em>Antonio Pulido<\/em><\/strong><\/a><br \/>\n<em>President de la Fundaci\u00f3 Cajasol, de l&#8217;Institut d&#8217;Estudis Cajasol, del Consell Andal\u00fas de Col\u00b7legis d&#8217;Economistes, de l&#8217;Associaci\u00f3 Andalusa de Fundacions i de l&#8217;Associaci\u00f3 Internacional de Cr\u00e8dit Prentari i Social, acad\u00e8mic d&#8217;honor de la Reial Acad\u00e8mia de Belles Arts de Sevilla i acad\u00e8mic de n\u00famero i membre del Senat de la Reial Acad\u00e8mia Europea de Doctors-Barcelona 1914 (RAED).<\/em><\/p>\n<p><a href=\"https:\/\/raed.academy\/ca\/academics\/dr-jose-daniel-barquero-cabrero\/\" target=\"_blank\" rel=\"noopener\"><strong><em>Jos\u00e9 Daniel Barquero<\/em><\/strong><\/a>, director de la consultora <strong>Strategic Economic Relations<\/strong>, catedr\u00e0tic de l&#8217;<strong>Open University La Salle<\/strong> i acad\u00e8mic de n\u00famero de la <strong>Reial Acad\u00e8mia de Ci\u00e8ncies Econ\u00f2miques i Financeres<\/strong> i de la <strong>Reial Acad\u00e8mia Europea de Doctors-Barcelona 1914<\/strong> (RAED), va entrevistar el passat 30 de novembre al Premi Nobel d&#8217;Economia del 2020, <strong>Paul Robert Milgrom<\/strong>, dins del marc de la darrera sessi\u00f3 del <a href=\"https:\/\/clubdedirectivos.es\/\" target=\"_blank\" rel=\"noopener\"><strong>Club de Directius d&#8217;Andalusia<\/strong><\/a> promogut per l&#8217;<a href=\"https:\/\/institutocajasol.com\/\" target=\"_blank\" rel=\"noopener\"><strong>Institut d&#8217;Estudis Cajasol<\/strong><\/a> i celebrat a la seu sevillana de la <a href=\"https:\/\/fundacioncajasol.com\/\" target=\"_blank\" rel=\"noopener\"><strong>Fundaci\u00f3 Cajasol<\/strong><\/a>. La sessi\u00f3 va estar liderada pel president de la Fundaci\u00f3 i acad\u00e8mic de n\u00famero i membre del <strong>Senat<\/strong> de la RAED <a href=\"https:\/\/raed.academy\/ca\/academics\/dr-antonio-pulido-gutierrez\/\" target=\"_blank\" rel=\"noopener\"><strong><em>Antonio Pulido<\/em><\/strong><\/a>.<\/p>\n<p><strong>Milgrom<\/strong> va abordar diversos temes de l&#8217;actualitat pol\u00edtica i econ\u00f2mica i, en relaci\u00f3 amb la crisi clim\u00e0tica, va proposar la creaci\u00f3 d&#8217;un mercat internacional de l&#8217;aigua que racionalitz\u00e9s el consum d&#8217;un b\u00e9 cada cop m\u00e9s esc\u00e0s davant del descens notable de precipitacions a escala mundial. L&#8217;entrada en joc del preu suposaria per al Nobel el millor incentiu per consolidar un \u00fas raonable i mesurat de l&#8217;aigua, per fomentar-ne nous models d&#8217;\u00fas que reduirien i n&#8217;optimitzarien el consum i fins i tot explorar-ne noves formes d&#8217;extracci\u00f3 i explotaci\u00f3.<\/p>\n<div id=\"attachment_109461\" style=\"width: 860px\" class=\"wp-caption aligncenter\"><img loading=\"lazy\" decoding=\"async\" aria-describedby=\"caption-attachment-109461\" class=\"wp-image-109461 size-full\" src=\"https:\/\/raed.academy\/wp-content\/uploads\/2021\/12\/Antonio-Pulido-Paul-Robert-Milgrom-y-Jose-Daniel-Barquero.webp\" sizes=\"(max-width: 850px) 100vw, 850px\" srcset=\"https:\/\/raed.academy\/wp-content\/uploads\/2021\/12\/Antonio-Pulido-Paul-Robert-Milgrom-y-Jose-Daniel-Barquero.webp 850w, https:\/\/raed.academy\/wp-content\/uploads\/2021\/12\/Antonio-Pulido-Paul-Robert-Milgrom-y-Jose-Daniel-Barquero-768x406.webp 768w\" alt=\"Antonio Pulido, Paul Robert Milgrom y Jos\u00e9 Daniel Barquero\" width=\"850\" height=\"449\" aria-describedby=\"caption-attachment-109461\" \/><p id=\"caption-attachment-109461\" class=\"wp-caption-text\">Dr. Antonio Pulido \u2013 Dr. Paul Robert Milgrom \u2013 Dr. Jos\u00e9 Daniel Barquero<\/p><\/div>\n<p>&#8220;Un dels grans efectes del canvi clim\u00e0tic han estat les sequeres a tot el m\u00f3n, les precipitacions han disminu\u00eft. A tots els continents, fins i tot a l&#8217;Ant\u00e0rtida, hi ha grans sequeres aquest darrer any, aquests patrons d&#8217;aigua no tornaran a l&#8217;antiga normalitat mai, els usos de l&#8217;aigua continuaran canviant, hi ha llocs on simplement hi ha hagut un \u00fas de l&#8217;aigua desmesurat, per a l&#8217;agricultura, per exemple, on s&#8217;estava polvoritzant l&#8217;aigua a l&#8217;aire, no hem sabut aprofitar les fonts d&#8217;aquest recurs. Hi ha fonts d&#8217;aigua salines i profundes on seria econ\u00f2mic, si tingu\u00e9ssim mercat d&#8217;aigua, extreure-la, filtrar-la o dessalinitzar-la i tenir aigua dol\u00e7a que pogu\u00e9s fer-se servir en noves aplicacions. \u00c9s a dir, hem de crear nous mercats de l&#8217;aigua&#8221;, va explicar <strong>Milgrom<\/strong> durant la seva intervenci\u00f3.<\/p>\n<p>Per al Nobel, el primer pas per establir un mercat d&#8217;aquesta magnitud seria mesurar amb precisi\u00f3 el consum de l&#8217;aigua, proposant l&#8217;\u00fas de tecnologia aeroespacial i la intel\u00b7lig\u00e8ncia artificial. D&#8217;altra banda, l&#8217;altre gran desafiament seria crear un est\u00e0ndard internacional sobre els drets de l&#8217;aigua i un corpus jur\u00eddic paral\u00b7lel. La lluita contra els usos i costums tampoc no serien f\u00e0cils, tot i que <strong>Milgrom<\/strong> les compara a les diferents modificacions que s&#8217;han portat a terme al llarg de les darreres d\u00e8cades sobre l&#8217;espai radioel\u00e8ctric, tant en l&#8217;\u00e0mbit nacional com internacional.<\/p>\n<p>&#8220;El canvi clim\u00e0tic ja ha arribat. No desapareixer\u00e0, hem de fer tot el que puguem per limitar-ho, per\u00f2 tamb\u00e9 hem de comen\u00e7ar a pensar com ens adaptarem i quines seran les noves formes de mitigar els seus efectes i viure en un m\u00f3n que tenim com el tenim. I aquestes mesures comencen per un nou model de fer servir un recurs fonamental com l&#8217;aigua&#8221;, va concloure el reconegut economista, expert en teoria de subhastes i estrat\u00e8gies de fixaci\u00f3 de preus.<\/p>\n<p>&#8220;Amb pon\u00e8ncies tan rellevants com la d&#8217;avui, el Club de Directius d&#8217;Andalusia que va impulsar la nostra escola de negocis es consolida com un espai de refer\u00e8ncia on emprenedors, empresaris i directius poden establir relacions i accedir a m\u00e9s a activitats exclusives que els permeten intercanviar experi\u00e8ncies i millorar les seves organitzacions&#8221;, va destacar Pulido durant la seva intervenci\u00f3.<\/p>\n<p><strong>Paul Robert Milgrom<\/strong> va obtenir el Premi Nobel d&#8217;Economia el 2020 amb <strong>Robert Wilson<\/strong> per un treball sobre assignaci\u00f3 que ha estat utilitzat en l&#8217;assignaci\u00f3 de freq\u00fc\u00e8ncies de telecomunicacions. Expert en teoria de jocs, <strong>Milgrom<\/strong> \u00e9s titular de la <strong>C\u00e0tedra Shirley i Leonard Ely d&#8217;Humanitats i Ci\u00e8ncies<\/strong> de la <strong>Universitat de Stanford<\/strong>, c\u00e0rrec que ocupa des de l&#8217;any 1987. \u00c9s creador del teorema del no intercanvi amb <strong>Nancy Stokey<\/strong> i cofundador de diverses companyies, la m\u00e9s recent de les quals proporciona programari i serveis que creen mercats eficients per a subhastes i intercanvis comercials complexos.<\/p>\n<h2><a href=\"https:\/\/youtu.be\/ATY0nsqrLTg\" target=\"_blank\" rel=\"noopener\">Veieu el v\u00eddeo de la sessi\u00f3<\/a><\/h2>\n","protected":false},"excerpt":{"rendered":"<p>Jos\u00e9 Daniel Barquero entrevista el premi Nobel d&#8217;Economia 2020 Paul Robert Milgrom en el marc de la darrera sessi\u00f3 del Club de Directius d&#8217;Andalusia, promogut per l&#8217;Institut d&#8217;Estudis Cajasol<\/p>\n","protected":false},"author":12,"featured_media":109487,"comment_status":"closed","ping_status":"closed","sticky":false,"template":"","format":"standard","meta":{"_et_pb_use_builder":"","_et_pb_old_content":"","_et_gb_content_width":"","footnotes":""},"categories":[304,310],"tags":[],"class_list":["post-109503","post","type-post","status-publish","format-standard","has-post-thumbnail","hentry","category-economia-i-politica-ca","category-medi-ambient","et-has-post-format-content","et_post_format-et-post-format-standard"],"yoast_head":"<!-- This site is optimized with the Yoast SEO plugin v27.4 - https:\/\/yoast.com\/product\/yoast-seo-wordpress\/ -->\n<title>Crear un mercat internacional de l&#039;aigua per combatre el canvi clim\u00e0tic - Reial Acad\u00e8mia Europea de Doctors<\/title>\n<meta name=\"description\" content=\"Jos\u00e9 Daniel Barquero entrevista el premi Nobel d&#039;Economia 2020 Paul Robert Milgrom en el marc de la darrera sessi\u00f3 del Club de Directius d&#039;Andalusia, promogut per l&#039;Institut d&#039;Estudis Cajasol\" \/>\n<meta name=\"robots\" content=\"index, follow, max-snippet:-1, max-image-preview:large, max-video-preview:-1\" \/>\n<link rel=\"canonical\" href=\"https:\/\/raed.academy\/ca\/crear-un-mercat-internacional-de-laigua-per-combatre-el-canvi-climatic\/\" \/>\n<meta property=\"og:locale\" content=\"ca_ES\" \/>\n<meta property=\"og:type\" content=\"article\" \/>\n<meta property=\"og:title\" content=\"Crear un mercat internacional de l&#039;aigua per combatre el canvi clim\u00e0tic - Reial Acad\u00e8mia Europea de Doctors\" \/>\n<meta property=\"og:description\" content=\"Jos\u00e9 Daniel Barquero entrevista el premi Nobel d&#039;Economia 2020 Paul Robert Milgrom en el marc de la darrera sessi\u00f3 del Club de Directius d&#039;Andalusia, promogut per l&#039;Institut d&#039;Estudis Cajasol\" \/>\n<meta property=\"og:url\" content=\"https:\/\/raed.academy\/ca\/crear-un-mercat-internacional-de-laigua-per-combatre-el-canvi-climatic\/\" \/>\n<meta property=\"og:site_name\" content=\"Reial Acad\u00e8mia Europea de Doctors\" \/>\n<meta property=\"article:publisher\" content=\"http:\/\/fb.me\/raed.academy\" \/>\n<meta property=\"article:published_time\" content=\"2021-12-09T12:05:10+00:00\" \/>\n<meta property=\"article:modified_time\" content=\"2021-12-10T10:57:50+00:00\" \/>\n<meta property=\"og:image\" content=\"https:\/\/raed.academy\/wp-content\/uploads\/2021\/12\/shutt_sequia-calentamiento-global-cambio-climatico-dst.webp\" \/>\n\t<meta property=\"og:image:width\" content=\"600\" \/>\n\t<meta property=\"og:image:height\" content=\"360\" \/>\n\t<meta property=\"og:image:type\" content=\"image\/webp\" \/>\n<meta name=\"author\" content=\"RAED\" \/>\n<meta name=\"twitter:card\" content=\"summary_large_image\" \/>\n<meta name=\"twitter:creator\" content=\"@raedacademy\" \/>\n<meta name=\"twitter:site\" content=\"@raedacademy\" \/>\n<meta name=\"twitter:label1\" content=\"Written by\" \/>\n\t<meta name=\"twitter:data1\" content=\"RAED\" \/>\n\t<meta name=\"twitter:label2\" content=\"Est. reading time\" \/>\n\t<meta name=\"twitter:data2\" content=\"4 minutes\" \/>\n<script type=\"application\/ld+json\" class=\"yoast-schema-graph\">{\"@context\":\"https:\\\/\\\/schema.org\",\"@graph\":[{\"@type\":\"Article\",\"@id\":\"https:\\\/\\\/raed.academy\\\/ca\\\/crear-un-mercat-internacional-de-laigua-per-combatre-el-canvi-climatic\\\/#article\",\"isPartOf\":{\"@id\":\"https:\\\/\\\/raed.academy\\\/ca\\\/crear-un-mercat-internacional-de-laigua-per-combatre-el-canvi-climatic\\\/\"},\"author\":{\"name\":\"RAED\",\"@id\":\"https:\\\/\\\/raed.academy\\\/ca\\\/#\\\/schema\\\/person\\\/5a755da80d1d979fd66ba745c8702927\"},\"headline\":\"Crear un mercat internacional de l&#8217;aigua per combatre el canvi clim\u00e0tic\",\"datePublished\":\"2021-12-09T12:05:10+00:00\",\"dateModified\":\"2021-12-10T10:57:50+00:00\",\"mainEntityOfPage\":{\"@id\":\"https:\\\/\\\/raed.academy\\\/ca\\\/crear-un-mercat-internacional-de-laigua-per-combatre-el-canvi-climatic\\\/\"},\"wordCount\":884,\"publisher\":{\"@id\":\"https:\\\/\\\/raed.academy\\\/ca\\\/#organization\"},\"image\":{\"@id\":\"https:\\\/\\\/raed.academy\\\/ca\\\/crear-un-mercat-internacional-de-laigua-per-combatre-el-canvi-climatic\\\/#primaryimage\"},\"thumbnailUrl\":\"https:\\\/\\\/raed.academy\\\/wp-content\\\/uploads\\\/2021\\\/12\\\/shutt_sequia-calentamiento-global-cambio-climatico-dst.webp\",\"articleSection\":[\"Economia i pol\u00edtica\",\"Medi ambient\"],\"inLanguage\":\"ca-ES\"},{\"@type\":\"WebPage\",\"@id\":\"https:\\\/\\\/raed.academy\\\/ca\\\/crear-un-mercat-internacional-de-laigua-per-combatre-el-canvi-climatic\\\/\",\"url\":\"https:\\\/\\\/raed.academy\\\/ca\\\/crear-un-mercat-internacional-de-laigua-per-combatre-el-canvi-climatic\\\/\",\"name\":\"Crear un mercat internacional de l'aigua per combatre el canvi clim\u00e0tic - Reial Acad\u00e8mia Europea de Doctors\",\"isPartOf\":{\"@id\":\"https:\\\/\\\/raed.academy\\\/ca\\\/#website\"},\"primaryImageOfPage\":{\"@id\":\"https:\\\/\\\/raed.academy\\\/ca\\\/crear-un-mercat-internacional-de-laigua-per-combatre-el-canvi-climatic\\\/#primaryimage\"},\"image\":{\"@id\":\"https:\\\/\\\/raed.academy\\\/ca\\\/crear-un-mercat-internacional-de-laigua-per-combatre-el-canvi-climatic\\\/#primaryimage\"},\"thumbnailUrl\":\"https:\\\/\\\/raed.academy\\\/wp-content\\\/uploads\\\/2021\\\/12\\\/shutt_sequia-calentamiento-global-cambio-climatico-dst.webp\",\"datePublished\":\"2021-12-09T12:05:10+00:00\",\"dateModified\":\"2021-12-10T10:57:50+00:00\",\"description\":\"Jos\u00e9 Daniel Barquero entrevista el premi Nobel d'Economia 2020 Paul Robert Milgrom en el marc de la darrera sessi\u00f3 del Club de Directius d'Andalusia, promogut per l'Institut d'Estudis Cajasol\",\"breadcrumb\":{\"@id\":\"https:\\\/\\\/raed.academy\\\/ca\\\/crear-un-mercat-internacional-de-laigua-per-combatre-el-canvi-climatic\\\/#breadcrumb\"},\"inLanguage\":\"ca-ES\",\"potentialAction\":[{\"@type\":\"ReadAction\",\"target\":[\"https:\\\/\\\/raed.academy\\\/ca\\\/crear-un-mercat-internacional-de-laigua-per-combatre-el-canvi-climatic\\\/\"]}]},{\"@type\":\"ImageObject\",\"inLanguage\":\"ca-ES\",\"@id\":\"https:\\\/\\\/raed.academy\\\/ca\\\/crear-un-mercat-internacional-de-laigua-per-combatre-el-canvi-climatic\\\/#primaryimage\",\"url\":\"https:\\\/\\\/raed.academy\\\/wp-content\\\/uploads\\\/2021\\\/12\\\/shutt_sequia-calentamiento-global-cambio-climatico-dst.webp\",\"contentUrl\":\"https:\\\/\\\/raed.academy\\\/wp-content\\\/uploads\\\/2021\\\/12\\\/shutt_sequia-calentamiento-global-cambio-climatico-dst.webp\",\"width\":600,\"height\":360,\"caption\":\"Calentamiento global, cambio clim\u00e1tico\"},{\"@type\":\"BreadcrumbList\",\"@id\":\"https:\\\/\\\/raed.academy\\\/ca\\\/crear-un-mercat-internacional-de-laigua-per-combatre-el-canvi-climatic\\\/#breadcrumb\",\"itemListElement\":[{\"@type\":\"ListItem\",\"position\":1,\"name\":\"Inicio\",\"item\":\"https:\\\/\\\/raed.academy\\\/ca\\\/\"},{\"@type\":\"ListItem\",\"position\":2,\"name\":\"Crear un mercat internacional de l&#8217;aigua per combatre el canvi clim\u00e0tic\"}]},{\"@type\":\"WebSite\",\"@id\":\"https:\\\/\\\/raed.academy\\\/ca\\\/#website\",\"url\":\"https:\\\/\\\/raed.academy\\\/ca\\\/\",\"name\":\"Reial Acad\u00e8mia Europea de Doctors\",\"description\":\"Corporaci\u00f3n de derecho p\u00fablico de car\u00e1cter cient\u00edfico, t\u00e9cnico y art\u00edstico, que tiene por objeto la investigaci\u00f3n, el estudio, el fomento y la extensi\u00f3n del conocimiento en su sentido m\u00e1s amplio\",\"publisher\":{\"@id\":\"https:\\\/\\\/raed.academy\\\/ca\\\/#organization\"},\"potentialAction\":[{\"@type\":\"SearchAction\",\"target\":{\"@type\":\"EntryPoint\",\"urlTemplate\":\"https:\\\/\\\/raed.academy\\\/ca\\\/?s={search_term_string}\"},\"query-input\":{\"@type\":\"PropertyValueSpecification\",\"valueRequired\":true,\"valueName\":\"search_term_string\"}}],\"inLanguage\":\"ca-ES\"},{\"@type\":\"Organization\",\"@id\":\"https:\\\/\\\/raed.academy\\\/ca\\\/#organization\",\"name\":\"Real Academia Europea de Doctores\",\"url\":\"https:\\\/\\\/raed.academy\\\/ca\\\/\",\"logo\":{\"@type\":\"ImageObject\",\"inLanguage\":\"ca-ES\",\"@id\":\"https:\\\/\\\/raed.academy\\\/ca\\\/#\\\/schema\\\/logo\\\/image\\\/\",\"url\":\"https:\\\/\\\/raed.academy\\\/wp-content\\\/uploads\\\/2017\\\/01\\\/cropped-logo_raed.png\",\"contentUrl\":\"https:\\\/\\\/raed.academy\\\/wp-content\\\/uploads\\\/2017\\\/01\\\/cropped-logo_raed.png\",\"width\":512,\"height\":512,\"caption\":\"Real Academia Europea de Doctores\"},\"image\":{\"@id\":\"https:\\\/\\\/raed.academy\\\/ca\\\/#\\\/schema\\\/logo\\\/image\\\/\"},\"sameAs\":[\"http:\\\/\\\/fb.me\\\/raed.academy\",\"https:\\\/\\\/x.com\\\/raedacademy\",\"https:\\\/\\\/www.instagram.com\\\/raed.academy\\\/\",\"https:\\\/\\\/www.youtube.com\\\/channel\\\/UCUYQwW2KrdirNWihxMDObwg\"]},{\"@type\":\"Person\",\"@id\":\"https:\\\/\\\/raed.academy\\\/ca\\\/#\\\/schema\\\/person\\\/5a755da80d1d979fd66ba745c8702927\",\"name\":\"RAED\",\"image\":{\"@type\":\"ImageObject\",\"inLanguage\":\"ca-ES\",\"@id\":\"https:\\\/\\\/secure.gravatar.com\\\/avatar\\\/19fdfdc0d67fb9c45714b703a2ac82251c4fcea3637f002ac3c9b74c0183583c?s=96&d=mm&r=g\",\"url\":\"https:\\\/\\\/secure.gravatar.com\\\/avatar\\\/19fdfdc0d67fb9c45714b703a2ac82251c4fcea3637f002ac3c9b74c0183583c?s=96&d=mm&r=g\",\"contentUrl\":\"https:\\\/\\\/secure.gravatar.com\\\/avatar\\\/19fdfdc0d67fb9c45714b703a2ac82251c4fcea3637f002ac3c9b74c0183583c?s=96&d=mm&r=g\",\"caption\":\"RAED\"}}]}<\/script>\n<!-- \/ Yoast SEO plugin. -->","yoast_head_json":{"title":"Crear un mercat internacional de l'aigua per combatre el canvi clim\u00e0tic - Reial Acad\u00e8mia Europea de Doctors","description":"Jos\u00e9 Daniel Barquero entrevista el premi Nobel d'Economia 2020 Paul Robert Milgrom en el marc de la darrera sessi\u00f3 del Club de Directius d'Andalusia, promogut per l'Institut d'Estudis Cajasol","robots":{"index":"index","follow":"follow","max-snippet":"max-snippet:-1","max-image-preview":"max-image-preview:large","max-video-preview":"max-video-preview:-1"},"canonical":"https:\/\/raed.academy\/ca\/crear-un-mercat-internacional-de-laigua-per-combatre-el-canvi-climatic\/","og_locale":"ca_ES","og_type":"article","og_title":"Crear un mercat internacional de l'aigua per combatre el canvi clim\u00e0tic - Reial Acad\u00e8mia Europea de Doctors","og_description":"Jos\u00e9 Daniel Barquero entrevista el premi Nobel d'Economia 2020 Paul Robert Milgrom en el marc de la darrera sessi\u00f3 del Club de Directius d'Andalusia, promogut per l'Institut d'Estudis Cajasol","og_url":"https:\/\/raed.academy\/ca\/crear-un-mercat-internacional-de-laigua-per-combatre-el-canvi-climatic\/","og_site_name":"Reial Acad\u00e8mia Europea de Doctors","article_publisher":"http:\/\/fb.me\/raed.academy","article_published_time":"2021-12-09T12:05:10+00:00","article_modified_time":"2021-12-10T10:57:50+00:00","og_image":[{"width":600,"height":360,"url":"https:\/\/raed.academy\/wp-content\/uploads\/2021\/12\/shutt_sequia-calentamiento-global-cambio-climatico-dst.webp","type":"image\/webp"}],"author":"RAED","twitter_card":"summary_large_image","twitter_creator":"@raedacademy","twitter_site":"@raedacademy","twitter_misc":{"Written by":"RAED","Est. reading time":"4 minutes"},"schema":{"@context":"https:\/\/schema.org","@graph":[{"@type":"Article","@id":"https:\/\/raed.academy\/ca\/crear-un-mercat-internacional-de-laigua-per-combatre-el-canvi-climatic\/#article","isPartOf":{"@id":"https:\/\/raed.academy\/ca\/crear-un-mercat-internacional-de-laigua-per-combatre-el-canvi-climatic\/"},"author":{"name":"RAED","@id":"https:\/\/raed.academy\/ca\/#\/schema\/person\/5a755da80d1d979fd66ba745c8702927"},"headline":"Crear un mercat internacional de l&#8217;aigua per combatre el canvi clim\u00e0tic","datePublished":"2021-12-09T12:05:10+00:00","dateModified":"2021-12-10T10:57:50+00:00","mainEntityOfPage":{"@id":"https:\/\/raed.academy\/ca\/crear-un-mercat-internacional-de-laigua-per-combatre-el-canvi-climatic\/"},"wordCount":884,"publisher":{"@id":"https:\/\/raed.academy\/ca\/#organization"},"image":{"@id":"https:\/\/raed.academy\/ca\/crear-un-mercat-internacional-de-laigua-per-combatre-el-canvi-climatic\/#primaryimage"},"thumbnailUrl":"https:\/\/raed.academy\/wp-content\/uploads\/2021\/12\/shutt_sequia-calentamiento-global-cambio-climatico-dst.webp","articleSection":["Economia i pol\u00edtica","Medi ambient"],"inLanguage":"ca-ES"},{"@type":"WebPage","@id":"https:\/\/raed.academy\/ca\/crear-un-mercat-internacional-de-laigua-per-combatre-el-canvi-climatic\/","url":"https:\/\/raed.academy\/ca\/crear-un-mercat-internacional-de-laigua-per-combatre-el-canvi-climatic\/","name":"Crear un mercat internacional de l'aigua per combatre el canvi clim\u00e0tic - Reial Acad\u00e8mia Europea de Doctors","isPartOf":{"@id":"https:\/\/raed.academy\/ca\/#website"},"primaryImageOfPage":{"@id":"https:\/\/raed.academy\/ca\/crear-un-mercat-internacional-de-laigua-per-combatre-el-canvi-climatic\/#primaryimage"},"image":{"@id":"https:\/\/raed.academy\/ca\/crear-un-mercat-internacional-de-laigua-per-combatre-el-canvi-climatic\/#primaryimage"},"thumbnailUrl":"https:\/\/raed.academy\/wp-content\/uploads\/2021\/12\/shutt_sequia-calentamiento-global-cambio-climatico-dst.webp","datePublished":"2021-12-09T12:05:10+00:00","dateModified":"2021-12-10T10:57:50+00:00","description":"Jos\u00e9 Daniel Barquero entrevista el premi Nobel d'Economia 2020 Paul Robert Milgrom en el marc de la darrera sessi\u00f3 del Club de Directius d'Andalusia, promogut per l'Institut d'Estudis Cajasol","breadcrumb":{"@id":"https:\/\/raed.academy\/ca\/crear-un-mercat-internacional-de-laigua-per-combatre-el-canvi-climatic\/#breadcrumb"},"inLanguage":"ca-ES","potentialAction":[{"@type":"ReadAction","target":["https:\/\/raed.academy\/ca\/crear-un-mercat-internacional-de-laigua-per-combatre-el-canvi-climatic\/"]}]},{"@type":"ImageObject","inLanguage":"ca-ES","@id":"https:\/\/raed.academy\/ca\/crear-un-mercat-internacional-de-laigua-per-combatre-el-canvi-climatic\/#primaryimage","url":"https:\/\/raed.academy\/wp-content\/uploads\/2021\/12\/shutt_sequia-calentamiento-global-cambio-climatico-dst.webp","contentUrl":"https:\/\/raed.academy\/wp-content\/uploads\/2021\/12\/shutt_sequia-calentamiento-global-cambio-climatico-dst.webp","width":600,"height":360,"caption":"Calentamiento global, cambio clim\u00e1tico"},{"@type":"BreadcrumbList","@id":"https:\/\/raed.academy\/ca\/crear-un-mercat-internacional-de-laigua-per-combatre-el-canvi-climatic\/#breadcrumb","itemListElement":[{"@type":"ListItem","position":1,"name":"Inicio","item":"https:\/\/raed.academy\/ca\/"},{"@type":"ListItem","position":2,"name":"Crear un mercat internacional de l&#8217;aigua per combatre el canvi clim\u00e0tic"}]},{"@type":"WebSite","@id":"https:\/\/raed.academy\/ca\/#website","url":"https:\/\/raed.academy\/ca\/","name":"Reial Acad\u00e8mia Europea de Doctors","description":"Corporaci\u00f3n de derecho p\u00fablico de car\u00e1cter cient\u00edfico, t\u00e9cnico y art\u00edstico, que tiene por objeto la investigaci\u00f3n, el estudio, el fomento y la extensi\u00f3n del conocimiento en su sentido m\u00e1s amplio","publisher":{"@id":"https:\/\/raed.academy\/ca\/#organization"},"potentialAction":[{"@type":"SearchAction","target":{"@type":"EntryPoint","urlTemplate":"https:\/\/raed.academy\/ca\/?s={search_term_string}"},"query-input":{"@type":"PropertyValueSpecification","valueRequired":true,"valueName":"search_term_string"}}],"inLanguage":"ca-ES"},{"@type":"Organization","@id":"https:\/\/raed.academy\/ca\/#organization","name":"Real Academia Europea de Doctores","url":"https:\/\/raed.academy\/ca\/","logo":{"@type":"ImageObject","inLanguage":"ca-ES","@id":"https:\/\/raed.academy\/ca\/#\/schema\/logo\/image\/","url":"https:\/\/raed.academy\/wp-content\/uploads\/2017\/01\/cropped-logo_raed.png","contentUrl":"https:\/\/raed.academy\/wp-content\/uploads\/2017\/01\/cropped-logo_raed.png","width":512,"height":512,"caption":"Real Academia Europea de Doctores"},"image":{"@id":"https:\/\/raed.academy\/ca\/#\/schema\/logo\/image\/"},"sameAs":["http:\/\/fb.me\/raed.academy","https:\/\/x.com\/raedacademy","https:\/\/www.instagram.com\/raed.academy\/","https:\/\/www.youtube.com\/channel\/UCUYQwW2KrdirNWihxMDObwg"]},{"@type":"Person","@id":"https:\/\/raed.academy\/ca\/#\/schema\/person\/5a755da80d1d979fd66ba745c8702927","name":"RAED","image":{"@type":"ImageObject","inLanguage":"ca-ES","@id":"https:\/\/secure.gravatar.com\/avatar\/19fdfdc0d67fb9c45714b703a2ac82251c4fcea3637f002ac3c9b74c0183583c?s=96&d=mm&r=g","url":"https:\/\/secure.gravatar.com\/avatar\/19fdfdc0d67fb9c45714b703a2ac82251c4fcea3637f002ac3c9b74c0183583c?s=96&d=mm&r=g","contentUrl":"https:\/\/secure.gravatar.com\/avatar\/19fdfdc0d67fb9c45714b703a2ac82251c4fcea3637f002ac3c9b74c0183583c?s=96&d=mm&r=g","caption":"RAED"}}]}},"_links":{"self":[{"href":"https:\/\/raed.academy\/ca\/wp-json\/wp\/v2\/posts\/109503","targetHints":{"allow":["GET"]}}],"collection":[{"href":"https:\/\/raed.academy\/ca\/wp-json\/wp\/v2\/posts"}],"about":[{"href":"https:\/\/raed.academy\/ca\/wp-json\/wp\/v2\/types\/post"}],"author":[{"embeddable":true,"href":"https:\/\/raed.academy\/ca\/wp-json\/wp\/v2\/users\/12"}],"replies":[{"embeddable":true,"href":"https:\/\/raed.academy\/ca\/wp-json\/wp\/v2\/comments?post=109503"}],"version-history":[{"count":0,"href":"https:\/\/raed.academy\/ca\/wp-json\/wp\/v2\/posts\/109503\/revisions"}],"wp:featuredmedia":[{"embeddable":true,"href":"https:\/\/raed.academy\/ca\/wp-json\/wp\/v2\/media\/109487"}],"wp:attachment":[{"href":"https:\/\/raed.academy\/ca\/wp-json\/wp\/v2\/media?parent=109503"}],"wp:term":[{"taxonomy":"category","embeddable":true,"href":"https:\/\/raed.academy\/ca\/wp-json\/wp\/v2\/categories?post=109503"},{"taxonomy":"post_tag","embeddable":true,"href":"https:\/\/raed.academy\/ca\/wp-json\/wp\/v2\/tags?post=109503"}],"curies":[{"name":"wp","href":"https:\/\/api.w.org\/{rel}","templated":true}]}}