{"id":108178,"date":"2021-11-12T07:45:59","date_gmt":"2021-11-12T07:45:59","guid":{"rendered":"https:\/\/raed.academy\/?p=108178"},"modified":"2021-11-12T10:45:37","modified_gmt":"2021-11-12T10:45:37","slug":"la-natura-es-la-resposta-al-futur-de-la-humanitat","status":"publish","type":"post","link":"https:\/\/raed.academy\/ca\/la-natura-es-la-resposta-al-futur-de-la-humanitat\/","title":{"rendered":"La natura \u00e9s la resposta al futur de la humanitat"},"content":{"rendered":"<p><strong>Miquel Ventura<\/strong>, director de projectes de la <a href=\"https:\/\/fundacionraed.org\/\" target=\"_blank\" rel=\"noopener\"><strong>Fundaci\u00f3 Pro Reial Acad\u00e8mia Europea de Doctors<\/strong><\/a> i impulsor del <a href=\"https:\/\/fundacionraed.org\/silmar\/\" target=\"_blank\" rel=\"noopener\"><strong>projecte d&#8217;observaci\u00f3 i protecci\u00f3 de la biodiversitat marina Silmar<\/strong><\/a>, presenta a la comunitat acad\u00e8mica l&#8217;article <strong>&#8220;Si la natura \u00e9s la resposta&#8221;<\/strong>, on aborda els projectes de la Fundaci\u00f3 i la tasca de salvaguarda del patrimoni natural a trav\u00e9s del seu estudi i coneixement.<\/p>\n<h3>Si la natura \u00e9s la resposta<\/h3>\n<div id=\"attachment_108083\" style=\"width: 810px\" class=\"wp-caption alignleft\"><img loading=\"lazy\" decoding=\"async\" aria-describedby=\"caption-attachment-108083\" class=\"wp-image-108083 size-full\" src=\"https:\/\/raed.academy\/wp-content\/uploads\/2021\/11\/Silmar-varios-dst.webp\" sizes=\"(max-width: 800px) 100vw, 800px\" srcset=\"https:\/\/raed.academy\/wp-content\/uploads\/2021\/11\/Silmar-varios-dst.webp 800w, https:\/\/raed.academy\/wp-content\/uploads\/2021\/11\/Silmar-varios-dst-768x461.webp 768w, https:\/\/raed.academy\/wp-content\/uploads\/2021\/11\/Silmar-varios-dst-627x376.webp 627w, https:\/\/raed.academy\/wp-content\/uploads\/2021\/11\/Silmar-varios-dst-440x264.webp 440w\" alt=\"Fotograf\u00edas varias del Proyecto Mar de Esperanza\" width=\"800\" height=\"480\" aria-describedby=\"caption-attachment-108083\" \/><p id=\"caption-attachment-108083\" class=\"wp-caption-text\">Projecte Mar d&#8217;Esperan\u00e7a<\/p><\/div>\n<p>Recordo com em va inspirar a reflexionar el meu bon amic <strong>Jorge Wagensberg<\/strong> (1948-2018) al seu llibre <strong>&#8220;Si la naturaleza es la respuesta, \u00bfCu\u00e1l era la pregunta? y otros quinientos pensamientos sobre la incertidumbre&#8221;<\/strong>. Un excel\u00b7lent compendi de reptes intel\u00b7lectuals per a inquiets del coneixement; una fusi\u00f3 d&#8217;idees i pensaments fruit dels seus m\u00faltiples articles, llibres i confer\u00e8ncies on ell va rescatar, amb gran saviesa, l&#8217;ess\u00e8ncia de les aportacions intel\u00b7lectuals que podrien sintetitzar-se en un pensament afortunat, on cristal\u00b7litza i atrapa en una frase la &#8220;q\u00fcesti\u00f3 primordial&#8221;.<\/p>\n<p>Com ell expressava al pr\u00f2leg del llibre, &#8220;s\u00f3n frases que concentren b\u00e9 una idea i aix\u00ed, per una selecci\u00f3 m\u00e9s natural que artificial, els pensaments compactes acaben guanyant-se el lloc i les bones idees poden formular-se en una sola frase per preguntar-se coses i donar respostes a la realitat&#8221;. El llibre estructurat en quatre parts suggereix un setge ordenat del qual veritablement \u00e9s important i ens intriga del nostre complex entorn: la realitat (\u00e9s l&#8217;atzar un producte de la nostra ignor\u00e0ncia o un dret intr\u00ednsec de la naturalesa?), la vida (un rar estat de la mat\u00e8ria inert), el coneixement (una representaci\u00f3 finita d&#8217;una complexitat infinita transmissible per via no gen\u00e8tica) i la civilitzaci\u00f3 (l&#8217;\u00e8tica \u00e9s l&#8217;est\u00e8tica del comportament). En certs moments l&#8217;obra es torna un vadem\u00e8cum de reflexions autosuficients, per moments, un petit tractat amb m\u00ednims desenvolupaments l\u00f2gics, aquests cinc-cents pensaments sobre la incertesa sorprenen per la novetat de la seva perspectiva i per l&#8217;agudesa amb qu\u00e8 tracten de l&#8217;atzar i del temps, de l&#8217;art i de la ci\u00e8ncia com a formes complement\u00e0ries de coneixement, o de la conviv\u00e8ncia i la transmissi\u00f3 de saber com a pilars d&#8217;una comunitat civilitzada.<\/p>\n<p>Ara analitzarem el repte que amaga el t\u00edtol del llibre del professor Wagensberg. &#8220;Si la natura \u00e9s la resposta, quina era la pregunta?&#8221;. La humanitat en el recent periple existencial vagant pel planeta Terra ha creat, gr\u00e0cies al seu enginy i instint de superviv\u00e8ncia, un m\u00f3n altament complex i interdependent que \u00e9s molt hostil amb la natura. Avui ning\u00fa amb seny dubta que per sobreviure, progressar i perdurar com a civilitzaci\u00f3 hem d&#8217;aprendre de la natura en el sentit m\u00e9s ampli, des de la mec\u00e0nica qu\u00e0ntica de les part\u00edcules subat\u00f2miques, l&#8217;organitzaci\u00f3 de les formes de vida de la biosfera, fins del repte espai-temps i la gravetat que regna a l&#8217;univers, passant per totes les disciplines del coneixement hum\u00e0 i, al final, sempre tornarem la mirada a la insondable s\u00e0via naturalesa per continuar aprenent-ne i perdurar.<\/p>\n<div id=\"attachment_108087\" style=\"width: 1210px\" class=\"wp-caption aligncenter\"><img loading=\"lazy\" decoding=\"async\" aria-describedby=\"caption-attachment-108087\" class=\"wp-image-108087 size-full\" src=\"https:\/\/raed.academy\/wp-content\/uploads\/2021\/11\/Pryoecto-Silmar-tareas-de-limpieza.webp\" sizes=\"(max-width: 1200px) 100vw, 1200px\" srcset=\"https:\/\/raed.academy\/wp-content\/uploads\/2021\/11\/Pryoecto-Silmar-tareas-de-limpieza.webp 1200w, https:\/\/raed.academy\/wp-content\/uploads\/2021\/11\/Pryoecto-Silmar-tareas-de-limpieza-768x328.webp 768w, https:\/\/raed.academy\/wp-content\/uploads\/2021\/11\/Pryoecto-Silmar-tareas-de-limpieza-1080x461.webp 1080w\" alt=\"Proyecto Silmar. Tareas de limpieza\" width=\"1200\" height=\"512\" aria-describedby=\"caption-attachment-108087\" \/><p id=\"caption-attachment-108087\" class=\"wp-caption-text\">Projecte Silmar. Tasques de neteja<\/p><\/div>\n<p>&nbsp;<\/p>\n<p>Si ara ens fixem en la segona part del t\u00edtol del llibre\u2026 Quina era la pregunta?, aquesta es va llan\u00e7ar de manera perspica\u00e7 per part de l&#8217;autor, ja que es pot formular des de multitud de propostes i enunciacions, depenent de les inquietuds, reptes o necessitats per a qui s&#8217;hagin de formular. Aquesta va ser la intenci\u00f3 del savi Wagensberg. Ens va donar de forma intel\u00b7ligent la resposta existencial que a tots ens pertoca i ens va convidar a preguntar-nos, a cadascun de nosaltres, els terraq\u00fcis, quina \u00e9s la nostra realitat i com hem d&#8217;actuar a trav\u00e9s de les preguntes m\u00e9s importants de la nostra exist\u00e8ncia i la nostra continu\u00eftat com a esp\u00e8cie.<\/p>\n<p>Des de la Fundaci\u00f3 de la Reial Acad\u00e8mia Europea de Doctors sabem molt b\u00e9 que &#8220;la natura \u00e9s la resposta&#8221; al futur de la humanitat i \u00e9s a trav\u00e9s del coneixement i l&#8217;acci\u00f3 que busquem inspirar la societat per aprendre a viure de manera respectuosa amb el nostre entorn essent responsables amb el dret de les futures generacions a viure en dignitat en un planeta sa i estalvi.<\/p>\n<p>A la Fundaci\u00f3 som conseq\u00fcents amb la culta invitaci\u00f3 intel\u00b7lectual del professor i les nostres preguntes es formulen i responen a trav\u00e9s dels projectes que impulsem: <a href=\"https:\/\/fundacionraed.org\/retos-vitales\/\" target=\"_blank\" rel=\"noopener\"><strong>Reptes Vitals per a una Nova Era<\/strong><\/a>,<a href=\"https:\/\/fundacionraed.org\/mar-de-esperanza\/\" target=\"_blank\" rel=\"noopener\"><strong> Mar d&#8217;Esperan\u00e7a<\/strong><\/a>, la <a href=\"https:\/\/fundacionraed.org\/silmar\/\" target=\"_blank\" rel=\"noopener\"><strong>xarxa Silmar<\/strong><\/a> i, entre d&#8217;altres, el projecte <strong>Biospher<\/strong>. Tots s\u00f3n una invitaci\u00f3 a l&#8217;acci\u00f3 social col\u00b7lectiva per millorar el m\u00f3n des de l&#8217;excel\u00b7l\u00e8ncia i el coneixement.<\/p>\n<p>Per continuar estimulant el lector a reflexionar sobre el magn\u00edfic t\u00edtol del llibre del doctor Wagenberg adjunto tres imatges que valen m\u00e9s que mil paraules d&#8217;algunes de les accions que impulsem des de la nostra organitzaci\u00f3 per comprendre millor que la natura \u00e9s la resposta a gaireb\u00e9 totes les nostres preguntes.<\/p>\n<p>&nbsp;<\/p>\n<div id=\"attachment_108090\" style=\"width: 980px\" class=\"wp-caption aligncenter\"><img loading=\"lazy\" decoding=\"async\" aria-describedby=\"caption-attachment-108090\" class=\"wp-image-108090 size-full\" src=\"https:\/\/raed.academy\/wp-content\/uploads\/2021\/11\/Experiencias-WOW-Sector-Turistico-Retos-Vitales-2021.webp\" sizes=\"(max-width: 970px) 100vw, 970px\" srcset=\"https:\/\/raed.academy\/wp-content\/uploads\/2021\/11\/Experiencias-WOW-Sector-Turistico-Retos-Vitales-2021.webp 970w, https:\/\/raed.academy\/wp-content\/uploads\/2021\/11\/Experiencias-WOW-Sector-Turistico-Retos-Vitales-2021-768x510.webp 768w\" alt=\"Experiencias WOW, Sector Turistico. Retos Vitales 2021\" width=\"970\" height=\"644\" aria-describedby=\"caption-attachment-108090\" \/><p id=\"caption-attachment-108090\" class=\"wp-caption-text\">Experi\u00e8ncies WOW. Reptes Vitals 2021<\/p><\/div>\n","protected":false},"excerpt":{"rendered":"<p>La natura \u00e9s la resposta al futur de la humanitat i \u00e9s a trav\u00e9s del coneixement i l&#8217;acci\u00f3 que busquem inspirar la societat per aprendre a viure de manera respectuosa amb el nostre entorn i amb el dret de les generacions futures a viure en dignitat en un planeta sa<\/p>\n","protected":false},"author":12,"featured_media":108084,"comment_status":"closed","ping_status":"closed","sticky":false,"template":"","format":"standard","meta":{"_et_pb_use_builder":"","_et_pb_old_content":"","_et_gb_content_width":"","footnotes":""},"categories":[310],"tags":[],"class_list":["post-108178","post","type-post","status-publish","format-standard","has-post-thumbnail","hentry","category-medi-ambient","et-has-post-format-content","et_post_format-et-post-format-standard"],"yoast_head":"<!-- This site is optimized with the Yoast SEO plugin v27.4 - https:\/\/yoast.com\/product\/yoast-seo-wordpress\/ -->\n<title>La natura \u00e9s la resposta al futur de la humanitat - Fundaci\u00f3 RAED<\/title>\n<meta name=\"description\" content=\"...i \u00e9s a trav\u00e9s del coneixement i l&#039;acci\u00f3 que busquem inspirar la societat per aprendre a viure de manera respectuosa amb el nostre entorn\" \/>\n<meta name=\"robots\" content=\"index, follow, max-snippet:-1, max-image-preview:large, max-video-preview:-1\" \/>\n<link rel=\"canonical\" href=\"https:\/\/raed.academy\/ca\/la-natura-es-la-resposta-al-futur-de-la-humanitat\/\" \/>\n<meta property=\"og:locale\" content=\"ca_ES\" \/>\n<meta property=\"og:type\" content=\"article\" \/>\n<meta property=\"og:title\" content=\"La natura \u00e9s la resposta al futur de la humanitat - Fundaci\u00f3 RAED\" \/>\n<meta property=\"og:description\" content=\"...i \u00e9s a trav\u00e9s del coneixement i l&#039;acci\u00f3 que busquem inspirar la societat per aprendre a viure de manera respectuosa amb el nostre entorn\" \/>\n<meta property=\"og:url\" content=\"https:\/\/raed.academy\/ca\/la-natura-es-la-resposta-al-futur-de-la-humanitat\/\" \/>\n<meta property=\"og:site_name\" content=\"Reial Acad\u00e8mia Europea de Doctors\" \/>\n<meta property=\"article:publisher\" content=\"http:\/\/fb.me\/raed.academy\" \/>\n<meta property=\"article:published_time\" content=\"2021-11-12T07:45:59+00:00\" \/>\n<meta property=\"article:modified_time\" content=\"2021-11-12T10:45:37+00:00\" \/>\n<meta property=\"og:image\" content=\"https:\/\/raed.academy\/wp-content\/uploads\/2021\/11\/Silmar-varios-dst.webp\" \/>\n\t<meta property=\"og:image:width\" content=\"800\" \/>\n\t<meta property=\"og:image:height\" content=\"480\" \/>\n\t<meta property=\"og:image:type\" content=\"image\/webp\" \/>\n<meta name=\"author\" content=\"RAED\" \/>\n<meta name=\"twitter:card\" content=\"summary_large_image\" \/>\n<meta name=\"twitter:creator\" content=\"@raedacademy\" \/>\n<meta name=\"twitter:site\" content=\"@raedacademy\" \/>\n<meta name=\"twitter:label1\" content=\"Written by\" \/>\n\t<meta name=\"twitter:data1\" content=\"RAED\" \/>\n\t<meta name=\"twitter:label2\" content=\"Est. reading time\" \/>\n\t<meta name=\"twitter:data2\" content=\"5 minutes\" \/>\n<script type=\"application\/ld+json\" class=\"yoast-schema-graph\">{\"@context\":\"https:\\\/\\\/schema.org\",\"@graph\":[{\"@type\":\"Article\",\"@id\":\"https:\\\/\\\/raed.academy\\\/ca\\\/la-natura-es-la-resposta-al-futur-de-la-humanitat\\\/#article\",\"isPartOf\":{\"@id\":\"https:\\\/\\\/raed.academy\\\/ca\\\/la-natura-es-la-resposta-al-futur-de-la-humanitat\\\/\"},\"author\":{\"name\":\"RAED\",\"@id\":\"https:\\\/\\\/raed.academy\\\/ca\\\/#\\\/schema\\\/person\\\/5a755da80d1d979fd66ba745c8702927\"},\"headline\":\"La natura \u00e9s la resposta al futur de la humanitat\",\"datePublished\":\"2021-11-12T07:45:59+00:00\",\"dateModified\":\"2021-11-12T10:45:37+00:00\",\"mainEntityOfPage\":{\"@id\":\"https:\\\/\\\/raed.academy\\\/ca\\\/la-natura-es-la-resposta-al-futur-de-la-humanitat\\\/\"},\"wordCount\":904,\"publisher\":{\"@id\":\"https:\\\/\\\/raed.academy\\\/ca\\\/#organization\"},\"image\":{\"@id\":\"https:\\\/\\\/raed.academy\\\/ca\\\/la-natura-es-la-resposta-al-futur-de-la-humanitat\\\/#primaryimage\"},\"thumbnailUrl\":\"https:\\\/\\\/raed.academy\\\/wp-content\\\/uploads\\\/2021\\\/11\\\/Silmar-varios-dst.webp\",\"articleSection\":[\"Medi ambient\"],\"inLanguage\":\"ca-ES\"},{\"@type\":\"WebPage\",\"@id\":\"https:\\\/\\\/raed.academy\\\/ca\\\/la-natura-es-la-resposta-al-futur-de-la-humanitat\\\/\",\"url\":\"https:\\\/\\\/raed.academy\\\/ca\\\/la-natura-es-la-resposta-al-futur-de-la-humanitat\\\/\",\"name\":\"La natura \u00e9s la resposta al futur de la humanitat - Fundaci\u00f3 RAED\",\"isPartOf\":{\"@id\":\"https:\\\/\\\/raed.academy\\\/ca\\\/#website\"},\"primaryImageOfPage\":{\"@id\":\"https:\\\/\\\/raed.academy\\\/ca\\\/la-natura-es-la-resposta-al-futur-de-la-humanitat\\\/#primaryimage\"},\"image\":{\"@id\":\"https:\\\/\\\/raed.academy\\\/ca\\\/la-natura-es-la-resposta-al-futur-de-la-humanitat\\\/#primaryimage\"},\"thumbnailUrl\":\"https:\\\/\\\/raed.academy\\\/wp-content\\\/uploads\\\/2021\\\/11\\\/Silmar-varios-dst.webp\",\"datePublished\":\"2021-11-12T07:45:59+00:00\",\"dateModified\":\"2021-11-12T10:45:37+00:00\",\"description\":\"...i \u00e9s a trav\u00e9s del coneixement i l'acci\u00f3 que busquem inspirar la societat per aprendre a viure de manera respectuosa amb el nostre entorn\",\"breadcrumb\":{\"@id\":\"https:\\\/\\\/raed.academy\\\/ca\\\/la-natura-es-la-resposta-al-futur-de-la-humanitat\\\/#breadcrumb\"},\"inLanguage\":\"ca-ES\",\"potentialAction\":[{\"@type\":\"ReadAction\",\"target\":[\"https:\\\/\\\/raed.academy\\\/ca\\\/la-natura-es-la-resposta-al-futur-de-la-humanitat\\\/\"]}]},{\"@type\":\"ImageObject\",\"inLanguage\":\"ca-ES\",\"@id\":\"https:\\\/\\\/raed.academy\\\/ca\\\/la-natura-es-la-resposta-al-futur-de-la-humanitat\\\/#primaryimage\",\"url\":\"https:\\\/\\\/raed.academy\\\/wp-content\\\/uploads\\\/2021\\\/11\\\/Silmar-varios-dst.webp\",\"contentUrl\":\"https:\\\/\\\/raed.academy\\\/wp-content\\\/uploads\\\/2021\\\/11\\\/Silmar-varios-dst.webp\",\"width\":800,\"height\":480,\"caption\":\"trabajos varios del Proyecto Silmar\"},{\"@type\":\"BreadcrumbList\",\"@id\":\"https:\\\/\\\/raed.academy\\\/ca\\\/la-natura-es-la-resposta-al-futur-de-la-humanitat\\\/#breadcrumb\",\"itemListElement\":[{\"@type\":\"ListItem\",\"position\":1,\"name\":\"Inicio\",\"item\":\"https:\\\/\\\/raed.academy\\\/ca\\\/\"},{\"@type\":\"ListItem\",\"position\":2,\"name\":\"La natura \u00e9s la resposta al futur de la humanitat\"}]},{\"@type\":\"WebSite\",\"@id\":\"https:\\\/\\\/raed.academy\\\/ca\\\/#website\",\"url\":\"https:\\\/\\\/raed.academy\\\/ca\\\/\",\"name\":\"Reial Acad\u00e8mia Europea de Doctors\",\"description\":\"Corporaci\u00f3n de derecho p\u00fablico de car\u00e1cter cient\u00edfico, t\u00e9cnico y art\u00edstico, que tiene por objeto la investigaci\u00f3n, el estudio, el fomento y la extensi\u00f3n del conocimiento en su sentido m\u00e1s amplio\",\"publisher\":{\"@id\":\"https:\\\/\\\/raed.academy\\\/ca\\\/#organization\"},\"potentialAction\":[{\"@type\":\"SearchAction\",\"target\":{\"@type\":\"EntryPoint\",\"urlTemplate\":\"https:\\\/\\\/raed.academy\\\/ca\\\/?s={search_term_string}\"},\"query-input\":{\"@type\":\"PropertyValueSpecification\",\"valueRequired\":true,\"valueName\":\"search_term_string\"}}],\"inLanguage\":\"ca-ES\"},{\"@type\":\"Organization\",\"@id\":\"https:\\\/\\\/raed.academy\\\/ca\\\/#organization\",\"name\":\"Real Academia Europea de Doctores\",\"url\":\"https:\\\/\\\/raed.academy\\\/ca\\\/\",\"logo\":{\"@type\":\"ImageObject\",\"inLanguage\":\"ca-ES\",\"@id\":\"https:\\\/\\\/raed.academy\\\/ca\\\/#\\\/schema\\\/logo\\\/image\\\/\",\"url\":\"https:\\\/\\\/raed.academy\\\/wp-content\\\/uploads\\\/2017\\\/01\\\/cropped-logo_raed.png\",\"contentUrl\":\"https:\\\/\\\/raed.academy\\\/wp-content\\\/uploads\\\/2017\\\/01\\\/cropped-logo_raed.png\",\"width\":512,\"height\":512,\"caption\":\"Real Academia Europea de Doctores\"},\"image\":{\"@id\":\"https:\\\/\\\/raed.academy\\\/ca\\\/#\\\/schema\\\/logo\\\/image\\\/\"},\"sameAs\":[\"http:\\\/\\\/fb.me\\\/raed.academy\",\"https:\\\/\\\/x.com\\\/raedacademy\",\"https:\\\/\\\/www.instagram.com\\\/raed.academy\\\/\",\"https:\\\/\\\/www.youtube.com\\\/channel\\\/UCUYQwW2KrdirNWihxMDObwg\"]},{\"@type\":\"Person\",\"@id\":\"https:\\\/\\\/raed.academy\\\/ca\\\/#\\\/schema\\\/person\\\/5a755da80d1d979fd66ba745c8702927\",\"name\":\"RAED\",\"image\":{\"@type\":\"ImageObject\",\"inLanguage\":\"ca-ES\",\"@id\":\"https:\\\/\\\/secure.gravatar.com\\\/avatar\\\/19fdfdc0d67fb9c45714b703a2ac82251c4fcea3637f002ac3c9b74c0183583c?s=96&d=mm&r=g\",\"url\":\"https:\\\/\\\/secure.gravatar.com\\\/avatar\\\/19fdfdc0d67fb9c45714b703a2ac82251c4fcea3637f002ac3c9b74c0183583c?s=96&d=mm&r=g\",\"contentUrl\":\"https:\\\/\\\/secure.gravatar.com\\\/avatar\\\/19fdfdc0d67fb9c45714b703a2ac82251c4fcea3637f002ac3c9b74c0183583c?s=96&d=mm&r=g\",\"caption\":\"RAED\"}}]}<\/script>\n<!-- \/ Yoast SEO plugin. -->","yoast_head_json":{"title":"La natura \u00e9s la resposta al futur de la humanitat - Fundaci\u00f3 RAED","description":"...i \u00e9s a trav\u00e9s del coneixement i l'acci\u00f3 que busquem inspirar la societat per aprendre a viure de manera respectuosa amb el nostre entorn","robots":{"index":"index","follow":"follow","max-snippet":"max-snippet:-1","max-image-preview":"max-image-preview:large","max-video-preview":"max-video-preview:-1"},"canonical":"https:\/\/raed.academy\/ca\/la-natura-es-la-resposta-al-futur-de-la-humanitat\/","og_locale":"ca_ES","og_type":"article","og_title":"La natura \u00e9s la resposta al futur de la humanitat - Fundaci\u00f3 RAED","og_description":"...i \u00e9s a trav\u00e9s del coneixement i l'acci\u00f3 que busquem inspirar la societat per aprendre a viure de manera respectuosa amb el nostre entorn","og_url":"https:\/\/raed.academy\/ca\/la-natura-es-la-resposta-al-futur-de-la-humanitat\/","og_site_name":"Reial Acad\u00e8mia Europea de Doctors","article_publisher":"http:\/\/fb.me\/raed.academy","article_published_time":"2021-11-12T07:45:59+00:00","article_modified_time":"2021-11-12T10:45:37+00:00","og_image":[{"width":800,"height":480,"url":"https:\/\/raed.academy\/wp-content\/uploads\/2021\/11\/Silmar-varios-dst.webp","type":"image\/webp"}],"author":"RAED","twitter_card":"summary_large_image","twitter_creator":"@raedacademy","twitter_site":"@raedacademy","twitter_misc":{"Written by":"RAED","Est. reading time":"5 minutes"},"schema":{"@context":"https:\/\/schema.org","@graph":[{"@type":"Article","@id":"https:\/\/raed.academy\/ca\/la-natura-es-la-resposta-al-futur-de-la-humanitat\/#article","isPartOf":{"@id":"https:\/\/raed.academy\/ca\/la-natura-es-la-resposta-al-futur-de-la-humanitat\/"},"author":{"name":"RAED","@id":"https:\/\/raed.academy\/ca\/#\/schema\/person\/5a755da80d1d979fd66ba745c8702927"},"headline":"La natura \u00e9s la resposta al futur de la humanitat","datePublished":"2021-11-12T07:45:59+00:00","dateModified":"2021-11-12T10:45:37+00:00","mainEntityOfPage":{"@id":"https:\/\/raed.academy\/ca\/la-natura-es-la-resposta-al-futur-de-la-humanitat\/"},"wordCount":904,"publisher":{"@id":"https:\/\/raed.academy\/ca\/#organization"},"image":{"@id":"https:\/\/raed.academy\/ca\/la-natura-es-la-resposta-al-futur-de-la-humanitat\/#primaryimage"},"thumbnailUrl":"https:\/\/raed.academy\/wp-content\/uploads\/2021\/11\/Silmar-varios-dst.webp","articleSection":["Medi ambient"],"inLanguage":"ca-ES"},{"@type":"WebPage","@id":"https:\/\/raed.academy\/ca\/la-natura-es-la-resposta-al-futur-de-la-humanitat\/","url":"https:\/\/raed.academy\/ca\/la-natura-es-la-resposta-al-futur-de-la-humanitat\/","name":"La natura \u00e9s la resposta al futur de la humanitat - Fundaci\u00f3 RAED","isPartOf":{"@id":"https:\/\/raed.academy\/ca\/#website"},"primaryImageOfPage":{"@id":"https:\/\/raed.academy\/ca\/la-natura-es-la-resposta-al-futur-de-la-humanitat\/#primaryimage"},"image":{"@id":"https:\/\/raed.academy\/ca\/la-natura-es-la-resposta-al-futur-de-la-humanitat\/#primaryimage"},"thumbnailUrl":"https:\/\/raed.academy\/wp-content\/uploads\/2021\/11\/Silmar-varios-dst.webp","datePublished":"2021-11-12T07:45:59+00:00","dateModified":"2021-11-12T10:45:37+00:00","description":"...i \u00e9s a trav\u00e9s del coneixement i l'acci\u00f3 que busquem inspirar la societat per aprendre a viure de manera respectuosa amb el nostre entorn","breadcrumb":{"@id":"https:\/\/raed.academy\/ca\/la-natura-es-la-resposta-al-futur-de-la-humanitat\/#breadcrumb"},"inLanguage":"ca-ES","potentialAction":[{"@type":"ReadAction","target":["https:\/\/raed.academy\/ca\/la-natura-es-la-resposta-al-futur-de-la-humanitat\/"]}]},{"@type":"ImageObject","inLanguage":"ca-ES","@id":"https:\/\/raed.academy\/ca\/la-natura-es-la-resposta-al-futur-de-la-humanitat\/#primaryimage","url":"https:\/\/raed.academy\/wp-content\/uploads\/2021\/11\/Silmar-varios-dst.webp","contentUrl":"https:\/\/raed.academy\/wp-content\/uploads\/2021\/11\/Silmar-varios-dst.webp","width":800,"height":480,"caption":"trabajos varios del Proyecto Silmar"},{"@type":"BreadcrumbList","@id":"https:\/\/raed.academy\/ca\/la-natura-es-la-resposta-al-futur-de-la-humanitat\/#breadcrumb","itemListElement":[{"@type":"ListItem","position":1,"name":"Inicio","item":"https:\/\/raed.academy\/ca\/"},{"@type":"ListItem","position":2,"name":"La natura \u00e9s la resposta al futur de la humanitat"}]},{"@type":"WebSite","@id":"https:\/\/raed.academy\/ca\/#website","url":"https:\/\/raed.academy\/ca\/","name":"Reial Acad\u00e8mia Europea de Doctors","description":"Corporaci\u00f3n de derecho p\u00fablico de car\u00e1cter cient\u00edfico, t\u00e9cnico y art\u00edstico, que tiene por objeto la investigaci\u00f3n, el estudio, el fomento y la extensi\u00f3n del conocimiento en su sentido m\u00e1s amplio","publisher":{"@id":"https:\/\/raed.academy\/ca\/#organization"},"potentialAction":[{"@type":"SearchAction","target":{"@type":"EntryPoint","urlTemplate":"https:\/\/raed.academy\/ca\/?s={search_term_string}"},"query-input":{"@type":"PropertyValueSpecification","valueRequired":true,"valueName":"search_term_string"}}],"inLanguage":"ca-ES"},{"@type":"Organization","@id":"https:\/\/raed.academy\/ca\/#organization","name":"Real Academia Europea de Doctores","url":"https:\/\/raed.academy\/ca\/","logo":{"@type":"ImageObject","inLanguage":"ca-ES","@id":"https:\/\/raed.academy\/ca\/#\/schema\/logo\/image\/","url":"https:\/\/raed.academy\/wp-content\/uploads\/2017\/01\/cropped-logo_raed.png","contentUrl":"https:\/\/raed.academy\/wp-content\/uploads\/2017\/01\/cropped-logo_raed.png","width":512,"height":512,"caption":"Real Academia Europea de Doctores"},"image":{"@id":"https:\/\/raed.academy\/ca\/#\/schema\/logo\/image\/"},"sameAs":["http:\/\/fb.me\/raed.academy","https:\/\/x.com\/raedacademy","https:\/\/www.instagram.com\/raed.academy\/","https:\/\/www.youtube.com\/channel\/UCUYQwW2KrdirNWihxMDObwg"]},{"@type":"Person","@id":"https:\/\/raed.academy\/ca\/#\/schema\/person\/5a755da80d1d979fd66ba745c8702927","name":"RAED","image":{"@type":"ImageObject","inLanguage":"ca-ES","@id":"https:\/\/secure.gravatar.com\/avatar\/19fdfdc0d67fb9c45714b703a2ac82251c4fcea3637f002ac3c9b74c0183583c?s=96&d=mm&r=g","url":"https:\/\/secure.gravatar.com\/avatar\/19fdfdc0d67fb9c45714b703a2ac82251c4fcea3637f002ac3c9b74c0183583c?s=96&d=mm&r=g","contentUrl":"https:\/\/secure.gravatar.com\/avatar\/19fdfdc0d67fb9c45714b703a2ac82251c4fcea3637f002ac3c9b74c0183583c?s=96&d=mm&r=g","caption":"RAED"}}]}},"_links":{"self":[{"href":"https:\/\/raed.academy\/ca\/wp-json\/wp\/v2\/posts\/108178","targetHints":{"allow":["GET"]}}],"collection":[{"href":"https:\/\/raed.academy\/ca\/wp-json\/wp\/v2\/posts"}],"about":[{"href":"https:\/\/raed.academy\/ca\/wp-json\/wp\/v2\/types\/post"}],"author":[{"embeddable":true,"href":"https:\/\/raed.academy\/ca\/wp-json\/wp\/v2\/users\/12"}],"replies":[{"embeddable":true,"href":"https:\/\/raed.academy\/ca\/wp-json\/wp\/v2\/comments?post=108178"}],"version-history":[{"count":0,"href":"https:\/\/raed.academy\/ca\/wp-json\/wp\/v2\/posts\/108178\/revisions"}],"wp:featuredmedia":[{"embeddable":true,"href":"https:\/\/raed.academy\/ca\/wp-json\/wp\/v2\/media\/108084"}],"wp:attachment":[{"href":"https:\/\/raed.academy\/ca\/wp-json\/wp\/v2\/media?parent=108178"}],"wp:term":[{"taxonomy":"category","embeddable":true,"href":"https:\/\/raed.academy\/ca\/wp-json\/wp\/v2\/categories?post=108178"},{"taxonomy":"post_tag","embeddable":true,"href":"https:\/\/raed.academy\/ca\/wp-json\/wp\/v2\/tags?post=108178"}],"curies":[{"name":"wp","href":"https:\/\/api.w.org\/{rel}","templated":true}]}}