{"id":108116,"date":"2021-11-11T16:02:06","date_gmt":"2021-11-11T16:02:06","guid":{"rendered":"https:\/\/raed.academy\/?p=108116"},"modified":"2021-11-12T09:35:16","modified_gmt":"2021-11-12T09:35:16","slug":"principi-de-legalitat-i-principi-democratic-a-lestat-de-dret","status":"publish","type":"post","link":"https:\/\/raed.academy\/ca\/principi-de-legalitat-i-principi-democratic-a-lestat-de-dret\/","title":{"rendered":"Principi de legalitat i principi democr\u00e0tic a l&#8217;Estat de Dret"},"content":{"rendered":"<p><a href=\"https:\/\/raed.academy\/ca\/academics\/dra-teresa-freixes-sanjuan\/\" target=\"_blank\" rel=\"noopener\"><strong><em>Teresa Freixes<\/em><\/strong><\/a><br \/>\n<em>Catedr\u00e0tica Jean Monnet ad personam, presidenta de Citizens Pro Europe i acad\u00e8mica de n\u00famero i vicepresidenta de la Reial Acad\u00e8mia Europea de Doctors-Barcelona 1914 (RAED)<\/em><\/p>\n<p><a href=\"https:\/\/raed.academy\/ca\/academics\/dra-teresa-freixes-sanjuan\/\" target=\"_blank\" rel=\"noopener\"><strong><em>Teresa Freixes<\/em><\/strong><\/a>, catedr\u00e0tica Jean Monnet ad personam, presidenta de <strong>Citizens Pro Europe<\/strong> i acad\u00e8mica de n\u00famero i vicepresidenta de la <strong>Reial Acad\u00e8mia Europea de Doctors-Barcelona 1914<\/strong> (RAED), va impartir el 9 octubre passat al Sal\u00f3 d&#8217;Actes de la <a href=\"https:\/\/filosofia.us.es\/estudios\/doctorado\/formacion\" target=\"_blank\" rel=\"noopener\"><strong>Facultat de Filosofia<\/strong><\/a> de la\u00a0<a href=\"https:\/\/filosofia.us.es\/estudios\/doctorado\/formacion\" target=\"_blank\" rel=\"noopener\"><strong>Universidad de Sevilla<\/strong><\/a> la confer\u00e8ncia <strong>&#8220;Principio de legalidad y principio democr\u00e1tico en el Estado de Derecho&#8221;<\/strong>. L&#8217;acte va estar organitzat pel <strong>Seminari de Pensament Grec i Interculturalitat<\/strong> d&#8217;aquesta facultat amb el reconeixement del <strong>Programa de Doctorat en Filosofia<\/strong> i va ser presentat per <strong>Antonio Hermosa<\/strong>, catedr\u00e0tic d&#8217;Est\u00e8tica i Teoria de les Arts i Hist\u00f2ria de la Filosofia de la Universitat de Sevilla.<\/p>\n<p>La vicepresidenta de la RAED va explicar com despr\u00e9s de la Segona Guerra Mundial i la derrota dels totalitarismes van apar\u00e8ixer els tres conceptes que devien marcar des de llavors les democr\u00e0cies: l&#8217;Estat de Dret, la democr\u00e0cia i el principi de legalitat. En aquesta l\u00ednia, el <strong>Congr\u00e9s de la Haia<\/strong>\u00a0del 1949 va determinar formalment que els r\u00e8gims democr\u00e0tics havien d&#8217;estar fonamentats a l&#8217;Estat de Dret, la democr\u00e0cia, l&#8217;imperi de la llei i la <strong>Declaraci\u00f3 dels Drets Humans<\/strong>, sense que es pogu\u00e9s donar amb legitimitat un sistema on l&#8217;Estat de Dret fos nom\u00e9s formal, apartat dels altres condicionants. &#8220;No tots els pa\u00efsos que tenen llei s\u00f3n Estats de Dret. Aix\u00f2 que sembla molt clar moltes vegades \u00e9s posat en dubte. Es considera que la democr\u00e0cia ha d&#8217;estar per sobre de la llei&#8221;, va explicar <strong>Freixes<\/strong>.<\/p>\n<p><img loading=\"lazy\" decoding=\"async\" class=\"aligncenter size-full wp-image-61309\" src=\"https:\/\/raed.academy\/wp-content\/uploads\/2018\/11\/democracia-politica-dstNtc.jpg\" sizes=\"(max-width: 970px) 100vw, 970px\" srcset=\"https:\/\/raed.academy\/wp-content\/uploads\/2018\/11\/democracia-politica-dstNtc.jpg 970w, https:\/\/raed.academy\/wp-content\/uploads\/2018\/11\/democracia-politica-dstNtc-768x264.jpg 768w\" alt=\"Democracia. Ejercicio de la politica\" width=\"970\" height=\"333\" \/><\/p>\n<p>L&#8217;experta va apel\u00b7lar tamb\u00e9 al principi de legalitat democr\u00e0tica, assegurant que no val qualsevol cosa que es pugui anomenar llei o ha de ser leg\u00edtima, ja que s&#8217;ha de redactar d&#8217;acord amb un procediment adequat i sense for\u00e7ar l&#8217;Estat de Dret ni les seves institucions, per m\u00e9s que la legislaci\u00f3 d&#8217;urg\u00e8ncia vagi a c\u00e0rrec dels governs amb un m\u00ednim control parlamentari. En aquest sentit, va destacar la il\u00b7legitimitat reconeguda a Espanya pel <strong>Tribunal Constitucional<\/strong> de les lleis de desconnexi\u00f3 i autodeterminaci\u00f3 aprovades a Catalunya el 2017. Freixes va apuntar els l\u00edmits i restriccions que han de regir sobre els sistemes legals.<\/p>\n<p>Sobre els sistemes electorals tamb\u00e9 va destacar la paradoxa que Catalunya sigui avui dia l&#8217;\u00fanica comunitat aut\u00f2noma que no disposi d&#8217;una llei electoral pr\u00f2pia i segueixi adoptant la fixada en la transici\u00f3 i que, per finalitats pol\u00edtiques, l&#8217;actual <strong>Estatut d&#8217;Autonomia<\/strong> impedeixi que la distribuci\u00f3 de vots per circumscripcions es modifiqui sense dues terceres parts del <strong>Parlament de Catalunya<\/strong>. Aquest sistema, va assenyalar, fa que avui un vot de la circumscripci\u00f3 de Lleida valguin el mateix en la distribuci\u00f3 d&#8217;escons que tres dels de la circumscripci\u00f3 de Barcelona. Als Estats Units, va recordar, el <strong>Tribunal Suprem<\/strong> va anul\u00b7lar pel mateix motiu el sistema electoral d&#8217;Alabama despr\u00e9s de la queixa d&#8217;un elector i, a continuaci\u00f3, el de cinc estats m\u00e9s.<\/p>\n<div id=\"attachment_94249\" style=\"width: 510px\" class=\"wp-caption alignright\"><img loading=\"lazy\" decoding=\"async\" aria-describedby=\"caption-attachment-94249\" class=\"wp-image-94249 size-full\" src=\"https:\/\/raed.academy\/wp-content\/uploads\/2020\/10\/Teresa-Freixes-Sanjuan-dstNtc.jpg\" sizes=\"(max-width: 500px) 100vw, 500px\" srcset=\"https:\/\/raed.academy\/wp-content\/uploads\/2020\/10\/Teresa-Freixes-Sanjuan-dstNtc.jpg 500w, https:\/\/raed.academy\/wp-content\/uploads\/2020\/10\/Teresa-Freixes-Sanjuan-dstNtc-440x264.jpg 440w\" alt=\"Teresa Freixes\" width=\"500\" height=\"300\" aria-describedby=\"caption-attachment-94249\" \/><p id=\"caption-attachment-94249\" class=\"wp-caption-text\">Dra. Teresa Freixes<\/p><\/div>\n<p>Com a figures informals i dubtosament democr\u00e0tiques, va assenyalar com a exemples l&#8217;anomenada <strong>Taula de Di\u00e0leg<\/strong> entre els governs d&#8217;Espanya i Catalunya o la figura de l&#8217;<strong>Eurogrup<\/strong> de la Uni\u00f3 Europea. Per a Freixes, ni la <strong>Constituci\u00f3<\/strong>, ni cap estatut d&#8217;autonomia o cap altra llei, espanyola o catalana o de qualsevol altra comunitat aut\u00f2noma, atorguen cap mandat a una taula com aquesta, els acords de la qual no poden vincular ning\u00fa en no derivar de les institucions ni tenir un marc competencial que les enquadri, &#8220;per m\u00e9s que el comunicat que va ser em\u00e8s en acabar la primera reuni\u00f3 que la taula va fer afirmi que \u00e9s una taula de &#8216;di\u00e0leg, negociaci\u00f3 i acord'&#8221;, va assenyalar la vicepresidenta de la RAED. La catedr\u00e0tica va insistir que en un model d&#8217;Estat dissenyat per la <strong>Constituci\u00f3 Espanyola<\/strong> no es poden condicionar l&#8217;estructura, la funci\u00f3 o el contingut de les compet\u00e8ncies constitucionals al que es negoci\u00ef en una taula que no t\u00e9 regulaci\u00f3 jur\u00eddica ni est\u00e0 institucionalitzada.<\/p>\n<p>D&#8217;altra banda, l&#8217;acad\u00e8mica va explicar que l&#8217;Estat de Dret \u00e9s un dels valors de la Uni\u00f3 Europea fixat des dels seus primers textos legals fins a arribar al <strong>Tractat de Lisboa<\/strong>. &#8220;Aquesta Uni\u00f3 que sempre hem definit com a comunitat de Dret acull estructures jur\u00eddiques pr\u00f2pies dels estats moderns que la fan molt m\u00e9s que una comunitat de car\u00e0cter b\u00e0sicament econ\u00f2mic&#8221;, va assenyalar. L&#8217;Estat de Dret a la UE, aix\u00ed mateix, obliga els estats que desitgin entrar a la Uni\u00f3 a respectar els seus valors i, a m\u00e9s, inclou un procediment de sanci\u00f3 per la violaci\u00f3 d&#8217;aquests valors. Freixes va explicar que quan un partit d&#8217;ultradreta va entrar al <strong>Govern d&#8217;\u00c0ustria<\/strong> l&#8217;any 2000, el pa\u00eds va estar susp\u00e8s a les institucions europees durant uns mesos, fins que es va comprovar que la pol\u00edtica d&#8217;\u00c0ustria no suposava una amena\u00e7a. Aix\u00f2 va passar llavors de facto, per\u00f2 ara ja hi ha un article als reglaments de la Uni\u00f3 Europea que regula aquest tipus d&#8217;actuaci\u00f3 que pot portar a la reclusi\u00f3 de l&#8217;estat afectat a la presa de decisions dels organismes europeus.<\/p>\n","protected":false},"excerpt":{"rendered":"<p>Teresa Freixes imparteix a la Universitat de Sevilla la confer\u00e8ncia &#8220;Principio de legalidad y principio democr\u00e1tico en el Estado de Derecho&#8221;<\/p>\n","protected":false},"author":12,"featured_media":104706,"comment_status":"closed","ping_status":"closed","sticky":false,"template":"","format":"standard","meta":{"_et_pb_use_builder":"","_et_pb_old_content":"","_et_gb_content_width":"","footnotes":""},"categories":[225,304],"tags":[],"class_list":["post-108116","post","type-post","status-publish","format-standard","has-post-thumbnail","hentry","category-dret","category-economia-i-politica-ca","et-has-post-format-content","et_post_format-et-post-format-standard"],"yoast_head":"<!-- This site is optimized with the Yoast SEO plugin v27.4 - https:\/\/yoast.com\/product\/yoast-seo-wordpress\/ -->\n<title>Principi de legalitat i principi democr\u00e0tic a l&#039;Estat de Dret - Reial Acad\u00e8mia Europea de Doctors<\/title>\n<meta name=\"description\" content=\"Teresa Freixes imparteix a la Universitat de Sevilla la confer\u00e8ncia &quot;Principio de legalidad y principio democr\u00e1tico en el Estado de Derecho&quot;\" \/>\n<meta name=\"robots\" content=\"index, follow, max-snippet:-1, max-image-preview:large, max-video-preview:-1\" \/>\n<link rel=\"canonical\" href=\"https:\/\/raed.academy\/ca\/principi-de-legalitat-i-principi-democratic-a-lestat-de-dret\/\" \/>\n<meta property=\"og:locale\" content=\"ca_ES\" \/>\n<meta property=\"og:type\" content=\"article\" \/>\n<meta property=\"og:title\" content=\"Principi de legalitat i principi democr\u00e0tic a l&#039;Estat de Dret - Reial Acad\u00e8mia Europea de Doctors\" \/>\n<meta property=\"og:description\" content=\"Teresa Freixes imparteix a la Universitat de Sevilla la confer\u00e8ncia &quot;Principio de legalidad y principio democr\u00e1tico en el Estado de Derecho&quot;\" \/>\n<meta property=\"og:url\" content=\"https:\/\/raed.academy\/ca\/principi-de-legalitat-i-principi-democratic-a-lestat-de-dret\/\" \/>\n<meta property=\"og:site_name\" content=\"Reial Acad\u00e8mia Europea de Doctors\" \/>\n<meta property=\"article:publisher\" content=\"http:\/\/fb.me\/raed.academy\" \/>\n<meta property=\"article:published_time\" content=\"2021-11-11T16:02:06+00:00\" \/>\n<meta property=\"article:modified_time\" content=\"2021-11-12T09:35:16+00:00\" \/>\n<meta property=\"og:image\" content=\"https:\/\/raed.academy\/wp-content\/uploads\/2021\/07\/papel-de-las-mujeres-en-la-justicia-dst.jpg\" \/>\n\t<meta property=\"og:image:width\" content=\"400\" \/>\n\t<meta property=\"og:image:height\" content=\"240\" \/>\n\t<meta property=\"og:image:type\" content=\"image\/jpeg\" \/>\n<meta name=\"author\" content=\"RAED\" \/>\n<meta name=\"twitter:card\" content=\"summary_large_image\" \/>\n<meta name=\"twitter:creator\" content=\"@raedacademy\" \/>\n<meta name=\"twitter:site\" content=\"@raedacademy\" \/>\n<meta name=\"twitter:label1\" content=\"Written by\" \/>\n\t<meta name=\"twitter:data1\" content=\"RAED\" \/>\n\t<meta name=\"twitter:label2\" content=\"Est. reading time\" \/>\n\t<meta name=\"twitter:data2\" content=\"5 minutes\" \/>\n<script type=\"application\/ld+json\" class=\"yoast-schema-graph\">{\"@context\":\"https:\\\/\\\/schema.org\",\"@graph\":[{\"@type\":\"Article\",\"@id\":\"https:\\\/\\\/raed.academy\\\/ca\\\/principi-de-legalitat-i-principi-democratic-a-lestat-de-dret\\\/#article\",\"isPartOf\":{\"@id\":\"https:\\\/\\\/raed.academy\\\/ca\\\/principi-de-legalitat-i-principi-democratic-a-lestat-de-dret\\\/\"},\"author\":{\"name\":\"RAED\",\"@id\":\"https:\\\/\\\/raed.academy\\\/ca\\\/#\\\/schema\\\/person\\\/5a755da80d1d979fd66ba745c8702927\"},\"headline\":\"Principi de legalitat i principi democr\u00e0tic a l&#8217;Estat de Dret\",\"datePublished\":\"2021-11-11T16:02:06+00:00\",\"dateModified\":\"2021-11-12T09:35:16+00:00\",\"mainEntityOfPage\":{\"@id\":\"https:\\\/\\\/raed.academy\\\/ca\\\/principi-de-legalitat-i-principi-democratic-a-lestat-de-dret\\\/\"},\"wordCount\":948,\"publisher\":{\"@id\":\"https:\\\/\\\/raed.academy\\\/ca\\\/#organization\"},\"image\":{\"@id\":\"https:\\\/\\\/raed.academy\\\/ca\\\/principi-de-legalitat-i-principi-democratic-a-lestat-de-dret\\\/#primaryimage\"},\"thumbnailUrl\":\"https:\\\/\\\/raed.academy\\\/wp-content\\\/uploads\\\/2021\\\/07\\\/papel-de-las-mujeres-en-la-justicia-dst.jpg\",\"articleSection\":[\"Dret\",\"Economia i pol\u00edtica\"],\"inLanguage\":\"ca-ES\"},{\"@type\":\"WebPage\",\"@id\":\"https:\\\/\\\/raed.academy\\\/ca\\\/principi-de-legalitat-i-principi-democratic-a-lestat-de-dret\\\/\",\"url\":\"https:\\\/\\\/raed.academy\\\/ca\\\/principi-de-legalitat-i-principi-democratic-a-lestat-de-dret\\\/\",\"name\":\"Principi de legalitat i principi democr\u00e0tic a l'Estat de Dret - Reial Acad\u00e8mia Europea de Doctors\",\"isPartOf\":{\"@id\":\"https:\\\/\\\/raed.academy\\\/ca\\\/#website\"},\"primaryImageOfPage\":{\"@id\":\"https:\\\/\\\/raed.academy\\\/ca\\\/principi-de-legalitat-i-principi-democratic-a-lestat-de-dret\\\/#primaryimage\"},\"image\":{\"@id\":\"https:\\\/\\\/raed.academy\\\/ca\\\/principi-de-legalitat-i-principi-democratic-a-lestat-de-dret\\\/#primaryimage\"},\"thumbnailUrl\":\"https:\\\/\\\/raed.academy\\\/wp-content\\\/uploads\\\/2021\\\/07\\\/papel-de-las-mujeres-en-la-justicia-dst.jpg\",\"datePublished\":\"2021-11-11T16:02:06+00:00\",\"dateModified\":\"2021-11-12T09:35:16+00:00\",\"description\":\"Teresa Freixes imparteix a la Universitat de Sevilla la confer\u00e8ncia \\\"Principio de legalidad y principio democr\u00e1tico en el Estado de Derecho\\\"\",\"breadcrumb\":{\"@id\":\"https:\\\/\\\/raed.academy\\\/ca\\\/principi-de-legalitat-i-principi-democratic-a-lestat-de-dret\\\/#breadcrumb\"},\"inLanguage\":\"ca-ES\",\"potentialAction\":[{\"@type\":\"ReadAction\",\"target\":[\"https:\\\/\\\/raed.academy\\\/ca\\\/principi-de-legalitat-i-principi-democratic-a-lestat-de-dret\\\/\"]}]},{\"@type\":\"ImageObject\",\"inLanguage\":\"ca-ES\",\"@id\":\"https:\\\/\\\/raed.academy\\\/ca\\\/principi-de-legalitat-i-principi-democratic-a-lestat-de-dret\\\/#primaryimage\",\"url\":\"https:\\\/\\\/raed.academy\\\/wp-content\\\/uploads\\\/2021\\\/07\\\/papel-de-las-mujeres-en-la-justicia-dst.jpg\",\"contentUrl\":\"https:\\\/\\\/raed.academy\\\/wp-content\\\/uploads\\\/2021\\\/07\\\/papel-de-las-mujeres-en-la-justicia-dst.jpg\",\"width\":400,\"height\":240},{\"@type\":\"BreadcrumbList\",\"@id\":\"https:\\\/\\\/raed.academy\\\/ca\\\/principi-de-legalitat-i-principi-democratic-a-lestat-de-dret\\\/#breadcrumb\",\"itemListElement\":[{\"@type\":\"ListItem\",\"position\":1,\"name\":\"Inicio\",\"item\":\"https:\\\/\\\/raed.academy\\\/ca\\\/\"},{\"@type\":\"ListItem\",\"position\":2,\"name\":\"Principi de legalitat i principi democr\u00e0tic a l&#8217;Estat de Dret\"}]},{\"@type\":\"WebSite\",\"@id\":\"https:\\\/\\\/raed.academy\\\/ca\\\/#website\",\"url\":\"https:\\\/\\\/raed.academy\\\/ca\\\/\",\"name\":\"Reial Acad\u00e8mia Europea de Doctors\",\"description\":\"Corporaci\u00f3n de derecho p\u00fablico de car\u00e1cter cient\u00edfico, t\u00e9cnico y art\u00edstico, que tiene por objeto la investigaci\u00f3n, el estudio, el fomento y la extensi\u00f3n del conocimiento en su sentido m\u00e1s amplio\",\"publisher\":{\"@id\":\"https:\\\/\\\/raed.academy\\\/ca\\\/#organization\"},\"potentialAction\":[{\"@type\":\"SearchAction\",\"target\":{\"@type\":\"EntryPoint\",\"urlTemplate\":\"https:\\\/\\\/raed.academy\\\/ca\\\/?s={search_term_string}\"},\"query-input\":{\"@type\":\"PropertyValueSpecification\",\"valueRequired\":true,\"valueName\":\"search_term_string\"}}],\"inLanguage\":\"ca-ES\"},{\"@type\":\"Organization\",\"@id\":\"https:\\\/\\\/raed.academy\\\/ca\\\/#organization\",\"name\":\"Real Academia Europea de Doctores\",\"url\":\"https:\\\/\\\/raed.academy\\\/ca\\\/\",\"logo\":{\"@type\":\"ImageObject\",\"inLanguage\":\"ca-ES\",\"@id\":\"https:\\\/\\\/raed.academy\\\/ca\\\/#\\\/schema\\\/logo\\\/image\\\/\",\"url\":\"https:\\\/\\\/raed.academy\\\/wp-content\\\/uploads\\\/2017\\\/01\\\/cropped-logo_raed.png\",\"contentUrl\":\"https:\\\/\\\/raed.academy\\\/wp-content\\\/uploads\\\/2017\\\/01\\\/cropped-logo_raed.png\",\"width\":512,\"height\":512,\"caption\":\"Real Academia Europea de Doctores\"},\"image\":{\"@id\":\"https:\\\/\\\/raed.academy\\\/ca\\\/#\\\/schema\\\/logo\\\/image\\\/\"},\"sameAs\":[\"http:\\\/\\\/fb.me\\\/raed.academy\",\"https:\\\/\\\/x.com\\\/raedacademy\",\"https:\\\/\\\/www.instagram.com\\\/raed.academy\\\/\",\"https:\\\/\\\/www.youtube.com\\\/channel\\\/UCUYQwW2KrdirNWihxMDObwg\"]},{\"@type\":\"Person\",\"@id\":\"https:\\\/\\\/raed.academy\\\/ca\\\/#\\\/schema\\\/person\\\/5a755da80d1d979fd66ba745c8702927\",\"name\":\"RAED\",\"image\":{\"@type\":\"ImageObject\",\"inLanguage\":\"ca-ES\",\"@id\":\"https:\\\/\\\/secure.gravatar.com\\\/avatar\\\/19fdfdc0d67fb9c45714b703a2ac82251c4fcea3637f002ac3c9b74c0183583c?s=96&d=mm&r=g\",\"url\":\"https:\\\/\\\/secure.gravatar.com\\\/avatar\\\/19fdfdc0d67fb9c45714b703a2ac82251c4fcea3637f002ac3c9b74c0183583c?s=96&d=mm&r=g\",\"contentUrl\":\"https:\\\/\\\/secure.gravatar.com\\\/avatar\\\/19fdfdc0d67fb9c45714b703a2ac82251c4fcea3637f002ac3c9b74c0183583c?s=96&d=mm&r=g\",\"caption\":\"RAED\"}}]}<\/script>\n<!-- \/ Yoast SEO plugin. -->","yoast_head_json":{"title":"Principi de legalitat i principi democr\u00e0tic a l'Estat de Dret - Reial Acad\u00e8mia Europea de Doctors","description":"Teresa Freixes imparteix a la Universitat de Sevilla la confer\u00e8ncia \"Principio de legalidad y principio democr\u00e1tico en el Estado de Derecho\"","robots":{"index":"index","follow":"follow","max-snippet":"max-snippet:-1","max-image-preview":"max-image-preview:large","max-video-preview":"max-video-preview:-1"},"canonical":"https:\/\/raed.academy\/ca\/principi-de-legalitat-i-principi-democratic-a-lestat-de-dret\/","og_locale":"ca_ES","og_type":"article","og_title":"Principi de legalitat i principi democr\u00e0tic a l'Estat de Dret - Reial Acad\u00e8mia Europea de Doctors","og_description":"Teresa Freixes imparteix a la Universitat de Sevilla la confer\u00e8ncia \"Principio de legalidad y principio democr\u00e1tico en el Estado de Derecho\"","og_url":"https:\/\/raed.academy\/ca\/principi-de-legalitat-i-principi-democratic-a-lestat-de-dret\/","og_site_name":"Reial Acad\u00e8mia Europea de Doctors","article_publisher":"http:\/\/fb.me\/raed.academy","article_published_time":"2021-11-11T16:02:06+00:00","article_modified_time":"2021-11-12T09:35:16+00:00","og_image":[{"width":400,"height":240,"url":"https:\/\/raed.academy\/wp-content\/uploads\/2021\/07\/papel-de-las-mujeres-en-la-justicia-dst.jpg","type":"image\/jpeg"}],"author":"RAED","twitter_card":"summary_large_image","twitter_creator":"@raedacademy","twitter_site":"@raedacademy","twitter_misc":{"Written by":"RAED","Est. reading time":"5 minutes"},"schema":{"@context":"https:\/\/schema.org","@graph":[{"@type":"Article","@id":"https:\/\/raed.academy\/ca\/principi-de-legalitat-i-principi-democratic-a-lestat-de-dret\/#article","isPartOf":{"@id":"https:\/\/raed.academy\/ca\/principi-de-legalitat-i-principi-democratic-a-lestat-de-dret\/"},"author":{"name":"RAED","@id":"https:\/\/raed.academy\/ca\/#\/schema\/person\/5a755da80d1d979fd66ba745c8702927"},"headline":"Principi de legalitat i principi democr\u00e0tic a l&#8217;Estat de Dret","datePublished":"2021-11-11T16:02:06+00:00","dateModified":"2021-11-12T09:35:16+00:00","mainEntityOfPage":{"@id":"https:\/\/raed.academy\/ca\/principi-de-legalitat-i-principi-democratic-a-lestat-de-dret\/"},"wordCount":948,"publisher":{"@id":"https:\/\/raed.academy\/ca\/#organization"},"image":{"@id":"https:\/\/raed.academy\/ca\/principi-de-legalitat-i-principi-democratic-a-lestat-de-dret\/#primaryimage"},"thumbnailUrl":"https:\/\/raed.academy\/wp-content\/uploads\/2021\/07\/papel-de-las-mujeres-en-la-justicia-dst.jpg","articleSection":["Dret","Economia i pol\u00edtica"],"inLanguage":"ca-ES"},{"@type":"WebPage","@id":"https:\/\/raed.academy\/ca\/principi-de-legalitat-i-principi-democratic-a-lestat-de-dret\/","url":"https:\/\/raed.academy\/ca\/principi-de-legalitat-i-principi-democratic-a-lestat-de-dret\/","name":"Principi de legalitat i principi democr\u00e0tic a l'Estat de Dret - Reial Acad\u00e8mia Europea de Doctors","isPartOf":{"@id":"https:\/\/raed.academy\/ca\/#website"},"primaryImageOfPage":{"@id":"https:\/\/raed.academy\/ca\/principi-de-legalitat-i-principi-democratic-a-lestat-de-dret\/#primaryimage"},"image":{"@id":"https:\/\/raed.academy\/ca\/principi-de-legalitat-i-principi-democratic-a-lestat-de-dret\/#primaryimage"},"thumbnailUrl":"https:\/\/raed.academy\/wp-content\/uploads\/2021\/07\/papel-de-las-mujeres-en-la-justicia-dst.jpg","datePublished":"2021-11-11T16:02:06+00:00","dateModified":"2021-11-12T09:35:16+00:00","description":"Teresa Freixes imparteix a la Universitat de Sevilla la confer\u00e8ncia \"Principio de legalidad y principio democr\u00e1tico en el Estado de Derecho\"","breadcrumb":{"@id":"https:\/\/raed.academy\/ca\/principi-de-legalitat-i-principi-democratic-a-lestat-de-dret\/#breadcrumb"},"inLanguage":"ca-ES","potentialAction":[{"@type":"ReadAction","target":["https:\/\/raed.academy\/ca\/principi-de-legalitat-i-principi-democratic-a-lestat-de-dret\/"]}]},{"@type":"ImageObject","inLanguage":"ca-ES","@id":"https:\/\/raed.academy\/ca\/principi-de-legalitat-i-principi-democratic-a-lestat-de-dret\/#primaryimage","url":"https:\/\/raed.academy\/wp-content\/uploads\/2021\/07\/papel-de-las-mujeres-en-la-justicia-dst.jpg","contentUrl":"https:\/\/raed.academy\/wp-content\/uploads\/2021\/07\/papel-de-las-mujeres-en-la-justicia-dst.jpg","width":400,"height":240},{"@type":"BreadcrumbList","@id":"https:\/\/raed.academy\/ca\/principi-de-legalitat-i-principi-democratic-a-lestat-de-dret\/#breadcrumb","itemListElement":[{"@type":"ListItem","position":1,"name":"Inicio","item":"https:\/\/raed.academy\/ca\/"},{"@type":"ListItem","position":2,"name":"Principi de legalitat i principi democr\u00e0tic a l&#8217;Estat de Dret"}]},{"@type":"WebSite","@id":"https:\/\/raed.academy\/ca\/#website","url":"https:\/\/raed.academy\/ca\/","name":"Reial Acad\u00e8mia Europea de Doctors","description":"Corporaci\u00f3n de derecho p\u00fablico de car\u00e1cter cient\u00edfico, t\u00e9cnico y art\u00edstico, que tiene por objeto la investigaci\u00f3n, el estudio, el fomento y la extensi\u00f3n del conocimiento en su sentido m\u00e1s amplio","publisher":{"@id":"https:\/\/raed.academy\/ca\/#organization"},"potentialAction":[{"@type":"SearchAction","target":{"@type":"EntryPoint","urlTemplate":"https:\/\/raed.academy\/ca\/?s={search_term_string}"},"query-input":{"@type":"PropertyValueSpecification","valueRequired":true,"valueName":"search_term_string"}}],"inLanguage":"ca-ES"},{"@type":"Organization","@id":"https:\/\/raed.academy\/ca\/#organization","name":"Real Academia Europea de Doctores","url":"https:\/\/raed.academy\/ca\/","logo":{"@type":"ImageObject","inLanguage":"ca-ES","@id":"https:\/\/raed.academy\/ca\/#\/schema\/logo\/image\/","url":"https:\/\/raed.academy\/wp-content\/uploads\/2017\/01\/cropped-logo_raed.png","contentUrl":"https:\/\/raed.academy\/wp-content\/uploads\/2017\/01\/cropped-logo_raed.png","width":512,"height":512,"caption":"Real Academia Europea de Doctores"},"image":{"@id":"https:\/\/raed.academy\/ca\/#\/schema\/logo\/image\/"},"sameAs":["http:\/\/fb.me\/raed.academy","https:\/\/x.com\/raedacademy","https:\/\/www.instagram.com\/raed.academy\/","https:\/\/www.youtube.com\/channel\/UCUYQwW2KrdirNWihxMDObwg"]},{"@type":"Person","@id":"https:\/\/raed.academy\/ca\/#\/schema\/person\/5a755da80d1d979fd66ba745c8702927","name":"RAED","image":{"@type":"ImageObject","inLanguage":"ca-ES","@id":"https:\/\/secure.gravatar.com\/avatar\/19fdfdc0d67fb9c45714b703a2ac82251c4fcea3637f002ac3c9b74c0183583c?s=96&d=mm&r=g","url":"https:\/\/secure.gravatar.com\/avatar\/19fdfdc0d67fb9c45714b703a2ac82251c4fcea3637f002ac3c9b74c0183583c?s=96&d=mm&r=g","contentUrl":"https:\/\/secure.gravatar.com\/avatar\/19fdfdc0d67fb9c45714b703a2ac82251c4fcea3637f002ac3c9b74c0183583c?s=96&d=mm&r=g","caption":"RAED"}}]}},"_links":{"self":[{"href":"https:\/\/raed.academy\/ca\/wp-json\/wp\/v2\/posts\/108116","targetHints":{"allow":["GET"]}}],"collection":[{"href":"https:\/\/raed.academy\/ca\/wp-json\/wp\/v2\/posts"}],"about":[{"href":"https:\/\/raed.academy\/ca\/wp-json\/wp\/v2\/types\/post"}],"author":[{"embeddable":true,"href":"https:\/\/raed.academy\/ca\/wp-json\/wp\/v2\/users\/12"}],"replies":[{"embeddable":true,"href":"https:\/\/raed.academy\/ca\/wp-json\/wp\/v2\/comments?post=108116"}],"version-history":[{"count":0,"href":"https:\/\/raed.academy\/ca\/wp-json\/wp\/v2\/posts\/108116\/revisions"}],"wp:featuredmedia":[{"embeddable":true,"href":"https:\/\/raed.academy\/ca\/wp-json\/wp\/v2\/media\/104706"}],"wp:attachment":[{"href":"https:\/\/raed.academy\/ca\/wp-json\/wp\/v2\/media?parent=108116"}],"wp:term":[{"taxonomy":"category","embeddable":true,"href":"https:\/\/raed.academy\/ca\/wp-json\/wp\/v2\/categories?post=108116"},{"taxonomy":"post_tag","embeddable":true,"href":"https:\/\/raed.academy\/ca\/wp-json\/wp\/v2\/tags?post=108116"}],"curies":[{"name":"wp","href":"https:\/\/api.w.org\/{rel}","templated":true}]}}