{"id":107677,"date":"2021-11-05T09:29:52","date_gmt":"2021-11-05T09:29:52","guid":{"rendered":"https:\/\/raed.academy\/?p=107677"},"modified":"2021-11-09T10:39:01","modified_gmt":"2021-11-09T10:39:01","slug":"emergencia-sanitaria-i-degradacio-ecologica","status":"publish","type":"post","link":"https:\/\/raed.academy\/ca\/emergencia-sanitaria-i-degradacio-ecologica\/","title":{"rendered":"Els efectes sobre la salut de la conjunci\u00f3 de la Covid-19 i la crisi clim\u00e0tica"},"content":{"rendered":"<p><a href=\"https:\/\/raed.academy\/ca\/academics\/dr-august-corominas-vilardell\/\" target=\"_blank\" rel=\"noopener\"><strong><em>August Corominas<\/em><\/strong><\/a><br \/>\n<em>Professor de la Universitat de M\u00farcia i de la Universitat Aut\u00f2noma de Barcelona i acad\u00e8mic em\u00e8rit i membre del Senat de la Reial Acad\u00e8mia Europea de Doctors-Barcelona 1914 (RAED)<\/em><\/p>\n<p><a href=\"https:\/\/raed.academy\/ca\/academics\/dr-august-corominas-vilardell\/\" target=\"_blank\" rel=\"noopener\"><strong><em>August Corominas<\/em><\/strong><\/a>, professor de Fisiologia Humana de la <strong>Universitat de M\u00farcia<\/strong> i de la <strong>Universitat Aut\u00f2noma de Barcelona<\/strong> i acad\u00e8mic em\u00e8rit i membre del <strong>Senat<\/strong> de la <strong>Reial Acad\u00e8mia Europea de Doctors-Barcelona 1914<\/strong> (RAED), comparteix amb la comunitat acad\u00e8mica l&#8217;article &#8220;<strong>Emerg\u00e8ncia sanit\u00e0ria, degradaci\u00f3 ecol\u00f2gica, malaltia i mort&#8221;<\/strong>, una reflexi\u00f3 sobre els efectes que estan comportant la conjunci\u00f3 de la pand\u00e8mia de la Covid-19 i l&#8217;actual crisi clim\u00e0tica. Un article que se suma a les seves dues reflexions recents sobre els efectes del clima en la salut publicades tamb\u00e9 a la web de la RAED: <a href=\"https:\/\/raed.academy\/ca\/efectes-directes-i-indirectes-del-canvi-climatic-sobre-la-salut-humana\/\" target=\"_blank\" rel=\"noopener\"><strong>&#8220;Efectes directes i indirectes del canvi clim\u00e0tic sobre la salut humana&#8221;<\/strong><\/a> i <a href=\"https:\/\/raed.academy\/ca\/salut-humana-habitat-i-canvi-climatic\/\" target=\"_blank\" rel=\"noopener\"><strong>&#8220;Salut humana, h\u00e0bitat i canvi clim\u00e0tic&#8221;<\/strong><\/a>.<\/p>\n<h3>Emerg\u00e8ncia sanit\u00e0ria, degradaci\u00f3 ecol\u00f2gica, malaltia i mort<\/h3>\n<div id=\"attachment_94351\" style=\"width: 306px\" class=\"wp-caption alignright\"><img loading=\"lazy\" decoding=\"async\" aria-describedby=\"caption-attachment-94351\" class=\"wp-image-94351 size-full\" src=\"https:\/\/raed.academy\/wp-content\/uploads\/2020\/10\/August-Corominas.jpeg\" alt=\"August Corominas\" width=\"296\" height=\"169\" aria-describedby=\"caption-attachment-94351\" \/><p id=\"caption-attachment-94351\" class=\"wp-caption-text\">Dr. August Corominas<\/p><\/div>\n<p>L&#8217;<strong>Ag\u00e8ncia Europea del Medi Ambient<\/strong> emet els titulars i avisos seg\u00fcents: &#8220;La degradaci\u00f3 ecol\u00f2gica catapulta pand\u00e8mies&#8221;, &#8220;Cal actuar urgentment sobre l&#8217;origen de les malalties emergents&#8221;, &#8220;S\u00f3n evidents els impactes negatius del medi ambient sobre la salut&#8221;, &#8220;Tres quartes parts de les patologies infeccioses emergents s\u00f3n per zoonosi&#8221;, &#8220;Els animals comunament transmissors o vectors d&#8217;aquestes malalties infeccioses s\u00f3n el dromedari, el gat salvatge, el porc, el gos, diferents esp\u00e8cies de mosquits i mosques, el porc senglar, l&#8217;os rentador, els cucs, els micos i els ratpenats&#8221;.<\/p>\n<p>La mateixa ag\u00e8ncia adverteix que la degradaci\u00f3 ambiental, la colonitzaci\u00f3 d&#8217;espais naturals i el contacte hum\u00e0 amb animals que s\u00f3n reservoris de virus i pat\u00f2gens \u00e9s la primera etapa de la cadena que explica les pand\u00e8mies dels darrers anys. L&#8217;actual pand\u00e8mia del coronavirus s&#8217;ha est\u00e8s per 188 pa\u00efsos produint m\u00e9s de 250 milions de malalts i cinc milions de morts, amb m\u00e9s penetraci\u00f3 a l&#8217;\u00cdndia, el Brasil, els Estats Units i R\u00fassia. Els mercats d&#8217;animals i els \u00e0pats a diferents mercats d&#8217;arreu del m\u00f3n s\u00f3n responsables de pand\u00e8mies. Recordeu a la Xina el mercat de Wuhan, inici de la pand\u00e8mia actual. Els mercats de la Xina o del Marroc s\u00f3n t\u00edpics en menjar preparat d&#8217;insectes, amfibis, serps i animals salvatges.<\/p>\n<p>Aquesta ag\u00e8ncia recorda dos casos, el primer va apar\u00e8ixer a finals del 2002 i es va transmetre als humans a trav\u00e9s d&#8217;un animal salvatge semblant al gat. Va causar un brot de malalties respirat\u00f2ries agudes, que partint de la Xina va arribar a emmalaltir la poblaci\u00f3 a 26 pa\u00efsos. D&#8217;altra banda, el coronavirus causant de la s\u00edndrome respirat\u00f2ria de l&#8217;Orient Mitj\u00e0 es va transmetre a l&#8217;hum\u00e0 mitjan\u00e7ant el dromedari. Va afectar 27 pa\u00efsos el 2012. A l&#8217;actual pand\u00e8mia probablement l&#8217;animal transmissor va ser el ratpenat.<\/p>\n<p>Segons l&#8217;Ag\u00e8ncia Europea del Medi Ambient hi ha un lligam clar entre la desforestaci\u00f3 tropical i l&#8217;aparici\u00f3 de virus d&#8217;origen animal al reservori de la fauna silvestre. La interacci\u00f3 entre humans i animals \u00e9s una situaci\u00f3 de risc. Durant els darrers anys han sorgit sistemes de cria intensiva d&#8217;animals dom\u00e8stics en qu\u00e8 pat\u00f2gens circulen entre humans i animals. De fet, diversos estudis apunten que m\u00e9s d&#8217;un 50% malalties infeccioses des del 1940 han aparegut relacionades amb la zoonosi. Amb un percentatge de morts entre un 9% i un 14% a Espanya i Fran\u00e7a i m\u00e9s d&#8217;un 22% a Cro\u00e0cia i B\u00f2snia. Per aix\u00f2, l&#8217;ag\u00e8ncia recomana a metges, veterinaris i facultatius multidisciplinaris vigilar la salut d&#8217;ecosistemes, tenint en compte la degradaci\u00f3 ambiental a les noves malalties.<\/p>\n<p>Per tant, s&#8217;imposa un respecte a la biosfera i els seus ecosistemes i vetllar per la degradaci\u00f3 del clima, que porta al desgla\u00e7. Aquest problema mundial va de deb\u00f2. Lamentem la frivolitat de molts governs sobre aix\u00f2.<\/p>\n<p><img loading=\"lazy\" decoding=\"async\" class=\"aligncenter size-full wp-image-107847\" src=\"https:\/\/raed.academy\/wp-content\/uploads\/2021\/11\/eje-intestino-cerebro.webp\" alt=\"Eje intestino-cerebro\" width=\"537\" height=\"352\" \/><\/p>\n","protected":false},"excerpt":{"rendered":"<p>August Corominas, sobre els efectes que comporten la conjunci\u00f3 de la pand\u00e8mia de la Covid-19 i l&#8217;actual crisi clim\u00e0tica<\/p>\n","protected":false},"author":12,"featured_media":107857,"comment_status":"closed","ping_status":"closed","sticky":false,"template":"","format":"standard","meta":{"_et_pb_use_builder":"","_et_pb_old_content":"","_et_gb_content_width":"","footnotes":""},"categories":[268,274,310,273],"tags":[],"class_list":["post-107677","post","type-post","status-publish","format-standard","has-post-thumbnail","hentry","category-coronavirus-des-del-coneixement","category-economia-i-politica","category-medi-ambient","category-salut","et-has-post-format-content","et_post_format-et-post-format-standard"],"yoast_head":"<!-- This site is optimized with the Yoast SEO plugin v27.4 - https:\/\/yoast.com\/product\/yoast-seo-wordpress\/ -->\n<title>Els efectes sobre la salut de la conjunci\u00f3 de la Covid-19 i la crisi clim\u00e0tica - Reial Acad\u00e8mia Europea de Doctors<\/title>\n<meta name=\"description\" content=\"August Corominas, sobre els efectes que comporten la conjunci\u00f3 de la pand\u00e8mia de la Covid-19 i l&#039;actual crisi clim\u00e0tica\" \/>\n<meta name=\"robots\" content=\"index, follow, max-snippet:-1, max-image-preview:large, max-video-preview:-1\" \/>\n<link rel=\"canonical\" href=\"https:\/\/raed.academy\/ca\/emergencia-sanitaria-i-degradacio-ecologica\/\" \/>\n<meta property=\"og:locale\" content=\"ca_ES\" \/>\n<meta property=\"og:type\" content=\"article\" \/>\n<meta property=\"og:title\" content=\"Els efectes sobre la salut de la conjunci\u00f3 de la Covid-19 i la crisi clim\u00e0tica - Reial Acad\u00e8mia Europea de Doctors\" \/>\n<meta property=\"og:description\" content=\"August Corominas, sobre els efectes que comporten la conjunci\u00f3 de la pand\u00e8mia de la Covid-19 i l&#039;actual crisi clim\u00e0tica\" \/>\n<meta property=\"og:url\" content=\"https:\/\/raed.academy\/ca\/emergencia-sanitaria-i-degradacio-ecologica\/\" \/>\n<meta property=\"og:site_name\" content=\"Reial Acad\u00e8mia Europea de Doctors\" \/>\n<meta property=\"article:publisher\" content=\"http:\/\/fb.me\/raed.academy\" \/>\n<meta property=\"article:published_time\" content=\"2021-11-05T09:29:52+00:00\" \/>\n<meta property=\"article:modified_time\" content=\"2021-11-09T10:39:01+00:00\" \/>\n<meta property=\"og:image\" content=\"https:\/\/raed.academy\/wp-content\/uploads\/2021\/11\/eje-intestino-cerebro-dst.webp\" \/>\n\t<meta property=\"og:image:width\" content=\"367\" \/>\n\t<meta property=\"og:image:height\" content=\"220\" \/>\n\t<meta property=\"og:image:type\" content=\"image\/webp\" \/>\n<meta name=\"author\" content=\"RAED\" \/>\n<meta name=\"twitter:card\" content=\"summary_large_image\" \/>\n<meta name=\"twitter:creator\" content=\"@raedacademy\" \/>\n<meta name=\"twitter:site\" content=\"@raedacademy\" \/>\n<meta name=\"twitter:label1\" content=\"Written by\" \/>\n\t<meta name=\"twitter:data1\" content=\"RAED\" \/>\n\t<meta name=\"twitter:label2\" content=\"Est. reading time\" \/>\n\t<meta name=\"twitter:data2\" content=\"3 minutes\" \/>\n<script type=\"application\/ld+json\" class=\"yoast-schema-graph\">{\"@context\":\"https:\\\/\\\/schema.org\",\"@graph\":[{\"@type\":\"Article\",\"@id\":\"https:\\\/\\\/raed.academy\\\/ca\\\/emergencia-sanitaria-i-degradacio-ecologica\\\/#article\",\"isPartOf\":{\"@id\":\"https:\\\/\\\/raed.academy\\\/ca\\\/emergencia-sanitaria-i-degradacio-ecologica\\\/\"},\"author\":{\"name\":\"RAED\",\"@id\":\"https:\\\/\\\/raed.academy\\\/ca\\\/#\\\/schema\\\/person\\\/5a755da80d1d979fd66ba745c8702927\"},\"headline\":\"Els efectes sobre la salut de la conjunci\u00f3 de la Covid-19 i la crisi clim\u00e0tica\",\"datePublished\":\"2021-11-05T09:29:52+00:00\",\"dateModified\":\"2021-11-09T10:39:01+00:00\",\"mainEntityOfPage\":{\"@id\":\"https:\\\/\\\/raed.academy\\\/ca\\\/emergencia-sanitaria-i-degradacio-ecologica\\\/\"},\"wordCount\":707,\"publisher\":{\"@id\":\"https:\\\/\\\/raed.academy\\\/ca\\\/#organization\"},\"image\":{\"@id\":\"https:\\\/\\\/raed.academy\\\/ca\\\/emergencia-sanitaria-i-degradacio-ecologica\\\/#primaryimage\"},\"thumbnailUrl\":\"https:\\\/\\\/raed.academy\\\/wp-content\\\/uploads\\\/2021\\\/11\\\/eje-intestino-cerebro-dst.webp\",\"articleSection\":[\"Coronavirus des del coneixement\",\"Economia i pol\u00edtica\",\"Medi ambient\",\"Salut\"],\"inLanguage\":\"ca-ES\"},{\"@type\":\"WebPage\",\"@id\":\"https:\\\/\\\/raed.academy\\\/ca\\\/emergencia-sanitaria-i-degradacio-ecologica\\\/\",\"url\":\"https:\\\/\\\/raed.academy\\\/ca\\\/emergencia-sanitaria-i-degradacio-ecologica\\\/\",\"name\":\"Els efectes sobre la salut de la conjunci\u00f3 de la Covid-19 i la crisi clim\u00e0tica - Reial Acad\u00e8mia Europea de Doctors\",\"isPartOf\":{\"@id\":\"https:\\\/\\\/raed.academy\\\/ca\\\/#website\"},\"primaryImageOfPage\":{\"@id\":\"https:\\\/\\\/raed.academy\\\/ca\\\/emergencia-sanitaria-i-degradacio-ecologica\\\/#primaryimage\"},\"image\":{\"@id\":\"https:\\\/\\\/raed.academy\\\/ca\\\/emergencia-sanitaria-i-degradacio-ecologica\\\/#primaryimage\"},\"thumbnailUrl\":\"https:\\\/\\\/raed.academy\\\/wp-content\\\/uploads\\\/2021\\\/11\\\/eje-intestino-cerebro-dst.webp\",\"datePublished\":\"2021-11-05T09:29:52+00:00\",\"dateModified\":\"2021-11-09T10:39:01+00:00\",\"description\":\"August Corominas, sobre els efectes que comporten la conjunci\u00f3 de la pand\u00e8mia de la Covid-19 i l'actual crisi clim\u00e0tica\",\"breadcrumb\":{\"@id\":\"https:\\\/\\\/raed.academy\\\/ca\\\/emergencia-sanitaria-i-degradacio-ecologica\\\/#breadcrumb\"},\"inLanguage\":\"ca-ES\",\"potentialAction\":[{\"@type\":\"ReadAction\",\"target\":[\"https:\\\/\\\/raed.academy\\\/ca\\\/emergencia-sanitaria-i-degradacio-ecologica\\\/\"]}]},{\"@type\":\"ImageObject\",\"inLanguage\":\"ca-ES\",\"@id\":\"https:\\\/\\\/raed.academy\\\/ca\\\/emergencia-sanitaria-i-degradacio-ecologica\\\/#primaryimage\",\"url\":\"https:\\\/\\\/raed.academy\\\/wp-content\\\/uploads\\\/2021\\\/11\\\/eje-intestino-cerebro-dst.webp\",\"contentUrl\":\"https:\\\/\\\/raed.academy\\\/wp-content\\\/uploads\\\/2021\\\/11\\\/eje-intestino-cerebro-dst.webp\",\"width\":367,\"height\":220},{\"@type\":\"BreadcrumbList\",\"@id\":\"https:\\\/\\\/raed.academy\\\/ca\\\/emergencia-sanitaria-i-degradacio-ecologica\\\/#breadcrumb\",\"itemListElement\":[{\"@type\":\"ListItem\",\"position\":1,\"name\":\"Inicio\",\"item\":\"https:\\\/\\\/raed.academy\\\/ca\\\/\"},{\"@type\":\"ListItem\",\"position\":2,\"name\":\"Els efectes sobre la salut de la conjunci\u00f3 de la Covid-19 i la crisi clim\u00e0tica\"}]},{\"@type\":\"WebSite\",\"@id\":\"https:\\\/\\\/raed.academy\\\/ca\\\/#website\",\"url\":\"https:\\\/\\\/raed.academy\\\/ca\\\/\",\"name\":\"Reial Acad\u00e8mia Europea de Doctors\",\"description\":\"Corporaci\u00f3n de derecho p\u00fablico de car\u00e1cter cient\u00edfico, t\u00e9cnico y art\u00edstico, que tiene por objeto la investigaci\u00f3n, el estudio, el fomento y la extensi\u00f3n del conocimiento en su sentido m\u00e1s amplio\",\"publisher\":{\"@id\":\"https:\\\/\\\/raed.academy\\\/ca\\\/#organization\"},\"potentialAction\":[{\"@type\":\"SearchAction\",\"target\":{\"@type\":\"EntryPoint\",\"urlTemplate\":\"https:\\\/\\\/raed.academy\\\/ca\\\/?s={search_term_string}\"},\"query-input\":{\"@type\":\"PropertyValueSpecification\",\"valueRequired\":true,\"valueName\":\"search_term_string\"}}],\"inLanguage\":\"ca-ES\"},{\"@type\":\"Organization\",\"@id\":\"https:\\\/\\\/raed.academy\\\/ca\\\/#organization\",\"name\":\"Real Academia Europea de Doctores\",\"url\":\"https:\\\/\\\/raed.academy\\\/ca\\\/\",\"logo\":{\"@type\":\"ImageObject\",\"inLanguage\":\"ca-ES\",\"@id\":\"https:\\\/\\\/raed.academy\\\/ca\\\/#\\\/schema\\\/logo\\\/image\\\/\",\"url\":\"https:\\\/\\\/raed.academy\\\/wp-content\\\/uploads\\\/2017\\\/01\\\/cropped-logo_raed.png\",\"contentUrl\":\"https:\\\/\\\/raed.academy\\\/wp-content\\\/uploads\\\/2017\\\/01\\\/cropped-logo_raed.png\",\"width\":512,\"height\":512,\"caption\":\"Real Academia Europea de Doctores\"},\"image\":{\"@id\":\"https:\\\/\\\/raed.academy\\\/ca\\\/#\\\/schema\\\/logo\\\/image\\\/\"},\"sameAs\":[\"http:\\\/\\\/fb.me\\\/raed.academy\",\"https:\\\/\\\/x.com\\\/raedacademy\",\"https:\\\/\\\/www.instagram.com\\\/raed.academy\\\/\",\"https:\\\/\\\/www.youtube.com\\\/channel\\\/UCUYQwW2KrdirNWihxMDObwg\"]},{\"@type\":\"Person\",\"@id\":\"https:\\\/\\\/raed.academy\\\/ca\\\/#\\\/schema\\\/person\\\/5a755da80d1d979fd66ba745c8702927\",\"name\":\"RAED\",\"image\":{\"@type\":\"ImageObject\",\"inLanguage\":\"ca-ES\",\"@id\":\"https:\\\/\\\/secure.gravatar.com\\\/avatar\\\/19fdfdc0d67fb9c45714b703a2ac82251c4fcea3637f002ac3c9b74c0183583c?s=96&d=mm&r=g\",\"url\":\"https:\\\/\\\/secure.gravatar.com\\\/avatar\\\/19fdfdc0d67fb9c45714b703a2ac82251c4fcea3637f002ac3c9b74c0183583c?s=96&d=mm&r=g\",\"contentUrl\":\"https:\\\/\\\/secure.gravatar.com\\\/avatar\\\/19fdfdc0d67fb9c45714b703a2ac82251c4fcea3637f002ac3c9b74c0183583c?s=96&d=mm&r=g\",\"caption\":\"RAED\"}}]}<\/script>\n<!-- \/ Yoast SEO plugin. -->","yoast_head_json":{"title":"Els efectes sobre la salut de la conjunci\u00f3 de la Covid-19 i la crisi clim\u00e0tica - Reial Acad\u00e8mia Europea de Doctors","description":"August Corominas, sobre els efectes que comporten la conjunci\u00f3 de la pand\u00e8mia de la Covid-19 i l'actual crisi clim\u00e0tica","robots":{"index":"index","follow":"follow","max-snippet":"max-snippet:-1","max-image-preview":"max-image-preview:large","max-video-preview":"max-video-preview:-1"},"canonical":"https:\/\/raed.academy\/ca\/emergencia-sanitaria-i-degradacio-ecologica\/","og_locale":"ca_ES","og_type":"article","og_title":"Els efectes sobre la salut de la conjunci\u00f3 de la Covid-19 i la crisi clim\u00e0tica - Reial Acad\u00e8mia Europea de Doctors","og_description":"August Corominas, sobre els efectes que comporten la conjunci\u00f3 de la pand\u00e8mia de la Covid-19 i l'actual crisi clim\u00e0tica","og_url":"https:\/\/raed.academy\/ca\/emergencia-sanitaria-i-degradacio-ecologica\/","og_site_name":"Reial Acad\u00e8mia Europea de Doctors","article_publisher":"http:\/\/fb.me\/raed.academy","article_published_time":"2021-11-05T09:29:52+00:00","article_modified_time":"2021-11-09T10:39:01+00:00","og_image":[{"width":367,"height":220,"url":"https:\/\/raed.academy\/wp-content\/uploads\/2021\/11\/eje-intestino-cerebro-dst.webp","type":"image\/webp"}],"author":"RAED","twitter_card":"summary_large_image","twitter_creator":"@raedacademy","twitter_site":"@raedacademy","twitter_misc":{"Written by":"RAED","Est. reading time":"3 minutes"},"schema":{"@context":"https:\/\/schema.org","@graph":[{"@type":"Article","@id":"https:\/\/raed.academy\/ca\/emergencia-sanitaria-i-degradacio-ecologica\/#article","isPartOf":{"@id":"https:\/\/raed.academy\/ca\/emergencia-sanitaria-i-degradacio-ecologica\/"},"author":{"name":"RAED","@id":"https:\/\/raed.academy\/ca\/#\/schema\/person\/5a755da80d1d979fd66ba745c8702927"},"headline":"Els efectes sobre la salut de la conjunci\u00f3 de la Covid-19 i la crisi clim\u00e0tica","datePublished":"2021-11-05T09:29:52+00:00","dateModified":"2021-11-09T10:39:01+00:00","mainEntityOfPage":{"@id":"https:\/\/raed.academy\/ca\/emergencia-sanitaria-i-degradacio-ecologica\/"},"wordCount":707,"publisher":{"@id":"https:\/\/raed.academy\/ca\/#organization"},"image":{"@id":"https:\/\/raed.academy\/ca\/emergencia-sanitaria-i-degradacio-ecologica\/#primaryimage"},"thumbnailUrl":"https:\/\/raed.academy\/wp-content\/uploads\/2021\/11\/eje-intestino-cerebro-dst.webp","articleSection":["Coronavirus des del coneixement","Economia i pol\u00edtica","Medi ambient","Salut"],"inLanguage":"ca-ES"},{"@type":"WebPage","@id":"https:\/\/raed.academy\/ca\/emergencia-sanitaria-i-degradacio-ecologica\/","url":"https:\/\/raed.academy\/ca\/emergencia-sanitaria-i-degradacio-ecologica\/","name":"Els efectes sobre la salut de la conjunci\u00f3 de la Covid-19 i la crisi clim\u00e0tica - Reial Acad\u00e8mia Europea de Doctors","isPartOf":{"@id":"https:\/\/raed.academy\/ca\/#website"},"primaryImageOfPage":{"@id":"https:\/\/raed.academy\/ca\/emergencia-sanitaria-i-degradacio-ecologica\/#primaryimage"},"image":{"@id":"https:\/\/raed.academy\/ca\/emergencia-sanitaria-i-degradacio-ecologica\/#primaryimage"},"thumbnailUrl":"https:\/\/raed.academy\/wp-content\/uploads\/2021\/11\/eje-intestino-cerebro-dst.webp","datePublished":"2021-11-05T09:29:52+00:00","dateModified":"2021-11-09T10:39:01+00:00","description":"August Corominas, sobre els efectes que comporten la conjunci\u00f3 de la pand\u00e8mia de la Covid-19 i l'actual crisi clim\u00e0tica","breadcrumb":{"@id":"https:\/\/raed.academy\/ca\/emergencia-sanitaria-i-degradacio-ecologica\/#breadcrumb"},"inLanguage":"ca-ES","potentialAction":[{"@type":"ReadAction","target":["https:\/\/raed.academy\/ca\/emergencia-sanitaria-i-degradacio-ecologica\/"]}]},{"@type":"ImageObject","inLanguage":"ca-ES","@id":"https:\/\/raed.academy\/ca\/emergencia-sanitaria-i-degradacio-ecologica\/#primaryimage","url":"https:\/\/raed.academy\/wp-content\/uploads\/2021\/11\/eje-intestino-cerebro-dst.webp","contentUrl":"https:\/\/raed.academy\/wp-content\/uploads\/2021\/11\/eje-intestino-cerebro-dst.webp","width":367,"height":220},{"@type":"BreadcrumbList","@id":"https:\/\/raed.academy\/ca\/emergencia-sanitaria-i-degradacio-ecologica\/#breadcrumb","itemListElement":[{"@type":"ListItem","position":1,"name":"Inicio","item":"https:\/\/raed.academy\/ca\/"},{"@type":"ListItem","position":2,"name":"Els efectes sobre la salut de la conjunci\u00f3 de la Covid-19 i la crisi clim\u00e0tica"}]},{"@type":"WebSite","@id":"https:\/\/raed.academy\/ca\/#website","url":"https:\/\/raed.academy\/ca\/","name":"Reial Acad\u00e8mia Europea de Doctors","description":"Corporaci\u00f3n de derecho p\u00fablico de car\u00e1cter cient\u00edfico, t\u00e9cnico y art\u00edstico, que tiene por objeto la investigaci\u00f3n, el estudio, el fomento y la extensi\u00f3n del conocimiento en su sentido m\u00e1s amplio","publisher":{"@id":"https:\/\/raed.academy\/ca\/#organization"},"potentialAction":[{"@type":"SearchAction","target":{"@type":"EntryPoint","urlTemplate":"https:\/\/raed.academy\/ca\/?s={search_term_string}"},"query-input":{"@type":"PropertyValueSpecification","valueRequired":true,"valueName":"search_term_string"}}],"inLanguage":"ca-ES"},{"@type":"Organization","@id":"https:\/\/raed.academy\/ca\/#organization","name":"Real Academia Europea de Doctores","url":"https:\/\/raed.academy\/ca\/","logo":{"@type":"ImageObject","inLanguage":"ca-ES","@id":"https:\/\/raed.academy\/ca\/#\/schema\/logo\/image\/","url":"https:\/\/raed.academy\/wp-content\/uploads\/2017\/01\/cropped-logo_raed.png","contentUrl":"https:\/\/raed.academy\/wp-content\/uploads\/2017\/01\/cropped-logo_raed.png","width":512,"height":512,"caption":"Real Academia Europea de Doctores"},"image":{"@id":"https:\/\/raed.academy\/ca\/#\/schema\/logo\/image\/"},"sameAs":["http:\/\/fb.me\/raed.academy","https:\/\/x.com\/raedacademy","https:\/\/www.instagram.com\/raed.academy\/","https:\/\/www.youtube.com\/channel\/UCUYQwW2KrdirNWihxMDObwg"]},{"@type":"Person","@id":"https:\/\/raed.academy\/ca\/#\/schema\/person\/5a755da80d1d979fd66ba745c8702927","name":"RAED","image":{"@type":"ImageObject","inLanguage":"ca-ES","@id":"https:\/\/secure.gravatar.com\/avatar\/19fdfdc0d67fb9c45714b703a2ac82251c4fcea3637f002ac3c9b74c0183583c?s=96&d=mm&r=g","url":"https:\/\/secure.gravatar.com\/avatar\/19fdfdc0d67fb9c45714b703a2ac82251c4fcea3637f002ac3c9b74c0183583c?s=96&d=mm&r=g","contentUrl":"https:\/\/secure.gravatar.com\/avatar\/19fdfdc0d67fb9c45714b703a2ac82251c4fcea3637f002ac3c9b74c0183583c?s=96&d=mm&r=g","caption":"RAED"}}]}},"_links":{"self":[{"href":"https:\/\/raed.academy\/ca\/wp-json\/wp\/v2\/posts\/107677","targetHints":{"allow":["GET"]}}],"collection":[{"href":"https:\/\/raed.academy\/ca\/wp-json\/wp\/v2\/posts"}],"about":[{"href":"https:\/\/raed.academy\/ca\/wp-json\/wp\/v2\/types\/post"}],"author":[{"embeddable":true,"href":"https:\/\/raed.academy\/ca\/wp-json\/wp\/v2\/users\/12"}],"replies":[{"embeddable":true,"href":"https:\/\/raed.academy\/ca\/wp-json\/wp\/v2\/comments?post=107677"}],"version-history":[{"count":0,"href":"https:\/\/raed.academy\/ca\/wp-json\/wp\/v2\/posts\/107677\/revisions"}],"wp:featuredmedia":[{"embeddable":true,"href":"https:\/\/raed.academy\/ca\/wp-json\/wp\/v2\/media\/107857"}],"wp:attachment":[{"href":"https:\/\/raed.academy\/ca\/wp-json\/wp\/v2\/media?parent=107677"}],"wp:term":[{"taxonomy":"category","embeddable":true,"href":"https:\/\/raed.academy\/ca\/wp-json\/wp\/v2\/categories?post=107677"},{"taxonomy":"post_tag","embeddable":true,"href":"https:\/\/raed.academy\/ca\/wp-json\/wp\/v2\/tags?post=107677"}],"curies":[{"name":"wp","href":"https:\/\/api.w.org\/{rel}","templated":true}]}}