{"id":107056,"date":"2021-10-14T17:49:56","date_gmt":"2021-10-14T17:49:56","guid":{"rendered":"https:\/\/raed.academy\/?p=107056"},"modified":"2021-10-15T09:03:00","modified_gmt":"2021-10-15T09:03:00","slug":"el-potencial-transformador-de-la-societat-civil-davant-dels-reptes-de-la-recuperacio","status":"publish","type":"post","link":"https:\/\/raed.academy\/ca\/el-potencial-transformador-de-la-societat-civil-davant-dels-reptes-de-la-recuperacio\/","title":{"rendered":"El potencial transformador de la societat civil davant dels reptes de la recuperaci\u00f3"},"content":{"rendered":"<p><a href=\"https:\/\/raed.academy\/ca\/academics\/dr-aldo-olcese-santonja\/\" target=\"_blank\" rel=\"noopener\"><strong><em>Aldo Olcese<\/em><\/strong><\/a><br \/>\n<em>President de la Fundaci\u00f3 Independent i de l&#8217;Associaci\u00f3 Nacional Societat Civil Ara, acad\u00e8mic de n\u00famero de la Reial Acad\u00e8mia de Ci\u00e8ncies Econ\u00f2miques i Financeres i vice-president i acad\u00e8mic de n\u00famero de la Reial Acad\u00e8mia Europea de Doctors-Barcelona 1914 (RAED)<\/em><\/p>\n<p><em>Article publicat al diari &#8220;El Mundo&#8221; el 8 d&#8217;octubre del 2021<\/em><\/p>\n<div id=\"attachment_95874\" style=\"width: 460px\" class=\"wp-caption alignleft\"><img loading=\"lazy\" decoding=\"async\" aria-describedby=\"caption-attachment-95874\" class=\"wp-image-95874 size-full\" src=\"https:\/\/raed.academy\/wp-content\/uploads\/2020\/11\/Aldo-Olcese-fundacionindependiente.es_.jpeg\" sizes=\"(max-width: 450px) 100vw, 450px\" srcset=\"https:\/\/raed.academy\/wp-content\/uploads\/2020\/11\/Aldo-Olcese-fundacionindependiente.es_.jpeg 450w, https:\/\/raed.academy\/wp-content\/uploads\/2020\/11\/Aldo-Olcese-fundacionindependiente.es_-440x264.jpeg 440w\" alt=\"Dr. Aldo Olcese\" width=\"450\" height=\"270\" aria-describedby=\"caption-attachment-95874\" \/><p id=\"caption-attachment-95874\" class=\"wp-caption-text\">Dr. Aldo Olcese<\/p><\/div>\n<p><a href=\"https:\/\/raed.academy\/ca\/academics\/dr-aldo-olcese-santonja\/\" target=\"_blank\" rel=\"noopener\"><strong><em>Aldo Olcese<\/em><\/strong><\/a>, president de la <strong>Fundaci\u00f3 Independent<\/strong> i de l&#8217;<strong>Associaci\u00f3 Nacional Societat Civil Ara<\/strong>, acad\u00e8mic de n\u00famero de la <strong>Reial Acad\u00e8mia de Ci\u00e8ncies Econ\u00f2miques i Financeres<\/strong> i vice-president i acad\u00e8mic de n\u00famero de la <strong>Reial Acad\u00e8mia Europea de Doctors-Barcelona 1914<\/strong> (RAED), va publicar el passat 8 d&#8217;octubre al diari <strong>&#8220;El Mundo&#8221;<\/strong> l&#8217;article <strong>&#8220;\u00a1Hay sociedad civil!&#8221;<\/strong>, en qu\u00e8 ressenya l&#8217;\u00e8xit del <strong>II Congr\u00e9s Nacional de la Societat Civil<\/strong>, organitzat per Societat Civil Ara, que sota el lema <strong>&#8220;Rellan\u00e7ar Espanya&#8221; <\/strong>es va celebrar el 29 de setembre a l&#8217;<strong>Ateneu Mercantil<\/strong> de Val\u00e8ncia. La cita va acollir a grans personalitats de la pol\u00edtica local, auton\u00f2mica i nacional, aix\u00ed com experts en les diferents taules i temes de debat.<\/p>\n<p>Despr\u00e9s de destacar les grans fites d&#8217;aquesta segona edici\u00f3 del Congr\u00e9s de la Societat Civil, enumerar els principals participants i lamentar que cap ministre de l&#8217;actual <strong>Govern<\/strong> se sum\u00e9s al debat, el vice-president de la RAED va destacar l&#8217;enfortiment de la societat civil espanyola, fins ara poc significativa, quan no directament irrellevant, en l&#8217;escena pol\u00edtica. &#8220;La societat civil espanyola es caracteritza per una enorme fragmentaci\u00f3 i una escassa unitat, que la fan fr\u00e0gil i vulnerable davant de la manera dura en qu\u00e8 s&#8217;exerceix la pol\u00edtica a Espanya, que tot ho envaeix i clienteliza. Un prop\u00f2sit irrenunciable d&#8217;aquests congressos \u00e9s mostrar cooperaci\u00f3 lleial amb els pol\u00edtics i tractar de facilitar idees i aportar solucions per a la millor acci\u00f3 pol\u00edtica en benefici de la naci\u00f3 i de tots els espanyols&#8221;, assenyala <strong>Olcese<\/strong> en l&#8217;article.<\/p>\n<p><img loading=\"lazy\" decoding=\"async\" class=\"alignright size-full wp-image-106379\" src=\"https:\/\/raed.academy\/wp-content\/uploads\/2021\/09\/II-Congreso-de-la-Sociedad-Civil-Relanzar-Espana-4.webp\" alt=\"II Congreso de la Sociedad Civil, &quot;Relanzar Espa\u00f1a&quot;\" width=\"768\" height=\"512\" \/>L&#8217;acad\u00e8mic lamenta que Espanya segueixi sent aquell pa\u00eds on l&#8221;amb mi o contra mi&#8217; marca l&#8217;acci\u00f3 pol\u00edtica i no hi ha una visi\u00f3 d&#8217;Estat. En aquest sentit, <strong>Olcese<\/strong> recorda les paraules que l&#8217;ex-president de la <strong>Comissi\u00f3 Europea<\/strong>, <strong>Romano Prodi<\/strong>, portaveu convidat del congr\u00e9s, va pronunciar en relaci\u00f3 amb la governabilitat europea, fruit de consens i el b\u00e9 com\u00fa. &#8220;A Espanya, la pol\u00edtica i els pol\u00edtics estan desprestigiats i s&#8217;han convertit en el principal problema per a la ciutadania, i aix\u00f2 \u00e9s letal per a la democr\u00e0cia&#8221;, considera.<\/p>\n<p>Per resoldre aquests d\u00e8ficits democr\u00e0tics, <strong>Olcese<\/strong> proposa donar veu a les institucions a aquesta societat civil que, en aquesta cita, va plantejar propostes realistes i oportunes als actuals reptes que afronta Espanya. &#8220;Ning\u00fa no t\u00e9 la pretensi\u00f3 de suplantar als que han estat leg\u00edtima i democr\u00e0ticament elegits i tenen la responsabilitat de governar Espanya i fer les lleis. Es tracta de complementar la pol\u00edtica des de la lleialtat i la m\u00e9s sana complicitat reparadora i impulsora dels millors resultats per a l&#8217;inter\u00e8s general, tot i que de vegades ens assalti la por de que \u00e9s dif\u00edcil ajudar a qui no vol ser ajudat&#8221;, conclou el vice-president de la RAED.<\/p>\n<p>Sobre les conclusions d&#8217;aquesta cita, <strong>Olcese<\/strong> assenyala que ha reivindicat l&#8217;impuls d&#8217;un nou humanisme vertebrador dels processos de digitalitzaci\u00f3 i sostenibilitat que marquen l&#8217;agenda de la recuperaci\u00f3 econ\u00f2mica per posar l&#8217;\u00e9sser hum\u00e0 per davant de la tecnologia i en perfecta sintonia amb el medi ambient. El congr\u00e9s ha apel\u00b7lat, aix\u00ed mateix, al paper fonamental d&#8217;Europa en uns temps en qu\u00e8 la guerra comercial i geopol\u00edtica entre els Estats Units i la Xina no pot relegar la hist\u00f2ria, la cultura i els valors del Vell Continent.<\/p>\n<h2><a href=\"https:\/\/sociedadcivilahora.es\/wp-content\/uploads\/2021\/10\/ALDO-OLCESE-HAY-SOCIEDAD-CIVIL-EL-MUNDO.pdf\" target=\"_blank\" rel=\"noopener\">Llegiu l&#8217;article<\/a><\/h2>\n","protected":false},"excerpt":{"rendered":"<p>Aldo Olcese ressenya l&#8217;\u00e8xit del Congr\u00e9s &#8220;Relanzar Espa\u00f1a&#8221;, proposa donar veu a les institucions a la societat civil i planteja propostes realistes i oportunes, devant els actuals reptes que afronta Espanya <\/p>\n","protected":false},"author":12,"featured_media":106380,"comment_status":"closed","ping_status":"closed","sticky":false,"template":"","format":"standard","meta":{"_et_pb_use_builder":"","_et_pb_old_content":"","_et_gb_content_width":"","footnotes":""},"categories":[304],"tags":[],"class_list":["post-107056","post","type-post","status-publish","format-standard","has-post-thumbnail","hentry","category-economia-i-politica-ca","et-has-post-format-content","et_post_format-et-post-format-standard"],"yoast_head":"<!-- This site is optimized with the Yoast SEO plugin v27.4 - https:\/\/yoast.com\/product\/yoast-seo-wordpress\/ -->\n<title>El potencial transformador de la societat civil davant dels reptes de la recuperaci\u00f3 - Reial Acad\u00e8mia Europea de Doctors<\/title>\n<meta name=\"description\" content=\"Aldo Olcese proposa donar veu a les institucions a la societat civil i planteja propostes oportunes devant dels actuals reptes que afronta Espanya\" \/>\n<meta name=\"robots\" content=\"index, follow, max-snippet:-1, max-image-preview:large, max-video-preview:-1\" \/>\n<link rel=\"canonical\" href=\"https:\/\/raed.academy\/ca\/el-potencial-transformador-de-la-societat-civil-davant-dels-reptes-de-la-recuperacio\/\" \/>\n<meta property=\"og:locale\" content=\"ca_ES\" \/>\n<meta property=\"og:type\" content=\"article\" \/>\n<meta property=\"og:title\" content=\"El potencial transformador de la societat civil davant dels reptes de la recuperaci\u00f3 - Reial Acad\u00e8mia Europea de Doctors\" \/>\n<meta property=\"og:description\" content=\"Aldo Olcese proposa donar veu a les institucions a la societat civil i planteja propostes oportunes devant dels actuals reptes que afronta Espanya\" \/>\n<meta property=\"og:url\" content=\"https:\/\/raed.academy\/ca\/el-potencial-transformador-de-la-societat-civil-davant-dels-reptes-de-la-recuperacio\/\" \/>\n<meta property=\"og:site_name\" content=\"Reial Acad\u00e8mia Europea de Doctors\" \/>\n<meta property=\"article:publisher\" content=\"http:\/\/fb.me\/raed.academy\" \/>\n<meta property=\"article:published_time\" content=\"2021-10-14T17:49:56+00:00\" \/>\n<meta property=\"article:modified_time\" content=\"2021-10-15T09:03:00+00:00\" \/>\n<meta property=\"og:image\" content=\"https:\/\/raed.academy\/wp-content\/uploads\/2021\/09\/II-Congreso-de-la-Sociedad-Civil-Relanzar-Espana-4.webp\" \/>\n\t<meta property=\"og:image:width\" content=\"768\" \/>\n\t<meta property=\"og:image:height\" content=\"512\" \/>\n\t<meta property=\"og:image:type\" content=\"image\/webp\" \/>\n<meta name=\"author\" content=\"RAED\" \/>\n<meta name=\"twitter:card\" content=\"summary_large_image\" \/>\n<meta name=\"twitter:creator\" content=\"@raedacademy\" \/>\n<meta name=\"twitter:site\" content=\"@raedacademy\" \/>\n<meta name=\"twitter:label1\" content=\"Written by\" \/>\n\t<meta name=\"twitter:data1\" content=\"RAED\" \/>\n\t<meta name=\"twitter:label2\" content=\"Est. reading time\" \/>\n\t<meta name=\"twitter:data2\" content=\"3 minutes\" \/>\n<script type=\"application\/ld+json\" class=\"yoast-schema-graph\">{\"@context\":\"https:\\\/\\\/schema.org\",\"@graph\":[{\"@type\":\"Article\",\"@id\":\"https:\\\/\\\/raed.academy\\\/ca\\\/el-potencial-transformador-de-la-societat-civil-davant-dels-reptes-de-la-recuperacio\\\/#article\",\"isPartOf\":{\"@id\":\"https:\\\/\\\/raed.academy\\\/ca\\\/el-potencial-transformador-de-la-societat-civil-davant-dels-reptes-de-la-recuperacio\\\/\"},\"author\":{\"name\":\"RAED\",\"@id\":\"https:\\\/\\\/raed.academy\\\/ca\\\/#\\\/schema\\\/person\\\/5a755da80d1d979fd66ba745c8702927\"},\"headline\":\"El potencial transformador de la societat civil davant dels reptes de la recuperaci\u00f3\",\"datePublished\":\"2021-10-14T17:49:56+00:00\",\"dateModified\":\"2021-10-15T09:03:00+00:00\",\"mainEntityOfPage\":{\"@id\":\"https:\\\/\\\/raed.academy\\\/ca\\\/el-potencial-transformador-de-la-societat-civil-davant-dels-reptes-de-la-recuperacio\\\/\"},\"wordCount\":678,\"publisher\":{\"@id\":\"https:\\\/\\\/raed.academy\\\/ca\\\/#organization\"},\"image\":{\"@id\":\"https:\\\/\\\/raed.academy\\\/ca\\\/el-potencial-transformador-de-la-societat-civil-davant-dels-reptes-de-la-recuperacio\\\/#primaryimage\"},\"thumbnailUrl\":\"https:\\\/\\\/raed.academy\\\/wp-content\\\/uploads\\\/2021\\\/09\\\/II-Congreso-de-la-Sociedad-Civil-Relanzar-Espana-4.webp\",\"articleSection\":[\"Economia i pol\u00edtica\"],\"inLanguage\":\"ca-ES\"},{\"@type\":\"WebPage\",\"@id\":\"https:\\\/\\\/raed.academy\\\/ca\\\/el-potencial-transformador-de-la-societat-civil-davant-dels-reptes-de-la-recuperacio\\\/\",\"url\":\"https:\\\/\\\/raed.academy\\\/ca\\\/el-potencial-transformador-de-la-societat-civil-davant-dels-reptes-de-la-recuperacio\\\/\",\"name\":\"El potencial transformador de la societat civil davant dels reptes de la recuperaci\u00f3 - Reial Acad\u00e8mia Europea de Doctors\",\"isPartOf\":{\"@id\":\"https:\\\/\\\/raed.academy\\\/ca\\\/#website\"},\"primaryImageOfPage\":{\"@id\":\"https:\\\/\\\/raed.academy\\\/ca\\\/el-potencial-transformador-de-la-societat-civil-davant-dels-reptes-de-la-recuperacio\\\/#primaryimage\"},\"image\":{\"@id\":\"https:\\\/\\\/raed.academy\\\/ca\\\/el-potencial-transformador-de-la-societat-civil-davant-dels-reptes-de-la-recuperacio\\\/#primaryimage\"},\"thumbnailUrl\":\"https:\\\/\\\/raed.academy\\\/wp-content\\\/uploads\\\/2021\\\/09\\\/II-Congreso-de-la-Sociedad-Civil-Relanzar-Espana-4.webp\",\"datePublished\":\"2021-10-14T17:49:56+00:00\",\"dateModified\":\"2021-10-15T09:03:00+00:00\",\"description\":\"Aldo Olcese proposa donar veu a les institucions a la societat civil i planteja propostes oportunes devant dels actuals reptes que afronta Espanya\",\"breadcrumb\":{\"@id\":\"https:\\\/\\\/raed.academy\\\/ca\\\/el-potencial-transformador-de-la-societat-civil-davant-dels-reptes-de-la-recuperacio\\\/#breadcrumb\"},\"inLanguage\":\"ca-ES\",\"potentialAction\":[{\"@type\":\"ReadAction\",\"target\":[\"https:\\\/\\\/raed.academy\\\/ca\\\/el-potencial-transformador-de-la-societat-civil-davant-dels-reptes-de-la-recuperacio\\\/\"]}]},{\"@type\":\"ImageObject\",\"inLanguage\":\"ca-ES\",\"@id\":\"https:\\\/\\\/raed.academy\\\/ca\\\/el-potencial-transformador-de-la-societat-civil-davant-dels-reptes-de-la-recuperacio\\\/#primaryimage\",\"url\":\"https:\\\/\\\/raed.academy\\\/wp-content\\\/uploads\\\/2021\\\/09\\\/II-Congreso-de-la-Sociedad-Civil-Relanzar-Espana-4.webp\",\"contentUrl\":\"https:\\\/\\\/raed.academy\\\/wp-content\\\/uploads\\\/2021\\\/09\\\/II-Congreso-de-la-Sociedad-Civil-Relanzar-Espana-4.webp\",\"width\":768,\"height\":512,\"caption\":\"II Congreso de la Sociedad Civil, celebrado bajo el lema \\\"Relanzar Espa\u00f1a\\\"\"},{\"@type\":\"BreadcrumbList\",\"@id\":\"https:\\\/\\\/raed.academy\\\/ca\\\/el-potencial-transformador-de-la-societat-civil-davant-dels-reptes-de-la-recuperacio\\\/#breadcrumb\",\"itemListElement\":[{\"@type\":\"ListItem\",\"position\":1,\"name\":\"Inicio\",\"item\":\"https:\\\/\\\/raed.academy\\\/ca\\\/\"},{\"@type\":\"ListItem\",\"position\":2,\"name\":\"El potencial transformador de la societat civil davant dels reptes de la recuperaci\u00f3\"}]},{\"@type\":\"WebSite\",\"@id\":\"https:\\\/\\\/raed.academy\\\/ca\\\/#website\",\"url\":\"https:\\\/\\\/raed.academy\\\/ca\\\/\",\"name\":\"Reial Acad\u00e8mia Europea de Doctors\",\"description\":\"Corporaci\u00f3n de derecho p\u00fablico de car\u00e1cter cient\u00edfico, t\u00e9cnico y art\u00edstico, que tiene por objeto la investigaci\u00f3n, el estudio, el fomento y la extensi\u00f3n del conocimiento en su sentido m\u00e1s amplio\",\"publisher\":{\"@id\":\"https:\\\/\\\/raed.academy\\\/ca\\\/#organization\"},\"potentialAction\":[{\"@type\":\"SearchAction\",\"target\":{\"@type\":\"EntryPoint\",\"urlTemplate\":\"https:\\\/\\\/raed.academy\\\/ca\\\/?s={search_term_string}\"},\"query-input\":{\"@type\":\"PropertyValueSpecification\",\"valueRequired\":true,\"valueName\":\"search_term_string\"}}],\"inLanguage\":\"ca-ES\"},{\"@type\":\"Organization\",\"@id\":\"https:\\\/\\\/raed.academy\\\/ca\\\/#organization\",\"name\":\"Real Academia Europea de Doctores\",\"url\":\"https:\\\/\\\/raed.academy\\\/ca\\\/\",\"logo\":{\"@type\":\"ImageObject\",\"inLanguage\":\"ca-ES\",\"@id\":\"https:\\\/\\\/raed.academy\\\/ca\\\/#\\\/schema\\\/logo\\\/image\\\/\",\"url\":\"https:\\\/\\\/raed.academy\\\/wp-content\\\/uploads\\\/2017\\\/01\\\/cropped-logo_raed.png\",\"contentUrl\":\"https:\\\/\\\/raed.academy\\\/wp-content\\\/uploads\\\/2017\\\/01\\\/cropped-logo_raed.png\",\"width\":512,\"height\":512,\"caption\":\"Real Academia Europea de Doctores\"},\"image\":{\"@id\":\"https:\\\/\\\/raed.academy\\\/ca\\\/#\\\/schema\\\/logo\\\/image\\\/\"},\"sameAs\":[\"http:\\\/\\\/fb.me\\\/raed.academy\",\"https:\\\/\\\/x.com\\\/raedacademy\",\"https:\\\/\\\/www.instagram.com\\\/raed.academy\\\/\",\"https:\\\/\\\/www.youtube.com\\\/channel\\\/UCUYQwW2KrdirNWihxMDObwg\"]},{\"@type\":\"Person\",\"@id\":\"https:\\\/\\\/raed.academy\\\/ca\\\/#\\\/schema\\\/person\\\/5a755da80d1d979fd66ba745c8702927\",\"name\":\"RAED\",\"image\":{\"@type\":\"ImageObject\",\"inLanguage\":\"ca-ES\",\"@id\":\"https:\\\/\\\/secure.gravatar.com\\\/avatar\\\/19fdfdc0d67fb9c45714b703a2ac82251c4fcea3637f002ac3c9b74c0183583c?s=96&d=mm&r=g\",\"url\":\"https:\\\/\\\/secure.gravatar.com\\\/avatar\\\/19fdfdc0d67fb9c45714b703a2ac82251c4fcea3637f002ac3c9b74c0183583c?s=96&d=mm&r=g\",\"contentUrl\":\"https:\\\/\\\/secure.gravatar.com\\\/avatar\\\/19fdfdc0d67fb9c45714b703a2ac82251c4fcea3637f002ac3c9b74c0183583c?s=96&d=mm&r=g\",\"caption\":\"RAED\"}}]}<\/script>\n<!-- \/ Yoast SEO plugin. -->","yoast_head_json":{"title":"El potencial transformador de la societat civil davant dels reptes de la recuperaci\u00f3 - Reial Acad\u00e8mia Europea de Doctors","description":"Aldo Olcese proposa donar veu a les institucions a la societat civil i planteja propostes oportunes devant dels actuals reptes que afronta Espanya","robots":{"index":"index","follow":"follow","max-snippet":"max-snippet:-1","max-image-preview":"max-image-preview:large","max-video-preview":"max-video-preview:-1"},"canonical":"https:\/\/raed.academy\/ca\/el-potencial-transformador-de-la-societat-civil-davant-dels-reptes-de-la-recuperacio\/","og_locale":"ca_ES","og_type":"article","og_title":"El potencial transformador de la societat civil davant dels reptes de la recuperaci\u00f3 - Reial Acad\u00e8mia Europea de Doctors","og_description":"Aldo Olcese proposa donar veu a les institucions a la societat civil i planteja propostes oportunes devant dels actuals reptes que afronta Espanya","og_url":"https:\/\/raed.academy\/ca\/el-potencial-transformador-de-la-societat-civil-davant-dels-reptes-de-la-recuperacio\/","og_site_name":"Reial Acad\u00e8mia Europea de Doctors","article_publisher":"http:\/\/fb.me\/raed.academy","article_published_time":"2021-10-14T17:49:56+00:00","article_modified_time":"2021-10-15T09:03:00+00:00","og_image":[{"width":768,"height":512,"url":"https:\/\/raed.academy\/wp-content\/uploads\/2021\/09\/II-Congreso-de-la-Sociedad-Civil-Relanzar-Espana-4.webp","type":"image\/webp"}],"author":"RAED","twitter_card":"summary_large_image","twitter_creator":"@raedacademy","twitter_site":"@raedacademy","twitter_misc":{"Written by":"RAED","Est. reading time":"3 minutes"},"schema":{"@context":"https:\/\/schema.org","@graph":[{"@type":"Article","@id":"https:\/\/raed.academy\/ca\/el-potencial-transformador-de-la-societat-civil-davant-dels-reptes-de-la-recuperacio\/#article","isPartOf":{"@id":"https:\/\/raed.academy\/ca\/el-potencial-transformador-de-la-societat-civil-davant-dels-reptes-de-la-recuperacio\/"},"author":{"name":"RAED","@id":"https:\/\/raed.academy\/ca\/#\/schema\/person\/5a755da80d1d979fd66ba745c8702927"},"headline":"El potencial transformador de la societat civil davant dels reptes de la recuperaci\u00f3","datePublished":"2021-10-14T17:49:56+00:00","dateModified":"2021-10-15T09:03:00+00:00","mainEntityOfPage":{"@id":"https:\/\/raed.academy\/ca\/el-potencial-transformador-de-la-societat-civil-davant-dels-reptes-de-la-recuperacio\/"},"wordCount":678,"publisher":{"@id":"https:\/\/raed.academy\/ca\/#organization"},"image":{"@id":"https:\/\/raed.academy\/ca\/el-potencial-transformador-de-la-societat-civil-davant-dels-reptes-de-la-recuperacio\/#primaryimage"},"thumbnailUrl":"https:\/\/raed.academy\/wp-content\/uploads\/2021\/09\/II-Congreso-de-la-Sociedad-Civil-Relanzar-Espana-4.webp","articleSection":["Economia i pol\u00edtica"],"inLanguage":"ca-ES"},{"@type":"WebPage","@id":"https:\/\/raed.academy\/ca\/el-potencial-transformador-de-la-societat-civil-davant-dels-reptes-de-la-recuperacio\/","url":"https:\/\/raed.academy\/ca\/el-potencial-transformador-de-la-societat-civil-davant-dels-reptes-de-la-recuperacio\/","name":"El potencial transformador de la societat civil davant dels reptes de la recuperaci\u00f3 - Reial Acad\u00e8mia Europea de Doctors","isPartOf":{"@id":"https:\/\/raed.academy\/ca\/#website"},"primaryImageOfPage":{"@id":"https:\/\/raed.academy\/ca\/el-potencial-transformador-de-la-societat-civil-davant-dels-reptes-de-la-recuperacio\/#primaryimage"},"image":{"@id":"https:\/\/raed.academy\/ca\/el-potencial-transformador-de-la-societat-civil-davant-dels-reptes-de-la-recuperacio\/#primaryimage"},"thumbnailUrl":"https:\/\/raed.academy\/wp-content\/uploads\/2021\/09\/II-Congreso-de-la-Sociedad-Civil-Relanzar-Espana-4.webp","datePublished":"2021-10-14T17:49:56+00:00","dateModified":"2021-10-15T09:03:00+00:00","description":"Aldo Olcese proposa donar veu a les institucions a la societat civil i planteja propostes oportunes devant dels actuals reptes que afronta Espanya","breadcrumb":{"@id":"https:\/\/raed.academy\/ca\/el-potencial-transformador-de-la-societat-civil-davant-dels-reptes-de-la-recuperacio\/#breadcrumb"},"inLanguage":"ca-ES","potentialAction":[{"@type":"ReadAction","target":["https:\/\/raed.academy\/ca\/el-potencial-transformador-de-la-societat-civil-davant-dels-reptes-de-la-recuperacio\/"]}]},{"@type":"ImageObject","inLanguage":"ca-ES","@id":"https:\/\/raed.academy\/ca\/el-potencial-transformador-de-la-societat-civil-davant-dels-reptes-de-la-recuperacio\/#primaryimage","url":"https:\/\/raed.academy\/wp-content\/uploads\/2021\/09\/II-Congreso-de-la-Sociedad-Civil-Relanzar-Espana-4.webp","contentUrl":"https:\/\/raed.academy\/wp-content\/uploads\/2021\/09\/II-Congreso-de-la-Sociedad-Civil-Relanzar-Espana-4.webp","width":768,"height":512,"caption":"II Congreso de la Sociedad Civil, celebrado bajo el lema \"Relanzar Espa\u00f1a\""},{"@type":"BreadcrumbList","@id":"https:\/\/raed.academy\/ca\/el-potencial-transformador-de-la-societat-civil-davant-dels-reptes-de-la-recuperacio\/#breadcrumb","itemListElement":[{"@type":"ListItem","position":1,"name":"Inicio","item":"https:\/\/raed.academy\/ca\/"},{"@type":"ListItem","position":2,"name":"El potencial transformador de la societat civil davant dels reptes de la recuperaci\u00f3"}]},{"@type":"WebSite","@id":"https:\/\/raed.academy\/ca\/#website","url":"https:\/\/raed.academy\/ca\/","name":"Reial Acad\u00e8mia Europea de Doctors","description":"Corporaci\u00f3n de derecho p\u00fablico de car\u00e1cter cient\u00edfico, t\u00e9cnico y art\u00edstico, que tiene por objeto la investigaci\u00f3n, el estudio, el fomento y la extensi\u00f3n del conocimiento en su sentido m\u00e1s amplio","publisher":{"@id":"https:\/\/raed.academy\/ca\/#organization"},"potentialAction":[{"@type":"SearchAction","target":{"@type":"EntryPoint","urlTemplate":"https:\/\/raed.academy\/ca\/?s={search_term_string}"},"query-input":{"@type":"PropertyValueSpecification","valueRequired":true,"valueName":"search_term_string"}}],"inLanguage":"ca-ES"},{"@type":"Organization","@id":"https:\/\/raed.academy\/ca\/#organization","name":"Real Academia Europea de Doctores","url":"https:\/\/raed.academy\/ca\/","logo":{"@type":"ImageObject","inLanguage":"ca-ES","@id":"https:\/\/raed.academy\/ca\/#\/schema\/logo\/image\/","url":"https:\/\/raed.academy\/wp-content\/uploads\/2017\/01\/cropped-logo_raed.png","contentUrl":"https:\/\/raed.academy\/wp-content\/uploads\/2017\/01\/cropped-logo_raed.png","width":512,"height":512,"caption":"Real Academia Europea de Doctores"},"image":{"@id":"https:\/\/raed.academy\/ca\/#\/schema\/logo\/image\/"},"sameAs":["http:\/\/fb.me\/raed.academy","https:\/\/x.com\/raedacademy","https:\/\/www.instagram.com\/raed.academy\/","https:\/\/www.youtube.com\/channel\/UCUYQwW2KrdirNWihxMDObwg"]},{"@type":"Person","@id":"https:\/\/raed.academy\/ca\/#\/schema\/person\/5a755da80d1d979fd66ba745c8702927","name":"RAED","image":{"@type":"ImageObject","inLanguage":"ca-ES","@id":"https:\/\/secure.gravatar.com\/avatar\/19fdfdc0d67fb9c45714b703a2ac82251c4fcea3637f002ac3c9b74c0183583c?s=96&d=mm&r=g","url":"https:\/\/secure.gravatar.com\/avatar\/19fdfdc0d67fb9c45714b703a2ac82251c4fcea3637f002ac3c9b74c0183583c?s=96&d=mm&r=g","contentUrl":"https:\/\/secure.gravatar.com\/avatar\/19fdfdc0d67fb9c45714b703a2ac82251c4fcea3637f002ac3c9b74c0183583c?s=96&d=mm&r=g","caption":"RAED"}}]}},"_links":{"self":[{"href":"https:\/\/raed.academy\/ca\/wp-json\/wp\/v2\/posts\/107056","targetHints":{"allow":["GET"]}}],"collection":[{"href":"https:\/\/raed.academy\/ca\/wp-json\/wp\/v2\/posts"}],"about":[{"href":"https:\/\/raed.academy\/ca\/wp-json\/wp\/v2\/types\/post"}],"author":[{"embeddable":true,"href":"https:\/\/raed.academy\/ca\/wp-json\/wp\/v2\/users\/12"}],"replies":[{"embeddable":true,"href":"https:\/\/raed.academy\/ca\/wp-json\/wp\/v2\/comments?post=107056"}],"version-history":[{"count":0,"href":"https:\/\/raed.academy\/ca\/wp-json\/wp\/v2\/posts\/107056\/revisions"}],"wp:featuredmedia":[{"embeddable":true,"href":"https:\/\/raed.academy\/ca\/wp-json\/wp\/v2\/media\/106380"}],"wp:attachment":[{"href":"https:\/\/raed.academy\/ca\/wp-json\/wp\/v2\/media?parent=107056"}],"wp:term":[{"taxonomy":"category","embeddable":true,"href":"https:\/\/raed.academy\/ca\/wp-json\/wp\/v2\/categories?post=107056"},{"taxonomy":"post_tag","embeddable":true,"href":"https:\/\/raed.academy\/ca\/wp-json\/wp\/v2\/tags?post=107056"}],"curies":[{"name":"wp","href":"https:\/\/api.w.org\/{rel}","templated":true}]}}