{"id":107051,"date":"2021-10-14T17:41:48","date_gmt":"2021-10-14T17:41:48","guid":{"rendered":"https:\/\/raed.academy\/?p=107051"},"modified":"2021-10-14T17:55:29","modified_gmt":"2021-10-14T17:55:29","slug":"premi-a-la-defensa-dels-valors-constitucionals-i-de-lestat-de-dret","status":"publish","type":"post","link":"https:\/\/raed.academy\/ca\/premi-a-la-defensa-dels-valors-constitucionals-i-de-lestat-de-dret\/","title":{"rendered":"Premi a la defensa dels valors constitucionals i de l&#8217;Estat de Dret"},"content":{"rendered":"<p><a href=\"https:\/\/raed.academy\/ca\/academics\/dra-teresa-freixes-sanjuan\/\" target=\"_blank\" rel=\"noopener\"><strong><em>Teresa Freixes<\/em><\/strong><\/a><br \/>\n<em>Catedr\u00e0tica Jean Monnet ad personam, presidenta de Citizens Pro Europe i acad\u00e8mica de n\u00famero i vice-presidenta de la Reial Acad\u00e8mia Europea de Doctors-Barcelona 1914 (RAED)<\/em><\/p>\n<p><img loading=\"lazy\" decoding=\"async\" class=\"alignright size-full wp-image-107026\" src=\"https:\/\/raed.academy\/wp-content\/uploads\/2021\/10\/Premio-Munoz-Torrero.webp\" sizes=\"(max-width: 483px) 100vw, 483px\" srcset=\"https:\/\/raed.academy\/wp-content\/uploads\/2021\/10\/Premio-Munoz-Torrero.webp 483w, https:\/\/raed.academy\/wp-content\/uploads\/2021\/10\/Premio-Munoz-Torrero-440x264.webp 440w\" alt=\"\" width=\"483\" height=\"290\" \/><a href=\"https:\/\/raed.academy\/ca\/academics\/dra-teresa-freixes-sanjuan\/\" target=\"_blank\" rel=\"noopener\"><strong><em>Teresa Freixes<\/em><\/strong><\/a>, catedr\u00e0tica Jean Monnet ad personam, presidenta de <strong>Citizens Pro Europe<\/strong> i acad\u00e8mica de n\u00famero i vice-presidenta de la <strong>Reial Acad\u00e8mia Europea de Doctors-Barcelona 1914<\/strong> (RAED), va recollir el passat 24 de setembre durant una cerim\u00f2nia que es va celebrar al <strong>Centre Cultural Vicente Serrano Naharro<\/strong>, al municipi de Cabeza del Buey (Badajoz), el primer <strong>Premi Mu\u00f1oz-Torrero<\/strong>, concedit per la<strong> Fundaci\u00f3 Mu\u00f1oz-Torrero<\/strong>. El guard\u00f3 li havia estat concedit el febrer del 2020, per\u00f2 les restriccions de la pand\u00e8mia havien fet impossible fins ara el seu lliurament presencial.<\/p>\n<p>El jurat va considerar &#8220;els seus destacats serveis a favor dels valors constitucionals i la seva defensa de l&#8217;Estat de Dret&#8221; i li va concedir el reconeixement &#8220;en representaci\u00f3 de tota la societat catalana que defensa la unitat d&#8217;Espanya i promulga el manteniment de l&#8217;Estat de Dret i l&#8217;ordre constitucional a Catalunya&#8221;. El guard\u00f3 est\u00e0 patrocinat per l&#8217;<strong>Assemblea d&#8217;Extremadura<\/strong> amb la col\u00b7laboraci\u00f3 de la <strong>Conselleria de Cultura<\/strong> de la<strong> Junta d&#8217;Extremadura<\/strong>, la <strong>Diputaci\u00f3 de Badajoz<\/strong> i els mateixos patrons privats de la fundaci\u00f3.<\/p>\n<p>L&#8217;acte va estar encap\u00e7alat pel president de la Junta d&#8217;Extremadura, <strong>Guillermo Fern\u00e1ndez Vara<\/strong>, que va destacar el comprom\u00eds, el treball i el discurs de la catedr\u00e0tica de Dret, primera a recollir aquest reconeixement. Aix\u00ed mateix va evocar la figura de <strong>Diego Mu\u00f1oz-Torrero y Ram\u00edrez-Moyano<\/strong>, un dels pares de la <strong>Constituci\u00f3<\/strong> del 1812 i diputat a les <strong>Corts<\/strong>. Al costat d&#8217;un altre diputat extremeny il\u00b7lustre, <strong>Manuel Mateo Luj\u00e1n y Ruiz<\/strong>, va fer possible els decrets que van regular la llibertat d&#8217;impremta o el decret sobre la sobirania nacional d&#8217;Espanya. Tamb\u00e9 van ser presents en la cerim\u00f2nia el president de Senat, <strong>Ander Gil<\/strong>; el president de la Diputaci\u00f3 de Badajoz, <strong>Miguel \u00c1ngel Gallardo<\/strong>, o el president del <strong>Partit Popular<\/strong> d&#8217;Extremadura, <strong>Jos\u00e9 Antonio Monago<\/strong>, entre altres destacades personalitats.<\/p>\n<p><strong>Teresa Freixes<\/strong>, per la seva banda, va assegurar estar emocionada per rebre un guard\u00f3 &#8220;molt important en temps dif\u00edcils de defensa de l&#8217;ordre constitucional i de la vinculaci\u00f3 amb Europa. Rebre aquest premi \u00e9s realment una cosa que reconforta molt&#8221;, va assenyalar. L&#8217;acad\u00e8mica va explicar els forts vincles que ha establert amb Extremadura, sobretot amb <strong>Reial Acad\u00e8mia Europea i Iberoamericana de Yuste<\/strong> gr\u00e0cies a la seva participaci\u00f3 en el <strong>Campus Yuste<\/strong>, i amb la <strong>Universitat d&#8217;Extremadura<\/strong>.<\/p>\n","protected":false},"excerpt":{"rendered":"<p>Teresa Freixes va recollir el passat 24 de setembre el primer Premi Mu\u00f1oz-Torrero, concedit per la Fundaci\u00f3 Mu\u00f1oz-Torrero<\/p>\n","protected":false},"author":12,"featured_media":107027,"comment_status":"closed","ping_status":"closed","sticky":false,"template":"","format":"standard","meta":{"_et_pb_use_builder":"","_et_pb_old_content":"","_et_gb_content_width":"","footnotes":""},"categories":[350,225,168],"tags":[],"class_list":["post-107051","post","type-post","status-publish","format-standard","has-post-thumbnail","hentry","category-ciencies-politiques","category-dret","category-premis-distincions-i-nomenaments","et-has-post-format-content","et_post_format-et-post-format-standard"],"yoast_head":"<!-- This site is optimized with the Yoast SEO plugin v27.4 - https:\/\/yoast.com\/product\/yoast-seo-wordpress\/ -->\n<title>Premi a la defensa dels valors constitucionals i de l&#039;Estat de Dret - Reial Acad\u00e8mia Europea de Doctors<\/title>\n<meta name=\"description\" content=\"Teresa Freixes va recollir el passat 24 de setembre el primer Premi Mu\u00f1oz-Torrero, concedit per la Fundaci\u00f3 Mu\u00f1oz-Torrero\" \/>\n<meta name=\"robots\" content=\"index, follow, max-snippet:-1, max-image-preview:large, max-video-preview:-1\" \/>\n<link rel=\"canonical\" href=\"https:\/\/raed.academy\/ca\/premi-a-la-defensa-dels-valors-constitucionals-i-de-lestat-de-dret\/\" \/>\n<meta property=\"og:locale\" content=\"ca_ES\" \/>\n<meta property=\"og:type\" content=\"article\" \/>\n<meta property=\"og:title\" content=\"Premi a la defensa dels valors constitucionals i de l&#039;Estat de Dret - Reial Acad\u00e8mia Europea de Doctors\" \/>\n<meta property=\"og:description\" content=\"Teresa Freixes va recollir el passat 24 de setembre el primer Premi Mu\u00f1oz-Torrero, concedit per la Fundaci\u00f3 Mu\u00f1oz-Torrero\" \/>\n<meta property=\"og:url\" content=\"https:\/\/raed.academy\/ca\/premi-a-la-defensa-dels-valors-constitucionals-i-de-lestat-de-dret\/\" \/>\n<meta property=\"og:site_name\" content=\"Reial Acad\u00e8mia Europea de Doctors\" \/>\n<meta property=\"article:publisher\" content=\"http:\/\/fb.me\/raed.academy\" \/>\n<meta property=\"article:published_time\" content=\"2021-10-14T17:41:48+00:00\" \/>\n<meta property=\"article:modified_time\" content=\"2021-10-14T17:55:29+00:00\" \/>\n<meta property=\"og:image\" content=\"https:\/\/raed.academy\/wp-content\/uploads\/2021\/10\/Premio-Munoz-Torrero.webp\" \/>\n\t<meta property=\"og:image:width\" content=\"483\" \/>\n\t<meta property=\"og:image:height\" content=\"290\" \/>\n\t<meta property=\"og:image:type\" content=\"image\/webp\" \/>\n<meta name=\"author\" content=\"RAED\" \/>\n<meta name=\"twitter:card\" content=\"summary_large_image\" \/>\n<meta name=\"twitter:creator\" content=\"@raedacademy\" \/>\n<meta name=\"twitter:site\" content=\"@raedacademy\" \/>\n<meta name=\"twitter:label1\" content=\"Written by\" \/>\n\t<meta name=\"twitter:data1\" content=\"RAED\" \/>\n\t<meta name=\"twitter:label2\" content=\"Est. reading time\" \/>\n\t<meta name=\"twitter:data2\" content=\"2 minutes\" \/>\n<script type=\"application\/ld+json\" class=\"yoast-schema-graph\">{\"@context\":\"https:\\\/\\\/schema.org\",\"@graph\":[{\"@type\":\"Article\",\"@id\":\"https:\\\/\\\/raed.academy\\\/ca\\\/premi-a-la-defensa-dels-valors-constitucionals-i-de-lestat-de-dret\\\/#article\",\"isPartOf\":{\"@id\":\"https:\\\/\\\/raed.academy\\\/ca\\\/premi-a-la-defensa-dels-valors-constitucionals-i-de-lestat-de-dret\\\/\"},\"author\":{\"name\":\"RAED\",\"@id\":\"https:\\\/\\\/raed.academy\\\/ca\\\/#\\\/schema\\\/person\\\/5a755da80d1d979fd66ba745c8702927\"},\"headline\":\"Premi a la defensa dels valors constitucionals i de l&#8217;Estat de Dret\",\"datePublished\":\"2021-10-14T17:41:48+00:00\",\"dateModified\":\"2021-10-14T17:55:29+00:00\",\"mainEntityOfPage\":{\"@id\":\"https:\\\/\\\/raed.academy\\\/ca\\\/premi-a-la-defensa-dels-valors-constitucionals-i-de-lestat-de-dret\\\/\"},\"wordCount\":449,\"publisher\":{\"@id\":\"https:\\\/\\\/raed.academy\\\/ca\\\/#organization\"},\"image\":{\"@id\":\"https:\\\/\\\/raed.academy\\\/ca\\\/premi-a-la-defensa-dels-valors-constitucionals-i-de-lestat-de-dret\\\/#primaryimage\"},\"thumbnailUrl\":\"https:\\\/\\\/raed.academy\\\/wp-content\\\/uploads\\\/2021\\\/10\\\/Premio-Munoz-Torrero.webp\",\"articleSection\":[\"Ci\u00e8ncies pol\u00edtiques\",\"Dret\",\"Premis, distincions i nomenaments\"],\"inLanguage\":\"ca-ES\"},{\"@type\":\"WebPage\",\"@id\":\"https:\\\/\\\/raed.academy\\\/ca\\\/premi-a-la-defensa-dels-valors-constitucionals-i-de-lestat-de-dret\\\/\",\"url\":\"https:\\\/\\\/raed.academy\\\/ca\\\/premi-a-la-defensa-dels-valors-constitucionals-i-de-lestat-de-dret\\\/\",\"name\":\"Premi a la defensa dels valors constitucionals i de l'Estat de Dret - Reial Acad\u00e8mia Europea de Doctors\",\"isPartOf\":{\"@id\":\"https:\\\/\\\/raed.academy\\\/ca\\\/#website\"},\"primaryImageOfPage\":{\"@id\":\"https:\\\/\\\/raed.academy\\\/ca\\\/premi-a-la-defensa-dels-valors-constitucionals-i-de-lestat-de-dret\\\/#primaryimage\"},\"image\":{\"@id\":\"https:\\\/\\\/raed.academy\\\/ca\\\/premi-a-la-defensa-dels-valors-constitucionals-i-de-lestat-de-dret\\\/#primaryimage\"},\"thumbnailUrl\":\"https:\\\/\\\/raed.academy\\\/wp-content\\\/uploads\\\/2021\\\/10\\\/Premio-Munoz-Torrero.webp\",\"datePublished\":\"2021-10-14T17:41:48+00:00\",\"dateModified\":\"2021-10-14T17:55:29+00:00\",\"description\":\"Teresa Freixes va recollir el passat 24 de setembre el primer Premi Mu\u00f1oz-Torrero, concedit per la Fundaci\u00f3 Mu\u00f1oz-Torrero\",\"breadcrumb\":{\"@id\":\"https:\\\/\\\/raed.academy\\\/ca\\\/premi-a-la-defensa-dels-valors-constitucionals-i-de-lestat-de-dret\\\/#breadcrumb\"},\"inLanguage\":\"ca-ES\",\"potentialAction\":[{\"@type\":\"ReadAction\",\"target\":[\"https:\\\/\\\/raed.academy\\\/ca\\\/premi-a-la-defensa-dels-valors-constitucionals-i-de-lestat-de-dret\\\/\"]}]},{\"@type\":\"ImageObject\",\"inLanguage\":\"ca-ES\",\"@id\":\"https:\\\/\\\/raed.academy\\\/ca\\\/premi-a-la-defensa-dels-valors-constitucionals-i-de-lestat-de-dret\\\/#primaryimage\",\"url\":\"https:\\\/\\\/raed.academy\\\/wp-content\\\/uploads\\\/2021\\\/10\\\/Premio-Munoz-Torrero.webp\",\"contentUrl\":\"https:\\\/\\\/raed.academy\\\/wp-content\\\/uploads\\\/2021\\\/10\\\/Premio-Munoz-Torrero.webp\",\"width\":483,\"height\":290},{\"@type\":\"BreadcrumbList\",\"@id\":\"https:\\\/\\\/raed.academy\\\/ca\\\/premi-a-la-defensa-dels-valors-constitucionals-i-de-lestat-de-dret\\\/#breadcrumb\",\"itemListElement\":[{\"@type\":\"ListItem\",\"position\":1,\"name\":\"Inicio\",\"item\":\"https:\\\/\\\/raed.academy\\\/ca\\\/\"},{\"@type\":\"ListItem\",\"position\":2,\"name\":\"Premi a la defensa dels valors constitucionals i de l&#8217;Estat de Dret\"}]},{\"@type\":\"WebSite\",\"@id\":\"https:\\\/\\\/raed.academy\\\/ca\\\/#website\",\"url\":\"https:\\\/\\\/raed.academy\\\/ca\\\/\",\"name\":\"Reial Acad\u00e8mia Europea de Doctors\",\"description\":\"Corporaci\u00f3n de derecho p\u00fablico de car\u00e1cter cient\u00edfico, t\u00e9cnico y art\u00edstico, que tiene por objeto la investigaci\u00f3n, el estudio, el fomento y la extensi\u00f3n del conocimiento en su sentido m\u00e1s amplio\",\"publisher\":{\"@id\":\"https:\\\/\\\/raed.academy\\\/ca\\\/#organization\"},\"potentialAction\":[{\"@type\":\"SearchAction\",\"target\":{\"@type\":\"EntryPoint\",\"urlTemplate\":\"https:\\\/\\\/raed.academy\\\/ca\\\/?s={search_term_string}\"},\"query-input\":{\"@type\":\"PropertyValueSpecification\",\"valueRequired\":true,\"valueName\":\"search_term_string\"}}],\"inLanguage\":\"ca-ES\"},{\"@type\":\"Organization\",\"@id\":\"https:\\\/\\\/raed.academy\\\/ca\\\/#organization\",\"name\":\"Real Academia Europea de Doctores\",\"url\":\"https:\\\/\\\/raed.academy\\\/ca\\\/\",\"logo\":{\"@type\":\"ImageObject\",\"inLanguage\":\"ca-ES\",\"@id\":\"https:\\\/\\\/raed.academy\\\/ca\\\/#\\\/schema\\\/logo\\\/image\\\/\",\"url\":\"https:\\\/\\\/raed.academy\\\/wp-content\\\/uploads\\\/2017\\\/01\\\/cropped-logo_raed.png\",\"contentUrl\":\"https:\\\/\\\/raed.academy\\\/wp-content\\\/uploads\\\/2017\\\/01\\\/cropped-logo_raed.png\",\"width\":512,\"height\":512,\"caption\":\"Real Academia Europea de Doctores\"},\"image\":{\"@id\":\"https:\\\/\\\/raed.academy\\\/ca\\\/#\\\/schema\\\/logo\\\/image\\\/\"},\"sameAs\":[\"http:\\\/\\\/fb.me\\\/raed.academy\",\"https:\\\/\\\/x.com\\\/raedacademy\",\"https:\\\/\\\/www.instagram.com\\\/raed.academy\\\/\",\"https:\\\/\\\/www.youtube.com\\\/channel\\\/UCUYQwW2KrdirNWihxMDObwg\"]},{\"@type\":\"Person\",\"@id\":\"https:\\\/\\\/raed.academy\\\/ca\\\/#\\\/schema\\\/person\\\/5a755da80d1d979fd66ba745c8702927\",\"name\":\"RAED\",\"image\":{\"@type\":\"ImageObject\",\"inLanguage\":\"ca-ES\",\"@id\":\"https:\\\/\\\/secure.gravatar.com\\\/avatar\\\/19fdfdc0d67fb9c45714b703a2ac82251c4fcea3637f002ac3c9b74c0183583c?s=96&d=mm&r=g\",\"url\":\"https:\\\/\\\/secure.gravatar.com\\\/avatar\\\/19fdfdc0d67fb9c45714b703a2ac82251c4fcea3637f002ac3c9b74c0183583c?s=96&d=mm&r=g\",\"contentUrl\":\"https:\\\/\\\/secure.gravatar.com\\\/avatar\\\/19fdfdc0d67fb9c45714b703a2ac82251c4fcea3637f002ac3c9b74c0183583c?s=96&d=mm&r=g\",\"caption\":\"RAED\"}}]}<\/script>\n<!-- \/ Yoast SEO plugin. -->","yoast_head_json":{"title":"Premi a la defensa dels valors constitucionals i de l'Estat de Dret - Reial Acad\u00e8mia Europea de Doctors","description":"Teresa Freixes va recollir el passat 24 de setembre el primer Premi Mu\u00f1oz-Torrero, concedit per la Fundaci\u00f3 Mu\u00f1oz-Torrero","robots":{"index":"index","follow":"follow","max-snippet":"max-snippet:-1","max-image-preview":"max-image-preview:large","max-video-preview":"max-video-preview:-1"},"canonical":"https:\/\/raed.academy\/ca\/premi-a-la-defensa-dels-valors-constitucionals-i-de-lestat-de-dret\/","og_locale":"ca_ES","og_type":"article","og_title":"Premi a la defensa dels valors constitucionals i de l'Estat de Dret - Reial Acad\u00e8mia Europea de Doctors","og_description":"Teresa Freixes va recollir el passat 24 de setembre el primer Premi Mu\u00f1oz-Torrero, concedit per la Fundaci\u00f3 Mu\u00f1oz-Torrero","og_url":"https:\/\/raed.academy\/ca\/premi-a-la-defensa-dels-valors-constitucionals-i-de-lestat-de-dret\/","og_site_name":"Reial Acad\u00e8mia Europea de Doctors","article_publisher":"http:\/\/fb.me\/raed.academy","article_published_time":"2021-10-14T17:41:48+00:00","article_modified_time":"2021-10-14T17:55:29+00:00","og_image":[{"width":483,"height":290,"url":"https:\/\/raed.academy\/wp-content\/uploads\/2021\/10\/Premio-Munoz-Torrero.webp","type":"image\/webp"}],"author":"RAED","twitter_card":"summary_large_image","twitter_creator":"@raedacademy","twitter_site":"@raedacademy","twitter_misc":{"Written by":"RAED","Est. reading time":"2 minutes"},"schema":{"@context":"https:\/\/schema.org","@graph":[{"@type":"Article","@id":"https:\/\/raed.academy\/ca\/premi-a-la-defensa-dels-valors-constitucionals-i-de-lestat-de-dret\/#article","isPartOf":{"@id":"https:\/\/raed.academy\/ca\/premi-a-la-defensa-dels-valors-constitucionals-i-de-lestat-de-dret\/"},"author":{"name":"RAED","@id":"https:\/\/raed.academy\/ca\/#\/schema\/person\/5a755da80d1d979fd66ba745c8702927"},"headline":"Premi a la defensa dels valors constitucionals i de l&#8217;Estat de Dret","datePublished":"2021-10-14T17:41:48+00:00","dateModified":"2021-10-14T17:55:29+00:00","mainEntityOfPage":{"@id":"https:\/\/raed.academy\/ca\/premi-a-la-defensa-dels-valors-constitucionals-i-de-lestat-de-dret\/"},"wordCount":449,"publisher":{"@id":"https:\/\/raed.academy\/ca\/#organization"},"image":{"@id":"https:\/\/raed.academy\/ca\/premi-a-la-defensa-dels-valors-constitucionals-i-de-lestat-de-dret\/#primaryimage"},"thumbnailUrl":"https:\/\/raed.academy\/wp-content\/uploads\/2021\/10\/Premio-Munoz-Torrero.webp","articleSection":["Ci\u00e8ncies pol\u00edtiques","Dret","Premis, distincions i nomenaments"],"inLanguage":"ca-ES"},{"@type":"WebPage","@id":"https:\/\/raed.academy\/ca\/premi-a-la-defensa-dels-valors-constitucionals-i-de-lestat-de-dret\/","url":"https:\/\/raed.academy\/ca\/premi-a-la-defensa-dels-valors-constitucionals-i-de-lestat-de-dret\/","name":"Premi a la defensa dels valors constitucionals i de l'Estat de Dret - Reial Acad\u00e8mia Europea de Doctors","isPartOf":{"@id":"https:\/\/raed.academy\/ca\/#website"},"primaryImageOfPage":{"@id":"https:\/\/raed.academy\/ca\/premi-a-la-defensa-dels-valors-constitucionals-i-de-lestat-de-dret\/#primaryimage"},"image":{"@id":"https:\/\/raed.academy\/ca\/premi-a-la-defensa-dels-valors-constitucionals-i-de-lestat-de-dret\/#primaryimage"},"thumbnailUrl":"https:\/\/raed.academy\/wp-content\/uploads\/2021\/10\/Premio-Munoz-Torrero.webp","datePublished":"2021-10-14T17:41:48+00:00","dateModified":"2021-10-14T17:55:29+00:00","description":"Teresa Freixes va recollir el passat 24 de setembre el primer Premi Mu\u00f1oz-Torrero, concedit per la Fundaci\u00f3 Mu\u00f1oz-Torrero","breadcrumb":{"@id":"https:\/\/raed.academy\/ca\/premi-a-la-defensa-dels-valors-constitucionals-i-de-lestat-de-dret\/#breadcrumb"},"inLanguage":"ca-ES","potentialAction":[{"@type":"ReadAction","target":["https:\/\/raed.academy\/ca\/premi-a-la-defensa-dels-valors-constitucionals-i-de-lestat-de-dret\/"]}]},{"@type":"ImageObject","inLanguage":"ca-ES","@id":"https:\/\/raed.academy\/ca\/premi-a-la-defensa-dels-valors-constitucionals-i-de-lestat-de-dret\/#primaryimage","url":"https:\/\/raed.academy\/wp-content\/uploads\/2021\/10\/Premio-Munoz-Torrero.webp","contentUrl":"https:\/\/raed.academy\/wp-content\/uploads\/2021\/10\/Premio-Munoz-Torrero.webp","width":483,"height":290},{"@type":"BreadcrumbList","@id":"https:\/\/raed.academy\/ca\/premi-a-la-defensa-dels-valors-constitucionals-i-de-lestat-de-dret\/#breadcrumb","itemListElement":[{"@type":"ListItem","position":1,"name":"Inicio","item":"https:\/\/raed.academy\/ca\/"},{"@type":"ListItem","position":2,"name":"Premi a la defensa dels valors constitucionals i de l&#8217;Estat de Dret"}]},{"@type":"WebSite","@id":"https:\/\/raed.academy\/ca\/#website","url":"https:\/\/raed.academy\/ca\/","name":"Reial Acad\u00e8mia Europea de Doctors","description":"Corporaci\u00f3n de derecho p\u00fablico de car\u00e1cter cient\u00edfico, t\u00e9cnico y art\u00edstico, que tiene por objeto la investigaci\u00f3n, el estudio, el fomento y la extensi\u00f3n del conocimiento en su sentido m\u00e1s amplio","publisher":{"@id":"https:\/\/raed.academy\/ca\/#organization"},"potentialAction":[{"@type":"SearchAction","target":{"@type":"EntryPoint","urlTemplate":"https:\/\/raed.academy\/ca\/?s={search_term_string}"},"query-input":{"@type":"PropertyValueSpecification","valueRequired":true,"valueName":"search_term_string"}}],"inLanguage":"ca-ES"},{"@type":"Organization","@id":"https:\/\/raed.academy\/ca\/#organization","name":"Real Academia Europea de Doctores","url":"https:\/\/raed.academy\/ca\/","logo":{"@type":"ImageObject","inLanguage":"ca-ES","@id":"https:\/\/raed.academy\/ca\/#\/schema\/logo\/image\/","url":"https:\/\/raed.academy\/wp-content\/uploads\/2017\/01\/cropped-logo_raed.png","contentUrl":"https:\/\/raed.academy\/wp-content\/uploads\/2017\/01\/cropped-logo_raed.png","width":512,"height":512,"caption":"Real Academia Europea de Doctores"},"image":{"@id":"https:\/\/raed.academy\/ca\/#\/schema\/logo\/image\/"},"sameAs":["http:\/\/fb.me\/raed.academy","https:\/\/x.com\/raedacademy","https:\/\/www.instagram.com\/raed.academy\/","https:\/\/www.youtube.com\/channel\/UCUYQwW2KrdirNWihxMDObwg"]},{"@type":"Person","@id":"https:\/\/raed.academy\/ca\/#\/schema\/person\/5a755da80d1d979fd66ba745c8702927","name":"RAED","image":{"@type":"ImageObject","inLanguage":"ca-ES","@id":"https:\/\/secure.gravatar.com\/avatar\/19fdfdc0d67fb9c45714b703a2ac82251c4fcea3637f002ac3c9b74c0183583c?s=96&d=mm&r=g","url":"https:\/\/secure.gravatar.com\/avatar\/19fdfdc0d67fb9c45714b703a2ac82251c4fcea3637f002ac3c9b74c0183583c?s=96&d=mm&r=g","contentUrl":"https:\/\/secure.gravatar.com\/avatar\/19fdfdc0d67fb9c45714b703a2ac82251c4fcea3637f002ac3c9b74c0183583c?s=96&d=mm&r=g","caption":"RAED"}}]}},"_links":{"self":[{"href":"https:\/\/raed.academy\/ca\/wp-json\/wp\/v2\/posts\/107051","targetHints":{"allow":["GET"]}}],"collection":[{"href":"https:\/\/raed.academy\/ca\/wp-json\/wp\/v2\/posts"}],"about":[{"href":"https:\/\/raed.academy\/ca\/wp-json\/wp\/v2\/types\/post"}],"author":[{"embeddable":true,"href":"https:\/\/raed.academy\/ca\/wp-json\/wp\/v2\/users\/12"}],"replies":[{"embeddable":true,"href":"https:\/\/raed.academy\/ca\/wp-json\/wp\/v2\/comments?post=107051"}],"version-history":[{"count":0,"href":"https:\/\/raed.academy\/ca\/wp-json\/wp\/v2\/posts\/107051\/revisions"}],"wp:featuredmedia":[{"embeddable":true,"href":"https:\/\/raed.academy\/ca\/wp-json\/wp\/v2\/media\/107027"}],"wp:attachment":[{"href":"https:\/\/raed.academy\/ca\/wp-json\/wp\/v2\/media?parent=107051"}],"wp:term":[{"taxonomy":"category","embeddable":true,"href":"https:\/\/raed.academy\/ca\/wp-json\/wp\/v2\/categories?post=107051"},{"taxonomy":"post_tag","embeddable":true,"href":"https:\/\/raed.academy\/ca\/wp-json\/wp\/v2\/tags?post=107051"}],"curies":[{"name":"wp","href":"https:\/\/api.w.org\/{rel}","templated":true}]}}