{"id":106995,"date":"2021-10-14T12:09:39","date_gmt":"2021-10-14T12:09:39","guid":{"rendered":"https:\/\/raed.academy\/?p=106995"},"modified":"2021-10-14T16:33:40","modified_gmt":"2021-10-14T16:33:40","slug":"lideratge-femeni-per-construir-un-futur-millor","status":"publish","type":"post","link":"https:\/\/raed.academy\/ca\/lideratge-femeni-per-construir-un-futur-millor\/","title":{"rendered":"Lideratge femen\u00ed per construir un futur millor"},"content":{"rendered":"<p><a href=\"https:\/\/raed.academy\/ca\/academics\/dra-rosalia-arteaga-serrano\/\" target=\"_blank\" rel=\"noopener\"><strong><em>Rosal\u00eda Arteaga<\/em><\/strong><\/a><br \/>\n<em>Ex-presidenta i ex-ministra d&#8217;Educaci\u00f3 de l&#8217;Equador, presidenta de la Fundaci\u00f3 per al Desenvolupament d&#8217;Am\u00e8rica Llatina i acad\u00e8mica d&#8217;honor i membre del Senat de la Reial Acad\u00e8mia Europea de Doctors-Barcelona 1914 (RAED)<\/em><\/p>\n<p><a href=\"https:\/\/raed.academy\/ca\/academics\/dra-rosalia-arteaga-serrano\/\" target=\"_blank\" rel=\"noopener\"><strong><em>Rosal\u00eda Arteaga<\/em><\/strong><\/a>, ex-presidenta i ex-ministra d&#8217;Educaci\u00f3 de l&#8217;Equador, presidenta de la <strong>Fundaci\u00f3 per al Desenvolupament d&#8217;Am\u00e8rica Llatina<\/strong>, reconeguda activista per l&#8217;educaci\u00f3 i la inf\u00e0ncia i acad\u00e8mica d&#8217;honor i membre del <strong>Senat<\/strong> de la <strong>Reial Acad\u00e8mia Europea de Doctors-Barcelona 1914<\/strong> (RAED), va participar el passat 27 de setembre a la<strong> III Jornada Dones i Lideratge<\/strong> que es va celebrar a la seu madrilenya de la <strong>Confederaci\u00f3 Espanyola d&#8217;Organitzacions Empresarials<\/strong> (CEOE) sota la direcci\u00f3 de la periodista <strong>Gloria Lomana<\/strong>, presidenta de <strong>50 &amp; 50 Gender Leadership Advisory<\/strong>, i d&#8217;<strong>Antonio Garamendi<\/strong>, president de l&#8217;organitzaci\u00f3 de la patronal.<\/p>\n<p>Com a les seves anteriors edicions, l&#8217;objectiu de la jornada va ser promoure la igualtat, la diversitat i el lideratge humanista des del punt de vista de l&#8217;empresa i les organitzacions. Aquest any es van abordar els reptes de futur que comporten la recuperaci\u00f3 econ\u00f2mica, la innovaci\u00f3, la ci\u00e8ncia i la tecnologia, la transformaci\u00f3 digital, la cohesi\u00f3 social, la transici\u00f3 ecol\u00f2gica, la igualtat i la diversitat o el lideratge sostenible. &#8220;Les dones hem patit m\u00e9s bretxes perqu\u00e8 tenim treballs m\u00e9s precaris, jornades m\u00e9s redu\u00efdes&#8230; I aix\u00f2 \u00e9s el que estem tots cridats a combatre&#8221;, va iniciar <strong>Lomana<\/strong> la presentaci\u00f3 d&#8217;aquestes jornades.<\/p>\n<div id=\"attachment_64676\" style=\"width: 410px\" class=\"wp-caption alignright\"><img loading=\"lazy\" decoding=\"async\" aria-describedby=\"caption-attachment-64676\" class=\"wp-image-64676\" src=\"https:\/\/raed.academy\/wp-content\/uploads\/2019\/01\/Rosalia-Arteaga-Serrano.jpeg\" alt=\"Rosal\u00eda Arteaga Serrano\" width=\"400\" height=\"266\" aria-describedby=\"caption-attachment-64676\" \/><p id=\"caption-attachment-64676\" class=\"wp-caption-text\">Dra. Rosal\u00eda Arteaga<\/p><\/div>\n<p>L&#8217;esdeveniment va comptar amb la participaci\u00f3 de m\u00e9s d&#8217;una trentena de l\u00edders empresarials i pol\u00edtiques com ara <strong>Carmen Alsina<\/strong>, <strong>F\u00e1tima B\u00e1\u00f1ez<\/strong>, <strong>Bel\u00e9n Calcedo<\/strong>, <strong>Leire Paj\u00edn<\/strong> o <strong>Teresa Mill\u00e1n<\/strong>, que formen part del Consell Assessor de 50 &amp; 50 Gender Leadership Advisory. A m\u00e9s d&#8217;elles, en aquesta III Jornada de Dones i Lideratge tamb\u00e9 van participar l\u00edders com <strong>Raquel S\u00e1nchez<\/strong>, ministra de Transports, Mobilitat i Agenda Urbana; <strong>Sandra Garc\u00eda-Sanju\u00e1n<\/strong>, fundadora i presidenta del grup <strong>Starlite<\/strong>; <strong>Laura Ruiz de Galarreta<\/strong>, fundadora de <strong>WomenNow<\/strong>; <strong>Irene Cano<\/strong>, directora general de <strong>Facebook Espa\u00f1a y Portugal<\/strong>; o la periodista <strong>Ana Rosa Quintana<\/strong>.<\/p>\n<p>En la seva intervenci\u00f3, <strong>Arteaga<\/strong> va posar en valor l&#8217;enorme treball que les dones han de fer per arribar a posicions de lideratge. &#8220;Darrere d&#8217;una dona que triomfa hi ha molt d&#8217;esfor\u00e7, potser el doble o el triple, perqu\u00e8 hi ha m\u00e9s jornades com el fet de la maternitat&#8221;, va assenyalar. Tot i que va considerar que no sempre cal triar entre la professi\u00f3 i la fam\u00edlia, es poden tenir totes dues. &#8220;Jo, per exemple, he tingut quatre fills i crec que cal dedicar temps a la fam\u00edlia. De vegades es creu que les dones que estem a les institucions la deixem de costat, per\u00f2 res d&#8217;aix\u00f2. Crec que podem tenir tot, no cal sacrificar&#8221;.<\/p>\n<p>L&#8217;acad\u00e8mica d&#8217;honor de la RAED va explicar la seva experi\u00e8ncia com a ministra i presidenta de l&#8217;Equador i les limitacions i dificultats que va tenir pel simple fet de ser dona, una condici\u00f3 que la va acabar apartant dels seus c\u00e0rrecs, aix\u00ed com la seva frustrada candidatura popular a la <strong>Secretaria General<\/strong> de l&#8217;<strong>Organitzaci\u00f3 de les Nacions Unides<\/strong> (ONU), que no va arribar a formalitzar-se malgrat que la pr\u00f2pia organitzaci\u00f3 preveu aquest tipus d&#8217;iniciatives als seus reglaments. Actualment, <strong>Arteaga<\/strong> \u00e9s la candidata oficial, presentada pel <strong>Govern de l&#8217;Equador<\/strong>, a la <strong>Secretaria General Iberoamericana<\/strong> (Segib), organitzaci\u00f3 creada l&#8217;any 2003 que agrupa els 22 pa\u00efsos que conformen la comunitat iberoamericana.<\/p>\n","protected":false},"excerpt":{"rendered":"<p>Rosal\u00eda Arteaga, expresidenta i exministra d&#8217;Educaci\u00f3 de l&#8217;Equador, participa en la III Jornada Dones i Lideratge que es va celebrar a la seu de la Confederaci\u00f3 Espanyola d&#8217;Organitzacions Empresarials (CEOE)<\/p>\n","protected":false},"author":12,"featured_media":96474,"comment_status":"closed","ping_status":"closed","sticky":false,"template":"","format":"standard","meta":{"_et_pb_use_builder":"","_et_pb_old_content":"","_et_gb_content_width":"","footnotes":""},"categories":[176,350,304],"tags":[],"class_list":["post-106995","post","type-post","status-publish","format-standard","has-post-thumbnail","hentry","category-academics-a-la-societat","category-ciencies-politiques","category-economia-i-politica-ca","et-has-post-format-content","et_post_format-et-post-format-standard"],"yoast_head":"<!-- This site is optimized with the Yoast SEO plugin v27.4 - https:\/\/yoast.com\/product\/yoast-seo-wordpress\/ -->\n<title>Lideratge femen\u00ed per construir un futur millor - Reial Acad\u00e8mia Europea de Doctors<\/title>\n<meta name=\"description\" content=\"Rosal\u00eda Arteaga, expresidenta de l&#039;Equador, participa en la III Jornada Dones i Lideratge que es va celebrar a la seu de la CEOE\" \/>\n<meta name=\"robots\" content=\"index, follow, max-snippet:-1, max-image-preview:large, max-video-preview:-1\" \/>\n<link rel=\"canonical\" href=\"https:\/\/raed.academy\/ca\/lideratge-femeni-per-construir-un-futur-millor\/\" \/>\n<meta property=\"og:locale\" content=\"ca_ES\" \/>\n<meta property=\"og:type\" content=\"article\" \/>\n<meta property=\"og:title\" content=\"Lideratge femen\u00ed per construir un futur millor - Reial Acad\u00e8mia Europea de Doctors\" \/>\n<meta property=\"og:description\" content=\"Rosal\u00eda Arteaga, expresidenta de l&#039;Equador, participa en la III Jornada Dones i Lideratge que es va celebrar a la seu de la CEOE\" \/>\n<meta property=\"og:url\" content=\"https:\/\/raed.academy\/ca\/lideratge-femeni-per-construir-un-futur-millor\/\" \/>\n<meta property=\"og:site_name\" content=\"Reial Acad\u00e8mia Europea de Doctors\" \/>\n<meta property=\"article:publisher\" content=\"http:\/\/fb.me\/raed.academy\" \/>\n<meta property=\"article:published_time\" content=\"2021-10-14T12:09:39+00:00\" \/>\n<meta property=\"article:modified_time\" content=\"2021-10-14T16:33:40+00:00\" \/>\n<meta property=\"og:image\" content=\"https:\/\/raed.academy\/wp-content\/uploads\/2020\/11\/un-simbolo-de-feminismo-dstNtc.jpg\" \/>\n\t<meta property=\"og:image:width\" content=\"400\" \/>\n\t<meta property=\"og:image:height\" content=\"240\" \/>\n\t<meta property=\"og:image:type\" content=\"image\/jpeg\" \/>\n<meta name=\"author\" content=\"RAED\" \/>\n<meta name=\"twitter:card\" content=\"summary_large_image\" \/>\n<meta name=\"twitter:creator\" content=\"@raedacademy\" \/>\n<meta name=\"twitter:site\" content=\"@raedacademy\" \/>\n<meta name=\"twitter:label1\" content=\"Written by\" \/>\n\t<meta name=\"twitter:data1\" content=\"RAED\" \/>\n\t<meta name=\"twitter:label2\" content=\"Est. reading time\" \/>\n\t<meta name=\"twitter:data2\" content=\"3 minutes\" \/>\n<script type=\"application\/ld+json\" class=\"yoast-schema-graph\">{\"@context\":\"https:\\\/\\\/schema.org\",\"@graph\":[{\"@type\":\"Article\",\"@id\":\"https:\\\/\\\/raed.academy\\\/ca\\\/lideratge-femeni-per-construir-un-futur-millor\\\/#article\",\"isPartOf\":{\"@id\":\"https:\\\/\\\/raed.academy\\\/ca\\\/lideratge-femeni-per-construir-un-futur-millor\\\/\"},\"author\":{\"name\":\"RAED\",\"@id\":\"https:\\\/\\\/raed.academy\\\/ca\\\/#\\\/schema\\\/person\\\/5a755da80d1d979fd66ba745c8702927\"},\"headline\":\"Lideratge femen\u00ed per construir un futur millor\",\"datePublished\":\"2021-10-14T12:09:39+00:00\",\"dateModified\":\"2021-10-14T16:33:40+00:00\",\"mainEntityOfPage\":{\"@id\":\"https:\\\/\\\/raed.academy\\\/ca\\\/lideratge-femeni-per-construir-un-futur-millor\\\/\"},\"wordCount\":623,\"publisher\":{\"@id\":\"https:\\\/\\\/raed.academy\\\/ca\\\/#organization\"},\"image\":{\"@id\":\"https:\\\/\\\/raed.academy\\\/ca\\\/lideratge-femeni-per-construir-un-futur-millor\\\/#primaryimage\"},\"thumbnailUrl\":\"https:\\\/\\\/raed.academy\\\/wp-content\\\/uploads\\\/2020\\\/11\\\/un-simbolo-de-feminismo-dstNtc.jpg\",\"articleSection\":[\"Acad\u00e8mics a la societat\",\"Ci\u00e8ncies pol\u00edtiques\",\"Economia i pol\u00edtica\"],\"inLanguage\":\"ca-ES\"},{\"@type\":\"WebPage\",\"@id\":\"https:\\\/\\\/raed.academy\\\/ca\\\/lideratge-femeni-per-construir-un-futur-millor\\\/\",\"url\":\"https:\\\/\\\/raed.academy\\\/ca\\\/lideratge-femeni-per-construir-un-futur-millor\\\/\",\"name\":\"Lideratge femen\u00ed per construir un futur millor - Reial Acad\u00e8mia Europea de Doctors\",\"isPartOf\":{\"@id\":\"https:\\\/\\\/raed.academy\\\/ca\\\/#website\"},\"primaryImageOfPage\":{\"@id\":\"https:\\\/\\\/raed.academy\\\/ca\\\/lideratge-femeni-per-construir-un-futur-millor\\\/#primaryimage\"},\"image\":{\"@id\":\"https:\\\/\\\/raed.academy\\\/ca\\\/lideratge-femeni-per-construir-un-futur-millor\\\/#primaryimage\"},\"thumbnailUrl\":\"https:\\\/\\\/raed.academy\\\/wp-content\\\/uploads\\\/2020\\\/11\\\/un-simbolo-de-feminismo-dstNtc.jpg\",\"datePublished\":\"2021-10-14T12:09:39+00:00\",\"dateModified\":\"2021-10-14T16:33:40+00:00\",\"description\":\"Rosal\u00eda Arteaga, expresidenta de l'Equador, participa en la III Jornada Dones i Lideratge que es va celebrar a la seu de la CEOE\",\"breadcrumb\":{\"@id\":\"https:\\\/\\\/raed.academy\\\/ca\\\/lideratge-femeni-per-construir-un-futur-millor\\\/#breadcrumb\"},\"inLanguage\":\"ca-ES\",\"potentialAction\":[{\"@type\":\"ReadAction\",\"target\":[\"https:\\\/\\\/raed.academy\\\/ca\\\/lideratge-femeni-per-construir-un-futur-millor\\\/\"]}]},{\"@type\":\"ImageObject\",\"inLanguage\":\"ca-ES\",\"@id\":\"https:\\\/\\\/raed.academy\\\/ca\\\/lideratge-femeni-per-construir-un-futur-millor\\\/#primaryimage\",\"url\":\"https:\\\/\\\/raed.academy\\\/wp-content\\\/uploads\\\/2020\\\/11\\\/un-simbolo-de-feminismo-dstNtc.jpg\",\"contentUrl\":\"https:\\\/\\\/raed.academy\\\/wp-content\\\/uploads\\\/2020\\\/11\\\/un-simbolo-de-feminismo-dstNtc.jpg\",\"width\":400,\"height\":240},{\"@type\":\"BreadcrumbList\",\"@id\":\"https:\\\/\\\/raed.academy\\\/ca\\\/lideratge-femeni-per-construir-un-futur-millor\\\/#breadcrumb\",\"itemListElement\":[{\"@type\":\"ListItem\",\"position\":1,\"name\":\"Inicio\",\"item\":\"https:\\\/\\\/raed.academy\\\/ca\\\/\"},{\"@type\":\"ListItem\",\"position\":2,\"name\":\"Lideratge femen\u00ed per construir un futur millor\"}]},{\"@type\":\"WebSite\",\"@id\":\"https:\\\/\\\/raed.academy\\\/ca\\\/#website\",\"url\":\"https:\\\/\\\/raed.academy\\\/ca\\\/\",\"name\":\"Reial Acad\u00e8mia Europea de Doctors\",\"description\":\"Corporaci\u00f3n de derecho p\u00fablico de car\u00e1cter cient\u00edfico, t\u00e9cnico y art\u00edstico, que tiene por objeto la investigaci\u00f3n, el estudio, el fomento y la extensi\u00f3n del conocimiento en su sentido m\u00e1s amplio\",\"publisher\":{\"@id\":\"https:\\\/\\\/raed.academy\\\/ca\\\/#organization\"},\"potentialAction\":[{\"@type\":\"SearchAction\",\"target\":{\"@type\":\"EntryPoint\",\"urlTemplate\":\"https:\\\/\\\/raed.academy\\\/ca\\\/?s={search_term_string}\"},\"query-input\":{\"@type\":\"PropertyValueSpecification\",\"valueRequired\":true,\"valueName\":\"search_term_string\"}}],\"inLanguage\":\"ca-ES\"},{\"@type\":\"Organization\",\"@id\":\"https:\\\/\\\/raed.academy\\\/ca\\\/#organization\",\"name\":\"Real Academia Europea de Doctores\",\"url\":\"https:\\\/\\\/raed.academy\\\/ca\\\/\",\"logo\":{\"@type\":\"ImageObject\",\"inLanguage\":\"ca-ES\",\"@id\":\"https:\\\/\\\/raed.academy\\\/ca\\\/#\\\/schema\\\/logo\\\/image\\\/\",\"url\":\"https:\\\/\\\/raed.academy\\\/wp-content\\\/uploads\\\/2017\\\/01\\\/cropped-logo_raed.png\",\"contentUrl\":\"https:\\\/\\\/raed.academy\\\/wp-content\\\/uploads\\\/2017\\\/01\\\/cropped-logo_raed.png\",\"width\":512,\"height\":512,\"caption\":\"Real Academia Europea de Doctores\"},\"image\":{\"@id\":\"https:\\\/\\\/raed.academy\\\/ca\\\/#\\\/schema\\\/logo\\\/image\\\/\"},\"sameAs\":[\"http:\\\/\\\/fb.me\\\/raed.academy\",\"https:\\\/\\\/x.com\\\/raedacademy\",\"https:\\\/\\\/www.instagram.com\\\/raed.academy\\\/\",\"https:\\\/\\\/www.youtube.com\\\/channel\\\/UCUYQwW2KrdirNWihxMDObwg\"]},{\"@type\":\"Person\",\"@id\":\"https:\\\/\\\/raed.academy\\\/ca\\\/#\\\/schema\\\/person\\\/5a755da80d1d979fd66ba745c8702927\",\"name\":\"RAED\",\"image\":{\"@type\":\"ImageObject\",\"inLanguage\":\"ca-ES\",\"@id\":\"https:\\\/\\\/secure.gravatar.com\\\/avatar\\\/19fdfdc0d67fb9c45714b703a2ac82251c4fcea3637f002ac3c9b74c0183583c?s=96&d=mm&r=g\",\"url\":\"https:\\\/\\\/secure.gravatar.com\\\/avatar\\\/19fdfdc0d67fb9c45714b703a2ac82251c4fcea3637f002ac3c9b74c0183583c?s=96&d=mm&r=g\",\"contentUrl\":\"https:\\\/\\\/secure.gravatar.com\\\/avatar\\\/19fdfdc0d67fb9c45714b703a2ac82251c4fcea3637f002ac3c9b74c0183583c?s=96&d=mm&r=g\",\"caption\":\"RAED\"}}]}<\/script>\n<!-- \/ Yoast SEO plugin. -->","yoast_head_json":{"title":"Lideratge femen\u00ed per construir un futur millor - Reial Acad\u00e8mia Europea de Doctors","description":"Rosal\u00eda Arteaga, expresidenta de l'Equador, participa en la III Jornada Dones i Lideratge que es va celebrar a la seu de la CEOE","robots":{"index":"index","follow":"follow","max-snippet":"max-snippet:-1","max-image-preview":"max-image-preview:large","max-video-preview":"max-video-preview:-1"},"canonical":"https:\/\/raed.academy\/ca\/lideratge-femeni-per-construir-un-futur-millor\/","og_locale":"ca_ES","og_type":"article","og_title":"Lideratge femen\u00ed per construir un futur millor - Reial Acad\u00e8mia Europea de Doctors","og_description":"Rosal\u00eda Arteaga, expresidenta de l'Equador, participa en la III Jornada Dones i Lideratge que es va celebrar a la seu de la CEOE","og_url":"https:\/\/raed.academy\/ca\/lideratge-femeni-per-construir-un-futur-millor\/","og_site_name":"Reial Acad\u00e8mia Europea de Doctors","article_publisher":"http:\/\/fb.me\/raed.academy","article_published_time":"2021-10-14T12:09:39+00:00","article_modified_time":"2021-10-14T16:33:40+00:00","og_image":[{"width":400,"height":240,"url":"https:\/\/raed.academy\/wp-content\/uploads\/2020\/11\/un-simbolo-de-feminismo-dstNtc.jpg","type":"image\/jpeg"}],"author":"RAED","twitter_card":"summary_large_image","twitter_creator":"@raedacademy","twitter_site":"@raedacademy","twitter_misc":{"Written by":"RAED","Est. reading time":"3 minutes"},"schema":{"@context":"https:\/\/schema.org","@graph":[{"@type":"Article","@id":"https:\/\/raed.academy\/ca\/lideratge-femeni-per-construir-un-futur-millor\/#article","isPartOf":{"@id":"https:\/\/raed.academy\/ca\/lideratge-femeni-per-construir-un-futur-millor\/"},"author":{"name":"RAED","@id":"https:\/\/raed.academy\/ca\/#\/schema\/person\/5a755da80d1d979fd66ba745c8702927"},"headline":"Lideratge femen\u00ed per construir un futur millor","datePublished":"2021-10-14T12:09:39+00:00","dateModified":"2021-10-14T16:33:40+00:00","mainEntityOfPage":{"@id":"https:\/\/raed.academy\/ca\/lideratge-femeni-per-construir-un-futur-millor\/"},"wordCount":623,"publisher":{"@id":"https:\/\/raed.academy\/ca\/#organization"},"image":{"@id":"https:\/\/raed.academy\/ca\/lideratge-femeni-per-construir-un-futur-millor\/#primaryimage"},"thumbnailUrl":"https:\/\/raed.academy\/wp-content\/uploads\/2020\/11\/un-simbolo-de-feminismo-dstNtc.jpg","articleSection":["Acad\u00e8mics a la societat","Ci\u00e8ncies pol\u00edtiques","Economia i pol\u00edtica"],"inLanguage":"ca-ES"},{"@type":"WebPage","@id":"https:\/\/raed.academy\/ca\/lideratge-femeni-per-construir-un-futur-millor\/","url":"https:\/\/raed.academy\/ca\/lideratge-femeni-per-construir-un-futur-millor\/","name":"Lideratge femen\u00ed per construir un futur millor - Reial Acad\u00e8mia Europea de Doctors","isPartOf":{"@id":"https:\/\/raed.academy\/ca\/#website"},"primaryImageOfPage":{"@id":"https:\/\/raed.academy\/ca\/lideratge-femeni-per-construir-un-futur-millor\/#primaryimage"},"image":{"@id":"https:\/\/raed.academy\/ca\/lideratge-femeni-per-construir-un-futur-millor\/#primaryimage"},"thumbnailUrl":"https:\/\/raed.academy\/wp-content\/uploads\/2020\/11\/un-simbolo-de-feminismo-dstNtc.jpg","datePublished":"2021-10-14T12:09:39+00:00","dateModified":"2021-10-14T16:33:40+00:00","description":"Rosal\u00eda Arteaga, expresidenta de l'Equador, participa en la III Jornada Dones i Lideratge que es va celebrar a la seu de la CEOE","breadcrumb":{"@id":"https:\/\/raed.academy\/ca\/lideratge-femeni-per-construir-un-futur-millor\/#breadcrumb"},"inLanguage":"ca-ES","potentialAction":[{"@type":"ReadAction","target":["https:\/\/raed.academy\/ca\/lideratge-femeni-per-construir-un-futur-millor\/"]}]},{"@type":"ImageObject","inLanguage":"ca-ES","@id":"https:\/\/raed.academy\/ca\/lideratge-femeni-per-construir-un-futur-millor\/#primaryimage","url":"https:\/\/raed.academy\/wp-content\/uploads\/2020\/11\/un-simbolo-de-feminismo-dstNtc.jpg","contentUrl":"https:\/\/raed.academy\/wp-content\/uploads\/2020\/11\/un-simbolo-de-feminismo-dstNtc.jpg","width":400,"height":240},{"@type":"BreadcrumbList","@id":"https:\/\/raed.academy\/ca\/lideratge-femeni-per-construir-un-futur-millor\/#breadcrumb","itemListElement":[{"@type":"ListItem","position":1,"name":"Inicio","item":"https:\/\/raed.academy\/ca\/"},{"@type":"ListItem","position":2,"name":"Lideratge femen\u00ed per construir un futur millor"}]},{"@type":"WebSite","@id":"https:\/\/raed.academy\/ca\/#website","url":"https:\/\/raed.academy\/ca\/","name":"Reial Acad\u00e8mia Europea de Doctors","description":"Corporaci\u00f3n de derecho p\u00fablico de car\u00e1cter cient\u00edfico, t\u00e9cnico y art\u00edstico, que tiene por objeto la investigaci\u00f3n, el estudio, el fomento y la extensi\u00f3n del conocimiento en su sentido m\u00e1s amplio","publisher":{"@id":"https:\/\/raed.academy\/ca\/#organization"},"potentialAction":[{"@type":"SearchAction","target":{"@type":"EntryPoint","urlTemplate":"https:\/\/raed.academy\/ca\/?s={search_term_string}"},"query-input":{"@type":"PropertyValueSpecification","valueRequired":true,"valueName":"search_term_string"}}],"inLanguage":"ca-ES"},{"@type":"Organization","@id":"https:\/\/raed.academy\/ca\/#organization","name":"Real Academia Europea de Doctores","url":"https:\/\/raed.academy\/ca\/","logo":{"@type":"ImageObject","inLanguage":"ca-ES","@id":"https:\/\/raed.academy\/ca\/#\/schema\/logo\/image\/","url":"https:\/\/raed.academy\/wp-content\/uploads\/2017\/01\/cropped-logo_raed.png","contentUrl":"https:\/\/raed.academy\/wp-content\/uploads\/2017\/01\/cropped-logo_raed.png","width":512,"height":512,"caption":"Real Academia Europea de Doctores"},"image":{"@id":"https:\/\/raed.academy\/ca\/#\/schema\/logo\/image\/"},"sameAs":["http:\/\/fb.me\/raed.academy","https:\/\/x.com\/raedacademy","https:\/\/www.instagram.com\/raed.academy\/","https:\/\/www.youtube.com\/channel\/UCUYQwW2KrdirNWihxMDObwg"]},{"@type":"Person","@id":"https:\/\/raed.academy\/ca\/#\/schema\/person\/5a755da80d1d979fd66ba745c8702927","name":"RAED","image":{"@type":"ImageObject","inLanguage":"ca-ES","@id":"https:\/\/secure.gravatar.com\/avatar\/19fdfdc0d67fb9c45714b703a2ac82251c4fcea3637f002ac3c9b74c0183583c?s=96&d=mm&r=g","url":"https:\/\/secure.gravatar.com\/avatar\/19fdfdc0d67fb9c45714b703a2ac82251c4fcea3637f002ac3c9b74c0183583c?s=96&d=mm&r=g","contentUrl":"https:\/\/secure.gravatar.com\/avatar\/19fdfdc0d67fb9c45714b703a2ac82251c4fcea3637f002ac3c9b74c0183583c?s=96&d=mm&r=g","caption":"RAED"}}]}},"_links":{"self":[{"href":"https:\/\/raed.academy\/ca\/wp-json\/wp\/v2\/posts\/106995","targetHints":{"allow":["GET"]}}],"collection":[{"href":"https:\/\/raed.academy\/ca\/wp-json\/wp\/v2\/posts"}],"about":[{"href":"https:\/\/raed.academy\/ca\/wp-json\/wp\/v2\/types\/post"}],"author":[{"embeddable":true,"href":"https:\/\/raed.academy\/ca\/wp-json\/wp\/v2\/users\/12"}],"replies":[{"embeddable":true,"href":"https:\/\/raed.academy\/ca\/wp-json\/wp\/v2\/comments?post=106995"}],"version-history":[{"count":0,"href":"https:\/\/raed.academy\/ca\/wp-json\/wp\/v2\/posts\/106995\/revisions"}],"wp:featuredmedia":[{"embeddable":true,"href":"https:\/\/raed.academy\/ca\/wp-json\/wp\/v2\/media\/96474"}],"wp:attachment":[{"href":"https:\/\/raed.academy\/ca\/wp-json\/wp\/v2\/media?parent=106995"}],"wp:term":[{"taxonomy":"category","embeddable":true,"href":"https:\/\/raed.academy\/ca\/wp-json\/wp\/v2\/categories?post=106995"},{"taxonomy":"post_tag","embeddable":true,"href":"https:\/\/raed.academy\/ca\/wp-json\/wp\/v2\/tags?post=106995"}],"curies":[{"name":"wp","href":"https:\/\/api.w.org\/{rel}","templated":true}]}}