{"id":105771,"date":"2021-09-10T05:56:39","date_gmt":"2021-09-10T05:56:39","guid":{"rendered":"https:\/\/raed.academy\/?p=105771"},"modified":"2021-09-12T18:10:43","modified_gmt":"2021-09-12T18:10:43","slug":"els-reptes-de-la-nutricio-i-la-gastronomia-despres-de-la-pandemia","status":"publish","type":"post","link":"https:\/\/raed.academy\/ca\/els-reptes-de-la-nutricio-i-la-gastronomia-despres-de-la-pandemia\/","title":{"rendered":"Els reptes de la nutrici\u00f3 i la gastronomia despr\u00e9s de la pand\u00e8mia"},"content":{"rendered":"<p><a href=\"https:\/\/raed.academy\/ca\/academics\/dr-gregorio-varela-moreiras\/\" target=\"_blank\" rel=\"noopener\"><strong><em>Gregorio Varela<\/em><\/strong><\/a><br \/>\n<em>Catedr\u00e0tic de Nutrici\u00f3 i Bromatologia de la Facultat de Farm\u00e0cia de la Universitat CEU-San Pablo, president de la Fundaci\u00f3 Espanyola de la Nutrici\u00f3 i de la Federaci\u00f3 Espanyola de Societats de Nutrici\u00f3, Alimentaci\u00f3 i Diet\u00e8tica i acad\u00e8mic de n\u00famero de la Reial Acad\u00e8mia Europea de Doctors -Barcelona 1914 (RAED)<\/em><\/p>\n<p><em>Article publicat al diari &#8220;El Correo&#8221; el 3 de setembre de 2021<\/em><\/p>\n<p><img loading=\"lazy\" decoding=\"async\" class=\"alignright wp-image-105798\" src=\"https:\/\/raed.academy\/wp-content\/uploads\/2021\/09\/retos-alimentacion-nutricion-tras-la-pandemia.jpg\" sizes=\"(max-width: 500px) 100vw, 500px\" srcset=\"https:\/\/raed.academy\/wp-content\/uploads\/2021\/09\/retos-alimentacion-nutricion-tras-la-pandemia.jpg 600w, https:\/\/raed.academy\/wp-content\/uploads\/2021\/09\/retos-alimentacion-nutricion-tras-la-pandemia-440x264.jpg 440w\" alt=\"\" width=\"500\" height=\"300\" \/><a href=\"https:\/\/raed.academy\/ca\/academics\/dr-gregorio-varela-moreiras\/\" target=\"_blank\" rel=\"noopener\"><strong><em>Gregorio Varela<\/em><\/strong><\/a>, catedr\u00e0tic de Nutrici\u00f3 i Bromatologia de la <strong>Universitat CEU-San Pablo<\/strong>, president de la <strong>Fundaci\u00f3 Espanyola de la Nutrici\u00f3<\/strong> i de la <strong>Federaci\u00f3 Espanyola de Societats de Nutrici\u00f3, Alimentaci\u00f3 i Diet\u00e8tica<\/strong> i acad\u00e8mic de n\u00famero de la<strong> Reial Acad\u00e8mia Europea de Doctors-Barcelona 1914<\/strong> (RAED) reflexiona sobre els nous reptes que s&#8217;obren als sectors de l&#8217;alimentaci\u00f3 i la restauraci\u00f3 un cop superada l&#8217;actual pand\u00e8mia a l&#8217;article <strong>&#8220;Retos de la gastronom\u00eda post covid-19&#8221;<\/strong>, que va publicar al diari <strong>&#8220;El Correo&#8221;<\/strong> el passat 3 de setembre.<\/p>\n<p>Per a l&#8217;acad\u00e8mic, els reptes en aquests sectors v\u00e9nen empesos tant per l&#8217;inter\u00e8s de la comunitat cient\u00edfica en qu\u00e8 la gastronomia s&#8217;impregni de matisos de salut, que els ingredients i les t\u00e8cniques tinguin gust, per\u00f2 siguin saludables, com en la sostenibilitat. &#8220;L&#8217;objectiu se centra en l&#8217;anomenada gastronomia sostenible i circular, que \u00e9s la que practicaven en bona part les nostres \u00e0vies. Tot s&#8217;aprofita, des del morro fins a la cua, des de la fulla a l&#8217;arrel. Tot un repte per disminuir el malbaratament alimentari en un 50% al llarg dels anys vinents. En aquest sentit s&#8217;est\u00e0 redactant una nova llei. Afavorir un major aprofitament dels aliments controlant la quantitat dels ingredients, les racions, l&#8217;aprofitament segur de les sobres, la solidaritat aliment\u00e0ria (a partir dels aliments sobrants) o la promoci\u00f3 del compostatge&#8221;, exposa.<\/p>\n<div id=\"attachment_100519\" style=\"width: 410px\" class=\"wp-caption alignleft\"><img loading=\"lazy\" decoding=\"async\" aria-describedby=\"caption-attachment-100519\" class=\"wp-image-100519 size-full\" src=\"https:\/\/raed.academy\/wp-content\/uploads\/2021\/03\/Gregorio-Varela-dstNtc.jpg\" alt=\"Gregorio Varela\" width=\"400\" height=\"240\" aria-describedby=\"caption-attachment-100519\" \/><p id=\"caption-attachment-100519\" class=\"wp-caption-text\">Dr. Gregorio Varela<\/p><\/div>\n<p><strong>Varela<\/strong> considera que s\u00f3n aspectes que afecten tamb\u00e9 als ciutadans en l\u2019\u00e0mbit particular, des de la planificaci\u00f3 de la compra a l&#8217;elaboraci\u00f3 de plats secundaris com ara sopes, croquetes, canelons o remenats, amb l&#8217;aposta pels anomenats productes de quil\u00f2metre zero i de proximitat com punt de partida i l&#8217;exploraci\u00f3 de tend\u00e8ncies actuals i cada vegada m\u00e9s consolidades com el Food Design o el Real Food, que permeten una cuina sana, nutritiva i atractiva.<\/p>\n<p>&#8220;La nova gastronomia cient\u00edfica es recolza en la ci\u00e8ncia i en les noves tecnologies, per\u00f2 tamb\u00e9 en les denominades 6 S: sabor, salut, seguretat, solidaritat, sobirania aliment\u00e0ria i sostenibilitat, incloent-hi el concepte de preu just per al que produeix i per al que compra. L&#8217;alimentaci\u00f3 individual i col\u00b7lectiva s&#8217;ha de convertir en un proc\u00e9s col\u00b7laboratiu on professionals de sector, cient\u00edfics, empresaris i consumidors sintonitzin les seves coordenades perqu\u00e8 l&#8217;aliment sigui una font de satisfacci\u00f3, identitat cultural, valor social i, sobretot, una eina de promoci\u00f3 de la salut&#8221;, conclou <strong>Varela<\/strong>.<\/p>\n<p>&nbsp;<\/p>\n<p>&nbsp;<\/p>\n<h2><a href=\"https:\/\/www.elcorreo.com\/jantour\/retos-gastronomia-post-20210903101652-nt.html\" target=\"_blank\" rel=\"noopener\">Llegiu l&#8217;article<\/a><\/h2>\n","protected":false},"excerpt":{"rendered":"<p>Gregorio Varela, sobre els nous reptes que s&#8217;obren en els sectors de l&#8217;alimentaci\u00f3 i la restauraci\u00f3 un cop superada l&#8217;actual pand\u00e8mia en l&#8217;article  &#8220;Retos de la gastronom\u00eda post covid-19&#8221;<\/p>\n","protected":false},"author":12,"featured_media":105799,"comment_status":"closed","ping_status":"closed","sticky":false,"template":"","format":"standard","meta":{"_et_pb_use_builder":"","_et_pb_old_content":"","_et_gb_content_width":"","footnotes":""},"categories":[237,268,275,273],"tags":[],"class_list":["post-105771","post","type-post","status-publish","format-standard","has-post-thumbnail","hentry","category-alimentacio-i-nutricio","category-coronavirus-des-del-coneixement","category-educacio-etica-i-valors","category-salut","et-has-post-format-content","et_post_format-et-post-format-standard"],"yoast_head":"<!-- This site is optimized with the Yoast SEO plugin v27.4 - https:\/\/yoast.com\/product\/yoast-seo-wordpress\/ -->\n<title>Els reptes de la nutrici\u00f3 i la gastronomia despr\u00e9s de la pand\u00e8mia - Reial Acad\u00e8mia Europea de Doctors<\/title>\n<meta name=\"description\" content=\"Gregorio Varela, sobre els nous reptes en l&#039;alimentaci\u00f3 i la restauraci\u00f3 un cop superada la pand\u00e8mia a &quot;Retos de la gastronom\u00eda post covid-19&quot;\" \/>\n<meta name=\"robots\" content=\"index, follow, max-snippet:-1, max-image-preview:large, max-video-preview:-1\" \/>\n<link rel=\"canonical\" href=\"https:\/\/raed.academy\/ca\/els-reptes-de-la-nutricio-i-la-gastronomia-despres-de-la-pandemia\/\" \/>\n<meta property=\"og:locale\" content=\"ca_ES\" \/>\n<meta property=\"og:type\" content=\"article\" \/>\n<meta property=\"og:title\" content=\"Els reptes de la nutrici\u00f3 i la gastronomia despr\u00e9s de la pand\u00e8mia - Reial Acad\u00e8mia Europea de Doctors\" \/>\n<meta property=\"og:description\" content=\"Gregorio Varela, sobre els nous reptes en l&#039;alimentaci\u00f3 i la restauraci\u00f3 un cop superada la pand\u00e8mia a &quot;Retos de la gastronom\u00eda post covid-19&quot;\" \/>\n<meta property=\"og:url\" content=\"https:\/\/raed.academy\/ca\/els-reptes-de-la-nutricio-i-la-gastronomia-despres-de-la-pandemia\/\" \/>\n<meta property=\"og:site_name\" content=\"Reial Acad\u00e8mia Europea de Doctors\" \/>\n<meta property=\"article:publisher\" content=\"http:\/\/fb.me\/raed.academy\" \/>\n<meta property=\"article:published_time\" content=\"2021-09-10T05:56:39+00:00\" \/>\n<meta property=\"article:modified_time\" content=\"2021-09-12T18:10:43+00:00\" \/>\n<meta property=\"og:image\" content=\"https:\/\/raed.academy\/wp-content\/uploads\/2021\/09\/retos-alimentacion-nutricion-tras-la-pandemia.jpg\" \/>\n\t<meta property=\"og:image:width\" content=\"600\" \/>\n\t<meta property=\"og:image:height\" content=\"360\" \/>\n\t<meta property=\"og:image:type\" content=\"image\/jpeg\" \/>\n<meta name=\"author\" content=\"RAED\" \/>\n<meta name=\"twitter:card\" content=\"summary_large_image\" \/>\n<meta name=\"twitter:creator\" content=\"@raedacademy\" \/>\n<meta name=\"twitter:site\" content=\"@raedacademy\" \/>\n<meta name=\"twitter:label1\" content=\"Written by\" \/>\n\t<meta name=\"twitter:data1\" content=\"RAED\" \/>\n\t<meta name=\"twitter:label2\" content=\"Est. reading time\" \/>\n\t<meta name=\"twitter:data2\" content=\"2 minutes\" \/>\n<script type=\"application\/ld+json\" class=\"yoast-schema-graph\">{\"@context\":\"https:\\\/\\\/schema.org\",\"@graph\":[{\"@type\":\"Article\",\"@id\":\"https:\\\/\\\/raed.academy\\\/ca\\\/els-reptes-de-la-nutricio-i-la-gastronomia-despres-de-la-pandemia\\\/#article\",\"isPartOf\":{\"@id\":\"https:\\\/\\\/raed.academy\\\/ca\\\/els-reptes-de-la-nutricio-i-la-gastronomia-despres-de-la-pandemia\\\/\"},\"author\":{\"name\":\"RAED\",\"@id\":\"https:\\\/\\\/raed.academy\\\/ca\\\/#\\\/schema\\\/person\\\/5a755da80d1d979fd66ba745c8702927\"},\"headline\":\"Els reptes de la nutrici\u00f3 i la gastronomia despr\u00e9s de la pand\u00e8mia\",\"datePublished\":\"2021-09-10T05:56:39+00:00\",\"dateModified\":\"2021-09-12T18:10:43+00:00\",\"mainEntityOfPage\":{\"@id\":\"https:\\\/\\\/raed.academy\\\/ca\\\/els-reptes-de-la-nutricio-i-la-gastronomia-despres-de-la-pandemia\\\/\"},\"wordCount\":513,\"publisher\":{\"@id\":\"https:\\\/\\\/raed.academy\\\/ca\\\/#organization\"},\"image\":{\"@id\":\"https:\\\/\\\/raed.academy\\\/ca\\\/els-reptes-de-la-nutricio-i-la-gastronomia-despres-de-la-pandemia\\\/#primaryimage\"},\"thumbnailUrl\":\"https:\\\/\\\/raed.academy\\\/wp-content\\\/uploads\\\/2021\\\/09\\\/retos-alimentacion-nutricion-tras-la-pandemia.jpg\",\"articleSection\":[\"Alimentaci\u00f3 i nutrici\u00f3\",\"Coronavirus des del coneixement\",\"Educaci\u00f3, \u00e8tica i valors\",\"Salut\"],\"inLanguage\":\"ca-ES\"},{\"@type\":\"WebPage\",\"@id\":\"https:\\\/\\\/raed.academy\\\/ca\\\/els-reptes-de-la-nutricio-i-la-gastronomia-despres-de-la-pandemia\\\/\",\"url\":\"https:\\\/\\\/raed.academy\\\/ca\\\/els-reptes-de-la-nutricio-i-la-gastronomia-despres-de-la-pandemia\\\/\",\"name\":\"Els reptes de la nutrici\u00f3 i la gastronomia despr\u00e9s de la pand\u00e8mia - Reial Acad\u00e8mia Europea de Doctors\",\"isPartOf\":{\"@id\":\"https:\\\/\\\/raed.academy\\\/ca\\\/#website\"},\"primaryImageOfPage\":{\"@id\":\"https:\\\/\\\/raed.academy\\\/ca\\\/els-reptes-de-la-nutricio-i-la-gastronomia-despres-de-la-pandemia\\\/#primaryimage\"},\"image\":{\"@id\":\"https:\\\/\\\/raed.academy\\\/ca\\\/els-reptes-de-la-nutricio-i-la-gastronomia-despres-de-la-pandemia\\\/#primaryimage\"},\"thumbnailUrl\":\"https:\\\/\\\/raed.academy\\\/wp-content\\\/uploads\\\/2021\\\/09\\\/retos-alimentacion-nutricion-tras-la-pandemia.jpg\",\"datePublished\":\"2021-09-10T05:56:39+00:00\",\"dateModified\":\"2021-09-12T18:10:43+00:00\",\"description\":\"Gregorio Varela, sobre els nous reptes en l'alimentaci\u00f3 i la restauraci\u00f3 un cop superada la pand\u00e8mia a \\\"Retos de la gastronom\u00eda post covid-19\\\"\",\"breadcrumb\":{\"@id\":\"https:\\\/\\\/raed.academy\\\/ca\\\/els-reptes-de-la-nutricio-i-la-gastronomia-despres-de-la-pandemia\\\/#breadcrumb\"},\"inLanguage\":\"ca-ES\",\"potentialAction\":[{\"@type\":\"ReadAction\",\"target\":[\"https:\\\/\\\/raed.academy\\\/ca\\\/els-reptes-de-la-nutricio-i-la-gastronomia-despres-de-la-pandemia\\\/\"]}]},{\"@type\":\"ImageObject\",\"inLanguage\":\"ca-ES\",\"@id\":\"https:\\\/\\\/raed.academy\\\/ca\\\/els-reptes-de-la-nutricio-i-la-gastronomia-despres-de-la-pandemia\\\/#primaryimage\",\"url\":\"https:\\\/\\\/raed.academy\\\/wp-content\\\/uploads\\\/2021\\\/09\\\/retos-alimentacion-nutricion-tras-la-pandemia.jpg\",\"contentUrl\":\"https:\\\/\\\/raed.academy\\\/wp-content\\\/uploads\\\/2021\\\/09\\\/retos-alimentacion-nutricion-tras-la-pandemia.jpg\",\"width\":600,\"height\":360},{\"@type\":\"BreadcrumbList\",\"@id\":\"https:\\\/\\\/raed.academy\\\/ca\\\/els-reptes-de-la-nutricio-i-la-gastronomia-despres-de-la-pandemia\\\/#breadcrumb\",\"itemListElement\":[{\"@type\":\"ListItem\",\"position\":1,\"name\":\"Inicio\",\"item\":\"https:\\\/\\\/raed.academy\\\/ca\\\/\"},{\"@type\":\"ListItem\",\"position\":2,\"name\":\"Els reptes de la nutrici\u00f3 i la gastronomia despr\u00e9s de la pand\u00e8mia\"}]},{\"@type\":\"WebSite\",\"@id\":\"https:\\\/\\\/raed.academy\\\/ca\\\/#website\",\"url\":\"https:\\\/\\\/raed.academy\\\/ca\\\/\",\"name\":\"Reial Acad\u00e8mia Europea de Doctors\",\"description\":\"Corporaci\u00f3n de derecho p\u00fablico de car\u00e1cter cient\u00edfico, t\u00e9cnico y art\u00edstico, que tiene por objeto la investigaci\u00f3n, el estudio, el fomento y la extensi\u00f3n del conocimiento en su sentido m\u00e1s amplio\",\"publisher\":{\"@id\":\"https:\\\/\\\/raed.academy\\\/ca\\\/#organization\"},\"potentialAction\":[{\"@type\":\"SearchAction\",\"target\":{\"@type\":\"EntryPoint\",\"urlTemplate\":\"https:\\\/\\\/raed.academy\\\/ca\\\/?s={search_term_string}\"},\"query-input\":{\"@type\":\"PropertyValueSpecification\",\"valueRequired\":true,\"valueName\":\"search_term_string\"}}],\"inLanguage\":\"ca-ES\"},{\"@type\":\"Organization\",\"@id\":\"https:\\\/\\\/raed.academy\\\/ca\\\/#organization\",\"name\":\"Real Academia Europea de Doctores\",\"url\":\"https:\\\/\\\/raed.academy\\\/ca\\\/\",\"logo\":{\"@type\":\"ImageObject\",\"inLanguage\":\"ca-ES\",\"@id\":\"https:\\\/\\\/raed.academy\\\/ca\\\/#\\\/schema\\\/logo\\\/image\\\/\",\"url\":\"https:\\\/\\\/raed.academy\\\/wp-content\\\/uploads\\\/2017\\\/01\\\/cropped-logo_raed.png\",\"contentUrl\":\"https:\\\/\\\/raed.academy\\\/wp-content\\\/uploads\\\/2017\\\/01\\\/cropped-logo_raed.png\",\"width\":512,\"height\":512,\"caption\":\"Real Academia Europea de Doctores\"},\"image\":{\"@id\":\"https:\\\/\\\/raed.academy\\\/ca\\\/#\\\/schema\\\/logo\\\/image\\\/\"},\"sameAs\":[\"http:\\\/\\\/fb.me\\\/raed.academy\",\"https:\\\/\\\/x.com\\\/raedacademy\",\"https:\\\/\\\/www.instagram.com\\\/raed.academy\\\/\",\"https:\\\/\\\/www.youtube.com\\\/channel\\\/UCUYQwW2KrdirNWihxMDObwg\"]},{\"@type\":\"Person\",\"@id\":\"https:\\\/\\\/raed.academy\\\/ca\\\/#\\\/schema\\\/person\\\/5a755da80d1d979fd66ba745c8702927\",\"name\":\"RAED\",\"image\":{\"@type\":\"ImageObject\",\"inLanguage\":\"ca-ES\",\"@id\":\"https:\\\/\\\/secure.gravatar.com\\\/avatar\\\/19fdfdc0d67fb9c45714b703a2ac82251c4fcea3637f002ac3c9b74c0183583c?s=96&d=mm&r=g\",\"url\":\"https:\\\/\\\/secure.gravatar.com\\\/avatar\\\/19fdfdc0d67fb9c45714b703a2ac82251c4fcea3637f002ac3c9b74c0183583c?s=96&d=mm&r=g\",\"contentUrl\":\"https:\\\/\\\/secure.gravatar.com\\\/avatar\\\/19fdfdc0d67fb9c45714b703a2ac82251c4fcea3637f002ac3c9b74c0183583c?s=96&d=mm&r=g\",\"caption\":\"RAED\"}}]}<\/script>\n<!-- \/ Yoast SEO plugin. -->","yoast_head_json":{"title":"Els reptes de la nutrici\u00f3 i la gastronomia despr\u00e9s de la pand\u00e8mia - Reial Acad\u00e8mia Europea de Doctors","description":"Gregorio Varela, sobre els nous reptes en l'alimentaci\u00f3 i la restauraci\u00f3 un cop superada la pand\u00e8mia a \"Retos de la gastronom\u00eda post covid-19\"","robots":{"index":"index","follow":"follow","max-snippet":"max-snippet:-1","max-image-preview":"max-image-preview:large","max-video-preview":"max-video-preview:-1"},"canonical":"https:\/\/raed.academy\/ca\/els-reptes-de-la-nutricio-i-la-gastronomia-despres-de-la-pandemia\/","og_locale":"ca_ES","og_type":"article","og_title":"Els reptes de la nutrici\u00f3 i la gastronomia despr\u00e9s de la pand\u00e8mia - Reial Acad\u00e8mia Europea de Doctors","og_description":"Gregorio Varela, sobre els nous reptes en l'alimentaci\u00f3 i la restauraci\u00f3 un cop superada la pand\u00e8mia a \"Retos de la gastronom\u00eda post covid-19\"","og_url":"https:\/\/raed.academy\/ca\/els-reptes-de-la-nutricio-i-la-gastronomia-despres-de-la-pandemia\/","og_site_name":"Reial Acad\u00e8mia Europea de Doctors","article_publisher":"http:\/\/fb.me\/raed.academy","article_published_time":"2021-09-10T05:56:39+00:00","article_modified_time":"2021-09-12T18:10:43+00:00","og_image":[{"width":600,"height":360,"url":"https:\/\/raed.academy\/wp-content\/uploads\/2021\/09\/retos-alimentacion-nutricion-tras-la-pandemia.jpg","type":"image\/jpeg"}],"author":"RAED","twitter_card":"summary_large_image","twitter_creator":"@raedacademy","twitter_site":"@raedacademy","twitter_misc":{"Written by":"RAED","Est. reading time":"2 minutes"},"schema":{"@context":"https:\/\/schema.org","@graph":[{"@type":"Article","@id":"https:\/\/raed.academy\/ca\/els-reptes-de-la-nutricio-i-la-gastronomia-despres-de-la-pandemia\/#article","isPartOf":{"@id":"https:\/\/raed.academy\/ca\/els-reptes-de-la-nutricio-i-la-gastronomia-despres-de-la-pandemia\/"},"author":{"name":"RAED","@id":"https:\/\/raed.academy\/ca\/#\/schema\/person\/5a755da80d1d979fd66ba745c8702927"},"headline":"Els reptes de la nutrici\u00f3 i la gastronomia despr\u00e9s de la pand\u00e8mia","datePublished":"2021-09-10T05:56:39+00:00","dateModified":"2021-09-12T18:10:43+00:00","mainEntityOfPage":{"@id":"https:\/\/raed.academy\/ca\/els-reptes-de-la-nutricio-i-la-gastronomia-despres-de-la-pandemia\/"},"wordCount":513,"publisher":{"@id":"https:\/\/raed.academy\/ca\/#organization"},"image":{"@id":"https:\/\/raed.academy\/ca\/els-reptes-de-la-nutricio-i-la-gastronomia-despres-de-la-pandemia\/#primaryimage"},"thumbnailUrl":"https:\/\/raed.academy\/wp-content\/uploads\/2021\/09\/retos-alimentacion-nutricion-tras-la-pandemia.jpg","articleSection":["Alimentaci\u00f3 i nutrici\u00f3","Coronavirus des del coneixement","Educaci\u00f3, \u00e8tica i valors","Salut"],"inLanguage":"ca-ES"},{"@type":"WebPage","@id":"https:\/\/raed.academy\/ca\/els-reptes-de-la-nutricio-i-la-gastronomia-despres-de-la-pandemia\/","url":"https:\/\/raed.academy\/ca\/els-reptes-de-la-nutricio-i-la-gastronomia-despres-de-la-pandemia\/","name":"Els reptes de la nutrici\u00f3 i la gastronomia despr\u00e9s de la pand\u00e8mia - Reial Acad\u00e8mia Europea de Doctors","isPartOf":{"@id":"https:\/\/raed.academy\/ca\/#website"},"primaryImageOfPage":{"@id":"https:\/\/raed.academy\/ca\/els-reptes-de-la-nutricio-i-la-gastronomia-despres-de-la-pandemia\/#primaryimage"},"image":{"@id":"https:\/\/raed.academy\/ca\/els-reptes-de-la-nutricio-i-la-gastronomia-despres-de-la-pandemia\/#primaryimage"},"thumbnailUrl":"https:\/\/raed.academy\/wp-content\/uploads\/2021\/09\/retos-alimentacion-nutricion-tras-la-pandemia.jpg","datePublished":"2021-09-10T05:56:39+00:00","dateModified":"2021-09-12T18:10:43+00:00","description":"Gregorio Varela, sobre els nous reptes en l'alimentaci\u00f3 i la restauraci\u00f3 un cop superada la pand\u00e8mia a \"Retos de la gastronom\u00eda post covid-19\"","breadcrumb":{"@id":"https:\/\/raed.academy\/ca\/els-reptes-de-la-nutricio-i-la-gastronomia-despres-de-la-pandemia\/#breadcrumb"},"inLanguage":"ca-ES","potentialAction":[{"@type":"ReadAction","target":["https:\/\/raed.academy\/ca\/els-reptes-de-la-nutricio-i-la-gastronomia-despres-de-la-pandemia\/"]}]},{"@type":"ImageObject","inLanguage":"ca-ES","@id":"https:\/\/raed.academy\/ca\/els-reptes-de-la-nutricio-i-la-gastronomia-despres-de-la-pandemia\/#primaryimage","url":"https:\/\/raed.academy\/wp-content\/uploads\/2021\/09\/retos-alimentacion-nutricion-tras-la-pandemia.jpg","contentUrl":"https:\/\/raed.academy\/wp-content\/uploads\/2021\/09\/retos-alimentacion-nutricion-tras-la-pandemia.jpg","width":600,"height":360},{"@type":"BreadcrumbList","@id":"https:\/\/raed.academy\/ca\/els-reptes-de-la-nutricio-i-la-gastronomia-despres-de-la-pandemia\/#breadcrumb","itemListElement":[{"@type":"ListItem","position":1,"name":"Inicio","item":"https:\/\/raed.academy\/ca\/"},{"@type":"ListItem","position":2,"name":"Els reptes de la nutrici\u00f3 i la gastronomia despr\u00e9s de la pand\u00e8mia"}]},{"@type":"WebSite","@id":"https:\/\/raed.academy\/ca\/#website","url":"https:\/\/raed.academy\/ca\/","name":"Reial Acad\u00e8mia Europea de Doctors","description":"Corporaci\u00f3n de derecho p\u00fablico de car\u00e1cter cient\u00edfico, t\u00e9cnico y art\u00edstico, que tiene por objeto la investigaci\u00f3n, el estudio, el fomento y la extensi\u00f3n del conocimiento en su sentido m\u00e1s amplio","publisher":{"@id":"https:\/\/raed.academy\/ca\/#organization"},"potentialAction":[{"@type":"SearchAction","target":{"@type":"EntryPoint","urlTemplate":"https:\/\/raed.academy\/ca\/?s={search_term_string}"},"query-input":{"@type":"PropertyValueSpecification","valueRequired":true,"valueName":"search_term_string"}}],"inLanguage":"ca-ES"},{"@type":"Organization","@id":"https:\/\/raed.academy\/ca\/#organization","name":"Real Academia Europea de Doctores","url":"https:\/\/raed.academy\/ca\/","logo":{"@type":"ImageObject","inLanguage":"ca-ES","@id":"https:\/\/raed.academy\/ca\/#\/schema\/logo\/image\/","url":"https:\/\/raed.academy\/wp-content\/uploads\/2017\/01\/cropped-logo_raed.png","contentUrl":"https:\/\/raed.academy\/wp-content\/uploads\/2017\/01\/cropped-logo_raed.png","width":512,"height":512,"caption":"Real Academia Europea de Doctores"},"image":{"@id":"https:\/\/raed.academy\/ca\/#\/schema\/logo\/image\/"},"sameAs":["http:\/\/fb.me\/raed.academy","https:\/\/x.com\/raedacademy","https:\/\/www.instagram.com\/raed.academy\/","https:\/\/www.youtube.com\/channel\/UCUYQwW2KrdirNWihxMDObwg"]},{"@type":"Person","@id":"https:\/\/raed.academy\/ca\/#\/schema\/person\/5a755da80d1d979fd66ba745c8702927","name":"RAED","image":{"@type":"ImageObject","inLanguage":"ca-ES","@id":"https:\/\/secure.gravatar.com\/avatar\/19fdfdc0d67fb9c45714b703a2ac82251c4fcea3637f002ac3c9b74c0183583c?s=96&d=mm&r=g","url":"https:\/\/secure.gravatar.com\/avatar\/19fdfdc0d67fb9c45714b703a2ac82251c4fcea3637f002ac3c9b74c0183583c?s=96&d=mm&r=g","contentUrl":"https:\/\/secure.gravatar.com\/avatar\/19fdfdc0d67fb9c45714b703a2ac82251c4fcea3637f002ac3c9b74c0183583c?s=96&d=mm&r=g","caption":"RAED"}}]}},"_links":{"self":[{"href":"https:\/\/raed.academy\/ca\/wp-json\/wp\/v2\/posts\/105771","targetHints":{"allow":["GET"]}}],"collection":[{"href":"https:\/\/raed.academy\/ca\/wp-json\/wp\/v2\/posts"}],"about":[{"href":"https:\/\/raed.academy\/ca\/wp-json\/wp\/v2\/types\/post"}],"author":[{"embeddable":true,"href":"https:\/\/raed.academy\/ca\/wp-json\/wp\/v2\/users\/12"}],"replies":[{"embeddable":true,"href":"https:\/\/raed.academy\/ca\/wp-json\/wp\/v2\/comments?post=105771"}],"version-history":[{"count":0,"href":"https:\/\/raed.academy\/ca\/wp-json\/wp\/v2\/posts\/105771\/revisions"}],"wp:featuredmedia":[{"embeddable":true,"href":"https:\/\/raed.academy\/ca\/wp-json\/wp\/v2\/media\/105799"}],"wp:attachment":[{"href":"https:\/\/raed.academy\/ca\/wp-json\/wp\/v2\/media?parent=105771"}],"wp:term":[{"taxonomy":"category","embeddable":true,"href":"https:\/\/raed.academy\/ca\/wp-json\/wp\/v2\/categories?post=105771"},{"taxonomy":"post_tag","embeddable":true,"href":"https:\/\/raed.academy\/ca\/wp-json\/wp\/v2\/tags?post=105771"}],"curies":[{"name":"wp","href":"https:\/\/api.w.org\/{rel}","templated":true}]}}