{"id":105497,"date":"2021-09-03T09:01:27","date_gmt":"2021-09-03T09:01:27","guid":{"rendered":"https:\/\/raed.academy\/?p=105497"},"modified":"2021-09-05T12:45:53","modified_gmt":"2021-09-05T12:45:53","slug":"una-resposta-als-antivacunes-en-nom-dels-que-ja-no-poden-respondre","status":"publish","type":"post","link":"https:\/\/raed.academy\/ca\/una-resposta-als-antivacunes-en-nom-dels-que-ja-no-poden-respondre\/","title":{"rendered":"Una resposta als antivacunes en nom dels que ja no poden respondre"},"content":{"rendered":"<p><a href=\"https:\/\/raed.academy\/ca\/academics\/dr-joaquin-callabed-carracedo\/\" target=\"_blank\" rel=\"noopener\"><strong><em>Joaqu\u00edn Callabed<\/em><\/strong><\/a><br \/>\n<em>President del Club de Pediatria Social, acad\u00e8mic corresponent de la Reial Acad\u00e8mia de Medicina de Saragossa, de la Reial Acad\u00e8mia de Medicina de Catalunya i de la Reial Acad\u00e8mia de Nobles i Belles Arts de Sant Llu\u00eds i acad\u00e8mic de n\u00famero de la Reial Acad\u00e8mia Europea de Doctors-Barcelona 1914 (RAED)<\/em><\/p>\n<p><em>Carta publicada al diari &#8220;La Vanguardia&#8221; el de 5 agost de 2021<\/em><\/p>\n<p><a href=\"https:\/\/raed.academy\/ca\/academics\/dr-joaquin-callabed-carracedo\/\" target=\"_blank\" rel=\"noopener\"><strong><em>Joaqu\u00edn Callabed<\/em><\/strong><\/a>, president del <strong>Club de Pediatria Social<\/strong> i acad\u00e8mic de n\u00famero i vice-president de la Secci\u00f3 de Ci\u00e8ncies de la Salut de la<strong> Reial Acad\u00e8mia Europea de Doctors-Barcelona 1914<\/strong> (RAED), respon als moviments antivacunes amb un missatge tan clar com conc\u00eds en una carta publicada al diari <strong>&#8220;La Vanguardia&#8221;<\/strong> el passat 5 d&#8217;agost. Per a l&#8217;acad\u00e8mic, profund coneixedor i defensor de la bio\u00e8tica i la medicina humanista, si b\u00e9 tota persona t\u00e9 drets fonamentals com triar el que m\u00e9s li benefici\u00ef, tamb\u00e9 t\u00e9 dos deures: evitar fer mal amb la seva conducta i respectar la llei. &#8220;No obstant aix\u00f2 -recorda-, hi ha 80.000 persones que ja no podran opinar&#8221;.<\/p>\n<p>&#8220;No tinc receptes meravelloses. Em permeto suggerir que els detractors de les vacunes llegeixin al fil\u00f2sof<strong> Paul Ricoeur<\/strong> per entendre a l&#8217;altre, al que tenim al costat. La bio\u00e8tica no es conforma amb el terme legal i aspira a fer-ho \u00f2ptim. La just\u00edcia \u00e9s el mantell que ha de cobrir el benestar m\u00e9s gran dels ciutadans i ha de ser uniforme per a tots&#8221;, assenyala <strong>Callabed<\/strong> en una carta que respon a la invitaci\u00f3 p\u00fablica que va llan\u00e7ar el fil\u00f2sof <strong>Norbert Bilbeny<\/strong>, a l&#8217;article <strong>&#8220;Els antivacunes i l&#8217;\u00e8tica&#8221;<\/strong>, publicat tamb\u00e9 a &#8220;La Vanguardia&#8221;, per respondre als detractors de la vacunaci\u00f3 contra la Covid.<\/p>\n<p><img loading=\"lazy\" decoding=\"async\" class=\"alignleft size-full wp-image-105583\" src=\"https:\/\/raed.academy\/wp-content\/uploads\/2021\/09\/movimientos-antivacunas-dst.jpg\" sizes=\"(max-width: 500px) 100vw, 500px\" srcset=\"https:\/\/raed.academy\/wp-content\/uploads\/2021\/09\/movimientos-antivacunas-dst.jpg 500w, https:\/\/raed.academy\/wp-content\/uploads\/2021\/09\/movimientos-antivacunas-dst-440x264.jpg 440w\" alt=\"\" width=\"500\" height=\"300\" \/>En plena crisi del coronavirus, Callabed va difondre a trav\u00e9s dels canals de la RAED l&#8217;article <strong>&#8220;Bio\u00e9tica y deliberaci\u00f3n&#8221;<\/strong>, on definia a la bio\u00e8tica com &#8220;la salvaguarda de la prud\u00e8ncia i responsabilitat per \u00e8poques dif\u00edcils, per les circumst\u00e0ncies que amenacen a l&#8217;\u00e9sser hum\u00e0&#8221; i reflexionava sobre els aven\u00e7os cient\u00edfics i la repercussi\u00f3 de les \u00faltimes tecnologies que s&#8217;han desenvolupat sobre l&#8217;origen de la vida (her\u00e8ncia, manipulaci\u00f3 gen\u00e8tica, clonaci\u00f3, reproducci\u00f3 assistida, anticoncepci\u00f3, drets del menor) i tamb\u00e9 a la fi de la vida (suport vital, redefinici\u00f3 de la mort, trasplantaments, ingressos en unitats de cures intensives&#8230;).<\/p>\n<p>&#8220;La bio\u00e8tica \u00e9s un cam\u00ed necessari que s&#8217;ha de rec\u00f3rrer. Cal integrar els valors en la presa de decisions per millorar la qualitat dels actes m\u00e8dics. Ricoeur diu que l&#8217;\u00e8tica \u00e9s &#8216;la mirada d&#8217;una vida bona, amb i per als altres&#8217;. La bio\u00e8tica sorgeix com el pont necessari entre la ci\u00e8ncia i els valors, perqu\u00e8 la ci\u00e8ncia explica all\u00f2 que \u00e9s exacte, per\u00f2 no all\u00f2 que \u00e9s just i hum\u00e0. \u00c9s un pont entre la ci\u00e8ncia i els valors que acompanyen els fets i consisteix en la transfer\u00e8ncia de l&#8217;\u00e8tica universal a tot el concernent a la salut. \u00c9s una visi\u00f3 del m\u00f3n en qu\u00e8 els aven\u00e7os cient\u00edfics han d&#8217;anar units als valors morals i ambientals en el seu progr\u00e9s evolutiu dirigit al benestar de la comunitat humana&#8221;, assenyalava, d&#8217;altra banda, al treball <strong>&#8220;Pot perdurar l&#8217;humanisme en un m\u00f3n de superficialitat?&#8221;<\/strong>, que va presentar a la primera edici\u00f3 del projecte <strong>Reptes Vitals per a una Nova Era<\/strong>, impulsat per la <strong>Fundaci\u00f3 Pro Reial Acad\u00e8mia Europea de Doctors<\/strong> al costat de la <strong>RAED<\/strong>.<\/p>\n<p>&nbsp;<\/p>\n<h2><a href=\"https:\/\/www.lavanguardia.com\/participacion\/cartas\/20210805\/7647586\/entender.html\" target=\"_blank\" rel=\"noopener\">Llegiu la carta<\/a><\/h2>\n","protected":false},"excerpt":{"rendered":"<p>Joaqu\u00edn Callabed respon als moviments antivacunes amb un missatge tan clar com conc\u00eds en la seva carta<\/p>\n","protected":false},"author":12,"featured_media":0,"comment_status":"closed","ping_status":"closed","sticky":false,"template":"","format":"standard","meta":{"_et_pb_use_builder":"","_et_pb_old_content":"","_et_gb_content_width":"","footnotes":""},"categories":[268,275,213,273],"tags":[],"class_list":["post-105497","post","type-post","status-publish","format-standard","hentry","category-coronavirus-des-del-coneixement","category-educacio-etica-i-valors","category-medicina-i-cirurgia","category-salut","et-doesnt-have-format-content","et_post_format-et-post-format-standard"],"yoast_head":"<!-- This site is optimized with the Yoast SEO plugin v27.4 - https:\/\/yoast.com\/product\/yoast-seo-wordpress\/ -->\n<title>Una resposta als antivacunes en nom dels que ja no poden respondre - Reial Acad\u00e8mia Europea de Doctors<\/title>\n<meta name=\"description\" content=\"Joaqu\u00edn Callabed respon als moviments antivacunes amb un missatge tan clar com conc\u00eds en la seva carta\" \/>\n<meta name=\"robots\" content=\"index, follow, max-snippet:-1, max-image-preview:large, max-video-preview:-1\" \/>\n<link rel=\"canonical\" href=\"https:\/\/raed.academy\/ca\/una-resposta-als-antivacunes-en-nom-dels-que-ja-no-poden-respondre\/\" \/>\n<meta property=\"og:locale\" content=\"ca_ES\" \/>\n<meta property=\"og:type\" content=\"article\" \/>\n<meta property=\"og:title\" content=\"Una resposta als antivacunes en nom dels que ja no poden respondre - Reial Acad\u00e8mia Europea de Doctors\" \/>\n<meta property=\"og:description\" content=\"Joaqu\u00edn Callabed respon als moviments antivacunes amb un missatge tan clar com conc\u00eds en la seva carta\" \/>\n<meta property=\"og:url\" content=\"https:\/\/raed.academy\/ca\/una-resposta-als-antivacunes-en-nom-dels-que-ja-no-poden-respondre\/\" \/>\n<meta property=\"og:site_name\" content=\"Reial Acad\u00e8mia Europea de Doctors\" \/>\n<meta property=\"article:publisher\" content=\"http:\/\/fb.me\/raed.academy\" \/>\n<meta property=\"article:published_time\" content=\"2021-09-03T09:01:27+00:00\" \/>\n<meta property=\"article:modified_time\" content=\"2021-09-05T12:45:53+00:00\" \/>\n<meta property=\"og:image\" content=\"https:\/\/raed.academy\/wp-content\/uploads\/2021\/09\/movimientos-antivacunas-dst.jpg\" \/>\n\t<meta property=\"og:image:width\" content=\"500\" \/>\n\t<meta property=\"og:image:height\" content=\"300\" \/>\n\t<meta property=\"og:image:type\" content=\"image\/jpeg\" \/>\n<meta name=\"author\" content=\"RAED\" \/>\n<meta name=\"twitter:card\" content=\"summary_large_image\" \/>\n<meta name=\"twitter:creator\" content=\"@raedacademy\" \/>\n<meta name=\"twitter:site\" content=\"@raedacademy\" \/>\n<meta name=\"twitter:label1\" content=\"Written by\" \/>\n\t<meta name=\"twitter:data1\" content=\"RAED\" \/>\n\t<meta name=\"twitter:label2\" content=\"Est. reading time\" \/>\n\t<meta name=\"twitter:data2\" content=\"3 minutes\" \/>\n<script type=\"application\/ld+json\" class=\"yoast-schema-graph\">{\"@context\":\"https:\\\/\\\/schema.org\",\"@graph\":[{\"@type\":\"Article\",\"@id\":\"https:\\\/\\\/raed.academy\\\/ca\\\/una-resposta-als-antivacunes-en-nom-dels-que-ja-no-poden-respondre\\\/#article\",\"isPartOf\":{\"@id\":\"https:\\\/\\\/raed.academy\\\/ca\\\/una-resposta-als-antivacunes-en-nom-dels-que-ja-no-poden-respondre\\\/\"},\"author\":{\"name\":\"RAED\",\"@id\":\"https:\\\/\\\/raed.academy\\\/ca\\\/#\\\/schema\\\/person\\\/5a755da80d1d979fd66ba745c8702927\"},\"headline\":\"Una resposta als antivacunes en nom dels que ja no poden respondre\",\"datePublished\":\"2021-09-03T09:01:27+00:00\",\"dateModified\":\"2021-09-05T12:45:53+00:00\",\"mainEntityOfPage\":{\"@id\":\"https:\\\/\\\/raed.academy\\\/ca\\\/una-resposta-als-antivacunes-en-nom-dels-que-ja-no-poden-respondre\\\/\"},\"wordCount\":620,\"publisher\":{\"@id\":\"https:\\\/\\\/raed.academy\\\/ca\\\/#organization\"},\"image\":{\"@id\":\"https:\\\/\\\/raed.academy\\\/ca\\\/una-resposta-als-antivacunes-en-nom-dels-que-ja-no-poden-respondre\\\/#primaryimage\"},\"thumbnailUrl\":\"https:\\\/\\\/raed.academy\\\/wp-content\\\/uploads\\\/2021\\\/09\\\/movimientos-antivacunas-dst.jpg\",\"articleSection\":[\"Coronavirus des del coneixement\",\"Educaci\u00f3, \u00e8tica i valors\",\"Medicina i cirurgia\",\"Salut\"],\"inLanguage\":\"ca-ES\"},{\"@type\":\"WebPage\",\"@id\":\"https:\\\/\\\/raed.academy\\\/ca\\\/una-resposta-als-antivacunes-en-nom-dels-que-ja-no-poden-respondre\\\/\",\"url\":\"https:\\\/\\\/raed.academy\\\/ca\\\/una-resposta-als-antivacunes-en-nom-dels-que-ja-no-poden-respondre\\\/\",\"name\":\"Una resposta als antivacunes en nom dels que ja no poden respondre - Reial Acad\u00e8mia Europea de Doctors\",\"isPartOf\":{\"@id\":\"https:\\\/\\\/raed.academy\\\/ca\\\/#website\"},\"primaryImageOfPage\":{\"@id\":\"https:\\\/\\\/raed.academy\\\/ca\\\/una-resposta-als-antivacunes-en-nom-dels-que-ja-no-poden-respondre\\\/#primaryimage\"},\"image\":{\"@id\":\"https:\\\/\\\/raed.academy\\\/ca\\\/una-resposta-als-antivacunes-en-nom-dels-que-ja-no-poden-respondre\\\/#primaryimage\"},\"thumbnailUrl\":\"https:\\\/\\\/raed.academy\\\/wp-content\\\/uploads\\\/2021\\\/09\\\/movimientos-antivacunas-dst.jpg\",\"datePublished\":\"2021-09-03T09:01:27+00:00\",\"dateModified\":\"2021-09-05T12:45:53+00:00\",\"description\":\"Joaqu\u00edn Callabed respon als moviments antivacunes amb un missatge tan clar com conc\u00eds en la seva carta\",\"breadcrumb\":{\"@id\":\"https:\\\/\\\/raed.academy\\\/ca\\\/una-resposta-als-antivacunes-en-nom-dels-que-ja-no-poden-respondre\\\/#breadcrumb\"},\"inLanguage\":\"ca-ES\",\"potentialAction\":[{\"@type\":\"ReadAction\",\"target\":[\"https:\\\/\\\/raed.academy\\\/ca\\\/una-resposta-als-antivacunes-en-nom-dels-que-ja-no-poden-respondre\\\/\"]}]},{\"@type\":\"ImageObject\",\"inLanguage\":\"ca-ES\",\"@id\":\"https:\\\/\\\/raed.academy\\\/ca\\\/una-resposta-als-antivacunes-en-nom-dels-que-ja-no-poden-respondre\\\/#primaryimage\",\"url\":\"https:\\\/\\\/raed.academy\\\/wp-content\\\/uploads\\\/2021\\\/09\\\/movimientos-antivacunas-dst.jpg\",\"contentUrl\":\"https:\\\/\\\/raed.academy\\\/wp-content\\\/uploads\\\/2021\\\/09\\\/movimientos-antivacunas-dst.jpg\"},{\"@type\":\"BreadcrumbList\",\"@id\":\"https:\\\/\\\/raed.academy\\\/ca\\\/una-resposta-als-antivacunes-en-nom-dels-que-ja-no-poden-respondre\\\/#breadcrumb\",\"itemListElement\":[{\"@type\":\"ListItem\",\"position\":1,\"name\":\"Inicio\",\"item\":\"https:\\\/\\\/raed.academy\\\/ca\\\/\"},{\"@type\":\"ListItem\",\"position\":2,\"name\":\"Una resposta als antivacunes en nom dels que ja no poden respondre\"}]},{\"@type\":\"WebSite\",\"@id\":\"https:\\\/\\\/raed.academy\\\/ca\\\/#website\",\"url\":\"https:\\\/\\\/raed.academy\\\/ca\\\/\",\"name\":\"Reial Acad\u00e8mia Europea de Doctors\",\"description\":\"Corporaci\u00f3n de derecho p\u00fablico de car\u00e1cter cient\u00edfico, t\u00e9cnico y art\u00edstico, que tiene por objeto la investigaci\u00f3n, el estudio, el fomento y la extensi\u00f3n del conocimiento en su sentido m\u00e1s amplio\",\"publisher\":{\"@id\":\"https:\\\/\\\/raed.academy\\\/ca\\\/#organization\"},\"potentialAction\":[{\"@type\":\"SearchAction\",\"target\":{\"@type\":\"EntryPoint\",\"urlTemplate\":\"https:\\\/\\\/raed.academy\\\/ca\\\/?s={search_term_string}\"},\"query-input\":{\"@type\":\"PropertyValueSpecification\",\"valueRequired\":true,\"valueName\":\"search_term_string\"}}],\"inLanguage\":\"ca-ES\"},{\"@type\":\"Organization\",\"@id\":\"https:\\\/\\\/raed.academy\\\/ca\\\/#organization\",\"name\":\"Real Academia Europea de Doctores\",\"url\":\"https:\\\/\\\/raed.academy\\\/ca\\\/\",\"logo\":{\"@type\":\"ImageObject\",\"inLanguage\":\"ca-ES\",\"@id\":\"https:\\\/\\\/raed.academy\\\/ca\\\/#\\\/schema\\\/logo\\\/image\\\/\",\"url\":\"https:\\\/\\\/raed.academy\\\/wp-content\\\/uploads\\\/2017\\\/01\\\/cropped-logo_raed.png\",\"contentUrl\":\"https:\\\/\\\/raed.academy\\\/wp-content\\\/uploads\\\/2017\\\/01\\\/cropped-logo_raed.png\",\"width\":512,\"height\":512,\"caption\":\"Real Academia Europea de Doctores\"},\"image\":{\"@id\":\"https:\\\/\\\/raed.academy\\\/ca\\\/#\\\/schema\\\/logo\\\/image\\\/\"},\"sameAs\":[\"http:\\\/\\\/fb.me\\\/raed.academy\",\"https:\\\/\\\/x.com\\\/raedacademy\",\"https:\\\/\\\/www.instagram.com\\\/raed.academy\\\/\",\"https:\\\/\\\/www.youtube.com\\\/channel\\\/UCUYQwW2KrdirNWihxMDObwg\"]},{\"@type\":\"Person\",\"@id\":\"https:\\\/\\\/raed.academy\\\/ca\\\/#\\\/schema\\\/person\\\/5a755da80d1d979fd66ba745c8702927\",\"name\":\"RAED\",\"image\":{\"@type\":\"ImageObject\",\"inLanguage\":\"ca-ES\",\"@id\":\"https:\\\/\\\/secure.gravatar.com\\\/avatar\\\/19fdfdc0d67fb9c45714b703a2ac82251c4fcea3637f002ac3c9b74c0183583c?s=96&d=mm&r=g\",\"url\":\"https:\\\/\\\/secure.gravatar.com\\\/avatar\\\/19fdfdc0d67fb9c45714b703a2ac82251c4fcea3637f002ac3c9b74c0183583c?s=96&d=mm&r=g\",\"contentUrl\":\"https:\\\/\\\/secure.gravatar.com\\\/avatar\\\/19fdfdc0d67fb9c45714b703a2ac82251c4fcea3637f002ac3c9b74c0183583c?s=96&d=mm&r=g\",\"caption\":\"RAED\"}}]}<\/script>\n<!-- \/ Yoast SEO plugin. -->","yoast_head_json":{"title":"Una resposta als antivacunes en nom dels que ja no poden respondre - Reial Acad\u00e8mia Europea de Doctors","description":"Joaqu\u00edn Callabed respon als moviments antivacunes amb un missatge tan clar com conc\u00eds en la seva carta","robots":{"index":"index","follow":"follow","max-snippet":"max-snippet:-1","max-image-preview":"max-image-preview:large","max-video-preview":"max-video-preview:-1"},"canonical":"https:\/\/raed.academy\/ca\/una-resposta-als-antivacunes-en-nom-dels-que-ja-no-poden-respondre\/","og_locale":"ca_ES","og_type":"article","og_title":"Una resposta als antivacunes en nom dels que ja no poden respondre - Reial Acad\u00e8mia Europea de Doctors","og_description":"Joaqu\u00edn Callabed respon als moviments antivacunes amb un missatge tan clar com conc\u00eds en la seva carta","og_url":"https:\/\/raed.academy\/ca\/una-resposta-als-antivacunes-en-nom-dels-que-ja-no-poden-respondre\/","og_site_name":"Reial Acad\u00e8mia Europea de Doctors","article_publisher":"http:\/\/fb.me\/raed.academy","article_published_time":"2021-09-03T09:01:27+00:00","article_modified_time":"2021-09-05T12:45:53+00:00","og_image":[{"width":500,"height":300,"url":"https:\/\/raed.academy\/wp-content\/uploads\/2021\/09\/movimientos-antivacunas-dst.jpg","type":"image\/jpeg"}],"author":"RAED","twitter_card":"summary_large_image","twitter_creator":"@raedacademy","twitter_site":"@raedacademy","twitter_misc":{"Written by":"RAED","Est. reading time":"3 minutes"},"schema":{"@context":"https:\/\/schema.org","@graph":[{"@type":"Article","@id":"https:\/\/raed.academy\/ca\/una-resposta-als-antivacunes-en-nom-dels-que-ja-no-poden-respondre\/#article","isPartOf":{"@id":"https:\/\/raed.academy\/ca\/una-resposta-als-antivacunes-en-nom-dels-que-ja-no-poden-respondre\/"},"author":{"name":"RAED","@id":"https:\/\/raed.academy\/ca\/#\/schema\/person\/5a755da80d1d979fd66ba745c8702927"},"headline":"Una resposta als antivacunes en nom dels que ja no poden respondre","datePublished":"2021-09-03T09:01:27+00:00","dateModified":"2021-09-05T12:45:53+00:00","mainEntityOfPage":{"@id":"https:\/\/raed.academy\/ca\/una-resposta-als-antivacunes-en-nom-dels-que-ja-no-poden-respondre\/"},"wordCount":620,"publisher":{"@id":"https:\/\/raed.academy\/ca\/#organization"},"image":{"@id":"https:\/\/raed.academy\/ca\/una-resposta-als-antivacunes-en-nom-dels-que-ja-no-poden-respondre\/#primaryimage"},"thumbnailUrl":"https:\/\/raed.academy\/wp-content\/uploads\/2021\/09\/movimientos-antivacunas-dst.jpg","articleSection":["Coronavirus des del coneixement","Educaci\u00f3, \u00e8tica i valors","Medicina i cirurgia","Salut"],"inLanguage":"ca-ES"},{"@type":"WebPage","@id":"https:\/\/raed.academy\/ca\/una-resposta-als-antivacunes-en-nom-dels-que-ja-no-poden-respondre\/","url":"https:\/\/raed.academy\/ca\/una-resposta-als-antivacunes-en-nom-dels-que-ja-no-poden-respondre\/","name":"Una resposta als antivacunes en nom dels que ja no poden respondre - Reial Acad\u00e8mia Europea de Doctors","isPartOf":{"@id":"https:\/\/raed.academy\/ca\/#website"},"primaryImageOfPage":{"@id":"https:\/\/raed.academy\/ca\/una-resposta-als-antivacunes-en-nom-dels-que-ja-no-poden-respondre\/#primaryimage"},"image":{"@id":"https:\/\/raed.academy\/ca\/una-resposta-als-antivacunes-en-nom-dels-que-ja-no-poden-respondre\/#primaryimage"},"thumbnailUrl":"https:\/\/raed.academy\/wp-content\/uploads\/2021\/09\/movimientos-antivacunas-dst.jpg","datePublished":"2021-09-03T09:01:27+00:00","dateModified":"2021-09-05T12:45:53+00:00","description":"Joaqu\u00edn Callabed respon als moviments antivacunes amb un missatge tan clar com conc\u00eds en la seva carta","breadcrumb":{"@id":"https:\/\/raed.academy\/ca\/una-resposta-als-antivacunes-en-nom-dels-que-ja-no-poden-respondre\/#breadcrumb"},"inLanguage":"ca-ES","potentialAction":[{"@type":"ReadAction","target":["https:\/\/raed.academy\/ca\/una-resposta-als-antivacunes-en-nom-dels-que-ja-no-poden-respondre\/"]}]},{"@type":"ImageObject","inLanguage":"ca-ES","@id":"https:\/\/raed.academy\/ca\/una-resposta-als-antivacunes-en-nom-dels-que-ja-no-poden-respondre\/#primaryimage","url":"https:\/\/raed.academy\/wp-content\/uploads\/2021\/09\/movimientos-antivacunas-dst.jpg","contentUrl":"https:\/\/raed.academy\/wp-content\/uploads\/2021\/09\/movimientos-antivacunas-dst.jpg"},{"@type":"BreadcrumbList","@id":"https:\/\/raed.academy\/ca\/una-resposta-als-antivacunes-en-nom-dels-que-ja-no-poden-respondre\/#breadcrumb","itemListElement":[{"@type":"ListItem","position":1,"name":"Inicio","item":"https:\/\/raed.academy\/ca\/"},{"@type":"ListItem","position":2,"name":"Una resposta als antivacunes en nom dels que ja no poden respondre"}]},{"@type":"WebSite","@id":"https:\/\/raed.academy\/ca\/#website","url":"https:\/\/raed.academy\/ca\/","name":"Reial Acad\u00e8mia Europea de Doctors","description":"Corporaci\u00f3n de derecho p\u00fablico de car\u00e1cter cient\u00edfico, t\u00e9cnico y art\u00edstico, que tiene por objeto la investigaci\u00f3n, el estudio, el fomento y la extensi\u00f3n del conocimiento en su sentido m\u00e1s amplio","publisher":{"@id":"https:\/\/raed.academy\/ca\/#organization"},"potentialAction":[{"@type":"SearchAction","target":{"@type":"EntryPoint","urlTemplate":"https:\/\/raed.academy\/ca\/?s={search_term_string}"},"query-input":{"@type":"PropertyValueSpecification","valueRequired":true,"valueName":"search_term_string"}}],"inLanguage":"ca-ES"},{"@type":"Organization","@id":"https:\/\/raed.academy\/ca\/#organization","name":"Real Academia Europea de Doctores","url":"https:\/\/raed.academy\/ca\/","logo":{"@type":"ImageObject","inLanguage":"ca-ES","@id":"https:\/\/raed.academy\/ca\/#\/schema\/logo\/image\/","url":"https:\/\/raed.academy\/wp-content\/uploads\/2017\/01\/cropped-logo_raed.png","contentUrl":"https:\/\/raed.academy\/wp-content\/uploads\/2017\/01\/cropped-logo_raed.png","width":512,"height":512,"caption":"Real Academia Europea de Doctores"},"image":{"@id":"https:\/\/raed.academy\/ca\/#\/schema\/logo\/image\/"},"sameAs":["http:\/\/fb.me\/raed.academy","https:\/\/x.com\/raedacademy","https:\/\/www.instagram.com\/raed.academy\/","https:\/\/www.youtube.com\/channel\/UCUYQwW2KrdirNWihxMDObwg"]},{"@type":"Person","@id":"https:\/\/raed.academy\/ca\/#\/schema\/person\/5a755da80d1d979fd66ba745c8702927","name":"RAED","image":{"@type":"ImageObject","inLanguage":"ca-ES","@id":"https:\/\/secure.gravatar.com\/avatar\/19fdfdc0d67fb9c45714b703a2ac82251c4fcea3637f002ac3c9b74c0183583c?s=96&d=mm&r=g","url":"https:\/\/secure.gravatar.com\/avatar\/19fdfdc0d67fb9c45714b703a2ac82251c4fcea3637f002ac3c9b74c0183583c?s=96&d=mm&r=g","contentUrl":"https:\/\/secure.gravatar.com\/avatar\/19fdfdc0d67fb9c45714b703a2ac82251c4fcea3637f002ac3c9b74c0183583c?s=96&d=mm&r=g","caption":"RAED"}}]}},"_links":{"self":[{"href":"https:\/\/raed.academy\/ca\/wp-json\/wp\/v2\/posts\/105497","targetHints":{"allow":["GET"]}}],"collection":[{"href":"https:\/\/raed.academy\/ca\/wp-json\/wp\/v2\/posts"}],"about":[{"href":"https:\/\/raed.academy\/ca\/wp-json\/wp\/v2\/types\/post"}],"author":[{"embeddable":true,"href":"https:\/\/raed.academy\/ca\/wp-json\/wp\/v2\/users\/12"}],"replies":[{"embeddable":true,"href":"https:\/\/raed.academy\/ca\/wp-json\/wp\/v2\/comments?post=105497"}],"version-history":[{"count":0,"href":"https:\/\/raed.academy\/ca\/wp-json\/wp\/v2\/posts\/105497\/revisions"}],"wp:attachment":[{"href":"https:\/\/raed.academy\/ca\/wp-json\/wp\/v2\/media?parent=105497"}],"wp:term":[{"taxonomy":"category","embeddable":true,"href":"https:\/\/raed.academy\/ca\/wp-json\/wp\/v2\/categories?post=105497"},{"taxonomy":"post_tag","embeddable":true,"href":"https:\/\/raed.academy\/ca\/wp-json\/wp\/v2\/tags?post=105497"}],"curies":[{"name":"wp","href":"https:\/\/api.w.org\/{rel}","templated":true}]}}