{"id":105384,"date":"2021-08-27T23:00:56","date_gmt":"2021-08-27T23:00:56","guid":{"rendered":"https:\/\/raed.academy\/?p=105384"},"modified":"2021-08-28T17:03:34","modified_gmt":"2021-08-28T17:03:34","slug":"iniciatives-que-fan-possible-una-llatinoamerica-mes-justa-mes-inclusiva-i-mes-sostenible","status":"publish","type":"post","link":"https:\/\/raed.academy\/ca\/iniciatives-que-fan-possible-una-llatinoamerica-mes-justa-mes-inclusiva-i-mes-sostenible\/","title":{"rendered":"Iniciatives que fan possible una Llatinoam\u00e8rica m\u00e9s justa, m\u00e9s inclusiva i m\u00e9s sostenible"},"content":{"rendered":"<p><a href=\"https:\/\/raed.academy\/ca\/academics\/dra-rosalia-arteaga-serrano\/\" target=\"_blank\" rel=\"noopener\"><strong><em>Rosal\u00eda Arteaga<\/em><\/strong><\/a><br \/>\n<em>Ex-presidenta i ex-ministra d&#8217;Educaci\u00f3 de l&#8217;Equador, presidenta de la Fundaci\u00f3 per al Desenvolupament d&#8217;Am\u00e8rica Llatina i acad\u00e8mica d&#8217;honor de la Reial Acad\u00e8mia Europea de Doctors-Barcelona 1914 (RAED)<\/em><\/p>\n<div id=\"attachment_102443\" style=\"width: 310px\" class=\"wp-caption alignright\"><img loading=\"lazy\" decoding=\"async\" aria-describedby=\"caption-attachment-102443\" class=\"wp-image-102443\" src=\"https:\/\/raed.academy\/wp-content\/uploads\/2021\/05\/Rosalia-Arteaga.jpg\" alt=\"Rosal\u00eda Arteaga\" width=\"300\" height=\"452\" aria-describedby=\"caption-attachment-102443\" \/><p id=\"caption-attachment-102443\" class=\"wp-caption-text\">Dra. Rosal\u00eda Arteaga<\/p><\/div>\n<p><a href=\"https:\/\/raed.academy\/ca\/academics\/dra-rosalia-arteaga-serrano\/\" target=\"_blank\" rel=\"noopener\"><strong><em>Rosal\u00eda Arteaga<\/em><\/strong><\/a>, ex-presidenta i ex-ministra d&#8217;Educaci\u00f3 de l&#8217;Equador, presidenta de la <a href=\"https:\/\/www.fidal-amlat.org\/\" target=\"_blank\" rel=\"noopener\"><strong>Fundaci\u00f3 per a la Integraci\u00f3 i el Desenvolupament d&#8217;Am\u00e8rica Llatina<\/strong><\/a> (Fidal), reconeguda activista per l&#8217;educaci\u00f3 i la inf\u00e0ncia i acad\u00e8mica d&#8217;honor de la <strong>Reial Acad\u00e8mia Europea de Doctors-Barcelona 1914<\/strong> (RAED), presenta a tota la comunitat acad\u00e8mica els \u00faltims projectes que Fidal ha desenvolupat a l&#8217;Equador i a diversos pa\u00efsos de la regi\u00f3 en la seva lluita a favor de la igualtat i la inclusi\u00f3, amb el programa de beques <strong>Ecuador Emprende<\/strong>, el projecte <strong>Visi\u00f3n 2030<\/strong>, la setena edici\u00f3 de l&#8217;<strong>Escola de Lideratge<\/strong> i l&#8217;<strong>Acad\u00e8mia E-STEM<\/strong> com a grans exemples d&#8217;\u00e8xit.<\/p>\n<p><strong>Ecuador Emprende<\/strong> lliurar\u00e0 5.000 beques per a cursos en l\u00ednia, gr\u00e0cies al conveni de cooperaci\u00f3 entre la <a href=\"https:\/\/www.fidal-amlat.org\/\" target=\"_blank\" rel=\"noopener\"><strong>Fundaci\u00f3 Fidal<\/strong><\/a> i l&#8217;empresa espanyola <strong>Founderz<\/strong>, que facilitar\u00e0 l&#8217;acc\u00e9s gratu\u00eft, durant tres anys, a la seva plataforma per a la formaci\u00f3 en habilitats professionals a col\u00b7lectius, associacions i persones individuals. El llan\u00e7ament d&#8217;aquesta iniciativa es va fer el passat mes de juny i s&#8217;adre\u00e7a a emprenedors, donant prioritat a les persones i associacions menys afavorides. Les beques inclouen l&#8217;acc\u00e9s gratu\u00eft complet a Founderz, que posseeix desenes de cursos basats en el format de microlearning. &#8220;La idea \u00e9s que la persona que accedeixi a una beca faci tots els cursos que vulgui. El nostre lema \u00e9s fer 5.000 negocis fundats a partir d&#8217;aquestes beques&#8221;, ha assenyalat <strong>Pau Garcia-Mil\u00e0<\/strong>, co-fundador d&#8217;Founderz.<\/p>\n<p>Per la seva banda, l&#8217;Acad\u00e8mia E-STEM \u00e9s un programa de formaci\u00f3 per a docents d&#8217;educaci\u00f3 b\u00e0sica i batxillerat de tot l&#8217;Equador que t\u00e9 com a objectiu la formaci\u00f3 de mestres en l&#8217;enfocament educatiu E-STEM (Ethics, Science, Technology, Engineering and Mathematics). Durant 40 hores de classe els docents es formen en camps com ara la gamificaci\u00f3, el curr\u00edculum E-STEM, la inclusi\u00f3 de les dones a la ci\u00e8ncia, les noves metodologies educatives i les aplicacions tecnol\u00f2giques. El curs passat, l&#8217;Acad\u00e8mia E-STEM va capacitar a 271 professors equatorians en uns cursos certificats per la <strong>Universitat d&#8217;Otavalo<\/strong>.<\/p>\n<p>Dissenyada per a joves de 16 a 18 anys, l&#8217;Escola de Lideratge ha format ja a m\u00e9s de 12.000 estudiants de tot l&#8217;Equador i diversos pa\u00efsos de la regi\u00f3 a trav\u00e9s de f\u00f2rums i experi\u00e8ncies amb l\u00edders socials i pol\u00edtics. El projecte t\u00e9 com a objectiu promoure la construcci\u00f3 de capacitats i desenvolupament formatiu de joves l\u00edders i respon a un proc\u00e9s institucional d&#8217;aprenentatge continu i de desenvolupament d&#8217;iniciatives i la promoci\u00f3 de valors democr\u00e0tics. Aix\u00ed mateix busca desenvolupar capacitats t\u00e8cniques de potencials gestors p\u00fablics i privats, aprofundir processos formatius que redunden en enfortir l&#8217;acci\u00f3 \u00e8tica i la qualificaci\u00f3 de lideratges que aportin i respectin la institucionalitat de la democr\u00e0cia i, sobretot, generar la capacitat estrat\u00e8gica d&#8217;influir en les pol\u00edtiques p\u00fabliques orientades al desenvolupament, amb un enfocament particular en millorar la qualitat de vida de tots els equatorians.<\/p>\n<p>Finalment, <strong>Visi\u00f3n 2030<\/strong> \u00e9s una iniciativa del sector privat que amb una visi\u00f3 a llarg termini s&#8217;articula als actors empresarials, acad\u00e8mics, p\u00fablics i societat civil per al compliment dels <strong>Objectius de Desenvolupament Sostenibles<\/strong> (ODS) a la llum de les oportunitats derivades de la Quarta Revoluci\u00f3 Industrial en el qual tamb\u00e9 s&#8217;ha implicat activament la Fundaci\u00f3 Fidal. A trav\u00e9s d&#8217;aquest ambici\u00f3s projecte, els empresaris equatorians s&#8217;han comprom\u00e8s amb els objectius de l&#8217;<strong>Agenda 2030<\/strong> de les <strong>Nacions Unides<\/strong>. Un pla d&#8217;acci\u00f3 que busca eradicar la pobresa, aconseguir un creixement econ\u00f2mic sostingut, combatre el canvi clim\u00e0tic o promoure societats pac\u00edfiques. Tot plegat gr\u00e0cies a un comprom\u00eds global.<\/p>\n<p><strong>La Fundaci\u00f3 per a la Integraci\u00f3 i el Desenvolupament d&#8217;Am\u00e8rica Llatina<\/strong> \u00e9s un organisme no governamental que treballa pel desenvolupament nacional i internacional en termes de cooperaci\u00f3. Aix\u00ed mateix, treballa per millorar el sistema educatiu nacional i internacional mitjan\u00e7ant l&#8217;empoderament, capacitaci\u00f3 i reconeixement de mestres d&#8217;educaci\u00f3 prim\u00e0ria, secund\u00e0ria i batxillerat.<\/p>\n","protected":false},"excerpt":{"rendered":"<p>Rosal\u00eda Arteaga presenta els darrers projectes de la Fundaci\u00f3 Fidal a Equador en la seva lluita a favor de la igualtat i la inclusi\u00f3<\/p>\n","protected":false},"author":12,"featured_media":105323,"comment_status":"closed","ping_status":"closed","sticky":false,"template":"","format":"standard","meta":{"_et_pb_use_builder":"","_et_pb_old_content":"","_et_gb_content_width":"","footnotes":""},"categories":[350,316,304,310,217],"tags":[],"class_list":["post-105384","post","type-post","status-publish","format-standard","has-post-thumbnail","hentry","category-ciencies-politiques","category-docencia-ca","category-economia-i-politica-ca","category-medi-ambient","category-missions-humanitaries-ong-fundacions","et-has-post-format-content","et_post_format-et-post-format-standard"],"yoast_head":"<!-- This site is optimized with the Yoast SEO plugin v27.4 - https:\/\/yoast.com\/product\/yoast-seo-wordpress\/ -->\n<title>Iniciatives que fan possible una Llatinoam\u00e8rica m\u00e9s justa, m\u00e9s inclusiva i m\u00e9s sostenible - Reial Acad\u00e8mia Europea de Doctors<\/title>\n<meta name=\"description\" content=\"Rosal\u00eda Arteaga presenta els darrers projectes de la Fundaci\u00f3 Fidal a Equador en la seva lluita a favor de la igualtat i la inclusi\u00f3\" \/>\n<meta name=\"robots\" content=\"index, follow, max-snippet:-1, max-image-preview:large, max-video-preview:-1\" \/>\n<link rel=\"canonical\" href=\"https:\/\/raed.academy\/ca\/iniciatives-que-fan-possible-una-llatinoamerica-mes-justa-mes-inclusiva-i-mes-sostenible\/\" \/>\n<meta property=\"og:locale\" content=\"ca_ES\" \/>\n<meta property=\"og:type\" content=\"article\" \/>\n<meta property=\"og:title\" content=\"Iniciatives que fan possible una Llatinoam\u00e8rica m\u00e9s justa, m\u00e9s inclusiva i m\u00e9s sostenible - Reial Acad\u00e8mia Europea de Doctors\" \/>\n<meta property=\"og:description\" content=\"Rosal\u00eda Arteaga presenta els darrers projectes de la Fundaci\u00f3 Fidal a Equador en la seva lluita a favor de la igualtat i la inclusi\u00f3\" \/>\n<meta property=\"og:url\" content=\"https:\/\/raed.academy\/ca\/iniciatives-que-fan-possible-una-llatinoamerica-mes-justa-mes-inclusiva-i-mes-sostenible\/\" \/>\n<meta property=\"og:site_name\" content=\"Reial Acad\u00e8mia Europea de Doctors\" \/>\n<meta property=\"article:publisher\" content=\"http:\/\/fb.me\/raed.academy\" \/>\n<meta property=\"article:published_time\" content=\"2021-08-27T23:00:56+00:00\" \/>\n<meta property=\"article:modified_time\" content=\"2021-08-28T17:03:34+00:00\" \/>\n<meta property=\"og:image\" content=\"https:\/\/raed.academy\/wp-content\/uploads\/2021\/08\/igualdad-inclusion-latinoamerica-dst.jpeg\" \/>\n\t<meta property=\"og:image:width\" content=\"600\" \/>\n\t<meta property=\"og:image:height\" content=\"360\" \/>\n\t<meta property=\"og:image:type\" content=\"image\/jpeg\" \/>\n<meta name=\"author\" content=\"RAED\" \/>\n<meta name=\"twitter:card\" content=\"summary_large_image\" \/>\n<meta name=\"twitter:creator\" content=\"@raedacademy\" \/>\n<meta name=\"twitter:site\" content=\"@raedacademy\" \/>\n<meta name=\"twitter:label1\" content=\"Written by\" \/>\n\t<meta name=\"twitter:data1\" content=\"RAED\" \/>\n\t<meta name=\"twitter:label2\" content=\"Est. reading time\" \/>\n\t<meta name=\"twitter:data2\" content=\"3 minutes\" \/>\n<script type=\"application\/ld+json\" class=\"yoast-schema-graph\">{\"@context\":\"https:\\\/\\\/schema.org\",\"@graph\":[{\"@type\":\"Article\",\"@id\":\"https:\\\/\\\/raed.academy\\\/ca\\\/iniciatives-que-fan-possible-una-llatinoamerica-mes-justa-mes-inclusiva-i-mes-sostenible\\\/#article\",\"isPartOf\":{\"@id\":\"https:\\\/\\\/raed.academy\\\/ca\\\/iniciatives-que-fan-possible-una-llatinoamerica-mes-justa-mes-inclusiva-i-mes-sostenible\\\/\"},\"author\":{\"name\":\"RAED\",\"@id\":\"https:\\\/\\\/raed.academy\\\/ca\\\/#\\\/schema\\\/person\\\/5a755da80d1d979fd66ba745c8702927\"},\"headline\":\"Iniciatives que fan possible una Llatinoam\u00e8rica m\u00e9s justa, m\u00e9s inclusiva i m\u00e9s sostenible\",\"datePublished\":\"2021-08-27T23:00:56+00:00\",\"dateModified\":\"2021-08-28T17:03:34+00:00\",\"mainEntityOfPage\":{\"@id\":\"https:\\\/\\\/raed.academy\\\/ca\\\/iniciatives-que-fan-possible-una-llatinoamerica-mes-justa-mes-inclusiva-i-mes-sostenible\\\/\"},\"wordCount\":757,\"publisher\":{\"@id\":\"https:\\\/\\\/raed.academy\\\/ca\\\/#organization\"},\"image\":{\"@id\":\"https:\\\/\\\/raed.academy\\\/ca\\\/iniciatives-que-fan-possible-una-llatinoamerica-mes-justa-mes-inclusiva-i-mes-sostenible\\\/#primaryimage\"},\"thumbnailUrl\":\"https:\\\/\\\/raed.academy\\\/wp-content\\\/uploads\\\/2021\\\/08\\\/igualdad-inclusion-latinoamerica-dst.jpeg\",\"articleSection\":[\"Ci\u00e8ncies pol\u00edtiques\",\"Doc\u00e8ncia\",\"Economia i pol\u00edtica\",\"Medi ambient\",\"Missions humanit\u00e0ries, ONGs y fundacions\"],\"inLanguage\":\"ca-ES\"},{\"@type\":\"WebPage\",\"@id\":\"https:\\\/\\\/raed.academy\\\/ca\\\/iniciatives-que-fan-possible-una-llatinoamerica-mes-justa-mes-inclusiva-i-mes-sostenible\\\/\",\"url\":\"https:\\\/\\\/raed.academy\\\/ca\\\/iniciatives-que-fan-possible-una-llatinoamerica-mes-justa-mes-inclusiva-i-mes-sostenible\\\/\",\"name\":\"Iniciatives que fan possible una Llatinoam\u00e8rica m\u00e9s justa, m\u00e9s inclusiva i m\u00e9s sostenible - Reial Acad\u00e8mia Europea de Doctors\",\"isPartOf\":{\"@id\":\"https:\\\/\\\/raed.academy\\\/ca\\\/#website\"},\"primaryImageOfPage\":{\"@id\":\"https:\\\/\\\/raed.academy\\\/ca\\\/iniciatives-que-fan-possible-una-llatinoamerica-mes-justa-mes-inclusiva-i-mes-sostenible\\\/#primaryimage\"},\"image\":{\"@id\":\"https:\\\/\\\/raed.academy\\\/ca\\\/iniciatives-que-fan-possible-una-llatinoamerica-mes-justa-mes-inclusiva-i-mes-sostenible\\\/#primaryimage\"},\"thumbnailUrl\":\"https:\\\/\\\/raed.academy\\\/wp-content\\\/uploads\\\/2021\\\/08\\\/igualdad-inclusion-latinoamerica-dst.jpeg\",\"datePublished\":\"2021-08-27T23:00:56+00:00\",\"dateModified\":\"2021-08-28T17:03:34+00:00\",\"description\":\"Rosal\u00eda Arteaga presenta els darrers projectes de la Fundaci\u00f3 Fidal a Equador en la seva lluita a favor de la igualtat i la inclusi\u00f3\",\"breadcrumb\":{\"@id\":\"https:\\\/\\\/raed.academy\\\/ca\\\/iniciatives-que-fan-possible-una-llatinoamerica-mes-justa-mes-inclusiva-i-mes-sostenible\\\/#breadcrumb\"},\"inLanguage\":\"ca-ES\",\"potentialAction\":[{\"@type\":\"ReadAction\",\"target\":[\"https:\\\/\\\/raed.academy\\\/ca\\\/iniciatives-que-fan-possible-una-llatinoamerica-mes-justa-mes-inclusiva-i-mes-sostenible\\\/\"]}]},{\"@type\":\"ImageObject\",\"inLanguage\":\"ca-ES\",\"@id\":\"https:\\\/\\\/raed.academy\\\/ca\\\/iniciatives-que-fan-possible-una-llatinoamerica-mes-justa-mes-inclusiva-i-mes-sostenible\\\/#primaryimage\",\"url\":\"https:\\\/\\\/raed.academy\\\/wp-content\\\/uploads\\\/2021\\\/08\\\/igualdad-inclusion-latinoamerica-dst.jpeg\",\"contentUrl\":\"https:\\\/\\\/raed.academy\\\/wp-content\\\/uploads\\\/2021\\\/08\\\/igualdad-inclusion-latinoamerica-dst.jpeg\",\"width\":600,\"height\":360},{\"@type\":\"BreadcrumbList\",\"@id\":\"https:\\\/\\\/raed.academy\\\/ca\\\/iniciatives-que-fan-possible-una-llatinoamerica-mes-justa-mes-inclusiva-i-mes-sostenible\\\/#breadcrumb\",\"itemListElement\":[{\"@type\":\"ListItem\",\"position\":1,\"name\":\"Inicio\",\"item\":\"https:\\\/\\\/raed.academy\\\/ca\\\/\"},{\"@type\":\"ListItem\",\"position\":2,\"name\":\"Iniciatives que fan possible una Llatinoam\u00e8rica m\u00e9s justa, m\u00e9s inclusiva i m\u00e9s sostenible\"}]},{\"@type\":\"WebSite\",\"@id\":\"https:\\\/\\\/raed.academy\\\/ca\\\/#website\",\"url\":\"https:\\\/\\\/raed.academy\\\/ca\\\/\",\"name\":\"Reial Acad\u00e8mia Europea de Doctors\",\"description\":\"Corporaci\u00f3n de derecho p\u00fablico de car\u00e1cter cient\u00edfico, t\u00e9cnico y art\u00edstico, que tiene por objeto la investigaci\u00f3n, el estudio, el fomento y la extensi\u00f3n del conocimiento en su sentido m\u00e1s amplio\",\"publisher\":{\"@id\":\"https:\\\/\\\/raed.academy\\\/ca\\\/#organization\"},\"potentialAction\":[{\"@type\":\"SearchAction\",\"target\":{\"@type\":\"EntryPoint\",\"urlTemplate\":\"https:\\\/\\\/raed.academy\\\/ca\\\/?s={search_term_string}\"},\"query-input\":{\"@type\":\"PropertyValueSpecification\",\"valueRequired\":true,\"valueName\":\"search_term_string\"}}],\"inLanguage\":\"ca-ES\"},{\"@type\":\"Organization\",\"@id\":\"https:\\\/\\\/raed.academy\\\/ca\\\/#organization\",\"name\":\"Real Academia Europea de Doctores\",\"url\":\"https:\\\/\\\/raed.academy\\\/ca\\\/\",\"logo\":{\"@type\":\"ImageObject\",\"inLanguage\":\"ca-ES\",\"@id\":\"https:\\\/\\\/raed.academy\\\/ca\\\/#\\\/schema\\\/logo\\\/image\\\/\",\"url\":\"https:\\\/\\\/raed.academy\\\/wp-content\\\/uploads\\\/2017\\\/01\\\/cropped-logo_raed.png\",\"contentUrl\":\"https:\\\/\\\/raed.academy\\\/wp-content\\\/uploads\\\/2017\\\/01\\\/cropped-logo_raed.png\",\"width\":512,\"height\":512,\"caption\":\"Real Academia Europea de Doctores\"},\"image\":{\"@id\":\"https:\\\/\\\/raed.academy\\\/ca\\\/#\\\/schema\\\/logo\\\/image\\\/\"},\"sameAs\":[\"http:\\\/\\\/fb.me\\\/raed.academy\",\"https:\\\/\\\/x.com\\\/raedacademy\",\"https:\\\/\\\/www.instagram.com\\\/raed.academy\\\/\",\"https:\\\/\\\/www.youtube.com\\\/channel\\\/UCUYQwW2KrdirNWihxMDObwg\"]},{\"@type\":\"Person\",\"@id\":\"https:\\\/\\\/raed.academy\\\/ca\\\/#\\\/schema\\\/person\\\/5a755da80d1d979fd66ba745c8702927\",\"name\":\"RAED\",\"image\":{\"@type\":\"ImageObject\",\"inLanguage\":\"ca-ES\",\"@id\":\"https:\\\/\\\/secure.gravatar.com\\\/avatar\\\/19fdfdc0d67fb9c45714b703a2ac82251c4fcea3637f002ac3c9b74c0183583c?s=96&d=mm&r=g\",\"url\":\"https:\\\/\\\/secure.gravatar.com\\\/avatar\\\/19fdfdc0d67fb9c45714b703a2ac82251c4fcea3637f002ac3c9b74c0183583c?s=96&d=mm&r=g\",\"contentUrl\":\"https:\\\/\\\/secure.gravatar.com\\\/avatar\\\/19fdfdc0d67fb9c45714b703a2ac82251c4fcea3637f002ac3c9b74c0183583c?s=96&d=mm&r=g\",\"caption\":\"RAED\"}}]}<\/script>\n<!-- \/ Yoast SEO plugin. -->","yoast_head_json":{"title":"Iniciatives que fan possible una Llatinoam\u00e8rica m\u00e9s justa, m\u00e9s inclusiva i m\u00e9s sostenible - Reial Acad\u00e8mia Europea de Doctors","description":"Rosal\u00eda Arteaga presenta els darrers projectes de la Fundaci\u00f3 Fidal a Equador en la seva lluita a favor de la igualtat i la inclusi\u00f3","robots":{"index":"index","follow":"follow","max-snippet":"max-snippet:-1","max-image-preview":"max-image-preview:large","max-video-preview":"max-video-preview:-1"},"canonical":"https:\/\/raed.academy\/ca\/iniciatives-que-fan-possible-una-llatinoamerica-mes-justa-mes-inclusiva-i-mes-sostenible\/","og_locale":"ca_ES","og_type":"article","og_title":"Iniciatives que fan possible una Llatinoam\u00e8rica m\u00e9s justa, m\u00e9s inclusiva i m\u00e9s sostenible - Reial Acad\u00e8mia Europea de Doctors","og_description":"Rosal\u00eda Arteaga presenta els darrers projectes de la Fundaci\u00f3 Fidal a Equador en la seva lluita a favor de la igualtat i la inclusi\u00f3","og_url":"https:\/\/raed.academy\/ca\/iniciatives-que-fan-possible-una-llatinoamerica-mes-justa-mes-inclusiva-i-mes-sostenible\/","og_site_name":"Reial Acad\u00e8mia Europea de Doctors","article_publisher":"http:\/\/fb.me\/raed.academy","article_published_time":"2021-08-27T23:00:56+00:00","article_modified_time":"2021-08-28T17:03:34+00:00","og_image":[{"width":600,"height":360,"url":"https:\/\/raed.academy\/wp-content\/uploads\/2021\/08\/igualdad-inclusion-latinoamerica-dst.jpeg","type":"image\/jpeg"}],"author":"RAED","twitter_card":"summary_large_image","twitter_creator":"@raedacademy","twitter_site":"@raedacademy","twitter_misc":{"Written by":"RAED","Est. reading time":"3 minutes"},"schema":{"@context":"https:\/\/schema.org","@graph":[{"@type":"Article","@id":"https:\/\/raed.academy\/ca\/iniciatives-que-fan-possible-una-llatinoamerica-mes-justa-mes-inclusiva-i-mes-sostenible\/#article","isPartOf":{"@id":"https:\/\/raed.academy\/ca\/iniciatives-que-fan-possible-una-llatinoamerica-mes-justa-mes-inclusiva-i-mes-sostenible\/"},"author":{"name":"RAED","@id":"https:\/\/raed.academy\/ca\/#\/schema\/person\/5a755da80d1d979fd66ba745c8702927"},"headline":"Iniciatives que fan possible una Llatinoam\u00e8rica m\u00e9s justa, m\u00e9s inclusiva i m\u00e9s sostenible","datePublished":"2021-08-27T23:00:56+00:00","dateModified":"2021-08-28T17:03:34+00:00","mainEntityOfPage":{"@id":"https:\/\/raed.academy\/ca\/iniciatives-que-fan-possible-una-llatinoamerica-mes-justa-mes-inclusiva-i-mes-sostenible\/"},"wordCount":757,"publisher":{"@id":"https:\/\/raed.academy\/ca\/#organization"},"image":{"@id":"https:\/\/raed.academy\/ca\/iniciatives-que-fan-possible-una-llatinoamerica-mes-justa-mes-inclusiva-i-mes-sostenible\/#primaryimage"},"thumbnailUrl":"https:\/\/raed.academy\/wp-content\/uploads\/2021\/08\/igualdad-inclusion-latinoamerica-dst.jpeg","articleSection":["Ci\u00e8ncies pol\u00edtiques","Doc\u00e8ncia","Economia i pol\u00edtica","Medi ambient","Missions humanit\u00e0ries, ONGs y fundacions"],"inLanguage":"ca-ES"},{"@type":"WebPage","@id":"https:\/\/raed.academy\/ca\/iniciatives-que-fan-possible-una-llatinoamerica-mes-justa-mes-inclusiva-i-mes-sostenible\/","url":"https:\/\/raed.academy\/ca\/iniciatives-que-fan-possible-una-llatinoamerica-mes-justa-mes-inclusiva-i-mes-sostenible\/","name":"Iniciatives que fan possible una Llatinoam\u00e8rica m\u00e9s justa, m\u00e9s inclusiva i m\u00e9s sostenible - Reial Acad\u00e8mia Europea de Doctors","isPartOf":{"@id":"https:\/\/raed.academy\/ca\/#website"},"primaryImageOfPage":{"@id":"https:\/\/raed.academy\/ca\/iniciatives-que-fan-possible-una-llatinoamerica-mes-justa-mes-inclusiva-i-mes-sostenible\/#primaryimage"},"image":{"@id":"https:\/\/raed.academy\/ca\/iniciatives-que-fan-possible-una-llatinoamerica-mes-justa-mes-inclusiva-i-mes-sostenible\/#primaryimage"},"thumbnailUrl":"https:\/\/raed.academy\/wp-content\/uploads\/2021\/08\/igualdad-inclusion-latinoamerica-dst.jpeg","datePublished":"2021-08-27T23:00:56+00:00","dateModified":"2021-08-28T17:03:34+00:00","description":"Rosal\u00eda Arteaga presenta els darrers projectes de la Fundaci\u00f3 Fidal a Equador en la seva lluita a favor de la igualtat i la inclusi\u00f3","breadcrumb":{"@id":"https:\/\/raed.academy\/ca\/iniciatives-que-fan-possible-una-llatinoamerica-mes-justa-mes-inclusiva-i-mes-sostenible\/#breadcrumb"},"inLanguage":"ca-ES","potentialAction":[{"@type":"ReadAction","target":["https:\/\/raed.academy\/ca\/iniciatives-que-fan-possible-una-llatinoamerica-mes-justa-mes-inclusiva-i-mes-sostenible\/"]}]},{"@type":"ImageObject","inLanguage":"ca-ES","@id":"https:\/\/raed.academy\/ca\/iniciatives-que-fan-possible-una-llatinoamerica-mes-justa-mes-inclusiva-i-mes-sostenible\/#primaryimage","url":"https:\/\/raed.academy\/wp-content\/uploads\/2021\/08\/igualdad-inclusion-latinoamerica-dst.jpeg","contentUrl":"https:\/\/raed.academy\/wp-content\/uploads\/2021\/08\/igualdad-inclusion-latinoamerica-dst.jpeg","width":600,"height":360},{"@type":"BreadcrumbList","@id":"https:\/\/raed.academy\/ca\/iniciatives-que-fan-possible-una-llatinoamerica-mes-justa-mes-inclusiva-i-mes-sostenible\/#breadcrumb","itemListElement":[{"@type":"ListItem","position":1,"name":"Inicio","item":"https:\/\/raed.academy\/ca\/"},{"@type":"ListItem","position":2,"name":"Iniciatives que fan possible una Llatinoam\u00e8rica m\u00e9s justa, m\u00e9s inclusiva i m\u00e9s sostenible"}]},{"@type":"WebSite","@id":"https:\/\/raed.academy\/ca\/#website","url":"https:\/\/raed.academy\/ca\/","name":"Reial Acad\u00e8mia Europea de Doctors","description":"Corporaci\u00f3n de derecho p\u00fablico de car\u00e1cter cient\u00edfico, t\u00e9cnico y art\u00edstico, que tiene por objeto la investigaci\u00f3n, el estudio, el fomento y la extensi\u00f3n del conocimiento en su sentido m\u00e1s amplio","publisher":{"@id":"https:\/\/raed.academy\/ca\/#organization"},"potentialAction":[{"@type":"SearchAction","target":{"@type":"EntryPoint","urlTemplate":"https:\/\/raed.academy\/ca\/?s={search_term_string}"},"query-input":{"@type":"PropertyValueSpecification","valueRequired":true,"valueName":"search_term_string"}}],"inLanguage":"ca-ES"},{"@type":"Organization","@id":"https:\/\/raed.academy\/ca\/#organization","name":"Real Academia Europea de Doctores","url":"https:\/\/raed.academy\/ca\/","logo":{"@type":"ImageObject","inLanguage":"ca-ES","@id":"https:\/\/raed.academy\/ca\/#\/schema\/logo\/image\/","url":"https:\/\/raed.academy\/wp-content\/uploads\/2017\/01\/cropped-logo_raed.png","contentUrl":"https:\/\/raed.academy\/wp-content\/uploads\/2017\/01\/cropped-logo_raed.png","width":512,"height":512,"caption":"Real Academia Europea de Doctores"},"image":{"@id":"https:\/\/raed.academy\/ca\/#\/schema\/logo\/image\/"},"sameAs":["http:\/\/fb.me\/raed.academy","https:\/\/x.com\/raedacademy","https:\/\/www.instagram.com\/raed.academy\/","https:\/\/www.youtube.com\/channel\/UCUYQwW2KrdirNWihxMDObwg"]},{"@type":"Person","@id":"https:\/\/raed.academy\/ca\/#\/schema\/person\/5a755da80d1d979fd66ba745c8702927","name":"RAED","image":{"@type":"ImageObject","inLanguage":"ca-ES","@id":"https:\/\/secure.gravatar.com\/avatar\/19fdfdc0d67fb9c45714b703a2ac82251c4fcea3637f002ac3c9b74c0183583c?s=96&d=mm&r=g","url":"https:\/\/secure.gravatar.com\/avatar\/19fdfdc0d67fb9c45714b703a2ac82251c4fcea3637f002ac3c9b74c0183583c?s=96&d=mm&r=g","contentUrl":"https:\/\/secure.gravatar.com\/avatar\/19fdfdc0d67fb9c45714b703a2ac82251c4fcea3637f002ac3c9b74c0183583c?s=96&d=mm&r=g","caption":"RAED"}}]}},"_links":{"self":[{"href":"https:\/\/raed.academy\/ca\/wp-json\/wp\/v2\/posts\/105384","targetHints":{"allow":["GET"]}}],"collection":[{"href":"https:\/\/raed.academy\/ca\/wp-json\/wp\/v2\/posts"}],"about":[{"href":"https:\/\/raed.academy\/ca\/wp-json\/wp\/v2\/types\/post"}],"author":[{"embeddable":true,"href":"https:\/\/raed.academy\/ca\/wp-json\/wp\/v2\/users\/12"}],"replies":[{"embeddable":true,"href":"https:\/\/raed.academy\/ca\/wp-json\/wp\/v2\/comments?post=105384"}],"version-history":[{"count":0,"href":"https:\/\/raed.academy\/ca\/wp-json\/wp\/v2\/posts\/105384\/revisions"}],"wp:featuredmedia":[{"embeddable":true,"href":"https:\/\/raed.academy\/ca\/wp-json\/wp\/v2\/media\/105323"}],"wp:attachment":[{"href":"https:\/\/raed.academy\/ca\/wp-json\/wp\/v2\/media?parent=105384"}],"wp:term":[{"taxonomy":"category","embeddable":true,"href":"https:\/\/raed.academy\/ca\/wp-json\/wp\/v2\/categories?post=105384"},{"taxonomy":"post_tag","embeddable":true,"href":"https:\/\/raed.academy\/ca\/wp-json\/wp\/v2\/tags?post=105384"}],"curies":[{"name":"wp","href":"https:\/\/api.w.org\/{rel}","templated":true}]}}