{"id":104871,"date":"2021-07-23T11:06:39","date_gmt":"2021-07-23T11:06:39","guid":{"rendered":"https:\/\/raed.academy\/?p=104871"},"modified":"2021-07-24T11:00:34","modified_gmt":"2021-07-24T11:00:34","slug":"el-mes-sentit-adeu-a-jose-maria-gay-de-liebana","status":"publish","type":"post","link":"https:\/\/raed.academy\/ca\/el-mes-sentit-adeu-a-jose-maria-gay-de-liebana\/","title":{"rendered":"El m\u00e9s sentit ad\u00e9u a Jos\u00e9 Mar\u00eda Gay de Li\u00e9bana"},"content":{"rendered":"<p><a href=\"https:\/\/raed.academy\/ca\/academics\/dr-aldo-olcese-santonja\/\" target=\"_blank\" rel=\"noopener\"><strong><em>Aldo Olcese<\/em><\/strong><\/a><br \/>\n<em>President de la Fundaci\u00f3n Independente i de l&#8217;Asociaci\u00f3n Nacional Sociedad Civil Ahora, acad\u00e8mic de n\u00famero de la Reial Acad\u00e8mia de Ci\u00e8ncies Econ\u00f2miques i Financeres i vice-president i acad\u00e8mic de n\u00famero de la Reial Acad\u00e8mia Europea de Doctors-Barcelona 1914 (RAED)<\/em><\/p>\n<p><a href=\"https:\/\/raed.academy\/ca\/academics\/dr-jose-ramon-calvo-fernandez\/\" target=\"_blank\" rel=\"noopener\"><strong><em>Jos\u00e9 Ram\u00f3n Calvo<\/em><\/strong><\/a><br \/>\n<em>Assessor estrat\u00e8gic del Barcelona Supercomputing Center-Centre Nacional de Supercomputaci\u00f3, director del Club d&#8217;Excel\u00b7l\u00e8ncia d&#8217;Ubbiquo Business School i acad\u00e8mic de n\u00famero i president de l&#8217;Institut de Relacions Internacionals de la Reial Acad\u00e8mia Europea de Doctors-Barcelona 1914 (RAED)<\/em><\/p>\n<p><em>Obituaris publicats al diari &#8220;Expansi\u00f3n&#8221; i &#8220;El Espa\u00f1ol&#8221; el 16 i 17 de juliol de 2021, respectivament<\/em><\/p>\n<p><img loading=\"lazy\" decoding=\"async\" class=\"size-full wp-image-94747 alignleft\" src=\"https:\/\/raed.academy\/wp-content\/uploads\/2020\/03\/Jose-Maria-Gay-de-Liebana-dstNtc-2.jpg\" sizes=\"(max-width: 592px) 100vw, 592px\" srcset=\"https:\/\/raed.academy\/wp-content\/uploads\/2020\/03\/Jose-Maria-Gay-de-Liebana-dstNtc-2.jpg 592w, https:\/\/raed.academy\/wp-content\/uploads\/2020\/03\/Jose-Maria-Gay-de-Liebana-dstNtc-2-440x264.jpg 440w\" alt=\"Dr. Jos\u00e9 Mar\u00eda Gay de Li\u00e9bana\" width=\"592\" height=\"355\" aria-describedby=\"caption-attachment-94747\" data-attachment-id=\"94747\" data-permalink=\"https:\/\/raed.academy\/crisis-disruptiva-y-tomadura-de-pelo-jose-maria-gay-de-liebana\/jose-maria-gay-de-liebana-dstntc-3\/\" data-orig-file=\"https:\/\/raed.academy\/wp-content\/uploads\/2020\/03\/Jose-Maria-Gay-de-Liebana-dstNtc-2.jpg\" data-orig-size=\"592,355\" data-comments-opened=\"0\" data-image-meta=\"{&quot;aperture&quot;:&quot;0&quot;,&quot;credit&quot;:&quot;&quot;,&quot;camera&quot;:&quot;&quot;,&quot;caption&quot;:&quot;&quot;,&quot;created_timestamp&quot;:&quot;0&quot;,&quot;copyright&quot;:&quot;&quot;,&quot;focal_length&quot;:&quot;0&quot;,&quot;iso&quot;:&quot;0&quot;,&quot;shutter_speed&quot;:&quot;0&quot;,&quot;title&quot;:&quot;&quot;,&quot;orientation&quot;:&quot;0&quot;}\" data-image-title=\"Jose-Maria-Gay-de-Liebana-dstNtc\" data-image-description=\"\" data-image-caption=\"&lt;p&gt;Dr. Jos\u00e9 Mar\u00eda Gay de Li\u00e9bana&lt;\/p&gt;\n\" data-medium-file=\"https:\/\/raed.academy\/wp-content\/uploads\/2020\/03\/Jose-Maria-Gay-de-Liebana-dstNtc-2.jpg\" data-large-file=\"https:\/\/raed.academy\/wp-content\/uploads\/2020\/03\/Jose-Maria-Gay-de-Liebana-dstNtc-2.jpg\" \/><a href=\"https:\/\/raed.academy\/ca\/academics\/dr-aldo-olcese-santonja\/\" target=\"_blank\" rel=\"noopener\"><strong><em>Aldo Olcese<\/em><\/strong><\/a>, president de la <strong>Fundaci\u00f3n Independente<\/strong> i de l&#8217;<strong>Asociaci\u00f3n Nacional Sociedad Civil Ahora<\/strong>, acad\u00e8mic de n\u00famero de la <strong>Reial Acad\u00e8mia de Ci\u00e8ncies Econ\u00f2miques i Financeres<\/strong> i vice-president i acad\u00e8mic de n\u00famero de la <strong>Reial Acad\u00e8mia Europea de Doctors-Barcelona 1914<\/strong> (RAED), i <strong>Jos\u00e9 Ram\u00f3n Calvo<\/strong>, assessor estrat\u00e8gic del <strong>Barcelona Supercomputing Center-Centre Nacional de Supercomputaci\u00f3<\/strong>, director del <strong>Club d&#8217;Excel\u00b7l\u00e8ncia<\/strong> d&#8217;<strong>Ubbiquo Business School<\/strong> i acad\u00e8mic de n\u00famero i president de l&#8217;<strong>Institut de Relacions Internacionals<\/strong> de la RAED, signen dos sentits obituaris en mem\u00f2ria de l&#8217;acad\u00e8mic desaparegut <a href=\"https:\/\/raed.academy\/ca\/academics\/dr-jose-maria-gay-de-liebana-saludas\/\" target=\"_blank\" rel=\"noopener\"><em><strong>Jos\u00e9 Maria Gay de Li\u00e9bana<\/strong><\/em><\/a>, que se suma al signat per l&#8217;acad\u00e8mic numerari i president de la <strong>Junta de Govern<\/strong> de la Reial Acad\u00e8mia <a href=\"https:\/\/raed.academy\/ca\/academics\/dr-alfredo-rocafort-nicolau\/\" target=\"_blank\" rel=\"noopener\"><em><strong>Alfredo Rocafort<\/strong><\/em><\/a>, publicat a <strong>&#8220;La Vanguardia&#8221;<\/strong> el 17 de juliol passat per desig expr\u00e9s del finat. <strong>Olcese<\/strong> i <strong>Calvo<\/strong> van publicar els seus obituaris, respectivament, al diari d&#8217;informaci\u00f3 econ\u00f2mica <strong>&#8220;Expansi\u00f3n&#8221;<\/strong> i al diari digital <strong>&#8220;El Espa\u00f1ol&#8221;<\/strong>.<\/p>\n<p><em>(Reprodu\u00efm ambd\u00f3s escrits en la seva versi\u00f3 en castell\u00e0, tal com van ser publicats)<\/em><\/p>\n<p>&nbsp;<\/p>\n<h3>Jos\u00e9 Mar\u00eda Gay de Li\u00e9bana: la sonrisa de la econom\u00eda<\/h3>\n<p>Nos acaba de dejar <strong>Jos\u00e9 Mar\u00eda Gay de Li\u00e9bana<\/strong>, a los 68 a\u00f1os tras larga y dura lucha contra la enfermedad.<\/p>\n<p>Pero a pesar de la enorme tristeza por su p\u00e9rdida prematura, nos deja con la sonrisa en la boca, la misma que siempre consigui\u00f3 de todos cuantos le escuch\u00e1bamos en sus frecuentes y divertidas cr\u00f3nicas de la econom\u00eda.<\/p>\n<p><strong>Gay de Li\u00e9bana<\/strong> es sin duda el economista espa\u00f1ol que mejor supo transmitir los mensajes econ\u00f3micos, siempre dif\u00edciles y \u00e1ridos y supo hacerlo con una simpat\u00eda genial y una simplicidad \u00fanica. Su enorme capacidad de s\u00edntesis para extractar los contenidos esenciales y convertirlos en p\u00edldoras inolvidables de humor econ\u00f3mico fueron un signo distintivo y especial de <strong>Jos\u00e9 Mar\u00eda<\/strong>.<\/p>\n<p>Al mismo tiempo fue un intelectual superlativo tanto de la econom\u00eda como prioridad, pero tambi\u00e9n del derecho y la sociolog\u00eda. Ning\u00fan economista espa\u00f1ol ha sabido conectar mejor con el gran p\u00fablico y su contribuci\u00f3n a la divulgaci\u00f3n cient\u00edfica ha sido may\u00fascula. Un m\u00e9rito muy dif\u00edcil de encontrar entre los economistas convencionales, que por el contrario, solemos aburrir al personal y resultar incomprensibles.<\/p>\n<p>Su lema \u00absaludos virtuales y entusiasmo a raudales\u00bb con el que abr\u00eda sus muy conocidas y seguidas intervenciones radiof\u00f3nicas matutinas eran una inyecci\u00f3n de moral colectiva impresionante que siempre nos acompa\u00f1aron en los peores momentos y hac\u00edan de lo tr\u00e1gico y lo dif\u00edcil algo amable y comprensible. Y esto s\u00ed que lo vamos a echar de menos y en ello nos quedamos hu\u00e9rfanos todos los espa\u00f1oles. Algo de lo que buena falta hace en nuestra sociedad y en Espa\u00f1a.<\/p>\n<p>Detr\u00e1s de esa simpat\u00eda hab\u00eda un acad\u00e9mico de los m\u00e1s profundos y brillantes con un rigor cient\u00edfico espectacular y una capacidad de s\u00edntesis admirable.<\/p>\n<p><strong>Gay de Li\u00e9bana<\/strong> fue un\u00a0analista excepcional\u00a0y agudo que entre risas y bromas sab\u00eda poner el ojo en la presa y el dedo en la llaga, sin tapujos ni pa\u00f1os calientes.<\/p>\n<p>Su marcha nos deja hu\u00e9rfano de otro de los grandes valores que m\u00e1s escasean, el coraje c\u00edvico. <strong>Jos\u00e9 Mar\u00eda Gay de Li\u00e9bana<\/strong> fue un valiente, jam\u00e1s subordinado a nada ni a nadie que no fueran su rigor cient\u00edfico y su mejor criterio.<\/p>\n<p>Por \u00faltimo he de se\u00f1alar su faceta de gran humanista, comprometido con la mejora de la sociedad pero tambi\u00e9n de la condici\u00f3n humana y de los elementos esenciales de los seres humanos. \u00c9l supo poner siempre al ser humano por delante de todo, haciendo bueno un humanismo cada vez m\u00e1s dif\u00edcil de enraizar en la sociedad moderna.<\/p>\n<p>Doctor en econom\u00eda e insigne acad\u00e9mico y profesor <strong>Jos\u00e9 Mar\u00eda Gay de Li\u00e9bana<\/strong> nos deja un legado extraordinario de bonhom\u00eda y sabidur\u00eda humilde y simp\u00e1tica, para honra de su familia y de toda la profesi\u00f3n del mundo de la econom\u00eda.<\/p>\n<p>Querido amigo Jos\u00e9 Mar\u00eda, compa\u00f1ero de Academia, de debates, de la pista de tenis, de risas y chanzas, descansa en paz y que te acompa\u00f1e hasta el cielo ese \u00abentusiasmo a raudales\u00bb que tanto y tan bien supiste sembrar en la tierra.<\/p>\n<p><em>Aldo Olcese<\/em><\/p>\n<p>&nbsp;<\/p>\n<h3>Carta al amigo Jos\u00e9 Mar\u00eda Gay de Li\u00e9bana<\/h3>\n<p>Querido Jos\u00e9 Mar\u00eda:<\/p>\n<p>Te has ido muy pronto&#8230;\u00a0El RCD Espanyol aun no ha ganado la Champions y t\u00fa\u00a0ten\u00edas a\u00fan muchos partidos de tenis que jugar, muchas partidas de golf que disfrutar y\u00a0mucha gente a la que ense\u00f1ar&#8230;<\/p>\n<p>Querido amigo, grande, como t\u00fa siempre dec\u00edas, hasta en la muerte has dado una lecci\u00f3n de vida.<\/p>\n<p>Hasta el ultimo d\u00eda, antes de que tu cuerpo decidiera parar de sufrir, con qu\u00e9\u00a0entereza y \u00e1nimo lo sobrellevaste, estuviste grabando tus opiniones, dando tus sabios consejos y ayudando, como hiciste siempre, a todos aquellos para los que eras un referente y\u00a0despidi\u00e9ndote de tus amigos\u00a0en esta \u00faltima semana sabiendo que el final de tu vida era inminente.<\/p>\n<p>Recordar tu sonrisa perenne, tu optimismo desbordante y tu clarividencia profesional ante los retos que la situaci\u00f3n econ\u00f3mica nos presenta d\u00eda a d\u00eda era un lujo y una suerte porque al menos en Espa\u00f1a hab\u00eda alguien con sentido com\u00fan, conocimiento demostrado y ganas de compartirlo.<\/p>\n<p>Pero, sin duda, el lujo mayor para tus amigos fue la inmensa calidad de tu amistad, tu bonhom\u00eda, la cantidad de momentos que tuvimos la oportunidad de compartir en las sesiones de la\u00a0Real Academia Europea de Doctores\u00a0donde lo que dec\u00edas y c\u00f3mo lo dec\u00edas era trascendente y que recordaremos siempre, querido Jos\u00e9 Mar\u00eda, como uno de esos tesoros que uno lleva grabado en su coraz\u00f3n.<\/p>\n<p>Dec\u00eda la canci\u00f3n que &#8220;algo se muere en el alma cuando un amigo se va&#8221;. Aqu\u00ed a todos tus amigos se nos ha ido algo m\u00e1s que otro amigo. Se nos ha ido el conocimiento, la capacidad de an\u00e1lisis, la\u00a0sabia valoraci\u00f3n de la realidad econ\u00f3mica\u00a0y tambi\u00e9n la alegr\u00eda del reencuentro despu\u00e9s de los tiempos sin vernos, con tus tan caracter\u00edsticas y \u00fanicas\u00a0expresiones de afecto.<\/p>\n<p>Querido amigo, en esta carta de despedida no puedo dejar de mencionar a los dos otros grandes pilares de tu vida, tu querida esposa Mem\u00e9 y tu hijo Pepe. Ellos son los que m\u00e1s sentir\u00e1n tu falta en el d\u00eda a d\u00eda, pero siempre tendr\u00e1n la certeza y el consuelo de saber que\u00a0t\u00fa\u00a0fuiste \u00fanico, maestro, y que\u00a0tus ense\u00f1anzas no solo profesionales\u200b sino las que dabas cada d\u00eda y la manera en la que afrontaste hasta el final lo que el destino te hab\u00eda marcado, esas estar\u00e1n siempre presentes, honrando la memoria de un gran ser humano.<\/p>\n<p>Descansa en paz, querido Jos\u00e9 Mar\u00eda.<\/p>\n<p><em>Jos\u00e9\u00a0Ram\u00f3n Calvo<\/em><\/p>\n","protected":false},"excerpt":{"rendered":"<p>Aldo Olcese i Jos\u00e9 Ram\u00f3n Calvo signen dos sentits obituaris en mem\u00f2ria de l&#8217;acad\u00e8mic desaparegut Jos\u00e9 Maria Gay de Li\u00e9bana<\/p>\n","protected":false},"author":12,"featured_media":94746,"comment_status":"closed","ping_status":"closed","sticky":false,"template":"","format":"standard","meta":{"_et_pb_use_builder":"","_et_pb_old_content":"","_et_gb_content_width":"","footnotes":""},"categories":[72],"tags":[],"class_list":["post-104871","post","type-post","status-publish","format-standard","has-post-thumbnail","hentry","category-uncategorized-ca","et-has-post-format-content","et_post_format-et-post-format-standard"],"yoast_head":"<!-- This site is optimized with the Yoast SEO plugin v27.4 - https:\/\/yoast.com\/product\/yoast-seo-wordpress\/ -->\n<title>El m\u00e9s sentit ad\u00e9u a Jos\u00e9 Mar\u00eda Gay de Li\u00e9bana - Reial Acad\u00e8mia Europea de Doctors<\/title>\n<meta name=\"description\" content=\"Aldo Olcese i Jos\u00e9 Ram\u00f3n Calvo signen dos sentits obituaris en mem\u00f2ria de l&#039;acad\u00e8mic desaparegut Jos\u00e9 Maria Gay de Li\u00e9bana\" \/>\n<meta name=\"robots\" content=\"index, follow, max-snippet:-1, max-image-preview:large, max-video-preview:-1\" \/>\n<link rel=\"canonical\" href=\"https:\/\/raed.academy\/ca\/el-mes-sentit-adeu-a-jose-maria-gay-de-liebana\/\" \/>\n<meta property=\"og:locale\" content=\"ca_ES\" \/>\n<meta property=\"og:type\" content=\"article\" \/>\n<meta property=\"og:title\" content=\"El m\u00e9s sentit ad\u00e9u a Jos\u00e9 Mar\u00eda Gay de Li\u00e9bana - Reial Acad\u00e8mia Europea de Doctors\" \/>\n<meta property=\"og:description\" content=\"Aldo Olcese i Jos\u00e9 Ram\u00f3n Calvo signen dos sentits obituaris en mem\u00f2ria de l&#039;acad\u00e8mic desaparegut Jos\u00e9 Maria Gay de Li\u00e9bana\" \/>\n<meta property=\"og:url\" content=\"https:\/\/raed.academy\/ca\/el-mes-sentit-adeu-a-jose-maria-gay-de-liebana\/\" \/>\n<meta property=\"og:site_name\" content=\"Reial Acad\u00e8mia Europea de Doctors\" \/>\n<meta property=\"article:publisher\" content=\"http:\/\/fb.me\/raed.academy\" \/>\n<meta property=\"article:published_time\" content=\"2021-07-23T11:06:39+00:00\" \/>\n<meta property=\"article:modified_time\" content=\"2021-07-24T11:00:34+00:00\" \/>\n<meta property=\"og:image\" content=\"https:\/\/raed.academy\/wp-content\/uploads\/2020\/03\/Jose-Maria-Gay-de-Liebana-dstNtc-2.jpg\" \/>\n\t<meta property=\"og:image:width\" content=\"592\" \/>\n\t<meta property=\"og:image:height\" content=\"355\" \/>\n\t<meta property=\"og:image:type\" content=\"image\/jpeg\" \/>\n<meta name=\"author\" content=\"RAED\" \/>\n<meta name=\"twitter:card\" content=\"summary_large_image\" \/>\n<meta name=\"twitter:creator\" content=\"@raedacademy\" \/>\n<meta name=\"twitter:site\" content=\"@raedacademy\" \/>\n<meta name=\"twitter:label1\" content=\"Written by\" \/>\n\t<meta name=\"twitter:data1\" content=\"RAED\" \/>\n\t<meta name=\"twitter:label2\" content=\"Est. reading time\" \/>\n\t<meta name=\"twitter:data2\" content=\"6 minutes\" \/>\n<script type=\"application\/ld+json\" class=\"yoast-schema-graph\">{\"@context\":\"https:\\\/\\\/schema.org\",\"@graph\":[{\"@type\":\"Article\",\"@id\":\"https:\\\/\\\/raed.academy\\\/ca\\\/el-mes-sentit-adeu-a-jose-maria-gay-de-liebana\\\/#article\",\"isPartOf\":{\"@id\":\"https:\\\/\\\/raed.academy\\\/ca\\\/el-mes-sentit-adeu-a-jose-maria-gay-de-liebana\\\/\"},\"author\":{\"name\":\"RAED\",\"@id\":\"https:\\\/\\\/raed.academy\\\/ca\\\/#\\\/schema\\\/person\\\/5a755da80d1d979fd66ba745c8702927\"},\"headline\":\"El m\u00e9s sentit ad\u00e9u a Jos\u00e9 Mar\u00eda Gay de Li\u00e9bana\",\"datePublished\":\"2021-07-23T11:06:39+00:00\",\"dateModified\":\"2021-07-24T11:00:34+00:00\",\"mainEntityOfPage\":{\"@id\":\"https:\\\/\\\/raed.academy\\\/ca\\\/el-mes-sentit-adeu-a-jose-maria-gay-de-liebana\\\/\"},\"wordCount\":1358,\"publisher\":{\"@id\":\"https:\\\/\\\/raed.academy\\\/ca\\\/#organization\"},\"image\":{\"@id\":\"https:\\\/\\\/raed.academy\\\/ca\\\/el-mes-sentit-adeu-a-jose-maria-gay-de-liebana\\\/#primaryimage\"},\"thumbnailUrl\":\"https:\\\/\\\/raed.academy\\\/wp-content\\\/uploads\\\/2020\\\/03\\\/Jose-Maria-Gay-de-Liebana-dstNtc-2.jpg\",\"articleSection\":[\"Uncategorized @ca\"],\"inLanguage\":\"ca-ES\"},{\"@type\":\"WebPage\",\"@id\":\"https:\\\/\\\/raed.academy\\\/ca\\\/el-mes-sentit-adeu-a-jose-maria-gay-de-liebana\\\/\",\"url\":\"https:\\\/\\\/raed.academy\\\/ca\\\/el-mes-sentit-adeu-a-jose-maria-gay-de-liebana\\\/\",\"name\":\"El m\u00e9s sentit ad\u00e9u a Jos\u00e9 Mar\u00eda Gay de Li\u00e9bana - Reial Acad\u00e8mia Europea de Doctors\",\"isPartOf\":{\"@id\":\"https:\\\/\\\/raed.academy\\\/ca\\\/#website\"},\"primaryImageOfPage\":{\"@id\":\"https:\\\/\\\/raed.academy\\\/ca\\\/el-mes-sentit-adeu-a-jose-maria-gay-de-liebana\\\/#primaryimage\"},\"image\":{\"@id\":\"https:\\\/\\\/raed.academy\\\/ca\\\/el-mes-sentit-adeu-a-jose-maria-gay-de-liebana\\\/#primaryimage\"},\"thumbnailUrl\":\"https:\\\/\\\/raed.academy\\\/wp-content\\\/uploads\\\/2020\\\/03\\\/Jose-Maria-Gay-de-Liebana-dstNtc-2.jpg\",\"datePublished\":\"2021-07-23T11:06:39+00:00\",\"dateModified\":\"2021-07-24T11:00:34+00:00\",\"description\":\"Aldo Olcese i Jos\u00e9 Ram\u00f3n Calvo signen dos sentits obituaris en mem\u00f2ria de l'acad\u00e8mic desaparegut Jos\u00e9 Maria Gay de Li\u00e9bana\",\"breadcrumb\":{\"@id\":\"https:\\\/\\\/raed.academy\\\/ca\\\/el-mes-sentit-adeu-a-jose-maria-gay-de-liebana\\\/#breadcrumb\"},\"inLanguage\":\"ca-ES\",\"potentialAction\":[{\"@type\":\"ReadAction\",\"target\":[\"https:\\\/\\\/raed.academy\\\/ca\\\/el-mes-sentit-adeu-a-jose-maria-gay-de-liebana\\\/\"]}]},{\"@type\":\"ImageObject\",\"inLanguage\":\"ca-ES\",\"@id\":\"https:\\\/\\\/raed.academy\\\/ca\\\/el-mes-sentit-adeu-a-jose-maria-gay-de-liebana\\\/#primaryimage\",\"url\":\"https:\\\/\\\/raed.academy\\\/wp-content\\\/uploads\\\/2020\\\/03\\\/Jose-Maria-Gay-de-Liebana-dstNtc-2.jpg\",\"contentUrl\":\"https:\\\/\\\/raed.academy\\\/wp-content\\\/uploads\\\/2020\\\/03\\\/Jose-Maria-Gay-de-Liebana-dstNtc-2.jpg\",\"width\":592,\"height\":355,\"caption\":\"Dr. Jos\u00e9 Mar\u00eda Gay de Li\u00e9bana\"},{\"@type\":\"BreadcrumbList\",\"@id\":\"https:\\\/\\\/raed.academy\\\/ca\\\/el-mes-sentit-adeu-a-jose-maria-gay-de-liebana\\\/#breadcrumb\",\"itemListElement\":[{\"@type\":\"ListItem\",\"position\":1,\"name\":\"Inicio\",\"item\":\"https:\\\/\\\/raed.academy\\\/ca\\\/\"},{\"@type\":\"ListItem\",\"position\":2,\"name\":\"El m\u00e9s sentit ad\u00e9u a Jos\u00e9 Mar\u00eda Gay de Li\u00e9bana\"}]},{\"@type\":\"WebSite\",\"@id\":\"https:\\\/\\\/raed.academy\\\/ca\\\/#website\",\"url\":\"https:\\\/\\\/raed.academy\\\/ca\\\/\",\"name\":\"Reial Acad\u00e8mia Europea de Doctors\",\"description\":\"Corporaci\u00f3n de derecho p\u00fablico de car\u00e1cter cient\u00edfico, t\u00e9cnico y art\u00edstico, que tiene por objeto la investigaci\u00f3n, el estudio, el fomento y la extensi\u00f3n del conocimiento en su sentido m\u00e1s amplio\",\"publisher\":{\"@id\":\"https:\\\/\\\/raed.academy\\\/ca\\\/#organization\"},\"potentialAction\":[{\"@type\":\"SearchAction\",\"target\":{\"@type\":\"EntryPoint\",\"urlTemplate\":\"https:\\\/\\\/raed.academy\\\/ca\\\/?s={search_term_string}\"},\"query-input\":{\"@type\":\"PropertyValueSpecification\",\"valueRequired\":true,\"valueName\":\"search_term_string\"}}],\"inLanguage\":\"ca-ES\"},{\"@type\":\"Organization\",\"@id\":\"https:\\\/\\\/raed.academy\\\/ca\\\/#organization\",\"name\":\"Real Academia Europea de Doctores\",\"url\":\"https:\\\/\\\/raed.academy\\\/ca\\\/\",\"logo\":{\"@type\":\"ImageObject\",\"inLanguage\":\"ca-ES\",\"@id\":\"https:\\\/\\\/raed.academy\\\/ca\\\/#\\\/schema\\\/logo\\\/image\\\/\",\"url\":\"https:\\\/\\\/raed.academy\\\/wp-content\\\/uploads\\\/2017\\\/01\\\/cropped-logo_raed.png\",\"contentUrl\":\"https:\\\/\\\/raed.academy\\\/wp-content\\\/uploads\\\/2017\\\/01\\\/cropped-logo_raed.png\",\"width\":512,\"height\":512,\"caption\":\"Real Academia Europea de Doctores\"},\"image\":{\"@id\":\"https:\\\/\\\/raed.academy\\\/ca\\\/#\\\/schema\\\/logo\\\/image\\\/\"},\"sameAs\":[\"http:\\\/\\\/fb.me\\\/raed.academy\",\"https:\\\/\\\/x.com\\\/raedacademy\",\"https:\\\/\\\/www.instagram.com\\\/raed.academy\\\/\",\"https:\\\/\\\/www.youtube.com\\\/channel\\\/UCUYQwW2KrdirNWihxMDObwg\"]},{\"@type\":\"Person\",\"@id\":\"https:\\\/\\\/raed.academy\\\/ca\\\/#\\\/schema\\\/person\\\/5a755da80d1d979fd66ba745c8702927\",\"name\":\"RAED\",\"image\":{\"@type\":\"ImageObject\",\"inLanguage\":\"ca-ES\",\"@id\":\"https:\\\/\\\/secure.gravatar.com\\\/avatar\\\/19fdfdc0d67fb9c45714b703a2ac82251c4fcea3637f002ac3c9b74c0183583c?s=96&d=mm&r=g\",\"url\":\"https:\\\/\\\/secure.gravatar.com\\\/avatar\\\/19fdfdc0d67fb9c45714b703a2ac82251c4fcea3637f002ac3c9b74c0183583c?s=96&d=mm&r=g\",\"contentUrl\":\"https:\\\/\\\/secure.gravatar.com\\\/avatar\\\/19fdfdc0d67fb9c45714b703a2ac82251c4fcea3637f002ac3c9b74c0183583c?s=96&d=mm&r=g\",\"caption\":\"RAED\"}}]}<\/script>\n<!-- \/ Yoast SEO plugin. -->","yoast_head_json":{"title":"El m\u00e9s sentit ad\u00e9u a Jos\u00e9 Mar\u00eda Gay de Li\u00e9bana - Reial Acad\u00e8mia Europea de Doctors","description":"Aldo Olcese i Jos\u00e9 Ram\u00f3n Calvo signen dos sentits obituaris en mem\u00f2ria de l'acad\u00e8mic desaparegut Jos\u00e9 Maria Gay de Li\u00e9bana","robots":{"index":"index","follow":"follow","max-snippet":"max-snippet:-1","max-image-preview":"max-image-preview:large","max-video-preview":"max-video-preview:-1"},"canonical":"https:\/\/raed.academy\/ca\/el-mes-sentit-adeu-a-jose-maria-gay-de-liebana\/","og_locale":"ca_ES","og_type":"article","og_title":"El m\u00e9s sentit ad\u00e9u a Jos\u00e9 Mar\u00eda Gay de Li\u00e9bana - Reial Acad\u00e8mia Europea de Doctors","og_description":"Aldo Olcese i Jos\u00e9 Ram\u00f3n Calvo signen dos sentits obituaris en mem\u00f2ria de l'acad\u00e8mic desaparegut Jos\u00e9 Maria Gay de Li\u00e9bana","og_url":"https:\/\/raed.academy\/ca\/el-mes-sentit-adeu-a-jose-maria-gay-de-liebana\/","og_site_name":"Reial Acad\u00e8mia Europea de Doctors","article_publisher":"http:\/\/fb.me\/raed.academy","article_published_time":"2021-07-23T11:06:39+00:00","article_modified_time":"2021-07-24T11:00:34+00:00","og_image":[{"width":592,"height":355,"url":"https:\/\/raed.academy\/wp-content\/uploads\/2020\/03\/Jose-Maria-Gay-de-Liebana-dstNtc-2.jpg","type":"image\/jpeg"}],"author":"RAED","twitter_card":"summary_large_image","twitter_creator":"@raedacademy","twitter_site":"@raedacademy","twitter_misc":{"Written by":"RAED","Est. reading time":"6 minutes"},"schema":{"@context":"https:\/\/schema.org","@graph":[{"@type":"Article","@id":"https:\/\/raed.academy\/ca\/el-mes-sentit-adeu-a-jose-maria-gay-de-liebana\/#article","isPartOf":{"@id":"https:\/\/raed.academy\/ca\/el-mes-sentit-adeu-a-jose-maria-gay-de-liebana\/"},"author":{"name":"RAED","@id":"https:\/\/raed.academy\/ca\/#\/schema\/person\/5a755da80d1d979fd66ba745c8702927"},"headline":"El m\u00e9s sentit ad\u00e9u a Jos\u00e9 Mar\u00eda Gay de Li\u00e9bana","datePublished":"2021-07-23T11:06:39+00:00","dateModified":"2021-07-24T11:00:34+00:00","mainEntityOfPage":{"@id":"https:\/\/raed.academy\/ca\/el-mes-sentit-adeu-a-jose-maria-gay-de-liebana\/"},"wordCount":1358,"publisher":{"@id":"https:\/\/raed.academy\/ca\/#organization"},"image":{"@id":"https:\/\/raed.academy\/ca\/el-mes-sentit-adeu-a-jose-maria-gay-de-liebana\/#primaryimage"},"thumbnailUrl":"https:\/\/raed.academy\/wp-content\/uploads\/2020\/03\/Jose-Maria-Gay-de-Liebana-dstNtc-2.jpg","articleSection":["Uncategorized @ca"],"inLanguage":"ca-ES"},{"@type":"WebPage","@id":"https:\/\/raed.academy\/ca\/el-mes-sentit-adeu-a-jose-maria-gay-de-liebana\/","url":"https:\/\/raed.academy\/ca\/el-mes-sentit-adeu-a-jose-maria-gay-de-liebana\/","name":"El m\u00e9s sentit ad\u00e9u a Jos\u00e9 Mar\u00eda Gay de Li\u00e9bana - Reial Acad\u00e8mia Europea de Doctors","isPartOf":{"@id":"https:\/\/raed.academy\/ca\/#website"},"primaryImageOfPage":{"@id":"https:\/\/raed.academy\/ca\/el-mes-sentit-adeu-a-jose-maria-gay-de-liebana\/#primaryimage"},"image":{"@id":"https:\/\/raed.academy\/ca\/el-mes-sentit-adeu-a-jose-maria-gay-de-liebana\/#primaryimage"},"thumbnailUrl":"https:\/\/raed.academy\/wp-content\/uploads\/2020\/03\/Jose-Maria-Gay-de-Liebana-dstNtc-2.jpg","datePublished":"2021-07-23T11:06:39+00:00","dateModified":"2021-07-24T11:00:34+00:00","description":"Aldo Olcese i Jos\u00e9 Ram\u00f3n Calvo signen dos sentits obituaris en mem\u00f2ria de l'acad\u00e8mic desaparegut Jos\u00e9 Maria Gay de Li\u00e9bana","breadcrumb":{"@id":"https:\/\/raed.academy\/ca\/el-mes-sentit-adeu-a-jose-maria-gay-de-liebana\/#breadcrumb"},"inLanguage":"ca-ES","potentialAction":[{"@type":"ReadAction","target":["https:\/\/raed.academy\/ca\/el-mes-sentit-adeu-a-jose-maria-gay-de-liebana\/"]}]},{"@type":"ImageObject","inLanguage":"ca-ES","@id":"https:\/\/raed.academy\/ca\/el-mes-sentit-adeu-a-jose-maria-gay-de-liebana\/#primaryimage","url":"https:\/\/raed.academy\/wp-content\/uploads\/2020\/03\/Jose-Maria-Gay-de-Liebana-dstNtc-2.jpg","contentUrl":"https:\/\/raed.academy\/wp-content\/uploads\/2020\/03\/Jose-Maria-Gay-de-Liebana-dstNtc-2.jpg","width":592,"height":355,"caption":"Dr. Jos\u00e9 Mar\u00eda Gay de Li\u00e9bana"},{"@type":"BreadcrumbList","@id":"https:\/\/raed.academy\/ca\/el-mes-sentit-adeu-a-jose-maria-gay-de-liebana\/#breadcrumb","itemListElement":[{"@type":"ListItem","position":1,"name":"Inicio","item":"https:\/\/raed.academy\/ca\/"},{"@type":"ListItem","position":2,"name":"El m\u00e9s sentit ad\u00e9u a Jos\u00e9 Mar\u00eda Gay de Li\u00e9bana"}]},{"@type":"WebSite","@id":"https:\/\/raed.academy\/ca\/#website","url":"https:\/\/raed.academy\/ca\/","name":"Reial Acad\u00e8mia Europea de Doctors","description":"Corporaci\u00f3n de derecho p\u00fablico de car\u00e1cter cient\u00edfico, t\u00e9cnico y art\u00edstico, que tiene por objeto la investigaci\u00f3n, el estudio, el fomento y la extensi\u00f3n del conocimiento en su sentido m\u00e1s amplio","publisher":{"@id":"https:\/\/raed.academy\/ca\/#organization"},"potentialAction":[{"@type":"SearchAction","target":{"@type":"EntryPoint","urlTemplate":"https:\/\/raed.academy\/ca\/?s={search_term_string}"},"query-input":{"@type":"PropertyValueSpecification","valueRequired":true,"valueName":"search_term_string"}}],"inLanguage":"ca-ES"},{"@type":"Organization","@id":"https:\/\/raed.academy\/ca\/#organization","name":"Real Academia Europea de Doctores","url":"https:\/\/raed.academy\/ca\/","logo":{"@type":"ImageObject","inLanguage":"ca-ES","@id":"https:\/\/raed.academy\/ca\/#\/schema\/logo\/image\/","url":"https:\/\/raed.academy\/wp-content\/uploads\/2017\/01\/cropped-logo_raed.png","contentUrl":"https:\/\/raed.academy\/wp-content\/uploads\/2017\/01\/cropped-logo_raed.png","width":512,"height":512,"caption":"Real Academia Europea de Doctores"},"image":{"@id":"https:\/\/raed.academy\/ca\/#\/schema\/logo\/image\/"},"sameAs":["http:\/\/fb.me\/raed.academy","https:\/\/x.com\/raedacademy","https:\/\/www.instagram.com\/raed.academy\/","https:\/\/www.youtube.com\/channel\/UCUYQwW2KrdirNWihxMDObwg"]},{"@type":"Person","@id":"https:\/\/raed.academy\/ca\/#\/schema\/person\/5a755da80d1d979fd66ba745c8702927","name":"RAED","image":{"@type":"ImageObject","inLanguage":"ca-ES","@id":"https:\/\/secure.gravatar.com\/avatar\/19fdfdc0d67fb9c45714b703a2ac82251c4fcea3637f002ac3c9b74c0183583c?s=96&d=mm&r=g","url":"https:\/\/secure.gravatar.com\/avatar\/19fdfdc0d67fb9c45714b703a2ac82251c4fcea3637f002ac3c9b74c0183583c?s=96&d=mm&r=g","contentUrl":"https:\/\/secure.gravatar.com\/avatar\/19fdfdc0d67fb9c45714b703a2ac82251c4fcea3637f002ac3c9b74c0183583c?s=96&d=mm&r=g","caption":"RAED"}}]}},"_links":{"self":[{"href":"https:\/\/raed.academy\/ca\/wp-json\/wp\/v2\/posts\/104871","targetHints":{"allow":["GET"]}}],"collection":[{"href":"https:\/\/raed.academy\/ca\/wp-json\/wp\/v2\/posts"}],"about":[{"href":"https:\/\/raed.academy\/ca\/wp-json\/wp\/v2\/types\/post"}],"author":[{"embeddable":true,"href":"https:\/\/raed.academy\/ca\/wp-json\/wp\/v2\/users\/12"}],"replies":[{"embeddable":true,"href":"https:\/\/raed.academy\/ca\/wp-json\/wp\/v2\/comments?post=104871"}],"version-history":[{"count":0,"href":"https:\/\/raed.academy\/ca\/wp-json\/wp\/v2\/posts\/104871\/revisions"}],"wp:featuredmedia":[{"embeddable":true,"href":"https:\/\/raed.academy\/ca\/wp-json\/wp\/v2\/media\/94746"}],"wp:attachment":[{"href":"https:\/\/raed.academy\/ca\/wp-json\/wp\/v2\/media?parent=104871"}],"wp:term":[{"taxonomy":"category","embeddable":true,"href":"https:\/\/raed.academy\/ca\/wp-json\/wp\/v2\/categories?post=104871"},{"taxonomy":"post_tag","embeddable":true,"href":"https:\/\/raed.academy\/ca\/wp-json\/wp\/v2\/tags?post=104871"}],"curies":[{"name":"wp","href":"https:\/\/api.w.org\/{rel}","templated":true}]}}