{"id":104743,"date":"2021-07-16T18:31:29","date_gmt":"2021-07-16T18:31:29","guid":{"rendered":"https:\/\/raed.academy\/?p=104743"},"modified":"2021-07-17T12:28:31","modified_gmt":"2021-07-17T12:28:31","slug":"vint-i-nove-repte-vital-analitzar-limpacte-de-la-recuperacio-sobre-el-territori","status":"publish","type":"post","link":"https:\/\/raed.academy\/ca\/vint-i-nove-repte-vital-analitzar-limpacte-de-la-recuperacio-sobre-el-territori\/","title":{"rendered":"Vint-i-nov\u00e8 repte vital: analitzar l&#8217;impacte de la recuperaci\u00f3 sobre el territori"},"content":{"rendered":"<p><a href=\"https:\/\/raed.academy\/ca\/academics\/dr-oriol-amat-salas\/\" target=\"_blank\" rel=\"noopener\"><strong><em>Oriol Amat<\/em><\/strong><\/a><br \/>\n<em>Rector de la Universitat Pompeu Fabra, deg\u00e0 del Col\u00b7legi d&#8217;Economistes de Catalunya, vice-president de l&#8217;Associaci\u00f3 Catalana de Comptabilitat i Direcci\u00f3 i acad\u00e8mic de n\u00famero de la Reial Acad\u00e8mia Europea de Doctors-Barcelona 1914 (RAED)<\/em><\/p>\n<div id=\"attachment_56289\" style=\"width: 270px\" class=\"wp-caption alignleft\"><img loading=\"lazy\" decoding=\"async\" aria-describedby=\"caption-attachment-56289\" class=\"wp-image-56289\" src=\"https:\/\/raed.academy\/wp-content\/uploads\/2018\/09\/Oriol-Amat.jpg\" sizes=\"(max-width: 260px) 100vw, 260px\" srcset=\"https:\/\/raed.academy\/wp-content\/uploads\/2018\/09\/Oriol-Amat.jpg 292w, https:\/\/raed.academy\/wp-content\/uploads\/2018\/09\/Oriol-Amat-150x150.jpg 150w\" alt=\"Dr. Oriol Amat\" width=\"260\" height=\"260\" aria-describedby=\"caption-attachment-56289\" data-attachment-id=\"56289\" data-permalink=\"https:\/\/raed.academy\/oriol-amat-derechos-humanos-dialogo-y-buen-gobierno\/oriol-amat-4\/\" data-orig-file=\"https:\/\/raed.academy\/wp-content\/uploads\/2018\/09\/Oriol-Amat.jpg\" data-orig-size=\"292,292\" data-comments-opened=\"0\" data-image-meta=\"{&quot;aperture&quot;:&quot;0&quot;,&quot;credit&quot;:&quot;&quot;,&quot;camera&quot;:&quot;&quot;,&quot;caption&quot;:&quot;&quot;,&quot;created_timestamp&quot;:&quot;0&quot;,&quot;copyright&quot;:&quot;&quot;,&quot;focal_length&quot;:&quot;0&quot;,&quot;iso&quot;:&quot;0&quot;,&quot;shutter_speed&quot;:&quot;0&quot;,&quot;title&quot;:&quot;&quot;,&quot;orientation&quot;:&quot;0&quot;}\" data-image-title=\"Dr. Oriol Amat\" data-image-description=\"\" data-medium-file=\"https:\/\/raed.academy\/wp-content\/uploads\/2018\/09\/Oriol-Amat.jpg\" data-large-file=\"https:\/\/raed.academy\/wp-content\/uploads\/2018\/09\/Oriol-Amat.jpg\" \/><p id=\"caption-attachment-56289\" class=\"wp-caption-text\">Dr. Oriol Amat<\/p><\/div>\n<p><a href=\"https:\/\/raed.academy\/ca\/academics\/dr-oriol-amat-salas\/\" target=\"_blank\" rel=\"noopener\"><strong><em>Oriol Amat<\/em><\/strong><\/a>, rector de la <strong>Universitat Pompeu Fabra<\/strong>, deg\u00e0 del <strong>Col\u00b7legi d&#8217;Economistes de Catalunya<\/strong> i acad\u00e8mic de n\u00famero de la <strong>Reial Acad\u00e8mia Europea de Doctors-Barcelona 1914<\/strong> (RAED), reflexiona sobre els mecanismes m\u00e9s \u00fatils per superar l&#8217;actual crisi en el menor temps possible i de la forma m\u00e9s igualit\u00e0ria al treball <strong>&#8220;Mesurant l&#8217;impacte econ\u00f2mic d&#8217;una organitzaci\u00f3 en el seu entorn amb les taules input-output&#8221;<\/strong>, que presenta a la primera edici\u00f3 del projecte <strong>Reptes Vitals per a una Nova Era<\/strong>, impulsat per la <strong>Fundaci\u00f3 Pro Reial Acad\u00e8mia Europea de Doctors<\/strong> el costat de la <strong>RAED<\/strong>. Amat signa aquest treball al costat de la investigadora de la investigadora de la <strong>Barcelona School of Management<\/strong> de la Universitat Pompeu Fabra <strong>Erola Palau<\/strong>. El primer lliurament de Reptes Vitals va veure la llum el passat mes d&#8217;abril en format de llibre amb l&#8217;objectiu d&#8217;establir-se com un informe pluridisciplinari anual de refer\u00e8ncia sobre la nova realitat que sorgeix despr\u00e9s de la pand\u00e8mia.<\/p>\n<p>&#8220;Estudiar l&#8217;impacte econ\u00f2mic permet con\u00e8ixer la influ\u00e8ncia d&#8217;una organitzaci\u00f3 en un territori. Amb aquesta finalitat, \u00e9s \u00fatil quantificar el volum d&#8217;activitat econ\u00f2mica i els llocs de treball que es generen. La metodologia de les taules input-output \u00e9s la usada m\u00e9s habitualment per con\u00e8ixer tant l&#8217;impacte directe de l&#8217;empresa al sector, com l&#8217;indirecte i indu\u00eft als altres sectors de l&#8217;economia. Aquesta informaci\u00f3 permet comprendre la posici\u00f3 de l&#8217;empresa a l&#8217;hora de crear impacte en la societat. A m\u00e9s, \u00e9s de gran ajuda en la presa de decisions que tracten de crear el m\u00e0xim benestar al territori&#8221;, inicien els dos experts la seva exposici\u00f3.<\/p>\n<div id=\"attachment_104762\" style=\"width: 310px\" class=\"wp-caption alignright\"><img loading=\"lazy\" decoding=\"async\" aria-describedby=\"caption-attachment-104762\" class=\"wp-image-104762 size-full\" src=\"https:\/\/raed.academy\/wp-content\/uploads\/2021\/07\/Erola-Palau.jpg\" sizes=\"(max-width: 300px) 100vw, 300px\" srcset=\"https:\/\/raed.academy\/wp-content\/uploads\/2021\/07\/Erola-Palau.jpg 300w, https:\/\/raed.academy\/wp-content\/uploads\/2021\/07\/Erola-Palau-150x150.jpg 150w\" alt=\"Erola Palau\" width=\"300\" height=\"300\" aria-describedby=\"caption-attachment-104762\" data-attachment-id=\"104762\" data-permalink=\"https:\/\/raed.academy\/vigesimonoveno-reto-vital-analizar-el-impacto-de-la-recuperacion-sobre-el-territorio\/erola-palau\/\" data-orig-file=\"https:\/\/raed.academy\/wp-content\/uploads\/2021\/07\/Erola-Palau.jpg\" data-orig-size=\"300,300\" data-comments-opened=\"0\" data-image-meta=\"{&quot;aperture&quot;:&quot;0&quot;,&quot;credit&quot;:&quot;&quot;,&quot;camera&quot;:&quot;&quot;,&quot;caption&quot;:&quot;&quot;,&quot;created_timestamp&quot;:&quot;0&quot;,&quot;copyright&quot;:&quot;&quot;,&quot;focal_length&quot;:&quot;0&quot;,&quot;iso&quot;:&quot;0&quot;,&quot;shutter_speed&quot;:&quot;0&quot;,&quot;title&quot;:&quot;&quot;,&quot;orientation&quot;:&quot;0&quot;}\" data-image-title=\"Erola Palau\" data-image-description=\"\" data-medium-file=\"https:\/\/raed.academy\/wp-content\/uploads\/2021\/07\/Erola-Palau.jpg\" data-large-file=\"https:\/\/raed.academy\/wp-content\/uploads\/2021\/07\/Erola-Palau.jpg\" \/><p id=\"caption-attachment-104762\" class=\"wp-caption-text\">Dra. Erola Palau<\/p><\/div>\n<p>Per a <strong>Amat<\/strong> i <strong>Palau<\/strong>, en moments de crisi com l&#8217;actual resulta de vital import\u00e0ncia que les organitzacions analitzin la seva activitat, comprenguin la seva repercussi\u00f3 sobre l&#8217;economia i l&#8217;ocupaci\u00f3 i puguin definir les activitats que proporcionen m\u00e9s benefici per a la mateixa empresa i per a la societat. D&#8217;altra banda, la creixent consci\u00e8ncia sobre la import\u00e0ncia de la responsabilitat social corporativa a portat a moltes empreses, al costat d&#8217;altres iniciatives socials, a generar un impacte positiu sobre el territori en qu\u00e8 estan implantades i a actuar sota par\u00e0metres \u00e8tics. &#8220;Sobreviure en moments de risc i actuar de manera responsable per a la societat pot ser un desafiament important. I analitzar i quantificar l&#8217;impacte econ\u00f2mic generat per una empresa en una \u00e0rea geogr\u00e0fica espec\u00edfica \u00e9s clau per con\u00e8ixer la situaci\u00f3&#8221;, assenyalen.<\/p>\n<p>Despr\u00e9s d&#8217;explicar i analitzar la metodologia de les taules input-output publicades per instituts d&#8217;estad\u00edstica o serveis d&#8217;estudis de comptabilitat nacional o regional per calcular l&#8217;impacte de les activitats de les empreses en tots els sectors de l&#8217;economia territorial, els autors mostren com analitzar els efectes directes, indirectes i indu\u00efts de cada activitat o sector i proposen models d&#8217;an\u00e0lisis espec\u00edfiques. Per a aix\u00f2 s&#8217;exposen exemples concrets, com el de la <strong>Universitat de Vic-Universitat Central de Catalunya<\/strong>, els ports d&#8217;Andalusia i els supermercats <strong>Mercadona<\/strong>.<\/p>\n<p>&#8220;Con\u00e8ixer l&#8217;impacte directe, indirecte i indu\u00eft en generaci\u00f3 de renda i ocupaci\u00f3 de m\u00e9s empreses seria d&#8217;ajuda a l&#8217;hora de comprendre la situaci\u00f3 de l&#8217;economia. A m\u00e9s, serviria a les empreses per prendre millors decisions, per tenir m\u00e9s responsabilitat social corporativa i per crear consci\u00e8ncia de les implicacions importants de les mateixes empreses en el desenvolupament econ\u00f2mic de la regi\u00f3 on tenen influ\u00e8ncia&#8221;, conclouen els dos estudiosos.<\/p>\n<p>Reptes Vitals per a una Nova Era ha iniciat el seu cam\u00ed amb el comprom\u00eds d&#8217;una quarantena de cient\u00edfics, entre ells diversos Premis Nobel, ex-ministres i ex-caps d&#8217;Estat, tots referents en els seus \u00e0mbits d&#8217;estudi, que aportaran les seves propostes per elaborar aquest complet i nou estudi. Una rigorosa guia de l&#8217;anomenada nova realitat des de les seves m\u00faltiples arestes.<\/p>\n","protected":false},"excerpt":{"rendered":"<p>Oriol Amat i Erola Palau reflexionen en el seu article sobre els mecanismes m\u00e9s \u00fatils per superar l&#8217;actual crisi en el menor temps possible i de la forma m\u00e9s igualit\u00e0ria<\/p>\n","protected":false},"author":12,"featured_media":102126,"comment_status":"closed","ping_status":"closed","sticky":false,"template":"","format":"standard","meta":{"_et_pb_use_builder":"","_et_pb_old_content":"","_et_gb_content_width":"","footnotes":""},"categories":[268,274,233],"tags":[],"class_list":["post-104743","post","type-post","status-publish","format-standard","has-post-thumbnail","hentry","category-coronavirus-des-del-coneixement","category-economia-i-politica","category-economiques-i-empresarials","et-has-post-format-content","et_post_format-et-post-format-standard"],"yoast_head":"<!-- This site is optimized with the Yoast SEO plugin v27.5 - https:\/\/yoast.com\/product\/yoast-seo-wordpress\/ -->\n<title>Vint-i-nov\u00e8 repte vital: analitzar l&#039;impacte de la recuperaci\u00f3 sobre el territori - Reial Acad\u00e8mia Europea de Doctors<\/title>\n<meta name=\"description\" content=\"Oriol Amat i Erola Palau reflexionen en el seu article sobre els mecanismes m\u00e9s \u00fatils per superar l&#039;actual crisi en el menor temps possible i de la forma m\u00e9s igualit\u00e0ria\" \/>\n<meta name=\"robots\" content=\"index, follow, max-snippet:-1, max-image-preview:large, max-video-preview:-1\" \/>\n<link rel=\"canonical\" href=\"https:\/\/raed.academy\/ca\/vint-i-nove-repte-vital-analitzar-limpacte-de-la-recuperacio-sobre-el-territori\/\" \/>\n<meta property=\"og:locale\" content=\"ca_ES\" \/>\n<meta property=\"og:type\" content=\"article\" \/>\n<meta property=\"og:title\" content=\"Vint-i-nov\u00e8 repte vital: analitzar l&#039;impacte de la recuperaci\u00f3 sobre el territori - Reial Acad\u00e8mia Europea de Doctors\" \/>\n<meta property=\"og:description\" content=\"Oriol Amat i Erola Palau reflexionen en el seu article sobre els mecanismes m\u00e9s \u00fatils per superar l&#039;actual crisi en el menor temps possible i de la forma m\u00e9s igualit\u00e0ria\" \/>\n<meta property=\"og:url\" content=\"https:\/\/raed.academy\/ca\/vint-i-nove-repte-vital-analitzar-limpacte-de-la-recuperacio-sobre-el-territori\/\" \/>\n<meta property=\"og:site_name\" content=\"Reial Acad\u00e8mia Europea de Doctors\" \/>\n<meta property=\"article:publisher\" content=\"http:\/\/fb.me\/raed.academy\" \/>\n<meta property=\"article:published_time\" content=\"2021-07-16T18:31:29+00:00\" \/>\n<meta property=\"article:modified_time\" content=\"2021-07-17T12:28:31+00:00\" \/>\n<meta property=\"og:image\" content=\"https:\/\/raed.academy\/wp-content\/uploads\/2021\/04\/shutt_crisis-economica-perdidas-en-el-mercado-de-valores-dst.jpg\" \/>\n\t<meta property=\"og:image:width\" content=\"600\" \/>\n\t<meta property=\"og:image:height\" content=\"360\" \/>\n\t<meta property=\"og:image:type\" content=\"image\/jpeg\" \/>\n<meta name=\"author\" content=\"RAED\" \/>\n<meta name=\"twitter:card\" content=\"summary_large_image\" \/>\n<meta name=\"twitter:creator\" content=\"@raedacademy\" \/>\n<meta name=\"twitter:site\" content=\"@raedacademy\" \/>\n<meta name=\"twitter:label1\" content=\"Written by\" \/>\n\t<meta name=\"twitter:data1\" content=\"RAED\" \/>\n\t<meta name=\"twitter:label2\" content=\"Est. reading time\" \/>\n\t<meta name=\"twitter:data2\" content=\"4 minutes\" \/>\n<script type=\"application\/ld+json\" class=\"yoast-schema-graph\">{\"@context\":\"https:\\\/\\\/schema.org\",\"@graph\":[{\"@type\":\"Article\",\"@id\":\"https:\\\/\\\/raed.academy\\\/ca\\\/vint-i-nove-repte-vital-analitzar-limpacte-de-la-recuperacio-sobre-el-territori\\\/#article\",\"isPartOf\":{\"@id\":\"https:\\\/\\\/raed.academy\\\/ca\\\/vint-i-nove-repte-vital-analitzar-limpacte-de-la-recuperacio-sobre-el-territori\\\/\"},\"author\":{\"name\":\"RAED\",\"@id\":\"https:\\\/\\\/raed.academy\\\/ca\\\/#\\\/schema\\\/person\\\/5a755da80d1d979fd66ba745c8702927\"},\"headline\":\"Vint-i-nov\u00e8 repte vital: analitzar l&#8217;impacte de la recuperaci\u00f3 sobre el territori\",\"datePublished\":\"2021-07-16T18:31:29+00:00\",\"dateModified\":\"2021-07-17T12:28:31+00:00\",\"mainEntityOfPage\":{\"@id\":\"https:\\\/\\\/raed.academy\\\/ca\\\/vint-i-nove-repte-vital-analitzar-limpacte-de-la-recuperacio-sobre-el-territori\\\/\"},\"wordCount\":753,\"publisher\":{\"@id\":\"https:\\\/\\\/raed.academy\\\/ca\\\/#organization\"},\"image\":{\"@id\":\"https:\\\/\\\/raed.academy\\\/ca\\\/vint-i-nove-repte-vital-analitzar-limpacte-de-la-recuperacio-sobre-el-territori\\\/#primaryimage\"},\"thumbnailUrl\":\"https:\\\/\\\/raed.academy\\\/wp-content\\\/uploads\\\/2021\\\/04\\\/shutt_crisis-economica-perdidas-en-el-mercado-de-valores-dst.jpg\",\"articleSection\":[\"Coronavirus des del coneixement\",\"Economia i pol\u00edtica\",\"Econ\u00f2miques i Empresarials\"],\"inLanguage\":\"ca-ES\"},{\"@type\":\"WebPage\",\"@id\":\"https:\\\/\\\/raed.academy\\\/ca\\\/vint-i-nove-repte-vital-analitzar-limpacte-de-la-recuperacio-sobre-el-territori\\\/\",\"url\":\"https:\\\/\\\/raed.academy\\\/ca\\\/vint-i-nove-repte-vital-analitzar-limpacte-de-la-recuperacio-sobre-el-territori\\\/\",\"name\":\"Vint-i-nov\u00e8 repte vital: analitzar l'impacte de la recuperaci\u00f3 sobre el territori - Reial Acad\u00e8mia Europea de Doctors\",\"isPartOf\":{\"@id\":\"https:\\\/\\\/raed.academy\\\/ca\\\/#website\"},\"primaryImageOfPage\":{\"@id\":\"https:\\\/\\\/raed.academy\\\/ca\\\/vint-i-nove-repte-vital-analitzar-limpacte-de-la-recuperacio-sobre-el-territori\\\/#primaryimage\"},\"image\":{\"@id\":\"https:\\\/\\\/raed.academy\\\/ca\\\/vint-i-nove-repte-vital-analitzar-limpacte-de-la-recuperacio-sobre-el-territori\\\/#primaryimage\"},\"thumbnailUrl\":\"https:\\\/\\\/raed.academy\\\/wp-content\\\/uploads\\\/2021\\\/04\\\/shutt_crisis-economica-perdidas-en-el-mercado-de-valores-dst.jpg\",\"datePublished\":\"2021-07-16T18:31:29+00:00\",\"dateModified\":\"2021-07-17T12:28:31+00:00\",\"description\":\"Oriol Amat i Erola Palau reflexionen en el seu article sobre els mecanismes m\u00e9s \u00fatils per superar l'actual crisi en el menor temps possible i de la forma m\u00e9s igualit\u00e0ria\",\"breadcrumb\":{\"@id\":\"https:\\\/\\\/raed.academy\\\/ca\\\/vint-i-nove-repte-vital-analitzar-limpacte-de-la-recuperacio-sobre-el-territori\\\/#breadcrumb\"},\"inLanguage\":\"ca-ES\",\"potentialAction\":[{\"@type\":\"ReadAction\",\"target\":[\"https:\\\/\\\/raed.academy\\\/ca\\\/vint-i-nove-repte-vital-analitzar-limpacte-de-la-recuperacio-sobre-el-territori\\\/\"]}]},{\"@type\":\"ImageObject\",\"inLanguage\":\"ca-ES\",\"@id\":\"https:\\\/\\\/raed.academy\\\/ca\\\/vint-i-nove-repte-vital-analitzar-limpacte-de-la-recuperacio-sobre-el-territori\\\/#primaryimage\",\"url\":\"https:\\\/\\\/raed.academy\\\/wp-content\\\/uploads\\\/2021\\\/04\\\/shutt_crisis-economica-perdidas-en-el-mercado-de-valores-dst.jpg\",\"contentUrl\":\"https:\\\/\\\/raed.academy\\\/wp-content\\\/uploads\\\/2021\\\/04\\\/shutt_crisis-economica-perdidas-en-el-mercado-de-valores-dst.jpg\",\"width\":600,\"height\":360},{\"@type\":\"BreadcrumbList\",\"@id\":\"https:\\\/\\\/raed.academy\\\/ca\\\/vint-i-nove-repte-vital-analitzar-limpacte-de-la-recuperacio-sobre-el-territori\\\/#breadcrumb\",\"itemListElement\":[{\"@type\":\"ListItem\",\"position\":1,\"name\":\"Inicio\",\"item\":\"https:\\\/\\\/raed.academy\\\/ca\\\/\"},{\"@type\":\"ListItem\",\"position\":2,\"name\":\"Vint-i-nov\u00e8 repte vital: analitzar l&#8217;impacte de la recuperaci\u00f3 sobre el territori\"}]},{\"@type\":\"WebSite\",\"@id\":\"https:\\\/\\\/raed.academy\\\/ca\\\/#website\",\"url\":\"https:\\\/\\\/raed.academy\\\/ca\\\/\",\"name\":\"Reial Acad\u00e8mia Europea de Doctors\",\"description\":\"Corporaci\u00f3n de derecho p\u00fablico de car\u00e1cter cient\u00edfico, t\u00e9cnico y art\u00edstico, que tiene por objeto la investigaci\u00f3n, el estudio, el fomento y la extensi\u00f3n del conocimiento en su sentido m\u00e1s amplio\",\"publisher\":{\"@id\":\"https:\\\/\\\/raed.academy\\\/ca\\\/#organization\"},\"potentialAction\":[{\"@type\":\"SearchAction\",\"target\":{\"@type\":\"EntryPoint\",\"urlTemplate\":\"https:\\\/\\\/raed.academy\\\/ca\\\/?s={search_term_string}\"},\"query-input\":{\"@type\":\"PropertyValueSpecification\",\"valueRequired\":true,\"valueName\":\"search_term_string\"}}],\"inLanguage\":\"ca-ES\"},{\"@type\":\"Organization\",\"@id\":\"https:\\\/\\\/raed.academy\\\/ca\\\/#organization\",\"name\":\"Real Academia Europea de Doctores\",\"url\":\"https:\\\/\\\/raed.academy\\\/ca\\\/\",\"logo\":{\"@type\":\"ImageObject\",\"inLanguage\":\"ca-ES\",\"@id\":\"https:\\\/\\\/raed.academy\\\/ca\\\/#\\\/schema\\\/logo\\\/image\\\/\",\"url\":\"https:\\\/\\\/raed.academy\\\/wp-content\\\/uploads\\\/2017\\\/01\\\/cropped-logo_raed.png\",\"contentUrl\":\"https:\\\/\\\/raed.academy\\\/wp-content\\\/uploads\\\/2017\\\/01\\\/cropped-logo_raed.png\",\"width\":512,\"height\":512,\"caption\":\"Real Academia Europea de Doctores\"},\"image\":{\"@id\":\"https:\\\/\\\/raed.academy\\\/ca\\\/#\\\/schema\\\/logo\\\/image\\\/\"},\"sameAs\":[\"http:\\\/\\\/fb.me\\\/raed.academy\",\"https:\\\/\\\/x.com\\\/raedacademy\",\"https:\\\/\\\/www.instagram.com\\\/raed.academy\\\/\",\"https:\\\/\\\/www.youtube.com\\\/channel\\\/UCUYQwW2KrdirNWihxMDObwg\"]},{\"@type\":\"Person\",\"@id\":\"https:\\\/\\\/raed.academy\\\/ca\\\/#\\\/schema\\\/person\\\/5a755da80d1d979fd66ba745c8702927\",\"name\":\"RAED\",\"image\":{\"@type\":\"ImageObject\",\"inLanguage\":\"ca-ES\",\"@id\":\"https:\\\/\\\/secure.gravatar.com\\\/avatar\\\/19fdfdc0d67fb9c45714b703a2ac82251c4fcea3637f002ac3c9b74c0183583c?s=96&d=mm&r=g\",\"url\":\"https:\\\/\\\/secure.gravatar.com\\\/avatar\\\/19fdfdc0d67fb9c45714b703a2ac82251c4fcea3637f002ac3c9b74c0183583c?s=96&d=mm&r=g\",\"contentUrl\":\"https:\\\/\\\/secure.gravatar.com\\\/avatar\\\/19fdfdc0d67fb9c45714b703a2ac82251c4fcea3637f002ac3c9b74c0183583c?s=96&d=mm&r=g\",\"caption\":\"RAED\"}}]}<\/script>\n<!-- \/ Yoast SEO plugin. -->","yoast_head_json":{"title":"Vint-i-nov\u00e8 repte vital: analitzar l'impacte de la recuperaci\u00f3 sobre el territori - Reial Acad\u00e8mia Europea de Doctors","description":"Oriol Amat i Erola Palau reflexionen en el seu article sobre els mecanismes m\u00e9s \u00fatils per superar l'actual crisi en el menor temps possible i de la forma m\u00e9s igualit\u00e0ria","robots":{"index":"index","follow":"follow","max-snippet":"max-snippet:-1","max-image-preview":"max-image-preview:large","max-video-preview":"max-video-preview:-1"},"canonical":"https:\/\/raed.academy\/ca\/vint-i-nove-repte-vital-analitzar-limpacte-de-la-recuperacio-sobre-el-territori\/","og_locale":"ca_ES","og_type":"article","og_title":"Vint-i-nov\u00e8 repte vital: analitzar l'impacte de la recuperaci\u00f3 sobre el territori - Reial Acad\u00e8mia Europea de Doctors","og_description":"Oriol Amat i Erola Palau reflexionen en el seu article sobre els mecanismes m\u00e9s \u00fatils per superar l'actual crisi en el menor temps possible i de la forma m\u00e9s igualit\u00e0ria","og_url":"https:\/\/raed.academy\/ca\/vint-i-nove-repte-vital-analitzar-limpacte-de-la-recuperacio-sobre-el-territori\/","og_site_name":"Reial Acad\u00e8mia Europea de Doctors","article_publisher":"http:\/\/fb.me\/raed.academy","article_published_time":"2021-07-16T18:31:29+00:00","article_modified_time":"2021-07-17T12:28:31+00:00","og_image":[{"width":600,"height":360,"url":"https:\/\/raed.academy\/wp-content\/uploads\/2021\/04\/shutt_crisis-economica-perdidas-en-el-mercado-de-valores-dst.jpg","type":"image\/jpeg"}],"author":"RAED","twitter_card":"summary_large_image","twitter_creator":"@raedacademy","twitter_site":"@raedacademy","twitter_misc":{"Written by":"RAED","Est. reading time":"4 minutes"},"schema":{"@context":"https:\/\/schema.org","@graph":[{"@type":"Article","@id":"https:\/\/raed.academy\/ca\/vint-i-nove-repte-vital-analitzar-limpacte-de-la-recuperacio-sobre-el-territori\/#article","isPartOf":{"@id":"https:\/\/raed.academy\/ca\/vint-i-nove-repte-vital-analitzar-limpacte-de-la-recuperacio-sobre-el-territori\/"},"author":{"name":"RAED","@id":"https:\/\/raed.academy\/ca\/#\/schema\/person\/5a755da80d1d979fd66ba745c8702927"},"headline":"Vint-i-nov\u00e8 repte vital: analitzar l&#8217;impacte de la recuperaci\u00f3 sobre el territori","datePublished":"2021-07-16T18:31:29+00:00","dateModified":"2021-07-17T12:28:31+00:00","mainEntityOfPage":{"@id":"https:\/\/raed.academy\/ca\/vint-i-nove-repte-vital-analitzar-limpacte-de-la-recuperacio-sobre-el-territori\/"},"wordCount":753,"publisher":{"@id":"https:\/\/raed.academy\/ca\/#organization"},"image":{"@id":"https:\/\/raed.academy\/ca\/vint-i-nove-repte-vital-analitzar-limpacte-de-la-recuperacio-sobre-el-territori\/#primaryimage"},"thumbnailUrl":"https:\/\/raed.academy\/wp-content\/uploads\/2021\/04\/shutt_crisis-economica-perdidas-en-el-mercado-de-valores-dst.jpg","articleSection":["Coronavirus des del coneixement","Economia i pol\u00edtica","Econ\u00f2miques i Empresarials"],"inLanguage":"ca-ES"},{"@type":"WebPage","@id":"https:\/\/raed.academy\/ca\/vint-i-nove-repte-vital-analitzar-limpacte-de-la-recuperacio-sobre-el-territori\/","url":"https:\/\/raed.academy\/ca\/vint-i-nove-repte-vital-analitzar-limpacte-de-la-recuperacio-sobre-el-territori\/","name":"Vint-i-nov\u00e8 repte vital: analitzar l'impacte de la recuperaci\u00f3 sobre el territori - Reial Acad\u00e8mia Europea de Doctors","isPartOf":{"@id":"https:\/\/raed.academy\/ca\/#website"},"primaryImageOfPage":{"@id":"https:\/\/raed.academy\/ca\/vint-i-nove-repte-vital-analitzar-limpacte-de-la-recuperacio-sobre-el-territori\/#primaryimage"},"image":{"@id":"https:\/\/raed.academy\/ca\/vint-i-nove-repte-vital-analitzar-limpacte-de-la-recuperacio-sobre-el-territori\/#primaryimage"},"thumbnailUrl":"https:\/\/raed.academy\/wp-content\/uploads\/2021\/04\/shutt_crisis-economica-perdidas-en-el-mercado-de-valores-dst.jpg","datePublished":"2021-07-16T18:31:29+00:00","dateModified":"2021-07-17T12:28:31+00:00","description":"Oriol Amat i Erola Palau reflexionen en el seu article sobre els mecanismes m\u00e9s \u00fatils per superar l'actual crisi en el menor temps possible i de la forma m\u00e9s igualit\u00e0ria","breadcrumb":{"@id":"https:\/\/raed.academy\/ca\/vint-i-nove-repte-vital-analitzar-limpacte-de-la-recuperacio-sobre-el-territori\/#breadcrumb"},"inLanguage":"ca-ES","potentialAction":[{"@type":"ReadAction","target":["https:\/\/raed.academy\/ca\/vint-i-nove-repte-vital-analitzar-limpacte-de-la-recuperacio-sobre-el-territori\/"]}]},{"@type":"ImageObject","inLanguage":"ca-ES","@id":"https:\/\/raed.academy\/ca\/vint-i-nove-repte-vital-analitzar-limpacte-de-la-recuperacio-sobre-el-territori\/#primaryimage","url":"https:\/\/raed.academy\/wp-content\/uploads\/2021\/04\/shutt_crisis-economica-perdidas-en-el-mercado-de-valores-dst.jpg","contentUrl":"https:\/\/raed.academy\/wp-content\/uploads\/2021\/04\/shutt_crisis-economica-perdidas-en-el-mercado-de-valores-dst.jpg","width":600,"height":360},{"@type":"BreadcrumbList","@id":"https:\/\/raed.academy\/ca\/vint-i-nove-repte-vital-analitzar-limpacte-de-la-recuperacio-sobre-el-territori\/#breadcrumb","itemListElement":[{"@type":"ListItem","position":1,"name":"Inicio","item":"https:\/\/raed.academy\/ca\/"},{"@type":"ListItem","position":2,"name":"Vint-i-nov\u00e8 repte vital: analitzar l&#8217;impacte de la recuperaci\u00f3 sobre el territori"}]},{"@type":"WebSite","@id":"https:\/\/raed.academy\/ca\/#website","url":"https:\/\/raed.academy\/ca\/","name":"Reial Acad\u00e8mia Europea de Doctors","description":"Corporaci\u00f3n de derecho p\u00fablico de car\u00e1cter cient\u00edfico, t\u00e9cnico y art\u00edstico, que tiene por objeto la investigaci\u00f3n, el estudio, el fomento y la extensi\u00f3n del conocimiento en su sentido m\u00e1s amplio","publisher":{"@id":"https:\/\/raed.academy\/ca\/#organization"},"potentialAction":[{"@type":"SearchAction","target":{"@type":"EntryPoint","urlTemplate":"https:\/\/raed.academy\/ca\/?s={search_term_string}"},"query-input":{"@type":"PropertyValueSpecification","valueRequired":true,"valueName":"search_term_string"}}],"inLanguage":"ca-ES"},{"@type":"Organization","@id":"https:\/\/raed.academy\/ca\/#organization","name":"Real Academia Europea de Doctores","url":"https:\/\/raed.academy\/ca\/","logo":{"@type":"ImageObject","inLanguage":"ca-ES","@id":"https:\/\/raed.academy\/ca\/#\/schema\/logo\/image\/","url":"https:\/\/raed.academy\/wp-content\/uploads\/2017\/01\/cropped-logo_raed.png","contentUrl":"https:\/\/raed.academy\/wp-content\/uploads\/2017\/01\/cropped-logo_raed.png","width":512,"height":512,"caption":"Real Academia Europea de Doctores"},"image":{"@id":"https:\/\/raed.academy\/ca\/#\/schema\/logo\/image\/"},"sameAs":["http:\/\/fb.me\/raed.academy","https:\/\/x.com\/raedacademy","https:\/\/www.instagram.com\/raed.academy\/","https:\/\/www.youtube.com\/channel\/UCUYQwW2KrdirNWihxMDObwg"]},{"@type":"Person","@id":"https:\/\/raed.academy\/ca\/#\/schema\/person\/5a755da80d1d979fd66ba745c8702927","name":"RAED","image":{"@type":"ImageObject","inLanguage":"ca-ES","@id":"https:\/\/secure.gravatar.com\/avatar\/19fdfdc0d67fb9c45714b703a2ac82251c4fcea3637f002ac3c9b74c0183583c?s=96&d=mm&r=g","url":"https:\/\/secure.gravatar.com\/avatar\/19fdfdc0d67fb9c45714b703a2ac82251c4fcea3637f002ac3c9b74c0183583c?s=96&d=mm&r=g","contentUrl":"https:\/\/secure.gravatar.com\/avatar\/19fdfdc0d67fb9c45714b703a2ac82251c4fcea3637f002ac3c9b74c0183583c?s=96&d=mm&r=g","caption":"RAED"}}]}},"_links":{"self":[{"href":"https:\/\/raed.academy\/ca\/wp-json\/wp\/v2\/posts\/104743","targetHints":{"allow":["GET"]}}],"collection":[{"href":"https:\/\/raed.academy\/ca\/wp-json\/wp\/v2\/posts"}],"about":[{"href":"https:\/\/raed.academy\/ca\/wp-json\/wp\/v2\/types\/post"}],"author":[{"embeddable":true,"href":"https:\/\/raed.academy\/ca\/wp-json\/wp\/v2\/users\/12"}],"replies":[{"embeddable":true,"href":"https:\/\/raed.academy\/ca\/wp-json\/wp\/v2\/comments?post=104743"}],"version-history":[{"count":0,"href":"https:\/\/raed.academy\/ca\/wp-json\/wp\/v2\/posts\/104743\/revisions"}],"wp:featuredmedia":[{"embeddable":true,"href":"https:\/\/raed.academy\/ca\/wp-json\/wp\/v2\/media\/102126"}],"wp:attachment":[{"href":"https:\/\/raed.academy\/ca\/wp-json\/wp\/v2\/media?parent=104743"}],"wp:term":[{"taxonomy":"category","embeddable":true,"href":"https:\/\/raed.academy\/ca\/wp-json\/wp\/v2\/categories?post=104743"},{"taxonomy":"post_tag","embeddable":true,"href":"https:\/\/raed.academy\/ca\/wp-json\/wp\/v2\/tags?post=104743"}],"curies":[{"name":"wp","href":"https:\/\/api.w.org\/{rel}","templated":true}]}}