{"id":104571,"date":"2021-07-09T20:47:25","date_gmt":"2021-07-09T20:47:25","guid":{"rendered":"https:\/\/raed.academy\/?p=104571"},"modified":"2021-07-16T08:35:06","modified_gmt":"2021-07-16T08:35:06","slug":"vint-i-vuite-repte-vital-adaptar-lempresa-a-la-nova-realitat","status":"publish","type":"post","link":"https:\/\/raed.academy\/ca\/vint-i-vuite-repte-vital-adaptar-lempresa-a-la-nova-realitat\/","title":{"rendered":"Vint-i-vuit\u00e8 repte vital: adaptar l&#8217;empresa a la nova realitat"},"content":{"rendered":"<p><a href=\"https:\/\/raed.academy\/ca\/academics\/dr-pedro-nueno-iniesta\/\" target=\"_blank\" rel=\"noopener\"><strong><em>Pedro Nueno<\/em><\/strong><\/a><br \/>\n<em>Titular de la C\u00e0tedra Fundaci\u00f3 Bertr\u00e1n d&#8217;Iniciativa Empresarial de l&#8217;Escola de Negocis IESE-Universitat de Navarra, president de l&#8217;Escola de Negocis Internacional Xina-Europa i acad\u00e8mic de n\u00famero i president de la Secci\u00f3 de Ci\u00e8ncies Socials de la Reial Acad\u00e8mia Europea de Doctors-Barcelona 1914 (RAED)<\/em><\/p>\n<p><img loading=\"lazy\" decoding=\"async\" class=\"alignleft size-full wp-image-101501\" src=\"https:\/\/raed.academy\/wp-content\/uploads\/2021\/04\/shutt_transformar-economia-espanola-dst.jpg\" sizes=\"(max-width: 600px) 100vw, 600px\" srcset=\"https:\/\/raed.academy\/wp-content\/uploads\/2021\/04\/shutt_transformar-economia-espanola-dst.jpg 600w, https:\/\/raed.academy\/wp-content\/uploads\/2021\/04\/shutt_transformar-economia-espanola-dst-440x264.jpg 440w\" alt=\"\" width=\"600\" height=\"360\" data-attachment-id=\"101501\" data-permalink=\"https:\/\/raed.academy\/decimoquinto-reto-vital-transformar-la-economia\/shutt_transformar-economia-espanola-dst\/\" data-orig-file=\"https:\/\/raed.academy\/wp-content\/uploads\/2021\/04\/shutt_transformar-economia-espanola-dst.jpg\" data-orig-size=\"600,360\" data-comments-opened=\"0\" data-image-meta=\"{&quot;aperture&quot;:&quot;0&quot;,&quot;credit&quot;:&quot;&quot;,&quot;camera&quot;:&quot;&quot;,&quot;caption&quot;:&quot;&quot;,&quot;created_timestamp&quot;:&quot;0&quot;,&quot;copyright&quot;:&quot;&quot;,&quot;focal_length&quot;:&quot;0&quot;,&quot;iso&quot;:&quot;0&quot;,&quot;shutter_speed&quot;:&quot;0&quot;,&quot;title&quot;:&quot;&quot;,&quot;orientation&quot;:&quot;0&quot;}\" data-image-title=\"shutt_transformar-economia-espa\u00f1ola-dst\" data-image-description=\"\" data-medium-file=\"https:\/\/raed.academy\/wp-content\/uploads\/2021\/04\/shutt_transformar-economia-espanola-dst.jpg\" data-large-file=\"https:\/\/raed.academy\/wp-content\/uploads\/2021\/04\/shutt_transformar-economia-espanola-dst.jpg\" \/><a href=\"https:\/\/raed.academy\/ca\/academics\/dr-pedro-nueno-iniesta\/\" target=\"_blank\" rel=\"noopener\"><strong><em>Pedro Nueno<\/em><\/strong><\/a>, professor d&#8217;<strong>IESE-Universitat de Navarra<\/strong>, president de l&#8217;<strong>Escola de Negocis Internacional Xina-Europa<\/strong> i acad\u00e8mic de n\u00famero i president de la Secci\u00f3 de Ci\u00e8ncies Socials de la <strong>Reial Acad\u00e8mia Europea de Doctors-Barcelona 1914<\/strong> (RAED), reflexiona sobre la recuperaci\u00f3 econ\u00f2mica despr\u00e9s de la crisi provocada per la pand\u00e8mia, posant el focus en l&#8217;economia espanyola, al treball <strong>&#8220;Creant ocupaci\u00f3&#8221;<\/strong>, que presenta a la primera edici\u00f3 del projecte <strong>Reptes Vitals per a una Nova Era<\/strong>, impulsat per la <strong>Fundaci\u00f3 Pro Reial Acad\u00e8mia Europea de Doctors<\/strong> al costat de la <strong>RAED<\/strong>. El primer lliurament de Reptes Vitals va veure la llum el passat mes d&#8217;abril en format de llibre amb l&#8217;objectiu d&#8217;establir-se com un informe pluridisciplinar anual de refer\u00e8ncia sobre la nova realitat que sorgeix despr\u00e9s de la pand\u00e8mia.<\/p>\n<p>Per a l&#8217;acad\u00e8mic, la depend\u00e8ncia de l&#8217;economia espanyola del sector del turisme no \u00e9s un problema en si mateix sempre que el sector afronti el futur des d&#8217;una nova \u00f2ptica en qu\u00e8 la innovaci\u00f3 i la digitalitzaci\u00f3 siguin la norma. Aix\u00ed mateix, altres sectors importants estaran tamb\u00e9 obligats a adaptar-se a una nova realitat en la qual la internacionalitzaci\u00f3 i els canals de venda en l\u00ednia seran predominants. <strong>Nueno<\/strong> tamb\u00e9 posa el focus en la persona com a base d&#8217;aquesta nova economia.<\/p>\n<p>&#8220;L&#8217;aparici\u00f3 inesperada del coronavirus, la notable caiguda del turisme i la digitalitzaci\u00f3 s\u00f3n tres fen\u00f2mens que han canviat radicalment l&#8217;entorn econ\u00f2mic i empresarial durant el 2020. Ja vam acabar el 2019 amb un nivell alt de desocupats, per\u00f2 els problemes de l&#8217;any 2020 ho han portat a m\u00e0xims hist\u00f2rics al nostre pa\u00eds i m\u00e0xims internacionals. Veient les coses a posteriori \u00e9s evident que podr\u00edem haver-nos preparat millor per a la Covid-19 i amb una reacci\u00f3 m\u00e9s r\u00e0pida el seu impacte hauria estat menor. Tamb\u00e9 \u00e9s cert que la majoria dels pa\u00efsos tampoc no es van preparar amb rapidesa i el cas m\u00e9s evident \u00e9s el dels Estats Units que, tot i con\u00e8ixer b\u00e9 el que havia passat a la Xina i a Europa, no va preparar el seu excel\u00b7lent sistema sanitari per dificultar l&#8217;aterratge de la pand\u00e8mia&#8221;, inicia l&#8217;acad\u00e8mic la seva exposici\u00f3.<\/p>\n<div id=\"attachment_74445\" style=\"width: 430px\" class=\"wp-caption alignright\"><img loading=\"lazy\" decoding=\"async\" aria-describedby=\"caption-attachment-74445\" class=\"wp-image-74445 size-full\" src=\"https:\/\/raed.academy\/wp-content\/uploads\/2019\/06\/Pedro-Nueno.jpg\" alt=\"Dr. Pedro Nueno\" width=\"420\" height=\"236\" aria-describedby=\"caption-attachment-74445\" data-attachment-id=\"74445\" data-permalink=\"https:\/\/raed.academy\/autoengano-y-empresa-pedro-nueno\/pedro-nueno\/\" data-orig-file=\"https:\/\/raed.academy\/wp-content\/uploads\/2019\/06\/Pedro-Nueno.jpg\" data-orig-size=\"420,236\" data-comments-opened=\"0\" data-image-meta=\"{&quot;aperture&quot;:&quot;0&quot;,&quot;credit&quot;:&quot;&quot;,&quot;camera&quot;:&quot;&quot;,&quot;caption&quot;:&quot;&quot;,&quot;created_timestamp&quot;:&quot;0&quot;,&quot;copyright&quot;:&quot;&quot;,&quot;focal_length&quot;:&quot;0&quot;,&quot;iso&quot;:&quot;0&quot;,&quot;shutter_speed&quot;:&quot;0&quot;,&quot;title&quot;:&quot;&quot;,&quot;orientation&quot;:&quot;0&quot;}\" data-image-title=\"Dr. Pedro Nueno\" data-image-description=\"\" data-medium-file=\"https:\/\/raed.academy\/wp-content\/uploads\/2019\/06\/Pedro-Nueno.jpg\" data-large-file=\"https:\/\/raed.academy\/wp-content\/uploads\/2019\/06\/Pedro-Nueno.jpg\" \/><p id=\"caption-attachment-74445\" class=\"wp-caption-text\">Dr. Pedro Nueno<\/p><\/div>\n<p><strong>Nueno<\/strong> apunta un altre aspecte que considera clau per a la recuperaci\u00f3: la formaci\u00f3 i la motivaci\u00f3 dels treballadors. &#8220;Les persones s\u00f3n les que poden aconseguir l&#8217;aven\u00e7 necessari en totes les \u00e0rees que hem explorat (innovar, internacionalitzar, gestionar), per\u00f2 per aconseguir el m\u00e0xim de les persones cal motivar-les i formar-les. La motivaci\u00f3 inclou \u00f2bviament la compensaci\u00f3 i per aix\u00f2 disposem d&#8217;informaci\u00f3 sobre com s&#8217;est\u00e0 retribuint als mercats als diferents nivells&#8221;, assenyala.<\/p>\n<p>No caure en l&#8217;autoengany i reformular l&#8217;estrat\u00e8gia empresarial les vegades que calgui seran mesures necess\u00e0ries, si no imprescindibles, per afrontar amb garanties els nous temps, assegura l&#8217;acad\u00e8mic. Sempre des de l&#8217;autocr\u00edtica i una visi\u00f3 oberta dels mercats i les noves tend\u00e8ncies i des d&#8217;una flexibilitat empresarial que resultar\u00e0 essencial per a l&#8217;adaptaci\u00f3 a una realitat complexa i imprevisible, per\u00f2 tamb\u00e9 plena de noves oportunitats.<\/p>\n<p>Reptes Vitals per a una Nova Era ha iniciat el seu cam\u00ed amb el comprom\u00eds d&#8217;una quarantena de cient\u00edfics, entre ells diversos Premis Nobel, ex-ministres i ex-caps d&#8217;Estat, tots referents en els seus \u00e0mbits d&#8217;estudi, que aportaran les seves propostes per elaborar aquest complet i nou estudi. Una rigorosa guia de l&#8217;anomenada nova realitat des de les seves m\u00faltiples arestes.<\/p>\n","protected":false},"excerpt":{"rendered":"<p>Pedro Nueno, sobre la recuperaci\u00f3 econ\u00f2mica despr\u00e9s de la crisi de la pand\u00e8mia, amb el focus en l&#8217;economia espanyola, al treball &#8220;Creando empleo&#8221;<\/p>\n","protected":false},"author":12,"featured_media":101502,"comment_status":"closed","ping_status":"closed","sticky":false,"template":"","format":"standard","meta":{"_et_pb_use_builder":"","_et_pb_old_content":"","_et_gb_content_width":"","footnotes":""},"categories":[268,274,275],"tags":[],"class_list":["post-104571","post","type-post","status-publish","format-standard","has-post-thumbnail","hentry","category-coronavirus-des-del-coneixement","category-economia-i-politica","category-educacio-etica-i-valors","et-has-post-format-content","et_post_format-et-post-format-standard"],"yoast_head":"<!-- This site is optimized with the Yoast SEO plugin v27.4 - https:\/\/yoast.com\/product\/yoast-seo-wordpress\/ -->\n<title>Vint-i-vuit\u00e8 repte vital: adaptar l&#039;empresa a la nova realitat - Reial Acad\u00e8mia Europea de Doctors<\/title>\n<meta name=\"description\" content=\"Pedro Nueno, sobre la recuperaci\u00f3 econ\u00f2mica despr\u00e9s de la crisi de la pand\u00e8mia, amb el focus en l&#039;economia espanyola, al treball &quot;Creando empleo&quot;\" \/>\n<meta name=\"robots\" content=\"index, follow, max-snippet:-1, max-image-preview:large, max-video-preview:-1\" \/>\n<link rel=\"canonical\" href=\"https:\/\/raed.academy\/ca\/vint-i-vuite-repte-vital-adaptar-lempresa-a-la-nova-realitat\/\" \/>\n<meta property=\"og:locale\" content=\"ca_ES\" \/>\n<meta property=\"og:type\" content=\"article\" \/>\n<meta property=\"og:title\" content=\"Vint-i-vuit\u00e8 repte vital: adaptar l&#039;empresa a la nova realitat - Reial Acad\u00e8mia Europea de Doctors\" \/>\n<meta property=\"og:description\" content=\"Pedro Nueno, sobre la recuperaci\u00f3 econ\u00f2mica despr\u00e9s de la crisi de la pand\u00e8mia, amb el focus en l&#039;economia espanyola, al treball &quot;Creando empleo&quot;\" \/>\n<meta property=\"og:url\" content=\"https:\/\/raed.academy\/ca\/vint-i-vuite-repte-vital-adaptar-lempresa-a-la-nova-realitat\/\" \/>\n<meta property=\"og:site_name\" content=\"Reial Acad\u00e8mia Europea de Doctors\" \/>\n<meta property=\"article:publisher\" content=\"http:\/\/fb.me\/raed.academy\" \/>\n<meta property=\"article:published_time\" content=\"2021-07-09T20:47:25+00:00\" \/>\n<meta property=\"article:modified_time\" content=\"2021-07-16T08:35:06+00:00\" \/>\n<meta property=\"og:image\" content=\"https:\/\/raed.academy\/wp-content\/uploads\/2021\/04\/shutt_transformar-economia-espanola-dst.jpg\" \/>\n\t<meta property=\"og:image:width\" content=\"600\" \/>\n\t<meta property=\"og:image:height\" content=\"360\" \/>\n\t<meta property=\"og:image:type\" content=\"image\/jpeg\" \/>\n<meta name=\"author\" content=\"RAED\" \/>\n<meta name=\"twitter:card\" content=\"summary_large_image\" \/>\n<meta name=\"twitter:creator\" content=\"@raedacademy\" \/>\n<meta name=\"twitter:site\" content=\"@raedacademy\" \/>\n<meta name=\"twitter:label1\" content=\"Written by\" \/>\n\t<meta name=\"twitter:data1\" content=\"RAED\" \/>\n\t<meta name=\"twitter:label2\" content=\"Est. reading time\" \/>\n\t<meta name=\"twitter:data2\" content=\"4 minutes\" \/>\n<script type=\"application\/ld+json\" class=\"yoast-schema-graph\">{\"@context\":\"https:\\\/\\\/schema.org\",\"@graph\":[{\"@type\":\"Article\",\"@id\":\"https:\\\/\\\/raed.academy\\\/ca\\\/vint-i-vuite-repte-vital-adaptar-lempresa-a-la-nova-realitat\\\/#article\",\"isPartOf\":{\"@id\":\"https:\\\/\\\/raed.academy\\\/ca\\\/vint-i-vuite-repte-vital-adaptar-lempresa-a-la-nova-realitat\\\/\"},\"author\":{\"name\":\"RAED\",\"@id\":\"https:\\\/\\\/raed.academy\\\/ca\\\/#\\\/schema\\\/person\\\/5a755da80d1d979fd66ba745c8702927\"},\"headline\":\"Vint-i-vuit\u00e8 repte vital: adaptar l&#8217;empresa a la nova realitat\",\"datePublished\":\"2021-07-09T20:47:25+00:00\",\"dateModified\":\"2021-07-16T08:35:06+00:00\",\"mainEntityOfPage\":{\"@id\":\"https:\\\/\\\/raed.academy\\\/ca\\\/vint-i-vuite-repte-vital-adaptar-lempresa-a-la-nova-realitat\\\/\"},\"wordCount\":681,\"publisher\":{\"@id\":\"https:\\\/\\\/raed.academy\\\/ca\\\/#organization\"},\"image\":{\"@id\":\"https:\\\/\\\/raed.academy\\\/ca\\\/vint-i-vuite-repte-vital-adaptar-lempresa-a-la-nova-realitat\\\/#primaryimage\"},\"thumbnailUrl\":\"https:\\\/\\\/raed.academy\\\/wp-content\\\/uploads\\\/2021\\\/04\\\/shutt_transformar-economia-espanola-dst.jpg\",\"articleSection\":[\"Coronavirus des del coneixement\",\"Economia i pol\u00edtica\",\"Educaci\u00f3, \u00e8tica i valors\"],\"inLanguage\":\"ca-ES\"},{\"@type\":\"WebPage\",\"@id\":\"https:\\\/\\\/raed.academy\\\/ca\\\/vint-i-vuite-repte-vital-adaptar-lempresa-a-la-nova-realitat\\\/\",\"url\":\"https:\\\/\\\/raed.academy\\\/ca\\\/vint-i-vuite-repte-vital-adaptar-lempresa-a-la-nova-realitat\\\/\",\"name\":\"Vint-i-vuit\u00e8 repte vital: adaptar l'empresa a la nova realitat - Reial Acad\u00e8mia Europea de Doctors\",\"isPartOf\":{\"@id\":\"https:\\\/\\\/raed.academy\\\/ca\\\/#website\"},\"primaryImageOfPage\":{\"@id\":\"https:\\\/\\\/raed.academy\\\/ca\\\/vint-i-vuite-repte-vital-adaptar-lempresa-a-la-nova-realitat\\\/#primaryimage\"},\"image\":{\"@id\":\"https:\\\/\\\/raed.academy\\\/ca\\\/vint-i-vuite-repte-vital-adaptar-lempresa-a-la-nova-realitat\\\/#primaryimage\"},\"thumbnailUrl\":\"https:\\\/\\\/raed.academy\\\/wp-content\\\/uploads\\\/2021\\\/04\\\/shutt_transformar-economia-espanola-dst.jpg\",\"datePublished\":\"2021-07-09T20:47:25+00:00\",\"dateModified\":\"2021-07-16T08:35:06+00:00\",\"description\":\"Pedro Nueno, sobre la recuperaci\u00f3 econ\u00f2mica despr\u00e9s de la crisi de la pand\u00e8mia, amb el focus en l'economia espanyola, al treball \\\"Creando empleo\\\"\",\"breadcrumb\":{\"@id\":\"https:\\\/\\\/raed.academy\\\/ca\\\/vint-i-vuite-repte-vital-adaptar-lempresa-a-la-nova-realitat\\\/#breadcrumb\"},\"inLanguage\":\"ca-ES\",\"potentialAction\":[{\"@type\":\"ReadAction\",\"target\":[\"https:\\\/\\\/raed.academy\\\/ca\\\/vint-i-vuite-repte-vital-adaptar-lempresa-a-la-nova-realitat\\\/\"]}]},{\"@type\":\"ImageObject\",\"inLanguage\":\"ca-ES\",\"@id\":\"https:\\\/\\\/raed.academy\\\/ca\\\/vint-i-vuite-repte-vital-adaptar-lempresa-a-la-nova-realitat\\\/#primaryimage\",\"url\":\"https:\\\/\\\/raed.academy\\\/wp-content\\\/uploads\\\/2021\\\/04\\\/shutt_transformar-economia-espanola-dst.jpg\",\"contentUrl\":\"https:\\\/\\\/raed.academy\\\/wp-content\\\/uploads\\\/2021\\\/04\\\/shutt_transformar-economia-espanola-dst.jpg\",\"width\":600,\"height\":360},{\"@type\":\"BreadcrumbList\",\"@id\":\"https:\\\/\\\/raed.academy\\\/ca\\\/vint-i-vuite-repte-vital-adaptar-lempresa-a-la-nova-realitat\\\/#breadcrumb\",\"itemListElement\":[{\"@type\":\"ListItem\",\"position\":1,\"name\":\"Inicio\",\"item\":\"https:\\\/\\\/raed.academy\\\/ca\\\/\"},{\"@type\":\"ListItem\",\"position\":2,\"name\":\"Vint-i-vuit\u00e8 repte vital: adaptar l&#8217;empresa a la nova realitat\"}]},{\"@type\":\"WebSite\",\"@id\":\"https:\\\/\\\/raed.academy\\\/ca\\\/#website\",\"url\":\"https:\\\/\\\/raed.academy\\\/ca\\\/\",\"name\":\"Reial Acad\u00e8mia Europea de Doctors\",\"description\":\"Corporaci\u00f3n de derecho p\u00fablico de car\u00e1cter cient\u00edfico, t\u00e9cnico y art\u00edstico, que tiene por objeto la investigaci\u00f3n, el estudio, el fomento y la extensi\u00f3n del conocimiento en su sentido m\u00e1s amplio\",\"publisher\":{\"@id\":\"https:\\\/\\\/raed.academy\\\/ca\\\/#organization\"},\"potentialAction\":[{\"@type\":\"SearchAction\",\"target\":{\"@type\":\"EntryPoint\",\"urlTemplate\":\"https:\\\/\\\/raed.academy\\\/ca\\\/?s={search_term_string}\"},\"query-input\":{\"@type\":\"PropertyValueSpecification\",\"valueRequired\":true,\"valueName\":\"search_term_string\"}}],\"inLanguage\":\"ca-ES\"},{\"@type\":\"Organization\",\"@id\":\"https:\\\/\\\/raed.academy\\\/ca\\\/#organization\",\"name\":\"Real Academia Europea de Doctores\",\"url\":\"https:\\\/\\\/raed.academy\\\/ca\\\/\",\"logo\":{\"@type\":\"ImageObject\",\"inLanguage\":\"ca-ES\",\"@id\":\"https:\\\/\\\/raed.academy\\\/ca\\\/#\\\/schema\\\/logo\\\/image\\\/\",\"url\":\"https:\\\/\\\/raed.academy\\\/wp-content\\\/uploads\\\/2017\\\/01\\\/cropped-logo_raed.png\",\"contentUrl\":\"https:\\\/\\\/raed.academy\\\/wp-content\\\/uploads\\\/2017\\\/01\\\/cropped-logo_raed.png\",\"width\":512,\"height\":512,\"caption\":\"Real Academia Europea de Doctores\"},\"image\":{\"@id\":\"https:\\\/\\\/raed.academy\\\/ca\\\/#\\\/schema\\\/logo\\\/image\\\/\"},\"sameAs\":[\"http:\\\/\\\/fb.me\\\/raed.academy\",\"https:\\\/\\\/x.com\\\/raedacademy\",\"https:\\\/\\\/www.instagram.com\\\/raed.academy\\\/\",\"https:\\\/\\\/www.youtube.com\\\/channel\\\/UCUYQwW2KrdirNWihxMDObwg\"]},{\"@type\":\"Person\",\"@id\":\"https:\\\/\\\/raed.academy\\\/ca\\\/#\\\/schema\\\/person\\\/5a755da80d1d979fd66ba745c8702927\",\"name\":\"RAED\",\"image\":{\"@type\":\"ImageObject\",\"inLanguage\":\"ca-ES\",\"@id\":\"https:\\\/\\\/secure.gravatar.com\\\/avatar\\\/19fdfdc0d67fb9c45714b703a2ac82251c4fcea3637f002ac3c9b74c0183583c?s=96&d=mm&r=g\",\"url\":\"https:\\\/\\\/secure.gravatar.com\\\/avatar\\\/19fdfdc0d67fb9c45714b703a2ac82251c4fcea3637f002ac3c9b74c0183583c?s=96&d=mm&r=g\",\"contentUrl\":\"https:\\\/\\\/secure.gravatar.com\\\/avatar\\\/19fdfdc0d67fb9c45714b703a2ac82251c4fcea3637f002ac3c9b74c0183583c?s=96&d=mm&r=g\",\"caption\":\"RAED\"}}]}<\/script>\n<!-- \/ Yoast SEO plugin. -->","yoast_head_json":{"title":"Vint-i-vuit\u00e8 repte vital: adaptar l'empresa a la nova realitat - Reial Acad\u00e8mia Europea de Doctors","description":"Pedro Nueno, sobre la recuperaci\u00f3 econ\u00f2mica despr\u00e9s de la crisi de la pand\u00e8mia, amb el focus en l'economia espanyola, al treball \"Creando empleo\"","robots":{"index":"index","follow":"follow","max-snippet":"max-snippet:-1","max-image-preview":"max-image-preview:large","max-video-preview":"max-video-preview:-1"},"canonical":"https:\/\/raed.academy\/ca\/vint-i-vuite-repte-vital-adaptar-lempresa-a-la-nova-realitat\/","og_locale":"ca_ES","og_type":"article","og_title":"Vint-i-vuit\u00e8 repte vital: adaptar l'empresa a la nova realitat - Reial Acad\u00e8mia Europea de Doctors","og_description":"Pedro Nueno, sobre la recuperaci\u00f3 econ\u00f2mica despr\u00e9s de la crisi de la pand\u00e8mia, amb el focus en l'economia espanyola, al treball \"Creando empleo\"","og_url":"https:\/\/raed.academy\/ca\/vint-i-vuite-repte-vital-adaptar-lempresa-a-la-nova-realitat\/","og_site_name":"Reial Acad\u00e8mia Europea de Doctors","article_publisher":"http:\/\/fb.me\/raed.academy","article_published_time":"2021-07-09T20:47:25+00:00","article_modified_time":"2021-07-16T08:35:06+00:00","og_image":[{"width":600,"height":360,"url":"https:\/\/raed.academy\/wp-content\/uploads\/2021\/04\/shutt_transformar-economia-espanola-dst.jpg","type":"image\/jpeg"}],"author":"RAED","twitter_card":"summary_large_image","twitter_creator":"@raedacademy","twitter_site":"@raedacademy","twitter_misc":{"Written by":"RAED","Est. reading time":"4 minutes"},"schema":{"@context":"https:\/\/schema.org","@graph":[{"@type":"Article","@id":"https:\/\/raed.academy\/ca\/vint-i-vuite-repte-vital-adaptar-lempresa-a-la-nova-realitat\/#article","isPartOf":{"@id":"https:\/\/raed.academy\/ca\/vint-i-vuite-repte-vital-adaptar-lempresa-a-la-nova-realitat\/"},"author":{"name":"RAED","@id":"https:\/\/raed.academy\/ca\/#\/schema\/person\/5a755da80d1d979fd66ba745c8702927"},"headline":"Vint-i-vuit\u00e8 repte vital: adaptar l&#8217;empresa a la nova realitat","datePublished":"2021-07-09T20:47:25+00:00","dateModified":"2021-07-16T08:35:06+00:00","mainEntityOfPage":{"@id":"https:\/\/raed.academy\/ca\/vint-i-vuite-repte-vital-adaptar-lempresa-a-la-nova-realitat\/"},"wordCount":681,"publisher":{"@id":"https:\/\/raed.academy\/ca\/#organization"},"image":{"@id":"https:\/\/raed.academy\/ca\/vint-i-vuite-repte-vital-adaptar-lempresa-a-la-nova-realitat\/#primaryimage"},"thumbnailUrl":"https:\/\/raed.academy\/wp-content\/uploads\/2021\/04\/shutt_transformar-economia-espanola-dst.jpg","articleSection":["Coronavirus des del coneixement","Economia i pol\u00edtica","Educaci\u00f3, \u00e8tica i valors"],"inLanguage":"ca-ES"},{"@type":"WebPage","@id":"https:\/\/raed.academy\/ca\/vint-i-vuite-repte-vital-adaptar-lempresa-a-la-nova-realitat\/","url":"https:\/\/raed.academy\/ca\/vint-i-vuite-repte-vital-adaptar-lempresa-a-la-nova-realitat\/","name":"Vint-i-vuit\u00e8 repte vital: adaptar l'empresa a la nova realitat - Reial Acad\u00e8mia Europea de Doctors","isPartOf":{"@id":"https:\/\/raed.academy\/ca\/#website"},"primaryImageOfPage":{"@id":"https:\/\/raed.academy\/ca\/vint-i-vuite-repte-vital-adaptar-lempresa-a-la-nova-realitat\/#primaryimage"},"image":{"@id":"https:\/\/raed.academy\/ca\/vint-i-vuite-repte-vital-adaptar-lempresa-a-la-nova-realitat\/#primaryimage"},"thumbnailUrl":"https:\/\/raed.academy\/wp-content\/uploads\/2021\/04\/shutt_transformar-economia-espanola-dst.jpg","datePublished":"2021-07-09T20:47:25+00:00","dateModified":"2021-07-16T08:35:06+00:00","description":"Pedro Nueno, sobre la recuperaci\u00f3 econ\u00f2mica despr\u00e9s de la crisi de la pand\u00e8mia, amb el focus en l'economia espanyola, al treball \"Creando empleo\"","breadcrumb":{"@id":"https:\/\/raed.academy\/ca\/vint-i-vuite-repte-vital-adaptar-lempresa-a-la-nova-realitat\/#breadcrumb"},"inLanguage":"ca-ES","potentialAction":[{"@type":"ReadAction","target":["https:\/\/raed.academy\/ca\/vint-i-vuite-repte-vital-adaptar-lempresa-a-la-nova-realitat\/"]}]},{"@type":"ImageObject","inLanguage":"ca-ES","@id":"https:\/\/raed.academy\/ca\/vint-i-vuite-repte-vital-adaptar-lempresa-a-la-nova-realitat\/#primaryimage","url":"https:\/\/raed.academy\/wp-content\/uploads\/2021\/04\/shutt_transformar-economia-espanola-dst.jpg","contentUrl":"https:\/\/raed.academy\/wp-content\/uploads\/2021\/04\/shutt_transformar-economia-espanola-dst.jpg","width":600,"height":360},{"@type":"BreadcrumbList","@id":"https:\/\/raed.academy\/ca\/vint-i-vuite-repte-vital-adaptar-lempresa-a-la-nova-realitat\/#breadcrumb","itemListElement":[{"@type":"ListItem","position":1,"name":"Inicio","item":"https:\/\/raed.academy\/ca\/"},{"@type":"ListItem","position":2,"name":"Vint-i-vuit\u00e8 repte vital: adaptar l&#8217;empresa a la nova realitat"}]},{"@type":"WebSite","@id":"https:\/\/raed.academy\/ca\/#website","url":"https:\/\/raed.academy\/ca\/","name":"Reial Acad\u00e8mia Europea de Doctors","description":"Corporaci\u00f3n de derecho p\u00fablico de car\u00e1cter cient\u00edfico, t\u00e9cnico y art\u00edstico, que tiene por objeto la investigaci\u00f3n, el estudio, el fomento y la extensi\u00f3n del conocimiento en su sentido m\u00e1s amplio","publisher":{"@id":"https:\/\/raed.academy\/ca\/#organization"},"potentialAction":[{"@type":"SearchAction","target":{"@type":"EntryPoint","urlTemplate":"https:\/\/raed.academy\/ca\/?s={search_term_string}"},"query-input":{"@type":"PropertyValueSpecification","valueRequired":true,"valueName":"search_term_string"}}],"inLanguage":"ca-ES"},{"@type":"Organization","@id":"https:\/\/raed.academy\/ca\/#organization","name":"Real Academia Europea de Doctores","url":"https:\/\/raed.academy\/ca\/","logo":{"@type":"ImageObject","inLanguage":"ca-ES","@id":"https:\/\/raed.academy\/ca\/#\/schema\/logo\/image\/","url":"https:\/\/raed.academy\/wp-content\/uploads\/2017\/01\/cropped-logo_raed.png","contentUrl":"https:\/\/raed.academy\/wp-content\/uploads\/2017\/01\/cropped-logo_raed.png","width":512,"height":512,"caption":"Real Academia Europea de Doctores"},"image":{"@id":"https:\/\/raed.academy\/ca\/#\/schema\/logo\/image\/"},"sameAs":["http:\/\/fb.me\/raed.academy","https:\/\/x.com\/raedacademy","https:\/\/www.instagram.com\/raed.academy\/","https:\/\/www.youtube.com\/channel\/UCUYQwW2KrdirNWihxMDObwg"]},{"@type":"Person","@id":"https:\/\/raed.academy\/ca\/#\/schema\/person\/5a755da80d1d979fd66ba745c8702927","name":"RAED","image":{"@type":"ImageObject","inLanguage":"ca-ES","@id":"https:\/\/secure.gravatar.com\/avatar\/19fdfdc0d67fb9c45714b703a2ac82251c4fcea3637f002ac3c9b74c0183583c?s=96&d=mm&r=g","url":"https:\/\/secure.gravatar.com\/avatar\/19fdfdc0d67fb9c45714b703a2ac82251c4fcea3637f002ac3c9b74c0183583c?s=96&d=mm&r=g","contentUrl":"https:\/\/secure.gravatar.com\/avatar\/19fdfdc0d67fb9c45714b703a2ac82251c4fcea3637f002ac3c9b74c0183583c?s=96&d=mm&r=g","caption":"RAED"}}]}},"_links":{"self":[{"href":"https:\/\/raed.academy\/ca\/wp-json\/wp\/v2\/posts\/104571","targetHints":{"allow":["GET"]}}],"collection":[{"href":"https:\/\/raed.academy\/ca\/wp-json\/wp\/v2\/posts"}],"about":[{"href":"https:\/\/raed.academy\/ca\/wp-json\/wp\/v2\/types\/post"}],"author":[{"embeddable":true,"href":"https:\/\/raed.academy\/ca\/wp-json\/wp\/v2\/users\/12"}],"replies":[{"embeddable":true,"href":"https:\/\/raed.academy\/ca\/wp-json\/wp\/v2\/comments?post=104571"}],"version-history":[{"count":0,"href":"https:\/\/raed.academy\/ca\/wp-json\/wp\/v2\/posts\/104571\/revisions"}],"wp:featuredmedia":[{"embeddable":true,"href":"https:\/\/raed.academy\/ca\/wp-json\/wp\/v2\/media\/101502"}],"wp:attachment":[{"href":"https:\/\/raed.academy\/ca\/wp-json\/wp\/v2\/media?parent=104571"}],"wp:term":[{"taxonomy":"category","embeddable":true,"href":"https:\/\/raed.academy\/ca\/wp-json\/wp\/v2\/categories?post=104571"},{"taxonomy":"post_tag","embeddable":true,"href":"https:\/\/raed.academy\/ca\/wp-json\/wp\/v2\/tags?post=104571"}],"curies":[{"name":"wp","href":"https:\/\/api.w.org\/{rel}","templated":true}]}}