{"id":104145,"date":"2021-07-01T05:37:30","date_gmt":"2021-07-01T05:37:30","guid":{"rendered":"https:\/\/raed.academy\/?p=104145"},"modified":"2021-07-03T10:04:46","modified_gmt":"2021-07-03T10:04:46","slug":"en-defensa-de-lesperit-i-la-lletra-de-la-constitucio","status":"publish","type":"post","link":"https:\/\/raed.academy\/ca\/en-defensa-de-lesperit-i-la-lletra-de-la-constitucio\/","title":{"rendered":"En defensa de l&#8217;esperit i la lletra de la Constituci\u00f3"},"content":{"rendered":"<p><a href=\"https:\/\/raed.academy\/ca\/academics\/dr-ignacio-buqueras-bach\/\" target=\"_blank\" rel=\"noopener\"><strong><em>Ignacio Buqueras<\/em><\/strong><\/a><br \/>\n<em>Acad\u00e8mic de n\u00famero de la Reial Acad\u00e8mia de Doctors d&#8217;Espanya, president del Comit\u00e8 Executiu de l&#8217;Homenatge Universal a l&#8217;Idioma Espanyol i de l&#8217;Associaci\u00f3 per a la Difusi\u00f3 i Promoci\u00f3 del Patrimoni Espanyol i acad\u00e8mic de n\u00famero de la Reial Acad\u00e8mia Europea de Doctors-Barcelona 1914 (RAED)<\/em><\/p>\n<div id=\"attachment_87819\" style=\"width: 309px\" class=\"wp-caption alignright\"><img loading=\"lazy\" decoding=\"async\" aria-describedby=\"caption-attachment-87819\" class=\"wp-image-87819\" src=\"https:\/\/raed.academy\/wp-content\/uploads\/2020\/02\/Ignacio-Buqueras.jpg\" alt=\"Dr. Ignacio Buqueras\" width=\"299\" height=\"225\" data-attachment-id=\"87819\" data-permalink=\"https:\/\/raed.academy\/en-defensa-del-comsumidor-ignacio-buqueras\/ignacio-buqueras-8\/\" data-orig-file=\"https:\/\/raed.academy\/wp-content\/uploads\/2020\/02\/Ignacio-Buqueras.jpg\" data-orig-size=\"350,263\" data-comments-opened=\"0\" data-image-meta=\"{&quot;aperture&quot;:&quot;0&quot;,&quot;credit&quot;:&quot;&quot;,&quot;camera&quot;:&quot;&quot;,&quot;caption&quot;:&quot;&quot;,&quot;created_timestamp&quot;:&quot;0&quot;,&quot;copyright&quot;:&quot;&quot;,&quot;focal_length&quot;:&quot;0&quot;,&quot;iso&quot;:&quot;0&quot;,&quot;shutter_speed&quot;:&quot;0&quot;,&quot;title&quot;:&quot;&quot;,&quot;orientation&quot;:&quot;0&quot;}\" data-image-title=\"Ignacio-Buqueras\" data-image-description=\"\" data-medium-file=\"https:\/\/raed.academy\/wp-content\/uploads\/2020\/02\/Ignacio-Buqueras.jpg\" data-large-file=\"https:\/\/raed.academy\/wp-content\/uploads\/2020\/02\/Ignacio-Buqueras.jpg\" \/><p id=\"caption-attachment-87819\" class=\"wp-caption-text\">Dr. Ignacio Buqueras<\/p><\/div>\n<p><a href=\"https:\/\/raed.academy\/ca\/academics\/dr-ignacio-buqueras-bach\/\" target=\"_blank\" rel=\"noopener\"><strong><em>Ignacio Buqueras<\/em><\/strong><\/a>, president de l&#8217;<strong>Associaci\u00f3 per a la Difusi\u00f3 i Promoci\u00f3 del Patrimoni Espanyol<\/strong> i acad\u00e8mic de n\u00famero de la<strong> Reial Acad\u00e8mia de Doctors d&#8217;Espanya<\/strong> i de la <strong>Reial Acad\u00e8mia Europea de Doctors-Barcelona 1914<\/strong> (RAED), va presentar el passat 21 de juny a Barcelona la iniciativa <strong>&#8220;De espa\u00f1ol a espa\u00f1ol por la Constituci\u00f3n Espa\u00f1ola&#8221;<\/strong>, que ell mateix presideix. A l&#8217;acte tamb\u00e9 van participar <strong>Jos\u00e9 Domingo<\/strong>, president d&#8217;<strong>Impuls Ciutad\u00e0<\/strong>; <strong>\u00c1ngel Escolano<\/strong>, president <strong>Conviv\u00e8ncia C\u00edvica Catalana<\/strong> i vice-president de <strong>Catalunya Suma per Espanya<\/strong>, i <strong>Javier Megino<\/strong>, president de Catalunya Suma per Espanya, l&#8217;entitat que va acollir la presentaci\u00f3, entre altres personalitats i referents del constitucionalisme.<\/p>\n<p>Durant la sessi\u00f3 es va presentar i es va donar lectura a la <strong>&#8220;Declaraci\u00f3n del conjunto de la sociedad para la regeneraci\u00f3n de Espa\u00f1a y defensa de la Constituci\u00f3n, el Estado de Derecho, la monarqu\u00eda parlamentaria, la libertad y la democracia&#8221;<\/strong>. Els participants van destacar la import\u00e0ncia del present i el risc que corre l&#8217;esperit de la transici\u00f3 del 1978, que van considerar un exemple \u00fanic a escala internacional.<\/p>\n<p><img loading=\"lazy\" decoding=\"async\" class=\"alignleft wp-image-93780\" src=\"https:\/\/raed.academy\/wp-content\/uploads\/2020\/09\/Constitucion-espanola-dstNtc.jpg\" sizes=\"(max-width: 450px) 100vw, 450px\" srcset=\"https:\/\/raed.academy\/wp-content\/uploads\/2020\/09\/Constitucion-espanola-dstNtc.jpg 500w, https:\/\/raed.academy\/wp-content\/uploads\/2020\/09\/Constitucion-espanola-dstNtc-440x264.jpg 440w\" alt=\"\" width=\"450\" height=\"270\" data-attachment-id=\"93780\" data-permalink=\"https:\/\/raed.academy\/la-vigencia-de-la-constitucion\/constitucion-espanola-dstntc-2\/\" data-orig-file=\"https:\/\/raed.academy\/wp-content\/uploads\/2020\/09\/Constitucion-espanola-dstNtc.jpg\" data-orig-size=\"500,300\" data-comments-opened=\"0\" data-image-meta=\"{&quot;aperture&quot;:&quot;0&quot;,&quot;credit&quot;:&quot;&quot;,&quot;camera&quot;:&quot;&quot;,&quot;caption&quot;:&quot;&quot;,&quot;created_timestamp&quot;:&quot;0&quot;,&quot;copyright&quot;:&quot;&quot;,&quot;focal_length&quot;:&quot;0&quot;,&quot;iso&quot;:&quot;0&quot;,&quot;shutter_speed&quot;:&quot;0&quot;,&quot;title&quot;:&quot;&quot;,&quot;orientation&quot;:&quot;0&quot;}\" data-image-title=\"Constitucion-espa\u00f1ola-dstNtc\" data-image-description=\"\" data-medium-file=\"https:\/\/raed.academy\/wp-content\/uploads\/2020\/09\/Constitucion-espanola-dstNtc.jpg\" data-large-file=\"https:\/\/raed.academy\/wp-content\/uploads\/2020\/09\/Constitucion-espanola-dstNtc.jpg\" \/>Aix\u00ed mateix van destacar tamb\u00e9 la garantia democr\u00e0tica que ofereix la divisi\u00f3 de poders i la independ\u00e8ncia judicial, van defensar la llibertat d&#8217;educaci\u00f3 i la llibertat de premsa i van apel\u00b7lar a la seva salvaguarda des de les institucions de l&#8217;Estat.<\/p>\n<p>A l&#8217;acte es va exigir el compliment de l&#8217;esperit i la lletra de la <strong>Constituci\u00f3<\/strong>, en considerar que es troba en risc davant les \u00faltimes actuacions de Govern. &#8220;Qualsevol di\u00e0leg i negociaci\u00f3 ha de ser, exclusivament, amb aquells que compleixin escrupolosament la llei, tal com fa el conjunt de la societat, tant de Catalunya com de la resta d&#8217;Espanya&#8221;, van assenyalar els ponents. A l&#8217;acte es va apel\u00b7lar a la conc\u00f2rdia de tots els catalans i de la resta d&#8217;espanyols, aix\u00ed com a la defensa i la protecci\u00f3 de l&#8217;inter\u00e8s general de tots ells.<\/p>\n<p>Finalment, es va donar a con\u00e8ixer la p\u00e0gina web <strong>defiendelaconstitucion.com<\/strong>, promoguda per &#8220;De espa\u00f1ol a espa\u00f1ol por la Constituci\u00f3n&#8221;, en la qual es recullen adhesions a la declaraci\u00f3 de la iniciativa. A m\u00e9s de Barcelona, \u200b\u200bl&#8217;acte de presentaci\u00f3 ja ha recorregut altres capitals espanyoles com S\u00f2ria, Madrid, Granada, Palma i Tarragona.<\/p>\n","protected":false},"excerpt":{"rendered":"<p>Ignacio Buqueras presenta la iniciativa &#8220;De espa\u00f1ol a espa\u00f1ol por la Constituci\u00f3n Espa\u00f1ola&#8221;, que ell mateix presideix<\/p>\n","protected":false},"author":12,"featured_media":93781,"comment_status":"closed","ping_status":"closed","sticky":false,"template":"","format":"standard","meta":{"_et_pb_use_builder":"","_et_pb_old_content":"","_et_gb_content_width":"","footnotes":""},"categories":[225],"tags":[],"class_list":["post-104145","post","type-post","status-publish","format-standard","has-post-thumbnail","hentry","category-dret","et-has-post-format-content","et_post_format-et-post-format-standard"],"yoast_head":"<!-- This site is optimized with the Yoast SEO plugin v27.4 - https:\/\/yoast.com\/product\/yoast-seo-wordpress\/ -->\n<title>En defensa de l&#039;esperit i la lletra de la Constituci\u00f3 - Reial Acad\u00e8mia Europea de Doctors<\/title>\n<meta name=\"description\" content=\"Ignacio Buqueras presenta la iniciativa &quot;De espa\u00f1ol a espa\u00f1ol por la Constituci\u00f3n Espa\u00f1ola&quot;, que ell mateix presideix\" \/>\n<meta name=\"robots\" content=\"index, follow, max-snippet:-1, max-image-preview:large, max-video-preview:-1\" \/>\n<link rel=\"canonical\" href=\"https:\/\/raed.academy\/ca\/en-defensa-de-lesperit-i-la-lletra-de-la-constitucio\/\" \/>\n<meta property=\"og:locale\" content=\"ca_ES\" \/>\n<meta property=\"og:type\" content=\"article\" \/>\n<meta property=\"og:title\" content=\"En defensa de l&#039;esperit i la lletra de la Constituci\u00f3 - Reial Acad\u00e8mia Europea de Doctors\" \/>\n<meta property=\"og:description\" content=\"Ignacio Buqueras presenta la iniciativa &quot;De espa\u00f1ol a espa\u00f1ol por la Constituci\u00f3n Espa\u00f1ola&quot;, que ell mateix presideix\" \/>\n<meta property=\"og:url\" content=\"https:\/\/raed.academy\/ca\/en-defensa-de-lesperit-i-la-lletra-de-la-constitucio\/\" \/>\n<meta property=\"og:site_name\" content=\"Reial Acad\u00e8mia Europea de Doctors\" \/>\n<meta property=\"article:publisher\" content=\"http:\/\/fb.me\/raed.academy\" \/>\n<meta property=\"article:published_time\" content=\"2021-07-01T05:37:30+00:00\" \/>\n<meta property=\"article:modified_time\" content=\"2021-07-03T10:04:46+00:00\" \/>\n<meta property=\"og:image\" content=\"https:\/\/raed.academy\/wp-content\/uploads\/2020\/09\/Constitucion-espanola-dstNtc.jpg\" \/>\n\t<meta property=\"og:image:width\" content=\"500\" \/>\n\t<meta property=\"og:image:height\" content=\"300\" \/>\n\t<meta property=\"og:image:type\" content=\"image\/jpeg\" \/>\n<meta name=\"author\" content=\"RAED\" \/>\n<meta name=\"twitter:card\" content=\"summary_large_image\" \/>\n<meta name=\"twitter:creator\" content=\"@raedacademy\" \/>\n<meta name=\"twitter:site\" content=\"@raedacademy\" \/>\n<meta name=\"twitter:label1\" content=\"Written by\" \/>\n\t<meta name=\"twitter:data1\" content=\"RAED\" \/>\n\t<meta name=\"twitter:label2\" content=\"Est. reading time\" \/>\n\t<meta name=\"twitter:data2\" content=\"3 minutes\" \/>\n<script type=\"application\/ld+json\" class=\"yoast-schema-graph\">{\"@context\":\"https:\\\/\\\/schema.org\",\"@graph\":[{\"@type\":\"Article\",\"@id\":\"https:\\\/\\\/raed.academy\\\/ca\\\/en-defensa-de-lesperit-i-la-lletra-de-la-constitucio\\\/#article\",\"isPartOf\":{\"@id\":\"https:\\\/\\\/raed.academy\\\/ca\\\/en-defensa-de-lesperit-i-la-lletra-de-la-constitucio\\\/\"},\"author\":{\"name\":\"RAED\",\"@id\":\"https:\\\/\\\/raed.academy\\\/ca\\\/#\\\/schema\\\/person\\\/5a755da80d1d979fd66ba745c8702927\"},\"headline\":\"En defensa de l&#8217;esperit i la lletra de la Constituci\u00f3\",\"datePublished\":\"2021-07-01T05:37:30+00:00\",\"dateModified\":\"2021-07-03T10:04:46+00:00\",\"mainEntityOfPage\":{\"@id\":\"https:\\\/\\\/raed.academy\\\/ca\\\/en-defensa-de-lesperit-i-la-lletra-de-la-constitucio\\\/\"},\"wordCount\":478,\"publisher\":{\"@id\":\"https:\\\/\\\/raed.academy\\\/ca\\\/#organization\"},\"image\":{\"@id\":\"https:\\\/\\\/raed.academy\\\/ca\\\/en-defensa-de-lesperit-i-la-lletra-de-la-constitucio\\\/#primaryimage\"},\"thumbnailUrl\":\"https:\\\/\\\/raed.academy\\\/wp-content\\\/uploads\\\/2020\\\/09\\\/Constitucion-espanola-dstNtc.jpg\",\"articleSection\":[\"Dret\"],\"inLanguage\":\"ca-ES\"},{\"@type\":\"WebPage\",\"@id\":\"https:\\\/\\\/raed.academy\\\/ca\\\/en-defensa-de-lesperit-i-la-lletra-de-la-constitucio\\\/\",\"url\":\"https:\\\/\\\/raed.academy\\\/ca\\\/en-defensa-de-lesperit-i-la-lletra-de-la-constitucio\\\/\",\"name\":\"En defensa de l'esperit i la lletra de la Constituci\u00f3 - Reial Acad\u00e8mia Europea de Doctors\",\"isPartOf\":{\"@id\":\"https:\\\/\\\/raed.academy\\\/ca\\\/#website\"},\"primaryImageOfPage\":{\"@id\":\"https:\\\/\\\/raed.academy\\\/ca\\\/en-defensa-de-lesperit-i-la-lletra-de-la-constitucio\\\/#primaryimage\"},\"image\":{\"@id\":\"https:\\\/\\\/raed.academy\\\/ca\\\/en-defensa-de-lesperit-i-la-lletra-de-la-constitucio\\\/#primaryimage\"},\"thumbnailUrl\":\"https:\\\/\\\/raed.academy\\\/wp-content\\\/uploads\\\/2020\\\/09\\\/Constitucion-espanola-dstNtc.jpg\",\"datePublished\":\"2021-07-01T05:37:30+00:00\",\"dateModified\":\"2021-07-03T10:04:46+00:00\",\"description\":\"Ignacio Buqueras presenta la iniciativa \\\"De espa\u00f1ol a espa\u00f1ol por la Constituci\u00f3n Espa\u00f1ola\\\", que ell mateix presideix\",\"breadcrumb\":{\"@id\":\"https:\\\/\\\/raed.academy\\\/ca\\\/en-defensa-de-lesperit-i-la-lletra-de-la-constitucio\\\/#breadcrumb\"},\"inLanguage\":\"ca-ES\",\"potentialAction\":[{\"@type\":\"ReadAction\",\"target\":[\"https:\\\/\\\/raed.academy\\\/ca\\\/en-defensa-de-lesperit-i-la-lletra-de-la-constitucio\\\/\"]}]},{\"@type\":\"ImageObject\",\"inLanguage\":\"ca-ES\",\"@id\":\"https:\\\/\\\/raed.academy\\\/ca\\\/en-defensa-de-lesperit-i-la-lletra-de-la-constitucio\\\/#primaryimage\",\"url\":\"https:\\\/\\\/raed.academy\\\/wp-content\\\/uploads\\\/2020\\\/09\\\/Constitucion-espanola-dstNtc.jpg\",\"contentUrl\":\"https:\\\/\\\/raed.academy\\\/wp-content\\\/uploads\\\/2020\\\/09\\\/Constitucion-espanola-dstNtc.jpg\",\"width\":500,\"height\":300},{\"@type\":\"BreadcrumbList\",\"@id\":\"https:\\\/\\\/raed.academy\\\/ca\\\/en-defensa-de-lesperit-i-la-lletra-de-la-constitucio\\\/#breadcrumb\",\"itemListElement\":[{\"@type\":\"ListItem\",\"position\":1,\"name\":\"Inicio\",\"item\":\"https:\\\/\\\/raed.academy\\\/ca\\\/\"},{\"@type\":\"ListItem\",\"position\":2,\"name\":\"En defensa de l&#8217;esperit i la lletra de la Constituci\u00f3\"}]},{\"@type\":\"WebSite\",\"@id\":\"https:\\\/\\\/raed.academy\\\/ca\\\/#website\",\"url\":\"https:\\\/\\\/raed.academy\\\/ca\\\/\",\"name\":\"Reial Acad\u00e8mia Europea de Doctors\",\"description\":\"Corporaci\u00f3n de derecho p\u00fablico de car\u00e1cter cient\u00edfico, t\u00e9cnico y art\u00edstico, que tiene por objeto la investigaci\u00f3n, el estudio, el fomento y la extensi\u00f3n del conocimiento en su sentido m\u00e1s amplio\",\"publisher\":{\"@id\":\"https:\\\/\\\/raed.academy\\\/ca\\\/#organization\"},\"potentialAction\":[{\"@type\":\"SearchAction\",\"target\":{\"@type\":\"EntryPoint\",\"urlTemplate\":\"https:\\\/\\\/raed.academy\\\/ca\\\/?s={search_term_string}\"},\"query-input\":{\"@type\":\"PropertyValueSpecification\",\"valueRequired\":true,\"valueName\":\"search_term_string\"}}],\"inLanguage\":\"ca-ES\"},{\"@type\":\"Organization\",\"@id\":\"https:\\\/\\\/raed.academy\\\/ca\\\/#organization\",\"name\":\"Real Academia Europea de Doctores\",\"url\":\"https:\\\/\\\/raed.academy\\\/ca\\\/\",\"logo\":{\"@type\":\"ImageObject\",\"inLanguage\":\"ca-ES\",\"@id\":\"https:\\\/\\\/raed.academy\\\/ca\\\/#\\\/schema\\\/logo\\\/image\\\/\",\"url\":\"https:\\\/\\\/raed.academy\\\/wp-content\\\/uploads\\\/2017\\\/01\\\/cropped-logo_raed.png\",\"contentUrl\":\"https:\\\/\\\/raed.academy\\\/wp-content\\\/uploads\\\/2017\\\/01\\\/cropped-logo_raed.png\",\"width\":512,\"height\":512,\"caption\":\"Real Academia Europea de Doctores\"},\"image\":{\"@id\":\"https:\\\/\\\/raed.academy\\\/ca\\\/#\\\/schema\\\/logo\\\/image\\\/\"},\"sameAs\":[\"http:\\\/\\\/fb.me\\\/raed.academy\",\"https:\\\/\\\/x.com\\\/raedacademy\",\"https:\\\/\\\/www.instagram.com\\\/raed.academy\\\/\",\"https:\\\/\\\/www.youtube.com\\\/channel\\\/UCUYQwW2KrdirNWihxMDObwg\"]},{\"@type\":\"Person\",\"@id\":\"https:\\\/\\\/raed.academy\\\/ca\\\/#\\\/schema\\\/person\\\/5a755da80d1d979fd66ba745c8702927\",\"name\":\"RAED\",\"image\":{\"@type\":\"ImageObject\",\"inLanguage\":\"ca-ES\",\"@id\":\"https:\\\/\\\/secure.gravatar.com\\\/avatar\\\/19fdfdc0d67fb9c45714b703a2ac82251c4fcea3637f002ac3c9b74c0183583c?s=96&d=mm&r=g\",\"url\":\"https:\\\/\\\/secure.gravatar.com\\\/avatar\\\/19fdfdc0d67fb9c45714b703a2ac82251c4fcea3637f002ac3c9b74c0183583c?s=96&d=mm&r=g\",\"contentUrl\":\"https:\\\/\\\/secure.gravatar.com\\\/avatar\\\/19fdfdc0d67fb9c45714b703a2ac82251c4fcea3637f002ac3c9b74c0183583c?s=96&d=mm&r=g\",\"caption\":\"RAED\"}}]}<\/script>\n<!-- \/ Yoast SEO plugin. -->","yoast_head_json":{"title":"En defensa de l'esperit i la lletra de la Constituci\u00f3 - Reial Acad\u00e8mia Europea de Doctors","description":"Ignacio Buqueras presenta la iniciativa \"De espa\u00f1ol a espa\u00f1ol por la Constituci\u00f3n Espa\u00f1ola\", que ell mateix presideix","robots":{"index":"index","follow":"follow","max-snippet":"max-snippet:-1","max-image-preview":"max-image-preview:large","max-video-preview":"max-video-preview:-1"},"canonical":"https:\/\/raed.academy\/ca\/en-defensa-de-lesperit-i-la-lletra-de-la-constitucio\/","og_locale":"ca_ES","og_type":"article","og_title":"En defensa de l'esperit i la lletra de la Constituci\u00f3 - Reial Acad\u00e8mia Europea de Doctors","og_description":"Ignacio Buqueras presenta la iniciativa \"De espa\u00f1ol a espa\u00f1ol por la Constituci\u00f3n Espa\u00f1ola\", que ell mateix presideix","og_url":"https:\/\/raed.academy\/ca\/en-defensa-de-lesperit-i-la-lletra-de-la-constitucio\/","og_site_name":"Reial Acad\u00e8mia Europea de Doctors","article_publisher":"http:\/\/fb.me\/raed.academy","article_published_time":"2021-07-01T05:37:30+00:00","article_modified_time":"2021-07-03T10:04:46+00:00","og_image":[{"width":500,"height":300,"url":"https:\/\/raed.academy\/wp-content\/uploads\/2020\/09\/Constitucion-espanola-dstNtc.jpg","type":"image\/jpeg"}],"author":"RAED","twitter_card":"summary_large_image","twitter_creator":"@raedacademy","twitter_site":"@raedacademy","twitter_misc":{"Written by":"RAED","Est. reading time":"3 minutes"},"schema":{"@context":"https:\/\/schema.org","@graph":[{"@type":"Article","@id":"https:\/\/raed.academy\/ca\/en-defensa-de-lesperit-i-la-lletra-de-la-constitucio\/#article","isPartOf":{"@id":"https:\/\/raed.academy\/ca\/en-defensa-de-lesperit-i-la-lletra-de-la-constitucio\/"},"author":{"name":"RAED","@id":"https:\/\/raed.academy\/ca\/#\/schema\/person\/5a755da80d1d979fd66ba745c8702927"},"headline":"En defensa de l&#8217;esperit i la lletra de la Constituci\u00f3","datePublished":"2021-07-01T05:37:30+00:00","dateModified":"2021-07-03T10:04:46+00:00","mainEntityOfPage":{"@id":"https:\/\/raed.academy\/ca\/en-defensa-de-lesperit-i-la-lletra-de-la-constitucio\/"},"wordCount":478,"publisher":{"@id":"https:\/\/raed.academy\/ca\/#organization"},"image":{"@id":"https:\/\/raed.academy\/ca\/en-defensa-de-lesperit-i-la-lletra-de-la-constitucio\/#primaryimage"},"thumbnailUrl":"https:\/\/raed.academy\/wp-content\/uploads\/2020\/09\/Constitucion-espanola-dstNtc.jpg","articleSection":["Dret"],"inLanguage":"ca-ES"},{"@type":"WebPage","@id":"https:\/\/raed.academy\/ca\/en-defensa-de-lesperit-i-la-lletra-de-la-constitucio\/","url":"https:\/\/raed.academy\/ca\/en-defensa-de-lesperit-i-la-lletra-de-la-constitucio\/","name":"En defensa de l'esperit i la lletra de la Constituci\u00f3 - Reial Acad\u00e8mia Europea de Doctors","isPartOf":{"@id":"https:\/\/raed.academy\/ca\/#website"},"primaryImageOfPage":{"@id":"https:\/\/raed.academy\/ca\/en-defensa-de-lesperit-i-la-lletra-de-la-constitucio\/#primaryimage"},"image":{"@id":"https:\/\/raed.academy\/ca\/en-defensa-de-lesperit-i-la-lletra-de-la-constitucio\/#primaryimage"},"thumbnailUrl":"https:\/\/raed.academy\/wp-content\/uploads\/2020\/09\/Constitucion-espanola-dstNtc.jpg","datePublished":"2021-07-01T05:37:30+00:00","dateModified":"2021-07-03T10:04:46+00:00","description":"Ignacio Buqueras presenta la iniciativa \"De espa\u00f1ol a espa\u00f1ol por la Constituci\u00f3n Espa\u00f1ola\", que ell mateix presideix","breadcrumb":{"@id":"https:\/\/raed.academy\/ca\/en-defensa-de-lesperit-i-la-lletra-de-la-constitucio\/#breadcrumb"},"inLanguage":"ca-ES","potentialAction":[{"@type":"ReadAction","target":["https:\/\/raed.academy\/ca\/en-defensa-de-lesperit-i-la-lletra-de-la-constitucio\/"]}]},{"@type":"ImageObject","inLanguage":"ca-ES","@id":"https:\/\/raed.academy\/ca\/en-defensa-de-lesperit-i-la-lletra-de-la-constitucio\/#primaryimage","url":"https:\/\/raed.academy\/wp-content\/uploads\/2020\/09\/Constitucion-espanola-dstNtc.jpg","contentUrl":"https:\/\/raed.academy\/wp-content\/uploads\/2020\/09\/Constitucion-espanola-dstNtc.jpg","width":500,"height":300},{"@type":"BreadcrumbList","@id":"https:\/\/raed.academy\/ca\/en-defensa-de-lesperit-i-la-lletra-de-la-constitucio\/#breadcrumb","itemListElement":[{"@type":"ListItem","position":1,"name":"Inicio","item":"https:\/\/raed.academy\/ca\/"},{"@type":"ListItem","position":2,"name":"En defensa de l&#8217;esperit i la lletra de la Constituci\u00f3"}]},{"@type":"WebSite","@id":"https:\/\/raed.academy\/ca\/#website","url":"https:\/\/raed.academy\/ca\/","name":"Reial Acad\u00e8mia Europea de Doctors","description":"Corporaci\u00f3n de derecho p\u00fablico de car\u00e1cter cient\u00edfico, t\u00e9cnico y art\u00edstico, que tiene por objeto la investigaci\u00f3n, el estudio, el fomento y la extensi\u00f3n del conocimiento en su sentido m\u00e1s amplio","publisher":{"@id":"https:\/\/raed.academy\/ca\/#organization"},"potentialAction":[{"@type":"SearchAction","target":{"@type":"EntryPoint","urlTemplate":"https:\/\/raed.academy\/ca\/?s={search_term_string}"},"query-input":{"@type":"PropertyValueSpecification","valueRequired":true,"valueName":"search_term_string"}}],"inLanguage":"ca-ES"},{"@type":"Organization","@id":"https:\/\/raed.academy\/ca\/#organization","name":"Real Academia Europea de Doctores","url":"https:\/\/raed.academy\/ca\/","logo":{"@type":"ImageObject","inLanguage":"ca-ES","@id":"https:\/\/raed.academy\/ca\/#\/schema\/logo\/image\/","url":"https:\/\/raed.academy\/wp-content\/uploads\/2017\/01\/cropped-logo_raed.png","contentUrl":"https:\/\/raed.academy\/wp-content\/uploads\/2017\/01\/cropped-logo_raed.png","width":512,"height":512,"caption":"Real Academia Europea de Doctores"},"image":{"@id":"https:\/\/raed.academy\/ca\/#\/schema\/logo\/image\/"},"sameAs":["http:\/\/fb.me\/raed.academy","https:\/\/x.com\/raedacademy","https:\/\/www.instagram.com\/raed.academy\/","https:\/\/www.youtube.com\/channel\/UCUYQwW2KrdirNWihxMDObwg"]},{"@type":"Person","@id":"https:\/\/raed.academy\/ca\/#\/schema\/person\/5a755da80d1d979fd66ba745c8702927","name":"RAED","image":{"@type":"ImageObject","inLanguage":"ca-ES","@id":"https:\/\/secure.gravatar.com\/avatar\/19fdfdc0d67fb9c45714b703a2ac82251c4fcea3637f002ac3c9b74c0183583c?s=96&d=mm&r=g","url":"https:\/\/secure.gravatar.com\/avatar\/19fdfdc0d67fb9c45714b703a2ac82251c4fcea3637f002ac3c9b74c0183583c?s=96&d=mm&r=g","contentUrl":"https:\/\/secure.gravatar.com\/avatar\/19fdfdc0d67fb9c45714b703a2ac82251c4fcea3637f002ac3c9b74c0183583c?s=96&d=mm&r=g","caption":"RAED"}}]}},"_links":{"self":[{"href":"https:\/\/raed.academy\/ca\/wp-json\/wp\/v2\/posts\/104145","targetHints":{"allow":["GET"]}}],"collection":[{"href":"https:\/\/raed.academy\/ca\/wp-json\/wp\/v2\/posts"}],"about":[{"href":"https:\/\/raed.academy\/ca\/wp-json\/wp\/v2\/types\/post"}],"author":[{"embeddable":true,"href":"https:\/\/raed.academy\/ca\/wp-json\/wp\/v2\/users\/12"}],"replies":[{"embeddable":true,"href":"https:\/\/raed.academy\/ca\/wp-json\/wp\/v2\/comments?post=104145"}],"version-history":[{"count":0,"href":"https:\/\/raed.academy\/ca\/wp-json\/wp\/v2\/posts\/104145\/revisions"}],"wp:featuredmedia":[{"embeddable":true,"href":"https:\/\/raed.academy\/ca\/wp-json\/wp\/v2\/media\/93781"}],"wp:attachment":[{"href":"https:\/\/raed.academy\/ca\/wp-json\/wp\/v2\/media?parent=104145"}],"wp:term":[{"taxonomy":"category","embeddable":true,"href":"https:\/\/raed.academy\/ca\/wp-json\/wp\/v2\/categories?post=104145"},{"taxonomy":"post_tag","embeddable":true,"href":"https:\/\/raed.academy\/ca\/wp-json\/wp\/v2\/tags?post=104145"}],"curies":[{"name":"wp","href":"https:\/\/api.w.org\/{rel}","templated":true}]}}