{"id":103677,"date":"2021-06-09T21:03:31","date_gmt":"2021-06-09T21:03:31","guid":{"rendered":"https:\/\/raed.academy\/?p=103677"},"modified":"2021-06-11T08:09:49","modified_gmt":"2021-06-11T08:09:49","slug":"de-lobesitat-a-laddiccio-al-menjar","status":"publish","type":"post","link":"https:\/\/raed.academy\/ca\/de-lobesitat-a-laddiccio-al-menjar\/","title":{"rendered":"De l&#8217;obesitat a l&#8217;addicci\u00f3 al menjar"},"content":{"rendered":"<p><a href=\"https:\/\/raed.academy\/ca\/academics\/dr-francisco-lopez-munoz\/\" target=\"_blank\" rel=\"noopener\"><strong><em>Francisco L\u00f3pez Mu\u00f1oz<\/em><\/strong><\/a><br \/>\n<em>Professor de Farmacologia i vice-rector de Recerca i Ci\u00e8ncia i director de l&#8217;Escola Internacional de Doctorat de la Universitat Camilo Jos\u00e9 Cela. Acad\u00e8mic de n\u00famero de la Reial Acad\u00e8mia Europea de Doctors-Barcelona 1914 (RAED)<\/em><\/p>\n<p><em>Article publicat al portal especialitzat The Conversation el 13 de maig de 2021 i al diari &#8220;ABC&#8221; el 15 de maig de 2021<\/em><\/p>\n<p><a href=\"https:\/\/raed.academy\/ca\/academics\/dr-francisco-lopez-munoz\/\" target=\"_blank\" rel=\"noopener\"><strong><em>Francisco L\u00f3pez Mu\u00f1oz<\/em><\/strong><\/a>, professor de Farmacologia de la <strong>Universitat Camilo Jos\u00e9 Cela<\/strong> i acad\u00e8mic de n\u00famero de la <strong>Reial Acad\u00e8mia Europea de Doctors-Barcelona 1914<\/strong> (RAED), aborda el silenciat debat sobre l&#8217;obesitat com un problema d&#8217;addicci\u00f3 als pa\u00efsos avan\u00e7ats fins al punt d&#8217;esdevenir un problema social a l&#8217;article <strong>&#8220;Obesidad y adicci\u00f3n a la comida: un problema emergente de salud p\u00fablica&#8221;<\/strong>, publicat al portal especialitzat <strong>The Conversation<\/strong> el passat 13 de maig i al diari <strong>&#8220;ABC&#8221;<\/strong> el 15 de maig. L&#8217;acad\u00e8mic signa aquest article al costat de <strong>Gabriel Rubio Valladolid<\/strong>, catedr\u00e0tic de Psiquiatria de la <strong>Universitat Complutense de Madrid<\/strong>.<\/p>\n<p>Tots dos especialistes parteixen d&#8217;unes dades que assenyalen que en pa\u00efsos com Espanya el 39,4% de la poblaci\u00f3 adulta t\u00e9 sobrep\u00e8s i el 22,9%, obesitat. Si aquesta tend\u00e8ncia continua en increment, s&#8217;estima que el 2030 la quantitat de persones amb exc\u00e9s de pes augmentar\u00e0 un 16% m\u00e9s, el que suposaria un cost afegit de 3.100 milions d&#8217;euros anuals nom\u00e9s de costos m\u00e8dics. Es considera obesitat quan una persona t\u00e9 un \u00edndex de massa corporal (IMC) igual o superior a 30 kg\/m\u00b2. Un IMC igual o major de 40 kg\/m\u00b2 es considera obesitat extrema. El sobrep\u00e8s queda definit entre 25 i 29,9 kg\/m\u00b2.<\/p>\n<p>Els autors apunten que la denominada addicci\u00f3 al menjar podria estar relacionada amb una tend\u00e8ncia a l&#8217;obesitat i la seva base seria biol\u00f2gica. &#8220;Cada cop hi ha m\u00e9s suport al fet que l&#8217;addicci\u00f3 al menjar podria relacionar-se amb un fenotip present en un subgrup de persones amb obesitat. Quan s&#8217;ha fet servir l&#8217;escala de Yale per l&#8217;addicci\u00f3 al menjar s&#8217;ha constatat la pres\u00e8ncia d&#8217;aquest trastorn en pacients que presenten afartaments de menjar, que pateixen freq\u00fcents cicles d&#8217;aprimament i engreix a causa de les dietes, i en persones amb obesitat. Entre les persones amb obesitat, la prevalen\u00e7a de l&#8217;addicci\u00f3 oscil\u00b7la entre el 15 i el 25% i es considera el factor causal del desenvolupament de l&#8217;exc\u00e9s de pes. En un recent treball realitzat sobre poblaci\u00f3 general nord-americana s&#8217;ha confirmat que, dels 986 individus representatius d&#8217;aquest pa\u00eds, el 15% complia criteris de l&#8217;addicci\u00f3 i s&#8217;associava a la pres\u00e8ncia d&#8217;obesitat, edat jove, dones amb elevat \u00edndex de massa corporal i a menors ingressos econ\u00f2mics&#8221;, assenyalen.<\/p>\n<p><img loading=\"lazy\" decoding=\"async\" class=\"alignleft wp-image-103731\" src=\"https:\/\/raed.academy\/wp-content\/uploads\/2021\/06\/shutt_adiccion-a-la-comida-obesidad-dst.jpg\" sizes=\"(max-width: 500px) 100vw, 500px\" srcset=\"https:\/\/raed.academy\/wp-content\/uploads\/2021\/06\/shutt_adiccion-a-la-comida-obesidad-dst.jpg 600w, https:\/\/raed.academy\/wp-content\/uploads\/2021\/06\/shutt_adiccion-a-la-comida-obesidad-dst-440x264.jpg 440w\" alt=\"\" width=\"500\" height=\"300\" data-attachment-id=\"103731\" data-permalink=\"https:\/\/raed.academy\/de-la-obesidad-a-la-adiccion-a-la-comida\/shutt_adiccion-a-la-comida-obesidad-dst\/\" data-orig-file=\"https:\/\/raed.academy\/wp-content\/uploads\/2021\/06\/shutt_adiccion-a-la-comida-obesidad-dst.jpg\" data-orig-size=\"600,360\" data-comments-opened=\"0\" data-image-meta=\"{&quot;aperture&quot;:&quot;0&quot;,&quot;credit&quot;:&quot;&quot;,&quot;camera&quot;:&quot;&quot;,&quot;caption&quot;:&quot;&quot;,&quot;created_timestamp&quot;:&quot;0&quot;,&quot;copyright&quot;:&quot;&quot;,&quot;focal_length&quot;:&quot;0&quot;,&quot;iso&quot;:&quot;0&quot;,&quot;shutter_speed&quot;:&quot;0&quot;,&quot;title&quot;:&quot;&quot;,&quot;orientation&quot;:&quot;0&quot;}\" data-image-title=\"shutt_adiccion-a-la-comida-obesidad-dst\" data-image-description=\"\" data-medium-file=\"https:\/\/raed.academy\/wp-content\/uploads\/2021\/06\/shutt_adiccion-a-la-comida-obesidad-dst.jpg\" data-large-file=\"https:\/\/raed.academy\/wp-content\/uploads\/2021\/06\/shutt_adiccion-a-la-comida-obesidad-dst.jpg\" \/>Abundant en aquest argument, <strong>L\u00f3pez Mu\u00f1oz<\/strong> i <strong>Rubio<\/strong> assenyalen que els estudis d&#8217;imatges cerebrals indiquen que els circuits alterats en persones amb obesitat s\u00f3n els mateixos que es troben alterats en persones amb addicci\u00f3 a drogues d&#8217;ab\u00fas i posa en evid\u00e8ncia un desequilibri entre els que motiven les conductes (per la seva implicaci\u00f3 en la recompensa i el condicionament) i els que controlen i inhibeixen les respostes d&#8217;alimentaci\u00f3. &#8220;Als individus vulnerables, el consum d&#8217;aliments desitjables, en grans quantitats, pot alterar l&#8217;equilibri normal entre aquests circuits. Aix\u00f2 d\u00f3na lloc a un major valor hed\u00f2nic dels aliments i a un debilitament del control inhibitori. L&#8217;exposici\u00f3 perllongada a dietes hipercal\u00f2riques tamb\u00e9 pot alterar directament l&#8217;aprenentatge condicionat i, per tant, reajustar els llindars de recompensa en aquestes persones&#8221;, expliquen els autors.<\/p>\n<p>Aquesta base cerebral de l&#8217;exc\u00e9s de pes pot permetre actuar d&#8217;una manera concreta per pal\u00b7liar el problema en aquest tipus de persones, ja que per als dos estudiosos, descon\u00e8ixer que almenys un subgrup de persones amb obesitat pugui tenir addicci\u00f3 al menjar t\u00e9 importants repercussions pel que fa a la planificaci\u00f3 d&#8217;un tractament espec\u00edfic.<\/p>\n<p>&nbsp;<\/p>\n<h2><a href=\"https:\/\/theconversation.com\/obesidad-y-adiccion-a-la-comida-un-problema-emergente-de-salud-publica-160821\" target=\"_blank\" rel=\"noopener\">Llegiu l&#8217;article a The Conversation<\/a><\/h2>\n<h2><a href=\"https:\/\/www.abc.es\/salud\/enfermedades\/abci-obesidad-y-adiccion-comida-problema-emergente-salud-publica-202105141150_noticia.html\" target=\"_blank\" rel=\"noopener\">Llegiu l&#8217;article a &#8220;ABC&#8221;<\/a><\/h2>\n","protected":false},"excerpt":{"rendered":"<p>Francisco L\u00f3pez Mu\u00f1oz aborda el silenciat debat sobre l&#8217;obesitat relacionada amb l&#8217;addicci\u00f3 al menjar que s&#8217;ha instal\u00b7lat en els pa\u00efsos avan\u00e7ats<\/p>\n","protected":false},"author":12,"featured_media":103732,"comment_status":"closed","ping_status":"closed","sticky":false,"template":"","format":"standard","meta":{"_et_pb_use_builder":"","_et_pb_old_content":"","_et_gb_content_width":"","footnotes":""},"categories":[237,213],"tags":[],"class_list":["post-103677","post","type-post","status-publish","format-standard","has-post-thumbnail","hentry","category-alimentacio-i-nutricio","category-medicina-i-cirurgia","et-has-post-format-content","et_post_format-et-post-format-standard"],"yoast_head":"<!-- This site is optimized with the Yoast SEO plugin v27.4 - https:\/\/yoast.com\/product\/yoast-seo-wordpress\/ -->\n<title>De l&#039;obesitat a l&#039;addicci\u00f3 al menjar - Reial Acad\u00e8mia Europea de Doctors<\/title>\n<meta name=\"description\" content=\"Francisco L\u00f3pez Mu\u00f1oz aborda el silenciat debat sobre l&#039;obesitat relacionada amb l&#039;addicci\u00f3 al menjar que s&#039;ha instal\u00b7lat en els pa\u00efsos avan\u00e7ats\" \/>\n<meta name=\"robots\" content=\"index, follow, max-snippet:-1, max-image-preview:large, max-video-preview:-1\" \/>\n<link rel=\"canonical\" href=\"https:\/\/raed.academy\/ca\/de-lobesitat-a-laddiccio-al-menjar\/\" \/>\n<meta property=\"og:locale\" content=\"ca_ES\" \/>\n<meta property=\"og:type\" content=\"article\" \/>\n<meta property=\"og:title\" content=\"De l&#039;obesitat a l&#039;addicci\u00f3 al menjar - Reial Acad\u00e8mia Europea de Doctors\" \/>\n<meta property=\"og:description\" content=\"Francisco L\u00f3pez Mu\u00f1oz aborda el silenciat debat sobre l&#039;obesitat relacionada amb l&#039;addicci\u00f3 al menjar que s&#039;ha instal\u00b7lat en els pa\u00efsos avan\u00e7ats\" \/>\n<meta property=\"og:url\" content=\"https:\/\/raed.academy\/ca\/de-lobesitat-a-laddiccio-al-menjar\/\" \/>\n<meta property=\"og:site_name\" content=\"Reial Acad\u00e8mia Europea de Doctors\" \/>\n<meta property=\"article:publisher\" content=\"http:\/\/fb.me\/raed.academy\" \/>\n<meta property=\"article:published_time\" content=\"2021-06-09T21:03:31+00:00\" \/>\n<meta property=\"article:modified_time\" content=\"2021-06-11T08:09:49+00:00\" \/>\n<meta property=\"og:image\" content=\"https:\/\/raed.academy\/wp-content\/uploads\/2021\/06\/shutt_adiccion-a-la-comida-obesidad-dst.jpg\" \/>\n\t<meta property=\"og:image:width\" content=\"600\" \/>\n\t<meta property=\"og:image:height\" content=\"360\" \/>\n\t<meta property=\"og:image:type\" content=\"image\/jpeg\" \/>\n<meta name=\"author\" content=\"RAED\" \/>\n<meta name=\"twitter:card\" content=\"summary_large_image\" \/>\n<meta name=\"twitter:creator\" content=\"@raedacademy\" \/>\n<meta name=\"twitter:site\" content=\"@raedacademy\" \/>\n<meta name=\"twitter:label1\" content=\"Written by\" \/>\n\t<meta name=\"twitter:data1\" content=\"RAED\" \/>\n\t<meta name=\"twitter:label2\" content=\"Est. reading time\" \/>\n\t<meta name=\"twitter:data2\" content=\"3 minutes\" \/>\n<script type=\"application\/ld+json\" class=\"yoast-schema-graph\">{\"@context\":\"https:\\\/\\\/schema.org\",\"@graph\":[{\"@type\":\"Article\",\"@id\":\"https:\\\/\\\/raed.academy\\\/ca\\\/de-lobesitat-a-laddiccio-al-menjar\\\/#article\",\"isPartOf\":{\"@id\":\"https:\\\/\\\/raed.academy\\\/ca\\\/de-lobesitat-a-laddiccio-al-menjar\\\/\"},\"author\":{\"name\":\"RAED\",\"@id\":\"https:\\\/\\\/raed.academy\\\/ca\\\/#\\\/schema\\\/person\\\/5a755da80d1d979fd66ba745c8702927\"},\"headline\":\"De l&#8217;obesitat a l&#8217;addicci\u00f3 al menjar\",\"datePublished\":\"2021-06-09T21:03:31+00:00\",\"dateModified\":\"2021-06-11T08:09:49+00:00\",\"mainEntityOfPage\":{\"@id\":\"https:\\\/\\\/raed.academy\\\/ca\\\/de-lobesitat-a-laddiccio-al-menjar\\\/\"},\"wordCount\":686,\"publisher\":{\"@id\":\"https:\\\/\\\/raed.academy\\\/ca\\\/#organization\"},\"image\":{\"@id\":\"https:\\\/\\\/raed.academy\\\/ca\\\/de-lobesitat-a-laddiccio-al-menjar\\\/#primaryimage\"},\"thumbnailUrl\":\"https:\\\/\\\/raed.academy\\\/wp-content\\\/uploads\\\/2021\\\/06\\\/shutt_adiccion-a-la-comida-obesidad-dst.jpg\",\"articleSection\":[\"Alimentaci\u00f3 i nutrici\u00f3\",\"Medicina i cirurgia\"],\"inLanguage\":\"ca-ES\"},{\"@type\":\"WebPage\",\"@id\":\"https:\\\/\\\/raed.academy\\\/ca\\\/de-lobesitat-a-laddiccio-al-menjar\\\/\",\"url\":\"https:\\\/\\\/raed.academy\\\/ca\\\/de-lobesitat-a-laddiccio-al-menjar\\\/\",\"name\":\"De l'obesitat a l'addicci\u00f3 al menjar - Reial Acad\u00e8mia Europea de Doctors\",\"isPartOf\":{\"@id\":\"https:\\\/\\\/raed.academy\\\/ca\\\/#website\"},\"primaryImageOfPage\":{\"@id\":\"https:\\\/\\\/raed.academy\\\/ca\\\/de-lobesitat-a-laddiccio-al-menjar\\\/#primaryimage\"},\"image\":{\"@id\":\"https:\\\/\\\/raed.academy\\\/ca\\\/de-lobesitat-a-laddiccio-al-menjar\\\/#primaryimage\"},\"thumbnailUrl\":\"https:\\\/\\\/raed.academy\\\/wp-content\\\/uploads\\\/2021\\\/06\\\/shutt_adiccion-a-la-comida-obesidad-dst.jpg\",\"datePublished\":\"2021-06-09T21:03:31+00:00\",\"dateModified\":\"2021-06-11T08:09:49+00:00\",\"description\":\"Francisco L\u00f3pez Mu\u00f1oz aborda el silenciat debat sobre l'obesitat relacionada amb l'addicci\u00f3 al menjar que s'ha instal\u00b7lat en els pa\u00efsos avan\u00e7ats\",\"breadcrumb\":{\"@id\":\"https:\\\/\\\/raed.academy\\\/ca\\\/de-lobesitat-a-laddiccio-al-menjar\\\/#breadcrumb\"},\"inLanguage\":\"ca-ES\",\"potentialAction\":[{\"@type\":\"ReadAction\",\"target\":[\"https:\\\/\\\/raed.academy\\\/ca\\\/de-lobesitat-a-laddiccio-al-menjar\\\/\"]}]},{\"@type\":\"ImageObject\",\"inLanguage\":\"ca-ES\",\"@id\":\"https:\\\/\\\/raed.academy\\\/ca\\\/de-lobesitat-a-laddiccio-al-menjar\\\/#primaryimage\",\"url\":\"https:\\\/\\\/raed.academy\\\/wp-content\\\/uploads\\\/2021\\\/06\\\/shutt_adiccion-a-la-comida-obesidad-dst.jpg\",\"contentUrl\":\"https:\\\/\\\/raed.academy\\\/wp-content\\\/uploads\\\/2021\\\/06\\\/shutt_adiccion-a-la-comida-obesidad-dst.jpg\",\"width\":600,\"height\":360},{\"@type\":\"BreadcrumbList\",\"@id\":\"https:\\\/\\\/raed.academy\\\/ca\\\/de-lobesitat-a-laddiccio-al-menjar\\\/#breadcrumb\",\"itemListElement\":[{\"@type\":\"ListItem\",\"position\":1,\"name\":\"Inicio\",\"item\":\"https:\\\/\\\/raed.academy\\\/ca\\\/\"},{\"@type\":\"ListItem\",\"position\":2,\"name\":\"De l&#8217;obesitat a l&#8217;addicci\u00f3 al menjar\"}]},{\"@type\":\"WebSite\",\"@id\":\"https:\\\/\\\/raed.academy\\\/ca\\\/#website\",\"url\":\"https:\\\/\\\/raed.academy\\\/ca\\\/\",\"name\":\"Reial Acad\u00e8mia Europea de Doctors\",\"description\":\"Corporaci\u00f3n de derecho p\u00fablico de car\u00e1cter cient\u00edfico, t\u00e9cnico y art\u00edstico, que tiene por objeto la investigaci\u00f3n, el estudio, el fomento y la extensi\u00f3n del conocimiento en su sentido m\u00e1s amplio\",\"publisher\":{\"@id\":\"https:\\\/\\\/raed.academy\\\/ca\\\/#organization\"},\"potentialAction\":[{\"@type\":\"SearchAction\",\"target\":{\"@type\":\"EntryPoint\",\"urlTemplate\":\"https:\\\/\\\/raed.academy\\\/ca\\\/?s={search_term_string}\"},\"query-input\":{\"@type\":\"PropertyValueSpecification\",\"valueRequired\":true,\"valueName\":\"search_term_string\"}}],\"inLanguage\":\"ca-ES\"},{\"@type\":\"Organization\",\"@id\":\"https:\\\/\\\/raed.academy\\\/ca\\\/#organization\",\"name\":\"Real Academia Europea de Doctores\",\"url\":\"https:\\\/\\\/raed.academy\\\/ca\\\/\",\"logo\":{\"@type\":\"ImageObject\",\"inLanguage\":\"ca-ES\",\"@id\":\"https:\\\/\\\/raed.academy\\\/ca\\\/#\\\/schema\\\/logo\\\/image\\\/\",\"url\":\"https:\\\/\\\/raed.academy\\\/wp-content\\\/uploads\\\/2017\\\/01\\\/cropped-logo_raed.png\",\"contentUrl\":\"https:\\\/\\\/raed.academy\\\/wp-content\\\/uploads\\\/2017\\\/01\\\/cropped-logo_raed.png\",\"width\":512,\"height\":512,\"caption\":\"Real Academia Europea de Doctores\"},\"image\":{\"@id\":\"https:\\\/\\\/raed.academy\\\/ca\\\/#\\\/schema\\\/logo\\\/image\\\/\"},\"sameAs\":[\"http:\\\/\\\/fb.me\\\/raed.academy\",\"https:\\\/\\\/x.com\\\/raedacademy\",\"https:\\\/\\\/www.instagram.com\\\/raed.academy\\\/\",\"https:\\\/\\\/www.youtube.com\\\/channel\\\/UCUYQwW2KrdirNWihxMDObwg\"]},{\"@type\":\"Person\",\"@id\":\"https:\\\/\\\/raed.academy\\\/ca\\\/#\\\/schema\\\/person\\\/5a755da80d1d979fd66ba745c8702927\",\"name\":\"RAED\",\"image\":{\"@type\":\"ImageObject\",\"inLanguage\":\"ca-ES\",\"@id\":\"https:\\\/\\\/secure.gravatar.com\\\/avatar\\\/19fdfdc0d67fb9c45714b703a2ac82251c4fcea3637f002ac3c9b74c0183583c?s=96&d=mm&r=g\",\"url\":\"https:\\\/\\\/secure.gravatar.com\\\/avatar\\\/19fdfdc0d67fb9c45714b703a2ac82251c4fcea3637f002ac3c9b74c0183583c?s=96&d=mm&r=g\",\"contentUrl\":\"https:\\\/\\\/secure.gravatar.com\\\/avatar\\\/19fdfdc0d67fb9c45714b703a2ac82251c4fcea3637f002ac3c9b74c0183583c?s=96&d=mm&r=g\",\"caption\":\"RAED\"}}]}<\/script>\n<!-- \/ Yoast SEO plugin. -->","yoast_head_json":{"title":"De l'obesitat a l'addicci\u00f3 al menjar - Reial Acad\u00e8mia Europea de Doctors","description":"Francisco L\u00f3pez Mu\u00f1oz aborda el silenciat debat sobre l'obesitat relacionada amb l'addicci\u00f3 al menjar que s'ha instal\u00b7lat en els pa\u00efsos avan\u00e7ats","robots":{"index":"index","follow":"follow","max-snippet":"max-snippet:-1","max-image-preview":"max-image-preview:large","max-video-preview":"max-video-preview:-1"},"canonical":"https:\/\/raed.academy\/ca\/de-lobesitat-a-laddiccio-al-menjar\/","og_locale":"ca_ES","og_type":"article","og_title":"De l'obesitat a l'addicci\u00f3 al menjar - Reial Acad\u00e8mia Europea de Doctors","og_description":"Francisco L\u00f3pez Mu\u00f1oz aborda el silenciat debat sobre l'obesitat relacionada amb l'addicci\u00f3 al menjar que s'ha instal\u00b7lat en els pa\u00efsos avan\u00e7ats","og_url":"https:\/\/raed.academy\/ca\/de-lobesitat-a-laddiccio-al-menjar\/","og_site_name":"Reial Acad\u00e8mia Europea de Doctors","article_publisher":"http:\/\/fb.me\/raed.academy","article_published_time":"2021-06-09T21:03:31+00:00","article_modified_time":"2021-06-11T08:09:49+00:00","og_image":[{"width":600,"height":360,"url":"https:\/\/raed.academy\/wp-content\/uploads\/2021\/06\/shutt_adiccion-a-la-comida-obesidad-dst.jpg","type":"image\/jpeg"}],"author":"RAED","twitter_card":"summary_large_image","twitter_creator":"@raedacademy","twitter_site":"@raedacademy","twitter_misc":{"Written by":"RAED","Est. reading time":"3 minutes"},"schema":{"@context":"https:\/\/schema.org","@graph":[{"@type":"Article","@id":"https:\/\/raed.academy\/ca\/de-lobesitat-a-laddiccio-al-menjar\/#article","isPartOf":{"@id":"https:\/\/raed.academy\/ca\/de-lobesitat-a-laddiccio-al-menjar\/"},"author":{"name":"RAED","@id":"https:\/\/raed.academy\/ca\/#\/schema\/person\/5a755da80d1d979fd66ba745c8702927"},"headline":"De l&#8217;obesitat a l&#8217;addicci\u00f3 al menjar","datePublished":"2021-06-09T21:03:31+00:00","dateModified":"2021-06-11T08:09:49+00:00","mainEntityOfPage":{"@id":"https:\/\/raed.academy\/ca\/de-lobesitat-a-laddiccio-al-menjar\/"},"wordCount":686,"publisher":{"@id":"https:\/\/raed.academy\/ca\/#organization"},"image":{"@id":"https:\/\/raed.academy\/ca\/de-lobesitat-a-laddiccio-al-menjar\/#primaryimage"},"thumbnailUrl":"https:\/\/raed.academy\/wp-content\/uploads\/2021\/06\/shutt_adiccion-a-la-comida-obesidad-dst.jpg","articleSection":["Alimentaci\u00f3 i nutrici\u00f3","Medicina i cirurgia"],"inLanguage":"ca-ES"},{"@type":"WebPage","@id":"https:\/\/raed.academy\/ca\/de-lobesitat-a-laddiccio-al-menjar\/","url":"https:\/\/raed.academy\/ca\/de-lobesitat-a-laddiccio-al-menjar\/","name":"De l'obesitat a l'addicci\u00f3 al menjar - Reial Acad\u00e8mia Europea de Doctors","isPartOf":{"@id":"https:\/\/raed.academy\/ca\/#website"},"primaryImageOfPage":{"@id":"https:\/\/raed.academy\/ca\/de-lobesitat-a-laddiccio-al-menjar\/#primaryimage"},"image":{"@id":"https:\/\/raed.academy\/ca\/de-lobesitat-a-laddiccio-al-menjar\/#primaryimage"},"thumbnailUrl":"https:\/\/raed.academy\/wp-content\/uploads\/2021\/06\/shutt_adiccion-a-la-comida-obesidad-dst.jpg","datePublished":"2021-06-09T21:03:31+00:00","dateModified":"2021-06-11T08:09:49+00:00","description":"Francisco L\u00f3pez Mu\u00f1oz aborda el silenciat debat sobre l'obesitat relacionada amb l'addicci\u00f3 al menjar que s'ha instal\u00b7lat en els pa\u00efsos avan\u00e7ats","breadcrumb":{"@id":"https:\/\/raed.academy\/ca\/de-lobesitat-a-laddiccio-al-menjar\/#breadcrumb"},"inLanguage":"ca-ES","potentialAction":[{"@type":"ReadAction","target":["https:\/\/raed.academy\/ca\/de-lobesitat-a-laddiccio-al-menjar\/"]}]},{"@type":"ImageObject","inLanguage":"ca-ES","@id":"https:\/\/raed.academy\/ca\/de-lobesitat-a-laddiccio-al-menjar\/#primaryimage","url":"https:\/\/raed.academy\/wp-content\/uploads\/2021\/06\/shutt_adiccion-a-la-comida-obesidad-dst.jpg","contentUrl":"https:\/\/raed.academy\/wp-content\/uploads\/2021\/06\/shutt_adiccion-a-la-comida-obesidad-dst.jpg","width":600,"height":360},{"@type":"BreadcrumbList","@id":"https:\/\/raed.academy\/ca\/de-lobesitat-a-laddiccio-al-menjar\/#breadcrumb","itemListElement":[{"@type":"ListItem","position":1,"name":"Inicio","item":"https:\/\/raed.academy\/ca\/"},{"@type":"ListItem","position":2,"name":"De l&#8217;obesitat a l&#8217;addicci\u00f3 al menjar"}]},{"@type":"WebSite","@id":"https:\/\/raed.academy\/ca\/#website","url":"https:\/\/raed.academy\/ca\/","name":"Reial Acad\u00e8mia Europea de Doctors","description":"Corporaci\u00f3n de derecho p\u00fablico de car\u00e1cter cient\u00edfico, t\u00e9cnico y art\u00edstico, que tiene por objeto la investigaci\u00f3n, el estudio, el fomento y la extensi\u00f3n del conocimiento en su sentido m\u00e1s amplio","publisher":{"@id":"https:\/\/raed.academy\/ca\/#organization"},"potentialAction":[{"@type":"SearchAction","target":{"@type":"EntryPoint","urlTemplate":"https:\/\/raed.academy\/ca\/?s={search_term_string}"},"query-input":{"@type":"PropertyValueSpecification","valueRequired":true,"valueName":"search_term_string"}}],"inLanguage":"ca-ES"},{"@type":"Organization","@id":"https:\/\/raed.academy\/ca\/#organization","name":"Real Academia Europea de Doctores","url":"https:\/\/raed.academy\/ca\/","logo":{"@type":"ImageObject","inLanguage":"ca-ES","@id":"https:\/\/raed.academy\/ca\/#\/schema\/logo\/image\/","url":"https:\/\/raed.academy\/wp-content\/uploads\/2017\/01\/cropped-logo_raed.png","contentUrl":"https:\/\/raed.academy\/wp-content\/uploads\/2017\/01\/cropped-logo_raed.png","width":512,"height":512,"caption":"Real Academia Europea de Doctores"},"image":{"@id":"https:\/\/raed.academy\/ca\/#\/schema\/logo\/image\/"},"sameAs":["http:\/\/fb.me\/raed.academy","https:\/\/x.com\/raedacademy","https:\/\/www.instagram.com\/raed.academy\/","https:\/\/www.youtube.com\/channel\/UCUYQwW2KrdirNWihxMDObwg"]},{"@type":"Person","@id":"https:\/\/raed.academy\/ca\/#\/schema\/person\/5a755da80d1d979fd66ba745c8702927","name":"RAED","image":{"@type":"ImageObject","inLanguage":"ca-ES","@id":"https:\/\/secure.gravatar.com\/avatar\/19fdfdc0d67fb9c45714b703a2ac82251c4fcea3637f002ac3c9b74c0183583c?s=96&d=mm&r=g","url":"https:\/\/secure.gravatar.com\/avatar\/19fdfdc0d67fb9c45714b703a2ac82251c4fcea3637f002ac3c9b74c0183583c?s=96&d=mm&r=g","contentUrl":"https:\/\/secure.gravatar.com\/avatar\/19fdfdc0d67fb9c45714b703a2ac82251c4fcea3637f002ac3c9b74c0183583c?s=96&d=mm&r=g","caption":"RAED"}}]}},"_links":{"self":[{"href":"https:\/\/raed.academy\/ca\/wp-json\/wp\/v2\/posts\/103677","targetHints":{"allow":["GET"]}}],"collection":[{"href":"https:\/\/raed.academy\/ca\/wp-json\/wp\/v2\/posts"}],"about":[{"href":"https:\/\/raed.academy\/ca\/wp-json\/wp\/v2\/types\/post"}],"author":[{"embeddable":true,"href":"https:\/\/raed.academy\/ca\/wp-json\/wp\/v2\/users\/12"}],"replies":[{"embeddable":true,"href":"https:\/\/raed.academy\/ca\/wp-json\/wp\/v2\/comments?post=103677"}],"version-history":[{"count":0,"href":"https:\/\/raed.academy\/ca\/wp-json\/wp\/v2\/posts\/103677\/revisions"}],"wp:featuredmedia":[{"embeddable":true,"href":"https:\/\/raed.academy\/ca\/wp-json\/wp\/v2\/media\/103732"}],"wp:attachment":[{"href":"https:\/\/raed.academy\/ca\/wp-json\/wp\/v2\/media?parent=103677"}],"wp:term":[{"taxonomy":"category","embeddable":true,"href":"https:\/\/raed.academy\/ca\/wp-json\/wp\/v2\/categories?post=103677"},{"taxonomy":"post_tag","embeddable":true,"href":"https:\/\/raed.academy\/ca\/wp-json\/wp\/v2\/tags?post=103677"}],"curies":[{"name":"wp","href":"https:\/\/api.w.org\/{rel}","templated":true}]}}