{"id":103033,"date":"2021-05-21T09:46:33","date_gmt":"2021-05-21T09:46:33","guid":{"rendered":"https:\/\/raed.academy\/?p=103033"},"modified":"2021-05-22T14:59:38","modified_gmt":"2021-05-22T14:59:38","slug":"vint-i-une-repte-vital-alimentar-nos-duna-forma-mes-saludable-i-mes-sostenible","status":"publish","type":"post","link":"https:\/\/raed.academy\/ca\/vint-i-une-repte-vital-alimentar-nos-duna-forma-mes-saludable-i-mes-sostenible\/","title":{"rendered":"Vint-i-un\u00e8 repte vital: alimentar-nos d&#8217;una forma m\u00e9s saludable i m\u00e9s sostenible"},"content":{"rendered":"<p><a href=\"https:\/\/raed.academy\/ca\/academics\/dr-javier-aranceta-bartrina\/\" target=\"_blank\" rel=\"noopener\"><strong><em>Javier Aranceta<\/em><\/strong><\/a><br \/>\n<em>President del Comit\u00e8 Cient\u00edfic de la Societat Espanyola de Nutrici\u00f3 Comunit\u00e0ria, president de la Reial Acad\u00e8mia de Medicina del Pa\u00eds Basc-Euskal Herriko Medikuntzaren Errege Akademia i acad\u00e8mic de n\u00famero de la Reial Acad\u00e8mia Europea de Doctors-Barcelona 1914 (RAED)<\/em><\/p>\n<p><strong><em>Carmen P\u00e9rez Rodrigo<\/em><\/strong><br \/>\n<em>Professora del Departament de Fisiologia de la Facultat de Medicina i Infermeria de la Universitat del Pa\u00eds Basc, acad\u00e8mica de la Reial Acad\u00e8mia de Medicina de Pa\u00eds Basc, ex-presidenta de la Societat Espanyola de Nutrici\u00f3 Comunit\u00e0ria i ex-vice-presidenta de l&#8217;Acad\u00e8mia Europea de Ci\u00e8ncies de la Nutrici\u00f3 i acad\u00e8mica electa de la Reial Acad\u00e8mia Europea de Doctors-Barcelona 1914 (RAED)<\/em><\/p>\n<p><a href=\"https:\/\/raed.academy\/ca\/academics\/dr-javier-aranceta-bartrina\/\" target=\"_blank\" rel=\"noopener\"><strong><em>Javier Aranceta<\/em><\/strong><\/a>, president del <strong>Comit\u00e8 Cient\u00edfic<\/strong> de la <strong>Societat Espanyola de Nutrici\u00f3 Comunit\u00e0ria<\/strong> i de la <strong>Reial Acad\u00e8mia de Medicina del Pa\u00eds Basc<\/strong> i acad\u00e8mic de n\u00famero de la <strong>Reial Acad\u00e8mia Europea de Doctors-Barcelona 1914<\/strong> (RAED), i <strong>Carmen P\u00e9rez Rodrigo<\/strong>, professora de la <strong>Universitat del Pa\u00eds Basc<\/strong>, acad\u00e8mica de la <strong>Reial Acad\u00e8mia de Medicina de Pa\u00eds Basc<\/strong> i acad\u00e8mica electa de la RAED, participen en la primera edici\u00f3 del projecte <strong>Reptes Vitals per a una Nova Era<\/strong>, impulsat per la <strong>Fundaci\u00f3 Pro Reial Acad\u00e8mia Europea de Doctors<\/strong> conjuntament amb la RAED , amb el treball <strong>&#8220;Retos de la nutrici\u00f3n en el siglo XXI&#8221;<\/strong>, en el que aborden els aven\u00e7os en la recerca en epidemiologia nutricional des dels anys 80 del segle passat, que han contribu\u00eft a redefinir les recomanacions nutricionals a les \u00faltimes d\u00e8cades. El primer lliurament de Reptes Vitals va veure la llum el passat mes d&#8217;abril en format de llibre amb l&#8217;objectiu d&#8217;establir-se com un informe pluridisciplinar anual de refer\u00e8ncia sobre la nova realitat que sorgeix despr\u00e9s de la pand\u00e8mia.<\/p>\n<p><img loading=\"lazy\" decoding=\"async\" class=\"alignright wp-image-91768\" src=\"https:\/\/raed.academy\/wp-content\/uploads\/2020\/06\/shutt_alimentacion-saludable-dstNtc.jpg\" sizes=\"(max-width: 600px) 100vw, 600px\" srcset=\"https:\/\/raed.academy\/wp-content\/uploads\/2020\/06\/shutt_alimentacion-saludable-dstNtc.jpg 1000w, https:\/\/raed.academy\/wp-content\/uploads\/2020\/06\/shutt_alimentacion-saludable-dstNtc-768x461.jpg 768w, https:\/\/raed.academy\/wp-content\/uploads\/2020\/06\/shutt_alimentacion-saludable-dstNtc-627x376.jpg 627w, https:\/\/raed.academy\/wp-content\/uploads\/2020\/06\/shutt_alimentacion-saludable-dstNtc-440x264.jpg 440w\" alt=\"alimentaci\u00f3n\" width=\"600\" height=\"360\" data-attachment-id=\"91768\" data-permalink=\"https:\/\/raed.academy\/la-mejoras-alimentarias-del-confinamiento\/shutt_alimentacion-saludable-dstntc\/\" data-orig-file=\"https:\/\/raed.academy\/wp-content\/uploads\/2020\/06\/shutt_alimentacion-saludable-dstNtc.jpg\" data-orig-size=\"1000,600\" data-comments-opened=\"1\" data-image-meta=\"{&quot;aperture&quot;:&quot;0&quot;,&quot;credit&quot;:&quot;&quot;,&quot;camera&quot;:&quot;&quot;,&quot;caption&quot;:&quot;&quot;,&quot;created_timestamp&quot;:&quot;0&quot;,&quot;copyright&quot;:&quot;&quot;,&quot;focal_length&quot;:&quot;0&quot;,&quot;iso&quot;:&quot;0&quot;,&quot;shutter_speed&quot;:&quot;0&quot;,&quot;title&quot;:&quot;&quot;,&quot;orientation&quot;:&quot;0&quot;}\" data-image-title=\"shutt_alimentacion-saludable-dstNtc\" data-image-description=\"\" data-medium-file=\"https:\/\/raed.academy\/wp-content\/uploads\/2020\/06\/shutt_alimentacion-saludable-dstNtc.jpg\" data-large-file=\"https:\/\/raed.academy\/wp-content\/uploads\/2020\/06\/shutt_alimentacion-saludable-dstNtc.jpg\" \/>Els autors assenyalen com a base de les evid\u00e8ncies cient\u00edfiques i epidemiol\u00f2giques disponibles sobre la relaci\u00f3 entre la dieta i la salut, a l&#8217;actualitat l&#8217;enfocament s&#8217;orienta no nom\u00e9s a la prevenci\u00f3 de car\u00e8ncies nutricionals, sin\u00f3 a aconseguir aportacions \u00f2ptimes que contribueixin a la prevenci\u00f3 de malalties cr\u00f2niques i garanteixin una major longevitat i qualitat de vida. Actualment, assenyalen, s&#8217;ha posat l&#8217;accent en aconseguir que la dieta, a m\u00e9s de saludable per a les persones, sigui tamb\u00e9 respectuosa amb l&#8217;entorn pel que fa a les formes de producci\u00f3 i impacte mediambiental i sostenible, alhora que desitjable.<\/p>\n<p>&#8220;Cada vegada hi ha m\u00e9s evid\u00e8ncia de la possibilitat d&#8217;allargar la durada de la vida amb accions sobre l&#8217;alimentaci\u00f3 i l&#8217;activitat f\u00edsica. Les estrat\u00e8gies de restricci\u00f3 cal\u00f2rica m\u00e9s la suplementaci\u00f3 amb subst\u00e0ncies bioactives, juntament amb la pr\u00e0ctica habitual d&#8217;activitat f\u00edsica en grau moderat i que mantingui el to i la massa muscular en el marc d&#8217;una vida que gestioni l&#8217;equilibri emocional i el sentit positiu de l&#8217;exist\u00e8ncia pot allargar de manera important els anys de vida: programa d&#8217;anys a la vida&#8221;, assenyalen Aranceta i P\u00e9rez Rodrigo.<\/p>\n<p>Els acad\u00e8mics repassen de manera succinta els h\u00e0bits de consum que han de marcar aquesta alimentaci\u00f3 m\u00e9s saludable, agradable i, al seu torn, sostenible al llarg de les properes d\u00e8cades, adaptant-se a les noves maneres de vida i necessitats del planeta. Per concloure resumint el seu treball amb una s\u00e8rie de recomanacions senzilles i pr\u00e0ctiques.<\/p>\n<p>Aranceta ja va publicar al costat dels tamb\u00e9 acad\u00e8mics numeraris de la RAED <a href=\"https:\/\/raed.academy\/ca\/academics\/dr-gregorio-varela-moreiras\/\" target=\"_blank\" rel=\"noopener\"><em><strong>Gregorio Varela<\/strong><\/em><\/a>, catedr\u00e0tic de Nutrici\u00f3 i Bromatologia de la <strong>Universitat CEU-San Pablo<\/strong> i president de la <strong>Fundaci\u00f3 Espanyola de la Nutrici\u00f3<\/strong>, i <a href=\"https:\/\/raed.academy\/ca\/academics\/dr-lluis-serra-majem\/\" target=\"_blank\" rel=\"noopener\"><strong>Llu\u00eds Serra Majem<\/strong><\/a>, catedr\u00e0tic de Medicina Preventiva i Salut P\u00fablica de la <strong>Universitat de Las Palmas de Gran Can\u00e0ria<\/strong> i portaveu del<strong> Comit\u00e8 Cient\u00edfic per a la Emerg\u00e8ncia Sanit\u00e0ria de la Covid-19<\/strong> a Can\u00e0ries, el llibre <strong>&#8220;La alimentaci\u00f3n del siglo XXI: un objetivo com\u00fan basado en la evidencia cient\u00edfica&#8221;<\/strong>, un complet estudi en el qual participen <strong>Agrifood Comunicaci\u00f3n<\/strong>, la <strong>Fundaci\u00f3 Espanyola de la Nutrici\u00f3<\/strong>, la<strong> Societat Espanyola de Nutrici\u00f3 Comunit\u00e0ria<\/strong>, la <strong>Societat Espanyola de Metges d&#8217;Atenci\u00f3 Prim\u00e0ria<\/strong> i la <strong>Fundaci\u00f3 Espanyola del Cor<\/strong>.<\/p>\n<p>L&#8217;obra que coordinen els tres acad\u00e8mics \u00e9s una completa i exhaustiva recopilaci\u00f3 dels principals articles cient\u00edfics i estudis de refer\u00e8ncia sobre l&#8217;alimentaci\u00f3 del present i del futur publicats als \u00faltims temps sota l&#8217;empara d&#8217;aquestes entitats. El seu objectiu \u00e9s ser una font d&#8217;informaci\u00f3 i de consulta per als professionals de la comunicaci\u00f3 i els prescriptors de l&#8217;alimentaci\u00f3 &#8220;a fi de neutralitzar aquelles informacions incorrectes, abocades als mitjans de comunicaci\u00f3 sense gaire fonament i que, di\u00e0riament, demonitzen els productes alimentaris i al sector productor i influeixen negativament en el seu present i el seu futur&#8221;, van assenyalar els seus coordinadors.<\/p>\n<p>Reptes Vitals per a una Nova Era ha iniciat el seu cam\u00ed amb el comprom\u00eds d&#8217;una quarantena de cient\u00edfics, entre ells diversos premis Nobel, ex-ministres i ex-caps d&#8217;Estat, tots referents als seus \u00e0mbits d&#8217;estudi, que aportaran les seves propostes per elaborar aquest complet i nou estudi. Una rigorosa guia de l&#8217;anomenada nova realitat des de les seves m\u00faltiples arestes.<\/p>\n<p>&nbsp;<\/p>\n\n\t\t<style type=\"text\/css\">\n\t\t\t#gallery-1 {\n\t\t\t\tmargin: auto;\n\t\t\t}\n\t\t\t#gallery-1 .gallery-item {\n\t\t\t\tfloat: left;\n\t\t\t\tmargin-top: 10px;\n\t\t\t\ttext-align: center;\n\t\t\t\twidth: 50%;\n\t\t\t}\n\t\t\t#gallery-1 img {\n\t\t\t\tborder: 2px solid #cfcfcf;\n\t\t\t}\n\t\t\t#gallery-1 .gallery-caption {\n\t\t\t\tmargin-left: 0;\n\t\t\t}\n\t\t\t\/* see gallery_shortcode() in wp-includes\/media.php *\/\n\t\t<\/style>\n\t\t<div id='gallery-1' class='gallery galleryid-103033 gallery-columns-2 gallery-size-full'><dl class='gallery-item'>\n\t\t\t<dt class='gallery-icon landscape'>\n\t\t\t\t<a href='https:\/\/raed.academy\/ca\/academics\/dr-joan-massons-rabassa\/javier-aranceta-bartrina-2-2\/'><img loading=\"lazy\" decoding=\"async\" width=\"600\" height=\"400\" src=\"https:\/\/raed.academy\/wp-content\/uploads\/2019\/11\/Javier-Aranceta-Bartrina.jpg\" class=\"attachment-full size-full\" alt=\"Javier Aranceta Bartrina\" aria-describedby=\"gallery-1-83591\" \/><\/a>\n\t\t\t<\/dt>\n\t\t\t\t<dd class='wp-caption-text gallery-caption' id='gallery-1-83591'>\n\t\t\t\tJavier Aranceta Bartrina\n\t\t\t\t<\/dd><\/dl><dl class='gallery-item'>\n\t\t\t<dt class='gallery-icon landscape'>\n\t\t\t\t<a href='https:\/\/raed.academy\/ca\/academics\/dr-joan-massons-rabassa\/carmen-perez-rodrigo-2\/'><img loading=\"lazy\" decoding=\"async\" width=\"600\" height=\"400\" src=\"https:\/\/raed.academy\/wp-content\/uploads\/2019\/11\/Carmen-Perez-Rodrigo.jpg\" class=\"attachment-full size-full\" alt=\"Carmen P\u00e9rez-Rodrigo\" aria-describedby=\"gallery-1-83585\" \/><\/a>\n\t\t\t<\/dt>\n\t\t\t\t<dd class='wp-caption-text gallery-caption' id='gallery-1-83585'>\n\t\t\t\tCarmen P\u00e9rez Rodrigo\n\t\t\t\t<\/dd><\/dl><br style=\"clear: both\" \/>\n\t\t<\/div>\n\n","protected":false},"excerpt":{"rendered":"<p>Javier Aranceta i Carmen P\u00e9rez Rodrigo participen a la primera edici\u00f3 del projecte Reptes Vitals per a una nova era amb el treball &#8220;Retos de la nutrici\u00f3n en el siglo XXI&#8221;<\/p>\n","protected":false},"author":12,"featured_media":91769,"comment_status":"closed","ping_status":"closed","sticky":false,"template":"","format":"standard","meta":{"_et_pb_use_builder":"","_et_pb_old_content":"","_et_gb_content_width":"","footnotes":""},"categories":[237],"tags":[],"class_list":["post-103033","post","type-post","status-publish","format-standard","has-post-thumbnail","hentry","category-alimentacio-i-nutricio","et-has-post-format-content","et_post_format-et-post-format-standard"],"yoast_head":"<!-- This site is optimized with the Yoast SEO plugin v27.4 - https:\/\/yoast.com\/product\/yoast-seo-wordpress\/ -->\n<title>Vint-i-un\u00e8 repte vital: alimentar-nos d&#039;una forma m\u00e9s saludable i m\u00e9s sostenible - Reial Acad\u00e8mia Europea de Doctors<\/title>\n<meta name=\"description\" content=\"Javier Aranceta i Carmen P\u00e9rez Rodrigo participen a la I edici\u00f3 de Reptes Vitals amb el treball &quot;Retos de la nutrici\u00f3n en el siglo XXI&quot;\" \/>\n<meta name=\"robots\" content=\"index, follow, max-snippet:-1, max-image-preview:large, max-video-preview:-1\" \/>\n<link rel=\"canonical\" href=\"https:\/\/raed.academy\/ca\/vint-i-une-repte-vital-alimentar-nos-duna-forma-mes-saludable-i-mes-sostenible\/\" \/>\n<meta property=\"og:locale\" content=\"ca_ES\" \/>\n<meta property=\"og:type\" content=\"article\" \/>\n<meta property=\"og:title\" content=\"Vint-i-un\u00e8 repte vital: alimentar-nos d&#039;una forma m\u00e9s saludable i m\u00e9s sostenible - Reial Acad\u00e8mia Europea de Doctors\" \/>\n<meta property=\"og:description\" content=\"Javier Aranceta i Carmen P\u00e9rez Rodrigo participen a la I edici\u00f3 de Reptes Vitals amb el treball &quot;Retos de la nutrici\u00f3n en el siglo XXI&quot;\" \/>\n<meta property=\"og:url\" content=\"https:\/\/raed.academy\/ca\/vint-i-une-repte-vital-alimentar-nos-duna-forma-mes-saludable-i-mes-sostenible\/\" \/>\n<meta property=\"og:site_name\" content=\"Reial Acad\u00e8mia Europea de Doctors\" \/>\n<meta property=\"article:publisher\" content=\"http:\/\/fb.me\/raed.academy\" \/>\n<meta property=\"article:published_time\" content=\"2021-05-21T09:46:33+00:00\" \/>\n<meta property=\"article:modified_time\" content=\"2021-05-22T14:59:38+00:00\" \/>\n<meta property=\"og:image\" content=\"https:\/\/raed.academy\/wp-content\/uploads\/2020\/06\/shutt_alimentacion-saludable-dstNtc.jpg\" \/>\n\t<meta property=\"og:image:width\" content=\"1000\" \/>\n\t<meta property=\"og:image:height\" content=\"600\" \/>\n\t<meta property=\"og:image:type\" content=\"image\/jpeg\" \/>\n<meta name=\"author\" content=\"RAED\" \/>\n<meta name=\"twitter:card\" content=\"summary_large_image\" \/>\n<meta name=\"twitter:creator\" content=\"@raedacademy\" \/>\n<meta name=\"twitter:site\" content=\"@raedacademy\" \/>\n<meta name=\"twitter:label1\" content=\"Written by\" \/>\n\t<meta name=\"twitter:data1\" content=\"RAED\" \/>\n\t<meta name=\"twitter:label2\" content=\"Est. reading time\" \/>\n\t<meta name=\"twitter:data2\" content=\"4 minutes\" \/>\n<script type=\"application\/ld+json\" class=\"yoast-schema-graph\">{\"@context\":\"https:\\\/\\\/schema.org\",\"@graph\":[{\"@type\":\"Article\",\"@id\":\"https:\\\/\\\/raed.academy\\\/ca\\\/vint-i-une-repte-vital-alimentar-nos-duna-forma-mes-saludable-i-mes-sostenible\\\/#article\",\"isPartOf\":{\"@id\":\"https:\\\/\\\/raed.academy\\\/ca\\\/vint-i-une-repte-vital-alimentar-nos-duna-forma-mes-saludable-i-mes-sostenible\\\/\"},\"author\":{\"name\":\"RAED\",\"@id\":\"https:\\\/\\\/raed.academy\\\/ca\\\/#\\\/schema\\\/person\\\/5a755da80d1d979fd66ba745c8702927\"},\"headline\":\"Vint-i-un\u00e8 repte vital: alimentar-nos d&#8217;una forma m\u00e9s saludable i m\u00e9s sostenible\",\"datePublished\":\"2021-05-21T09:46:33+00:00\",\"dateModified\":\"2021-05-22T14:59:38+00:00\",\"mainEntityOfPage\":{\"@id\":\"https:\\\/\\\/raed.academy\\\/ca\\\/vint-i-une-repte-vital-alimentar-nos-duna-forma-mes-saludable-i-mes-sostenible\\\/\"},\"wordCount\":916,\"publisher\":{\"@id\":\"https:\\\/\\\/raed.academy\\\/ca\\\/#organization\"},\"image\":{\"@id\":\"https:\\\/\\\/raed.academy\\\/ca\\\/vint-i-une-repte-vital-alimentar-nos-duna-forma-mes-saludable-i-mes-sostenible\\\/#primaryimage\"},\"thumbnailUrl\":\"https:\\\/\\\/raed.academy\\\/wp-content\\\/uploads\\\/2020\\\/06\\\/shutt_alimentacion-saludable-dstNtc.jpg\",\"articleSection\":[\"Alimentaci\u00f3 i nutrici\u00f3\"],\"inLanguage\":\"ca-ES\"},{\"@type\":\"WebPage\",\"@id\":\"https:\\\/\\\/raed.academy\\\/ca\\\/vint-i-une-repte-vital-alimentar-nos-duna-forma-mes-saludable-i-mes-sostenible\\\/\",\"url\":\"https:\\\/\\\/raed.academy\\\/ca\\\/vint-i-une-repte-vital-alimentar-nos-duna-forma-mes-saludable-i-mes-sostenible\\\/\",\"name\":\"Vint-i-un\u00e8 repte vital: alimentar-nos d'una forma m\u00e9s saludable i m\u00e9s sostenible - Reial Acad\u00e8mia Europea de Doctors\",\"isPartOf\":{\"@id\":\"https:\\\/\\\/raed.academy\\\/ca\\\/#website\"},\"primaryImageOfPage\":{\"@id\":\"https:\\\/\\\/raed.academy\\\/ca\\\/vint-i-une-repte-vital-alimentar-nos-duna-forma-mes-saludable-i-mes-sostenible\\\/#primaryimage\"},\"image\":{\"@id\":\"https:\\\/\\\/raed.academy\\\/ca\\\/vint-i-une-repte-vital-alimentar-nos-duna-forma-mes-saludable-i-mes-sostenible\\\/#primaryimage\"},\"thumbnailUrl\":\"https:\\\/\\\/raed.academy\\\/wp-content\\\/uploads\\\/2020\\\/06\\\/shutt_alimentacion-saludable-dstNtc.jpg\",\"datePublished\":\"2021-05-21T09:46:33+00:00\",\"dateModified\":\"2021-05-22T14:59:38+00:00\",\"description\":\"Javier Aranceta i Carmen P\u00e9rez Rodrigo participen a la I edici\u00f3 de Reptes Vitals amb el treball \\\"Retos de la nutrici\u00f3n en el siglo XXI\\\"\",\"breadcrumb\":{\"@id\":\"https:\\\/\\\/raed.academy\\\/ca\\\/vint-i-une-repte-vital-alimentar-nos-duna-forma-mes-saludable-i-mes-sostenible\\\/#breadcrumb\"},\"inLanguage\":\"ca-ES\",\"potentialAction\":[{\"@type\":\"ReadAction\",\"target\":[\"https:\\\/\\\/raed.academy\\\/ca\\\/vint-i-une-repte-vital-alimentar-nos-duna-forma-mes-saludable-i-mes-sostenible\\\/\"]}]},{\"@type\":\"ImageObject\",\"inLanguage\":\"ca-ES\",\"@id\":\"https:\\\/\\\/raed.academy\\\/ca\\\/vint-i-une-repte-vital-alimentar-nos-duna-forma-mes-saludable-i-mes-sostenible\\\/#primaryimage\",\"url\":\"https:\\\/\\\/raed.academy\\\/wp-content\\\/uploads\\\/2020\\\/06\\\/shutt_alimentacion-saludable-dstNtc.jpg\",\"contentUrl\":\"https:\\\/\\\/raed.academy\\\/wp-content\\\/uploads\\\/2020\\\/06\\\/shutt_alimentacion-saludable-dstNtc.jpg\",\"width\":1000,\"height\":600,\"caption\":\"alimentaci\u00f3n\"},{\"@type\":\"BreadcrumbList\",\"@id\":\"https:\\\/\\\/raed.academy\\\/ca\\\/vint-i-une-repte-vital-alimentar-nos-duna-forma-mes-saludable-i-mes-sostenible\\\/#breadcrumb\",\"itemListElement\":[{\"@type\":\"ListItem\",\"position\":1,\"name\":\"Inicio\",\"item\":\"https:\\\/\\\/raed.academy\\\/ca\\\/\"},{\"@type\":\"ListItem\",\"position\":2,\"name\":\"Vint-i-un\u00e8 repte vital: alimentar-nos d&#8217;una forma m\u00e9s saludable i m\u00e9s sostenible\"}]},{\"@type\":\"WebSite\",\"@id\":\"https:\\\/\\\/raed.academy\\\/ca\\\/#website\",\"url\":\"https:\\\/\\\/raed.academy\\\/ca\\\/\",\"name\":\"Reial Acad\u00e8mia Europea de Doctors\",\"description\":\"Corporaci\u00f3n de derecho p\u00fablico de car\u00e1cter cient\u00edfico, t\u00e9cnico y art\u00edstico, que tiene por objeto la investigaci\u00f3n, el estudio, el fomento y la extensi\u00f3n del conocimiento en su sentido m\u00e1s amplio\",\"publisher\":{\"@id\":\"https:\\\/\\\/raed.academy\\\/ca\\\/#organization\"},\"potentialAction\":[{\"@type\":\"SearchAction\",\"target\":{\"@type\":\"EntryPoint\",\"urlTemplate\":\"https:\\\/\\\/raed.academy\\\/ca\\\/?s={search_term_string}\"},\"query-input\":{\"@type\":\"PropertyValueSpecification\",\"valueRequired\":true,\"valueName\":\"search_term_string\"}}],\"inLanguage\":\"ca-ES\"},{\"@type\":\"Organization\",\"@id\":\"https:\\\/\\\/raed.academy\\\/ca\\\/#organization\",\"name\":\"Real Academia Europea de Doctores\",\"url\":\"https:\\\/\\\/raed.academy\\\/ca\\\/\",\"logo\":{\"@type\":\"ImageObject\",\"inLanguage\":\"ca-ES\",\"@id\":\"https:\\\/\\\/raed.academy\\\/ca\\\/#\\\/schema\\\/logo\\\/image\\\/\",\"url\":\"https:\\\/\\\/raed.academy\\\/wp-content\\\/uploads\\\/2017\\\/01\\\/cropped-logo_raed.png\",\"contentUrl\":\"https:\\\/\\\/raed.academy\\\/wp-content\\\/uploads\\\/2017\\\/01\\\/cropped-logo_raed.png\",\"width\":512,\"height\":512,\"caption\":\"Real Academia Europea de Doctores\"},\"image\":{\"@id\":\"https:\\\/\\\/raed.academy\\\/ca\\\/#\\\/schema\\\/logo\\\/image\\\/\"},\"sameAs\":[\"http:\\\/\\\/fb.me\\\/raed.academy\",\"https:\\\/\\\/x.com\\\/raedacademy\",\"https:\\\/\\\/www.instagram.com\\\/raed.academy\\\/\",\"https:\\\/\\\/www.youtube.com\\\/channel\\\/UCUYQwW2KrdirNWihxMDObwg\"]},{\"@type\":\"Person\",\"@id\":\"https:\\\/\\\/raed.academy\\\/ca\\\/#\\\/schema\\\/person\\\/5a755da80d1d979fd66ba745c8702927\",\"name\":\"RAED\",\"image\":{\"@type\":\"ImageObject\",\"inLanguage\":\"ca-ES\",\"@id\":\"https:\\\/\\\/secure.gravatar.com\\\/avatar\\\/19fdfdc0d67fb9c45714b703a2ac82251c4fcea3637f002ac3c9b74c0183583c?s=96&d=mm&r=g\",\"url\":\"https:\\\/\\\/secure.gravatar.com\\\/avatar\\\/19fdfdc0d67fb9c45714b703a2ac82251c4fcea3637f002ac3c9b74c0183583c?s=96&d=mm&r=g\",\"contentUrl\":\"https:\\\/\\\/secure.gravatar.com\\\/avatar\\\/19fdfdc0d67fb9c45714b703a2ac82251c4fcea3637f002ac3c9b74c0183583c?s=96&d=mm&r=g\",\"caption\":\"RAED\"}}]}<\/script>\n<!-- \/ Yoast SEO plugin. -->","yoast_head_json":{"title":"Vint-i-un\u00e8 repte vital: alimentar-nos d'una forma m\u00e9s saludable i m\u00e9s sostenible - Reial Acad\u00e8mia Europea de Doctors","description":"Javier Aranceta i Carmen P\u00e9rez Rodrigo participen a la I edici\u00f3 de Reptes Vitals amb el treball \"Retos de la nutrici\u00f3n en el siglo XXI\"","robots":{"index":"index","follow":"follow","max-snippet":"max-snippet:-1","max-image-preview":"max-image-preview:large","max-video-preview":"max-video-preview:-1"},"canonical":"https:\/\/raed.academy\/ca\/vint-i-une-repte-vital-alimentar-nos-duna-forma-mes-saludable-i-mes-sostenible\/","og_locale":"ca_ES","og_type":"article","og_title":"Vint-i-un\u00e8 repte vital: alimentar-nos d'una forma m\u00e9s saludable i m\u00e9s sostenible - Reial Acad\u00e8mia Europea de Doctors","og_description":"Javier Aranceta i Carmen P\u00e9rez Rodrigo participen a la I edici\u00f3 de Reptes Vitals amb el treball \"Retos de la nutrici\u00f3n en el siglo XXI\"","og_url":"https:\/\/raed.academy\/ca\/vint-i-une-repte-vital-alimentar-nos-duna-forma-mes-saludable-i-mes-sostenible\/","og_site_name":"Reial Acad\u00e8mia Europea de Doctors","article_publisher":"http:\/\/fb.me\/raed.academy","article_published_time":"2021-05-21T09:46:33+00:00","article_modified_time":"2021-05-22T14:59:38+00:00","og_image":[{"width":1000,"height":600,"url":"https:\/\/raed.academy\/wp-content\/uploads\/2020\/06\/shutt_alimentacion-saludable-dstNtc.jpg","type":"image\/jpeg"}],"author":"RAED","twitter_card":"summary_large_image","twitter_creator":"@raedacademy","twitter_site":"@raedacademy","twitter_misc":{"Written by":"RAED","Est. reading time":"4 minutes"},"schema":{"@context":"https:\/\/schema.org","@graph":[{"@type":"Article","@id":"https:\/\/raed.academy\/ca\/vint-i-une-repte-vital-alimentar-nos-duna-forma-mes-saludable-i-mes-sostenible\/#article","isPartOf":{"@id":"https:\/\/raed.academy\/ca\/vint-i-une-repte-vital-alimentar-nos-duna-forma-mes-saludable-i-mes-sostenible\/"},"author":{"name":"RAED","@id":"https:\/\/raed.academy\/ca\/#\/schema\/person\/5a755da80d1d979fd66ba745c8702927"},"headline":"Vint-i-un\u00e8 repte vital: alimentar-nos d&#8217;una forma m\u00e9s saludable i m\u00e9s sostenible","datePublished":"2021-05-21T09:46:33+00:00","dateModified":"2021-05-22T14:59:38+00:00","mainEntityOfPage":{"@id":"https:\/\/raed.academy\/ca\/vint-i-une-repte-vital-alimentar-nos-duna-forma-mes-saludable-i-mes-sostenible\/"},"wordCount":916,"publisher":{"@id":"https:\/\/raed.academy\/ca\/#organization"},"image":{"@id":"https:\/\/raed.academy\/ca\/vint-i-une-repte-vital-alimentar-nos-duna-forma-mes-saludable-i-mes-sostenible\/#primaryimage"},"thumbnailUrl":"https:\/\/raed.academy\/wp-content\/uploads\/2020\/06\/shutt_alimentacion-saludable-dstNtc.jpg","articleSection":["Alimentaci\u00f3 i nutrici\u00f3"],"inLanguage":"ca-ES"},{"@type":"WebPage","@id":"https:\/\/raed.academy\/ca\/vint-i-une-repte-vital-alimentar-nos-duna-forma-mes-saludable-i-mes-sostenible\/","url":"https:\/\/raed.academy\/ca\/vint-i-une-repte-vital-alimentar-nos-duna-forma-mes-saludable-i-mes-sostenible\/","name":"Vint-i-un\u00e8 repte vital: alimentar-nos d'una forma m\u00e9s saludable i m\u00e9s sostenible - Reial Acad\u00e8mia Europea de Doctors","isPartOf":{"@id":"https:\/\/raed.academy\/ca\/#website"},"primaryImageOfPage":{"@id":"https:\/\/raed.academy\/ca\/vint-i-une-repte-vital-alimentar-nos-duna-forma-mes-saludable-i-mes-sostenible\/#primaryimage"},"image":{"@id":"https:\/\/raed.academy\/ca\/vint-i-une-repte-vital-alimentar-nos-duna-forma-mes-saludable-i-mes-sostenible\/#primaryimage"},"thumbnailUrl":"https:\/\/raed.academy\/wp-content\/uploads\/2020\/06\/shutt_alimentacion-saludable-dstNtc.jpg","datePublished":"2021-05-21T09:46:33+00:00","dateModified":"2021-05-22T14:59:38+00:00","description":"Javier Aranceta i Carmen P\u00e9rez Rodrigo participen a la I edici\u00f3 de Reptes Vitals amb el treball \"Retos de la nutrici\u00f3n en el siglo XXI\"","breadcrumb":{"@id":"https:\/\/raed.academy\/ca\/vint-i-une-repte-vital-alimentar-nos-duna-forma-mes-saludable-i-mes-sostenible\/#breadcrumb"},"inLanguage":"ca-ES","potentialAction":[{"@type":"ReadAction","target":["https:\/\/raed.academy\/ca\/vint-i-une-repte-vital-alimentar-nos-duna-forma-mes-saludable-i-mes-sostenible\/"]}]},{"@type":"ImageObject","inLanguage":"ca-ES","@id":"https:\/\/raed.academy\/ca\/vint-i-une-repte-vital-alimentar-nos-duna-forma-mes-saludable-i-mes-sostenible\/#primaryimage","url":"https:\/\/raed.academy\/wp-content\/uploads\/2020\/06\/shutt_alimentacion-saludable-dstNtc.jpg","contentUrl":"https:\/\/raed.academy\/wp-content\/uploads\/2020\/06\/shutt_alimentacion-saludable-dstNtc.jpg","width":1000,"height":600,"caption":"alimentaci\u00f3n"},{"@type":"BreadcrumbList","@id":"https:\/\/raed.academy\/ca\/vint-i-une-repte-vital-alimentar-nos-duna-forma-mes-saludable-i-mes-sostenible\/#breadcrumb","itemListElement":[{"@type":"ListItem","position":1,"name":"Inicio","item":"https:\/\/raed.academy\/ca\/"},{"@type":"ListItem","position":2,"name":"Vint-i-un\u00e8 repte vital: alimentar-nos d&#8217;una forma m\u00e9s saludable i m\u00e9s sostenible"}]},{"@type":"WebSite","@id":"https:\/\/raed.academy\/ca\/#website","url":"https:\/\/raed.academy\/ca\/","name":"Reial Acad\u00e8mia Europea de Doctors","description":"Corporaci\u00f3n de derecho p\u00fablico de car\u00e1cter cient\u00edfico, t\u00e9cnico y art\u00edstico, que tiene por objeto la investigaci\u00f3n, el estudio, el fomento y la extensi\u00f3n del conocimiento en su sentido m\u00e1s amplio","publisher":{"@id":"https:\/\/raed.academy\/ca\/#organization"},"potentialAction":[{"@type":"SearchAction","target":{"@type":"EntryPoint","urlTemplate":"https:\/\/raed.academy\/ca\/?s={search_term_string}"},"query-input":{"@type":"PropertyValueSpecification","valueRequired":true,"valueName":"search_term_string"}}],"inLanguage":"ca-ES"},{"@type":"Organization","@id":"https:\/\/raed.academy\/ca\/#organization","name":"Real Academia Europea de Doctores","url":"https:\/\/raed.academy\/ca\/","logo":{"@type":"ImageObject","inLanguage":"ca-ES","@id":"https:\/\/raed.academy\/ca\/#\/schema\/logo\/image\/","url":"https:\/\/raed.academy\/wp-content\/uploads\/2017\/01\/cropped-logo_raed.png","contentUrl":"https:\/\/raed.academy\/wp-content\/uploads\/2017\/01\/cropped-logo_raed.png","width":512,"height":512,"caption":"Real Academia Europea de Doctores"},"image":{"@id":"https:\/\/raed.academy\/ca\/#\/schema\/logo\/image\/"},"sameAs":["http:\/\/fb.me\/raed.academy","https:\/\/x.com\/raedacademy","https:\/\/www.instagram.com\/raed.academy\/","https:\/\/www.youtube.com\/channel\/UCUYQwW2KrdirNWihxMDObwg"]},{"@type":"Person","@id":"https:\/\/raed.academy\/ca\/#\/schema\/person\/5a755da80d1d979fd66ba745c8702927","name":"RAED","image":{"@type":"ImageObject","inLanguage":"ca-ES","@id":"https:\/\/secure.gravatar.com\/avatar\/19fdfdc0d67fb9c45714b703a2ac82251c4fcea3637f002ac3c9b74c0183583c?s=96&d=mm&r=g","url":"https:\/\/secure.gravatar.com\/avatar\/19fdfdc0d67fb9c45714b703a2ac82251c4fcea3637f002ac3c9b74c0183583c?s=96&d=mm&r=g","contentUrl":"https:\/\/secure.gravatar.com\/avatar\/19fdfdc0d67fb9c45714b703a2ac82251c4fcea3637f002ac3c9b74c0183583c?s=96&d=mm&r=g","caption":"RAED"}}]}},"_links":{"self":[{"href":"https:\/\/raed.academy\/ca\/wp-json\/wp\/v2\/posts\/103033","targetHints":{"allow":["GET"]}}],"collection":[{"href":"https:\/\/raed.academy\/ca\/wp-json\/wp\/v2\/posts"}],"about":[{"href":"https:\/\/raed.academy\/ca\/wp-json\/wp\/v2\/types\/post"}],"author":[{"embeddable":true,"href":"https:\/\/raed.academy\/ca\/wp-json\/wp\/v2\/users\/12"}],"replies":[{"embeddable":true,"href":"https:\/\/raed.academy\/ca\/wp-json\/wp\/v2\/comments?post=103033"}],"version-history":[{"count":0,"href":"https:\/\/raed.academy\/ca\/wp-json\/wp\/v2\/posts\/103033\/revisions"}],"wp:featuredmedia":[{"embeddable":true,"href":"https:\/\/raed.academy\/ca\/wp-json\/wp\/v2\/media\/91769"}],"wp:attachment":[{"href":"https:\/\/raed.academy\/ca\/wp-json\/wp\/v2\/media?parent=103033"}],"wp:term":[{"taxonomy":"category","embeddable":true,"href":"https:\/\/raed.academy\/ca\/wp-json\/wp\/v2\/categories?post=103033"},{"taxonomy":"post_tag","embeddable":true,"href":"https:\/\/raed.academy\/ca\/wp-json\/wp\/v2\/tags?post=103033"}],"curies":[{"name":"wp","href":"https:\/\/api.w.org\/{rel}","templated":true}]}}