{"id":103019,"date":"2021-05-21T08:47:50","date_gmt":"2021-05-21T08:47:50","guid":{"rendered":"https:\/\/raed.academy\/?p=103019"},"modified":"2021-05-22T15:29:04","modified_gmt":"2021-05-22T15:29:04","slug":"sheldon-glashow-gran-cientific-i-gran-divulgador","status":"publish","type":"post","link":"https:\/\/raed.academy\/ca\/sheldon-glashow-gran-cientific-i-gran-divulgador\/","title":{"rendered":"Sheldon Glashow, gran cient\u00edfic i gran divulgador"},"content":{"rendered":"<p><a href=\"https:\/\/raed.academy\/ca\/academics\/dr-sheldon-lee-glashow\/\" target=\"_blank\" rel=\"noopener\"><strong><em>Sheldon Glashow<\/em><\/strong><\/a><br \/>\n<em>Professor honorari de la Universitat de Harvard, de la Universitat de Boston i de la Universitat de Calif\u00f2rnia a Berkeley; membre de l&#8217;Acad\u00e8mia Nacional dels Linxs d&#8217;It\u00e0lia, de l&#8217;Acad\u00e8mia Nord-americana de les Arts i les Ci\u00e8ncies, de la Societat Nord-americana de F\u00edsica, de l&#8217;Acad\u00e8mia Nacional de Ci\u00e8ncies dels Estats Units i de l&#8217;Acad\u00e8mia de Ci\u00e8ncies de R\u00fassia; premi Nobel de F\u00edsica i acad\u00e8mic d&#8217;honor de la Reial Acad\u00e8mia Europea de Doctors-Barcelona 1914 (RAED)<\/em><\/p>\n<div id=\"attachment_29918\" style=\"width: 343px\" class=\"wp-caption alignleft\"><img loading=\"lazy\" decoding=\"async\" aria-describedby=\"caption-attachment-29918\" class=\"wp-image-29918 size-full\" src=\"https:\/\/raed.academy\/wp-content\/uploads\/2017\/06\/Sheldon-Glashow-lv.png\" sizes=\"(max-width: 333px) 100vw, 333px\" srcset=\"https:\/\/raed.academy\/wp-content\/uploads\/2017\/06\/Sheldon-Glashow-lv.png 333w, https:\/\/raed.academy\/wp-content\/uploads\/2017\/06\/Sheldon-Glashow-lv-300x241.png 300w, https:\/\/raed.academy\/wp-content\/uploads\/2017\/06\/Sheldon-Glashow-lv-177x142.png 177w, https:\/\/raed.academy\/wp-content\/uploads\/2017\/06\/Sheldon-Glashow-lv-147x118.png 147w\" alt=\"Sheldon Glashow\" width=\"333\" height=\"267\" aria-describedby=\"caption-attachment-29918\" data-attachment-id=\"29918\" data-permalink=\"https:\/\/raed.academy\/entrevista-sheldon-glashow-la-vanguardia\/sheldon-glashow-lv\/\" data-orig-file=\"https:\/\/raed.academy\/wp-content\/uploads\/2017\/06\/Sheldon-Glashow-lv.png\" data-orig-size=\"333,267\" data-comments-opened=\"0\" data-image-meta=\"{&quot;aperture&quot;:&quot;0&quot;,&quot;credit&quot;:&quot;&quot;,&quot;camera&quot;:&quot;&quot;,&quot;caption&quot;:&quot;&quot;,&quot;created_timestamp&quot;:&quot;0&quot;,&quot;copyright&quot;:&quot;&quot;,&quot;focal_length&quot;:&quot;0&quot;,&quot;iso&quot;:&quot;0&quot;,&quot;shutter_speed&quot;:&quot;0&quot;,&quot;title&quot;:&quot;&quot;,&quot;orientation&quot;:&quot;0&quot;}\" data-image-title=\"Sheldon Glashow lv\" data-image-description=\"\" data-medium-file=\"https:\/\/raed.academy\/wp-content\/uploads\/2017\/06\/Sheldon-Glashow-lv-300x241.png\" data-large-file=\"https:\/\/raed.academy\/wp-content\/uploads\/2017\/06\/Sheldon-Glashow-lv.png\" \/><p id=\"caption-attachment-29918\" class=\"wp-caption-text\">Dr. Sheldon Glashow<\/p><\/div>\n<p><a href=\"https:\/\/raed.academy\/ca\/academics\/dr-sheldon-lee-glashow\/\" target=\"_blank\" rel=\"noopener\"><strong><em>Sheldon Glashow<\/em><\/strong><\/a>, premi Nobel de F\u00edsica i acad\u00e8mic d&#8217;honor de la <strong>Reial Acad\u00e8mia Europea de Doctors-Barcelona 1914<\/strong> (RAED), ha estat designat nou editor en cap de la prestigiosa revista de divulgaci\u00f3 cient\u00edfica<strong> &#8220;Inference: International Review of Science&#8221;<\/strong>, que des del seu llan\u00e7ament el 2014 ha publicat treballs originals i col\u00b7laboracions de cient\u00edfics internacionals de diferents \u00e0mbits, &#8220;des de l&#8217;antropologia fins a la zoologia&#8221;, com assenyalen els seus impulsors, tot i que sense oblidar la f\u00edsica de part\u00edcules que va valer el premi Nobel de f\u00edsica al seu nou responsable de continguts.<\/p>\n<p>&#8220;Qu\u00e8 orgull\u00f3s, animat i encantat estic d&#8217;assumir el paper d&#8217;editor en cap d&#8221;Inference&#8217;. Orgull\u00f3s perqu\u00e8 crec que es tracta de la millor publicaci\u00f3 entre el periodisme cient\u00edfic popular i el professional; animat, perqu\u00e8 veig quant m\u00e9s pot fer &#8216;Inference&#8217; per difondre les alegries i la bellesa de la ci\u00e8ncia en totes les seves formes; encantat, perqu\u00e8 he gaudit molt els meus anys com a autor i editor d&#8221;Inference'&#8221;, ha assenyalat el propi Glashow en una nota difosa per la mateixa publicaci\u00f3.<\/p>\n<p>En aquesta nova etapa, el Nobel i protagonista del primer lliurament de <strong>Reptes Vitals per a una Nova Era<\/strong> que impulsa la RAED al costat de la <strong>Fundaci\u00f3 Pro Reial Acad\u00e8mia Europea de Doctors<\/strong>, tractar\u00e0 de reformar la destacada qualitat cient\u00edfica i novetat dels treballs publicats amb una presentaci\u00f3 divulgativa a l&#8217;abast de qualsevol lector m\u00ednimament introdu\u00eft en les mat\u00e8ries que es tracten, unit a un f\u00e0cil acc\u00e9s a trav\u00e9s de la renovada web de la publicaci\u00f3 i de les seves actives xarxes socials. Malgrat que la revista mantingui la seva periodicitat trimestral en paper, els articles es difondran de forma continuada, tan aviat rebin l&#8217;aval dels seus editors i passin per l&#8217;edici\u00f3 de la publicaci\u00f3. Aix\u00ed mateix, la revista ha inaugurat la nova secci\u00f3 digital <strong>&#8220;The Rambler&#8221;<\/strong>, que recull una selecci\u00f3 d&#8217;articles, estudis i publicacions de totes les ci\u00e8ncies en un nou format.<\/p>\n<p>&#8220;El llan\u00e7ament del nostre nou lloc web marca una nova i emocionant fase en el desenvolupament de la revista. Per\u00f2 aquest redisseny \u00e9s nom\u00e9s el comen\u00e7ament. Avui tornem a la publicaci\u00f3 regular renovada, revitalitzada i m\u00e9s dedicats que mai a publicar els millors assajos i col\u00b7laboracions de tots els camps que componen l&#8217;\u00e0mbit de la revista&#8221;, assenyalava la publicaci\u00f3 el passat 12 de maig, coincidint amb el nomenament de Glashow com a nou editor en cap.<\/p>\n<p>L&#8217;acad\u00e8mic d&#8217;honor de la RAED va ser mereixedor de el premi Nobel de F\u00edsica del 1979 al costat d&#8217;<strong>Steven Weinberg<\/strong> i<strong> Abdus Salam<\/strong> pel desenvolupament de l&#8217;anomenada teoria electrofeble. Aquest mateix any ha vist finalment provada i corroborada per un equip cient\u00edfic una de les anomenades resson\u00e0ncies de Glashow, un fenomen que va predir als anys 60 de segle passat dins del marc del model est\u00e0ndard de part\u00edcules i que fins ara no s&#8217;havia demostrat de manera emp\u00edrica. La comprovaci\u00f3, per a la qual es requeria una velocitat i energia que actualment no es poden aconseguir, ha estat possible gr\u00e0cies a les observacions realitzades al laboratori <strong>IceCube<\/strong> de l&#8217;Ant\u00e0rtida, situat a nom\u00e9s un quil\u00f2metre de el pol sud.<\/p>\n","protected":false},"excerpt":{"rendered":"<p>Sheldon Glashow, premi Nobel de F\u00edsica, designat nou editor en cap de la prestigiosa revista de divulgaci\u00f3 cient\u00edfica &#8220;Inference: International Review of Science&#8221;<\/p>\n","protected":false},"author":12,"featured_media":102970,"comment_status":"closed","ping_status":"closed","sticky":false,"template":"","format":"standard","meta":{"_et_pb_use_builder":"","_et_pb_old_content":"","_et_gb_content_width":"","footnotes":""},"categories":[298,344],"tags":[],"class_list":["post-103019","post","type-post","status-publish","format-standard","has-post-thumbnail","hentry","category-fisica-ca","category-fisica-de-particules","et-has-post-format-content","et_post_format-et-post-format-standard"],"yoast_head":"<!-- This site is optimized with the Yoast SEO plugin v27.4 - https:\/\/yoast.com\/product\/yoast-seo-wordpress\/ -->\n<title>Sheldon Glashow, gran cient\u00edfic i gran divulgador - Reial Acad\u00e8mia Europea de Doctors<\/title>\n<meta name=\"description\" content=\"Sheldon Glashow, premi Nobel de F\u00edsica, designat nou editor en cap de la prestigiosa revista &quot;Inference: International Review of Science&quot;\" \/>\n<meta name=\"robots\" content=\"index, follow, max-snippet:-1, max-image-preview:large, max-video-preview:-1\" \/>\n<link rel=\"canonical\" href=\"https:\/\/raed.academy\/ca\/sheldon-glashow-gran-cientific-i-gran-divulgador\/\" \/>\n<meta property=\"og:locale\" content=\"ca_ES\" \/>\n<meta property=\"og:type\" content=\"article\" \/>\n<meta property=\"og:title\" content=\"Sheldon Glashow, gran cient\u00edfic i gran divulgador - Reial Acad\u00e8mia Europea de Doctors\" \/>\n<meta property=\"og:description\" content=\"Sheldon Glashow, premi Nobel de F\u00edsica, designat nou editor en cap de la prestigiosa revista &quot;Inference: International Review of Science&quot;\" \/>\n<meta property=\"og:url\" content=\"https:\/\/raed.academy\/ca\/sheldon-glashow-gran-cientific-i-gran-divulgador\/\" \/>\n<meta property=\"og:site_name\" content=\"Reial Acad\u00e8mia Europea de Doctors\" \/>\n<meta property=\"article:publisher\" content=\"http:\/\/fb.me\/raed.academy\" \/>\n<meta property=\"article:published_time\" content=\"2021-05-21T08:47:50+00:00\" \/>\n<meta property=\"article:modified_time\" content=\"2021-05-22T15:29:04+00:00\" \/>\n<meta property=\"og:image\" content=\"https:\/\/raed.academy\/wp-content\/uploads\/2021\/05\/revista-inference-dst.jpg\" \/>\n\t<meta property=\"og:image:width\" content=\"400\" \/>\n\t<meta property=\"og:image:height\" content=\"240\" \/>\n\t<meta property=\"og:image:type\" content=\"image\/jpeg\" \/>\n<meta name=\"author\" content=\"RAED\" \/>\n<meta name=\"twitter:card\" content=\"summary_large_image\" \/>\n<meta name=\"twitter:creator\" content=\"@raedacademy\" \/>\n<meta name=\"twitter:site\" content=\"@raedacademy\" \/>\n<meta name=\"twitter:label1\" content=\"Written by\" \/>\n\t<meta name=\"twitter:data1\" content=\"RAED\" \/>\n\t<meta name=\"twitter:label2\" content=\"Est. reading time\" \/>\n\t<meta name=\"twitter:data2\" content=\"3 minutes\" \/>\n<script type=\"application\/ld+json\" class=\"yoast-schema-graph\">{\"@context\":\"https:\\\/\\\/schema.org\",\"@graph\":[{\"@type\":\"Article\",\"@id\":\"https:\\\/\\\/raed.academy\\\/ca\\\/sheldon-glashow-gran-cientific-i-gran-divulgador\\\/#article\",\"isPartOf\":{\"@id\":\"https:\\\/\\\/raed.academy\\\/ca\\\/sheldon-glashow-gran-cientific-i-gran-divulgador\\\/\"},\"author\":{\"name\":\"RAED\",\"@id\":\"https:\\\/\\\/raed.academy\\\/ca\\\/#\\\/schema\\\/person\\\/5a755da80d1d979fd66ba745c8702927\"},\"headline\":\"Sheldon Glashow, gran cient\u00edfic i gran divulgador\",\"datePublished\":\"2021-05-21T08:47:50+00:00\",\"dateModified\":\"2021-05-22T15:29:04+00:00\",\"mainEntityOfPage\":{\"@id\":\"https:\\\/\\\/raed.academy\\\/ca\\\/sheldon-glashow-gran-cientific-i-gran-divulgador\\\/\"},\"wordCount\":674,\"publisher\":{\"@id\":\"https:\\\/\\\/raed.academy\\\/ca\\\/#organization\"},\"image\":{\"@id\":\"https:\\\/\\\/raed.academy\\\/ca\\\/sheldon-glashow-gran-cientific-i-gran-divulgador\\\/#primaryimage\"},\"thumbnailUrl\":\"https:\\\/\\\/raed.academy\\\/wp-content\\\/uploads\\\/2021\\\/05\\\/revista-inference-dst.jpg\",\"articleSection\":[\"F\u00edsica\",\"F\u00edsica de part\u00edcules\"],\"inLanguage\":\"ca-ES\"},{\"@type\":\"WebPage\",\"@id\":\"https:\\\/\\\/raed.academy\\\/ca\\\/sheldon-glashow-gran-cientific-i-gran-divulgador\\\/\",\"url\":\"https:\\\/\\\/raed.academy\\\/ca\\\/sheldon-glashow-gran-cientific-i-gran-divulgador\\\/\",\"name\":\"Sheldon Glashow, gran cient\u00edfic i gran divulgador - Reial Acad\u00e8mia Europea de Doctors\",\"isPartOf\":{\"@id\":\"https:\\\/\\\/raed.academy\\\/ca\\\/#website\"},\"primaryImageOfPage\":{\"@id\":\"https:\\\/\\\/raed.academy\\\/ca\\\/sheldon-glashow-gran-cientific-i-gran-divulgador\\\/#primaryimage\"},\"image\":{\"@id\":\"https:\\\/\\\/raed.academy\\\/ca\\\/sheldon-glashow-gran-cientific-i-gran-divulgador\\\/#primaryimage\"},\"thumbnailUrl\":\"https:\\\/\\\/raed.academy\\\/wp-content\\\/uploads\\\/2021\\\/05\\\/revista-inference-dst.jpg\",\"datePublished\":\"2021-05-21T08:47:50+00:00\",\"dateModified\":\"2021-05-22T15:29:04+00:00\",\"description\":\"Sheldon Glashow, premi Nobel de F\u00edsica, designat nou editor en cap de la prestigiosa revista \\\"Inference: International Review of Science\\\"\",\"breadcrumb\":{\"@id\":\"https:\\\/\\\/raed.academy\\\/ca\\\/sheldon-glashow-gran-cientific-i-gran-divulgador\\\/#breadcrumb\"},\"inLanguage\":\"ca-ES\",\"potentialAction\":[{\"@type\":\"ReadAction\",\"target\":[\"https:\\\/\\\/raed.academy\\\/ca\\\/sheldon-glashow-gran-cientific-i-gran-divulgador\\\/\"]}]},{\"@type\":\"ImageObject\",\"inLanguage\":\"ca-ES\",\"@id\":\"https:\\\/\\\/raed.academy\\\/ca\\\/sheldon-glashow-gran-cientific-i-gran-divulgador\\\/#primaryimage\",\"url\":\"https:\\\/\\\/raed.academy\\\/wp-content\\\/uploads\\\/2021\\\/05\\\/revista-inference-dst.jpg\",\"contentUrl\":\"https:\\\/\\\/raed.academy\\\/wp-content\\\/uploads\\\/2021\\\/05\\\/revista-inference-dst.jpg\",\"width\":400,\"height\":240},{\"@type\":\"BreadcrumbList\",\"@id\":\"https:\\\/\\\/raed.academy\\\/ca\\\/sheldon-glashow-gran-cientific-i-gran-divulgador\\\/#breadcrumb\",\"itemListElement\":[{\"@type\":\"ListItem\",\"position\":1,\"name\":\"Inicio\",\"item\":\"https:\\\/\\\/raed.academy\\\/ca\\\/\"},{\"@type\":\"ListItem\",\"position\":2,\"name\":\"Sheldon Glashow, gran cient\u00edfic i gran divulgador\"}]},{\"@type\":\"WebSite\",\"@id\":\"https:\\\/\\\/raed.academy\\\/ca\\\/#website\",\"url\":\"https:\\\/\\\/raed.academy\\\/ca\\\/\",\"name\":\"Reial Acad\u00e8mia Europea de Doctors\",\"description\":\"Corporaci\u00f3n de derecho p\u00fablico de car\u00e1cter cient\u00edfico, t\u00e9cnico y art\u00edstico, que tiene por objeto la investigaci\u00f3n, el estudio, el fomento y la extensi\u00f3n del conocimiento en su sentido m\u00e1s amplio\",\"publisher\":{\"@id\":\"https:\\\/\\\/raed.academy\\\/ca\\\/#organization\"},\"potentialAction\":[{\"@type\":\"SearchAction\",\"target\":{\"@type\":\"EntryPoint\",\"urlTemplate\":\"https:\\\/\\\/raed.academy\\\/ca\\\/?s={search_term_string}\"},\"query-input\":{\"@type\":\"PropertyValueSpecification\",\"valueRequired\":true,\"valueName\":\"search_term_string\"}}],\"inLanguage\":\"ca-ES\"},{\"@type\":\"Organization\",\"@id\":\"https:\\\/\\\/raed.academy\\\/ca\\\/#organization\",\"name\":\"Real Academia Europea de Doctores\",\"url\":\"https:\\\/\\\/raed.academy\\\/ca\\\/\",\"logo\":{\"@type\":\"ImageObject\",\"inLanguage\":\"ca-ES\",\"@id\":\"https:\\\/\\\/raed.academy\\\/ca\\\/#\\\/schema\\\/logo\\\/image\\\/\",\"url\":\"https:\\\/\\\/raed.academy\\\/wp-content\\\/uploads\\\/2017\\\/01\\\/cropped-logo_raed.png\",\"contentUrl\":\"https:\\\/\\\/raed.academy\\\/wp-content\\\/uploads\\\/2017\\\/01\\\/cropped-logo_raed.png\",\"width\":512,\"height\":512,\"caption\":\"Real Academia Europea de Doctores\"},\"image\":{\"@id\":\"https:\\\/\\\/raed.academy\\\/ca\\\/#\\\/schema\\\/logo\\\/image\\\/\"},\"sameAs\":[\"http:\\\/\\\/fb.me\\\/raed.academy\",\"https:\\\/\\\/x.com\\\/raedacademy\",\"https:\\\/\\\/www.instagram.com\\\/raed.academy\\\/\",\"https:\\\/\\\/www.youtube.com\\\/channel\\\/UCUYQwW2KrdirNWihxMDObwg\"]},{\"@type\":\"Person\",\"@id\":\"https:\\\/\\\/raed.academy\\\/ca\\\/#\\\/schema\\\/person\\\/5a755da80d1d979fd66ba745c8702927\",\"name\":\"RAED\",\"image\":{\"@type\":\"ImageObject\",\"inLanguage\":\"ca-ES\",\"@id\":\"https:\\\/\\\/secure.gravatar.com\\\/avatar\\\/19fdfdc0d67fb9c45714b703a2ac82251c4fcea3637f002ac3c9b74c0183583c?s=96&d=mm&r=g\",\"url\":\"https:\\\/\\\/secure.gravatar.com\\\/avatar\\\/19fdfdc0d67fb9c45714b703a2ac82251c4fcea3637f002ac3c9b74c0183583c?s=96&d=mm&r=g\",\"contentUrl\":\"https:\\\/\\\/secure.gravatar.com\\\/avatar\\\/19fdfdc0d67fb9c45714b703a2ac82251c4fcea3637f002ac3c9b74c0183583c?s=96&d=mm&r=g\",\"caption\":\"RAED\"}}]}<\/script>\n<!-- \/ Yoast SEO plugin. -->","yoast_head_json":{"title":"Sheldon Glashow, gran cient\u00edfic i gran divulgador - Reial Acad\u00e8mia Europea de Doctors","description":"Sheldon Glashow, premi Nobel de F\u00edsica, designat nou editor en cap de la prestigiosa revista \"Inference: International Review of Science\"","robots":{"index":"index","follow":"follow","max-snippet":"max-snippet:-1","max-image-preview":"max-image-preview:large","max-video-preview":"max-video-preview:-1"},"canonical":"https:\/\/raed.academy\/ca\/sheldon-glashow-gran-cientific-i-gran-divulgador\/","og_locale":"ca_ES","og_type":"article","og_title":"Sheldon Glashow, gran cient\u00edfic i gran divulgador - Reial Acad\u00e8mia Europea de Doctors","og_description":"Sheldon Glashow, premi Nobel de F\u00edsica, designat nou editor en cap de la prestigiosa revista \"Inference: International Review of Science\"","og_url":"https:\/\/raed.academy\/ca\/sheldon-glashow-gran-cientific-i-gran-divulgador\/","og_site_name":"Reial Acad\u00e8mia Europea de Doctors","article_publisher":"http:\/\/fb.me\/raed.academy","article_published_time":"2021-05-21T08:47:50+00:00","article_modified_time":"2021-05-22T15:29:04+00:00","og_image":[{"width":400,"height":240,"url":"https:\/\/raed.academy\/wp-content\/uploads\/2021\/05\/revista-inference-dst.jpg","type":"image\/jpeg"}],"author":"RAED","twitter_card":"summary_large_image","twitter_creator":"@raedacademy","twitter_site":"@raedacademy","twitter_misc":{"Written by":"RAED","Est. reading time":"3 minutes"},"schema":{"@context":"https:\/\/schema.org","@graph":[{"@type":"Article","@id":"https:\/\/raed.academy\/ca\/sheldon-glashow-gran-cientific-i-gran-divulgador\/#article","isPartOf":{"@id":"https:\/\/raed.academy\/ca\/sheldon-glashow-gran-cientific-i-gran-divulgador\/"},"author":{"name":"RAED","@id":"https:\/\/raed.academy\/ca\/#\/schema\/person\/5a755da80d1d979fd66ba745c8702927"},"headline":"Sheldon Glashow, gran cient\u00edfic i gran divulgador","datePublished":"2021-05-21T08:47:50+00:00","dateModified":"2021-05-22T15:29:04+00:00","mainEntityOfPage":{"@id":"https:\/\/raed.academy\/ca\/sheldon-glashow-gran-cientific-i-gran-divulgador\/"},"wordCount":674,"publisher":{"@id":"https:\/\/raed.academy\/ca\/#organization"},"image":{"@id":"https:\/\/raed.academy\/ca\/sheldon-glashow-gran-cientific-i-gran-divulgador\/#primaryimage"},"thumbnailUrl":"https:\/\/raed.academy\/wp-content\/uploads\/2021\/05\/revista-inference-dst.jpg","articleSection":["F\u00edsica","F\u00edsica de part\u00edcules"],"inLanguage":"ca-ES"},{"@type":"WebPage","@id":"https:\/\/raed.academy\/ca\/sheldon-glashow-gran-cientific-i-gran-divulgador\/","url":"https:\/\/raed.academy\/ca\/sheldon-glashow-gran-cientific-i-gran-divulgador\/","name":"Sheldon Glashow, gran cient\u00edfic i gran divulgador - Reial Acad\u00e8mia Europea de Doctors","isPartOf":{"@id":"https:\/\/raed.academy\/ca\/#website"},"primaryImageOfPage":{"@id":"https:\/\/raed.academy\/ca\/sheldon-glashow-gran-cientific-i-gran-divulgador\/#primaryimage"},"image":{"@id":"https:\/\/raed.academy\/ca\/sheldon-glashow-gran-cientific-i-gran-divulgador\/#primaryimage"},"thumbnailUrl":"https:\/\/raed.academy\/wp-content\/uploads\/2021\/05\/revista-inference-dst.jpg","datePublished":"2021-05-21T08:47:50+00:00","dateModified":"2021-05-22T15:29:04+00:00","description":"Sheldon Glashow, premi Nobel de F\u00edsica, designat nou editor en cap de la prestigiosa revista \"Inference: International Review of Science\"","breadcrumb":{"@id":"https:\/\/raed.academy\/ca\/sheldon-glashow-gran-cientific-i-gran-divulgador\/#breadcrumb"},"inLanguage":"ca-ES","potentialAction":[{"@type":"ReadAction","target":["https:\/\/raed.academy\/ca\/sheldon-glashow-gran-cientific-i-gran-divulgador\/"]}]},{"@type":"ImageObject","inLanguage":"ca-ES","@id":"https:\/\/raed.academy\/ca\/sheldon-glashow-gran-cientific-i-gran-divulgador\/#primaryimage","url":"https:\/\/raed.academy\/wp-content\/uploads\/2021\/05\/revista-inference-dst.jpg","contentUrl":"https:\/\/raed.academy\/wp-content\/uploads\/2021\/05\/revista-inference-dst.jpg","width":400,"height":240},{"@type":"BreadcrumbList","@id":"https:\/\/raed.academy\/ca\/sheldon-glashow-gran-cientific-i-gran-divulgador\/#breadcrumb","itemListElement":[{"@type":"ListItem","position":1,"name":"Inicio","item":"https:\/\/raed.academy\/ca\/"},{"@type":"ListItem","position":2,"name":"Sheldon Glashow, gran cient\u00edfic i gran divulgador"}]},{"@type":"WebSite","@id":"https:\/\/raed.academy\/ca\/#website","url":"https:\/\/raed.academy\/ca\/","name":"Reial Acad\u00e8mia Europea de Doctors","description":"Corporaci\u00f3n de derecho p\u00fablico de car\u00e1cter cient\u00edfico, t\u00e9cnico y art\u00edstico, que tiene por objeto la investigaci\u00f3n, el estudio, el fomento y la extensi\u00f3n del conocimiento en su sentido m\u00e1s amplio","publisher":{"@id":"https:\/\/raed.academy\/ca\/#organization"},"potentialAction":[{"@type":"SearchAction","target":{"@type":"EntryPoint","urlTemplate":"https:\/\/raed.academy\/ca\/?s={search_term_string}"},"query-input":{"@type":"PropertyValueSpecification","valueRequired":true,"valueName":"search_term_string"}}],"inLanguage":"ca-ES"},{"@type":"Organization","@id":"https:\/\/raed.academy\/ca\/#organization","name":"Real Academia Europea de Doctores","url":"https:\/\/raed.academy\/ca\/","logo":{"@type":"ImageObject","inLanguage":"ca-ES","@id":"https:\/\/raed.academy\/ca\/#\/schema\/logo\/image\/","url":"https:\/\/raed.academy\/wp-content\/uploads\/2017\/01\/cropped-logo_raed.png","contentUrl":"https:\/\/raed.academy\/wp-content\/uploads\/2017\/01\/cropped-logo_raed.png","width":512,"height":512,"caption":"Real Academia Europea de Doctores"},"image":{"@id":"https:\/\/raed.academy\/ca\/#\/schema\/logo\/image\/"},"sameAs":["http:\/\/fb.me\/raed.academy","https:\/\/x.com\/raedacademy","https:\/\/www.instagram.com\/raed.academy\/","https:\/\/www.youtube.com\/channel\/UCUYQwW2KrdirNWihxMDObwg"]},{"@type":"Person","@id":"https:\/\/raed.academy\/ca\/#\/schema\/person\/5a755da80d1d979fd66ba745c8702927","name":"RAED","image":{"@type":"ImageObject","inLanguage":"ca-ES","@id":"https:\/\/secure.gravatar.com\/avatar\/19fdfdc0d67fb9c45714b703a2ac82251c4fcea3637f002ac3c9b74c0183583c?s=96&d=mm&r=g","url":"https:\/\/secure.gravatar.com\/avatar\/19fdfdc0d67fb9c45714b703a2ac82251c4fcea3637f002ac3c9b74c0183583c?s=96&d=mm&r=g","contentUrl":"https:\/\/secure.gravatar.com\/avatar\/19fdfdc0d67fb9c45714b703a2ac82251c4fcea3637f002ac3c9b74c0183583c?s=96&d=mm&r=g","caption":"RAED"}}]}},"_links":{"self":[{"href":"https:\/\/raed.academy\/ca\/wp-json\/wp\/v2\/posts\/103019","targetHints":{"allow":["GET"]}}],"collection":[{"href":"https:\/\/raed.academy\/ca\/wp-json\/wp\/v2\/posts"}],"about":[{"href":"https:\/\/raed.academy\/ca\/wp-json\/wp\/v2\/types\/post"}],"author":[{"embeddable":true,"href":"https:\/\/raed.academy\/ca\/wp-json\/wp\/v2\/users\/12"}],"replies":[{"embeddable":true,"href":"https:\/\/raed.academy\/ca\/wp-json\/wp\/v2\/comments?post=103019"}],"version-history":[{"count":0,"href":"https:\/\/raed.academy\/ca\/wp-json\/wp\/v2\/posts\/103019\/revisions"}],"wp:featuredmedia":[{"embeddable":true,"href":"https:\/\/raed.academy\/ca\/wp-json\/wp\/v2\/media\/102970"}],"wp:attachment":[{"href":"https:\/\/raed.academy\/ca\/wp-json\/wp\/v2\/media?parent=103019"}],"wp:term":[{"taxonomy":"category","embeddable":true,"href":"https:\/\/raed.academy\/ca\/wp-json\/wp\/v2\/categories?post=103019"},{"taxonomy":"post_tag","embeddable":true,"href":"https:\/\/raed.academy\/ca\/wp-json\/wp\/v2\/tags?post=103019"}],"curies":[{"name":"wp","href":"https:\/\/api.w.org\/{rel}","templated":true}]}}