{"id":102316,"date":"2021-04-29T21:37:43","date_gmt":"2021-04-29T21:37:43","guid":{"rendered":"https:\/\/raed.academy\/?p=102316"},"modified":"2021-05-01T11:24:53","modified_gmt":"2021-05-01T11:24:53","slug":"quan-les-mesures-i-els-pesos-eren-una-questio-publica","status":"publish","type":"post","link":"https:\/\/raed.academy\/ca\/quan-les-mesures-i-els-pesos-eren-una-questio-publica\/","title":{"rendered":"Quan les mesures i els pesos eren una q\u00fcesti\u00f3 p\u00fablica"},"content":{"rendered":"<p><a href=\"https:\/\/raed.academy\/ca\/academics\/dr-albert-estrada-rius\/\" target=\"_blank\" rel=\"noopener\"><strong><em>Albert Estrada<\/em><\/strong><\/a><br \/>\n<em>Conservador en cap del Gabinet Numism\u00e0tic de Catalunya, membre de la Junta Directiva de la Societat Iberoamericana d&#8217;Estudis Numism\u00e0tics i acad\u00e8mic corresponent de la Reial Acad\u00e8mia Europea de Doctors-Barcelona 1914 (RAED)<\/em><\/p>\n<div id=\"attachment_36345\" style=\"width: 370px\" class=\"wp-caption alignleft\"><img loading=\"lazy\" decoding=\"async\" aria-describedby=\"caption-attachment-36345\" class=\"wp-image-36345\" src=\"https:\/\/raed.academy\/wp-content\/uploads\/2017\/10\/Albert-Estrada-Rius-1.jpg\" sizes=\"(max-width: 360px) 100vw, 360px\" srcset=\"https:\/\/raed.academy\/wp-content\/uploads\/2017\/10\/Albert-Estrada-Rius-1.jpg 450w, https:\/\/raed.academy\/wp-content\/uploads\/2017\/10\/Albert-Estrada-Rius-1-300x213.jpg 300w, https:\/\/raed.academy\/wp-content\/uploads\/2017\/10\/Albert-Estrada-Rius-1-400x284.jpg 400w\" alt=\"Albert Estrada-Rius: La protecci\u00f3 del patrimoni numism\u00e0tic i arqueol\u00f2gic\" width=\"360\" height=\"256\" aria-describedby=\"caption-attachment-36345\" data-attachment-id=\"36345\" data-permalink=\"https:\/\/raed.academy\/proteccion-patrimonio-numismatico-y-arqueologico\/albert-estrada-rius-2\/\" data-orig-file=\"https:\/\/raed.academy\/wp-content\/uploads\/2017\/10\/Albert-Estrada-Rius-1.jpg\" data-orig-size=\"450,320\" data-comments-opened=\"0\" data-image-meta=\"{&quot;aperture&quot;:&quot;0&quot;,&quot;credit&quot;:&quot;&quot;,&quot;camera&quot;:&quot;&quot;,&quot;caption&quot;:&quot;&quot;,&quot;created_timestamp&quot;:&quot;0&quot;,&quot;copyright&quot;:&quot;&quot;,&quot;focal_length&quot;:&quot;0&quot;,&quot;iso&quot;:&quot;0&quot;,&quot;shutter_speed&quot;:&quot;0&quot;,&quot;title&quot;:&quot;&quot;,&quot;orientation&quot;:&quot;0&quot;}\" data-image-title=\"Albert Estrada-Rius: La protecci\u00f3n del patrimonio numism\u00e1tico y arqueol\u00f3gico\" data-image-description=\"\" data-medium-file=\"https:\/\/raed.academy\/wp-content\/uploads\/2017\/10\/Albert-Estrada-Rius-1-300x213.jpg\" data-large-file=\"https:\/\/raed.academy\/wp-content\/uploads\/2017\/10\/Albert-Estrada-Rius-1.jpg\" \/><p id=\"caption-attachment-36345\" class=\"wp-caption-text\">Dr. Albert Estrada<\/p><\/div>\n<p><strong><a href=\"https:\/\/raed.academy\/ca\/academics\/dr-albert-estrada-rius\/\" target=\"_blank\" rel=\"noopener\"><em>Albert Estrada<\/em><\/a><\/strong>, conservador en cap del <strong>Gabinet Numism\u00e0tic de Catalunya<\/strong>, membre de la<strong> Junta Directiva<\/strong> de la <strong>Societat Iberoamericana d&#8217;Estudis Numism\u00e0tics<\/strong> i acad\u00e8mic corresponent de la <strong>Reial Acad\u00e8mia Europea de Doctors-Barcelona 1914<\/strong> (RAED), coordina el <a href=\"https:\/\/www.museunacional.cat\/es\/actividades\/xxx-seminario-de-historia-monetaria-de-la-corona-de-aragon\" target=\"_blank\" rel=\"noopener\"><strong>XXX Seminari d&#8217;Hist\u00f2ria Monet\u00e0ria de la Corona d&#8217;Arag\u00f3<\/strong><\/a>, que se celebra al <a href=\"https:\/\/www.museunacional.cat\/\" target=\"_blank\" rel=\"noopener\"><strong>Museu Nacional d&#8217;Art de Catalunya<\/strong><\/a> (MNAC) entre el 17 d&#8217;abril i el 6 de maig en quatre completes sessions. Aquesta edici\u00f3 torna a estar organitzada pel <a href=\"https:\/\/www.museunacional.cat\/es\/coleccion\/numism%C3%A1tica\" target=\"_blank\" rel=\"noopener\"><strong>Gabinet Numism\u00e0tic de Catalunya<\/strong><\/a> i porta com a t\u00edtol gen\u00e8ric <strong>&#8220;L&#8217;ordre p\u00fablic metrol\u00f3gic: monedes, balances i pesals&#8221;<\/strong>, i enlla\u00e7a amb l&#8217;exposici\u00f3 <strong>&#8220;Barcelona, \u200b\u200bf\u00e0brica de balances&#8221;<\/strong>, que s&#8217;ha exposat en la <strong>Biblioteca Joaquim Folch i Torres<\/strong> del MNAC amb fons recentment adquirits pel propi museu, tamb\u00e9 coordinada per l&#8217;acad\u00e8mic de la RAED.<\/p>\n<p>El seminari comptar\u00e0 amb la participaci\u00f3 de <strong>Pablo Jos\u00e9 Alcover<\/strong>, investigador de l&#8217;<strong>Observatori de l&#8217;Alimentaci\u00f3<\/strong> de la <strong>Universitat de Barcelona<\/strong>, \u200b\u200bque oferir\u00e0 la confer\u00e8ncia <strong>&#8220;De l&#8217;\u00e0gora al mercat de la Corona d&#8217;Arag\u00f3: serietat comercial per mitj\u00e0 de l&#8217;afinament de pesos i mesures&#8221;<\/strong>; <strong>Montserrat Bajet<\/strong>, professora jubilada de la <strong>Universitat Pompeu Fabra<\/strong>, que dissertar\u00e0 sobre <strong>&#8220;El mostassaf de Barcelona i el bon govern de l\u2019ordre metrol\u00f2gic a la ciutat comtal&#8221;<\/strong>; <strong>Antonio Roma<\/strong>, reconegut expert numism\u00e0tic, que exposar\u00e0 <strong>&#8220;La metrolog\u00eda monetaria en los reinos peninsulares&#8221;<\/strong>, i el propi Albert Estrada, que presentar\u00e0l&#8217;estudi <strong>&#8220;La fabricaci\u00f3 de balances i trabuquets a Barcelona: l\u2019exemple del taller Farriols&#8221;<\/strong>.<\/p>\n<p><img loading=\"lazy\" decoding=\"async\" class=\"alignright size-full wp-image-102286\" src=\"https:\/\/raed.academy\/wp-content\/uploads\/2021\/04\/XXX-Seminario-de-Historia-Monetaria-de-la-Corona-de-Aragon-dst.jpg\" sizes=\"(max-width: 470px) 100vw, 470px\" srcset=\"https:\/\/raed.academy\/wp-content\/uploads\/2021\/04\/XXX-Seminario-de-Historia-Monetaria-de-la-Corona-de-Aragon-dst.jpg 470w, https:\/\/raed.academy\/wp-content\/uploads\/2021\/04\/XXX-Seminario-de-Historia-Monetaria-de-la-Corona-de-Aragon-dst-440x264.jpg 440w\" alt=\"\" width=\"470\" height=\"282\" data-attachment-id=\"102286\" data-permalink=\"https:\/\/raed.academy\/xxx-seminario-de-historia-monetaria-de-la-corona-de-aragon\/xxx-seminario-de-historia-monetaria-de-la-corona-de-aragon-dst\/\" data-orig-file=\"https:\/\/raed.academy\/wp-content\/uploads\/2021\/04\/XXX-Seminario-de-Historia-Monetaria-de-la-Corona-de-Aragon-dst.jpg\" data-orig-size=\"470,282\" data-comments-opened=\"0\" data-image-meta=\"{&quot;aperture&quot;:&quot;0&quot;,&quot;credit&quot;:&quot;&quot;,&quot;camera&quot;:&quot;&quot;,&quot;caption&quot;:&quot;&quot;,&quot;created_timestamp&quot;:&quot;0&quot;,&quot;copyright&quot;:&quot;&quot;,&quot;focal_length&quot;:&quot;0&quot;,&quot;iso&quot;:&quot;0&quot;,&quot;shutter_speed&quot;:&quot;0&quot;,&quot;title&quot;:&quot;&quot;,&quot;orientation&quot;:&quot;0&quot;}\" data-image-title=\"XXX Seminario de Historia Monetaria de la Corona de Arag\u00f3n-dst\" data-image-description=\"\" data-medium-file=\"https:\/\/raed.academy\/wp-content\/uploads\/2021\/04\/XXX-Seminario-de-Historia-Monetaria-de-la-Corona-de-Aragon-dst.jpg\" data-large-file=\"https:\/\/raed.academy\/wp-content\/uploads\/2021\/04\/XXX-Seminario-de-Historia-Monetaria-de-la-Corona-de-Aragon-dst.jpg\" \/>A les primeres dues sessions que completen la primera part de el seminari es posar\u00e0 en relleu el paper de les autoritats p\u00fabliques com a garants i supervisors de l&#8217;ordre p\u00fablic metrol\u00f2gic. L&#8217;oficial principal encarregat d&#8217;aquest treball era el mostass\u00e0, que havia de comprovar la fidelitat dels instruments de mesura per evitar fraus. S&#8217;incidir\u00e0 en el context de pluralitat de pesos i mesures en el mercat. En la segona, es presentar\u00e0 una visi\u00f3 de conjunt de les bases de la metrologia monet\u00e0ria peninsular medieval. Finalment, el seminari es tancar\u00e0 amb una aproximaci\u00f3 al taller Farriols, una de les cases de fabricaci\u00f3 de balances i ponderals monet\u00e0ries m\u00e9s antigues de Barcelona. La recent donaci\u00f3 per part de les germanes <strong>N\u00faria<\/strong> i <strong>Eul\u00e0lia Tarradell<\/strong> al MNAC de peces i documents in\u00e8dits d&#8217;aquest taller ha ofert l&#8217;ocasi\u00f3 de donar a con\u00e8ixer al p\u00fablic aquest fons patrimonial tan singular.<\/p>\n<p>&#8220;El control del pes de les monedes encunyades en metalls preciosos ha estat una constant al llarg de la hist\u00f2ria. El retall de la moneda estava prohibit i es perseguia justament perqu\u00e8 alterava el pes legal del numerari. Per facilitar les tasques de control es van utilitzar diversos tipus de balances i de ponderals tant d\u2019\u00fas intern a les cases de moneda i a les institucions banc\u00e0ries com en mans particulars en fires, mercats i \u00e0mbits dom\u00e8stics&#8221;, s&#8217;assenyala en la presentaci\u00f3 d&#8217;aquesta ja trentena edici\u00f3 de seminari.<\/p>\n","protected":false},"excerpt":{"rendered":"<p>Albert Estrada coordina el XXX Seminari d&#8217;Hist\u00f2ria Monet\u00e0ria de la Corona d&#8217;Arag\u00f3, que se celebra al Museu Nacional d&#8217;Art de Catalunya (MNAC) entre el 17 d&#8217;abril i el 6 de maig en quatre sessions<\/p>\n","protected":false},"author":12,"featured_media":102287,"comment_status":"closed","ping_status":"closed","sticky":false,"template":"","format":"standard","meta":{"_et_pb_use_builder":"","_et_pb_old_content":"","_et_gb_content_width":"","footnotes":""},"categories":[242,357],"tags":[],"class_list":["post-102316","post","type-post","status-publish","format-standard","has-post-thumbnail","hentry","category-categ-historia","category-numismatica-ca","et-has-post-format-content","et_post_format-et-post-format-standard"],"yoast_head":"<!-- This site is optimized with the Yoast SEO plugin v27.5 - https:\/\/yoast.com\/product\/yoast-seo-wordpress\/ -->\n<title>Quan les mesures i els pesos eren una q\u00fcesti\u00f3 p\u00fablica - Reial Acad\u00e8mia Europea de Doctors<\/title>\n<meta name=\"description\" content=\"Albert Estrada coordina el XXX Seminari d&#039;Hist\u00f2ria Monet\u00e0ria de la Corona d&#039;Arag\u00f3, al Museu Nacional d&#039;Art de Catalunya. 17\/abril - 6\/maig\" \/>\n<meta name=\"robots\" content=\"index, follow, max-snippet:-1, max-image-preview:large, max-video-preview:-1\" \/>\n<link rel=\"canonical\" href=\"https:\/\/raed.academy\/ca\/quan-les-mesures-i-els-pesos-eren-una-questio-publica\/\" \/>\n<meta property=\"og:locale\" content=\"ca_ES\" \/>\n<meta property=\"og:type\" content=\"article\" \/>\n<meta property=\"og:title\" content=\"Quan les mesures i els pesos eren una q\u00fcesti\u00f3 p\u00fablica - Reial Acad\u00e8mia Europea de Doctors\" \/>\n<meta property=\"og:description\" content=\"Albert Estrada coordina el XXX Seminari d&#039;Hist\u00f2ria Monet\u00e0ria de la Corona d&#039;Arag\u00f3, al Museu Nacional d&#039;Art de Catalunya. 17\/abril - 6\/maig\" \/>\n<meta property=\"og:url\" content=\"https:\/\/raed.academy\/ca\/quan-les-mesures-i-els-pesos-eren-una-questio-publica\/\" \/>\n<meta property=\"og:site_name\" content=\"Reial Acad\u00e8mia Europea de Doctors\" \/>\n<meta property=\"article:publisher\" content=\"http:\/\/fb.me\/raed.academy\" \/>\n<meta property=\"article:published_time\" content=\"2021-04-29T21:37:43+00:00\" \/>\n<meta property=\"article:modified_time\" content=\"2021-05-01T11:24:53+00:00\" \/>\n<meta property=\"og:image\" content=\"https:\/\/raed.academy\/wp-content\/uploads\/2021\/04\/XXX-Seminario-de-Historia-Monetaria-de-la-Corona-de-Aragon-dst.jpg\" \/>\n\t<meta property=\"og:image:width\" content=\"470\" \/>\n\t<meta property=\"og:image:height\" content=\"282\" \/>\n\t<meta property=\"og:image:type\" content=\"image\/jpeg\" \/>\n<meta name=\"author\" content=\"RAED\" \/>\n<meta name=\"twitter:card\" content=\"summary_large_image\" \/>\n<meta name=\"twitter:creator\" content=\"@raedacademy\" \/>\n<meta name=\"twitter:site\" content=\"@raedacademy\" \/>\n<meta name=\"twitter:label1\" content=\"Written by\" \/>\n\t<meta name=\"twitter:data1\" content=\"RAED\" \/>\n\t<meta name=\"twitter:label2\" content=\"Est. reading time\" \/>\n\t<meta name=\"twitter:data2\" content=\"3 minutes\" \/>\n<script type=\"application\/ld+json\" class=\"yoast-schema-graph\">{\"@context\":\"https:\\\/\\\/schema.org\",\"@graph\":[{\"@type\":\"Article\",\"@id\":\"https:\\\/\\\/raed.academy\\\/ca\\\/quan-les-mesures-i-els-pesos-eren-una-questio-publica\\\/#article\",\"isPartOf\":{\"@id\":\"https:\\\/\\\/raed.academy\\\/ca\\\/quan-les-mesures-i-els-pesos-eren-una-questio-publica\\\/\"},\"author\":{\"name\":\"RAED\",\"@id\":\"https:\\\/\\\/raed.academy\\\/ca\\\/#\\\/schema\\\/person\\\/5a755da80d1d979fd66ba745c8702927\"},\"headline\":\"Quan les mesures i els pesos eren una q\u00fcesti\u00f3 p\u00fablica\",\"datePublished\":\"2021-04-29T21:37:43+00:00\",\"dateModified\":\"2021-05-01T11:24:53+00:00\",\"mainEntityOfPage\":{\"@id\":\"https:\\\/\\\/raed.academy\\\/ca\\\/quan-les-mesures-i-els-pesos-eren-una-questio-publica\\\/\"},\"wordCount\":573,\"publisher\":{\"@id\":\"https:\\\/\\\/raed.academy\\\/ca\\\/#organization\"},\"image\":{\"@id\":\"https:\\\/\\\/raed.academy\\\/ca\\\/quan-les-mesures-i-els-pesos-eren-una-questio-publica\\\/#primaryimage\"},\"thumbnailUrl\":\"https:\\\/\\\/raed.academy\\\/wp-content\\\/uploads\\\/2021\\\/04\\\/XXX-Seminario-de-Historia-Monetaria-de-la-Corona-de-Aragon-dst.jpg\",\"articleSection\":[\"Hist\u00f2ria\",\"Numism\u00e0tica\"],\"inLanguage\":\"ca-ES\"},{\"@type\":\"WebPage\",\"@id\":\"https:\\\/\\\/raed.academy\\\/ca\\\/quan-les-mesures-i-els-pesos-eren-una-questio-publica\\\/\",\"url\":\"https:\\\/\\\/raed.academy\\\/ca\\\/quan-les-mesures-i-els-pesos-eren-una-questio-publica\\\/\",\"name\":\"Quan les mesures i els pesos eren una q\u00fcesti\u00f3 p\u00fablica - Reial Acad\u00e8mia Europea de Doctors\",\"isPartOf\":{\"@id\":\"https:\\\/\\\/raed.academy\\\/ca\\\/#website\"},\"primaryImageOfPage\":{\"@id\":\"https:\\\/\\\/raed.academy\\\/ca\\\/quan-les-mesures-i-els-pesos-eren-una-questio-publica\\\/#primaryimage\"},\"image\":{\"@id\":\"https:\\\/\\\/raed.academy\\\/ca\\\/quan-les-mesures-i-els-pesos-eren-una-questio-publica\\\/#primaryimage\"},\"thumbnailUrl\":\"https:\\\/\\\/raed.academy\\\/wp-content\\\/uploads\\\/2021\\\/04\\\/XXX-Seminario-de-Historia-Monetaria-de-la-Corona-de-Aragon-dst.jpg\",\"datePublished\":\"2021-04-29T21:37:43+00:00\",\"dateModified\":\"2021-05-01T11:24:53+00:00\",\"description\":\"Albert Estrada coordina el XXX Seminari d'Hist\u00f2ria Monet\u00e0ria de la Corona d'Arag\u00f3, al Museu Nacional d'Art de Catalunya. 17\\\/abril - 6\\\/maig\",\"breadcrumb\":{\"@id\":\"https:\\\/\\\/raed.academy\\\/ca\\\/quan-les-mesures-i-els-pesos-eren-una-questio-publica\\\/#breadcrumb\"},\"inLanguage\":\"ca-ES\",\"potentialAction\":[{\"@type\":\"ReadAction\",\"target\":[\"https:\\\/\\\/raed.academy\\\/ca\\\/quan-les-mesures-i-els-pesos-eren-una-questio-publica\\\/\"]}]},{\"@type\":\"ImageObject\",\"inLanguage\":\"ca-ES\",\"@id\":\"https:\\\/\\\/raed.academy\\\/ca\\\/quan-les-mesures-i-els-pesos-eren-una-questio-publica\\\/#primaryimage\",\"url\":\"https:\\\/\\\/raed.academy\\\/wp-content\\\/uploads\\\/2021\\\/04\\\/XXX-Seminario-de-Historia-Monetaria-de-la-Corona-de-Aragon-dst.jpg\",\"contentUrl\":\"https:\\\/\\\/raed.academy\\\/wp-content\\\/uploads\\\/2021\\\/04\\\/XXX-Seminario-de-Historia-Monetaria-de-la-Corona-de-Aragon-dst.jpg\",\"width\":470,\"height\":282},{\"@type\":\"BreadcrumbList\",\"@id\":\"https:\\\/\\\/raed.academy\\\/ca\\\/quan-les-mesures-i-els-pesos-eren-una-questio-publica\\\/#breadcrumb\",\"itemListElement\":[{\"@type\":\"ListItem\",\"position\":1,\"name\":\"Inicio\",\"item\":\"https:\\\/\\\/raed.academy\\\/ca\\\/\"},{\"@type\":\"ListItem\",\"position\":2,\"name\":\"Quan les mesures i els pesos eren una q\u00fcesti\u00f3 p\u00fablica\"}]},{\"@type\":\"WebSite\",\"@id\":\"https:\\\/\\\/raed.academy\\\/ca\\\/#website\",\"url\":\"https:\\\/\\\/raed.academy\\\/ca\\\/\",\"name\":\"Reial Acad\u00e8mia Europea de Doctors\",\"description\":\"Corporaci\u00f3n de derecho p\u00fablico de car\u00e1cter cient\u00edfico, t\u00e9cnico y art\u00edstico, que tiene por objeto la investigaci\u00f3n, el estudio, el fomento y la extensi\u00f3n del conocimiento en su sentido m\u00e1s amplio\",\"publisher\":{\"@id\":\"https:\\\/\\\/raed.academy\\\/ca\\\/#organization\"},\"potentialAction\":[{\"@type\":\"SearchAction\",\"target\":{\"@type\":\"EntryPoint\",\"urlTemplate\":\"https:\\\/\\\/raed.academy\\\/ca\\\/?s={search_term_string}\"},\"query-input\":{\"@type\":\"PropertyValueSpecification\",\"valueRequired\":true,\"valueName\":\"search_term_string\"}}],\"inLanguage\":\"ca-ES\"},{\"@type\":\"Organization\",\"@id\":\"https:\\\/\\\/raed.academy\\\/ca\\\/#organization\",\"name\":\"Real Academia Europea de Doctores\",\"url\":\"https:\\\/\\\/raed.academy\\\/ca\\\/\",\"logo\":{\"@type\":\"ImageObject\",\"inLanguage\":\"ca-ES\",\"@id\":\"https:\\\/\\\/raed.academy\\\/ca\\\/#\\\/schema\\\/logo\\\/image\\\/\",\"url\":\"https:\\\/\\\/raed.academy\\\/wp-content\\\/uploads\\\/2017\\\/01\\\/cropped-logo_raed.png\",\"contentUrl\":\"https:\\\/\\\/raed.academy\\\/wp-content\\\/uploads\\\/2017\\\/01\\\/cropped-logo_raed.png\",\"width\":512,\"height\":512,\"caption\":\"Real Academia Europea de Doctores\"},\"image\":{\"@id\":\"https:\\\/\\\/raed.academy\\\/ca\\\/#\\\/schema\\\/logo\\\/image\\\/\"},\"sameAs\":[\"http:\\\/\\\/fb.me\\\/raed.academy\",\"https:\\\/\\\/x.com\\\/raedacademy\",\"https:\\\/\\\/www.instagram.com\\\/raed.academy\\\/\",\"https:\\\/\\\/www.youtube.com\\\/channel\\\/UCUYQwW2KrdirNWihxMDObwg\"]},{\"@type\":\"Person\",\"@id\":\"https:\\\/\\\/raed.academy\\\/ca\\\/#\\\/schema\\\/person\\\/5a755da80d1d979fd66ba745c8702927\",\"name\":\"RAED\",\"image\":{\"@type\":\"ImageObject\",\"inLanguage\":\"ca-ES\",\"@id\":\"https:\\\/\\\/secure.gravatar.com\\\/avatar\\\/19fdfdc0d67fb9c45714b703a2ac82251c4fcea3637f002ac3c9b74c0183583c?s=96&d=mm&r=g\",\"url\":\"https:\\\/\\\/secure.gravatar.com\\\/avatar\\\/19fdfdc0d67fb9c45714b703a2ac82251c4fcea3637f002ac3c9b74c0183583c?s=96&d=mm&r=g\",\"contentUrl\":\"https:\\\/\\\/secure.gravatar.com\\\/avatar\\\/19fdfdc0d67fb9c45714b703a2ac82251c4fcea3637f002ac3c9b74c0183583c?s=96&d=mm&r=g\",\"caption\":\"RAED\"}}]}<\/script>\n<!-- \/ Yoast SEO plugin. -->","yoast_head_json":{"title":"Quan les mesures i els pesos eren una q\u00fcesti\u00f3 p\u00fablica - Reial Acad\u00e8mia Europea de Doctors","description":"Albert Estrada coordina el XXX Seminari d'Hist\u00f2ria Monet\u00e0ria de la Corona d'Arag\u00f3, al Museu Nacional d'Art de Catalunya. 17\/abril - 6\/maig","robots":{"index":"index","follow":"follow","max-snippet":"max-snippet:-1","max-image-preview":"max-image-preview:large","max-video-preview":"max-video-preview:-1"},"canonical":"https:\/\/raed.academy\/ca\/quan-les-mesures-i-els-pesos-eren-una-questio-publica\/","og_locale":"ca_ES","og_type":"article","og_title":"Quan les mesures i els pesos eren una q\u00fcesti\u00f3 p\u00fablica - Reial Acad\u00e8mia Europea de Doctors","og_description":"Albert Estrada coordina el XXX Seminari d'Hist\u00f2ria Monet\u00e0ria de la Corona d'Arag\u00f3, al Museu Nacional d'Art de Catalunya. 17\/abril - 6\/maig","og_url":"https:\/\/raed.academy\/ca\/quan-les-mesures-i-els-pesos-eren-una-questio-publica\/","og_site_name":"Reial Acad\u00e8mia Europea de Doctors","article_publisher":"http:\/\/fb.me\/raed.academy","article_published_time":"2021-04-29T21:37:43+00:00","article_modified_time":"2021-05-01T11:24:53+00:00","og_image":[{"width":470,"height":282,"url":"https:\/\/raed.academy\/wp-content\/uploads\/2021\/04\/XXX-Seminario-de-Historia-Monetaria-de-la-Corona-de-Aragon-dst.jpg","type":"image\/jpeg"}],"author":"RAED","twitter_card":"summary_large_image","twitter_creator":"@raedacademy","twitter_site":"@raedacademy","twitter_misc":{"Written by":"RAED","Est. reading time":"3 minutes"},"schema":{"@context":"https:\/\/schema.org","@graph":[{"@type":"Article","@id":"https:\/\/raed.academy\/ca\/quan-les-mesures-i-els-pesos-eren-una-questio-publica\/#article","isPartOf":{"@id":"https:\/\/raed.academy\/ca\/quan-les-mesures-i-els-pesos-eren-una-questio-publica\/"},"author":{"name":"RAED","@id":"https:\/\/raed.academy\/ca\/#\/schema\/person\/5a755da80d1d979fd66ba745c8702927"},"headline":"Quan les mesures i els pesos eren una q\u00fcesti\u00f3 p\u00fablica","datePublished":"2021-04-29T21:37:43+00:00","dateModified":"2021-05-01T11:24:53+00:00","mainEntityOfPage":{"@id":"https:\/\/raed.academy\/ca\/quan-les-mesures-i-els-pesos-eren-una-questio-publica\/"},"wordCount":573,"publisher":{"@id":"https:\/\/raed.academy\/ca\/#organization"},"image":{"@id":"https:\/\/raed.academy\/ca\/quan-les-mesures-i-els-pesos-eren-una-questio-publica\/#primaryimage"},"thumbnailUrl":"https:\/\/raed.academy\/wp-content\/uploads\/2021\/04\/XXX-Seminario-de-Historia-Monetaria-de-la-Corona-de-Aragon-dst.jpg","articleSection":["Hist\u00f2ria","Numism\u00e0tica"],"inLanguage":"ca-ES"},{"@type":"WebPage","@id":"https:\/\/raed.academy\/ca\/quan-les-mesures-i-els-pesos-eren-una-questio-publica\/","url":"https:\/\/raed.academy\/ca\/quan-les-mesures-i-els-pesos-eren-una-questio-publica\/","name":"Quan les mesures i els pesos eren una q\u00fcesti\u00f3 p\u00fablica - Reial Acad\u00e8mia Europea de Doctors","isPartOf":{"@id":"https:\/\/raed.academy\/ca\/#website"},"primaryImageOfPage":{"@id":"https:\/\/raed.academy\/ca\/quan-les-mesures-i-els-pesos-eren-una-questio-publica\/#primaryimage"},"image":{"@id":"https:\/\/raed.academy\/ca\/quan-les-mesures-i-els-pesos-eren-una-questio-publica\/#primaryimage"},"thumbnailUrl":"https:\/\/raed.academy\/wp-content\/uploads\/2021\/04\/XXX-Seminario-de-Historia-Monetaria-de-la-Corona-de-Aragon-dst.jpg","datePublished":"2021-04-29T21:37:43+00:00","dateModified":"2021-05-01T11:24:53+00:00","description":"Albert Estrada coordina el XXX Seminari d'Hist\u00f2ria Monet\u00e0ria de la Corona d'Arag\u00f3, al Museu Nacional d'Art de Catalunya. 17\/abril - 6\/maig","breadcrumb":{"@id":"https:\/\/raed.academy\/ca\/quan-les-mesures-i-els-pesos-eren-una-questio-publica\/#breadcrumb"},"inLanguage":"ca-ES","potentialAction":[{"@type":"ReadAction","target":["https:\/\/raed.academy\/ca\/quan-les-mesures-i-els-pesos-eren-una-questio-publica\/"]}]},{"@type":"ImageObject","inLanguage":"ca-ES","@id":"https:\/\/raed.academy\/ca\/quan-les-mesures-i-els-pesos-eren-una-questio-publica\/#primaryimage","url":"https:\/\/raed.academy\/wp-content\/uploads\/2021\/04\/XXX-Seminario-de-Historia-Monetaria-de-la-Corona-de-Aragon-dst.jpg","contentUrl":"https:\/\/raed.academy\/wp-content\/uploads\/2021\/04\/XXX-Seminario-de-Historia-Monetaria-de-la-Corona-de-Aragon-dst.jpg","width":470,"height":282},{"@type":"BreadcrumbList","@id":"https:\/\/raed.academy\/ca\/quan-les-mesures-i-els-pesos-eren-una-questio-publica\/#breadcrumb","itemListElement":[{"@type":"ListItem","position":1,"name":"Inicio","item":"https:\/\/raed.academy\/ca\/"},{"@type":"ListItem","position":2,"name":"Quan les mesures i els pesos eren una q\u00fcesti\u00f3 p\u00fablica"}]},{"@type":"WebSite","@id":"https:\/\/raed.academy\/ca\/#website","url":"https:\/\/raed.academy\/ca\/","name":"Reial Acad\u00e8mia Europea de Doctors","description":"Corporaci\u00f3n de derecho p\u00fablico de car\u00e1cter cient\u00edfico, t\u00e9cnico y art\u00edstico, que tiene por objeto la investigaci\u00f3n, el estudio, el fomento y la extensi\u00f3n del conocimiento en su sentido m\u00e1s amplio","publisher":{"@id":"https:\/\/raed.academy\/ca\/#organization"},"potentialAction":[{"@type":"SearchAction","target":{"@type":"EntryPoint","urlTemplate":"https:\/\/raed.academy\/ca\/?s={search_term_string}"},"query-input":{"@type":"PropertyValueSpecification","valueRequired":true,"valueName":"search_term_string"}}],"inLanguage":"ca-ES"},{"@type":"Organization","@id":"https:\/\/raed.academy\/ca\/#organization","name":"Real Academia Europea de Doctores","url":"https:\/\/raed.academy\/ca\/","logo":{"@type":"ImageObject","inLanguage":"ca-ES","@id":"https:\/\/raed.academy\/ca\/#\/schema\/logo\/image\/","url":"https:\/\/raed.academy\/wp-content\/uploads\/2017\/01\/cropped-logo_raed.png","contentUrl":"https:\/\/raed.academy\/wp-content\/uploads\/2017\/01\/cropped-logo_raed.png","width":512,"height":512,"caption":"Real Academia Europea de Doctores"},"image":{"@id":"https:\/\/raed.academy\/ca\/#\/schema\/logo\/image\/"},"sameAs":["http:\/\/fb.me\/raed.academy","https:\/\/x.com\/raedacademy","https:\/\/www.instagram.com\/raed.academy\/","https:\/\/www.youtube.com\/channel\/UCUYQwW2KrdirNWihxMDObwg"]},{"@type":"Person","@id":"https:\/\/raed.academy\/ca\/#\/schema\/person\/5a755da80d1d979fd66ba745c8702927","name":"RAED","image":{"@type":"ImageObject","inLanguage":"ca-ES","@id":"https:\/\/secure.gravatar.com\/avatar\/19fdfdc0d67fb9c45714b703a2ac82251c4fcea3637f002ac3c9b74c0183583c?s=96&d=mm&r=g","url":"https:\/\/secure.gravatar.com\/avatar\/19fdfdc0d67fb9c45714b703a2ac82251c4fcea3637f002ac3c9b74c0183583c?s=96&d=mm&r=g","contentUrl":"https:\/\/secure.gravatar.com\/avatar\/19fdfdc0d67fb9c45714b703a2ac82251c4fcea3637f002ac3c9b74c0183583c?s=96&d=mm&r=g","caption":"RAED"}}]}},"_links":{"self":[{"href":"https:\/\/raed.academy\/ca\/wp-json\/wp\/v2\/posts\/102316","targetHints":{"allow":["GET"]}}],"collection":[{"href":"https:\/\/raed.academy\/ca\/wp-json\/wp\/v2\/posts"}],"about":[{"href":"https:\/\/raed.academy\/ca\/wp-json\/wp\/v2\/types\/post"}],"author":[{"embeddable":true,"href":"https:\/\/raed.academy\/ca\/wp-json\/wp\/v2\/users\/12"}],"replies":[{"embeddable":true,"href":"https:\/\/raed.academy\/ca\/wp-json\/wp\/v2\/comments?post=102316"}],"version-history":[{"count":0,"href":"https:\/\/raed.academy\/ca\/wp-json\/wp\/v2\/posts\/102316\/revisions"}],"wp:featuredmedia":[{"embeddable":true,"href":"https:\/\/raed.academy\/ca\/wp-json\/wp\/v2\/media\/102287"}],"wp:attachment":[{"href":"https:\/\/raed.academy\/ca\/wp-json\/wp\/v2\/media?parent=102316"}],"wp:term":[{"taxonomy":"category","embeddable":true,"href":"https:\/\/raed.academy\/ca\/wp-json\/wp\/v2\/categories?post=102316"},{"taxonomy":"post_tag","embeddable":true,"href":"https:\/\/raed.academy\/ca\/wp-json\/wp\/v2\/tags?post=102316"}],"curies":[{"name":"wp","href":"https:\/\/api.w.org\/{rel}","templated":true}]}}